{"id":20099,"date":"2023-05-09T09:36:59","date_gmt":"2023-05-09T07:36:59","guid":{"rendered":"https:\/\/www.organisator.ch\/?p=20099"},"modified":"2023-05-09T09:36:59","modified_gmt":"2023-05-09T07:36:59","slug":"e-mobilitaet-schweiz-ist-gut-vorbereitet","status":"publish","type":"post","link":"https:\/\/www.organisator.ch\/en\/sustainability\/2023-05-09\/e-mobilitaet-schweiz-ist-gut-vorbereitet\/","title":{"rendered":"E-mobility: Switzerland is well prepared"},"content":{"rendered":"<figure id=\"attachment_20100\" aria-describedby=\"caption-attachment-20100\" style=\"width: 680px\" class=\"wp-caption alignnone\"><img loading=\"lazy\" decoding=\"async\" class=\"size-full wp-image-20100\" src=\"https:\/\/www.organisator.ch\/wp-content\/uploads\/2023\/05\/E-Mobilitaet-Schweiz-ist-gut-vorbereitet-1_Organisator.jpg\" alt=\"\" width=\"680\" height=\"481\" srcset=\"https:\/\/www.organisator.ch\/wp-content\/uploads\/2023\/05\/E-Mobilitaet-Schweiz-ist-gut-vorbereitet-1_Organisator.jpg 680w, https:\/\/www.organisator.ch\/wp-content\/uploads\/2023\/05\/E-Mobilitaet-Schweiz-ist-gut-vorbereitet-1_Organisator-18x12.jpg 18w, https:\/\/www.organisator.ch\/wp-content\/uploads\/2023\/05\/E-Mobilitaet-Schweiz-ist-gut-vorbereitet-1_Organisator-375x265.jpg 375w, https:\/\/www.organisator.ch\/wp-content\/uploads\/2023\/05\/E-Mobilitaet-Schweiz-ist-gut-vorbereitet-1_Organisator-495x350.jpg 495w\" sizes=\"auto, (max-width: 680px) 100vw, 680px\" \/><figcaption id=\"caption-attachment-20100\" class=\"wp-caption-text\">Among European countries, Switzerland even ranks among the top 15 in terms of market maturity. (Graphic: LeasePlan)<\/figcaption><\/figure>\n<p>The car-as-a-service provider LeasePlan regularly examines the development status of e-mobility in Europe. Our country can also rely on Europe as a driver. This is one of the main conclusions from LeasePlan's EV Readiness Index 2023, which comprehensively analyzes how the 22 European countries are prepared for the electric revolution in mobility. The index is based on three factors: the maturity of the EV market, the maturity of the EV infrastructure, and the total cost of ownership (TCO) of an EV in each country.<\/p>\n<p>\"Switzerland is ready for an electric future. Demand for electric vehicles is consistently high in this country. Among European countries, we even rank among the top 15 in terms of market maturity. Only in terms of infrastructure and total cost of ownership do we still have a lot of catching up to do. The Scandinavian countries show that demand can be further strengthened if there is uniform, state support. Therefore, stronger political measures are needed at the federal level,\" says Niklas Zetterlund, assessing Switzerland in the current EV Readiness Index 2023. In terms of the maturity of the EV market, Switzerland was even able to make up one place compared to.<\/p>\n<figure id=\"attachment_20101\" aria-describedby=\"caption-attachment-20101\" style=\"width: 680px\" class=\"wp-caption alignnone\"><img loading=\"lazy\" decoding=\"async\" class=\"size-full wp-image-20101\" src=\"https:\/\/www.organisator.ch\/wp-content\/uploads\/2023\/05\/E-Mobilitaet-Schweiz-ist-gut-vorbereitet-2_Organisator.jpg\" alt=\"\" width=\"680\" height=\"453\" srcset=\"https:\/\/www.organisator.ch\/wp-content\/uploads\/2023\/05\/E-Mobilitaet-Schweiz-ist-gut-vorbereitet-2_Organisator.jpg 680w, https:\/\/www.organisator.ch\/wp-content\/uploads\/2023\/05\/E-Mobilitaet-Schweiz-ist-gut-vorbereitet-2_Organisator-18x12.jpg 18w, https:\/\/www.organisator.ch\/wp-content\/uploads\/2023\/05\/E-Mobilitaet-Schweiz-ist-gut-vorbereitet-2_Organisator-375x250.jpg 375w, https:\/\/www.organisator.ch\/wp-content\/uploads\/2023\/05\/E-Mobilitaet-Schweiz-ist-gut-vorbereitet-2_Organisator-525x350.jpg 525w\" sizes=\"auto, (max-width: 680px) 100vw, 680px\" \/><figcaption id=\"caption-attachment-20101\" class=\"wp-caption-text\">\"Switzerland is ready for an electric future\" - Niklas Zetterlund, Managing Director LeasePlan Switzerland. (Image: LeasePlan)<\/figcaption><\/figure>\n<p>Key findings from the 2023 Index show an increase of 12 % (72 points overall) in EV readiness across the countries surveyed, highlighting an overall improvement in EV maturity across Europe. Overall, e-mobility market maturity increased by 19 % (42 points) across Europe, reflecting an overall improvement in EV penetration across European countries. There were also significant improvements in charging infrastructure. Here, the index increased by 43 percent (45 points) across Europe. However, local and national governments, as well as the EU government, will need to invest further in charging infrastructure in the future to ensure it can keep pace with the sharp increase in demand, the study found.<\/p>\n<p>Although EVs are cheaper than a comparable vehicle with an internal combustion engine in most countries, the TCO maturity of EVs was slightly down (6 % or 14 points). This was mainly due to rising energy prices in 2022. And, Switzerland, together with Romania, shows the highest increase in EV maturity - compared to 2022. In general, runtime has increased or remained the same in all countries except Italy.<\/p>\n<p><em>Source: <a href=\"https:\/\/www.leaseplan.com\/de-ch\/\">LeasePlan<\/a><\/em><\/p>","protected":false},"excerpt":{"rendered":"<p>Europe is better prepared than ever for the shift to e-mobility and electric vehicles (EVs). In terms of EV maturity, huge improvements are evident across the continent.  <\/p>","protected":false},"author":4,"featured_media":20101,"comment_status":"closed","ping_status":"closed","sticky":false,"template":"","format":"standard","meta":{"_acf_changed":false,"_yoast_wpseo_focuskw":"E-Mobilit\u00e4t","_yoast_wpseo_metadesc":"Europa ist besser denn je auf den Wechsel hin zur E-Mobilit\u00e4t und Elektrofahrzeugen (EV) vorbereitet. Die Schweiz h\u00e4lt gut mit.","articlekey":"","footnotes":""},"categories":[580],"tags":[1006,358,459],"class_list":["post-20099","post","type-post","status-publish","format-standard","has-post-thumbnail","hentry","category-sustainability","tag-e-mobilitaet","tag-nachhaltige-wirtschaft","tag-studie"],"acf":[],"yoast_head":"<!-- This site is optimized with the Yoast SEO plugin v27.5 - https:\/\/yoast.com\/product\/yoast-seo-wordpress\/ -->\n<title>E-Mobilit\u00e4t: Schweiz ist gut vorbereitet - Organisator<\/title>\n<meta name=\"description\" content=\"Europa ist besser denn je auf den Wechsel hin zur E-Mobilit\u00e4t und Elektrofahrzeugen (EV) vorbereitet. Die Schweiz h\u00e4lt gut mit.\" \/>\n<meta name=\"robots\" content=\"index, follow, max-snippet:-1, max-image-preview:large, max-video-preview:-1\" \/>\n<link rel=\"canonical\" href=\"https:\/\/www.organisator.ch\/en\/sustainability\/2023-05-09\/e-mobilitaet-schweiz-ist-gut-vorbereitet\/\" \/>\n<meta property=\"og:locale\" content=\"en_US\" \/>\n<meta property=\"og:type\" content=\"article\" \/>\n<meta property=\"og:title\" content=\"E-Mobilit\u00e4t: Schweiz ist gut vorbereitet\" \/>\n<meta property=\"og:description\" content=\"Europa ist besser denn je auf den Wechsel hin zur E-Mobilit\u00e4t und Elektrofahrzeugen (EV) vorbereitet. Die Schweiz h\u00e4lt gut mit.\" \/>\n<meta property=\"og:url\" content=\"https:\/\/www.organisator.ch\/en\/sustainability\/2023-05-09\/e-mobilitaet-schweiz-ist-gut-vorbereitet\/\" \/>\n<meta property=\"og:site_name\" content=\"Organisator\" \/>\n<meta property=\"article:publisher\" content=\"https:\/\/www.facebook.com\/OrganisatorFachmagazin\" \/>\n<meta property=\"article:published_time\" content=\"2023-05-09T07:36:59+00:00\" \/>\n<meta property=\"og:image\" content=\"https:\/\/www.organisator.ch\/wp-content\/uploads\/2023\/05\/E-Mobilitaet-Schweiz-ist-gut-vorbereitet-2_Organisator.jpg\" \/>\n\t<meta property=\"og:image:width\" content=\"680\" \/>\n\t<meta property=\"og:image:height\" content=\"453\" \/>\n\t<meta property=\"og:image:type\" content=\"image\/jpeg\" \/>\n<meta name=\"author\" content=\"thomas.berner\" \/>\n<meta name=\"twitter:card\" content=\"summary_large_image\" \/>\n<meta name=\"twitter:title\" content=\"#E-Mobilit\u00e4t: Schweiz ist gut vorbereitet\" \/>\n<meta name=\"twitter:description\" content=\"Europa ist besser denn je auf den Wechsel hin zur #E-Mobilit\u00e4t und #Elektrofahrzeugen (EV) vorbereitet. Die #Schweiz h\u00e4lt gut mit.\" \/>\n<meta name=\"twitter:image\" content=\"https:\/\/www.organisator.ch\/wp-content\/uploads\/2023\/05\/E-Mobilitaet-Schweiz-ist-gut-vorbereitet-2_Organisator.jpg\" \/>\n<script type=\"application\/ld+json\" class=\"yoast-schema-graph\">{\"@context\":\"https:\\\/\\\/schema.org\",\"@graph\":[{\"@type\":\"Article\",\"@id\":\"https:\\\/\\\/www.organisator.ch\\\/sustainability\\\/2023-05-09\\\/e-mobilitaet-schweiz-ist-gut-vorbereitet\\\/#article\",\"isPartOf\":{\"@id\":\"https:\\\/\\\/www.organisator.ch\\\/sustainability\\\/2023-05-09\\\/e-mobilitaet-schweiz-ist-gut-vorbereitet\\\/\"},\"author\":{\"name\":\"thomas.berner\",\"@id\":\"https:\\\/\\\/www.organisator.ch\\\/#\\\/schema\\\/person\\\/6f650f90b2842cd4c0cc334b4e36f67e\"},\"headline\":\"E-Mobilit\u00e4t: Schweiz ist gut vorbereitet\",\"datePublished\":\"2023-05-09T07:36:59+00:00\",\"mainEntityOfPage\":{\"@id\":\"https:\\\/\\\/www.organisator.ch\\\/sustainability\\\/2023-05-09\\\/e-mobilitaet-schweiz-ist-gut-vorbereitet\\\/\"},\"wordCount\":428,\"publisher\":{\"@id\":\"https:\\\/\\\/www.organisator.ch\\\/#organization\"},\"image\":{\"@id\":\"https:\\\/\\\/www.organisator.ch\\\/sustainability\\\/2023-05-09\\\/e-mobilitaet-schweiz-ist-gut-vorbereitet\\\/#primaryimage\"},\"thumbnailUrl\":\"https:\\\/\\\/www.organisator.ch\\\/wp-content\\\/uploads\\\/2023\\\/05\\\/E-Mobilitaet-Schweiz-ist-gut-vorbereitet-2_Organisator.jpg\",\"keywords\":[\"E-Mobilit\u00e4t\",\"Nachhaltige Wirtschaft\",\"Studie\"],\"articleSection\":[\"SUSTAINABILITY\"],\"inLanguage\":\"en-US\"},{\"@type\":\"WebPage\",\"@id\":\"https:\\\/\\\/www.organisator.ch\\\/sustainability\\\/2023-05-09\\\/e-mobilitaet-schweiz-ist-gut-vorbereitet\\\/\",\"url\":\"https:\\\/\\\/www.organisator.ch\\\/sustainability\\\/2023-05-09\\\/e-mobilitaet-schweiz-ist-gut-vorbereitet\\\/\",\"name\":\"E-Mobilit\u00e4t: Schweiz ist gut vorbereitet - Organisator\",\"isPartOf\":{\"@id\":\"https:\\\/\\\/www.organisator.ch\\\/#website\"},\"primaryImageOfPage\":{\"@id\":\"https:\\\/\\\/www.organisator.ch\\\/sustainability\\\/2023-05-09\\\/e-mobilitaet-schweiz-ist-gut-vorbereitet\\\/#primaryimage\"},\"image\":{\"@id\":\"https:\\\/\\\/www.organisator.ch\\\/sustainability\\\/2023-05-09\\\/e-mobilitaet-schweiz-ist-gut-vorbereitet\\\/#primaryimage\"},\"thumbnailUrl\":\"https:\\\/\\\/www.organisator.ch\\\/wp-content\\\/uploads\\\/2023\\\/05\\\/E-Mobilitaet-Schweiz-ist-gut-vorbereitet-2_Organisator.jpg\",\"datePublished\":\"2023-05-09T07:36:59+00:00\",\"description\":\"Europa ist besser denn je auf den Wechsel hin zur E-Mobilit\u00e4t und Elektrofahrzeugen (EV) vorbereitet. Die Schweiz h\u00e4lt gut mit.\",\"breadcrumb\":{\"@id\":\"https:\\\/\\\/www.organisator.ch\\\/sustainability\\\/2023-05-09\\\/e-mobilitaet-schweiz-ist-gut-vorbereitet\\\/#breadcrumb\"},\"inLanguage\":\"en-US\",\"potentialAction\":[{\"@type\":\"ReadAction\",\"target\":[\"https:\\\/\\\/www.organisator.ch\\\/sustainability\\\/2023-05-09\\\/e-mobilitaet-schweiz-ist-gut-vorbereitet\\\/\"]}]},{\"@type\":\"ImageObject\",\"inLanguage\":\"en-US\",\"@id\":\"https:\\\/\\\/www.organisator.ch\\\/sustainability\\\/2023-05-09\\\/e-mobilitaet-schweiz-ist-gut-vorbereitet\\\/#primaryimage\",\"url\":\"https:\\\/\\\/www.organisator.ch\\\/wp-content\\\/uploads\\\/2023\\\/05\\\/E-Mobilitaet-Schweiz-ist-gut-vorbereitet-2_Organisator.jpg\",\"contentUrl\":\"https:\\\/\\\/www.organisator.ch\\\/wp-content\\\/uploads\\\/2023\\\/05\\\/E-Mobilitaet-Schweiz-ist-gut-vorbereitet-2_Organisator.jpg\",\"width\":680,\"height\":453,\"caption\":\"\u00abDie Schweiz ist bereit f\u00fcr eine elektrische Zukunft\u00bb - Niklas Zetterlund, Managing Director LeasePlan Schweiz. (Bild: LeasePlan)\"},{\"@type\":\"BreadcrumbList\",\"@id\":\"https:\\\/\\\/www.organisator.ch\\\/sustainability\\\/2023-05-09\\\/e-mobilitaet-schweiz-ist-gut-vorbereitet\\\/#breadcrumb\",\"itemListElement\":[{\"@type\":\"ListItem\",\"position\":1,\"name\":\"Home\",\"item\":\"https:\\\/\\\/www.organisator.ch\\\/\"},{\"@type\":\"ListItem\",\"position\":2,\"name\":\"E-Mobilit\u00e4t: Schweiz ist gut vorbereitet\"}]},{\"@type\":\"WebSite\",\"@id\":\"https:\\\/\\\/www.organisator.ch\\\/#website\",\"url\":\"https:\\\/\\\/www.organisator.ch\\\/\",\"name\":\"Organisator\",\"description\":\"Kompetent. Praxisnah. Der ORGANISATOR bereitet in 10 Ausgaben pro Jahr die wesentlichen Themen f\u00fcr F\u00fchrungskr\u00e4fte von KMU auf.\",\"publisher\":{\"@id\":\"https:\\\/\\\/www.organisator.ch\\\/#organization\"},\"potentialAction\":[{\"@type\":\"SearchAction\",\"target\":{\"@type\":\"EntryPoint\",\"urlTemplate\":\"https:\\\/\\\/www.organisator.ch\\\/?s={search_term_string}\"},\"query-input\":{\"@type\":\"PropertyValueSpecification\",\"valueRequired\":true,\"valueName\":\"search_term_string\"}}],\"inLanguage\":\"en-US\"},{\"@type\":\"Organization\",\"@id\":\"https:\\\/\\\/www.organisator.ch\\\/#organization\",\"name\":\"Organisator\",\"url\":\"https:\\\/\\\/www.organisator.ch\\\/\",\"logo\":{\"@type\":\"ImageObject\",\"inLanguage\":\"en-US\",\"@id\":\"https:\\\/\\\/www.organisator.ch\\\/#\\\/schema\\\/logo\\\/image\\\/\",\"url\":\"https:\\\/\\\/www.organisator.ch\\\/wp-content\\\/uploads\\\/2022\\\/01\\\/Logo_Organisator_Website.png\",\"contentUrl\":\"https:\\\/\\\/www.organisator.ch\\\/wp-content\\\/uploads\\\/2022\\\/01\\\/Logo_Organisator_Website.png\",\"width\":800,\"height\":77,\"caption\":\"Organisator\"},\"image\":{\"@id\":\"https:\\\/\\\/www.organisator.ch\\\/#\\\/schema\\\/logo\\\/image\\\/\"},\"sameAs\":[\"https:\\\/\\\/www.facebook.com\\\/OrganisatorFachmagazin\",\"https:\\\/\\\/www.linkedin.com\\\/showcase\\\/organisator-das-magazin-fr-kmu\",\"https:\\\/\\\/www.xing.com\\\/news\\\/pages\\\/organisator-ch-695\",\"https:\\\/\\\/www.youtube.com\\\/channel\\\/UCGP2Sq0iWaZwT3BdIAQFYpw\"]},{\"@type\":\"Person\",\"@id\":\"https:\\\/\\\/www.organisator.ch\\\/#\\\/schema\\\/person\\\/6f650f90b2842cd4c0cc334b4e36f67e\",\"name\":\"thomas.berner\",\"image\":{\"@type\":\"ImageObject\",\"inLanguage\":\"en-US\",\"@id\":\"https:\\\/\\\/secure.gravatar.com\\\/avatar\\\/ac5001d2a36cb6c6cd3e50789007ffca834b477b74a2144564522e944eabff61?s=96&d=mm&r=g\",\"url\":\"https:\\\/\\\/secure.gravatar.com\\\/avatar\\\/ac5001d2a36cb6c6cd3e50789007ffca834b477b74a2144564522e944eabff61?s=96&d=mm&r=g\",\"contentUrl\":\"https:\\\/\\\/secure.gravatar.com\\\/avatar\\\/ac5001d2a36cb6c6cd3e50789007ffca834b477b74a2144564522e944eabff61?s=96&d=mm&r=g\",\"caption\":\"thomas.berner\"},\"url\":\"https:\\\/\\\/www.organisator.ch\\\/en\\\/author\\\/thomas-berner\\\/\"}]}<\/script>\n<!-- \/ Yoast SEO plugin. -->","yoast_head_json":{"title":"E-mobility: Switzerland is well prepared - Organizer","description":"Europe is better prepared than ever for the shift to e-mobility and electric vehicles (EVs). Switzerland is keeping up well.","robots":{"index":"index","follow":"follow","max-snippet":"max-snippet:-1","max-image-preview":"max-image-preview:large","max-video-preview":"max-video-preview:-1"},"canonical":"https:\/\/www.organisator.ch\/en\/sustainability\/2023-05-09\/e-mobilitaet-schweiz-ist-gut-vorbereitet\/","og_locale":"en_US","og_type":"article","og_title":"E-Mobilit\u00e4t: Schweiz ist gut vorbereitet","og_description":"Europa ist besser denn je auf den Wechsel hin zur E-Mobilit\u00e4t und Elektrofahrzeugen (EV) vorbereitet. Die Schweiz h\u00e4lt gut mit.","og_url":"https:\/\/www.organisator.ch\/en\/sustainability\/2023-05-09\/e-mobilitaet-schweiz-ist-gut-vorbereitet\/","og_site_name":"Organisator","article_publisher":"https:\/\/www.facebook.com\/OrganisatorFachmagazin","article_published_time":"2023-05-09T07:36:59+00:00","og_image":[{"width":680,"height":453,"url":"https:\/\/www.organisator.ch\/wp-content\/uploads\/2023\/05\/E-Mobilitaet-Schweiz-ist-gut-vorbereitet-2_Organisator.jpg","type":"image\/jpeg"}],"author":"thomas.berner","twitter_card":"summary_large_image","twitter_title":"#E-Mobilit\u00e4t: Schweiz ist gut vorbereitet","twitter_description":"Europa ist besser denn je auf den Wechsel hin zur #E-Mobilit\u00e4t und #Elektrofahrzeugen (EV) vorbereitet. Die #Schweiz h\u00e4lt gut mit.","twitter_image":"https:\/\/www.organisator.ch\/wp-content\/uploads\/2023\/05\/E-Mobilitaet-Schweiz-ist-gut-vorbereitet-2_Organisator.jpg","schema":{"@context":"https:\/\/schema.org","@graph":[{"@type":"Article","@id":"https:\/\/www.organisator.ch\/sustainability\/2023-05-09\/e-mobilitaet-schweiz-ist-gut-vorbereitet\/#article","isPartOf":{"@id":"https:\/\/www.organisator.ch\/sustainability\/2023-05-09\/e-mobilitaet-schweiz-ist-gut-vorbereitet\/"},"author":{"name":"thomas.berner","@id":"https:\/\/www.organisator.ch\/#\/schema\/person\/6f650f90b2842cd4c0cc334b4e36f67e"},"headline":"E-Mobilit\u00e4t: Schweiz ist gut vorbereitet","datePublished":"2023-05-09T07:36:59+00:00","mainEntityOfPage":{"@id":"https:\/\/www.organisator.ch\/sustainability\/2023-05-09\/e-mobilitaet-schweiz-ist-gut-vorbereitet\/"},"wordCount":428,"publisher":{"@id":"https:\/\/www.organisator.ch\/#organization"},"image":{"@id":"https:\/\/www.organisator.ch\/sustainability\/2023-05-09\/e-mobilitaet-schweiz-ist-gut-vorbereitet\/#primaryimage"},"thumbnailUrl":"https:\/\/www.organisator.ch\/wp-content\/uploads\/2023\/05\/E-Mobilitaet-Schweiz-ist-gut-vorbereitet-2_Organisator.jpg","keywords":["E-Mobilit\u00e4t","Nachhaltige Wirtschaft","Studie"],"articleSection":["SUSTAINABILITY"],"inLanguage":"en-US"},{"@type":"WebPage","@id":"https:\/\/www.organisator.ch\/sustainability\/2023-05-09\/e-mobilitaet-schweiz-ist-gut-vorbereitet\/","url":"https:\/\/www.organisator.ch\/sustainability\/2023-05-09\/e-mobilitaet-schweiz-ist-gut-vorbereitet\/","name":"E-mobility: Switzerland is well prepared - Organizer","isPartOf":{"@id":"https:\/\/www.organisator.ch\/#website"},"primaryImageOfPage":{"@id":"https:\/\/www.organisator.ch\/sustainability\/2023-05-09\/e-mobilitaet-schweiz-ist-gut-vorbereitet\/#primaryimage"},"image":{"@id":"https:\/\/www.organisator.ch\/sustainability\/2023-05-09\/e-mobilitaet-schweiz-ist-gut-vorbereitet\/#primaryimage"},"thumbnailUrl":"https:\/\/www.organisator.ch\/wp-content\/uploads\/2023\/05\/E-Mobilitaet-Schweiz-ist-gut-vorbereitet-2_Organisator.jpg","datePublished":"2023-05-09T07:36:59+00:00","description":"Europe is better prepared than ever for the shift to e-mobility and electric vehicles (EVs). Switzerland is keeping up well.","breadcrumb":{"@id":"https:\/\/www.organisator.ch\/sustainability\/2023-05-09\/e-mobilitaet-schweiz-ist-gut-vorbereitet\/#breadcrumb"},"inLanguage":"en-US","potentialAction":[{"@type":"ReadAction","target":["https:\/\/www.organisator.ch\/sustainability\/2023-05-09\/e-mobilitaet-schweiz-ist-gut-vorbereitet\/"]}]},{"@type":"ImageObject","inLanguage":"en-US","@id":"https:\/\/www.organisator.ch\/sustainability\/2023-05-09\/e-mobilitaet-schweiz-ist-gut-vorbereitet\/#primaryimage","url":"https:\/\/www.organisator.ch\/wp-content\/uploads\/2023\/05\/E-Mobilitaet-Schweiz-ist-gut-vorbereitet-2_Organisator.jpg","contentUrl":"https:\/\/www.organisator.ch\/wp-content\/uploads\/2023\/05\/E-Mobilitaet-Schweiz-ist-gut-vorbereitet-2_Organisator.jpg","width":680,"height":453,"caption":"\u00abDie Schweiz ist bereit f\u00fcr eine elektrische Zukunft\u00bb - Niklas Zetterlund, Managing Director LeasePlan Schweiz. (Bild: LeasePlan)"},{"@type":"BreadcrumbList","@id":"https:\/\/www.organisator.ch\/sustainability\/2023-05-09\/e-mobilitaet-schweiz-ist-gut-vorbereitet\/#breadcrumb","itemListElement":[{"@type":"ListItem","position":1,"name":"Home","item":"https:\/\/www.organisator.ch\/"},{"@type":"ListItem","position":2,"name":"E-Mobilit\u00e4t: Schweiz ist gut vorbereitet"}]},{"@type":"WebSite","@id":"https:\/\/www.organisator.ch\/#website","url":"https:\/\/www.organisator.ch\/","name":"Organizer","description":"Competent. Practical. In 10 issues per year, ORGANISATOR presents the essential topics for managers of SMEs.","publisher":{"@id":"https:\/\/www.organisator.ch\/#organization"},"potentialAction":[{"@type":"SearchAction","target":{"@type":"EntryPoint","urlTemplate":"https:\/\/www.organisator.ch\/?s={search_term_string}"},"query-input":{"@type":"PropertyValueSpecification","valueRequired":true,"valueName":"search_term_string"}}],"inLanguage":"en-US"},{"@type":"Organization","@id":"https:\/\/www.organisator.ch\/#organization","name":"Organizer","url":"https:\/\/www.organisator.ch\/","logo":{"@type":"ImageObject","inLanguage":"en-US","@id":"https:\/\/www.organisator.ch\/#\/schema\/logo\/image\/","url":"https:\/\/www.organisator.ch\/wp-content\/uploads\/2022\/01\/Logo_Organisator_Website.png","contentUrl":"https:\/\/www.organisator.ch\/wp-content\/uploads\/2022\/01\/Logo_Organisator_Website.png","width":800,"height":77,"caption":"Organisator"},"image":{"@id":"https:\/\/www.organisator.ch\/#\/schema\/logo\/image\/"},"sameAs":["https:\/\/www.facebook.com\/OrganisatorFachmagazin","https:\/\/www.linkedin.com\/showcase\/organisator-das-magazin-fr-kmu","https:\/\/www.xing.com\/news\/pages\/organisator-ch-695","https:\/\/www.youtube.com\/channel\/UCGP2Sq0iWaZwT3BdIAQFYpw"]},{"@type":"Person","@id":"https:\/\/www.organisator.ch\/#\/schema\/person\/6f650f90b2842cd4c0cc334b4e36f67e","name":"thomas.berner","image":{"@type":"ImageObject","inLanguage":"en-US","@id":"https:\/\/secure.gravatar.com\/avatar\/ac5001d2a36cb6c6cd3e50789007ffca834b477b74a2144564522e944eabff61?s=96&d=mm&r=g","url":"https:\/\/secure.gravatar.com\/avatar\/ac5001d2a36cb6c6cd3e50789007ffca834b477b74a2144564522e944eabff61?s=96&d=mm&r=g","contentUrl":"https:\/\/secure.gravatar.com\/avatar\/ac5001d2a36cb6c6cd3e50789007ffca834b477b74a2144564522e944eabff61?s=96&d=mm&r=g","caption":"thomas.berner"},"url":"https:\/\/www.organisator.ch\/en\/author\/thomas-berner\/"}]}},"_links":{"self":[{"href":"https:\/\/www.organisator.ch\/en\/wp-json\/wp\/v2\/posts\/20099","targetHints":{"allow":["GET"]}}],"collection":[{"href":"https:\/\/www.organisator.ch\/en\/wp-json\/wp\/v2\/posts"}],"about":[{"href":"https:\/\/www.organisator.ch\/en\/wp-json\/wp\/v2\/types\/post"}],"author":[{"embeddable":true,"href":"https:\/\/www.organisator.ch\/en\/wp-json\/wp\/v2\/users\/4"}],"replies":[{"embeddable":true,"href":"https:\/\/www.organisator.ch\/en\/wp-json\/wp\/v2\/comments?post=20099"}],"version-history":[{"count":4,"href":"https:\/\/www.organisator.ch\/en\/wp-json\/wp\/v2\/posts\/20099\/revisions"}],"predecessor-version":[{"id":20136,"href":"https:\/\/www.organisator.ch\/en\/wp-json\/wp\/v2\/posts\/20099\/revisions\/20136"}],"wp:featuredmedia":[{"embeddable":true,"href":"https:\/\/www.organisator.ch\/en\/wp-json\/wp\/v2\/media\/20101"}],"wp:attachment":[{"href":"https:\/\/www.organisator.ch\/en\/wp-json\/wp\/v2\/media?parent=20099"}],"wp:term":[{"taxonomy":"category","embeddable":true,"href":"https:\/\/www.organisator.ch\/en\/wp-json\/wp\/v2\/categories?post=20099"},{"taxonomy":"post_tag","embeddable":true,"href":"https:\/\/www.organisator.ch\/en\/wp-json\/wp\/v2\/tags?post=20099"}],"curies":[{"name":"wp","href":"https:\/\/api.w.org\/{rel}","templated":true}]}}