{"id":20110,"date":"2023-05-10T08:06:37","date_gmt":"2023-05-10T06:06:37","guid":{"rendered":"https:\/\/www.organisator.ch\/?p=20110"},"modified":"2023-05-19T08:28:54","modified_gmt":"2023-05-19T06:28:54","slug":"pkg-pensionskasse-analysiert-co2-ausstoss-ihrer-immobilien","status":"publish","type":"post","link":"https:\/\/www.organisator.ch\/en\/sustainability\/2023-05-10\/pkg-pensionskasse-analysiert-co2-ausstoss-ihrer-immobilien\/","title":{"rendered":"PKG Pension Fund analyzes CO2 emissions of its properties"},"content":{"rendered":"<figure id=\"attachment_20111\" aria-describedby=\"caption-attachment-20111\" style=\"width: 680px\" class=\"wp-caption alignnone\"><img loading=\"lazy\" decoding=\"async\" class=\"size-full wp-image-20111\" src=\"https:\/\/www.organisator.ch\/wp-content\/uploads\/2023\/05\/PKG-Pensionskasse-analysiert-CO2-Ausstoss-ihrer-Immobilien_Organisator.jpg\" alt=\"\" width=\"680\" height=\"406\" srcset=\"https:\/\/www.organisator.ch\/wp-content\/uploads\/2023\/05\/PKG-Pensionskasse-analysiert-CO2-Ausstoss-ihrer-Immobilien_Organisator.jpg 680w, https:\/\/www.organisator.ch\/wp-content\/uploads\/2023\/05\/PKG-Pensionskasse-analysiert-CO2-Ausstoss-ihrer-Immobilien_Organisator-18x12.jpg 18w, https:\/\/www.organisator.ch\/wp-content\/uploads\/2023\/05\/PKG-Pensionskasse-analysiert-CO2-Ausstoss-ihrer-Immobilien_Organisator-375x224.jpg 375w, https:\/\/www.organisator.ch\/wp-content\/uploads\/2023\/05\/PKG-Pensionskasse-analysiert-CO2-Ausstoss-ihrer-Immobilien_Organisator-586x350.jpg 586w\" sizes=\"auto, (max-width: 680px) 100vw, 680px\" \/><figcaption id=\"caption-attachment-20111\" class=\"wp-caption-text\">Analyzed the CO2 emissions of real estate: PKG Pension Fund is taking further steps toward becoming a CO2-neutral company. (Symbol image; Pixabay.com)<\/figcaption><\/figure>\n<p>After the PKG Pension Fund 2022 first published information on its activities with regard to the environment, society and responsible corporate governance in a separate publication, this year the report was supplemented by a comprehensive greenhouse gas analysis of its own real estate portfolio. The results show that the company is further along the road to CO2-neutral operation of its properties than the industry average, it says. Peter Fries, CEO of PKG Pensionskasse, adds: \"We are not pioneers or first movers in the field of ESG, but we are working on making progress every year. We believe that sustainability starts with transparency - towards society, towards ourselves. The more facts we have, the better we can act.\"<\/p>\n<p>Fiscal 2022 fell short of expectations due to the rise in inflation and interest rates as well as turbulence on the stock market. The funding ratio fell from a previously excellent 123.2 percent to a still solid 106.6 percent. The obligations of the PKG Pension Fund are thus still more than covered. However, an above-average coverage ratio remains a focus of efforts in order to be a role model and reliable partner for future generations in building up their pension provision, the pension fund says.<\/p>\n<p>The PKG Pension Fund was established in 1972 as a pension fund for small and medium-sized enterprises (SMEs). Today, with 1768 affiliated companies, 41076 insured persons, 6167 pensioners and currently 9 billion Swiss francs in assets, it is one of the largest pension funds under private law in Switzerland. It employs 40 people.<\/p>\n<p><em>Source and further information: <a href=\"http:\/\/www.pkg.ch\">www.pkg.ch<\/a><\/em><\/p>","protected":false},"excerpt":{"rendered":"<p>The Lucerne-based PKG Pension Fund is one of the leading autonomous joint institutions for occupational pension provision in Switzerland. It recently published its annual and sustainability report. A new component is the analysis of the CO2 emissions of the properties.<\/p>","protected":false},"author":4,"featured_media":20111,"comment_status":"closed","ping_status":"closed","sticky":false,"template":"","format":"standard","meta":{"_acf_changed":false,"_yoast_wpseo_focuskw":"PKG Pensionskasse","_yoast_wpseo_metadesc":"Die PKG Pensionskasse hat ihren Gesch\u00e4fts- und Nachhaltigkeitsbericht ver\u00f6ffentlicht und den CO2-Ausstoss ihrer Immobilien analysiert.","articlekey":"","footnotes":""},"categories":[580],"tags":[3774,263,1789,377],"class_list":["post-20110","post","type-post","status-publish","format-standard","has-post-thumbnail","hentry","category-sustainability","tag-co2-ausstoss","tag-immobilien","tag-nachhaltigkeitsbericht","tag-pensionskassen"],"acf":[],"yoast_head":"<!-- This site is optimized with the Yoast SEO plugin v27.5 - https:\/\/yoast.com\/product\/yoast-seo-wordpress\/ -->\n<title>PKG Pensionskasse analysiert CO2-Ausstoss ihrer Immobilien - Organisator<\/title>\n<meta name=\"description\" content=\"Die PKG Pensionskasse hat ihren Gesch\u00e4fts- und Nachhaltigkeitsbericht ver\u00f6ffentlicht und den CO2-Ausstoss ihrer Immobilien analysiert.\" \/>\n<meta name=\"robots\" content=\"index, follow, max-snippet:-1, max-image-preview:large, max-video-preview:-1\" \/>\n<link rel=\"canonical\" href=\"https:\/\/www.organisator.ch\/en\/sustainability\/2023-05-10\/pkg-pensionskasse-analysiert-co2-ausstoss-ihrer-immobilien\/\" \/>\n<meta property=\"og:locale\" content=\"en_US\" \/>\n<meta property=\"og:type\" content=\"article\" \/>\n<meta property=\"og:title\" content=\"PKG Pensionskasse analysiert CO2-Ausstoss ihrer Immobilien\" \/>\n<meta property=\"og:description\" content=\"Die PKG Pensionskasse hat ihren Gesch\u00e4fts- und Nachhaltigkeitsbericht ver\u00f6ffentlicht und den CO2-Ausstoss ihrer Immobilien analysiert.\" \/>\n<meta property=\"og:url\" content=\"https:\/\/www.organisator.ch\/en\/sustainability\/2023-05-10\/pkg-pensionskasse-analysiert-co2-ausstoss-ihrer-immobilien\/\" \/>\n<meta property=\"og:site_name\" content=\"Organisator\" \/>\n<meta property=\"article:publisher\" content=\"https:\/\/www.facebook.com\/OrganisatorFachmagazin\" \/>\n<meta property=\"article:published_time\" content=\"2023-05-10T06:06:37+00:00\" \/>\n<meta property=\"article:modified_time\" content=\"2023-05-19T06:28:54+00:00\" \/>\n<meta property=\"og:image\" content=\"https:\/\/www.organisator.ch\/wp-content\/uploads\/2023\/05\/PKG-Pensionskasse-analysiert-CO2-Ausstoss-ihrer-Immobilien_Organisator.jpg\" \/>\n\t<meta property=\"og:image:width\" content=\"680\" \/>\n\t<meta property=\"og:image:height\" content=\"406\" \/>\n\t<meta property=\"og:image:type\" content=\"image\/jpeg\" \/>\n<meta name=\"author\" content=\"thomas.berner\" \/>\n<meta name=\"twitter:card\" content=\"summary_large_image\" \/>\n<meta name=\"twitter:title\" content=\"PKG #Pensionskasse analysiert #CO2-Ausstoss ihrer #Immobilien\" \/>\n<meta name=\"twitter:description\" content=\"Die PKG #Pensionskasse hat ihren Gesch\u00e4fts- und #Nachhaltigkeitsbericht ver\u00f6ffentlicht und den #CO2-Ausstoss ihrer Immobilien analysiert.\" \/>\n<meta name=\"twitter:image\" content=\"https:\/\/www.organisator.ch\/wp-content\/uploads\/2023\/05\/PKG-Pensionskasse-analysiert-CO2-Ausstoss-ihrer-Immobilien_Organisator.jpg\" \/>\n<script type=\"application\/ld+json\" class=\"yoast-schema-graph\">{\"@context\":\"https:\\\/\\\/schema.org\",\"@graph\":[{\"@type\":\"Article\",\"@id\":\"https:\\\/\\\/www.organisator.ch\\\/sustainability\\\/2023-05-10\\\/pkg-pensionskasse-analysiert-co2-ausstoss-ihrer-immobilien\\\/#article\",\"isPartOf\":{\"@id\":\"https:\\\/\\\/www.organisator.ch\\\/sustainability\\\/2023-05-10\\\/pkg-pensionskasse-analysiert-co2-ausstoss-ihrer-immobilien\\\/\"},\"author\":{\"name\":\"thomas.berner\",\"@id\":\"https:\\\/\\\/www.organisator.ch\\\/#\\\/schema\\\/person\\\/6f650f90b2842cd4c0cc334b4e36f67e\"},\"headline\":\"PKG Pensionskasse analysiert CO2-Ausstoss ihrer Immobilien\",\"datePublished\":\"2023-05-10T06:06:37+00:00\",\"dateModified\":\"2023-05-19T06:28:54+00:00\",\"mainEntityOfPage\":{\"@id\":\"https:\\\/\\\/www.organisator.ch\\\/sustainability\\\/2023-05-10\\\/pkg-pensionskasse-analysiert-co2-ausstoss-ihrer-immobilien\\\/\"},\"wordCount\":284,\"publisher\":{\"@id\":\"https:\\\/\\\/www.organisator.ch\\\/#organization\"},\"image\":{\"@id\":\"https:\\\/\\\/www.organisator.ch\\\/sustainability\\\/2023-05-10\\\/pkg-pensionskasse-analysiert-co2-ausstoss-ihrer-immobilien\\\/#primaryimage\"},\"thumbnailUrl\":\"https:\\\/\\\/www.organisator.ch\\\/wp-content\\\/uploads\\\/2023\\\/05\\\/PKG-Pensionskasse-analysiert-CO2-Ausstoss-ihrer-Immobilien_Organisator.jpg\",\"keywords\":[\"CO2-Ausstoss\",\"Immobilien\",\"Nachhaltigkeitsbericht\",\"Pensionskassen\"],\"articleSection\":[\"SUSTAINABILITY\"],\"inLanguage\":\"en-US\"},{\"@type\":\"WebPage\",\"@id\":\"https:\\\/\\\/www.organisator.ch\\\/sustainability\\\/2023-05-10\\\/pkg-pensionskasse-analysiert-co2-ausstoss-ihrer-immobilien\\\/\",\"url\":\"https:\\\/\\\/www.organisator.ch\\\/sustainability\\\/2023-05-10\\\/pkg-pensionskasse-analysiert-co2-ausstoss-ihrer-immobilien\\\/\",\"name\":\"PKG Pensionskasse analysiert CO2-Ausstoss ihrer Immobilien - Organisator\",\"isPartOf\":{\"@id\":\"https:\\\/\\\/www.organisator.ch\\\/#website\"},\"primaryImageOfPage\":{\"@id\":\"https:\\\/\\\/www.organisator.ch\\\/sustainability\\\/2023-05-10\\\/pkg-pensionskasse-analysiert-co2-ausstoss-ihrer-immobilien\\\/#primaryimage\"},\"image\":{\"@id\":\"https:\\\/\\\/www.organisator.ch\\\/sustainability\\\/2023-05-10\\\/pkg-pensionskasse-analysiert-co2-ausstoss-ihrer-immobilien\\\/#primaryimage\"},\"thumbnailUrl\":\"https:\\\/\\\/www.organisator.ch\\\/wp-content\\\/uploads\\\/2023\\\/05\\\/PKG-Pensionskasse-analysiert-CO2-Ausstoss-ihrer-Immobilien_Organisator.jpg\",\"datePublished\":\"2023-05-10T06:06:37+00:00\",\"dateModified\":\"2023-05-19T06:28:54+00:00\",\"description\":\"Die PKG Pensionskasse hat ihren Gesch\u00e4fts- und Nachhaltigkeitsbericht ver\u00f6ffentlicht und den CO2-Ausstoss ihrer Immobilien analysiert.\",\"breadcrumb\":{\"@id\":\"https:\\\/\\\/www.organisator.ch\\\/sustainability\\\/2023-05-10\\\/pkg-pensionskasse-analysiert-co2-ausstoss-ihrer-immobilien\\\/#breadcrumb\"},\"inLanguage\":\"en-US\",\"potentialAction\":[{\"@type\":\"ReadAction\",\"target\":[\"https:\\\/\\\/www.organisator.ch\\\/sustainability\\\/2023-05-10\\\/pkg-pensionskasse-analysiert-co2-ausstoss-ihrer-immobilien\\\/\"]}]},{\"@type\":\"ImageObject\",\"inLanguage\":\"en-US\",\"@id\":\"https:\\\/\\\/www.organisator.ch\\\/sustainability\\\/2023-05-10\\\/pkg-pensionskasse-analysiert-co2-ausstoss-ihrer-immobilien\\\/#primaryimage\",\"url\":\"https:\\\/\\\/www.organisator.ch\\\/wp-content\\\/uploads\\\/2023\\\/05\\\/PKG-Pensionskasse-analysiert-CO2-Ausstoss-ihrer-Immobilien_Organisator.jpg\",\"contentUrl\":\"https:\\\/\\\/www.organisator.ch\\\/wp-content\\\/uploads\\\/2023\\\/05\\\/PKG-Pensionskasse-analysiert-CO2-Ausstoss-ihrer-Immobilien_Organisator.jpg\",\"width\":680,\"height\":406,\"caption\":\"Den CO2-Ausstoss von Immobilien analysiert: Die PKG Pensionskasse unternimmt weitere Schritte in Richtung CO2-neutrales Unternehmen. (Symbolbild; Pixabay.com)\"},{\"@type\":\"BreadcrumbList\",\"@id\":\"https:\\\/\\\/www.organisator.ch\\\/sustainability\\\/2023-05-10\\\/pkg-pensionskasse-analysiert-co2-ausstoss-ihrer-immobilien\\\/#breadcrumb\",\"itemListElement\":[{\"@type\":\"ListItem\",\"position\":1,\"name\":\"Home\",\"item\":\"https:\\\/\\\/www.organisator.ch\\\/\"},{\"@type\":\"ListItem\",\"position\":2,\"name\":\"PKG Pensionskasse analysiert CO2-Ausstoss ihrer Immobilien\"}]},{\"@type\":\"WebSite\",\"@id\":\"https:\\\/\\\/www.organisator.ch\\\/#website\",\"url\":\"https:\\\/\\\/www.organisator.ch\\\/\",\"name\":\"Organisator\",\"description\":\"Kompetent. Praxisnah. Der ORGANISATOR bereitet in 10 Ausgaben pro Jahr die wesentlichen Themen f\u00fcr F\u00fchrungskr\u00e4fte von KMU auf.\",\"publisher\":{\"@id\":\"https:\\\/\\\/www.organisator.ch\\\/#organization\"},\"potentialAction\":[{\"@type\":\"SearchAction\",\"target\":{\"@type\":\"EntryPoint\",\"urlTemplate\":\"https:\\\/\\\/www.organisator.ch\\\/?s={search_term_string}\"},\"query-input\":{\"@type\":\"PropertyValueSpecification\",\"valueRequired\":true,\"valueName\":\"search_term_string\"}}],\"inLanguage\":\"en-US\"},{\"@type\":\"Organization\",\"@id\":\"https:\\\/\\\/www.organisator.ch\\\/#organization\",\"name\":\"Organisator\",\"url\":\"https:\\\/\\\/www.organisator.ch\\\/\",\"logo\":{\"@type\":\"ImageObject\",\"inLanguage\":\"en-US\",\"@id\":\"https:\\\/\\\/www.organisator.ch\\\/#\\\/schema\\\/logo\\\/image\\\/\",\"url\":\"https:\\\/\\\/www.organisator.ch\\\/wp-content\\\/uploads\\\/2022\\\/01\\\/Logo_Organisator_Website.png\",\"contentUrl\":\"https:\\\/\\\/www.organisator.ch\\\/wp-content\\\/uploads\\\/2022\\\/01\\\/Logo_Organisator_Website.png\",\"width\":800,\"height\":77,\"caption\":\"Organisator\"},\"image\":{\"@id\":\"https:\\\/\\\/www.organisator.ch\\\/#\\\/schema\\\/logo\\\/image\\\/\"},\"sameAs\":[\"https:\\\/\\\/www.facebook.com\\\/OrganisatorFachmagazin\",\"https:\\\/\\\/www.linkedin.com\\\/showcase\\\/organisator-das-magazin-fr-kmu\",\"https:\\\/\\\/www.xing.com\\\/news\\\/pages\\\/organisator-ch-695\",\"https:\\\/\\\/www.youtube.com\\\/channel\\\/UCGP2Sq0iWaZwT3BdIAQFYpw\"]},{\"@type\":\"Person\",\"@id\":\"https:\\\/\\\/www.organisator.ch\\\/#\\\/schema\\\/person\\\/6f650f90b2842cd4c0cc334b4e36f67e\",\"name\":\"thomas.berner\",\"image\":{\"@type\":\"ImageObject\",\"inLanguage\":\"en-US\",\"@id\":\"https:\\\/\\\/secure.gravatar.com\\\/avatar\\\/ac5001d2a36cb6c6cd3e50789007ffca834b477b74a2144564522e944eabff61?s=96&d=mm&r=g\",\"url\":\"https:\\\/\\\/secure.gravatar.com\\\/avatar\\\/ac5001d2a36cb6c6cd3e50789007ffca834b477b74a2144564522e944eabff61?s=96&d=mm&r=g\",\"contentUrl\":\"https:\\\/\\\/secure.gravatar.com\\\/avatar\\\/ac5001d2a36cb6c6cd3e50789007ffca834b477b74a2144564522e944eabff61?s=96&d=mm&r=g\",\"caption\":\"thomas.berner\"},\"url\":\"https:\\\/\\\/www.organisator.ch\\\/en\\\/author\\\/thomas-berner\\\/\"}]}<\/script>\n<!-- \/ Yoast SEO plugin. -->","yoast_head_json":{"title":"PKG pension fund analyzes CO2 emissions of its real estate - Organizer","description":"The PKG Pension Fund has published its annual and sustainability report and analyzed the CO2 emissions of its properties.","robots":{"index":"index","follow":"follow","max-snippet":"max-snippet:-1","max-image-preview":"max-image-preview:large","max-video-preview":"max-video-preview:-1"},"canonical":"https:\/\/www.organisator.ch\/en\/sustainability\/2023-05-10\/pkg-pensionskasse-analysiert-co2-ausstoss-ihrer-immobilien\/","og_locale":"en_US","og_type":"article","og_title":"PKG Pensionskasse analysiert CO2-Ausstoss ihrer Immobilien","og_description":"Die PKG Pensionskasse hat ihren Gesch\u00e4fts- und Nachhaltigkeitsbericht ver\u00f6ffentlicht und den CO2-Ausstoss ihrer Immobilien analysiert.","og_url":"https:\/\/www.organisator.ch\/en\/sustainability\/2023-05-10\/pkg-pensionskasse-analysiert-co2-ausstoss-ihrer-immobilien\/","og_site_name":"Organisator","article_publisher":"https:\/\/www.facebook.com\/OrganisatorFachmagazin","article_published_time":"2023-05-10T06:06:37+00:00","article_modified_time":"2023-05-19T06:28:54+00:00","og_image":[{"width":680,"height":406,"url":"https:\/\/www.organisator.ch\/wp-content\/uploads\/2023\/05\/PKG-Pensionskasse-analysiert-CO2-Ausstoss-ihrer-Immobilien_Organisator.jpg","type":"image\/jpeg"}],"author":"thomas.berner","twitter_card":"summary_large_image","twitter_title":"PKG #Pensionskasse analysiert #CO2-Ausstoss ihrer #Immobilien","twitter_description":"Die PKG #Pensionskasse hat ihren Gesch\u00e4fts- und #Nachhaltigkeitsbericht ver\u00f6ffentlicht und den #CO2-Ausstoss ihrer Immobilien analysiert.","twitter_image":"https:\/\/www.organisator.ch\/wp-content\/uploads\/2023\/05\/PKG-Pensionskasse-analysiert-CO2-Ausstoss-ihrer-Immobilien_Organisator.jpg","schema":{"@context":"https:\/\/schema.org","@graph":[{"@type":"Article","@id":"https:\/\/www.organisator.ch\/sustainability\/2023-05-10\/pkg-pensionskasse-analysiert-co2-ausstoss-ihrer-immobilien\/#article","isPartOf":{"@id":"https:\/\/www.organisator.ch\/sustainability\/2023-05-10\/pkg-pensionskasse-analysiert-co2-ausstoss-ihrer-immobilien\/"},"author":{"name":"thomas.berner","@id":"https:\/\/www.organisator.ch\/#\/schema\/person\/6f650f90b2842cd4c0cc334b4e36f67e"},"headline":"PKG Pensionskasse analysiert CO2-Ausstoss ihrer Immobilien","datePublished":"2023-05-10T06:06:37+00:00","dateModified":"2023-05-19T06:28:54+00:00","mainEntityOfPage":{"@id":"https:\/\/www.organisator.ch\/sustainability\/2023-05-10\/pkg-pensionskasse-analysiert-co2-ausstoss-ihrer-immobilien\/"},"wordCount":284,"publisher":{"@id":"https:\/\/www.organisator.ch\/#organization"},"image":{"@id":"https:\/\/www.organisator.ch\/sustainability\/2023-05-10\/pkg-pensionskasse-analysiert-co2-ausstoss-ihrer-immobilien\/#primaryimage"},"thumbnailUrl":"https:\/\/www.organisator.ch\/wp-content\/uploads\/2023\/05\/PKG-Pensionskasse-analysiert-CO2-Ausstoss-ihrer-Immobilien_Organisator.jpg","keywords":["CO2-Ausstoss","Immobilien","Nachhaltigkeitsbericht","Pensionskassen"],"articleSection":["SUSTAINABILITY"],"inLanguage":"en-US"},{"@type":"WebPage","@id":"https:\/\/www.organisator.ch\/sustainability\/2023-05-10\/pkg-pensionskasse-analysiert-co2-ausstoss-ihrer-immobilien\/","url":"https:\/\/www.organisator.ch\/sustainability\/2023-05-10\/pkg-pensionskasse-analysiert-co2-ausstoss-ihrer-immobilien\/","name":"PKG pension fund analyzes CO2 emissions of its real estate - Organizer","isPartOf":{"@id":"https:\/\/www.organisator.ch\/#website"},"primaryImageOfPage":{"@id":"https:\/\/www.organisator.ch\/sustainability\/2023-05-10\/pkg-pensionskasse-analysiert-co2-ausstoss-ihrer-immobilien\/#primaryimage"},"image":{"@id":"https:\/\/www.organisator.ch\/sustainability\/2023-05-10\/pkg-pensionskasse-analysiert-co2-ausstoss-ihrer-immobilien\/#primaryimage"},"thumbnailUrl":"https:\/\/www.organisator.ch\/wp-content\/uploads\/2023\/05\/PKG-Pensionskasse-analysiert-CO2-Ausstoss-ihrer-Immobilien_Organisator.jpg","datePublished":"2023-05-10T06:06:37+00:00","dateModified":"2023-05-19T06:28:54+00:00","description":"The PKG Pension Fund has published its annual and sustainability report and analyzed the CO2 emissions of its properties.","breadcrumb":{"@id":"https:\/\/www.organisator.ch\/sustainability\/2023-05-10\/pkg-pensionskasse-analysiert-co2-ausstoss-ihrer-immobilien\/#breadcrumb"},"inLanguage":"en-US","potentialAction":[{"@type":"ReadAction","target":["https:\/\/www.organisator.ch\/sustainability\/2023-05-10\/pkg-pensionskasse-analysiert-co2-ausstoss-ihrer-immobilien\/"]}]},{"@type":"ImageObject","inLanguage":"en-US","@id":"https:\/\/www.organisator.ch\/sustainability\/2023-05-10\/pkg-pensionskasse-analysiert-co2-ausstoss-ihrer-immobilien\/#primaryimage","url":"https:\/\/www.organisator.ch\/wp-content\/uploads\/2023\/05\/PKG-Pensionskasse-analysiert-CO2-Ausstoss-ihrer-Immobilien_Organisator.jpg","contentUrl":"https:\/\/www.organisator.ch\/wp-content\/uploads\/2023\/05\/PKG-Pensionskasse-analysiert-CO2-Ausstoss-ihrer-Immobilien_Organisator.jpg","width":680,"height":406,"caption":"Den CO2-Ausstoss von Immobilien analysiert: Die PKG Pensionskasse unternimmt weitere Schritte in Richtung CO2-neutrales Unternehmen. (Symbolbild; Pixabay.com)"},{"@type":"BreadcrumbList","@id":"https:\/\/www.organisator.ch\/sustainability\/2023-05-10\/pkg-pensionskasse-analysiert-co2-ausstoss-ihrer-immobilien\/#breadcrumb","itemListElement":[{"@type":"ListItem","position":1,"name":"Home","item":"https:\/\/www.organisator.ch\/"},{"@type":"ListItem","position":2,"name":"PKG Pensionskasse analysiert CO2-Ausstoss ihrer Immobilien"}]},{"@type":"WebSite","@id":"https:\/\/www.organisator.ch\/#website","url":"https:\/\/www.organisator.ch\/","name":"Organizer","description":"Competent. Practical. In 10 issues per year, ORGANISATOR presents the essential topics for managers of SMEs.","publisher":{"@id":"https:\/\/www.organisator.ch\/#organization"},"potentialAction":[{"@type":"SearchAction","target":{"@type":"EntryPoint","urlTemplate":"https:\/\/www.organisator.ch\/?s={search_term_string}"},"query-input":{"@type":"PropertyValueSpecification","valueRequired":true,"valueName":"search_term_string"}}],"inLanguage":"en-US"},{"@type":"Organization","@id":"https:\/\/www.organisator.ch\/#organization","name":"Organizer","url":"https:\/\/www.organisator.ch\/","logo":{"@type":"ImageObject","inLanguage":"en-US","@id":"https:\/\/www.organisator.ch\/#\/schema\/logo\/image\/","url":"https:\/\/www.organisator.ch\/wp-content\/uploads\/2022\/01\/Logo_Organisator_Website.png","contentUrl":"https:\/\/www.organisator.ch\/wp-content\/uploads\/2022\/01\/Logo_Organisator_Website.png","width":800,"height":77,"caption":"Organisator"},"image":{"@id":"https:\/\/www.organisator.ch\/#\/schema\/logo\/image\/"},"sameAs":["https:\/\/www.facebook.com\/OrganisatorFachmagazin","https:\/\/www.linkedin.com\/showcase\/organisator-das-magazin-fr-kmu","https:\/\/www.xing.com\/news\/pages\/organisator-ch-695","https:\/\/www.youtube.com\/channel\/UCGP2Sq0iWaZwT3BdIAQFYpw"]},{"@type":"Person","@id":"https:\/\/www.organisator.ch\/#\/schema\/person\/6f650f90b2842cd4c0cc334b4e36f67e","name":"thomas.berner","image":{"@type":"ImageObject","inLanguage":"en-US","@id":"https:\/\/secure.gravatar.com\/avatar\/ac5001d2a36cb6c6cd3e50789007ffca834b477b74a2144564522e944eabff61?s=96&d=mm&r=g","url":"https:\/\/secure.gravatar.com\/avatar\/ac5001d2a36cb6c6cd3e50789007ffca834b477b74a2144564522e944eabff61?s=96&d=mm&r=g","contentUrl":"https:\/\/secure.gravatar.com\/avatar\/ac5001d2a36cb6c6cd3e50789007ffca834b477b74a2144564522e944eabff61?s=96&d=mm&r=g","caption":"thomas.berner"},"url":"https:\/\/www.organisator.ch\/en\/author\/thomas-berner\/"}]}},"_links":{"self":[{"href":"https:\/\/www.organisator.ch\/en\/wp-json\/wp\/v2\/posts\/20110","targetHints":{"allow":["GET"]}}],"collection":[{"href":"https:\/\/www.organisator.ch\/en\/wp-json\/wp\/v2\/posts"}],"about":[{"href":"https:\/\/www.organisator.ch\/en\/wp-json\/wp\/v2\/types\/post"}],"author":[{"embeddable":true,"href":"https:\/\/www.organisator.ch\/en\/wp-json\/wp\/v2\/users\/4"}],"replies":[{"embeddable":true,"href":"https:\/\/www.organisator.ch\/en\/wp-json\/wp\/v2\/comments?post=20110"}],"version-history":[{"count":5,"href":"https:\/\/www.organisator.ch\/en\/wp-json\/wp\/v2\/posts\/20110\/revisions"}],"predecessor-version":[{"id":20202,"href":"https:\/\/www.organisator.ch\/en\/wp-json\/wp\/v2\/posts\/20110\/revisions\/20202"}],"wp:featuredmedia":[{"embeddable":true,"href":"https:\/\/www.organisator.ch\/en\/wp-json\/wp\/v2\/media\/20111"}],"wp:attachment":[{"href":"https:\/\/www.organisator.ch\/en\/wp-json\/wp\/v2\/media?parent=20110"}],"wp:term":[{"taxonomy":"category","embeddable":true,"href":"https:\/\/www.organisator.ch\/en\/wp-json\/wp\/v2\/categories?post=20110"},{"taxonomy":"post_tag","embeddable":true,"href":"https:\/\/www.organisator.ch\/en\/wp-json\/wp\/v2\/tags?post=20110"}],"curies":[{"name":"wp","href":"https:\/\/api.w.org\/{rel}","templated":true}]}}