{"id":20138,"date":"2023-05-12T09:42:28","date_gmt":"2023-05-12T07:42:28","guid":{"rendered":"https:\/\/www.organisator.ch\/?p=20138"},"modified":"2023-05-23T13:19:57","modified_gmt":"2023-05-23T11:19:57","slug":"nachhaltigkeit-wo-steht-der-schweizer-mittelstand","status":"publish","type":"post","link":"https:\/\/www.organisator.ch\/en\/sustainability\/2023-05-12\/nachhaltigkeit-wo-steht-der-schweizer-mittelstand\/","title":{"rendered":"Sustainability: Where do Swiss SMEs stand?"},"content":{"rendered":"<figure id=\"attachment_20142\" aria-describedby=\"caption-attachment-20142\" style=\"width: 680px\" class=\"wp-caption alignnone\"><img loading=\"lazy\" decoding=\"async\" class=\"size-full wp-image-20142\" src=\"https:\/\/www.organisator.ch\/wp-content\/uploads\/2023\/05\/Nachhaltigkeit-Wo-steht-der-Schweizer-Mittelstand_Organisator.jpg\" alt=\"\" width=\"680\" height=\"453\" srcset=\"https:\/\/www.organisator.ch\/wp-content\/uploads\/2023\/05\/Nachhaltigkeit-Wo-steht-der-Schweizer-Mittelstand_Organisator.jpg 680w, https:\/\/www.organisator.ch\/wp-content\/uploads\/2023\/05\/Nachhaltigkeit-Wo-steht-der-Schweizer-Mittelstand_Organisator-18x12.jpg 18w, https:\/\/www.organisator.ch\/wp-content\/uploads\/2023\/05\/Nachhaltigkeit-Wo-steht-der-Schweizer-Mittelstand_Organisator-375x250.jpg 375w, https:\/\/www.organisator.ch\/wp-content\/uploads\/2023\/05\/Nachhaltigkeit-Wo-steht-der-Schweizer-Mittelstand_Organisator-525x350.jpg 525w\" sizes=\"auto, (max-width: 680px) 100vw, 680px\" \/><figcaption id=\"caption-attachment-20142\" class=\"wp-caption-text\">Still many gaps: Swiss SMEs are still struggling with sustainability reporting. (Image: Pixabay.com)<\/figcaption><\/figure>\n<p>Swiss SMEs consider sustainability issues important, but few have clear strategies or report on them. This was the finding of a study published jointly by the auditing firm Mazars and the ZHAW. According to the study, only around 18% of the companies surveyed report on sustainability. Around 26% of the companies are currently preparing a sustainability report, while around 56% are not currently planning any sustainability reporting, according to the further findings. Almost all companies surveyed assume that sustainability reporting will gain in importance in the future.<\/p>\n<h3>Swiss SMEs with a need to catch up in reporting<\/h3>\n<p>The majority of the 18% companies surveyed that already prepare a sustainability report on an annual basis are larger companies. 70% of the companies that prepare a sustainability report predominantly use the<br \/>\nGlobal Reporting Initiative (GRI) standards. Companies that do not currently produce a sustainability report or do not plan to do so cite a lack of requirements from stakeholders and a lack of human resources as reasons. The companies see a lack of or insufficient know-how and the difficult availability of data material as the greatest challenges in the implementation of sustainability reporting.<\/p>\n<h3>External support necessary<\/h3>\n<p>The methodology of this study is based on a combination of quantitative and qualitative surveys. 500 companies in Switzerland were surveyed. In addition, ten interviews were conducted with experts in the field. In these personal interviews, it became clear that sustainability reporting will continue to increase in importance in the future in general, but also in particular for companies that are not currently affected by the relevant national and international regulations. According to the study, the main driver for the preparation of a sustainability report is external pressure from customers and buyers in a supply chain, but in principle also pressure from the public. The greatest challenges are also often perceived by the interviewees as issues such as the lack of specialist knowledge and the availability of the necessary data material. Due to these challenges, many of the experts believe that companies are dependent on external support.<\/p>\n<p><em>Sources: <a href=\"http:\/\/www.mazars.ch\">www.mazars.ch<\/a> \/ <a href=\"http:\/\/www.zhaw.ch\/ifi\">www.zhaw.ch\/ifi<\/a><\/em><\/p>","protected":false},"excerpt":{"rendered":"<p>Mazars and the Zurich University of Applied Sciences (ZHAW) have investigated how Swiss SMEs are implementing the trend towards greater transparency in sustainability. Do the companies have a clear sustainability strategy, is this communicated externally and is this done according to a standard or set of rules?<\/p>","protected":false},"author":4,"featured_media":20142,"comment_status":"closed","ping_status":"closed","sticky":false,"template":"","format":"standard","meta":{"_acf_changed":false,"_yoast_wpseo_focuskw":"Schweizer Mittelstand","_yoast_wpseo_metadesc":"Eine neue Studie hat untersucht, wie der Schweizer Mittelstand den Trend zu mehr Transparenz in der Nachhaltigkeit umsetzt.","articlekey":"","footnotes":""},"categories":[580],"tags":[335,358,1789,459],"class_list":["post-20138","post","type-post","status-publish","format-standard","has-post-thumbnail","hentry","category-sustainability","tag-management-und-unternehmensfuehrung","tag-nachhaltige-wirtschaft","tag-nachhaltigkeitsbericht","tag-studie"],"acf":[],"yoast_head":"<!-- This site is optimized with the Yoast SEO plugin v27.5 - https:\/\/yoast.com\/product\/yoast-seo-wordpress\/ -->\n<title>Nachhaltigkeit: Wo steht der Schweizer Mittelstand? - Organisator<\/title>\n<meta name=\"description\" content=\"Eine neue Studie hat untersucht, wie der Schweizer Mittelstand den Trend zu mehr Transparenz in der Nachhaltigkeit umsetzt.\" \/>\n<meta name=\"robots\" content=\"index, follow, max-snippet:-1, max-image-preview:large, max-video-preview:-1\" \/>\n<link rel=\"canonical\" href=\"https:\/\/www.organisator.ch\/en\/sustainability\/2023-05-12\/nachhaltigkeit-wo-steht-der-schweizer-mittelstand\/\" \/>\n<meta property=\"og:locale\" content=\"en_US\" \/>\n<meta property=\"og:type\" content=\"article\" \/>\n<meta property=\"og:title\" content=\"Nachhaltigkeit: Wo steht der Schweizer Mittelstand?\" \/>\n<meta property=\"og:description\" content=\"Eine neue Studie hat untersucht, wie der Schweizer Mittelstand den Trend zu mehr Transparenz in der Nachhaltigkeit umsetzt.\" \/>\n<meta property=\"og:url\" content=\"https:\/\/www.organisator.ch\/en\/sustainability\/2023-05-12\/nachhaltigkeit-wo-steht-der-schweizer-mittelstand\/\" \/>\n<meta property=\"og:site_name\" content=\"Organisator\" \/>\n<meta property=\"article:publisher\" content=\"https:\/\/www.facebook.com\/OrganisatorFachmagazin\" \/>\n<meta property=\"article:published_time\" content=\"2023-05-12T07:42:28+00:00\" \/>\n<meta property=\"article:modified_time\" content=\"2023-05-23T11:19:57+00:00\" \/>\n<meta property=\"og:image\" content=\"https:\/\/www.organisator.ch\/wp-content\/uploads\/2023\/05\/Nachhaltigkeit-Wo-steht-der-Schweizer-Mittelstand_Organisator.jpg\" \/>\n\t<meta property=\"og:image:width\" content=\"680\" \/>\n\t<meta property=\"og:image:height\" content=\"453\" \/>\n\t<meta property=\"og:image:type\" content=\"image\/jpeg\" \/>\n<meta name=\"author\" content=\"thomas.berner\" \/>\n<meta name=\"twitter:card\" content=\"summary_large_image\" \/>\n<meta name=\"twitter:title\" content=\"#Nachhaltigkeit: Wo steht der Schweizer #Mittelstand?\" \/>\n<meta name=\"twitter:description\" content=\"Eine neue Studie hat untersucht, wie der Schweizer #Mittelstand den Trend zu mehr Transparenz in der #Nachhaltigkeit umsetzt.\" \/>\n<meta name=\"twitter:image\" content=\"https:\/\/www.organisator.ch\/wp-content\/uploads\/2023\/05\/Nachhaltigkeit-Wo-steht-der-Schweizer-Mittelstand_Organisator.jpg\" \/>\n<script type=\"application\/ld+json\" class=\"yoast-schema-graph\">{\"@context\":\"https:\\\/\\\/schema.org\",\"@graph\":[{\"@type\":\"Article\",\"@id\":\"https:\\\/\\\/www.organisator.ch\\\/sustainability\\\/2023-05-12\\\/nachhaltigkeit-wo-steht-der-schweizer-mittelstand\\\/#article\",\"isPartOf\":{\"@id\":\"https:\\\/\\\/www.organisator.ch\\\/sustainability\\\/2023-05-12\\\/nachhaltigkeit-wo-steht-der-schweizer-mittelstand\\\/\"},\"author\":{\"name\":\"thomas.berner\",\"@id\":\"https:\\\/\\\/www.organisator.ch\\\/#\\\/schema\\\/person\\\/6f650f90b2842cd4c0cc334b4e36f67e\"},\"headline\":\"Nachhaltigkeit: Wo steht der Schweizer Mittelstand?\",\"datePublished\":\"2023-05-12T07:42:28+00:00\",\"dateModified\":\"2023-05-23T11:19:57+00:00\",\"mainEntityOfPage\":{\"@id\":\"https:\\\/\\\/www.organisator.ch\\\/sustainability\\\/2023-05-12\\\/nachhaltigkeit-wo-steht-der-schweizer-mittelstand\\\/\"},\"wordCount\":374,\"publisher\":{\"@id\":\"https:\\\/\\\/www.organisator.ch\\\/#organization\"},\"image\":{\"@id\":\"https:\\\/\\\/www.organisator.ch\\\/sustainability\\\/2023-05-12\\\/nachhaltigkeit-wo-steht-der-schweizer-mittelstand\\\/#primaryimage\"},\"thumbnailUrl\":\"https:\\\/\\\/www.organisator.ch\\\/wp-content\\\/uploads\\\/2023\\\/05\\\/Nachhaltigkeit-Wo-steht-der-Schweizer-Mittelstand_Organisator.jpg\",\"keywords\":[\"Management und Unternehmensf\u00fchrung\",\"Nachhaltige Wirtschaft\",\"Nachhaltigkeitsbericht\",\"Studie\"],\"articleSection\":[\"SUSTAINABILITY\"],\"inLanguage\":\"en-US\"},{\"@type\":\"WebPage\",\"@id\":\"https:\\\/\\\/www.organisator.ch\\\/sustainability\\\/2023-05-12\\\/nachhaltigkeit-wo-steht-der-schweizer-mittelstand\\\/\",\"url\":\"https:\\\/\\\/www.organisator.ch\\\/sustainability\\\/2023-05-12\\\/nachhaltigkeit-wo-steht-der-schweizer-mittelstand\\\/\",\"name\":\"Nachhaltigkeit: Wo steht der Schweizer Mittelstand? - Organisator\",\"isPartOf\":{\"@id\":\"https:\\\/\\\/www.organisator.ch\\\/#website\"},\"primaryImageOfPage\":{\"@id\":\"https:\\\/\\\/www.organisator.ch\\\/sustainability\\\/2023-05-12\\\/nachhaltigkeit-wo-steht-der-schweizer-mittelstand\\\/#primaryimage\"},\"image\":{\"@id\":\"https:\\\/\\\/www.organisator.ch\\\/sustainability\\\/2023-05-12\\\/nachhaltigkeit-wo-steht-der-schweizer-mittelstand\\\/#primaryimage\"},\"thumbnailUrl\":\"https:\\\/\\\/www.organisator.ch\\\/wp-content\\\/uploads\\\/2023\\\/05\\\/Nachhaltigkeit-Wo-steht-der-Schweizer-Mittelstand_Organisator.jpg\",\"datePublished\":\"2023-05-12T07:42:28+00:00\",\"dateModified\":\"2023-05-23T11:19:57+00:00\",\"description\":\"Eine neue Studie hat untersucht, wie der Schweizer Mittelstand den Trend zu mehr Transparenz in der Nachhaltigkeit umsetzt.\",\"breadcrumb\":{\"@id\":\"https:\\\/\\\/www.organisator.ch\\\/sustainability\\\/2023-05-12\\\/nachhaltigkeit-wo-steht-der-schweizer-mittelstand\\\/#breadcrumb\"},\"inLanguage\":\"en-US\",\"potentialAction\":[{\"@type\":\"ReadAction\",\"target\":[\"https:\\\/\\\/www.organisator.ch\\\/sustainability\\\/2023-05-12\\\/nachhaltigkeit-wo-steht-der-schweizer-mittelstand\\\/\"]}]},{\"@type\":\"ImageObject\",\"inLanguage\":\"en-US\",\"@id\":\"https:\\\/\\\/www.organisator.ch\\\/sustainability\\\/2023-05-12\\\/nachhaltigkeit-wo-steht-der-schweizer-mittelstand\\\/#primaryimage\",\"url\":\"https:\\\/\\\/www.organisator.ch\\\/wp-content\\\/uploads\\\/2023\\\/05\\\/Nachhaltigkeit-Wo-steht-der-Schweizer-Mittelstand_Organisator.jpg\",\"contentUrl\":\"https:\\\/\\\/www.organisator.ch\\\/wp-content\\\/uploads\\\/2023\\\/05\\\/Nachhaltigkeit-Wo-steht-der-Schweizer-Mittelstand_Organisator.jpg\",\"width\":680,\"height\":453,\"caption\":\"Noch viele Leerstellen: Der Schweizer Mittelstand bzw. KMU tun sich mit Nachhaltigkeitsberichterstattung noch schwer. (Bild: Pixabay.com)\"},{\"@type\":\"BreadcrumbList\",\"@id\":\"https:\\\/\\\/www.organisator.ch\\\/sustainability\\\/2023-05-12\\\/nachhaltigkeit-wo-steht-der-schweizer-mittelstand\\\/#breadcrumb\",\"itemListElement\":[{\"@type\":\"ListItem\",\"position\":1,\"name\":\"Home\",\"item\":\"https:\\\/\\\/www.organisator.ch\\\/\"},{\"@type\":\"ListItem\",\"position\":2,\"name\":\"Nachhaltigkeit: Wo steht der Schweizer Mittelstand?\"}]},{\"@type\":\"WebSite\",\"@id\":\"https:\\\/\\\/www.organisator.ch\\\/#website\",\"url\":\"https:\\\/\\\/www.organisator.ch\\\/\",\"name\":\"Organisator\",\"description\":\"Kompetent. Praxisnah. Der ORGANISATOR bereitet in 10 Ausgaben pro Jahr die wesentlichen Themen f\u00fcr F\u00fchrungskr\u00e4fte von KMU auf.\",\"publisher\":{\"@id\":\"https:\\\/\\\/www.organisator.ch\\\/#organization\"},\"potentialAction\":[{\"@type\":\"SearchAction\",\"target\":{\"@type\":\"EntryPoint\",\"urlTemplate\":\"https:\\\/\\\/www.organisator.ch\\\/?s={search_term_string}\"},\"query-input\":{\"@type\":\"PropertyValueSpecification\",\"valueRequired\":true,\"valueName\":\"search_term_string\"}}],\"inLanguage\":\"en-US\"},{\"@type\":\"Organization\",\"@id\":\"https:\\\/\\\/www.organisator.ch\\\/#organization\",\"name\":\"Organisator\",\"url\":\"https:\\\/\\\/www.organisator.ch\\\/\",\"logo\":{\"@type\":\"ImageObject\",\"inLanguage\":\"en-US\",\"@id\":\"https:\\\/\\\/www.organisator.ch\\\/#\\\/schema\\\/logo\\\/image\\\/\",\"url\":\"https:\\\/\\\/www.organisator.ch\\\/wp-content\\\/uploads\\\/2022\\\/01\\\/Logo_Organisator_Website.png\",\"contentUrl\":\"https:\\\/\\\/www.organisator.ch\\\/wp-content\\\/uploads\\\/2022\\\/01\\\/Logo_Organisator_Website.png\",\"width\":800,\"height\":77,\"caption\":\"Organisator\"},\"image\":{\"@id\":\"https:\\\/\\\/www.organisator.ch\\\/#\\\/schema\\\/logo\\\/image\\\/\"},\"sameAs\":[\"https:\\\/\\\/www.facebook.com\\\/OrganisatorFachmagazin\",\"https:\\\/\\\/www.linkedin.com\\\/showcase\\\/organisator-das-magazin-fr-kmu\",\"https:\\\/\\\/www.xing.com\\\/news\\\/pages\\\/organisator-ch-695\",\"https:\\\/\\\/www.youtube.com\\\/channel\\\/UCGP2Sq0iWaZwT3BdIAQFYpw\"]},{\"@type\":\"Person\",\"@id\":\"https:\\\/\\\/www.organisator.ch\\\/#\\\/schema\\\/person\\\/6f650f90b2842cd4c0cc334b4e36f67e\",\"name\":\"thomas.berner\",\"image\":{\"@type\":\"ImageObject\",\"inLanguage\":\"en-US\",\"@id\":\"https:\\\/\\\/secure.gravatar.com\\\/avatar\\\/ac5001d2a36cb6c6cd3e50789007ffca834b477b74a2144564522e944eabff61?s=96&d=mm&r=g\",\"url\":\"https:\\\/\\\/secure.gravatar.com\\\/avatar\\\/ac5001d2a36cb6c6cd3e50789007ffca834b477b74a2144564522e944eabff61?s=96&d=mm&r=g\",\"contentUrl\":\"https:\\\/\\\/secure.gravatar.com\\\/avatar\\\/ac5001d2a36cb6c6cd3e50789007ffca834b477b74a2144564522e944eabff61?s=96&d=mm&r=g\",\"caption\":\"thomas.berner\"},\"url\":\"https:\\\/\\\/www.organisator.ch\\\/en\\\/author\\\/thomas-berner\\\/\"}]}<\/script>\n<!-- \/ Yoast SEO plugin. -->","yoast_head_json":{"title":"Sustainability: Where do Swiss SMEs stand? - Organizer","description":"A new study has examined how Swiss SMEs are implementing the trend toward greater transparency in sustainability.","robots":{"index":"index","follow":"follow","max-snippet":"max-snippet:-1","max-image-preview":"max-image-preview:large","max-video-preview":"max-video-preview:-1"},"canonical":"https:\/\/www.organisator.ch\/en\/sustainability\/2023-05-12\/nachhaltigkeit-wo-steht-der-schweizer-mittelstand\/","og_locale":"en_US","og_type":"article","og_title":"Nachhaltigkeit: Wo steht der Schweizer Mittelstand?","og_description":"Eine neue Studie hat untersucht, wie der Schweizer Mittelstand den Trend zu mehr Transparenz in der Nachhaltigkeit umsetzt.","og_url":"https:\/\/www.organisator.ch\/en\/sustainability\/2023-05-12\/nachhaltigkeit-wo-steht-der-schweizer-mittelstand\/","og_site_name":"Organisator","article_publisher":"https:\/\/www.facebook.com\/OrganisatorFachmagazin","article_published_time":"2023-05-12T07:42:28+00:00","article_modified_time":"2023-05-23T11:19:57+00:00","og_image":[{"width":680,"height":453,"url":"https:\/\/www.organisator.ch\/wp-content\/uploads\/2023\/05\/Nachhaltigkeit-Wo-steht-der-Schweizer-Mittelstand_Organisator.jpg","type":"image\/jpeg"}],"author":"thomas.berner","twitter_card":"summary_large_image","twitter_title":"#Nachhaltigkeit: Wo steht der Schweizer #Mittelstand?","twitter_description":"Eine neue Studie hat untersucht, wie der Schweizer #Mittelstand den Trend zu mehr Transparenz in der #Nachhaltigkeit umsetzt.","twitter_image":"https:\/\/www.organisator.ch\/wp-content\/uploads\/2023\/05\/Nachhaltigkeit-Wo-steht-der-Schweizer-Mittelstand_Organisator.jpg","schema":{"@context":"https:\/\/schema.org","@graph":[{"@type":"Article","@id":"https:\/\/www.organisator.ch\/sustainability\/2023-05-12\/nachhaltigkeit-wo-steht-der-schweizer-mittelstand\/#article","isPartOf":{"@id":"https:\/\/www.organisator.ch\/sustainability\/2023-05-12\/nachhaltigkeit-wo-steht-der-schweizer-mittelstand\/"},"author":{"name":"thomas.berner","@id":"https:\/\/www.organisator.ch\/#\/schema\/person\/6f650f90b2842cd4c0cc334b4e36f67e"},"headline":"Nachhaltigkeit: Wo steht der Schweizer Mittelstand?","datePublished":"2023-05-12T07:42:28+00:00","dateModified":"2023-05-23T11:19:57+00:00","mainEntityOfPage":{"@id":"https:\/\/www.organisator.ch\/sustainability\/2023-05-12\/nachhaltigkeit-wo-steht-der-schweizer-mittelstand\/"},"wordCount":374,"publisher":{"@id":"https:\/\/www.organisator.ch\/#organization"},"image":{"@id":"https:\/\/www.organisator.ch\/sustainability\/2023-05-12\/nachhaltigkeit-wo-steht-der-schweizer-mittelstand\/#primaryimage"},"thumbnailUrl":"https:\/\/www.organisator.ch\/wp-content\/uploads\/2023\/05\/Nachhaltigkeit-Wo-steht-der-Schweizer-Mittelstand_Organisator.jpg","keywords":["Management und Unternehmensf\u00fchrung","Nachhaltige Wirtschaft","Nachhaltigkeitsbericht","Studie"],"articleSection":["SUSTAINABILITY"],"inLanguage":"en-US"},{"@type":"WebPage","@id":"https:\/\/www.organisator.ch\/sustainability\/2023-05-12\/nachhaltigkeit-wo-steht-der-schweizer-mittelstand\/","url":"https:\/\/www.organisator.ch\/sustainability\/2023-05-12\/nachhaltigkeit-wo-steht-der-schweizer-mittelstand\/","name":"Sustainability: Where do Swiss SMEs stand? - Organizer","isPartOf":{"@id":"https:\/\/www.organisator.ch\/#website"},"primaryImageOfPage":{"@id":"https:\/\/www.organisator.ch\/sustainability\/2023-05-12\/nachhaltigkeit-wo-steht-der-schweizer-mittelstand\/#primaryimage"},"image":{"@id":"https:\/\/www.organisator.ch\/sustainability\/2023-05-12\/nachhaltigkeit-wo-steht-der-schweizer-mittelstand\/#primaryimage"},"thumbnailUrl":"https:\/\/www.organisator.ch\/wp-content\/uploads\/2023\/05\/Nachhaltigkeit-Wo-steht-der-Schweizer-Mittelstand_Organisator.jpg","datePublished":"2023-05-12T07:42:28+00:00","dateModified":"2023-05-23T11:19:57+00:00","description":"A new study has examined how Swiss SMEs are implementing the trend toward greater transparency in sustainability.","breadcrumb":{"@id":"https:\/\/www.organisator.ch\/sustainability\/2023-05-12\/nachhaltigkeit-wo-steht-der-schweizer-mittelstand\/#breadcrumb"},"inLanguage":"en-US","potentialAction":[{"@type":"ReadAction","target":["https:\/\/www.organisator.ch\/sustainability\/2023-05-12\/nachhaltigkeit-wo-steht-der-schweizer-mittelstand\/"]}]},{"@type":"ImageObject","inLanguage":"en-US","@id":"https:\/\/www.organisator.ch\/sustainability\/2023-05-12\/nachhaltigkeit-wo-steht-der-schweizer-mittelstand\/#primaryimage","url":"https:\/\/www.organisator.ch\/wp-content\/uploads\/2023\/05\/Nachhaltigkeit-Wo-steht-der-Schweizer-Mittelstand_Organisator.jpg","contentUrl":"https:\/\/www.organisator.ch\/wp-content\/uploads\/2023\/05\/Nachhaltigkeit-Wo-steht-der-Schweizer-Mittelstand_Organisator.jpg","width":680,"height":453,"caption":"Noch viele Leerstellen: Der Schweizer Mittelstand bzw. KMU tun sich mit Nachhaltigkeitsberichterstattung noch schwer. (Bild: Pixabay.com)"},{"@type":"BreadcrumbList","@id":"https:\/\/www.organisator.ch\/sustainability\/2023-05-12\/nachhaltigkeit-wo-steht-der-schweizer-mittelstand\/#breadcrumb","itemListElement":[{"@type":"ListItem","position":1,"name":"Home","item":"https:\/\/www.organisator.ch\/"},{"@type":"ListItem","position":2,"name":"Nachhaltigkeit: Wo steht der Schweizer Mittelstand?"}]},{"@type":"WebSite","@id":"https:\/\/www.organisator.ch\/#website","url":"https:\/\/www.organisator.ch\/","name":"Organizer","description":"Competent. Practical. In 10 issues per year, ORGANISATOR presents the essential topics for managers of SMEs.","publisher":{"@id":"https:\/\/www.organisator.ch\/#organization"},"potentialAction":[{"@type":"SearchAction","target":{"@type":"EntryPoint","urlTemplate":"https:\/\/www.organisator.ch\/?s={search_term_string}"},"query-input":{"@type":"PropertyValueSpecification","valueRequired":true,"valueName":"search_term_string"}}],"inLanguage":"en-US"},{"@type":"Organization","@id":"https:\/\/www.organisator.ch\/#organization","name":"Organizer","url":"https:\/\/www.organisator.ch\/","logo":{"@type":"ImageObject","inLanguage":"en-US","@id":"https:\/\/www.organisator.ch\/#\/schema\/logo\/image\/","url":"https:\/\/www.organisator.ch\/wp-content\/uploads\/2022\/01\/Logo_Organisator_Website.png","contentUrl":"https:\/\/www.organisator.ch\/wp-content\/uploads\/2022\/01\/Logo_Organisator_Website.png","width":800,"height":77,"caption":"Organisator"},"image":{"@id":"https:\/\/www.organisator.ch\/#\/schema\/logo\/image\/"},"sameAs":["https:\/\/www.facebook.com\/OrganisatorFachmagazin","https:\/\/www.linkedin.com\/showcase\/organisator-das-magazin-fr-kmu","https:\/\/www.xing.com\/news\/pages\/organisator-ch-695","https:\/\/www.youtube.com\/channel\/UCGP2Sq0iWaZwT3BdIAQFYpw"]},{"@type":"Person","@id":"https:\/\/www.organisator.ch\/#\/schema\/person\/6f650f90b2842cd4c0cc334b4e36f67e","name":"thomas.berner","image":{"@type":"ImageObject","inLanguage":"en-US","@id":"https:\/\/secure.gravatar.com\/avatar\/ac5001d2a36cb6c6cd3e50789007ffca834b477b74a2144564522e944eabff61?s=96&d=mm&r=g","url":"https:\/\/secure.gravatar.com\/avatar\/ac5001d2a36cb6c6cd3e50789007ffca834b477b74a2144564522e944eabff61?s=96&d=mm&r=g","contentUrl":"https:\/\/secure.gravatar.com\/avatar\/ac5001d2a36cb6c6cd3e50789007ffca834b477b74a2144564522e944eabff61?s=96&d=mm&r=g","caption":"thomas.berner"},"url":"https:\/\/www.organisator.ch\/en\/author\/thomas-berner\/"}]}},"_links":{"self":[{"href":"https:\/\/www.organisator.ch\/en\/wp-json\/wp\/v2\/posts\/20138","targetHints":{"allow":["GET"]}}],"collection":[{"href":"https:\/\/www.organisator.ch\/en\/wp-json\/wp\/v2\/posts"}],"about":[{"href":"https:\/\/www.organisator.ch\/en\/wp-json\/wp\/v2\/types\/post"}],"author":[{"embeddable":true,"href":"https:\/\/www.organisator.ch\/en\/wp-json\/wp\/v2\/users\/4"}],"replies":[{"embeddable":true,"href":"https:\/\/www.organisator.ch\/en\/wp-json\/wp\/v2\/comments?post=20138"}],"version-history":[{"count":4,"href":"https:\/\/www.organisator.ch\/en\/wp-json\/wp\/v2\/posts\/20138\/revisions"}],"predecessor-version":[{"id":20368,"href":"https:\/\/www.organisator.ch\/en\/wp-json\/wp\/v2\/posts\/20138\/revisions\/20368"}],"wp:featuredmedia":[{"embeddable":true,"href":"https:\/\/www.organisator.ch\/en\/wp-json\/wp\/v2\/media\/20142"}],"wp:attachment":[{"href":"https:\/\/www.organisator.ch\/en\/wp-json\/wp\/v2\/media?parent=20138"}],"wp:term":[{"taxonomy":"category","embeddable":true,"href":"https:\/\/www.organisator.ch\/en\/wp-json\/wp\/v2\/categories?post=20138"},{"taxonomy":"post_tag","embeddable":true,"href":"https:\/\/www.organisator.ch\/en\/wp-json\/wp\/v2\/tags?post=20138"}],"curies":[{"name":"wp","href":"https:\/\/api.w.org\/{rel}","templated":true}]}}