{"id":20165,"date":"2023-05-16T07:49:12","date_gmt":"2023-05-16T05:49:12","guid":{"rendered":"https:\/\/www.m-q.ch\/?p=17987"},"modified":"2024-11-16T08:41:56","modified_gmt":"2024-11-16T07:41:56","slug":"fachmesse-control-2023-stiess-auf-begeisterung","status":"publish","type":"post","link":"https:\/\/www.organisator.ch\/en\/operational-excellence\/2023-05-16\/fachmesse-control-2023-stiess-auf-begeisterung\/","title":{"rendered":"Control 2023 trade fair met with enthusiasm"},"content":{"rendered":"<div class=\"uncode_text_column\">\r\n<figure id=\"attachment_17990\" class=\"wp-caption alignnone\" style=\"width: 680px\" aria-describedby=\"caption-attachment-17990\"><img class=\"alignnone wp-image-17990 size-full\" src=\"https:\/\/www.organisator.ch\/wp-content\/uploads\/2022\/11\/Organisator-Neues-Aktienrecht-Mehr-Flexibilitaet-bei-der-Unternehmensgruendung.jpg\" alt=\"Control trade fair\" width=\"1000\" height=\"680\" \/>\r\n<figcaption id=\"caption-attachment-17990\" class=\"wp-caption-text\">Personal professional exchange was the focus at the Control 2023 trade show. (Image:<br \/>\r\nP. E. SCHALL GmbH &amp; Co. KG \/ Control)<\/figcaption>\r\n<\/figure>\r\n<p>Project manager Fabian Kr\u00fcger from trade fair company P. E. Schall can be pleased with a successful Control 2023 trade fair: \"The trade fair week was a great success. We experienced four full halls with impressive solutions for quality assurance (QA) and saw many groundbreaking new solutions. It was bustling with activity and a great atmosphere from the very first hour,\" said the project manager. \"589 exhibitors from 32 countries showed on 42,000 square meters of exhibition space that quality assurance is on the direct path to the future.\"<\/p>\r\n<\/div>\r\n<div class=\"vc_custom_heading_wrap\">\r\n<div class=\"heading-text el-text\">\r\n<h3 class=\"h4\">Control 2023 trade fair: Worldwide unique industry get-together for QA professionals<\/h3>\r\n<\/div>\r\n<div class=\"clear\">It was clearly noticeable how the importance and innovative power of QA in production is increasing, according to a conclusion drawn by the trade fair organizers. The special significance of Control, the world's leading trade fair for the manufacturing sector, was once again confirmed by exhibitors and trade visitors this year. The high foreign share among exhibitors of 34.5 percent underscored the high internationality of this industry highlight and proved its status as the world's excellent business meeting place for everything to do with QA topics. \"Control is one of our leading trade fairs throughout Europe as far as quality assurance is concerned,\" confirms Stefan Hug of Faro Europe, responsible for sales in the DACH region. The company's mobile 3D measurement technology for product measurement met with great interest. Dr. Harald Wuest, Co-Founder and CEO at Visometry also confirmed \"very many interesting contacts and a very high level of interest from trade visitors.\" In all halls and at all booths, it was once again evident this year that Control is used as an ideal opportunity to adequately present the latest developments for industrial and non-industrial quality assurance and quality inspection - professionally and technologically at the top level, practice-oriented, user-oriented and in a pleasant working atmosphere.<\/div>\r\n<\/div>\r\n<div class=\"vc_custom_heading_wrap\">\r\n<div class=\"heading-text el-text\">\r\n<h3 class=\"h4\">Automation and visualization increased significantly<\/h3>\r\n<\/div>\r\n<div class=\"clear\">\"In all areas, we have seen significantly increased and, above all, impressive visualizations,\" emphasizes project manager Kr\u00fcger. \"Thanks to improved image processing systems and new analysis software, part and object inspection is carried out according to the latest standards. The eye-catchers also included many robots that provide automated support for inspection processes. There has never been so much talk about artificial intelligence (AI) as this year,\" Kr\u00fcger noted, \"and its benefits for practical use, for example in inspection and quality testing, could be demonstrated and made transparent in many places.\"<\/div>\r\n<\/div>\r\n<div class=\"uncode_text_column\">\r\n<p>21310 trade visitors to the Control 2023 trade fair experienced the current trend and driver topics of the QA industry - automation, end-to-end digitization, modern software, inline inspection processes and AI-supported systems - in direct visualization and in practical use. Measurement system software is taking on an increasingly important role, as are web and cloud technologies. Also a major topic that is constantly being pursued is inline inspection technology. It saves time and resources, but brings new challenges. This is also confirmed by Wolfgang Zeller, Managing Director of Mitutoyo Germany: \"Measurements are increasingly being carried out outside the laboratory, directly in production. Therefore, the demands on the measuring machines are increasing.\"<\/p>\r\n<\/div>\r\n<div class=\"vc_custom_heading_wrap\">\r\n<div class=\"heading-text el-text\">\r\n<h3 class=\"h4\">Excellent mood among exhibitors<\/h3>\r\n<\/div>\r\n<div class=\"clear\">Control 2023 not only connected the virtual world in production with the real world, but also suppliers with users, exhibitors with trade visitors, and manufacturers with customers and partners. \"Control as a leading trade show was a complete success for us again this year,\" confirmed Kai Bartel, Head of Measurement Technology at Klingelnberg. Likewise, Uwe J. Keller, Chief Marketing Officer at Dr. Heinrich Schneider Messtechnik, declared Control \"to be the trade show highlight of the year for us.\" Dr.-Ing. Ralf Christoph, managing director of Werth Messtechnik, was also more than satisfied with Control 2023. \"The trade show is quite outstanding!\" He expressly praised the trade show organization and emphasized the lively interest of the trade visitors. He is already looking forward to Control 2024 and to the further development of this trend.<\/div>\r\n<\/div>\r\n<div class=\"uncode_text_column\">\r\n<p>\"It's no coincidence that Control, as an international trade fair with world-leading character, is one of the most important dates of the year for many companies\", states Bettina Schall, Managing Director of trade fair promoters P. E. Schall. \"The uniquely lively trade fair activities, the fulminant interest in the top-class supporting events, and the many satisfied voices were once again proof in 2023 that this is where the bundled QA competence meets. Control gets to the heart of the issues and challenges facing the market - cost-effectiveness, quality, safety, resource conservation, efficiency and future viability. This trade fair plays an outstanding role in meeting these challenges. We are delighted about this and would like to thank all exhibitors, visitors and participants very much for their commitment!\"<\/p>\r\n<h3>Next Control: 23 - 26 April 2024<\/h3>\r\n<p>After Control is before Control: The international QA industry has long since noted the next date for the exchange of experts in its calendar. Many exhibitors, both national and international, have already booked their booth space for 2024 during Control 2023 in order to present the further developments of future-oriented concepts to the interested public, also increasingly from abroad, at the 36th Control, international trade fair for quality assurance, in Stuttgart from April 23 to 26, 2024.<\/p>\r\n<p><em>More information: <a href=\"http:\/\/www.control-messe.de\/\">www.control-messe.de<\/a><\/em><\/p>\r\n<\/div>\n<p class=\"syndicated-attribution\">This article originally appeared on m-q.ch - <a href=\"https:\/\/www.m-q.ch\/de\/fachmesse-control-2023-stiess-auf-begeisterung\/\" target=\"_blank\">https:\/\/www.m-q.ch\/de\/fachmesse-control-2023-stiess-auf-begeisterung\/<\/a><\/p>","protected":false},"excerpt":{"rendered":"<p>The 35th Control, international trade fair for quality assurance, took place in Stuttgart with great success. From May 9 to 12, 2023, 589 exhibitors from 32 countries presented the latest technologies from the fields of vision technology, image processing, sensor technology, and measuring and testing technology.<\/p>","protected":false},"author":8,"featured_media":0,"comment_status":"closed","ping_status":"closed","sticky":false,"template":"","format":"standard","meta":{"_acf_changed":false,"_yoast_wpseo_focuskw":"Fachmesse Control","_yoast_wpseo_metadesc":"Fachmesse Control 2023: Zukunftsweisende Qualit\u00e4tssicherung im Fokus. Innovationskraft und Internationalit\u00e4t pr\u00e4gen die Messe.","articlekey":"","footnotes":""},"categories":[582],"tags":[],"class_list":["post-20165","post","type-post","status-publish","format-standard","hentry","category-operational-excellence"],"acf":[],"yoast_head":"<!-- This site is optimized with the Yoast SEO plugin v27.5 - https:\/\/yoast.com\/product\/yoast-seo-wordpress\/ -->\n<title>Fachmesse Control 2023 stiess auf Begeisterung - Organisator<\/title>\n<meta name=\"description\" content=\"Fachmesse Control 2023: Zukunftsweisende Qualit\u00e4tssicherung im Fokus. Innovationskraft und Internationalit\u00e4t pr\u00e4gen die Messe.\" \/>\n<meta name=\"robots\" content=\"index, follow, max-snippet:-1, max-image-preview:large, max-video-preview:-1\" \/>\n<link rel=\"canonical\" href=\"https:\/\/www.organisator.ch\/en\/operational-excellence\/2023-05-16\/fachmesse-control-2023-stiess-auf-begeisterung\/\" \/>\n<meta property=\"og:locale\" content=\"en_US\" \/>\n<meta property=\"og:type\" content=\"article\" \/>\n<meta property=\"og:title\" content=\"Fachmesse Control 2023 stiess auf Begeisterung - Organisator\" \/>\n<meta property=\"og:description\" content=\"Fachmesse Control 2023: Zukunftsweisende Qualit\u00e4tssicherung im Fokus. Innovationskraft und Internationalit\u00e4t pr\u00e4gen die Messe.\" \/>\n<meta property=\"og:url\" content=\"https:\/\/www.organisator.ch\/en\/operational-excellence\/2023-05-16\/fachmesse-control-2023-stiess-auf-begeisterung\/\" \/>\n<meta property=\"og:site_name\" content=\"Organisator\" \/>\n<meta property=\"article:publisher\" content=\"https:\/\/www.facebook.com\/OrganisatorFachmagazin\" \/>\n<meta property=\"article:published_time\" content=\"2023-05-16T05:49:12+00:00\" \/>\n<meta property=\"article:modified_time\" content=\"2024-11-16T07:41:56+00:00\" \/>\n<meta property=\"og:image\" content=\"https:\/\/www.organisator.ch\/wp-content\/uploads\/2022\/11\/Organisator-Neues-Aktienrecht-Mehr-Flexibilitaet-bei-der-Unternehmensgruendung.jpg\" \/>\n\t<meta property=\"og:image:width\" content=\"768\" \/>\n\t<meta property=\"og:image:height\" content=\"522\" \/>\n\t<meta property=\"og:image:type\" content=\"image\/jpeg\" \/>\n<meta name=\"author\" content=\"galledia\" \/>\n<meta name=\"twitter:card\" content=\"summary_large_image\" \/>\n<meta name=\"twitter:creator\" content=\"@admin\" \/>\n<script type=\"application\/ld+json\" class=\"yoast-schema-graph\">{\"@context\":\"https:\\\/\\\/schema.org\",\"@graph\":[{\"@type\":\"Article\",\"@id\":\"https:\\\/\\\/www.organisator.ch\\\/operational-excellence\\\/2023-05-16\\\/fachmesse-control-2023-stiess-auf-begeisterung\\\/#article\",\"isPartOf\":{\"@id\":\"https:\\\/\\\/www.organisator.ch\\\/operational-excellence\\\/2023-05-16\\\/fachmesse-control-2023-stiess-auf-begeisterung\\\/\"},\"author\":{\"name\":\"galledia\",\"@id\":\"https:\\\/\\\/www.organisator.ch\\\/#\\\/schema\\\/person\\\/4e51799071cd2dd1232ac003643ef5f0\"},\"headline\":\"Fachmesse Control 2023 stiess auf Begeisterung\",\"datePublished\":\"2023-05-16T05:49:12+00:00\",\"dateModified\":\"2024-11-16T07:41:56+00:00\",\"mainEntityOfPage\":{\"@id\":\"https:\\\/\\\/www.organisator.ch\\\/operational-excellence\\\/2023-05-16\\\/fachmesse-control-2023-stiess-auf-begeisterung\\\/\"},\"wordCount\":827,\"publisher\":{\"@id\":\"https:\\\/\\\/www.organisator.ch\\\/#organization\"},\"image\":{\"@id\":\"https:\\\/\\\/www.organisator.ch\\\/operational-excellence\\\/2023-05-16\\\/fachmesse-control-2023-stiess-auf-begeisterung\\\/#primaryimage\"},\"thumbnailUrl\":\"https:\\\/\\\/www.organisator.ch\\\/wp-content\\\/uploads\\\/2022\\\/11\\\/Organisator-Neues-Aktienrecht-Mehr-Flexibilitaet-bei-der-Unternehmensgruendung.jpg\",\"articleSection\":[\"OPERATIONAL EXCELLENCE\"],\"inLanguage\":\"en-US\"},{\"@type\":\"WebPage\",\"@id\":\"https:\\\/\\\/www.organisator.ch\\\/operational-excellence\\\/2023-05-16\\\/fachmesse-control-2023-stiess-auf-begeisterung\\\/\",\"url\":\"https:\\\/\\\/www.organisator.ch\\\/operational-excellence\\\/2023-05-16\\\/fachmesse-control-2023-stiess-auf-begeisterung\\\/\",\"name\":\"Fachmesse Control 2023 stiess auf Begeisterung - Organisator\",\"isPartOf\":{\"@id\":\"https:\\\/\\\/www.organisator.ch\\\/#website\"},\"primaryImageOfPage\":{\"@id\":\"https:\\\/\\\/www.organisator.ch\\\/operational-excellence\\\/2023-05-16\\\/fachmesse-control-2023-stiess-auf-begeisterung\\\/#primaryimage\"},\"image\":{\"@id\":\"https:\\\/\\\/www.organisator.ch\\\/operational-excellence\\\/2023-05-16\\\/fachmesse-control-2023-stiess-auf-begeisterung\\\/#primaryimage\"},\"thumbnailUrl\":\"https:\\\/\\\/www.organisator.ch\\\/wp-content\\\/uploads\\\/2022\\\/11\\\/Organisator-Neues-Aktienrecht-Mehr-Flexibilitaet-bei-der-Unternehmensgruendung.jpg\",\"datePublished\":\"2023-05-16T05:49:12+00:00\",\"dateModified\":\"2024-11-16T07:41:56+00:00\",\"description\":\"Fachmesse Control 2023: Zukunftsweisende Qualit\u00e4tssicherung im Fokus. Innovationskraft und Internationalit\u00e4t pr\u00e4gen die Messe.\",\"breadcrumb\":{\"@id\":\"https:\\\/\\\/www.organisator.ch\\\/operational-excellence\\\/2023-05-16\\\/fachmesse-control-2023-stiess-auf-begeisterung\\\/#breadcrumb\"},\"inLanguage\":\"en-US\",\"potentialAction\":[{\"@type\":\"ReadAction\",\"target\":[\"https:\\\/\\\/www.organisator.ch\\\/operational-excellence\\\/2023-05-16\\\/fachmesse-control-2023-stiess-auf-begeisterung\\\/\"]}]},{\"@type\":\"ImageObject\",\"inLanguage\":\"en-US\",\"@id\":\"https:\\\/\\\/www.organisator.ch\\\/operational-excellence\\\/2023-05-16\\\/fachmesse-control-2023-stiess-auf-begeisterung\\\/#primaryimage\",\"url\":\"https:\\\/\\\/www.organisator.ch\\\/wp-content\\\/uploads\\\/2022\\\/11\\\/Organisator-Neues-Aktienrecht-Mehr-Flexibilitaet-bei-der-Unternehmensgruendung.jpg\",\"contentUrl\":\"https:\\\/\\\/www.organisator.ch\\\/wp-content\\\/uploads\\\/2022\\\/11\\\/Organisator-Neues-Aktienrecht-Mehr-Flexibilitaet-bei-der-Unternehmensgruendung.jpg\"},{\"@type\":\"BreadcrumbList\",\"@id\":\"https:\\\/\\\/www.organisator.ch\\\/operational-excellence\\\/2023-05-16\\\/fachmesse-control-2023-stiess-auf-begeisterung\\\/#breadcrumb\",\"itemListElement\":[{\"@type\":\"ListItem\",\"position\":1,\"name\":\"Home\",\"item\":\"https:\\\/\\\/www.organisator.ch\\\/\"},{\"@type\":\"ListItem\",\"position\":2,\"name\":\"Fachmesse Control 2023 stiess auf Begeisterung\"}]},{\"@type\":\"WebSite\",\"@id\":\"https:\\\/\\\/www.organisator.ch\\\/#website\",\"url\":\"https:\\\/\\\/www.organisator.ch\\\/\",\"name\":\"Organisator\",\"description\":\"Kompetent. Praxisnah. Der ORGANISATOR bereitet in 10 Ausgaben pro Jahr die wesentlichen Themen f\u00fcr F\u00fchrungskr\u00e4fte von KMU auf.\",\"publisher\":{\"@id\":\"https:\\\/\\\/www.organisator.ch\\\/#organization\"},\"potentialAction\":[{\"@type\":\"SearchAction\",\"target\":{\"@type\":\"EntryPoint\",\"urlTemplate\":\"https:\\\/\\\/www.organisator.ch\\\/?s={search_term_string}\"},\"query-input\":{\"@type\":\"PropertyValueSpecification\",\"valueRequired\":true,\"valueName\":\"search_term_string\"}}],\"inLanguage\":\"en-US\"},{\"@type\":\"Organization\",\"@id\":\"https:\\\/\\\/www.organisator.ch\\\/#organization\",\"name\":\"Organisator\",\"url\":\"https:\\\/\\\/www.organisator.ch\\\/\",\"logo\":{\"@type\":\"ImageObject\",\"inLanguage\":\"en-US\",\"@id\":\"https:\\\/\\\/www.organisator.ch\\\/#\\\/schema\\\/logo\\\/image\\\/\",\"url\":\"https:\\\/\\\/www.organisator.ch\\\/wp-content\\\/uploads\\\/2022\\\/01\\\/Logo_Organisator_Website.png\",\"contentUrl\":\"https:\\\/\\\/www.organisator.ch\\\/wp-content\\\/uploads\\\/2022\\\/01\\\/Logo_Organisator_Website.png\",\"width\":800,\"height\":77,\"caption\":\"Organisator\"},\"image\":{\"@id\":\"https:\\\/\\\/www.organisator.ch\\\/#\\\/schema\\\/logo\\\/image\\\/\"},\"sameAs\":[\"https:\\\/\\\/www.facebook.com\\\/OrganisatorFachmagazin\",\"https:\\\/\\\/www.linkedin.com\\\/showcase\\\/organisator-das-magazin-fr-kmu\",\"https:\\\/\\\/www.xing.com\\\/news\\\/pages\\\/organisator-ch-695\",\"https:\\\/\\\/www.youtube.com\\\/channel\\\/UCGP2Sq0iWaZwT3BdIAQFYpw\"]},{\"@type\":\"Person\",\"@id\":\"https:\\\/\\\/www.organisator.ch\\\/#\\\/schema\\\/person\\\/4e51799071cd2dd1232ac003643ef5f0\",\"name\":\"galledia\",\"image\":{\"@type\":\"ImageObject\",\"inLanguage\":\"en-US\",\"@id\":\"https:\\\/\\\/secure.gravatar.com\\\/avatar\\\/78a7f90c01fc2bfc875782a0d4922b37cde2cf184ce347b91316d23cd7f69a36?s=96&d=mm&r=g\",\"url\":\"https:\\\/\\\/secure.gravatar.com\\\/avatar\\\/78a7f90c01fc2bfc875782a0d4922b37cde2cf184ce347b91316d23cd7f69a36?s=96&d=mm&r=g\",\"contentUrl\":\"https:\\\/\\\/secure.gravatar.com\\\/avatar\\\/78a7f90c01fc2bfc875782a0d4922b37cde2cf184ce347b91316d23cd7f69a36?s=96&d=mm&r=g\",\"caption\":\"galledia\"},\"sameAs\":[\"https:\\\/\\\/x.com\\\/admin\"],\"url\":\"https:\\\/\\\/www.organisator.ch\\\/en\\\/author\\\/galledia\\\/\"}]}<\/script>\n<!-- \/ Yoast SEO plugin. -->","yoast_head_json":{"title":"Control 2023 trade fair met with enthusiasm - organizer","description":"Control 2023 trade fair: Focus on future-oriented quality assurance. Innovative strength and internationality characterize the trade fair.","robots":{"index":"index","follow":"follow","max-snippet":"max-snippet:-1","max-image-preview":"max-image-preview:large","max-video-preview":"max-video-preview:-1"},"canonical":"https:\/\/www.organisator.ch\/en\/operational-excellence\/2023-05-16\/fachmesse-control-2023-stiess-auf-begeisterung\/","og_locale":"en_US","og_type":"article","og_title":"Fachmesse Control 2023 stiess auf Begeisterung - Organisator","og_description":"Fachmesse Control 2023: Zukunftsweisende Qualit\u00e4tssicherung im Fokus. Innovationskraft und Internationalit\u00e4t pr\u00e4gen die Messe.","og_url":"https:\/\/www.organisator.ch\/en\/operational-excellence\/2023-05-16\/fachmesse-control-2023-stiess-auf-begeisterung\/","og_site_name":"Organisator","article_publisher":"https:\/\/www.facebook.com\/OrganisatorFachmagazin","article_published_time":"2023-05-16T05:49:12+00:00","article_modified_time":"2024-11-16T07:41:56+00:00","og_image":[{"url":"https:\/\/www.organisator.ch\/wp-content\/uploads\/2022\/11\/Organisator-Neues-Aktienrecht-Mehr-Flexibilitaet-bei-der-Unternehmensgruendung.jpg","width":768,"height":522,"type":"image\/jpeg"}],"author":"galledia","twitter_card":"summary_large_image","twitter_creator":"@admin","schema":{"@context":"https:\/\/schema.org","@graph":[{"@type":"Article","@id":"https:\/\/www.organisator.ch\/operational-excellence\/2023-05-16\/fachmesse-control-2023-stiess-auf-begeisterung\/#article","isPartOf":{"@id":"https:\/\/www.organisator.ch\/operational-excellence\/2023-05-16\/fachmesse-control-2023-stiess-auf-begeisterung\/"},"author":{"name":"galledia","@id":"https:\/\/www.organisator.ch\/#\/schema\/person\/4e51799071cd2dd1232ac003643ef5f0"},"headline":"Fachmesse Control 2023 stiess auf Begeisterung","datePublished":"2023-05-16T05:49:12+00:00","dateModified":"2024-11-16T07:41:56+00:00","mainEntityOfPage":{"@id":"https:\/\/www.organisator.ch\/operational-excellence\/2023-05-16\/fachmesse-control-2023-stiess-auf-begeisterung\/"},"wordCount":827,"publisher":{"@id":"https:\/\/www.organisator.ch\/#organization"},"image":{"@id":"https:\/\/www.organisator.ch\/operational-excellence\/2023-05-16\/fachmesse-control-2023-stiess-auf-begeisterung\/#primaryimage"},"thumbnailUrl":"https:\/\/www.organisator.ch\/wp-content\/uploads\/2022\/11\/Organisator-Neues-Aktienrecht-Mehr-Flexibilitaet-bei-der-Unternehmensgruendung.jpg","articleSection":["OPERATIONAL EXCELLENCE"],"inLanguage":"en-US"},{"@type":"WebPage","@id":"https:\/\/www.organisator.ch\/operational-excellence\/2023-05-16\/fachmesse-control-2023-stiess-auf-begeisterung\/","url":"https:\/\/www.organisator.ch\/operational-excellence\/2023-05-16\/fachmesse-control-2023-stiess-auf-begeisterung\/","name":"Control 2023 trade fair met with enthusiasm - organizer","isPartOf":{"@id":"https:\/\/www.organisator.ch\/#website"},"primaryImageOfPage":{"@id":"https:\/\/www.organisator.ch\/operational-excellence\/2023-05-16\/fachmesse-control-2023-stiess-auf-begeisterung\/#primaryimage"},"image":{"@id":"https:\/\/www.organisator.ch\/operational-excellence\/2023-05-16\/fachmesse-control-2023-stiess-auf-begeisterung\/#primaryimage"},"thumbnailUrl":"https:\/\/www.organisator.ch\/wp-content\/uploads\/2022\/11\/Organisator-Neues-Aktienrecht-Mehr-Flexibilitaet-bei-der-Unternehmensgruendung.jpg","datePublished":"2023-05-16T05:49:12+00:00","dateModified":"2024-11-16T07:41:56+00:00","description":"Control 2023 trade fair: Focus on future-oriented quality assurance. Innovative strength and internationality characterize the trade fair.","breadcrumb":{"@id":"https:\/\/www.organisator.ch\/operational-excellence\/2023-05-16\/fachmesse-control-2023-stiess-auf-begeisterung\/#breadcrumb"},"inLanguage":"en-US","potentialAction":[{"@type":"ReadAction","target":["https:\/\/www.organisator.ch\/operational-excellence\/2023-05-16\/fachmesse-control-2023-stiess-auf-begeisterung\/"]}]},{"@type":"ImageObject","inLanguage":"en-US","@id":"https:\/\/www.organisator.ch\/operational-excellence\/2023-05-16\/fachmesse-control-2023-stiess-auf-begeisterung\/#primaryimage","url":"https:\/\/www.organisator.ch\/wp-content\/uploads\/2022\/11\/Organisator-Neues-Aktienrecht-Mehr-Flexibilitaet-bei-der-Unternehmensgruendung.jpg","contentUrl":"https:\/\/www.organisator.ch\/wp-content\/uploads\/2022\/11\/Organisator-Neues-Aktienrecht-Mehr-Flexibilitaet-bei-der-Unternehmensgruendung.jpg"},{"@type":"BreadcrumbList","@id":"https:\/\/www.organisator.ch\/operational-excellence\/2023-05-16\/fachmesse-control-2023-stiess-auf-begeisterung\/#breadcrumb","itemListElement":[{"@type":"ListItem","position":1,"name":"Home","item":"https:\/\/www.organisator.ch\/"},{"@type":"ListItem","position":2,"name":"Fachmesse Control 2023 stiess auf Begeisterung"}]},{"@type":"WebSite","@id":"https:\/\/www.organisator.ch\/#website","url":"https:\/\/www.organisator.ch\/","name":"Organizer","description":"Competent. Practical. In 10 issues per year, ORGANISATOR presents the essential topics for managers of SMEs.","publisher":{"@id":"https:\/\/www.organisator.ch\/#organization"},"potentialAction":[{"@type":"SearchAction","target":{"@type":"EntryPoint","urlTemplate":"https:\/\/www.organisator.ch\/?s={search_term_string}"},"query-input":{"@type":"PropertyValueSpecification","valueRequired":true,"valueName":"search_term_string"}}],"inLanguage":"en-US"},{"@type":"Organization","@id":"https:\/\/www.organisator.ch\/#organization","name":"Organizer","url":"https:\/\/www.organisator.ch\/","logo":{"@type":"ImageObject","inLanguage":"en-US","@id":"https:\/\/www.organisator.ch\/#\/schema\/logo\/image\/","url":"https:\/\/www.organisator.ch\/wp-content\/uploads\/2022\/01\/Logo_Organisator_Website.png","contentUrl":"https:\/\/www.organisator.ch\/wp-content\/uploads\/2022\/01\/Logo_Organisator_Website.png","width":800,"height":77,"caption":"Organisator"},"image":{"@id":"https:\/\/www.organisator.ch\/#\/schema\/logo\/image\/"},"sameAs":["https:\/\/www.facebook.com\/OrganisatorFachmagazin","https:\/\/www.linkedin.com\/showcase\/organisator-das-magazin-fr-kmu","https:\/\/www.xing.com\/news\/pages\/organisator-ch-695","https:\/\/www.youtube.com\/channel\/UCGP2Sq0iWaZwT3BdIAQFYpw"]},{"@type":"Person","@id":"https:\/\/www.organisator.ch\/#\/schema\/person\/4e51799071cd2dd1232ac003643ef5f0","name":"galledia","image":{"@type":"ImageObject","inLanguage":"en-US","@id":"https:\/\/secure.gravatar.com\/avatar\/78a7f90c01fc2bfc875782a0d4922b37cde2cf184ce347b91316d23cd7f69a36?s=96&d=mm&r=g","url":"https:\/\/secure.gravatar.com\/avatar\/78a7f90c01fc2bfc875782a0d4922b37cde2cf184ce347b91316d23cd7f69a36?s=96&d=mm&r=g","contentUrl":"https:\/\/secure.gravatar.com\/avatar\/78a7f90c01fc2bfc875782a0d4922b37cde2cf184ce347b91316d23cd7f69a36?s=96&d=mm&r=g","caption":"galledia"},"sameAs":["https:\/\/x.com\/admin"],"url":"https:\/\/www.organisator.ch\/en\/author\/galledia\/"}]}},"_links":{"self":[{"href":"https:\/\/www.organisator.ch\/en\/wp-json\/wp\/v2\/posts\/20165","targetHints":{"allow":["GET"]}}],"collection":[{"href":"https:\/\/www.organisator.ch\/en\/wp-json\/wp\/v2\/posts"}],"about":[{"href":"https:\/\/www.organisator.ch\/en\/wp-json\/wp\/v2\/types\/post"}],"author":[{"embeddable":true,"href":"https:\/\/www.organisator.ch\/en\/wp-json\/wp\/v2\/users\/8"}],"replies":[{"embeddable":true,"href":"https:\/\/www.organisator.ch\/en\/wp-json\/wp\/v2\/comments?post=20165"}],"version-history":[{"count":6,"href":"https:\/\/www.organisator.ch\/en\/wp-json\/wp\/v2\/posts\/20165\/revisions"}],"predecessor-version":[{"id":33145,"href":"https:\/\/www.organisator.ch\/en\/wp-json\/wp\/v2\/posts\/20165\/revisions\/33145"}],"wp:attachment":[{"href":"https:\/\/www.organisator.ch\/en\/wp-json\/wp\/v2\/media?parent=20165"}],"wp:term":[{"taxonomy":"category","embeddable":true,"href":"https:\/\/www.organisator.ch\/en\/wp-json\/wp\/v2\/categories?post=20165"},{"taxonomy":"post_tag","embeddable":true,"href":"https:\/\/www.organisator.ch\/en\/wp-json\/wp\/v2\/tags?post=20165"}],"curies":[{"name":"wp","href":"https:\/\/api.w.org\/{rel}","templated":true}]}}