{"id":20306,"date":"2023-06-06T04:59:53","date_gmt":"2023-06-06T02:59:53","guid":{"rendered":"https:\/\/www.organisator.ch\/de\/?p=20306"},"modified":"2023-05-26T15:12:14","modified_gmt":"2023-05-26T13:12:14","slug":"corporate-behaviour-zwischen-marketing-identitaet-und-wertekultur","status":"publish","type":"post","link":"https:\/\/www.organisator.ch\/en\/marketing\/2023-06-06\/corporate-behaviour-zwischen-marketing-identitaet-und-wertekultur\/","title":{"rendered":"Corporate Behavior: Between Marketing, Identity and Value Culture"},"content":{"rendered":"<div class=\"swpm-post-not-logged-in-msg\">You need to be logged in to view this content. Please <a class=\"swpm-login-link\" href=\"https:\/\/www.organisator.ch\/login\/\">Log In<\/a>. Not a Member? <a href=\"https:\/\/www.organisator.ch\/shop\/\">Join Us<\/a><\/div>","protected":false},"excerpt":{"rendered":"<p>As part of corporate identity, corporate behavior regulates the code of conduct toward customers and employees. Despite its important influence on image and marketing, it is still treated stepmotherly in many places.<\/p>","protected":false},"author":1,"featured_media":20313,"comment_status":"closed","ping_status":"closed","sticky":false,"template":"","format":"standard","meta":{"_acf_changed":false,"_yoast_wpseo_focuskw":"Corporate Behaviour","_yoast_wpseo_metadesc":"Als Teil der Corporate Identity regelt das Corporate Behaviour den Verhaltenscodex gegen\u00fcber Kunden und Mitarbeitenden.","articlekey":"39150","footnotes":""},"categories":[578,29],"tags":[3789,3392,339],"class_list":["post-20306","post","type-post","status-publish","format-standard","has-post-thumbnail","hentry","category-abo","category-marketing","tag-corporate-behaviour","tag-corporate-identity","tag-marketing"],"acf":[],"yoast_head":"<!-- This site is optimized with the Yoast SEO plugin v27.5 - https:\/\/yoast.com\/product\/yoast-seo-wordpress\/ -->\n<title>Corporate Behaviour: Zwischen Marketing, Identit\u00e4t und Wertekultur - Organisator<\/title>\n<meta name=\"description\" content=\"Als Teil der Corporate Identity regelt das Corporate Behaviour den Verhaltenscodex gegen\u00fcber Kunden und Mitarbeitenden.\" \/>\n<meta name=\"robots\" content=\"index, follow, max-snippet:-1, max-image-preview:large, max-video-preview:-1\" \/>\n<link rel=\"canonical\" href=\"https:\/\/www.organisator.ch\/en\/marketing\/2023-06-06\/corporate-behaviour-zwischen-marketing-identitaet-und-wertekultur\/\" \/>\n<meta property=\"og:locale\" content=\"en_US\" \/>\n<meta property=\"og:type\" content=\"article\" \/>\n<meta property=\"og:title\" content=\"Corporate Behaviour: Zwischen Marketing, Identit\u00e4t und Wertekultur - Organisator\" \/>\n<meta property=\"og:description\" content=\"Als Teil der Corporate Identity regelt das Corporate Behaviour den Verhaltenscodex gegen\u00fcber Kunden und Mitarbeitenden.\" \/>\n<meta property=\"og:url\" content=\"https:\/\/www.organisator.ch\/en\/marketing\/2023-06-06\/corporate-behaviour-zwischen-marketing-identitaet-und-wertekultur\/\" \/>\n<meta property=\"og:site_name\" content=\"Organisator\" \/>\n<meta property=\"article:publisher\" content=\"https:\/\/www.facebook.com\/OrganisatorFachmagazin\" \/>\n<meta property=\"article:published_time\" content=\"2023-06-06T02:59:53+00:00\" \/>\n<meta property=\"og:image\" content=\"https:\/\/www.organisator.ch\/wp-content\/uploads\/2023\/05\/Marketing_Auftakt_Aufmacherbild_organisator_45585-scaled.jpg\" \/>\n\t<meta property=\"og:image:width\" content=\"1042\" \/>\n\t<meta property=\"og:image:height\" content=\"1400\" \/>\n\t<meta property=\"og:image:type\" content=\"image\/jpeg\" \/>\n<meta name=\"author\" content=\"admin\" \/>\n<meta name=\"twitter:card\" content=\"summary_large_image\" \/>\n<script type=\"application\/ld+json\" class=\"yoast-schema-graph\">{\"@context\":\"https:\\\/\\\/schema.org\",\"@graph\":[{\"@type\":\"Article\",\"@id\":\"https:\\\/\\\/www.organisator.ch\\\/marketing\\\/2023-06-06\\\/corporate-behaviour-zwischen-marketing-identitaet-und-wertekultur\\\/#article\",\"isPartOf\":{\"@id\":\"https:\\\/\\\/www.organisator.ch\\\/marketing\\\/2023-06-06\\\/corporate-behaviour-zwischen-marketing-identitaet-und-wertekultur\\\/\"},\"author\":{\"name\":\"admin\",\"@id\":\"https:\\\/\\\/www.organisator.ch\\\/#\\\/schema\\\/person\\\/aa2bace6c5c5aad60102004a50c4eb1c\"},\"headline\":\"Corporate Behaviour: Zwischen Marketing, Identit\u00e4t und Wertekultur\",\"datePublished\":\"2023-06-06T02:59:53+00:00\",\"mainEntityOfPage\":{\"@id\":\"https:\\\/\\\/www.organisator.ch\\\/marketing\\\/2023-06-06\\\/corporate-behaviour-zwischen-marketing-identitaet-und-wertekultur\\\/\"},\"wordCount\":1016,\"publisher\":{\"@id\":\"https:\\\/\\\/www.organisator.ch\\\/#organization\"},\"image\":{\"@id\":\"https:\\\/\\\/www.organisator.ch\\\/marketing\\\/2023-06-06\\\/corporate-behaviour-zwischen-marketing-identitaet-und-wertekultur\\\/#primaryimage\"},\"thumbnailUrl\":\"https:\\\/\\\/www.organisator.ch\\\/wp-content\\\/uploads\\\/2023\\\/05\\\/Marketing_Auftakt_Aufmacherbild_organisator_45585-scaled.jpg\",\"keywords\":[\"Corporate Behaviour\",\"Corporate Identity\",\"Marketing\"],\"articleSection\":[\"ABO+\",\"MARKETING\"],\"inLanguage\":\"en-US\"},{\"@type\":\"WebPage\",\"@id\":\"https:\\\/\\\/www.organisator.ch\\\/marketing\\\/2023-06-06\\\/corporate-behaviour-zwischen-marketing-identitaet-und-wertekultur\\\/\",\"url\":\"https:\\\/\\\/www.organisator.ch\\\/marketing\\\/2023-06-06\\\/corporate-behaviour-zwischen-marketing-identitaet-und-wertekultur\\\/\",\"name\":\"Corporate Behaviour: Zwischen Marketing, Identit\u00e4t und Wertekultur - Organisator\",\"isPartOf\":{\"@id\":\"https:\\\/\\\/www.organisator.ch\\\/#website\"},\"primaryImageOfPage\":{\"@id\":\"https:\\\/\\\/www.organisator.ch\\\/marketing\\\/2023-06-06\\\/corporate-behaviour-zwischen-marketing-identitaet-und-wertekultur\\\/#primaryimage\"},\"image\":{\"@id\":\"https:\\\/\\\/www.organisator.ch\\\/marketing\\\/2023-06-06\\\/corporate-behaviour-zwischen-marketing-identitaet-und-wertekultur\\\/#primaryimage\"},\"thumbnailUrl\":\"https:\\\/\\\/www.organisator.ch\\\/wp-content\\\/uploads\\\/2023\\\/05\\\/Marketing_Auftakt_Aufmacherbild_organisator_45585-scaled.jpg\",\"datePublished\":\"2023-06-06T02:59:53+00:00\",\"description\":\"Als Teil der Corporate Identity regelt das Corporate Behaviour den Verhaltenscodex gegen\u00fcber Kunden und Mitarbeitenden.\",\"breadcrumb\":{\"@id\":\"https:\\\/\\\/www.organisator.ch\\\/marketing\\\/2023-06-06\\\/corporate-behaviour-zwischen-marketing-identitaet-und-wertekultur\\\/#breadcrumb\"},\"inLanguage\":\"en-US\",\"potentialAction\":[{\"@type\":\"ReadAction\",\"target\":[\"https:\\\/\\\/www.organisator.ch\\\/marketing\\\/2023-06-06\\\/corporate-behaviour-zwischen-marketing-identitaet-und-wertekultur\\\/\"]}]},{\"@type\":\"ImageObject\",\"inLanguage\":\"en-US\",\"@id\":\"https:\\\/\\\/www.organisator.ch\\\/marketing\\\/2023-06-06\\\/corporate-behaviour-zwischen-marketing-identitaet-und-wertekultur\\\/#primaryimage\",\"url\":\"https:\\\/\\\/www.organisator.ch\\\/wp-content\\\/uploads\\\/2023\\\/05\\\/Marketing_Auftakt_Aufmacherbild_organisator_45585-scaled.jpg\",\"contentUrl\":\"https:\\\/\\\/www.organisator.ch\\\/wp-content\\\/uploads\\\/2023\\\/05\\\/Marketing_Auftakt_Aufmacherbild_organisator_45585-scaled.jpg\",\"width\":1042,\"height\":1400,\"caption\":\"Als Teil der Corporate Identity regelt das Corporate Behaviour den Verhaltenscodex gegen\u00fcber Kunden und Mitarbeitenden. (Bild: gustavofrazao \\\/ Depositphotos.com)\"},{\"@type\":\"BreadcrumbList\",\"@id\":\"https:\\\/\\\/www.organisator.ch\\\/marketing\\\/2023-06-06\\\/corporate-behaviour-zwischen-marketing-identitaet-und-wertekultur\\\/#breadcrumb\",\"itemListElement\":[{\"@type\":\"ListItem\",\"position\":1,\"name\":\"Home\",\"item\":\"https:\\\/\\\/www.organisator.ch\\\/\"},{\"@type\":\"ListItem\",\"position\":2,\"name\":\"Corporate Behaviour: Zwischen Marketing, Identit\u00e4t und Wertekultur\"}]},{\"@type\":\"WebSite\",\"@id\":\"https:\\\/\\\/www.organisator.ch\\\/#website\",\"url\":\"https:\\\/\\\/www.organisator.ch\\\/\",\"name\":\"Organisator\",\"description\":\"Kompetent. Praxisnah. Der ORGANISATOR bereitet in 10 Ausgaben pro Jahr die wesentlichen Themen f\u00fcr F\u00fchrungskr\u00e4fte von KMU auf.\",\"publisher\":{\"@id\":\"https:\\\/\\\/www.organisator.ch\\\/#organization\"},\"potentialAction\":[{\"@type\":\"SearchAction\",\"target\":{\"@type\":\"EntryPoint\",\"urlTemplate\":\"https:\\\/\\\/www.organisator.ch\\\/?s={search_term_string}\"},\"query-input\":{\"@type\":\"PropertyValueSpecification\",\"valueRequired\":true,\"valueName\":\"search_term_string\"}}],\"inLanguage\":\"en-US\"},{\"@type\":\"Organization\",\"@id\":\"https:\\\/\\\/www.organisator.ch\\\/#organization\",\"name\":\"Organisator\",\"url\":\"https:\\\/\\\/www.organisator.ch\\\/\",\"logo\":{\"@type\":\"ImageObject\",\"inLanguage\":\"en-US\",\"@id\":\"https:\\\/\\\/www.organisator.ch\\\/#\\\/schema\\\/logo\\\/image\\\/\",\"url\":\"https:\\\/\\\/www.organisator.ch\\\/wp-content\\\/uploads\\\/2022\\\/01\\\/Logo_Organisator_Website.png\",\"contentUrl\":\"https:\\\/\\\/www.organisator.ch\\\/wp-content\\\/uploads\\\/2022\\\/01\\\/Logo_Organisator_Website.png\",\"width\":800,\"height\":77,\"caption\":\"Organisator\"},\"image\":{\"@id\":\"https:\\\/\\\/www.organisator.ch\\\/#\\\/schema\\\/logo\\\/image\\\/\"},\"sameAs\":[\"https:\\\/\\\/www.facebook.com\\\/OrganisatorFachmagazin\",\"https:\\\/\\\/www.linkedin.com\\\/showcase\\\/organisator-das-magazin-fr-kmu\",\"https:\\\/\\\/www.xing.com\\\/news\\\/pages\\\/organisator-ch-695\",\"https:\\\/\\\/www.youtube.com\\\/channel\\\/UCGP2Sq0iWaZwT3BdIAQFYpw\"]},{\"@type\":\"Person\",\"@id\":\"https:\\\/\\\/www.organisator.ch\\\/#\\\/schema\\\/person\\\/aa2bace6c5c5aad60102004a50c4eb1c\",\"name\":\"admin\",\"image\":{\"@type\":\"ImageObject\",\"inLanguage\":\"en-US\",\"@id\":\"https:\\\/\\\/secure.gravatar.com\\\/avatar\\\/ae2f4d718e6c49043e314ce431e7e645d646302a24a5ef5a8bc8e3f5a032e319?s=96&d=mm&r=g\",\"url\":\"https:\\\/\\\/secure.gravatar.com\\\/avatar\\\/ae2f4d718e6c49043e314ce431e7e645d646302a24a5ef5a8bc8e3f5a032e319?s=96&d=mm&r=g\",\"contentUrl\":\"https:\\\/\\\/secure.gravatar.com\\\/avatar\\\/ae2f4d718e6c49043e314ce431e7e645d646302a24a5ef5a8bc8e3f5a032e319?s=96&d=mm&r=g\",\"caption\":\"admin\"},\"sameAs\":[\"https:\\\/\\\/www.organisator.ch\"],\"url\":\"https:\\\/\\\/www.organisator.ch\\\/en\\\/author\\\/admin\\\/\"}]}<\/script>\n<!-- \/ Yoast SEO plugin. -->","yoast_head_json":{"title":"Corporate Behaviour: Between Marketing, Identity and Value Culture - Organizer","description":"As part of the corporate identity, the corporate behavior regulates the code of conduct towards customers and employees.","robots":{"index":"index","follow":"follow","max-snippet":"max-snippet:-1","max-image-preview":"max-image-preview:large","max-video-preview":"max-video-preview:-1"},"canonical":"https:\/\/www.organisator.ch\/en\/marketing\/2023-06-06\/corporate-behaviour-zwischen-marketing-identitaet-und-wertekultur\/","og_locale":"en_US","og_type":"article","og_title":"Corporate Behaviour: Zwischen Marketing, Identit\u00e4t und Wertekultur - Organisator","og_description":"Als Teil der Corporate Identity regelt das Corporate Behaviour den Verhaltenscodex gegen\u00fcber Kunden und Mitarbeitenden.","og_url":"https:\/\/www.organisator.ch\/en\/marketing\/2023-06-06\/corporate-behaviour-zwischen-marketing-identitaet-und-wertekultur\/","og_site_name":"Organisator","article_publisher":"https:\/\/www.facebook.com\/OrganisatorFachmagazin","article_published_time":"2023-06-06T02:59:53+00:00","og_image":[{"width":1042,"height":1400,"url":"https:\/\/www.organisator.ch\/wp-content\/uploads\/2023\/05\/Marketing_Auftakt_Aufmacherbild_organisator_45585-scaled.jpg","type":"image\/jpeg"}],"author":"admin","twitter_card":"summary_large_image","schema":{"@context":"https:\/\/schema.org","@graph":[{"@type":"Article","@id":"https:\/\/www.organisator.ch\/marketing\/2023-06-06\/corporate-behaviour-zwischen-marketing-identitaet-und-wertekultur\/#article","isPartOf":{"@id":"https:\/\/www.organisator.ch\/marketing\/2023-06-06\/corporate-behaviour-zwischen-marketing-identitaet-und-wertekultur\/"},"author":{"name":"admin","@id":"https:\/\/www.organisator.ch\/#\/schema\/person\/aa2bace6c5c5aad60102004a50c4eb1c"},"headline":"Corporate Behaviour: Zwischen Marketing, Identit\u00e4t und Wertekultur","datePublished":"2023-06-06T02:59:53+00:00","mainEntityOfPage":{"@id":"https:\/\/www.organisator.ch\/marketing\/2023-06-06\/corporate-behaviour-zwischen-marketing-identitaet-und-wertekultur\/"},"wordCount":1016,"publisher":{"@id":"https:\/\/www.organisator.ch\/#organization"},"image":{"@id":"https:\/\/www.organisator.ch\/marketing\/2023-06-06\/corporate-behaviour-zwischen-marketing-identitaet-und-wertekultur\/#primaryimage"},"thumbnailUrl":"https:\/\/www.organisator.ch\/wp-content\/uploads\/2023\/05\/Marketing_Auftakt_Aufmacherbild_organisator_45585-scaled.jpg","keywords":["Corporate Behaviour","Corporate Identity","Marketing"],"articleSection":["ABO+","MARKETING"],"inLanguage":"en-US"},{"@type":"WebPage","@id":"https:\/\/www.organisator.ch\/marketing\/2023-06-06\/corporate-behaviour-zwischen-marketing-identitaet-und-wertekultur\/","url":"https:\/\/www.organisator.ch\/marketing\/2023-06-06\/corporate-behaviour-zwischen-marketing-identitaet-und-wertekultur\/","name":"Corporate Behaviour: Between Marketing, Identity and Value Culture - Organizer","isPartOf":{"@id":"https:\/\/www.organisator.ch\/#website"},"primaryImageOfPage":{"@id":"https:\/\/www.organisator.ch\/marketing\/2023-06-06\/corporate-behaviour-zwischen-marketing-identitaet-und-wertekultur\/#primaryimage"},"image":{"@id":"https:\/\/www.organisator.ch\/marketing\/2023-06-06\/corporate-behaviour-zwischen-marketing-identitaet-und-wertekultur\/#primaryimage"},"thumbnailUrl":"https:\/\/www.organisator.ch\/wp-content\/uploads\/2023\/05\/Marketing_Auftakt_Aufmacherbild_organisator_45585-scaled.jpg","datePublished":"2023-06-06T02:59:53+00:00","description":"As part of the corporate identity, the corporate behavior regulates the code of conduct towards customers and employees.","breadcrumb":{"@id":"https:\/\/www.organisator.ch\/marketing\/2023-06-06\/corporate-behaviour-zwischen-marketing-identitaet-und-wertekultur\/#breadcrumb"},"inLanguage":"en-US","potentialAction":[{"@type":"ReadAction","target":["https:\/\/www.organisator.ch\/marketing\/2023-06-06\/corporate-behaviour-zwischen-marketing-identitaet-und-wertekultur\/"]}]},{"@type":"ImageObject","inLanguage":"en-US","@id":"https:\/\/www.organisator.ch\/marketing\/2023-06-06\/corporate-behaviour-zwischen-marketing-identitaet-und-wertekultur\/#primaryimage","url":"https:\/\/www.organisator.ch\/wp-content\/uploads\/2023\/05\/Marketing_Auftakt_Aufmacherbild_organisator_45585-scaled.jpg","contentUrl":"https:\/\/www.organisator.ch\/wp-content\/uploads\/2023\/05\/Marketing_Auftakt_Aufmacherbild_organisator_45585-scaled.jpg","width":1042,"height":1400,"caption":"Als Teil der Corporate Identity regelt das Corporate Behaviour den Verhaltenscodex gegen\u00fcber Kunden und Mitarbeitenden. (Bild: gustavofrazao \/ Depositphotos.com)"},{"@type":"BreadcrumbList","@id":"https:\/\/www.organisator.ch\/marketing\/2023-06-06\/corporate-behaviour-zwischen-marketing-identitaet-und-wertekultur\/#breadcrumb","itemListElement":[{"@type":"ListItem","position":1,"name":"Home","item":"https:\/\/www.organisator.ch\/"},{"@type":"ListItem","position":2,"name":"Corporate Behaviour: Zwischen Marketing, Identit\u00e4t und Wertekultur"}]},{"@type":"WebSite","@id":"https:\/\/www.organisator.ch\/#website","url":"https:\/\/www.organisator.ch\/","name":"Organizer","description":"Competent. Practical. In 10 issues per year, ORGANISATOR presents the essential topics for managers of SMEs.","publisher":{"@id":"https:\/\/www.organisator.ch\/#organization"},"potentialAction":[{"@type":"SearchAction","target":{"@type":"EntryPoint","urlTemplate":"https:\/\/www.organisator.ch\/?s={search_term_string}"},"query-input":{"@type":"PropertyValueSpecification","valueRequired":true,"valueName":"search_term_string"}}],"inLanguage":"en-US"},{"@type":"Organization","@id":"https:\/\/www.organisator.ch\/#organization","name":"Organizer","url":"https:\/\/www.organisator.ch\/","logo":{"@type":"ImageObject","inLanguage":"en-US","@id":"https:\/\/www.organisator.ch\/#\/schema\/logo\/image\/","url":"https:\/\/www.organisator.ch\/wp-content\/uploads\/2022\/01\/Logo_Organisator_Website.png","contentUrl":"https:\/\/www.organisator.ch\/wp-content\/uploads\/2022\/01\/Logo_Organisator_Website.png","width":800,"height":77,"caption":"Organisator"},"image":{"@id":"https:\/\/www.organisator.ch\/#\/schema\/logo\/image\/"},"sameAs":["https:\/\/www.facebook.com\/OrganisatorFachmagazin","https:\/\/www.linkedin.com\/showcase\/organisator-das-magazin-fr-kmu","https:\/\/www.xing.com\/news\/pages\/organisator-ch-695","https:\/\/www.youtube.com\/channel\/UCGP2Sq0iWaZwT3BdIAQFYpw"]},{"@type":"Person","@id":"https:\/\/www.organisator.ch\/#\/schema\/person\/aa2bace6c5c5aad60102004a50c4eb1c","name":"admin","image":{"@type":"ImageObject","inLanguage":"en-US","@id":"https:\/\/secure.gravatar.com\/avatar\/ae2f4d718e6c49043e314ce431e7e645d646302a24a5ef5a8bc8e3f5a032e319?s=96&d=mm&r=g","url":"https:\/\/secure.gravatar.com\/avatar\/ae2f4d718e6c49043e314ce431e7e645d646302a24a5ef5a8bc8e3f5a032e319?s=96&d=mm&r=g","contentUrl":"https:\/\/secure.gravatar.com\/avatar\/ae2f4d718e6c49043e314ce431e7e645d646302a24a5ef5a8bc8e3f5a032e319?s=96&d=mm&r=g","caption":"admin"},"sameAs":["https:\/\/www.organisator.ch"],"url":"https:\/\/www.organisator.ch\/en\/author\/admin\/"}]}},"_links":{"self":[{"href":"https:\/\/www.organisator.ch\/en\/wp-json\/wp\/v2\/posts\/20306","targetHints":{"allow":["GET"]}}],"collection":[{"href":"https:\/\/www.organisator.ch\/en\/wp-json\/wp\/v2\/posts"}],"about":[{"href":"https:\/\/www.organisator.ch\/en\/wp-json\/wp\/v2\/types\/post"}],"author":[{"embeddable":true,"href":"https:\/\/www.organisator.ch\/en\/wp-json\/wp\/v2\/users\/1"}],"replies":[{"embeddable":true,"href":"https:\/\/www.organisator.ch\/en\/wp-json\/wp\/v2\/comments?post=20306"}],"version-history":[{"count":5,"href":"https:\/\/www.organisator.ch\/en\/wp-json\/wp\/v2\/posts\/20306\/revisions"}],"predecessor-version":[{"id":20473,"href":"https:\/\/www.organisator.ch\/en\/wp-json\/wp\/v2\/posts\/20306\/revisions\/20473"}],"wp:featuredmedia":[{"embeddable":true,"href":"https:\/\/www.organisator.ch\/en\/wp-json\/wp\/v2\/media\/20313"}],"wp:attachment":[{"href":"https:\/\/www.organisator.ch\/en\/wp-json\/wp\/v2\/media?parent=20306"}],"wp:term":[{"taxonomy":"category","embeddable":true,"href":"https:\/\/www.organisator.ch\/en\/wp-json\/wp\/v2\/categories?post=20306"},{"taxonomy":"post_tag","embeddable":true,"href":"https:\/\/www.organisator.ch\/en\/wp-json\/wp\/v2\/tags?post=20306"}],"curies":[{"name":"wp","href":"https:\/\/api.w.org\/{rel}","templated":true}]}}