{"id":20359,"date":"2023-05-23T08:59:59","date_gmt":"2023-05-23T06:59:59","guid":{"rendered":"https:\/\/www.organisator.ch\/?p=20359"},"modified":"2023-05-23T08:59:59","modified_gmt":"2023-05-23T06:59:59","slug":"uebernahme-von-leaseplan-durch-ald-automotive-abgeschlossen","status":"publish","type":"post","link":"https:\/\/www.organisator.ch\/en\/management\/2023-05-23\/uebernahme-von-leaseplan-durch-ald-automotive-abgeschlossen\/","title":{"rendered":"Acquisition of LeasePlan by ALD Automotive completed"},"content":{"rendered":"<figure id=\"attachment_20360\" aria-describedby=\"caption-attachment-20360\" style=\"width: 680px\" class=\"wp-caption alignnone\"><img loading=\"lazy\" decoding=\"async\" class=\"size-full wp-image-20360\" src=\"https:\/\/www.organisator.ch\/wp-content\/uploads\/2023\/05\/Uebernahme-von-LeasePlan-durch-ALD-Automotive-abgeschlossen_Organisator.jpg\" alt=\"\" width=\"680\" height=\"521\" srcset=\"https:\/\/www.organisator.ch\/wp-content\/uploads\/2023\/05\/Uebernahme-von-LeasePlan-durch-ALD-Automotive-abgeschlossen_Organisator.jpg 680w, https:\/\/www.organisator.ch\/wp-content\/uploads\/2023\/05\/Uebernahme-von-LeasePlan-durch-ALD-Automotive-abgeschlossen_Organisator-16x12.jpg 16w, https:\/\/www.organisator.ch\/wp-content\/uploads\/2023\/05\/Uebernahme-von-LeasePlan-durch-ALD-Automotive-abgeschlossen_Organisator-375x287.jpg 375w, https:\/\/www.organisator.ch\/wp-content\/uploads\/2023\/05\/Uebernahme-von-LeasePlan-durch-ALD-Automotive-abgeschlossen_Organisator-457x350.jpg 457w\" sizes=\"auto, (max-width: 680px) 100vw, 680px\" \/><figcaption id=\"caption-attachment-20360\" class=\"wp-caption-text\">Niklas Zetterlund is the new Country Managing Director of the merged ALD Automotive | LeasePlan Switzerland. (Image: ALD Automotive | LeasePlan)<\/figcaption><\/figure>\n<p>ALD Automotive has successfully completed the acquisition of LeasePlan, a leading global fleet management and mobility company, from a consortium led by TDR Capital. This acquisition creates a global leader in sustainable mobility with a total managed fleet of 3.3 million vehicles. By joining forces, ALD Automotive and LeasePlan will lead the way to carbon neutrality and the digital transformation of the industry, according to the statement. Due to its size and complementary capabilities, the company will further strengthen its competitiveness and achieve sustainable growth, the statement added. Following this acquisition, the two organizations will begin the process of integrating into a single company - subject to regulatory approval.<\/p>\n<h3>Niklas Zetterlund becomes new Country Managing Director<\/h3>\n<p>To lead the strategic development of the combined entity in Switzerland, Tim Albertsen, Chief Executive Officer of ALD Automotive | LeasePlan, has appointed Niklas Zetterlund, previously Managing Director of LeasePlan Switzerland, as Country Managing Director. This conditional appointment is effective immediately. Martin K\u00f6ssler, previously General Manager of ALD Automotive in Austria and Switzerland and Regional Director Central Europe, has been appointed Group Regional Director.<\/p>\n<p>Swedish-born Niklas Zetterlund is a proven mobility and digitalization expert and has many years of management experience, including as Operations Director of LeasePlan Sweden. About his new role, he says: \"I am very excited to join ALD Automotive | LeasePlan as Country Managing Director. The merger will allow us to transform the industry and, as it were, we are best positioned to provide even better services, solutions and benefits to our customers.\" He is also committed to accelerating the transition to electric vehicles. In this regard, Switzerland is home to <a href=\"https:\/\/www.organisator.ch\/de\/sustainability\/2023-05-09\/e-mobilitaet-schweiz-ist-gut-vorbereitet\/\">good conditions<\/a>.<\/p>\n<p><em>Source: <a href=\"http:\/\/www.aldautomotive.com\">http:\/\/www.aldautomotive.com<\/a><\/em><\/p>","protected":false},"excerpt":{"rendered":"<p>ALD Automotive has completed the acquisition of LeasePlan and announces changes in local management. The acquisition creates a sustainable mobility provider with a fleet of over 3 million vehicles. <\/p>","protected":false},"author":4,"featured_media":20360,"comment_status":"closed","ping_status":"closed","sticky":false,"template":"","format":"standard","meta":{"_acf_changed":false,"_yoast_wpseo_focuskw":"LeasePlan","_yoast_wpseo_metadesc":"ALD Automotive hat die \u00dcbernahme von LeasePlan abgeschlossen und gibt \u00c4nderungen im lokalen Management bekannt.","articlekey":"","footnotes":""},"categories":[28],"tags":[335,381,492],"class_list":["post-20359","post","type-post","status-publish","format-standard","has-post-thumbnail","hentry","category-management","tag-management-und-unternehmensfuehrung","tag-personalia","tag-unternehmen"],"acf":[],"yoast_head":"<!-- This site is optimized with the Yoast SEO plugin v27.5 - https:\/\/yoast.com\/product\/yoast-seo-wordpress\/ -->\n<title>\u00dcbernahme von LeasePlan durch ALD Automotive abgeschlossen - Organisator<\/title>\n<meta name=\"description\" content=\"ALD Automotive hat die \u00dcbernahme von LeasePlan abgeschlossen und gibt \u00c4nderungen im lokalen Management bekannt.\" \/>\n<meta name=\"robots\" content=\"index, follow, max-snippet:-1, max-image-preview:large, max-video-preview:-1\" \/>\n<link rel=\"canonical\" href=\"https:\/\/www.organisator.ch\/en\/management\/2023-05-23\/uebernahme-von-leaseplan-durch-ald-automotive-abgeschlossen\/\" \/>\n<meta property=\"og:locale\" content=\"en_US\" \/>\n<meta property=\"og:type\" content=\"article\" \/>\n<meta property=\"og:title\" content=\"\u00dcbernahme von LeasePlan durch ALD Automotive abgeschlossen\" \/>\n<meta property=\"og:description\" content=\"ALD Automotive hat die \u00dcbernahme von LeasePlan abgeschlossen und gibt \u00c4nderungen im lokalen Management bekannt.\" \/>\n<meta property=\"og:url\" content=\"https:\/\/www.organisator.ch\/en\/management\/2023-05-23\/uebernahme-von-leaseplan-durch-ald-automotive-abgeschlossen\/\" \/>\n<meta property=\"og:site_name\" content=\"Organisator\" \/>\n<meta property=\"article:publisher\" content=\"https:\/\/www.facebook.com\/OrganisatorFachmagazin\" \/>\n<meta property=\"article:published_time\" content=\"2023-05-23T06:59:59+00:00\" \/>\n<meta property=\"og:image\" content=\"https:\/\/www.organisator.ch\/wp-content\/uploads\/2023\/05\/Uebernahme-von-LeasePlan-durch-ALD-Automotive-abgeschlossen_Organisator.jpg\" \/>\n\t<meta property=\"og:image:width\" content=\"680\" \/>\n\t<meta property=\"og:image:height\" content=\"521\" \/>\n\t<meta property=\"og:image:type\" content=\"image\/jpeg\" \/>\n<meta name=\"author\" content=\"thomas.berner\" \/>\n<meta name=\"twitter:card\" content=\"summary_large_image\" \/>\n<meta name=\"twitter:title\" content=\"\u00dcbernahme von #LeasePlan durch #ALD Automotive abgeschlossen\" \/>\n<meta name=\"twitter:description\" content=\"#ALD Automotive hat die \u00dcbernahme von #LeasePlan abgeschlossen und gibt \u00c4nderungen im lokalen Management bekannt.\" \/>\n<meta name=\"twitter:image\" content=\"https:\/\/www.organisator.ch\/wp-content\/uploads\/2023\/05\/Uebernahme-von-LeasePlan-durch-ALD-Automotive-abgeschlossen_Organisator.jpg\" \/>\n<script type=\"application\/ld+json\" class=\"yoast-schema-graph\">{\"@context\":\"https:\\\/\\\/schema.org\",\"@graph\":[{\"@type\":\"Article\",\"@id\":\"https:\\\/\\\/www.organisator.ch\\\/management\\\/2023-05-23\\\/uebernahme-von-leaseplan-durch-ald-automotive-abgeschlossen\\\/#article\",\"isPartOf\":{\"@id\":\"https:\\\/\\\/www.organisator.ch\\\/management\\\/2023-05-23\\\/uebernahme-von-leaseplan-durch-ald-automotive-abgeschlossen\\\/\"},\"author\":{\"name\":\"thomas.berner\",\"@id\":\"https:\\\/\\\/www.organisator.ch\\\/#\\\/schema\\\/person\\\/6f650f90b2842cd4c0cc334b4e36f67e\"},\"headline\":\"\u00dcbernahme von LeasePlan durch ALD Automotive abgeschlossen\",\"datePublished\":\"2023-05-23T06:59:59+00:00\",\"mainEntityOfPage\":{\"@id\":\"https:\\\/\\\/www.organisator.ch\\\/management\\\/2023-05-23\\\/uebernahme-von-leaseplan-durch-ald-automotive-abgeschlossen\\\/\"},\"wordCount\":342,\"publisher\":{\"@id\":\"https:\\\/\\\/www.organisator.ch\\\/#organization\"},\"image\":{\"@id\":\"https:\\\/\\\/www.organisator.ch\\\/management\\\/2023-05-23\\\/uebernahme-von-leaseplan-durch-ald-automotive-abgeschlossen\\\/#primaryimage\"},\"thumbnailUrl\":\"https:\\\/\\\/www.organisator.ch\\\/wp-content\\\/uploads\\\/2023\\\/05\\\/Uebernahme-von-LeasePlan-durch-ALD-Automotive-abgeschlossen_Organisator.jpg\",\"keywords\":[\"Management und Unternehmensf\u00fchrung\",\"Personalia\",\"Unternehmen\"],\"articleSection\":[\"MANAGEMENT\"],\"inLanguage\":\"en-US\"},{\"@type\":\"WebPage\",\"@id\":\"https:\\\/\\\/www.organisator.ch\\\/management\\\/2023-05-23\\\/uebernahme-von-leaseplan-durch-ald-automotive-abgeschlossen\\\/\",\"url\":\"https:\\\/\\\/www.organisator.ch\\\/management\\\/2023-05-23\\\/uebernahme-von-leaseplan-durch-ald-automotive-abgeschlossen\\\/\",\"name\":\"\u00dcbernahme von LeasePlan durch ALD Automotive abgeschlossen - Organisator\",\"isPartOf\":{\"@id\":\"https:\\\/\\\/www.organisator.ch\\\/#website\"},\"primaryImageOfPage\":{\"@id\":\"https:\\\/\\\/www.organisator.ch\\\/management\\\/2023-05-23\\\/uebernahme-von-leaseplan-durch-ald-automotive-abgeschlossen\\\/#primaryimage\"},\"image\":{\"@id\":\"https:\\\/\\\/www.organisator.ch\\\/management\\\/2023-05-23\\\/uebernahme-von-leaseplan-durch-ald-automotive-abgeschlossen\\\/#primaryimage\"},\"thumbnailUrl\":\"https:\\\/\\\/www.organisator.ch\\\/wp-content\\\/uploads\\\/2023\\\/05\\\/Uebernahme-von-LeasePlan-durch-ALD-Automotive-abgeschlossen_Organisator.jpg\",\"datePublished\":\"2023-05-23T06:59:59+00:00\",\"description\":\"ALD Automotive hat die \u00dcbernahme von LeasePlan abgeschlossen und gibt \u00c4nderungen im lokalen Management bekannt.\",\"breadcrumb\":{\"@id\":\"https:\\\/\\\/www.organisator.ch\\\/management\\\/2023-05-23\\\/uebernahme-von-leaseplan-durch-ald-automotive-abgeschlossen\\\/#breadcrumb\"},\"inLanguage\":\"en-US\",\"potentialAction\":[{\"@type\":\"ReadAction\",\"target\":[\"https:\\\/\\\/www.organisator.ch\\\/management\\\/2023-05-23\\\/uebernahme-von-leaseplan-durch-ald-automotive-abgeschlossen\\\/\"]}]},{\"@type\":\"ImageObject\",\"inLanguage\":\"en-US\",\"@id\":\"https:\\\/\\\/www.organisator.ch\\\/management\\\/2023-05-23\\\/uebernahme-von-leaseplan-durch-ald-automotive-abgeschlossen\\\/#primaryimage\",\"url\":\"https:\\\/\\\/www.organisator.ch\\\/wp-content\\\/uploads\\\/2023\\\/05\\\/Uebernahme-von-LeasePlan-durch-ALD-Automotive-abgeschlossen_Organisator.jpg\",\"contentUrl\":\"https:\\\/\\\/www.organisator.ch\\\/wp-content\\\/uploads\\\/2023\\\/05\\\/Uebernahme-von-LeasePlan-durch-ALD-Automotive-abgeschlossen_Organisator.jpg\",\"width\":680,\"height\":521,\"caption\":\"Niklas Zetterlund ist neuer Country Managing Director der fusionierten ALD Automotive | LeasePlan Schweiz. (Bild: ALD Automotive | LeasePlan)\"},{\"@type\":\"BreadcrumbList\",\"@id\":\"https:\\\/\\\/www.organisator.ch\\\/management\\\/2023-05-23\\\/uebernahme-von-leaseplan-durch-ald-automotive-abgeschlossen\\\/#breadcrumb\",\"itemListElement\":[{\"@type\":\"ListItem\",\"position\":1,\"name\":\"Home\",\"item\":\"https:\\\/\\\/www.organisator.ch\\\/\"},{\"@type\":\"ListItem\",\"position\":2,\"name\":\"\u00dcbernahme von LeasePlan durch ALD Automotive abgeschlossen\"}]},{\"@type\":\"WebSite\",\"@id\":\"https:\\\/\\\/www.organisator.ch\\\/#website\",\"url\":\"https:\\\/\\\/www.organisator.ch\\\/\",\"name\":\"Organisator\",\"description\":\"Kompetent. Praxisnah. Der ORGANISATOR bereitet in 10 Ausgaben pro Jahr die wesentlichen Themen f\u00fcr F\u00fchrungskr\u00e4fte von KMU auf.\",\"publisher\":{\"@id\":\"https:\\\/\\\/www.organisator.ch\\\/#organization\"},\"potentialAction\":[{\"@type\":\"SearchAction\",\"target\":{\"@type\":\"EntryPoint\",\"urlTemplate\":\"https:\\\/\\\/www.organisator.ch\\\/?s={search_term_string}\"},\"query-input\":{\"@type\":\"PropertyValueSpecification\",\"valueRequired\":true,\"valueName\":\"search_term_string\"}}],\"inLanguage\":\"en-US\"},{\"@type\":\"Organization\",\"@id\":\"https:\\\/\\\/www.organisator.ch\\\/#organization\",\"name\":\"Organisator\",\"url\":\"https:\\\/\\\/www.organisator.ch\\\/\",\"logo\":{\"@type\":\"ImageObject\",\"inLanguage\":\"en-US\",\"@id\":\"https:\\\/\\\/www.organisator.ch\\\/#\\\/schema\\\/logo\\\/image\\\/\",\"url\":\"https:\\\/\\\/www.organisator.ch\\\/wp-content\\\/uploads\\\/2022\\\/01\\\/Logo_Organisator_Website.png\",\"contentUrl\":\"https:\\\/\\\/www.organisator.ch\\\/wp-content\\\/uploads\\\/2022\\\/01\\\/Logo_Organisator_Website.png\",\"width\":800,\"height\":77,\"caption\":\"Organisator\"},\"image\":{\"@id\":\"https:\\\/\\\/www.organisator.ch\\\/#\\\/schema\\\/logo\\\/image\\\/\"},\"sameAs\":[\"https:\\\/\\\/www.facebook.com\\\/OrganisatorFachmagazin\",\"https:\\\/\\\/www.linkedin.com\\\/showcase\\\/organisator-das-magazin-fr-kmu\",\"https:\\\/\\\/www.xing.com\\\/news\\\/pages\\\/organisator-ch-695\",\"https:\\\/\\\/www.youtube.com\\\/channel\\\/UCGP2Sq0iWaZwT3BdIAQFYpw\"]},{\"@type\":\"Person\",\"@id\":\"https:\\\/\\\/www.organisator.ch\\\/#\\\/schema\\\/person\\\/6f650f90b2842cd4c0cc334b4e36f67e\",\"name\":\"thomas.berner\",\"image\":{\"@type\":\"ImageObject\",\"inLanguage\":\"en-US\",\"@id\":\"https:\\\/\\\/secure.gravatar.com\\\/avatar\\\/ac5001d2a36cb6c6cd3e50789007ffca834b477b74a2144564522e944eabff61?s=96&d=mm&r=g\",\"url\":\"https:\\\/\\\/secure.gravatar.com\\\/avatar\\\/ac5001d2a36cb6c6cd3e50789007ffca834b477b74a2144564522e944eabff61?s=96&d=mm&r=g\",\"contentUrl\":\"https:\\\/\\\/secure.gravatar.com\\\/avatar\\\/ac5001d2a36cb6c6cd3e50789007ffca834b477b74a2144564522e944eabff61?s=96&d=mm&r=g\",\"caption\":\"thomas.berner\"},\"url\":\"https:\\\/\\\/www.organisator.ch\\\/en\\\/author\\\/thomas-berner\\\/\"}]}<\/script>\n<!-- \/ Yoast SEO plugin. -->","yoast_head_json":{"title":"Acquisition of LeasePlan by ALD Automotive completed - Organizer","description":"ALD Automotive has completed the acquisition of LeasePlan and announces changes in local management.","robots":{"index":"index","follow":"follow","max-snippet":"max-snippet:-1","max-image-preview":"max-image-preview:large","max-video-preview":"max-video-preview:-1"},"canonical":"https:\/\/www.organisator.ch\/en\/management\/2023-05-23\/uebernahme-von-leaseplan-durch-ald-automotive-abgeschlossen\/","og_locale":"en_US","og_type":"article","og_title":"\u00dcbernahme von LeasePlan durch ALD Automotive abgeschlossen","og_description":"ALD Automotive hat die \u00dcbernahme von LeasePlan abgeschlossen und gibt \u00c4nderungen im lokalen Management bekannt.","og_url":"https:\/\/www.organisator.ch\/en\/management\/2023-05-23\/uebernahme-von-leaseplan-durch-ald-automotive-abgeschlossen\/","og_site_name":"Organisator","article_publisher":"https:\/\/www.facebook.com\/OrganisatorFachmagazin","article_published_time":"2023-05-23T06:59:59+00:00","og_image":[{"width":680,"height":521,"url":"https:\/\/www.organisator.ch\/wp-content\/uploads\/2023\/05\/Uebernahme-von-LeasePlan-durch-ALD-Automotive-abgeschlossen_Organisator.jpg","type":"image\/jpeg"}],"author":"thomas.berner","twitter_card":"summary_large_image","twitter_title":"\u00dcbernahme von #LeasePlan durch #ALD Automotive abgeschlossen","twitter_description":"#ALD Automotive hat die \u00dcbernahme von #LeasePlan abgeschlossen und gibt \u00c4nderungen im lokalen Management bekannt.","twitter_image":"https:\/\/www.organisator.ch\/wp-content\/uploads\/2023\/05\/Uebernahme-von-LeasePlan-durch-ALD-Automotive-abgeschlossen_Organisator.jpg","schema":{"@context":"https:\/\/schema.org","@graph":[{"@type":"Article","@id":"https:\/\/www.organisator.ch\/management\/2023-05-23\/uebernahme-von-leaseplan-durch-ald-automotive-abgeschlossen\/#article","isPartOf":{"@id":"https:\/\/www.organisator.ch\/management\/2023-05-23\/uebernahme-von-leaseplan-durch-ald-automotive-abgeschlossen\/"},"author":{"name":"thomas.berner","@id":"https:\/\/www.organisator.ch\/#\/schema\/person\/6f650f90b2842cd4c0cc334b4e36f67e"},"headline":"\u00dcbernahme von LeasePlan durch ALD Automotive abgeschlossen","datePublished":"2023-05-23T06:59:59+00:00","mainEntityOfPage":{"@id":"https:\/\/www.organisator.ch\/management\/2023-05-23\/uebernahme-von-leaseplan-durch-ald-automotive-abgeschlossen\/"},"wordCount":342,"publisher":{"@id":"https:\/\/www.organisator.ch\/#organization"},"image":{"@id":"https:\/\/www.organisator.ch\/management\/2023-05-23\/uebernahme-von-leaseplan-durch-ald-automotive-abgeschlossen\/#primaryimage"},"thumbnailUrl":"https:\/\/www.organisator.ch\/wp-content\/uploads\/2023\/05\/Uebernahme-von-LeasePlan-durch-ALD-Automotive-abgeschlossen_Organisator.jpg","keywords":["Management und Unternehmensf\u00fchrung","Personalia","Unternehmen"],"articleSection":["MANAGEMENT"],"inLanguage":"en-US"},{"@type":"WebPage","@id":"https:\/\/www.organisator.ch\/management\/2023-05-23\/uebernahme-von-leaseplan-durch-ald-automotive-abgeschlossen\/","url":"https:\/\/www.organisator.ch\/management\/2023-05-23\/uebernahme-von-leaseplan-durch-ald-automotive-abgeschlossen\/","name":"Acquisition of LeasePlan by ALD Automotive completed - Organizer","isPartOf":{"@id":"https:\/\/www.organisator.ch\/#website"},"primaryImageOfPage":{"@id":"https:\/\/www.organisator.ch\/management\/2023-05-23\/uebernahme-von-leaseplan-durch-ald-automotive-abgeschlossen\/#primaryimage"},"image":{"@id":"https:\/\/www.organisator.ch\/management\/2023-05-23\/uebernahme-von-leaseplan-durch-ald-automotive-abgeschlossen\/#primaryimage"},"thumbnailUrl":"https:\/\/www.organisator.ch\/wp-content\/uploads\/2023\/05\/Uebernahme-von-LeasePlan-durch-ALD-Automotive-abgeschlossen_Organisator.jpg","datePublished":"2023-05-23T06:59:59+00:00","description":"ALD Automotive has completed the acquisition of LeasePlan and announces changes in local management.","breadcrumb":{"@id":"https:\/\/www.organisator.ch\/management\/2023-05-23\/uebernahme-von-leaseplan-durch-ald-automotive-abgeschlossen\/#breadcrumb"},"inLanguage":"en-US","potentialAction":[{"@type":"ReadAction","target":["https:\/\/www.organisator.ch\/management\/2023-05-23\/uebernahme-von-leaseplan-durch-ald-automotive-abgeschlossen\/"]}]},{"@type":"ImageObject","inLanguage":"en-US","@id":"https:\/\/www.organisator.ch\/management\/2023-05-23\/uebernahme-von-leaseplan-durch-ald-automotive-abgeschlossen\/#primaryimage","url":"https:\/\/www.organisator.ch\/wp-content\/uploads\/2023\/05\/Uebernahme-von-LeasePlan-durch-ALD-Automotive-abgeschlossen_Organisator.jpg","contentUrl":"https:\/\/www.organisator.ch\/wp-content\/uploads\/2023\/05\/Uebernahme-von-LeasePlan-durch-ALD-Automotive-abgeschlossen_Organisator.jpg","width":680,"height":521,"caption":"Niklas Zetterlund ist neuer Country Managing Director der fusionierten ALD Automotive | LeasePlan Schweiz. (Bild: ALD Automotive | LeasePlan)"},{"@type":"BreadcrumbList","@id":"https:\/\/www.organisator.ch\/management\/2023-05-23\/uebernahme-von-leaseplan-durch-ald-automotive-abgeschlossen\/#breadcrumb","itemListElement":[{"@type":"ListItem","position":1,"name":"Home","item":"https:\/\/www.organisator.ch\/"},{"@type":"ListItem","position":2,"name":"\u00dcbernahme von LeasePlan durch ALD Automotive abgeschlossen"}]},{"@type":"WebSite","@id":"https:\/\/www.organisator.ch\/#website","url":"https:\/\/www.organisator.ch\/","name":"Organizer","description":"Competent. Practical. In 10 issues per year, ORGANISATOR presents the essential topics for managers of SMEs.","publisher":{"@id":"https:\/\/www.organisator.ch\/#organization"},"potentialAction":[{"@type":"SearchAction","target":{"@type":"EntryPoint","urlTemplate":"https:\/\/www.organisator.ch\/?s={search_term_string}"},"query-input":{"@type":"PropertyValueSpecification","valueRequired":true,"valueName":"search_term_string"}}],"inLanguage":"en-US"},{"@type":"Organization","@id":"https:\/\/www.organisator.ch\/#organization","name":"Organizer","url":"https:\/\/www.organisator.ch\/","logo":{"@type":"ImageObject","inLanguage":"en-US","@id":"https:\/\/www.organisator.ch\/#\/schema\/logo\/image\/","url":"https:\/\/www.organisator.ch\/wp-content\/uploads\/2022\/01\/Logo_Organisator_Website.png","contentUrl":"https:\/\/www.organisator.ch\/wp-content\/uploads\/2022\/01\/Logo_Organisator_Website.png","width":800,"height":77,"caption":"Organisator"},"image":{"@id":"https:\/\/www.organisator.ch\/#\/schema\/logo\/image\/"},"sameAs":["https:\/\/www.facebook.com\/OrganisatorFachmagazin","https:\/\/www.linkedin.com\/showcase\/organisator-das-magazin-fr-kmu","https:\/\/www.xing.com\/news\/pages\/organisator-ch-695","https:\/\/www.youtube.com\/channel\/UCGP2Sq0iWaZwT3BdIAQFYpw"]},{"@type":"Person","@id":"https:\/\/www.organisator.ch\/#\/schema\/person\/6f650f90b2842cd4c0cc334b4e36f67e","name":"thomas.berner","image":{"@type":"ImageObject","inLanguage":"en-US","@id":"https:\/\/secure.gravatar.com\/avatar\/ac5001d2a36cb6c6cd3e50789007ffca834b477b74a2144564522e944eabff61?s=96&d=mm&r=g","url":"https:\/\/secure.gravatar.com\/avatar\/ac5001d2a36cb6c6cd3e50789007ffca834b477b74a2144564522e944eabff61?s=96&d=mm&r=g","contentUrl":"https:\/\/secure.gravatar.com\/avatar\/ac5001d2a36cb6c6cd3e50789007ffca834b477b74a2144564522e944eabff61?s=96&d=mm&r=g","caption":"thomas.berner"},"url":"https:\/\/www.organisator.ch\/en\/author\/thomas-berner\/"}]}},"_links":{"self":[{"href":"https:\/\/www.organisator.ch\/en\/wp-json\/wp\/v2\/posts\/20359","targetHints":{"allow":["GET"]}}],"collection":[{"href":"https:\/\/www.organisator.ch\/en\/wp-json\/wp\/v2\/posts"}],"about":[{"href":"https:\/\/www.organisator.ch\/en\/wp-json\/wp\/v2\/types\/post"}],"author":[{"embeddable":true,"href":"https:\/\/www.organisator.ch\/en\/wp-json\/wp\/v2\/users\/4"}],"replies":[{"embeddable":true,"href":"https:\/\/www.organisator.ch\/en\/wp-json\/wp\/v2\/comments?post=20359"}],"version-history":[{"count":1,"href":"https:\/\/www.organisator.ch\/en\/wp-json\/wp\/v2\/posts\/20359\/revisions"}],"predecessor-version":[{"id":20361,"href":"https:\/\/www.organisator.ch\/en\/wp-json\/wp\/v2\/posts\/20359\/revisions\/20361"}],"wp:featuredmedia":[{"embeddable":true,"href":"https:\/\/www.organisator.ch\/en\/wp-json\/wp\/v2\/media\/20360"}],"wp:attachment":[{"href":"https:\/\/www.organisator.ch\/en\/wp-json\/wp\/v2\/media?parent=20359"}],"wp:term":[{"taxonomy":"category","embeddable":true,"href":"https:\/\/www.organisator.ch\/en\/wp-json\/wp\/v2\/categories?post=20359"},{"taxonomy":"post_tag","embeddable":true,"href":"https:\/\/www.organisator.ch\/en\/wp-json\/wp\/v2\/tags?post=20359"}],"curies":[{"name":"wp","href":"https:\/\/api.w.org\/{rel}","templated":true}]}}