{"id":20434,"date":"2023-05-26T04:24:28","date_gmt":"2023-05-26T02:24:28","guid":{"rendered":"https:\/\/www.organisator.ch\/?p=20434"},"modified":"2023-06-15T11:04:17","modified_gmt":"2023-06-15T09:04:17","slug":"machen-sie-als-fuehrungskraft-diese-3-fehler","status":"publish","type":"post","link":"https:\/\/www.organisator.ch\/en\/management\/2023-05-26\/machen-sie-als-fuehrungskraft-diese-3-fehler\/","title":{"rendered":"As a leader, are you making these 3 mistakes?"},"content":{"rendered":"<figure id=\"attachment_20435\" aria-describedby=\"caption-attachment-20435\" style=\"width: 680px\" class=\"wp-caption alignnone\"><img loading=\"lazy\" decoding=\"async\" class=\"size-medium wp-image-20435\" src=\"https:\/\/www.organisator.ch\/wp-content\/uploads\/2023\/05\/Machen-Sie-als-Fuehrungskraft-diese-3-Fehler_Organisator-680x519.jpg\" alt=\"\" width=\"680\" height=\"519\" srcset=\"https:\/\/www.organisator.ch\/wp-content\/uploads\/2023\/05\/Machen-Sie-als-Fuehrungskraft-diese-3-Fehler_Organisator-680x519.jpg 680w, https:\/\/www.organisator.ch\/wp-content\/uploads\/2023\/05\/Machen-Sie-als-Fuehrungskraft-diese-3-Fehler_Organisator-1024x781.jpg 1024w, https:\/\/www.organisator.ch\/wp-content\/uploads\/2023\/05\/Machen-Sie-als-Fuehrungskraft-diese-3-Fehler_Organisator-768x586.jpg 768w, https:\/\/www.organisator.ch\/wp-content\/uploads\/2023\/05\/Machen-Sie-als-Fuehrungskraft-diese-3-Fehler_Organisator-16x12.jpg 16w, https:\/\/www.organisator.ch\/wp-content\/uploads\/2023\/05\/Machen-Sie-als-Fuehrungskraft-diese-3-Fehler_Organisator-375x286.jpg 375w, https:\/\/www.organisator.ch\/wp-content\/uploads\/2023\/05\/Machen-Sie-als-Fuehrungskraft-diese-3-Fehler_Organisator-459x350.jpg 459w, https:\/\/www.organisator.ch\/wp-content\/uploads\/2023\/05\/Machen-Sie-als-Fuehrungskraft-diese-3-Fehler_Organisator-1000x763.jpg 1000w, https:\/\/www.organisator.ch\/wp-content\/uploads\/2023\/05\/Machen-Sie-als-Fuehrungskraft-diese-3-Fehler_Organisator.jpg 1389w\" sizes=\"auto, (max-width: 680px) 100vw, 680px\" \/><figcaption id=\"caption-attachment-20435\" class=\"wp-caption-text\">On the wrong track: many leaders make crucial mistakes, preventing greater success. (Image: Unsplash.com)<\/figcaption><\/figure>\n<p>In this day and age, the world is constantly changing. What may have worked well 10 or 20 years ago is no longer sufficient today. Or it may even lead to the opposite effect. For example, most people were motivated by different things 20 or 30 years ago than they are today. Some things remain, of course. But many things also change.<\/p>\n<p>Here are what I see as the three biggest leadership failures today that you can take direct action on:<\/p>\n<h3><strong>Mistake No. 1: Ignoring technological innovations<\/strong><\/h3>\n<p>One of the biggest mistakes I see time and again is ignoring technological innovations. Many managers think that they don't need these innovations or don't need to know anything about them. But in today's world, technology and digitalization are indispensable and an important factor for the success of a company.<\/p>\n<p>As a leader, you should therefore deal intensively with these topics and always stay up to date. This also includes inspiring and supporting your employees to continue their education and keep up with the latest technologies.<\/p>\n<h3><strong>Mistake #2: Mediocre<\/strong><strong>Tolerate poor performance<\/strong><\/h3>\n<p>Another big mistake many leaders make is tolerating mediocre performance. As a leader, if you do not have clear expectations of your employees and do not consistently demand them, you will not achieve top performance.<\/p>\n<p>Mediocrity is the enemy of excellence. So you need to make sure that you have the right people on the team who will perform their tasks with high performance and commitment. You should also strive for high performance in yourself and constantly work on your own development.<\/p>\n<p>This is more important today than it was 10 or 20 years ago.<\/p>\n<h3><strong>Mistake No. 3: Preventing diversity - passively or actively<\/strong><\/h3>\n<p>The third mistake I see again and again is preventing diversity in the team. Diversity is not just about gender or ethnicity, but also about different ways of thinking and working. If you as a leader only focus on a homogeneous team, you miss out on the potential of different perspectives and skills.<\/p>\n<p>Diversity in the team promotes creativity, innovation and better results. So it's important to be open to diversity and brave enough to integrate different people with different backgrounds and experience into your team.<\/p>\n<h3><strong>Conclusion<\/strong><\/h3>\n<p>You can evaluate yourself on these three topics - and then take action accordingly. If you want to have a top team in the future, it is even more important that you act accordingly. Good luck with this!<\/p>\n<p>&nbsp;<\/p>\n<p><em><strong>To the author:<\/strong><br \/>\nVolkmar V\u00f6lzke is a success maximizer. Book author. Consultant. Coach. Speaker.\u00a0<a href=\"http:\/\/www.volkmarvoelzke.ch\/\">www.volkmarvoelzke.ch<\/a><\/em><\/p>","protected":false},"excerpt":{"rendered":"<p>\"When I look inside companies, I see the same mistakes in leadership again and again,\" says author Volkmar V\u00f6lzke. He explains in his new Success Impulse that this is not entirely unimportant and what these mistakes are.<\/p>","protected":false},"author":4,"featured_media":20435,"comment_status":"closed","ping_status":"closed","sticky":false,"template":"","format":"standard","meta":{"_acf_changed":false,"_yoast_wpseo_focuskw":"Fehler","_yoast_wpseo_metadesc":"\"Wenn ich in Unternehmen hineinschaue, sehe ich immer wieder dieselben Fehler im Leadership\", sagt Autor Volkmar V\u00f6lzke.","articlekey":"","footnotes":""},"categories":[28],"tags":[177,320,335],"class_list":["post-20434","post","type-post","status-publish","format-standard","has-post-thumbnail","hentry","category-management","tag-erfolgs-impuls","tag-leadership","tag-management-und-unternehmensfuehrung"],"acf":[],"yoast_head":"<!-- This site is optimized with the Yoast SEO plugin v27.5 - https:\/\/yoast.com\/product\/yoast-seo-wordpress\/ -->\n<title>Machen Sie als F\u00fchrungskraft diese 3 Fehler? - Organisator<\/title>\n<meta name=\"description\" content=\"&quot;Wenn ich in Unternehmen hineinschaue, sehe ich immer wieder dieselben Fehler im Leadership&quot;, sagt Autor Volkmar V\u00f6lzke.\" \/>\n<meta name=\"robots\" content=\"index, follow, max-snippet:-1, max-image-preview:large, max-video-preview:-1\" \/>\n<link rel=\"canonical\" href=\"https:\/\/www.organisator.ch\/en\/management\/2023-05-26\/machen-sie-als-fuehrungskraft-diese-3-fehler\/\" \/>\n<meta property=\"og:locale\" content=\"en_US\" \/>\n<meta property=\"og:type\" content=\"article\" \/>\n<meta property=\"og:title\" content=\"Machen Sie als F\u00fchrungskraft diese 3 Fehler?\" \/>\n<meta property=\"og:description\" content=\"&quot;Wenn ich in Unternehmen hineinschaue, sehe ich immer wieder dieselben Fehler im Leadership&quot;, sagt Autor Volkmar V\u00f6lzke.\" \/>\n<meta property=\"og:url\" content=\"https:\/\/www.organisator.ch\/en\/management\/2023-05-26\/machen-sie-als-fuehrungskraft-diese-3-fehler\/\" \/>\n<meta property=\"og:site_name\" content=\"Organisator\" \/>\n<meta property=\"article:publisher\" content=\"https:\/\/www.facebook.com\/OrganisatorFachmagazin\" \/>\n<meta property=\"article:published_time\" content=\"2023-05-26T02:24:28+00:00\" \/>\n<meta property=\"article:modified_time\" content=\"2023-06-15T09:04:17+00:00\" \/>\n<meta property=\"og:image\" content=\"https:\/\/www.organisator.ch\/wp-content\/uploads\/2023\/05\/Machen-Sie-als-Fuehrungskraft-diese-3-Fehler_Organisator.jpg\" \/>\n\t<meta property=\"og:image:width\" content=\"1389\" \/>\n\t<meta property=\"og:image:height\" content=\"1060\" \/>\n\t<meta property=\"og:image:type\" content=\"image\/jpeg\" \/>\n<meta name=\"author\" content=\"thomas.berner\" \/>\n<meta name=\"twitter:card\" content=\"summary_large_image\" \/>\n<meta name=\"twitter:title\" content=\"Machen Sie als #F\u00fchrungskraft diese 3 #Fehler?\" \/>\n<meta name=\"twitter:description\" content=\"&quot;Wenn ich in Unternehmen hineinschaue, sehe ich immer wieder dieselben Fehler im #Leadership&quot;, sagt Autor Volkmar #V\u00f6lzke.\" \/>\n<meta name=\"twitter:image\" content=\"https:\/\/www.organisator.ch\/wp-content\/uploads\/2023\/05\/Machen-Sie-als-Fuehrungskraft-diese-3-Fehler_Organisator.jpg\" \/>\n<script type=\"application\/ld+json\" class=\"yoast-schema-graph\">{\"@context\":\"https:\\\/\\\/schema.org\",\"@graph\":[{\"@type\":\"Article\",\"@id\":\"https:\\\/\\\/www.organisator.ch\\\/management\\\/2023-05-26\\\/machen-sie-als-fuehrungskraft-diese-3-fehler\\\/#article\",\"isPartOf\":{\"@id\":\"https:\\\/\\\/www.organisator.ch\\\/management\\\/2023-05-26\\\/machen-sie-als-fuehrungskraft-diese-3-fehler\\\/\"},\"author\":{\"name\":\"thomas.berner\",\"@id\":\"https:\\\/\\\/www.organisator.ch\\\/#\\\/schema\\\/person\\\/6f650f90b2842cd4c0cc334b4e36f67e\"},\"headline\":\"Machen Sie als F\u00fchrungskraft diese 3 Fehler?\",\"datePublished\":\"2023-05-26T02:24:28+00:00\",\"dateModified\":\"2023-06-15T09:04:17+00:00\",\"mainEntityOfPage\":{\"@id\":\"https:\\\/\\\/www.organisator.ch\\\/management\\\/2023-05-26\\\/machen-sie-als-fuehrungskraft-diese-3-fehler\\\/\"},\"wordCount\":464,\"publisher\":{\"@id\":\"https:\\\/\\\/www.organisator.ch\\\/#organization\"},\"image\":{\"@id\":\"https:\\\/\\\/www.organisator.ch\\\/management\\\/2023-05-26\\\/machen-sie-als-fuehrungskraft-diese-3-fehler\\\/#primaryimage\"},\"thumbnailUrl\":\"https:\\\/\\\/www.organisator.ch\\\/wp-content\\\/uploads\\\/2023\\\/05\\\/Machen-Sie-als-Fuehrungskraft-diese-3-Fehler_Organisator.jpg\",\"keywords\":[\"Erfolgs-Impuls\",\"Leadership\",\"Management und Unternehmensf\u00fchrung\"],\"articleSection\":[\"MANAGEMENT\"],\"inLanguage\":\"en-US\"},{\"@type\":\"WebPage\",\"@id\":\"https:\\\/\\\/www.organisator.ch\\\/management\\\/2023-05-26\\\/machen-sie-als-fuehrungskraft-diese-3-fehler\\\/\",\"url\":\"https:\\\/\\\/www.organisator.ch\\\/management\\\/2023-05-26\\\/machen-sie-als-fuehrungskraft-diese-3-fehler\\\/\",\"name\":\"Machen Sie als F\u00fchrungskraft diese 3 Fehler? - Organisator\",\"isPartOf\":{\"@id\":\"https:\\\/\\\/www.organisator.ch\\\/#website\"},\"primaryImageOfPage\":{\"@id\":\"https:\\\/\\\/www.organisator.ch\\\/management\\\/2023-05-26\\\/machen-sie-als-fuehrungskraft-diese-3-fehler\\\/#primaryimage\"},\"image\":{\"@id\":\"https:\\\/\\\/www.organisator.ch\\\/management\\\/2023-05-26\\\/machen-sie-als-fuehrungskraft-diese-3-fehler\\\/#primaryimage\"},\"thumbnailUrl\":\"https:\\\/\\\/www.organisator.ch\\\/wp-content\\\/uploads\\\/2023\\\/05\\\/Machen-Sie-als-Fuehrungskraft-diese-3-Fehler_Organisator.jpg\",\"datePublished\":\"2023-05-26T02:24:28+00:00\",\"dateModified\":\"2023-06-15T09:04:17+00:00\",\"description\":\"\\\"Wenn ich in Unternehmen hineinschaue, sehe ich immer wieder dieselben Fehler im Leadership\\\", sagt Autor Volkmar V\u00f6lzke.\",\"breadcrumb\":{\"@id\":\"https:\\\/\\\/www.organisator.ch\\\/management\\\/2023-05-26\\\/machen-sie-als-fuehrungskraft-diese-3-fehler\\\/#breadcrumb\"},\"inLanguage\":\"en-US\",\"potentialAction\":[{\"@type\":\"ReadAction\",\"target\":[\"https:\\\/\\\/www.organisator.ch\\\/management\\\/2023-05-26\\\/machen-sie-als-fuehrungskraft-diese-3-fehler\\\/\"]}]},{\"@type\":\"ImageObject\",\"inLanguage\":\"en-US\",\"@id\":\"https:\\\/\\\/www.organisator.ch\\\/management\\\/2023-05-26\\\/machen-sie-als-fuehrungskraft-diese-3-fehler\\\/#primaryimage\",\"url\":\"https:\\\/\\\/www.organisator.ch\\\/wp-content\\\/uploads\\\/2023\\\/05\\\/Machen-Sie-als-Fuehrungskraft-diese-3-Fehler_Organisator.jpg\",\"contentUrl\":\"https:\\\/\\\/www.organisator.ch\\\/wp-content\\\/uploads\\\/2023\\\/05\\\/Machen-Sie-als-Fuehrungskraft-diese-3-Fehler_Organisator.jpg\",\"width\":1389,\"height\":1060,\"caption\":\"Auf dem Holzweg: Viele F\u00fchrungskr\u00e4fte machen entscheidende Fehler und verhindern so gr\u00f6ssere Erfolge. (Bild: Unsplash.com)\"},{\"@type\":\"BreadcrumbList\",\"@id\":\"https:\\\/\\\/www.organisator.ch\\\/management\\\/2023-05-26\\\/machen-sie-als-fuehrungskraft-diese-3-fehler\\\/#breadcrumb\",\"itemListElement\":[{\"@type\":\"ListItem\",\"position\":1,\"name\":\"Home\",\"item\":\"https:\\\/\\\/www.organisator.ch\\\/\"},{\"@type\":\"ListItem\",\"position\":2,\"name\":\"Machen Sie als F\u00fchrungskraft diese 3 Fehler?\"}]},{\"@type\":\"WebSite\",\"@id\":\"https:\\\/\\\/www.organisator.ch\\\/#website\",\"url\":\"https:\\\/\\\/www.organisator.ch\\\/\",\"name\":\"Organisator\",\"description\":\"Kompetent. Praxisnah. Der ORGANISATOR bereitet in 10 Ausgaben pro Jahr die wesentlichen Themen f\u00fcr F\u00fchrungskr\u00e4fte von KMU auf.\",\"publisher\":{\"@id\":\"https:\\\/\\\/www.organisator.ch\\\/#organization\"},\"potentialAction\":[{\"@type\":\"SearchAction\",\"target\":{\"@type\":\"EntryPoint\",\"urlTemplate\":\"https:\\\/\\\/www.organisator.ch\\\/?s={search_term_string}\"},\"query-input\":{\"@type\":\"PropertyValueSpecification\",\"valueRequired\":true,\"valueName\":\"search_term_string\"}}],\"inLanguage\":\"en-US\"},{\"@type\":\"Organization\",\"@id\":\"https:\\\/\\\/www.organisator.ch\\\/#organization\",\"name\":\"Organisator\",\"url\":\"https:\\\/\\\/www.organisator.ch\\\/\",\"logo\":{\"@type\":\"ImageObject\",\"inLanguage\":\"en-US\",\"@id\":\"https:\\\/\\\/www.organisator.ch\\\/#\\\/schema\\\/logo\\\/image\\\/\",\"url\":\"https:\\\/\\\/www.organisator.ch\\\/wp-content\\\/uploads\\\/2022\\\/01\\\/Logo_Organisator_Website.png\",\"contentUrl\":\"https:\\\/\\\/www.organisator.ch\\\/wp-content\\\/uploads\\\/2022\\\/01\\\/Logo_Organisator_Website.png\",\"width\":800,\"height\":77,\"caption\":\"Organisator\"},\"image\":{\"@id\":\"https:\\\/\\\/www.organisator.ch\\\/#\\\/schema\\\/logo\\\/image\\\/\"},\"sameAs\":[\"https:\\\/\\\/www.facebook.com\\\/OrganisatorFachmagazin\",\"https:\\\/\\\/www.linkedin.com\\\/showcase\\\/organisator-das-magazin-fr-kmu\",\"https:\\\/\\\/www.xing.com\\\/news\\\/pages\\\/organisator-ch-695\",\"https:\\\/\\\/www.youtube.com\\\/channel\\\/UCGP2Sq0iWaZwT3BdIAQFYpw\"]},{\"@type\":\"Person\",\"@id\":\"https:\\\/\\\/www.organisator.ch\\\/#\\\/schema\\\/person\\\/6f650f90b2842cd4c0cc334b4e36f67e\",\"name\":\"thomas.berner\",\"image\":{\"@type\":\"ImageObject\",\"inLanguage\":\"en-US\",\"@id\":\"https:\\\/\\\/secure.gravatar.com\\\/avatar\\\/ac5001d2a36cb6c6cd3e50789007ffca834b477b74a2144564522e944eabff61?s=96&d=mm&r=g\",\"url\":\"https:\\\/\\\/secure.gravatar.com\\\/avatar\\\/ac5001d2a36cb6c6cd3e50789007ffca834b477b74a2144564522e944eabff61?s=96&d=mm&r=g\",\"contentUrl\":\"https:\\\/\\\/secure.gravatar.com\\\/avatar\\\/ac5001d2a36cb6c6cd3e50789007ffca834b477b74a2144564522e944eabff61?s=96&d=mm&r=g\",\"caption\":\"thomas.berner\"},\"url\":\"https:\\\/\\\/www.organisator.ch\\\/en\\\/author\\\/thomas-berner\\\/\"}]}<\/script>\n<!-- \/ Yoast SEO plugin. -->","yoast_head_json":{"title":"As a leader, are you making these 3 mistakes? - Organizer","description":"\"When I look inside companies, I see the same leadership mistakes over and over again,\" says author Volkmar V\u00f6lzke.","robots":{"index":"index","follow":"follow","max-snippet":"max-snippet:-1","max-image-preview":"max-image-preview:large","max-video-preview":"max-video-preview:-1"},"canonical":"https:\/\/www.organisator.ch\/en\/management\/2023-05-26\/machen-sie-als-fuehrungskraft-diese-3-fehler\/","og_locale":"en_US","og_type":"article","og_title":"Machen Sie als F\u00fchrungskraft diese 3 Fehler?","og_description":"\"Wenn ich in Unternehmen hineinschaue, sehe ich immer wieder dieselben Fehler im Leadership\", sagt Autor Volkmar V\u00f6lzke.","og_url":"https:\/\/www.organisator.ch\/en\/management\/2023-05-26\/machen-sie-als-fuehrungskraft-diese-3-fehler\/","og_site_name":"Organisator","article_publisher":"https:\/\/www.facebook.com\/OrganisatorFachmagazin","article_published_time":"2023-05-26T02:24:28+00:00","article_modified_time":"2023-06-15T09:04:17+00:00","og_image":[{"width":1389,"height":1060,"url":"https:\/\/www.organisator.ch\/wp-content\/uploads\/2023\/05\/Machen-Sie-als-Fuehrungskraft-diese-3-Fehler_Organisator.jpg","type":"image\/jpeg"}],"author":"thomas.berner","twitter_card":"summary_large_image","twitter_title":"Machen Sie als #F\u00fchrungskraft diese 3 #Fehler?","twitter_description":"\"Wenn ich in Unternehmen hineinschaue, sehe ich immer wieder dieselben Fehler im #Leadership\", sagt Autor Volkmar #V\u00f6lzke.","twitter_image":"https:\/\/www.organisator.ch\/wp-content\/uploads\/2023\/05\/Machen-Sie-als-Fuehrungskraft-diese-3-Fehler_Organisator.jpg","schema":{"@context":"https:\/\/schema.org","@graph":[{"@type":"Article","@id":"https:\/\/www.organisator.ch\/management\/2023-05-26\/machen-sie-als-fuehrungskraft-diese-3-fehler\/#article","isPartOf":{"@id":"https:\/\/www.organisator.ch\/management\/2023-05-26\/machen-sie-als-fuehrungskraft-diese-3-fehler\/"},"author":{"name":"thomas.berner","@id":"https:\/\/www.organisator.ch\/#\/schema\/person\/6f650f90b2842cd4c0cc334b4e36f67e"},"headline":"Machen Sie als F\u00fchrungskraft diese 3 Fehler?","datePublished":"2023-05-26T02:24:28+00:00","dateModified":"2023-06-15T09:04:17+00:00","mainEntityOfPage":{"@id":"https:\/\/www.organisator.ch\/management\/2023-05-26\/machen-sie-als-fuehrungskraft-diese-3-fehler\/"},"wordCount":464,"publisher":{"@id":"https:\/\/www.organisator.ch\/#organization"},"image":{"@id":"https:\/\/www.organisator.ch\/management\/2023-05-26\/machen-sie-als-fuehrungskraft-diese-3-fehler\/#primaryimage"},"thumbnailUrl":"https:\/\/www.organisator.ch\/wp-content\/uploads\/2023\/05\/Machen-Sie-als-Fuehrungskraft-diese-3-Fehler_Organisator.jpg","keywords":["Erfolgs-Impuls","Leadership","Management und Unternehmensf\u00fchrung"],"articleSection":["MANAGEMENT"],"inLanguage":"en-US"},{"@type":"WebPage","@id":"https:\/\/www.organisator.ch\/management\/2023-05-26\/machen-sie-als-fuehrungskraft-diese-3-fehler\/","url":"https:\/\/www.organisator.ch\/management\/2023-05-26\/machen-sie-als-fuehrungskraft-diese-3-fehler\/","name":"As a leader, are you making these 3 mistakes? - Organizer","isPartOf":{"@id":"https:\/\/www.organisator.ch\/#website"},"primaryImageOfPage":{"@id":"https:\/\/www.organisator.ch\/management\/2023-05-26\/machen-sie-als-fuehrungskraft-diese-3-fehler\/#primaryimage"},"image":{"@id":"https:\/\/www.organisator.ch\/management\/2023-05-26\/machen-sie-als-fuehrungskraft-diese-3-fehler\/#primaryimage"},"thumbnailUrl":"https:\/\/www.organisator.ch\/wp-content\/uploads\/2023\/05\/Machen-Sie-als-Fuehrungskraft-diese-3-Fehler_Organisator.jpg","datePublished":"2023-05-26T02:24:28+00:00","dateModified":"2023-06-15T09:04:17+00:00","description":"\"When I look inside companies, I see the same leadership mistakes over and over again,\" says author Volkmar V\u00f6lzke.","breadcrumb":{"@id":"https:\/\/www.organisator.ch\/management\/2023-05-26\/machen-sie-als-fuehrungskraft-diese-3-fehler\/#breadcrumb"},"inLanguage":"en-US","potentialAction":[{"@type":"ReadAction","target":["https:\/\/www.organisator.ch\/management\/2023-05-26\/machen-sie-als-fuehrungskraft-diese-3-fehler\/"]}]},{"@type":"ImageObject","inLanguage":"en-US","@id":"https:\/\/www.organisator.ch\/management\/2023-05-26\/machen-sie-als-fuehrungskraft-diese-3-fehler\/#primaryimage","url":"https:\/\/www.organisator.ch\/wp-content\/uploads\/2023\/05\/Machen-Sie-als-Fuehrungskraft-diese-3-Fehler_Organisator.jpg","contentUrl":"https:\/\/www.organisator.ch\/wp-content\/uploads\/2023\/05\/Machen-Sie-als-Fuehrungskraft-diese-3-Fehler_Organisator.jpg","width":1389,"height":1060,"caption":"Auf dem Holzweg: Viele F\u00fchrungskr\u00e4fte machen entscheidende Fehler und verhindern so gr\u00f6ssere Erfolge. (Bild: Unsplash.com)"},{"@type":"BreadcrumbList","@id":"https:\/\/www.organisator.ch\/management\/2023-05-26\/machen-sie-als-fuehrungskraft-diese-3-fehler\/#breadcrumb","itemListElement":[{"@type":"ListItem","position":1,"name":"Home","item":"https:\/\/www.organisator.ch\/"},{"@type":"ListItem","position":2,"name":"Machen Sie als F\u00fchrungskraft diese 3 Fehler?"}]},{"@type":"WebSite","@id":"https:\/\/www.organisator.ch\/#website","url":"https:\/\/www.organisator.ch\/","name":"Organizer","description":"Competent. Practical. In 10 issues per year, ORGANISATOR presents the essential topics for managers of SMEs.","publisher":{"@id":"https:\/\/www.organisator.ch\/#organization"},"potentialAction":[{"@type":"SearchAction","target":{"@type":"EntryPoint","urlTemplate":"https:\/\/www.organisator.ch\/?s={search_term_string}"},"query-input":{"@type":"PropertyValueSpecification","valueRequired":true,"valueName":"search_term_string"}}],"inLanguage":"en-US"},{"@type":"Organization","@id":"https:\/\/www.organisator.ch\/#organization","name":"Organizer","url":"https:\/\/www.organisator.ch\/","logo":{"@type":"ImageObject","inLanguage":"en-US","@id":"https:\/\/www.organisator.ch\/#\/schema\/logo\/image\/","url":"https:\/\/www.organisator.ch\/wp-content\/uploads\/2022\/01\/Logo_Organisator_Website.png","contentUrl":"https:\/\/www.organisator.ch\/wp-content\/uploads\/2022\/01\/Logo_Organisator_Website.png","width":800,"height":77,"caption":"Organisator"},"image":{"@id":"https:\/\/www.organisator.ch\/#\/schema\/logo\/image\/"},"sameAs":["https:\/\/www.facebook.com\/OrganisatorFachmagazin","https:\/\/www.linkedin.com\/showcase\/organisator-das-magazin-fr-kmu","https:\/\/www.xing.com\/news\/pages\/organisator-ch-695","https:\/\/www.youtube.com\/channel\/UCGP2Sq0iWaZwT3BdIAQFYpw"]},{"@type":"Person","@id":"https:\/\/www.organisator.ch\/#\/schema\/person\/6f650f90b2842cd4c0cc334b4e36f67e","name":"thomas.berner","image":{"@type":"ImageObject","inLanguage":"en-US","@id":"https:\/\/secure.gravatar.com\/avatar\/ac5001d2a36cb6c6cd3e50789007ffca834b477b74a2144564522e944eabff61?s=96&d=mm&r=g","url":"https:\/\/secure.gravatar.com\/avatar\/ac5001d2a36cb6c6cd3e50789007ffca834b477b74a2144564522e944eabff61?s=96&d=mm&r=g","contentUrl":"https:\/\/secure.gravatar.com\/avatar\/ac5001d2a36cb6c6cd3e50789007ffca834b477b74a2144564522e944eabff61?s=96&d=mm&r=g","caption":"thomas.berner"},"url":"https:\/\/www.organisator.ch\/en\/author\/thomas-berner\/"}]}},"_links":{"self":[{"href":"https:\/\/www.organisator.ch\/en\/wp-json\/wp\/v2\/posts\/20434","targetHints":{"allow":["GET"]}}],"collection":[{"href":"https:\/\/www.organisator.ch\/en\/wp-json\/wp\/v2\/posts"}],"about":[{"href":"https:\/\/www.organisator.ch\/en\/wp-json\/wp\/v2\/types\/post"}],"author":[{"embeddable":true,"href":"https:\/\/www.organisator.ch\/en\/wp-json\/wp\/v2\/users\/4"}],"replies":[{"embeddable":true,"href":"https:\/\/www.organisator.ch\/en\/wp-json\/wp\/v2\/comments?post=20434"}],"version-history":[{"count":2,"href":"https:\/\/www.organisator.ch\/en\/wp-json\/wp\/v2\/posts\/20434\/revisions"}],"predecessor-version":[{"id":20437,"href":"https:\/\/www.organisator.ch\/en\/wp-json\/wp\/v2\/posts\/20434\/revisions\/20437"}],"wp:featuredmedia":[{"embeddable":true,"href":"https:\/\/www.organisator.ch\/en\/wp-json\/wp\/v2\/media\/20435"}],"wp:attachment":[{"href":"https:\/\/www.organisator.ch\/en\/wp-json\/wp\/v2\/media?parent=20434"}],"wp:term":[{"taxonomy":"category","embeddable":true,"href":"https:\/\/www.organisator.ch\/en\/wp-json\/wp\/v2\/categories?post=20434"},{"taxonomy":"post_tag","embeddable":true,"href":"https:\/\/www.organisator.ch\/en\/wp-json\/wp\/v2\/tags?post=20434"}],"curies":[{"name":"wp","href":"https:\/\/api.w.org\/{rel}","templated":true}]}}