{"id":20491,"date":"2023-05-30T08:07:20","date_gmt":"2023-05-30T06:07:20","guid":{"rendered":"https:\/\/www.m-q.ch\/?p=18030"},"modified":"2024-11-15T15:59:12","modified_gmt":"2024-11-15T14:59:12","slug":"controller-sind-bereit-fuer-zeitenwende","status":"publish","type":"post","link":"https:\/\/www.organisator.ch\/en\/operational-excellence\/2023-05-30\/controller-sind-bereit-fuer-zeitenwende\/","title":{"rendered":"Controllers are ready for a new era"},"content":{"rendered":"<figure id=\"attachment_18031\" class=\"wp-caption alignnone\" style=\"width: 680px\" aria-describedby=\"caption-attachment-18031\"><img class=\"alignnone wp-image-18031 size-full\" src=\"https:\/\/www.m-q.ch\/wp-content\/uploads\/2023\/05\/Controller-sind-bereit-fuer-Zeitenwende_MQ.jpg\" alt=\"Congress of Controllers\" width=\"680\" height=\"460\" \/>\r\n<figcaption id=\"caption-attachment-18031\" class=\"wp-caption-text\">Impression of the 47th Congress of Controllers in Munich. (Image: ICV)<\/figcaption>\r\n<\/figure>\r\n<p>In his address at the opening of the two-day event, ICV Chairman Prof. Dr. Heimo Losbichler addressed the current challenges facing controlling and introduced the theme centers of this year's congress, which were dedicated to these urgent areas. His appeal to all attendees: \"We must meet the transformation in controlling with flexible and agile leadership.\" Afterwards, various keynote speakers provided insights into their day-to-day controlling work. For example, Hans-J\u00fcrgen Kalmbach, CEO of the Hansgrohe Group, shared insights from the global player in the bathroom and kitchen industry with the audience and addressed the role of controlling in business transformation. The topic \"Better Growth - Growth in Volatile Times\" was presented by Dr. Andreas von der Gathen, CEO of Simon-Kucher &amp; Partners Strategy &amp; Marketing Consultants GmbH. Jens Ropers, Partner ofCA controller akademie devoted himself to FICO transformation and showed, among other things, that not all companies have a real FICO vision. And finally, Dr. Kay-Uwe May, Head of Transformation, Performance Management and Organization, <a href=\"https:\/\/www.deutschebahn.com\/de\/konzern\/konzernprofil\">German Railways AG<\/a>was particularly pleased that the rail strike had been averted. He was thus able to give a motivated talk on the transport turnaround and convey his message to the participants: \"Climate change needs a modal shift\".<\/p>\r\n<h3>Presentation of the ICV Controlling Excellence Award<\/h3>\r\n<p>A highlight of the first day of the conference was the awarding of the <a href=\"https:\/\/www.icv-controlling.com\/de\/verein\/icv-awards\/preistraeger.html\">ICV Controlling Excellence Award<\/a>s. The award will go to Merck KGaA in 2023. \"Enabling High-Impact Culture in Financial Steering\" is the title of the project with which the team secured the prestigious award. The \"radical way\" of dealing with the experience that traditional planning processes reach their limits convinced the jury team headed by Prof. Dr. Utz Sch\u00e4ffer. From Switzerland <a href=\"https:\/\/www.m-q.ch\/de\/icv-controlling-excellence-award-2023-tx-group-unter-den-nominierten\/\">nominated was TX Group AG<\/a> with their \"Predictive Forecasting\" project. As in Merck's winning project, the starting point was the realization that the forecasting process reaches its limits in a dynamic environment and ties up enormous resources. The core of the TX Group's solution is the introduction of predictive analytics to support the creation of forecasts. However, the nomination was not in recognition of the technical solution or the good algorithm, emphasized Utz Sch\u00e4ffer in his laudatory speech. Rather, it was the fast, inexpensive implementation without external support in a medium-sized company that was convincing. Especially as the TX Group's controlling team did not end with the improved generation of the forecast, but also used the change to further develop the corresponding controlling processes and to strengthen business partnering, and \"is thus doing in an exemplary manner exactly what many of you are facing as a challenge\", Sch\u00e4ffer categorized the significance of the project as a blueprint for other companies.<\/p>\r\n<figure id=\"attachment_18032\" class=\"wp-caption alignnone\" style=\"width: 680px\" aria-describedby=\"caption-attachment-18032\"><img class=\"size-full wp-image-18032\" src=\"https:\/\/www.m-q.ch\/wp-content\/uploads\/2023\/05\/Controller-sind-bereit-fuer-Zeitenwende-2_MQ.jpg\" alt=\"\" width=\"680\" height=\"453\" \/>\r\n<figcaption id=\"caption-attachment-18032\" class=\"wp-caption-text\">The ICV Controlling Excellence Award 2023 went to Merck KGaA. (Image: ICV)<\/figcaption>\r\n<\/figure>\r\n<h3>Controllers between corporate control and self-management<\/h3>\r\n<p>Discussions then continued in three topic areas. The first topic centered around cost and price management in a stagflation environment, while Alexander Bauer and Fabian Egger from the Emmi Group presented the connection between sustainability and controlling in their company in a second topic area. The third topic center revolved around \"Planning - saying goodbye to old habits?\" Here, too, the focus was on forecasting and how software solutions can provide support here.<\/p>\r\n<p>The second day of the 47th Congress started again with an address by Prof. Dr. Heimo Losbichler. He summarized the key messages of the first day and noted, \"In the turn of the times, we don't have to throw everything overboard that has proven itself. Many things will accompany us, but adjustments are necessary, especially in planning and budgeting.\"<\/p>\r\n<p>This was followed by further keynotes on topics such as sustainability, cost control, energy transition and operational controlling. At the end, controllers were also the focus of a presentation: Prof. Dr. Ren\u00e9 Riedl, Professor of Digital Business &amp; Innovation at the Upper Austria University of Applied Sciences, Steyr Campus, Associate Professor of Business Informatics at the Johannes Kepler University Linz and Scientific Director of the Neuro-Information-Systems Society Vienna, reported on \"Digital Stress: Research Findings and Practical Implications\". Among other things, he addressed IT-based interruptions and e-mail stress and dealt with the phenomenon of videoconference fatigue.<\/p>\r\n<p>The next Congress of Controllers will be held on April 29-30, 2024.<\/p>\r\n<p><a href=\"https:\/\/blog.icv-controlling.com\/47-congress-der-controller-bereit-fuer-die-zeitenwende\/\"><em>Source and further information<\/em><\/a><\/p>\n<p class=\"syndicated-attribution\">This article originally appeared on m-q.ch - <a href=\"https:\/\/www.m-q.ch\/de\/controller-sind-bereit-fuer-zeitenwende\/\" target=\"_blank\">https:\/\/www.m-q.ch\/de\/controller-sind-bereit-fuer-zeitenwende\/<\/a><\/p>","protected":false},"excerpt":{"rendered":"<p>440 controllers and controlling enthusiasts accepted the invitation of the International Controller Association ICV to the 47th Congress of Controllers in Munich. Europe's leading controlling conference was opened by ICV Chairman Prof. Dr. Heimo Losbichler. The ICV Controlling Excellence Award was also presented during the congress.<\/p>","protected":false},"author":8,"featured_media":0,"comment_status":"closed","ping_status":"closed","sticky":false,"template":"","format":"standard","meta":{"_acf_changed":false,"_yoast_wpseo_focuskw":"Congress der Controller","_yoast_wpseo_metadesc":"ICV Congress der Controller 2023: Themen wie Transformation, Nachhaltigkeit und digitale Stressbew\u00e4ltigung im Fokus.","articlekey":"","footnotes":""},"categories":[582],"tags":[],"class_list":["post-20491","post","type-post","status-publish","format-standard","hentry","category-operational-excellence"],"acf":[],"yoast_head":"<!-- This site is optimized with the Yoast SEO plugin v27.5 - https:\/\/yoast.com\/product\/yoast-seo-wordpress\/ -->\n<title>Controller sind bereit f\u00fcr Zeitenwende - Organisator<\/title>\n<meta name=\"description\" content=\"ICV Congress der Controller 2023: Themen wie Transformation, Nachhaltigkeit und digitale Stressbew\u00e4ltigung im Fokus.\" \/>\n<meta name=\"robots\" content=\"index, follow, max-snippet:-1, max-image-preview:large, max-video-preview:-1\" \/>\n<link rel=\"canonical\" href=\"https:\/\/www.organisator.ch\/en\/operational-excellence\/2023-05-30\/controller-sind-bereit-fuer-zeitenwende\/\" \/>\n<meta property=\"og:locale\" content=\"en_US\" \/>\n<meta property=\"og:type\" content=\"article\" \/>\n<meta property=\"og:title\" content=\"Controller sind bereit f\u00fcr Zeitenwende - Organisator\" \/>\n<meta property=\"og:description\" content=\"ICV Congress der Controller 2023: Themen wie Transformation, Nachhaltigkeit und digitale Stressbew\u00e4ltigung im Fokus.\" \/>\n<meta property=\"og:url\" content=\"https:\/\/www.organisator.ch\/en\/operational-excellence\/2023-05-30\/controller-sind-bereit-fuer-zeitenwende\/\" \/>\n<meta property=\"og:site_name\" content=\"Organisator\" \/>\n<meta property=\"article:publisher\" content=\"https:\/\/www.facebook.com\/OrganisatorFachmagazin\" \/>\n<meta property=\"article:published_time\" content=\"2023-05-30T06:07:20+00:00\" \/>\n<meta property=\"article:modified_time\" content=\"2024-11-15T14:59:12+00:00\" \/>\n<meta name=\"author\" content=\"galledia\" \/>\n<meta name=\"twitter:card\" content=\"summary_large_image\" \/>\n<meta name=\"twitter:creator\" content=\"@admin\" \/>\n<script type=\"application\/ld+json\" class=\"yoast-schema-graph\">{\"@context\":\"https:\\\/\\\/schema.org\",\"@graph\":[{\"@type\":\"Article\",\"@id\":\"https:\\\/\\\/www.organisator.ch\\\/operational-excellence\\\/2023-05-30\\\/controller-sind-bereit-fuer-zeitenwende\\\/#article\",\"isPartOf\":{\"@id\":\"https:\\\/\\\/www.organisator.ch\\\/operational-excellence\\\/2023-05-30\\\/controller-sind-bereit-fuer-zeitenwende\\\/\"},\"author\":{\"name\":\"galledia\",\"@id\":\"https:\\\/\\\/www.organisator.ch\\\/#\\\/schema\\\/person\\\/4e51799071cd2dd1232ac003643ef5f0\"},\"headline\":\"Controller sind bereit f\u00fcr Zeitenwende\",\"datePublished\":\"2023-05-30T06:07:20+00:00\",\"dateModified\":\"2024-11-15T14:59:12+00:00\",\"mainEntityOfPage\":{\"@id\":\"https:\\\/\\\/www.organisator.ch\\\/operational-excellence\\\/2023-05-30\\\/controller-sind-bereit-fuer-zeitenwende\\\/\"},\"wordCount\":702,\"publisher\":{\"@id\":\"https:\\\/\\\/www.organisator.ch\\\/#organization\"},\"image\":{\"@id\":\"https:\\\/\\\/www.organisator.ch\\\/operational-excellence\\\/2023-05-30\\\/controller-sind-bereit-fuer-zeitenwende\\\/#primaryimage\"},\"thumbnailUrl\":\"https:\\\/\\\/www.m-q.ch\\\/wp-content\\\/uploads\\\/2023\\\/05\\\/Controller-sind-bereit-fuer-Zeitenwende_MQ.jpg\",\"articleSection\":[\"OPERATIONAL EXCELLENCE\"],\"inLanguage\":\"en-US\"},{\"@type\":\"WebPage\",\"@id\":\"https:\\\/\\\/www.organisator.ch\\\/operational-excellence\\\/2023-05-30\\\/controller-sind-bereit-fuer-zeitenwende\\\/\",\"url\":\"https:\\\/\\\/www.organisator.ch\\\/operational-excellence\\\/2023-05-30\\\/controller-sind-bereit-fuer-zeitenwende\\\/\",\"name\":\"Controller sind bereit f\u00fcr Zeitenwende - Organisator\",\"isPartOf\":{\"@id\":\"https:\\\/\\\/www.organisator.ch\\\/#website\"},\"primaryImageOfPage\":{\"@id\":\"https:\\\/\\\/www.organisator.ch\\\/operational-excellence\\\/2023-05-30\\\/controller-sind-bereit-fuer-zeitenwende\\\/#primaryimage\"},\"image\":{\"@id\":\"https:\\\/\\\/www.organisator.ch\\\/operational-excellence\\\/2023-05-30\\\/controller-sind-bereit-fuer-zeitenwende\\\/#primaryimage\"},\"thumbnailUrl\":\"https:\\\/\\\/www.m-q.ch\\\/wp-content\\\/uploads\\\/2023\\\/05\\\/Controller-sind-bereit-fuer-Zeitenwende_MQ.jpg\",\"datePublished\":\"2023-05-30T06:07:20+00:00\",\"dateModified\":\"2024-11-15T14:59:12+00:00\",\"description\":\"ICV Congress der Controller 2023: Themen wie Transformation, Nachhaltigkeit und digitale Stressbew\u00e4ltigung im Fokus.\",\"breadcrumb\":{\"@id\":\"https:\\\/\\\/www.organisator.ch\\\/operational-excellence\\\/2023-05-30\\\/controller-sind-bereit-fuer-zeitenwende\\\/#breadcrumb\"},\"inLanguage\":\"en-US\",\"potentialAction\":[{\"@type\":\"ReadAction\",\"target\":[\"https:\\\/\\\/www.organisator.ch\\\/operational-excellence\\\/2023-05-30\\\/controller-sind-bereit-fuer-zeitenwende\\\/\"]}]},{\"@type\":\"ImageObject\",\"inLanguage\":\"en-US\",\"@id\":\"https:\\\/\\\/www.organisator.ch\\\/operational-excellence\\\/2023-05-30\\\/controller-sind-bereit-fuer-zeitenwende\\\/#primaryimage\",\"url\":\"https:\\\/\\\/www.m-q.ch\\\/wp-content\\\/uploads\\\/2023\\\/05\\\/Controller-sind-bereit-fuer-Zeitenwende_MQ.jpg\",\"contentUrl\":\"https:\\\/\\\/www.m-q.ch\\\/wp-content\\\/uploads\\\/2023\\\/05\\\/Controller-sind-bereit-fuer-Zeitenwende_MQ.jpg\"},{\"@type\":\"BreadcrumbList\",\"@id\":\"https:\\\/\\\/www.organisator.ch\\\/operational-excellence\\\/2023-05-30\\\/controller-sind-bereit-fuer-zeitenwende\\\/#breadcrumb\",\"itemListElement\":[{\"@type\":\"ListItem\",\"position\":1,\"name\":\"Home\",\"item\":\"https:\\\/\\\/www.organisator.ch\\\/\"},{\"@type\":\"ListItem\",\"position\":2,\"name\":\"Controller sind bereit f\u00fcr Zeitenwende\"}]},{\"@type\":\"WebSite\",\"@id\":\"https:\\\/\\\/www.organisator.ch\\\/#website\",\"url\":\"https:\\\/\\\/www.organisator.ch\\\/\",\"name\":\"Organisator\",\"description\":\"Kompetent. Praxisnah. Der ORGANISATOR bereitet in 10 Ausgaben pro Jahr die wesentlichen Themen f\u00fcr F\u00fchrungskr\u00e4fte von KMU auf.\",\"publisher\":{\"@id\":\"https:\\\/\\\/www.organisator.ch\\\/#organization\"},\"potentialAction\":[{\"@type\":\"SearchAction\",\"target\":{\"@type\":\"EntryPoint\",\"urlTemplate\":\"https:\\\/\\\/www.organisator.ch\\\/?s={search_term_string}\"},\"query-input\":{\"@type\":\"PropertyValueSpecification\",\"valueRequired\":true,\"valueName\":\"search_term_string\"}}],\"inLanguage\":\"en-US\"},{\"@type\":\"Organization\",\"@id\":\"https:\\\/\\\/www.organisator.ch\\\/#organization\",\"name\":\"Organisator\",\"url\":\"https:\\\/\\\/www.organisator.ch\\\/\",\"logo\":{\"@type\":\"ImageObject\",\"inLanguage\":\"en-US\",\"@id\":\"https:\\\/\\\/www.organisator.ch\\\/#\\\/schema\\\/logo\\\/image\\\/\",\"url\":\"https:\\\/\\\/www.organisator.ch\\\/wp-content\\\/uploads\\\/2022\\\/01\\\/Logo_Organisator_Website.png\",\"contentUrl\":\"https:\\\/\\\/www.organisator.ch\\\/wp-content\\\/uploads\\\/2022\\\/01\\\/Logo_Organisator_Website.png\",\"width\":800,\"height\":77,\"caption\":\"Organisator\"},\"image\":{\"@id\":\"https:\\\/\\\/www.organisator.ch\\\/#\\\/schema\\\/logo\\\/image\\\/\"},\"sameAs\":[\"https:\\\/\\\/www.facebook.com\\\/OrganisatorFachmagazin\",\"https:\\\/\\\/www.linkedin.com\\\/showcase\\\/organisator-das-magazin-fr-kmu\",\"https:\\\/\\\/www.xing.com\\\/news\\\/pages\\\/organisator-ch-695\",\"https:\\\/\\\/www.youtube.com\\\/channel\\\/UCGP2Sq0iWaZwT3BdIAQFYpw\"]},{\"@type\":\"Person\",\"@id\":\"https:\\\/\\\/www.organisator.ch\\\/#\\\/schema\\\/person\\\/4e51799071cd2dd1232ac003643ef5f0\",\"name\":\"galledia\",\"image\":{\"@type\":\"ImageObject\",\"inLanguage\":\"en-US\",\"@id\":\"https:\\\/\\\/secure.gravatar.com\\\/avatar\\\/78a7f90c01fc2bfc875782a0d4922b37cde2cf184ce347b91316d23cd7f69a36?s=96&d=mm&r=g\",\"url\":\"https:\\\/\\\/secure.gravatar.com\\\/avatar\\\/78a7f90c01fc2bfc875782a0d4922b37cde2cf184ce347b91316d23cd7f69a36?s=96&d=mm&r=g\",\"contentUrl\":\"https:\\\/\\\/secure.gravatar.com\\\/avatar\\\/78a7f90c01fc2bfc875782a0d4922b37cde2cf184ce347b91316d23cd7f69a36?s=96&d=mm&r=g\",\"caption\":\"galledia\"},\"sameAs\":[\"https:\\\/\\\/x.com\\\/admin\"],\"url\":\"https:\\\/\\\/www.organisator.ch\\\/en\\\/author\\\/galledia\\\/\"}]}<\/script>\n<!-- \/ Yoast SEO plugin. -->","yoast_head_json":{"title":"Controllers are ready for change of times - Organizer","description":"ICV Congress of Controllers 2023: Focus on topics such as transformation, sustainability and digital stress management","robots":{"index":"index","follow":"follow","max-snippet":"max-snippet:-1","max-image-preview":"max-image-preview:large","max-video-preview":"max-video-preview:-1"},"canonical":"https:\/\/www.organisator.ch\/en\/operational-excellence\/2023-05-30\/controller-sind-bereit-fuer-zeitenwende\/","og_locale":"en_US","og_type":"article","og_title":"Controller sind bereit f\u00fcr Zeitenwende - Organisator","og_description":"ICV Congress der Controller 2023: Themen wie Transformation, Nachhaltigkeit und digitale Stressbew\u00e4ltigung im Fokus.","og_url":"https:\/\/www.organisator.ch\/en\/operational-excellence\/2023-05-30\/controller-sind-bereit-fuer-zeitenwende\/","og_site_name":"Organisator","article_publisher":"https:\/\/www.facebook.com\/OrganisatorFachmagazin","article_published_time":"2023-05-30T06:07:20+00:00","article_modified_time":"2024-11-15T14:59:12+00:00","author":"galledia","twitter_card":"summary_large_image","twitter_creator":"@admin","schema":{"@context":"https:\/\/schema.org","@graph":[{"@type":"Article","@id":"https:\/\/www.organisator.ch\/operational-excellence\/2023-05-30\/controller-sind-bereit-fuer-zeitenwende\/#article","isPartOf":{"@id":"https:\/\/www.organisator.ch\/operational-excellence\/2023-05-30\/controller-sind-bereit-fuer-zeitenwende\/"},"author":{"name":"galledia","@id":"https:\/\/www.organisator.ch\/#\/schema\/person\/4e51799071cd2dd1232ac003643ef5f0"},"headline":"Controller sind bereit f\u00fcr Zeitenwende","datePublished":"2023-05-30T06:07:20+00:00","dateModified":"2024-11-15T14:59:12+00:00","mainEntityOfPage":{"@id":"https:\/\/www.organisator.ch\/operational-excellence\/2023-05-30\/controller-sind-bereit-fuer-zeitenwende\/"},"wordCount":702,"publisher":{"@id":"https:\/\/www.organisator.ch\/#organization"},"image":{"@id":"https:\/\/www.organisator.ch\/operational-excellence\/2023-05-30\/controller-sind-bereit-fuer-zeitenwende\/#primaryimage"},"thumbnailUrl":"https:\/\/www.m-q.ch\/wp-content\/uploads\/2023\/05\/Controller-sind-bereit-fuer-Zeitenwende_MQ.jpg","articleSection":["OPERATIONAL EXCELLENCE"],"inLanguage":"en-US"},{"@type":"WebPage","@id":"https:\/\/www.organisator.ch\/operational-excellence\/2023-05-30\/controller-sind-bereit-fuer-zeitenwende\/","url":"https:\/\/www.organisator.ch\/operational-excellence\/2023-05-30\/controller-sind-bereit-fuer-zeitenwende\/","name":"Controllers are ready for change of times - Organizer","isPartOf":{"@id":"https:\/\/www.organisator.ch\/#website"},"primaryImageOfPage":{"@id":"https:\/\/www.organisator.ch\/operational-excellence\/2023-05-30\/controller-sind-bereit-fuer-zeitenwende\/#primaryimage"},"image":{"@id":"https:\/\/www.organisator.ch\/operational-excellence\/2023-05-30\/controller-sind-bereit-fuer-zeitenwende\/#primaryimage"},"thumbnailUrl":"https:\/\/www.m-q.ch\/wp-content\/uploads\/2023\/05\/Controller-sind-bereit-fuer-Zeitenwende_MQ.jpg","datePublished":"2023-05-30T06:07:20+00:00","dateModified":"2024-11-15T14:59:12+00:00","description":"ICV Congress of Controllers 2023: Focus on topics such as transformation, sustainability and digital stress management","breadcrumb":{"@id":"https:\/\/www.organisator.ch\/operational-excellence\/2023-05-30\/controller-sind-bereit-fuer-zeitenwende\/#breadcrumb"},"inLanguage":"en-US","potentialAction":[{"@type":"ReadAction","target":["https:\/\/www.organisator.ch\/operational-excellence\/2023-05-30\/controller-sind-bereit-fuer-zeitenwende\/"]}]},{"@type":"ImageObject","inLanguage":"en-US","@id":"https:\/\/www.organisator.ch\/operational-excellence\/2023-05-30\/controller-sind-bereit-fuer-zeitenwende\/#primaryimage","url":"https:\/\/www.m-q.ch\/wp-content\/uploads\/2023\/05\/Controller-sind-bereit-fuer-Zeitenwende_MQ.jpg","contentUrl":"https:\/\/www.m-q.ch\/wp-content\/uploads\/2023\/05\/Controller-sind-bereit-fuer-Zeitenwende_MQ.jpg"},{"@type":"BreadcrumbList","@id":"https:\/\/www.organisator.ch\/operational-excellence\/2023-05-30\/controller-sind-bereit-fuer-zeitenwende\/#breadcrumb","itemListElement":[{"@type":"ListItem","position":1,"name":"Home","item":"https:\/\/www.organisator.ch\/"},{"@type":"ListItem","position":2,"name":"Controller sind bereit f\u00fcr Zeitenwende"}]},{"@type":"WebSite","@id":"https:\/\/www.organisator.ch\/#website","url":"https:\/\/www.organisator.ch\/","name":"Organizer","description":"Competent. Practical. In 10 issues per year, ORGANISATOR presents the essential topics for managers of SMEs.","publisher":{"@id":"https:\/\/www.organisator.ch\/#organization"},"potentialAction":[{"@type":"SearchAction","target":{"@type":"EntryPoint","urlTemplate":"https:\/\/www.organisator.ch\/?s={search_term_string}"},"query-input":{"@type":"PropertyValueSpecification","valueRequired":true,"valueName":"search_term_string"}}],"inLanguage":"en-US"},{"@type":"Organization","@id":"https:\/\/www.organisator.ch\/#organization","name":"Organizer","url":"https:\/\/www.organisator.ch\/","logo":{"@type":"ImageObject","inLanguage":"en-US","@id":"https:\/\/www.organisator.ch\/#\/schema\/logo\/image\/","url":"https:\/\/www.organisator.ch\/wp-content\/uploads\/2022\/01\/Logo_Organisator_Website.png","contentUrl":"https:\/\/www.organisator.ch\/wp-content\/uploads\/2022\/01\/Logo_Organisator_Website.png","width":800,"height":77,"caption":"Organisator"},"image":{"@id":"https:\/\/www.organisator.ch\/#\/schema\/logo\/image\/"},"sameAs":["https:\/\/www.facebook.com\/OrganisatorFachmagazin","https:\/\/www.linkedin.com\/showcase\/organisator-das-magazin-fr-kmu","https:\/\/www.xing.com\/news\/pages\/organisator-ch-695","https:\/\/www.youtube.com\/channel\/UCGP2Sq0iWaZwT3BdIAQFYpw"]},{"@type":"Person","@id":"https:\/\/www.organisator.ch\/#\/schema\/person\/4e51799071cd2dd1232ac003643ef5f0","name":"galledia","image":{"@type":"ImageObject","inLanguage":"en-US","@id":"https:\/\/secure.gravatar.com\/avatar\/78a7f90c01fc2bfc875782a0d4922b37cde2cf184ce347b91316d23cd7f69a36?s=96&d=mm&r=g","url":"https:\/\/secure.gravatar.com\/avatar\/78a7f90c01fc2bfc875782a0d4922b37cde2cf184ce347b91316d23cd7f69a36?s=96&d=mm&r=g","contentUrl":"https:\/\/secure.gravatar.com\/avatar\/78a7f90c01fc2bfc875782a0d4922b37cde2cf184ce347b91316d23cd7f69a36?s=96&d=mm&r=g","caption":"galledia"},"sameAs":["https:\/\/x.com\/admin"],"url":"https:\/\/www.organisator.ch\/en\/author\/galledia\/"}]}},"_links":{"self":[{"href":"https:\/\/www.organisator.ch\/en\/wp-json\/wp\/v2\/posts\/20491","targetHints":{"allow":["GET"]}}],"collection":[{"href":"https:\/\/www.organisator.ch\/en\/wp-json\/wp\/v2\/posts"}],"about":[{"href":"https:\/\/www.organisator.ch\/en\/wp-json\/wp\/v2\/types\/post"}],"author":[{"embeddable":true,"href":"https:\/\/www.organisator.ch\/en\/wp-json\/wp\/v2\/users\/8"}],"replies":[{"embeddable":true,"href":"https:\/\/www.organisator.ch\/en\/wp-json\/wp\/v2\/comments?post=20491"}],"version-history":[{"count":5,"href":"https:\/\/www.organisator.ch\/en\/wp-json\/wp\/v2\/posts\/20491\/revisions"}],"predecessor-version":[{"id":33126,"href":"https:\/\/www.organisator.ch\/en\/wp-json\/wp\/v2\/posts\/20491\/revisions\/33126"}],"wp:attachment":[{"href":"https:\/\/www.organisator.ch\/en\/wp-json\/wp\/v2\/media?parent=20491"}],"wp:term":[{"taxonomy":"category","embeddable":true,"href":"https:\/\/www.organisator.ch\/en\/wp-json\/wp\/v2\/categories?post=20491"},{"taxonomy":"post_tag","embeddable":true,"href":"https:\/\/www.organisator.ch\/en\/wp-json\/wp\/v2\/tags?post=20491"}],"curies":[{"name":"wp","href":"https:\/\/api.w.org\/{rel}","templated":true}]}}