{"id":2059,"date":"2017-06-15T15:04:10","date_gmt":"2017-06-15T13:04:10","guid":{"rendered":"https:\/\/www.organisator.ch\/?p=2059"},"modified":"2017-06-15T15:04:10","modified_gmt":"2017-06-15T13:04:10","slug":"2059-2","status":"publish","type":"post","link":"https:\/\/www.organisator.ch\/en\/human-resources\/hrm\/2017-06-15\/2059-2\/","title":{"rendered":"Study: Workplace decisive for motivation"},"content":{"rendered":"<figure id=\"attachment_2060\" aria-describedby=\"caption-attachment-2060\" style=\"width: 640px\" class=\"wp-caption alignnone\"><img loading=\"lazy\" decoding=\"async\" class=\"size-full wp-image-2060\" src=\"https:\/\/www.organisator.ch\/wp-content\/uploads\/2017\/06\/Studie-Arbeitsplatz-auschlaggebend-fuer-Motivation-org-organisator.jpg\" alt=\"\" width=\"640\" height=\"465\" srcset=\"https:\/\/www.organisator.ch\/wp-content\/uploads\/2017\/06\/Studie-Arbeitsplatz-auschlaggebend-fuer-Motivation-org-organisator.jpg 640w, https:\/\/www.organisator.ch\/wp-content\/uploads\/2017\/06\/Studie-Arbeitsplatz-auschlaggebend-fuer-Motivation-org-organisator-16x12.jpg 16w, https:\/\/www.organisator.ch\/wp-content\/uploads\/2017\/06\/Studie-Arbeitsplatz-auschlaggebend-fuer-Motivation-org-organisator-241x175.jpg 241w, https:\/\/www.organisator.ch\/wp-content\/uploads\/2017\/06\/Studie-Arbeitsplatz-auschlaggebend-fuer-Motivation-org-organisator-482x350.jpg 482w, https:\/\/www.organisator.ch\/wp-content\/uploads\/2017\/06\/Studie-Arbeitsplatz-auschlaggebend-fuer-Motivation-org-organisator-300x218.jpg 300w\" sizes=\"auto, (max-width: 640px) 100vw, 640px\" \/><figcaption id=\"caption-attachment-2060\" class=\"wp-caption-text\">Untimely work methods agree 32 percent of employees as one of the main causes of frustration. (Image: depositphotos, \u00a9 AndreyPopov)<\/figcaption><\/figure>\n<p>The majority of office workers surveyed (63 percent) expressed negative opinions about inadequate factors in the workplace. Added to this is the annoyance with technology: one in two feels that the technical equipment in their office is backward and restrictive and has to deal with major breakdowns and annoyances three times a day on average.<\/p>\n<p>42 percent therefore prefer to work with their own laptops, tablets or smartphones, which are newer, faster and easier to use than office equipment. A further 40 percent of respondents say they have more often faked that a piece of work equipment is broken, just so they don't have to use it.<\/p>\n<p><strong>Motivation killer technology? <\/strong><\/p>\n<p>Overall, almost half (42 percent) of respondents are convinced that modern and easy-to-use technology in the workplace would have a positive impact on their motivation. 16 percent even believe that it would make them feel more connected to their employer and that they would not look for a new job.<\/p>\n<p>The proportion was even slightly higher among the younger generation under 35, who grew up with digital technologies: Here, 49 percent believe that more modern technologies had a positive impact on their work ethic. In addition, digital natives stated with above-average frequency (56 percent) that they prefer to work with their own devices rather than resort to office technology, which is perceived as outdated.<\/p>\n<p>\"It's clear that companies need to invest much more than they have in the past in order to position themselves as attractive employers, especially for young talent from the digital native generation, and to retain them over the long term,\" says Alexander Hermann, Vice President Information Systems Europe at Sharp. Modern, uncomplicated technology plays an important role here, and factors such as attractive premises and a collegial atmosphere are among the most important prerequisites for greater satisfaction in the workplace.<\/p>\n<p><em>For more information on the pan-European results, see: <a href=\"http:\/\/www.sharp.ch\/Unlock\">www.sharp.ch\/Unlock<\/a><\/em><\/p>\n<p>&nbsp;<\/p>","protected":false},"excerpt":{"rendered":"<p>\u00dcber ungen\u00fcgende Faktoren am Arbeitsplatz \u00e4ussern sich die Mehrheit der befragten der B\u00fcroangestellten (63 Prozent) negativ. Hinzu kommt der \u00c4rger mit der Technik: Jeder Zweite empfindet die technische Ausstattung in seinem B\u00fcro als r\u00fcckst\u00e4ndig und restriktiv und muss sich im Schnitt dreimal t\u00e4glich mit gr\u00f6\u00dferen Pannen und L\u00e4stigkeiten herumschlagen. 42 Prozent arbeiten daher lieber mit [&hellip;]<\/p>\n","protected":false},"author":5,"featured_media":2060,"comment_status":"open","ping_status":"open","sticky":false,"template":"","format":"standard","meta":{"_acf_changed":false,"_yoast_wpseo_focuskw":"Arbeitsplatz","_yoast_wpseo_metadesc":"Studie \u00fcber schlechte Stimmung am Arbeitsplatz: Nur 19 Prozent der Angestellten empfinden ihren Arbeitsplatz als motivierend.","articlekey":"","footnotes":""},"categories":[26],"tags":[49,475],"class_list":["post-2059","post","type-post","status-publish","format-standard","has-post-thumbnail","hentry","category-hrm","tag-arbeitspatz","tag-technologie"],"acf":[],"yoast_head":"<!-- This site is optimized with the Yoast SEO plugin v27.5 - https:\/\/yoast.com\/product\/yoast-seo-wordpress\/ -->\n<title>Studie: Arbeitsplatz auschlaggebend f\u00fcr Motivation - Organisator<\/title>\n<meta name=\"description\" content=\"Studie \u00fcber schlechte Stimmung am Arbeitsplatz: Nur 19 Prozent der Angestellten empfinden ihren Arbeitsplatz als motivierend.\" \/>\n<meta name=\"robots\" content=\"index, follow, max-snippet:-1, max-image-preview:large, max-video-preview:-1\" \/>\n<link rel=\"canonical\" href=\"https:\/\/www.organisator.ch\/en\/human-resources\/hrm\/2017-06-15\/2059-2\/\" \/>\n<meta property=\"og:locale\" content=\"en_US\" \/>\n<meta property=\"og:type\" content=\"article\" \/>\n<meta property=\"og:title\" content=\"Studie: Arbeitsplatz auschlaggebend f\u00fcr Motivation - Organisator\" \/>\n<meta property=\"og:description\" content=\"Studie \u00fcber schlechte Stimmung am Arbeitsplatz: Nur 19 Prozent der Angestellten empfinden ihren Arbeitsplatz als motivierend.\" \/>\n<meta property=\"og:url\" content=\"https:\/\/www.organisator.ch\/en\/human-resources\/hrm\/2017-06-15\/2059-2\/\" \/>\n<meta property=\"og:site_name\" content=\"Organisator\" \/>\n<meta property=\"article:publisher\" content=\"https:\/\/www.facebook.com\/OrganisatorFachmagazin\" \/>\n<meta property=\"article:published_time\" content=\"2017-06-15T13:04:10+00:00\" \/>\n<meta property=\"og:image\" content=\"https:\/\/www.organisator.ch\/wp-content\/uploads\/2017\/06\/Studie-Arbeitsplatz-auschlaggebend-fuer-Motivation-org-organisator.jpg\" \/>\n\t<meta property=\"og:image:width\" content=\"640\" \/>\n\t<meta property=\"og:image:height\" content=\"465\" \/>\n\t<meta property=\"og:image:type\" content=\"image\/jpeg\" \/>\n<meta name=\"author\" content=\"michael.merz\" \/>\n<meta name=\"twitter:card\" content=\"summary_large_image\" \/>\n<script type=\"application\/ld+json\" class=\"yoast-schema-graph\">{\"@context\":\"https:\\\/\\\/schema.org\",\"@graph\":[{\"@type\":\"Article\",\"@id\":\"https:\\\/\\\/www.organisator.ch\\\/human-resources\\\/hrm\\\/2017-06-15\\\/2059-2\\\/#article\",\"isPartOf\":{\"@id\":\"https:\\\/\\\/www.organisator.ch\\\/human-resources\\\/hrm\\\/2017-06-15\\\/2059-2\\\/\"},\"author\":{\"name\":\"michael.merz\",\"@id\":\"https:\\\/\\\/www.organisator.ch\\\/#\\\/schema\\\/person\\\/134708ca9321c57b0362cceb7948ffbd\"},\"headline\":\"Studie: Arbeitsplatz auschlaggebend f\u00fcr Motivation\",\"datePublished\":\"2017-06-15T13:04:10+00:00\",\"mainEntityOfPage\":{\"@id\":\"https:\\\/\\\/www.organisator.ch\\\/human-resources\\\/hrm\\\/2017-06-15\\\/2059-2\\\/\"},\"wordCount\":350,\"commentCount\":0,\"publisher\":{\"@id\":\"https:\\\/\\\/www.organisator.ch\\\/#organization\"},\"image\":{\"@id\":\"https:\\\/\\\/www.organisator.ch\\\/human-resources\\\/hrm\\\/2017-06-15\\\/2059-2\\\/#primaryimage\"},\"thumbnailUrl\":\"https:\\\/\\\/www.organisator.ch\\\/wp-content\\\/uploads\\\/2017\\\/06\\\/Studie-Arbeitsplatz-auschlaggebend-fuer-Motivation-org-organisator.jpg\",\"keywords\":[\"Arbeitspatz\",\"Technologie\"],\"articleSection\":[\"HRM\"],\"inLanguage\":\"en-US\"},{\"@type\":\"WebPage\",\"@id\":\"https:\\\/\\\/www.organisator.ch\\\/human-resources\\\/hrm\\\/2017-06-15\\\/2059-2\\\/\",\"url\":\"https:\\\/\\\/www.organisator.ch\\\/human-resources\\\/hrm\\\/2017-06-15\\\/2059-2\\\/\",\"name\":\"Studie: Arbeitsplatz auschlaggebend f\u00fcr Motivation - Organisator\",\"isPartOf\":{\"@id\":\"https:\\\/\\\/www.organisator.ch\\\/#website\"},\"primaryImageOfPage\":{\"@id\":\"https:\\\/\\\/www.organisator.ch\\\/human-resources\\\/hrm\\\/2017-06-15\\\/2059-2\\\/#primaryimage\"},\"image\":{\"@id\":\"https:\\\/\\\/www.organisator.ch\\\/human-resources\\\/hrm\\\/2017-06-15\\\/2059-2\\\/#primaryimage\"},\"thumbnailUrl\":\"https:\\\/\\\/www.organisator.ch\\\/wp-content\\\/uploads\\\/2017\\\/06\\\/Studie-Arbeitsplatz-auschlaggebend-fuer-Motivation-org-organisator.jpg\",\"datePublished\":\"2017-06-15T13:04:10+00:00\",\"description\":\"Studie \u00fcber schlechte Stimmung am Arbeitsplatz: Nur 19 Prozent der Angestellten empfinden ihren Arbeitsplatz als motivierend.\",\"breadcrumb\":{\"@id\":\"https:\\\/\\\/www.organisator.ch\\\/human-resources\\\/hrm\\\/2017-06-15\\\/2059-2\\\/#breadcrumb\"},\"inLanguage\":\"en-US\",\"potentialAction\":[{\"@type\":\"ReadAction\",\"target\":[\"https:\\\/\\\/www.organisator.ch\\\/human-resources\\\/hrm\\\/2017-06-15\\\/2059-2\\\/\"]}]},{\"@type\":\"ImageObject\",\"inLanguage\":\"en-US\",\"@id\":\"https:\\\/\\\/www.organisator.ch\\\/human-resources\\\/hrm\\\/2017-06-15\\\/2059-2\\\/#primaryimage\",\"url\":\"https:\\\/\\\/www.organisator.ch\\\/wp-content\\\/uploads\\\/2017\\\/06\\\/Studie-Arbeitsplatz-auschlaggebend-fuer-Motivation-org-organisator.jpg\",\"contentUrl\":\"https:\\\/\\\/www.organisator.ch\\\/wp-content\\\/uploads\\\/2017\\\/06\\\/Studie-Arbeitsplatz-auschlaggebend-fuer-Motivation-org-organisator.jpg\",\"width\":640,\"height\":465,\"caption\":\"Unzeitgem\u00e4sse Arbeitsmethoden stimmen 32 Prozent der Angestellten als eine der Hauptursachen f\u00fcr Frust: (Bild: depositphotos, \u00a9 AndreyPopov)\"},{\"@type\":\"BreadcrumbList\",\"@id\":\"https:\\\/\\\/www.organisator.ch\\\/human-resources\\\/hrm\\\/2017-06-15\\\/2059-2\\\/#breadcrumb\",\"itemListElement\":[{\"@type\":\"ListItem\",\"position\":1,\"name\":\"Home\",\"item\":\"https:\\\/\\\/www.organisator.ch\\\/\"},{\"@type\":\"ListItem\",\"position\":2,\"name\":\"Studie: Arbeitsplatz auschlaggebend f\u00fcr Motivation\"}]},{\"@type\":\"WebSite\",\"@id\":\"https:\\\/\\\/www.organisator.ch\\\/#website\",\"url\":\"https:\\\/\\\/www.organisator.ch\\\/\",\"name\":\"Organisator\",\"description\":\"Kompetent. Praxisnah. Der ORGANISATOR bereitet in 10 Ausgaben pro Jahr die wesentlichen Themen f\u00fcr F\u00fchrungskr\u00e4fte von KMU auf.\",\"publisher\":{\"@id\":\"https:\\\/\\\/www.organisator.ch\\\/#organization\"},\"potentialAction\":[{\"@type\":\"SearchAction\",\"target\":{\"@type\":\"EntryPoint\",\"urlTemplate\":\"https:\\\/\\\/www.organisator.ch\\\/?s={search_term_string}\"},\"query-input\":{\"@type\":\"PropertyValueSpecification\",\"valueRequired\":true,\"valueName\":\"search_term_string\"}}],\"inLanguage\":\"en-US\"},{\"@type\":\"Organization\",\"@id\":\"https:\\\/\\\/www.organisator.ch\\\/#organization\",\"name\":\"Organisator\",\"url\":\"https:\\\/\\\/www.organisator.ch\\\/\",\"logo\":{\"@type\":\"ImageObject\",\"inLanguage\":\"en-US\",\"@id\":\"https:\\\/\\\/www.organisator.ch\\\/#\\\/schema\\\/logo\\\/image\\\/\",\"url\":\"https:\\\/\\\/www.organisator.ch\\\/wp-content\\\/uploads\\\/2022\\\/01\\\/Logo_Organisator_Website.png\",\"contentUrl\":\"https:\\\/\\\/www.organisator.ch\\\/wp-content\\\/uploads\\\/2022\\\/01\\\/Logo_Organisator_Website.png\",\"width\":800,\"height\":77,\"caption\":\"Organisator\"},\"image\":{\"@id\":\"https:\\\/\\\/www.organisator.ch\\\/#\\\/schema\\\/logo\\\/image\\\/\"},\"sameAs\":[\"https:\\\/\\\/www.facebook.com\\\/OrganisatorFachmagazin\",\"https:\\\/\\\/www.linkedin.com\\\/showcase\\\/organisator-das-magazin-fr-kmu\",\"https:\\\/\\\/www.xing.com\\\/news\\\/pages\\\/organisator-ch-695\",\"https:\\\/\\\/www.youtube.com\\\/channel\\\/UCGP2Sq0iWaZwT3BdIAQFYpw\"]},{\"@type\":\"Person\",\"@id\":\"https:\\\/\\\/www.organisator.ch\\\/#\\\/schema\\\/person\\\/134708ca9321c57b0362cceb7948ffbd\",\"name\":\"michael.merz\",\"image\":{\"@type\":\"ImageObject\",\"inLanguage\":\"en-US\",\"@id\":\"https:\\\/\\\/secure.gravatar.com\\\/avatar\\\/?s=96&d=mm&r=g\",\"url\":\"https:\\\/\\\/secure.gravatar.com\\\/avatar\\\/?s=96&d=mm&r=g\",\"contentUrl\":\"https:\\\/\\\/secure.gravatar.com\\\/avatar\\\/?s=96&d=mm&r=g\",\"caption\":\"michael.merz\"},\"url\":\"https:\\\/\\\/www.organisator.ch\\\/en\\\/author\\\/michael-merz\\\/\"}]}<\/script>\n<!-- \/ Yoast SEO plugin. -->","yoast_head_json":{"title":"Study: Workplace decisive for motivation - Organizer","description":"Study on bad mood at work: Only 19 percent of employees feel their workplace is motivating.","robots":{"index":"index","follow":"follow","max-snippet":"max-snippet:-1","max-image-preview":"max-image-preview:large","max-video-preview":"max-video-preview:-1"},"canonical":"https:\/\/www.organisator.ch\/en\/human-resources\/hrm\/2017-06-15\/2059-2\/","og_locale":"en_US","og_type":"article","og_title":"Studie: Arbeitsplatz auschlaggebend f\u00fcr Motivation - Organisator","og_description":"Studie \u00fcber schlechte Stimmung am Arbeitsplatz: Nur 19 Prozent der Angestellten empfinden ihren Arbeitsplatz als motivierend.","og_url":"https:\/\/www.organisator.ch\/en\/human-resources\/hrm\/2017-06-15\/2059-2\/","og_site_name":"Organisator","article_publisher":"https:\/\/www.facebook.com\/OrganisatorFachmagazin","article_published_time":"2017-06-15T13:04:10+00:00","og_image":[{"width":640,"height":465,"url":"https:\/\/www.organisator.ch\/wp-content\/uploads\/2017\/06\/Studie-Arbeitsplatz-auschlaggebend-fuer-Motivation-org-organisator.jpg","type":"image\/jpeg"}],"author":"michael.merz","twitter_card":"summary_large_image","schema":{"@context":"https:\/\/schema.org","@graph":[{"@type":"Article","@id":"https:\/\/www.organisator.ch\/human-resources\/hrm\/2017-06-15\/2059-2\/#article","isPartOf":{"@id":"https:\/\/www.organisator.ch\/human-resources\/hrm\/2017-06-15\/2059-2\/"},"author":{"name":"michael.merz","@id":"https:\/\/www.organisator.ch\/#\/schema\/person\/134708ca9321c57b0362cceb7948ffbd"},"headline":"Studie: Arbeitsplatz auschlaggebend f\u00fcr Motivation","datePublished":"2017-06-15T13:04:10+00:00","mainEntityOfPage":{"@id":"https:\/\/www.organisator.ch\/human-resources\/hrm\/2017-06-15\/2059-2\/"},"wordCount":350,"commentCount":0,"publisher":{"@id":"https:\/\/www.organisator.ch\/#organization"},"image":{"@id":"https:\/\/www.organisator.ch\/human-resources\/hrm\/2017-06-15\/2059-2\/#primaryimage"},"thumbnailUrl":"https:\/\/www.organisator.ch\/wp-content\/uploads\/2017\/06\/Studie-Arbeitsplatz-auschlaggebend-fuer-Motivation-org-organisator.jpg","keywords":["Arbeitspatz","Technologie"],"articleSection":["HRM"],"inLanguage":"en-US"},{"@type":"WebPage","@id":"https:\/\/www.organisator.ch\/human-resources\/hrm\/2017-06-15\/2059-2\/","url":"https:\/\/www.organisator.ch\/human-resources\/hrm\/2017-06-15\/2059-2\/","name":"Study: Workplace decisive for motivation - Organizer","isPartOf":{"@id":"https:\/\/www.organisator.ch\/#website"},"primaryImageOfPage":{"@id":"https:\/\/www.organisator.ch\/human-resources\/hrm\/2017-06-15\/2059-2\/#primaryimage"},"image":{"@id":"https:\/\/www.organisator.ch\/human-resources\/hrm\/2017-06-15\/2059-2\/#primaryimage"},"thumbnailUrl":"https:\/\/www.organisator.ch\/wp-content\/uploads\/2017\/06\/Studie-Arbeitsplatz-auschlaggebend-fuer-Motivation-org-organisator.jpg","datePublished":"2017-06-15T13:04:10+00:00","description":"Study on bad mood at work: Only 19 percent of employees feel their workplace is motivating.","breadcrumb":{"@id":"https:\/\/www.organisator.ch\/human-resources\/hrm\/2017-06-15\/2059-2\/#breadcrumb"},"inLanguage":"en-US","potentialAction":[{"@type":"ReadAction","target":["https:\/\/www.organisator.ch\/human-resources\/hrm\/2017-06-15\/2059-2\/"]}]},{"@type":"ImageObject","inLanguage":"en-US","@id":"https:\/\/www.organisator.ch\/human-resources\/hrm\/2017-06-15\/2059-2\/#primaryimage","url":"https:\/\/www.organisator.ch\/wp-content\/uploads\/2017\/06\/Studie-Arbeitsplatz-auschlaggebend-fuer-Motivation-org-organisator.jpg","contentUrl":"https:\/\/www.organisator.ch\/wp-content\/uploads\/2017\/06\/Studie-Arbeitsplatz-auschlaggebend-fuer-Motivation-org-organisator.jpg","width":640,"height":465,"caption":"Unzeitgem\u00e4sse Arbeitsmethoden stimmen 32 Prozent der Angestellten als eine der Hauptursachen f\u00fcr Frust: (Bild: depositphotos, \u00a9 AndreyPopov)"},{"@type":"BreadcrumbList","@id":"https:\/\/www.organisator.ch\/human-resources\/hrm\/2017-06-15\/2059-2\/#breadcrumb","itemListElement":[{"@type":"ListItem","position":1,"name":"Home","item":"https:\/\/www.organisator.ch\/"},{"@type":"ListItem","position":2,"name":"Studie: Arbeitsplatz auschlaggebend f\u00fcr Motivation"}]},{"@type":"WebSite","@id":"https:\/\/www.organisator.ch\/#website","url":"https:\/\/www.organisator.ch\/","name":"Organizer","description":"Competent. Practical. In 10 issues per year, ORGANISATOR presents the essential topics for managers of SMEs.","publisher":{"@id":"https:\/\/www.organisator.ch\/#organization"},"potentialAction":[{"@type":"SearchAction","target":{"@type":"EntryPoint","urlTemplate":"https:\/\/www.organisator.ch\/?s={search_term_string}"},"query-input":{"@type":"PropertyValueSpecification","valueRequired":true,"valueName":"search_term_string"}}],"inLanguage":"en-US"},{"@type":"Organization","@id":"https:\/\/www.organisator.ch\/#organization","name":"Organizer","url":"https:\/\/www.organisator.ch\/","logo":{"@type":"ImageObject","inLanguage":"en-US","@id":"https:\/\/www.organisator.ch\/#\/schema\/logo\/image\/","url":"https:\/\/www.organisator.ch\/wp-content\/uploads\/2022\/01\/Logo_Organisator_Website.png","contentUrl":"https:\/\/www.organisator.ch\/wp-content\/uploads\/2022\/01\/Logo_Organisator_Website.png","width":800,"height":77,"caption":"Organisator"},"image":{"@id":"https:\/\/www.organisator.ch\/#\/schema\/logo\/image\/"},"sameAs":["https:\/\/www.facebook.com\/OrganisatorFachmagazin","https:\/\/www.linkedin.com\/showcase\/organisator-das-magazin-fr-kmu","https:\/\/www.xing.com\/news\/pages\/organisator-ch-695","https:\/\/www.youtube.com\/channel\/UCGP2Sq0iWaZwT3BdIAQFYpw"]},{"@type":"Person","@id":"https:\/\/www.organisator.ch\/#\/schema\/person\/134708ca9321c57b0362cceb7948ffbd","name":"michael.merz","image":{"@type":"ImageObject","inLanguage":"en-US","@id":"https:\/\/secure.gravatar.com\/avatar\/?s=96&d=mm&r=g","url":"https:\/\/secure.gravatar.com\/avatar\/?s=96&d=mm&r=g","contentUrl":"https:\/\/secure.gravatar.com\/avatar\/?s=96&d=mm&r=g","caption":"michael.merz"},"url":"https:\/\/www.organisator.ch\/en\/author\/michael-merz\/"}]}},"_links":{"self":[{"href":"https:\/\/www.organisator.ch\/en\/wp-json\/wp\/v2\/posts\/2059","targetHints":{"allow":["GET"]}}],"collection":[{"href":"https:\/\/www.organisator.ch\/en\/wp-json\/wp\/v2\/posts"}],"about":[{"href":"https:\/\/www.organisator.ch\/en\/wp-json\/wp\/v2\/types\/post"}],"author":[{"embeddable":true,"href":"https:\/\/www.organisator.ch\/en\/wp-json\/wp\/v2\/users\/5"}],"replies":[{"embeddable":true,"href":"https:\/\/www.organisator.ch\/en\/wp-json\/wp\/v2\/comments?post=2059"}],"version-history":[{"count":0,"href":"https:\/\/www.organisator.ch\/en\/wp-json\/wp\/v2\/posts\/2059\/revisions"}],"wp:featuredmedia":[{"embeddable":true,"href":"https:\/\/www.organisator.ch\/en\/wp-json\/wp\/v2\/media\/2060"}],"wp:attachment":[{"href":"https:\/\/www.organisator.ch\/en\/wp-json\/wp\/v2\/media?parent=2059"}],"wp:term":[{"taxonomy":"category","embeddable":true,"href":"https:\/\/www.organisator.ch\/en\/wp-json\/wp\/v2\/categories?post=2059"},{"taxonomy":"post_tag","embeddable":true,"href":"https:\/\/www.organisator.ch\/en\/wp-json\/wp\/v2\/tags?post=2059"}],"curies":[{"name":"wp","href":"https:\/\/api.w.org\/{rel}","templated":true}]}}