{"id":2067,"date":"2019-03-19T10:02:48","date_gmt":"2019-03-19T09:02:48","guid":{"rendered":"https:\/\/www.umweltperspektiven.ch\/?p=2067"},"modified":"2024-11-07T07:11:26","modified_gmt":"2024-11-07T06:11:26","slug":"wundertier-schwamm","status":"publish","type":"post","link":"https:\/\/www.organisator.ch\/en\/sustainability\/2019-03-19\/wundertier-schwamm\/","title":{"rendered":"Wonder animal sponge"},"content":{"rendered":"<figure id=\"attachment_2069\" aria-describedby=\"caption-attachment-2069\" style=\"width: 465px\" class=\"wp-caption alignnone\"><img loading=\"lazy\" decoding=\"async\" class=\"wp-image-2069 size-full\" src=\"\/\/www.umweltperspektiven.ch\/wp-content\/uploads\/2019\/03\/9783715207490_front_mittel.jpg\" alt=\"Wonder animal sponge children&#039;s non-fiction book\" width=\"465\" height=\"648\" \/><figcaption id=\"caption-attachment-2069\" class=\"wp-caption-text\">\"Wundertier Schwamm\" is a non-fiction book for children and part of the atlantis thema series. (Image: Orell F\u00fcssli)<\/figcaption><\/figure>\n<p>The sponge as a miracle animal? Ninon Ammann, born in 1988, has written and illustrated a children's non-fiction book about these sensational animals.  Ammann's book lends an exciting look at the world underwater, or as the press release from Orell F\u00fcssli Publishers puts it, \"A fascinating glimpse into a life form from prehistoric times.\"<\/p>\n<p><strong>\"Wonder animal sponge\"<\/strong><\/p>\n<p>The book is the result of the bachelor's thesis of the young Swiss artist, who studied non-fiction illustration at the Lucerne University of Applied Sciences and Arts. She worked with colored pencil and pencil, and received scientific advice from Prof. Dr. Antje Boetius, who works at the Helmholtz Centre for Polar and Marine Research.<\/p>\n<p>Every week, people all over the world go on strike for the climate. At the same time, one of the oldest creatures in the world is making its silent ecological contribution in the depths of the oceans: sponges filter water and store CO\u2082.<\/p>\n<p>\"Wundertier Schwamm\" is a children's non-fiction book and part of the atlantis thema series. Over 40 pages, it provides a lot of interesting information about the origin, distribution, variety of forms and function of sponges.<\/p>\n<p><a href=\"\/\/www.ofv.ch\/kinderbuch\/detail\/wundertier-schwamm\/103554\/\">www.ofv.ch\/kinderbuch\/detail\/wundertier-schwamm\/103554\/<\/a><\/p>\n<p>&nbsp;<\/p>\n<p>&nbsp;<\/p>","protected":false},"excerpt":{"rendered":"<p>Der Schwamm als Wundertier? Ninon Ammann, Jahrgang 1988, hat ein Kindersachbuch \u00fcber diese sensationellen Tiere geschrieben und illustriert. \u00a0Ammann verleiht mit ihrem Buch einen spannenden Blick auf die Welt unter Wasser, oder wie es in der Pressemitteilung des Orell F\u00fcssli Verlags heisst: &#8222;Einen faszinierenden Einblick in eine Lebensform aus der Urzeit.&#8220; \u00bbWundertier Schwamm\u00ab Das Buch [&hellip;]<\/p>\n","protected":false},"author":5,"featured_media":9593,"comment_status":"closed","ping_status":"closed","sticky":false,"template":"","format":"standard","meta":{"_acf_changed":false,"_yoast_wpseo_focuskw":"Wundertier Schwamm Kindersachbuch","_yoast_wpseo_metadesc":"Ninon Ammanns Buch \u00abWundertier Schwamm\u00bb zeigt faszinierende Einblicke in die Welt der Schw\u00e4mme und ihre \u00f6kologische Bedeutung.","articlekey":"","footnotes":""},"categories":[580],"tags":[881,1681,600],"class_list":["post-2067","post","type-post","status-publish","format-standard","has-post-thumbnail","hentry","category-sustainability","tag-buchtipp","tag-meerestiere","tag-wasser"],"acf":[],"yoast_head":"<!-- This site is optimized with the Yoast SEO plugin v27.4 - https:\/\/yoast.com\/product\/yoast-seo-wordpress\/ -->\n<title>Wundertier Schwamm - Organisator<\/title>\n<meta name=\"description\" content=\"Ninon Ammanns Buch \u00abWundertier Schwamm\u00bb zeigt faszinierende Einblicke in die Welt der Schw\u00e4mme und ihre \u00f6kologische Bedeutung.\" \/>\n<meta name=\"robots\" content=\"index, follow, max-snippet:-1, max-image-preview:large, max-video-preview:-1\" \/>\n<link rel=\"canonical\" href=\"https:\/\/www.organisator.ch\/en\/sustainability\/2019-03-19\/wundertier-schwamm\/\" \/>\n<meta property=\"og:locale\" content=\"en_US\" \/>\n<meta property=\"og:type\" content=\"article\" \/>\n<meta property=\"og:title\" content=\"Wundertier Schwamm - Organisator\" \/>\n<meta property=\"og:description\" content=\"Ninon Ammanns Buch \u00abWundertier Schwamm\u00bb zeigt faszinierende Einblicke in die Welt der Schw\u00e4mme und ihre \u00f6kologische Bedeutung.\" \/>\n<meta property=\"og:url\" content=\"https:\/\/www.organisator.ch\/en\/sustainability\/2019-03-19\/wundertier-schwamm\/\" \/>\n<meta property=\"og:site_name\" content=\"Organisator\" \/>\n<meta property=\"article:publisher\" content=\"https:\/\/www.facebook.com\/OrganisatorFachmagazin\" \/>\n<meta property=\"article:published_time\" content=\"2019-03-19T09:02:48+00:00\" \/>\n<meta property=\"article:modified_time\" content=\"2024-11-07T06:11:26+00:00\" \/>\n<meta property=\"og:image\" content=\"https:\/\/www.organisator.ch\/wp-content\/uploads\/2019\/03\/9783715207490_front_mittel.jpg\" \/>\n\t<meta property=\"og:image:width\" content=\"465\" \/>\n\t<meta property=\"og:image:height\" content=\"648\" \/>\n\t<meta property=\"og:image:type\" content=\"image\/jpeg\" \/>\n<meta name=\"author\" content=\"michael.merz\" \/>\n<meta name=\"twitter:card\" content=\"summary_large_image\" \/>\n<script type=\"application\/ld+json\" class=\"yoast-schema-graph\">{\"@context\":\"https:\\\/\\\/schema.org\",\"@graph\":[{\"@type\":\"Article\",\"@id\":\"https:\\\/\\\/www.organisator.ch\\\/sustainability\\\/2019-03-19\\\/wundertier-schwamm\\\/#article\",\"isPartOf\":{\"@id\":\"https:\\\/\\\/www.organisator.ch\\\/sustainability\\\/2019-03-19\\\/wundertier-schwamm\\\/\"},\"author\":{\"name\":\"michael.merz\",\"@id\":\"https:\\\/\\\/www.organisator.ch\\\/#\\\/schema\\\/person\\\/134708ca9321c57b0362cceb7948ffbd\"},\"headline\":\"Wundertier Schwamm\",\"datePublished\":\"2019-03-19T09:02:48+00:00\",\"dateModified\":\"2024-11-07T06:11:26+00:00\",\"mainEntityOfPage\":{\"@id\":\"https:\\\/\\\/www.organisator.ch\\\/sustainability\\\/2019-03-19\\\/wundertier-schwamm\\\/\"},\"wordCount\":195,\"publisher\":{\"@id\":\"https:\\\/\\\/www.organisator.ch\\\/#organization\"},\"image\":{\"@id\":\"https:\\\/\\\/www.organisator.ch\\\/sustainability\\\/2019-03-19\\\/wundertier-schwamm\\\/#primaryimage\"},\"thumbnailUrl\":\"https:\\\/\\\/www.organisator.ch\\\/wp-content\\\/uploads\\\/2019\\\/03\\\/9783715207490_front_mittel.jpg\",\"keywords\":[\"Buchtipp\",\"Meerestiere\",\"WASSER\"],\"articleSection\":[\"SUSTAINABILITY\"],\"inLanguage\":\"en-US\"},{\"@type\":\"WebPage\",\"@id\":\"https:\\\/\\\/www.organisator.ch\\\/sustainability\\\/2019-03-19\\\/wundertier-schwamm\\\/\",\"url\":\"https:\\\/\\\/www.organisator.ch\\\/sustainability\\\/2019-03-19\\\/wundertier-schwamm\\\/\",\"name\":\"Wundertier Schwamm - Organisator\",\"isPartOf\":{\"@id\":\"https:\\\/\\\/www.organisator.ch\\\/#website\"},\"primaryImageOfPage\":{\"@id\":\"https:\\\/\\\/www.organisator.ch\\\/sustainability\\\/2019-03-19\\\/wundertier-schwamm\\\/#primaryimage\"},\"image\":{\"@id\":\"https:\\\/\\\/www.organisator.ch\\\/sustainability\\\/2019-03-19\\\/wundertier-schwamm\\\/#primaryimage\"},\"thumbnailUrl\":\"https:\\\/\\\/www.organisator.ch\\\/wp-content\\\/uploads\\\/2019\\\/03\\\/9783715207490_front_mittel.jpg\",\"datePublished\":\"2019-03-19T09:02:48+00:00\",\"dateModified\":\"2024-11-07T06:11:26+00:00\",\"description\":\"Ninon Ammanns Buch \u00abWundertier Schwamm\u00bb zeigt faszinierende Einblicke in die Welt der Schw\u00e4mme und ihre \u00f6kologische Bedeutung.\",\"breadcrumb\":{\"@id\":\"https:\\\/\\\/www.organisator.ch\\\/sustainability\\\/2019-03-19\\\/wundertier-schwamm\\\/#breadcrumb\"},\"inLanguage\":\"en-US\",\"potentialAction\":[{\"@type\":\"ReadAction\",\"target\":[\"https:\\\/\\\/www.organisator.ch\\\/sustainability\\\/2019-03-19\\\/wundertier-schwamm\\\/\"]}]},{\"@type\":\"ImageObject\",\"inLanguage\":\"en-US\",\"@id\":\"https:\\\/\\\/www.organisator.ch\\\/sustainability\\\/2019-03-19\\\/wundertier-schwamm\\\/#primaryimage\",\"url\":\"https:\\\/\\\/www.organisator.ch\\\/wp-content\\\/uploads\\\/2019\\\/03\\\/9783715207490_front_mittel.jpg\",\"contentUrl\":\"https:\\\/\\\/www.organisator.ch\\\/wp-content\\\/uploads\\\/2019\\\/03\\\/9783715207490_front_mittel.jpg\",\"width\":465,\"height\":648,\"caption\":\"\u00bbWundertier Schwamm\u00ab ist ein Kindersachbuch und Teil der atlantis thema-Reihe. (Bild: Orell F\u00fcssli)\"},{\"@type\":\"BreadcrumbList\",\"@id\":\"https:\\\/\\\/www.organisator.ch\\\/sustainability\\\/2019-03-19\\\/wundertier-schwamm\\\/#breadcrumb\",\"itemListElement\":[{\"@type\":\"ListItem\",\"position\":1,\"name\":\"Home\",\"item\":\"https:\\\/\\\/www.organisator.ch\\\/\"},{\"@type\":\"ListItem\",\"position\":2,\"name\":\"Wundertier Schwamm\"}]},{\"@type\":\"WebSite\",\"@id\":\"https:\\\/\\\/www.organisator.ch\\\/#website\",\"url\":\"https:\\\/\\\/www.organisator.ch\\\/\",\"name\":\"Organisator\",\"description\":\"Kompetent. Praxisnah. Der ORGANISATOR bereitet in 10 Ausgaben pro Jahr die wesentlichen Themen f\u00fcr F\u00fchrungskr\u00e4fte von KMU auf.\",\"publisher\":{\"@id\":\"https:\\\/\\\/www.organisator.ch\\\/#organization\"},\"potentialAction\":[{\"@type\":\"SearchAction\",\"target\":{\"@type\":\"EntryPoint\",\"urlTemplate\":\"https:\\\/\\\/www.organisator.ch\\\/?s={search_term_string}\"},\"query-input\":{\"@type\":\"PropertyValueSpecification\",\"valueRequired\":true,\"valueName\":\"search_term_string\"}}],\"inLanguage\":\"en-US\"},{\"@type\":\"Organization\",\"@id\":\"https:\\\/\\\/www.organisator.ch\\\/#organization\",\"name\":\"Organisator\",\"url\":\"https:\\\/\\\/www.organisator.ch\\\/\",\"logo\":{\"@type\":\"ImageObject\",\"inLanguage\":\"en-US\",\"@id\":\"https:\\\/\\\/www.organisator.ch\\\/#\\\/schema\\\/logo\\\/image\\\/\",\"url\":\"https:\\\/\\\/www.organisator.ch\\\/wp-content\\\/uploads\\\/2022\\\/01\\\/Logo_Organisator_Website.png\",\"contentUrl\":\"https:\\\/\\\/www.organisator.ch\\\/wp-content\\\/uploads\\\/2022\\\/01\\\/Logo_Organisator_Website.png\",\"width\":800,\"height\":77,\"caption\":\"Organisator\"},\"image\":{\"@id\":\"https:\\\/\\\/www.organisator.ch\\\/#\\\/schema\\\/logo\\\/image\\\/\"},\"sameAs\":[\"https:\\\/\\\/www.facebook.com\\\/OrganisatorFachmagazin\",\"https:\\\/\\\/www.linkedin.com\\\/showcase\\\/organisator-das-magazin-fr-kmu\",\"https:\\\/\\\/www.xing.com\\\/news\\\/pages\\\/organisator-ch-695\",\"https:\\\/\\\/www.youtube.com\\\/channel\\\/UCGP2Sq0iWaZwT3BdIAQFYpw\"]},{\"@type\":\"Person\",\"@id\":\"https:\\\/\\\/www.organisator.ch\\\/#\\\/schema\\\/person\\\/134708ca9321c57b0362cceb7948ffbd\",\"name\":\"michael.merz\",\"image\":{\"@type\":\"ImageObject\",\"inLanguage\":\"en-US\",\"@id\":\"https:\\\/\\\/secure.gravatar.com\\\/avatar\\\/?s=96&d=mm&r=g\",\"url\":\"https:\\\/\\\/secure.gravatar.com\\\/avatar\\\/?s=96&d=mm&r=g\",\"contentUrl\":\"https:\\\/\\\/secure.gravatar.com\\\/avatar\\\/?s=96&d=mm&r=g\",\"caption\":\"michael.merz\"},\"url\":\"https:\\\/\\\/www.organisator.ch\\\/en\\\/author\\\/michael-merz\\\/\"}]}<\/script>\n<!-- \/ Yoast SEO plugin. -->","yoast_head_json":{"title":"Wonder animal sponge - organizer","description":"Ninon Ammann's book \"Wundertier Schwamm\" provides fascinating insights into the world of sponges and their ecological importance.","robots":{"index":"index","follow":"follow","max-snippet":"max-snippet:-1","max-image-preview":"max-image-preview:large","max-video-preview":"max-video-preview:-1"},"canonical":"https:\/\/www.organisator.ch\/en\/sustainability\/2019-03-19\/wundertier-schwamm\/","og_locale":"en_US","og_type":"article","og_title":"Wundertier Schwamm - Organisator","og_description":"Ninon Ammanns Buch \u00abWundertier Schwamm\u00bb zeigt faszinierende Einblicke in die Welt der Schw\u00e4mme und ihre \u00f6kologische Bedeutung.","og_url":"https:\/\/www.organisator.ch\/en\/sustainability\/2019-03-19\/wundertier-schwamm\/","og_site_name":"Organisator","article_publisher":"https:\/\/www.facebook.com\/OrganisatorFachmagazin","article_published_time":"2019-03-19T09:02:48+00:00","article_modified_time":"2024-11-07T06:11:26+00:00","og_image":[{"width":465,"height":648,"url":"https:\/\/www.organisator.ch\/wp-content\/uploads\/2019\/03\/9783715207490_front_mittel.jpg","type":"image\/jpeg"}],"author":"michael.merz","twitter_card":"summary_large_image","schema":{"@context":"https:\/\/schema.org","@graph":[{"@type":"Article","@id":"https:\/\/www.organisator.ch\/sustainability\/2019-03-19\/wundertier-schwamm\/#article","isPartOf":{"@id":"https:\/\/www.organisator.ch\/sustainability\/2019-03-19\/wundertier-schwamm\/"},"author":{"name":"michael.merz","@id":"https:\/\/www.organisator.ch\/#\/schema\/person\/134708ca9321c57b0362cceb7948ffbd"},"headline":"Wundertier Schwamm","datePublished":"2019-03-19T09:02:48+00:00","dateModified":"2024-11-07T06:11:26+00:00","mainEntityOfPage":{"@id":"https:\/\/www.organisator.ch\/sustainability\/2019-03-19\/wundertier-schwamm\/"},"wordCount":195,"publisher":{"@id":"https:\/\/www.organisator.ch\/#organization"},"image":{"@id":"https:\/\/www.organisator.ch\/sustainability\/2019-03-19\/wundertier-schwamm\/#primaryimage"},"thumbnailUrl":"https:\/\/www.organisator.ch\/wp-content\/uploads\/2019\/03\/9783715207490_front_mittel.jpg","keywords":["Buchtipp","Meerestiere","WASSER"],"articleSection":["SUSTAINABILITY"],"inLanguage":"en-US"},{"@type":"WebPage","@id":"https:\/\/www.organisator.ch\/sustainability\/2019-03-19\/wundertier-schwamm\/","url":"https:\/\/www.organisator.ch\/sustainability\/2019-03-19\/wundertier-schwamm\/","name":"Wonder animal sponge - organizer","isPartOf":{"@id":"https:\/\/www.organisator.ch\/#website"},"primaryImageOfPage":{"@id":"https:\/\/www.organisator.ch\/sustainability\/2019-03-19\/wundertier-schwamm\/#primaryimage"},"image":{"@id":"https:\/\/www.organisator.ch\/sustainability\/2019-03-19\/wundertier-schwamm\/#primaryimage"},"thumbnailUrl":"https:\/\/www.organisator.ch\/wp-content\/uploads\/2019\/03\/9783715207490_front_mittel.jpg","datePublished":"2019-03-19T09:02:48+00:00","dateModified":"2024-11-07T06:11:26+00:00","description":"Ninon Ammann's book \"Wundertier Schwamm\" provides fascinating insights into the world of sponges and their ecological importance.","breadcrumb":{"@id":"https:\/\/www.organisator.ch\/sustainability\/2019-03-19\/wundertier-schwamm\/#breadcrumb"},"inLanguage":"en-US","potentialAction":[{"@type":"ReadAction","target":["https:\/\/www.organisator.ch\/sustainability\/2019-03-19\/wundertier-schwamm\/"]}]},{"@type":"ImageObject","inLanguage":"en-US","@id":"https:\/\/www.organisator.ch\/sustainability\/2019-03-19\/wundertier-schwamm\/#primaryimage","url":"https:\/\/www.organisator.ch\/wp-content\/uploads\/2019\/03\/9783715207490_front_mittel.jpg","contentUrl":"https:\/\/www.organisator.ch\/wp-content\/uploads\/2019\/03\/9783715207490_front_mittel.jpg","width":465,"height":648,"caption":"\u00bbWundertier Schwamm\u00ab ist ein Kindersachbuch und Teil der atlantis thema-Reihe. (Bild: Orell F\u00fcssli)"},{"@type":"BreadcrumbList","@id":"https:\/\/www.organisator.ch\/sustainability\/2019-03-19\/wundertier-schwamm\/#breadcrumb","itemListElement":[{"@type":"ListItem","position":1,"name":"Home","item":"https:\/\/www.organisator.ch\/"},{"@type":"ListItem","position":2,"name":"Wundertier Schwamm"}]},{"@type":"WebSite","@id":"https:\/\/www.organisator.ch\/#website","url":"https:\/\/www.organisator.ch\/","name":"Organizer","description":"Competent. Practical. In 10 issues per year, ORGANISATOR presents the essential topics for managers of SMEs.","publisher":{"@id":"https:\/\/www.organisator.ch\/#organization"},"potentialAction":[{"@type":"SearchAction","target":{"@type":"EntryPoint","urlTemplate":"https:\/\/www.organisator.ch\/?s={search_term_string}"},"query-input":{"@type":"PropertyValueSpecification","valueRequired":true,"valueName":"search_term_string"}}],"inLanguage":"en-US"},{"@type":"Organization","@id":"https:\/\/www.organisator.ch\/#organization","name":"Organizer","url":"https:\/\/www.organisator.ch\/","logo":{"@type":"ImageObject","inLanguage":"en-US","@id":"https:\/\/www.organisator.ch\/#\/schema\/logo\/image\/","url":"https:\/\/www.organisator.ch\/wp-content\/uploads\/2022\/01\/Logo_Organisator_Website.png","contentUrl":"https:\/\/www.organisator.ch\/wp-content\/uploads\/2022\/01\/Logo_Organisator_Website.png","width":800,"height":77,"caption":"Organisator"},"image":{"@id":"https:\/\/www.organisator.ch\/#\/schema\/logo\/image\/"},"sameAs":["https:\/\/www.facebook.com\/OrganisatorFachmagazin","https:\/\/www.linkedin.com\/showcase\/organisator-das-magazin-fr-kmu","https:\/\/www.xing.com\/news\/pages\/organisator-ch-695","https:\/\/www.youtube.com\/channel\/UCGP2Sq0iWaZwT3BdIAQFYpw"]},{"@type":"Person","@id":"https:\/\/www.organisator.ch\/#\/schema\/person\/134708ca9321c57b0362cceb7948ffbd","name":"michael.merz","image":{"@type":"ImageObject","inLanguage":"en-US","@id":"https:\/\/secure.gravatar.com\/avatar\/?s=96&d=mm&r=g","url":"https:\/\/secure.gravatar.com\/avatar\/?s=96&d=mm&r=g","contentUrl":"https:\/\/secure.gravatar.com\/avatar\/?s=96&d=mm&r=g","caption":"michael.merz"},"url":"https:\/\/www.organisator.ch\/en\/author\/michael-merz\/"}]}},"_links":{"self":[{"href":"https:\/\/www.organisator.ch\/en\/wp-json\/wp\/v2\/posts\/2067","targetHints":{"allow":["GET"]}}],"collection":[{"href":"https:\/\/www.organisator.ch\/en\/wp-json\/wp\/v2\/posts"}],"about":[{"href":"https:\/\/www.organisator.ch\/en\/wp-json\/wp\/v2\/types\/post"}],"author":[{"embeddable":true,"href":"https:\/\/www.organisator.ch\/en\/wp-json\/wp\/v2\/users\/5"}],"replies":[{"embeddable":true,"href":"https:\/\/www.organisator.ch\/en\/wp-json\/wp\/v2\/comments?post=2067"}],"version-history":[{"count":3,"href":"https:\/\/www.organisator.ch\/en\/wp-json\/wp\/v2\/posts\/2067\/revisions"}],"predecessor-version":[{"id":31643,"href":"https:\/\/www.organisator.ch\/en\/wp-json\/wp\/v2\/posts\/2067\/revisions\/31643"}],"wp:featuredmedia":[{"embeddable":true,"href":"https:\/\/www.organisator.ch\/en\/wp-json\/wp\/v2\/media\/9593"}],"wp:attachment":[{"href":"https:\/\/www.organisator.ch\/en\/wp-json\/wp\/v2\/media?parent=2067"}],"wp:term":[{"taxonomy":"category","embeddable":true,"href":"https:\/\/www.organisator.ch\/en\/wp-json\/wp\/v2\/categories?post=2067"},{"taxonomy":"post_tag","embeddable":true,"href":"https:\/\/www.organisator.ch\/en\/wp-json\/wp\/v2\/tags?post=2067"}],"curies":[{"name":"wp","href":"https:\/\/api.w.org\/{rel}","templated":true}]}}