{"id":20718,"date":"2023-06-15T11:01:44","date_gmt":"2023-06-15T09:01:44","guid":{"rendered":"https:\/\/www.organisator.ch\/?p=20718"},"modified":"2023-06-28T09:53:45","modified_gmt":"2023-06-28T07:53:45","slug":"rueckblick-nwx23-arbeitsmarkt-im-banne-von-fachkraeftemangel-generationenkonflikten-und-ki","status":"publish","type":"post","link":"https:\/\/www.organisator.ch\/en\/human-resources\/2023-06-15\/rueckblick-nwx23-arbeitsmarkt-im-banne-von-fachkraeftemangel-generationenkonflikten-und-ki\/","title":{"rendered":"Review NWX23: Labor market under the spell of skills shortages, generational conflicts and AI"},"content":{"rendered":"<figure id=\"attachment_20720\" aria-describedby=\"caption-attachment-20720\" style=\"width: 680px\" class=\"wp-caption alignnone\"><img loading=\"lazy\" decoding=\"async\" class=\"size-full wp-image-20720\" src=\"https:\/\/www.organisator.ch\/wp-content\/uploads\/2023\/06\/Rueckblick-NWX23-Arbeitsmarkt-im-Banne-von-Fachkraeftemangel-Generationenkonflikten-und-KI-1_Organisator.jpg\" alt=\"\" width=\"680\" height=\"453\" srcset=\"https:\/\/www.organisator.ch\/wp-content\/uploads\/2023\/06\/Rueckblick-NWX23-Arbeitsmarkt-im-Banne-von-Fachkraeftemangel-Generationenkonflikten-und-KI-1_Organisator.jpg 680w, https:\/\/www.organisator.ch\/wp-content\/uploads\/2023\/06\/Rueckblick-NWX23-Arbeitsmarkt-im-Banne-von-Fachkraeftemangel-Generationenkonflikten-und-KI-1_Organisator-18x12.jpg 18w, https:\/\/www.organisator.ch\/wp-content\/uploads\/2023\/06\/Rueckblick-NWX23-Arbeitsmarkt-im-Banne-von-Fachkraeftemangel-Generationenkonflikten-und-KI-1_Organisator-375x250.jpg 375w, https:\/\/www.organisator.ch\/wp-content\/uploads\/2023\/06\/Rueckblick-NWX23-Arbeitsmarkt-im-Banne-von-Fachkraeftemangel-Generationenkonflikten-und-KI-1_Organisator-525x350.jpg 525w\" sizes=\"auto, (max-width: 680px) 100vw, 680px\" \/><figcaption id=\"caption-attachment-20720\" class=\"wp-caption-text\">A \"container\" full of challenges of the working world: The NWX23 in Hamburg. (Image: Nils Hasenau)<\/figcaption><\/figure>\n<p>In Switzerland, June 14, 2023, was Women's Strike Day - in Hamburg, with the <a href=\"https:\/\/nwx.new-work.se\/events\/nwx23\">NWX23<\/a> probably the largest HR festival in the German-speaking world. What do the two events have to do with each other? More than one might expect. Because gender issues, the equal treatment of generations and cultures are now part of a challenging mix of factors that occupy the world of work. Gazelle Vollhase, Recruiting, Diversity &amp; Inclusion Partner at online price comparison portal idealo and, as a transwoman herself, part of the LGBTQ community, put her finger on some sore spots in recruiting. \"Modern recruiting is inclusive recruiting,\" she said in her keynote. And that's not simply about quotas for women, she said, because even there, people think primarily only of the \"white woman\" type. If there are to be quotas, then they should be for \"underrepresented groups,\" she demanded. Generation Z also pays attention to inclusive language, starting with consistent gendering on company websites. Companies can benefit from diverse and inclusive recruiting, but they will have to rethink many of their dusty parameters for hiring.<\/p>\n<h3>Promote dialogue between generations<\/h3>\n<p>Gazelle Vollhase was just one of a total of over 150 well-known and lesser-known voices from politics, business, human resources, science and culture. Speakers included Sascha Lobo and John Bercow (former Speaker of the House of Commons) as well as German soccer celebrities in the person of Steffi Jones, Neven Subotic and Manuel Gr\u00e4fe. Under the title \"Welcome to New Challenges,\" Petra von Strombeck, CEO of New Work SE, and Marc-Sven Kopka, Vice President External Affairs at the same company, addressed NWX23 on generational conflicts, skills shortages and artificial intelligence as three of the biggest challenges facing the labor market. \"The upheaval of the labor market also stands for a new dawn - and this is exactly where we are starting with NWX23,\" explained von Strombeck at the opening of the event. \"To remain fit for the future, we need to take advantage of opportunities offered by digitalization, promote dialog between generations and focus on the needs of skilled workers.\"<\/p>\n<figure id=\"attachment_20721\" aria-describedby=\"caption-attachment-20721\" style=\"width: 680px\" class=\"wp-caption alignnone\"><img loading=\"lazy\" decoding=\"async\" class=\"size-full wp-image-20721\" src=\"https:\/\/www.organisator.ch\/wp-content\/uploads\/2023\/06\/Rueckblick-NWX23-Arbeitsmarkt-im-Banne-von-Fachkraeftemangel-Generationenkonflikten-und-KI-2_Organisator.jpg\" alt=\"\" width=\"680\" height=\"463\" srcset=\"https:\/\/www.organisator.ch\/wp-content\/uploads\/2023\/06\/Rueckblick-NWX23-Arbeitsmarkt-im-Banne-von-Fachkraeftemangel-Generationenkonflikten-und-KI-2_Organisator.jpg 680w, https:\/\/www.organisator.ch\/wp-content\/uploads\/2023\/06\/Rueckblick-NWX23-Arbeitsmarkt-im-Banne-von-Fachkraeftemangel-Generationenkonflikten-und-KI-2_Organisator-18x12.jpg 18w, https:\/\/www.organisator.ch\/wp-content\/uploads\/2023\/06\/Rueckblick-NWX23-Arbeitsmarkt-im-Banne-von-Fachkraeftemangel-Generationenkonflikten-und-KI-2_Organisator-375x255.jpg 375w, https:\/\/www.organisator.ch\/wp-content\/uploads\/2023\/06\/Rueckblick-NWX23-Arbeitsmarkt-im-Banne-von-Fachkraeftemangel-Generationenkonflikten-und-KI-2_Organisator-514x350.jpg 514w\" sizes=\"auto, (max-width: 680px) 100vw, 680px\" \/><figcaption id=\"caption-attachment-20721\" class=\"wp-caption-text\">Modern recruiting is inclusive recruiting, according to Gazelle Vollhase. (Image: \u00a9 Gordon Welters)<\/figcaption><\/figure>\n<h3>Labor shortage, not \"only\" shortage of skilled workers...<\/h3>\n<p>With numerous masterclasses, panels, workshops and keynotes, the diverse program continued throughout the day.  Also tying into the theme of cross-age collaboration was the keynote by generational researcher Dr. Eliza Filby, who explained how the diversity of perspectives of different age groups can be managed under one roof. Her conclusion: it works, but you have to work at it.<\/p>\n<p>Cawa Younosi, Head of Human Resources and Member of the Executive Board at SAP, Kerstin Wagner, Head of Recruitment at Deutsche Bahn, Katharina Herrmann, Chief Human Resources and Compliance Officer at Hubert Burda Media, and Katrin Schwerdtner, Head of People &amp; Culture at Tomorrow, discussed the topic of \"New Talent: Are we getting the skills shortage right?\" in one of the most well-attended panels. The speakers agreed that the core problem is not the skills shortage, but the workforce shortage. And what we are experiencing today is just the beginning of an impending tsunami, as Prof. Dr. Heike Bruch from the University of St.Gallen, also a keynote speaker in Hamburg, warned in an interview with our medium. If we do not tackle the effects of demographic change today, it would become \"really difficult\" to find enough workers by 2025 at the latest.<\/p>\n<h3>\"Reverse Recruiting\" at XING Job World<\/h3>\n<p>Of course, NWX23 was essentially a PR event for New Work SE with its three brands XING, onlyfy by XING and kununu. The fact that the company offers helpful recruiting tools was repeatedly emphasized. For example, the XING Job World was also on the agenda for the first time, with around 20 companies offering direct on-site applications to more than 800 young talents. According to New Work SE, the offer, which was free of charge for students, met with an above-average positive response and had proven its worth as a new format. The well-attended and top-class master classes and workshops with renowned career and application coaches such as Dr. Bernd Slaghuis or Nane Nebel had also contributed to this.<\/p>\n<figure id=\"attachment_20722\" aria-describedby=\"caption-attachment-20722\" style=\"width: 680px\" class=\"wp-caption alignnone\"><img loading=\"lazy\" decoding=\"async\" class=\"size-full wp-image-20722\" src=\"https:\/\/www.organisator.ch\/wp-content\/uploads\/2023\/06\/Rueckblick-NWX23-Arbeitsmarkt-im-Banne-von-Fachkraeftemangel-Generationenkonflikten-und-KI-3_Organisator.jpg\" alt=\"\" width=\"680\" height=\"634\" srcset=\"https:\/\/www.organisator.ch\/wp-content\/uploads\/2023\/06\/Rueckblick-NWX23-Arbeitsmarkt-im-Banne-von-Fachkraeftemangel-Generationenkonflikten-und-KI-3_Organisator.jpg 680w, https:\/\/www.organisator.ch\/wp-content\/uploads\/2023\/06\/Rueckblick-NWX23-Arbeitsmarkt-im-Banne-von-Fachkraeftemangel-Generationenkonflikten-und-KI-3_Organisator-13x12.jpg 13w, https:\/\/www.organisator.ch\/wp-content\/uploads\/2023\/06\/Rueckblick-NWX23-Arbeitsmarkt-im-Banne-von-Fachkraeftemangel-Generationenkonflikten-und-KI-3_Organisator-322x300.jpg 322w, https:\/\/www.organisator.ch\/wp-content\/uploads\/2023\/06\/Rueckblick-NWX23-Arbeitsmarkt-im-Banne-von-Fachkraeftemangel-Generationenkonflikten-und-KI-3_Organisator-375x350.jpg 375w\" sizes=\"auto, (max-width: 680px) 100vw, 680px\" \/><figcaption id=\"caption-attachment-20722\" class=\"wp-caption-text\">Review NWX23 in a nutshell: \"The upheaval in the labor market also stands for a new dawn - and this is precisely where we are starting with NWX23,\" explains Petra von Strombeck, head of New Work SE. \"To remain fit for the future, we need to take advantage of opportunities offered by digitalization, promote dialog between generations and focus on the needs of skilled workers.\" (Image: Nils Hasenau)<\/figcaption><\/figure>\n<p>Inclusive recruiting, positioning an employer brand and putting people at the center and not just their manpower: These were much-heard recipes in Hamburg. Best practice examples were also mentioned: Heike Wenzel, managing partner of WENZEL Group GmbH &amp; Co. KG, was able to report on positive experiences with the 4-day week in her family business. This is not only a way to score points with Generation Z, which is said to want to earn money but work less - or rather: differently.<\/p>\n<h3>Review NWX23: Still a lot to do - so \"Word Forward\".<\/h3>\n<p>In summary: NWX23 presented a panorama of the current challenges in the world of work. Although the individual challenges are not new, they are now occurring in concentrated form and at high speed. The tools of the past are no longer suitable for overcoming them. And many companies are being forced to adopt new approaches to solving these problems, which can sometimes trigger resistance. And it has to be said that there is still a lot to be done and many existing mindsets have to be changed. Against this background, protest movements such as the women's strike in Switzerland are likely to remain necessary for some time, as long as employers, for example. <a href=\"https:\/\/www.organisator.ch\/de\/human-resources\/2023-06-13\/erhebung-zeigt-lohngleichheit-ist-vielerorts-realitaet\/\">want to make believe on the basis of a few statistics<\/a>that there is nothing wrong with equal pay...<\/p>","protected":false},"excerpt":{"rendered":"<p>On June 14, 2023, NWX23 took place in Hamburg's HafenCity under the motto \"Work Forward\". At four locations, including the famous Elbphilharmonie Concert Hall, and on 16 stages, numerous international speakers aroused great interest among the 2,500 visitors. The conclusion was that a shortage of skilled workers, generational conflicts and artificial intelligence are driving the upheaval in the labor market. <\/p>","protected":false},"author":4,"featured_media":20720,"comment_status":"closed","ping_status":"closed","sticky":false,"template":"","format":"standard","meta":{"_acf_changed":false,"_yoast_wpseo_focuskw":"R\u00fcckblick NWX23","_yoast_wpseo_metadesc":"R\u00fcckblick NWX23 in Hamburg: Fachkr\u00e4ftemangel, Generationenkonflikte und K\u00fcnstliche Intelligenz treiben den Umbruch des Arbeitsmarktes voran.","articlekey":"","footnotes":""},"categories":[579],"tags":[193,254,294,335],"class_list":["post-20718","post","type-post","status-publish","format-standard","has-post-thumbnail","hentry","category-human-resources","tag-fachkongressfachmesse","tag-hrm","tag-karriere","tag-management-und-unternehmensfuehrung"],"acf":[],"yoast_head":"<!-- This site is optimized with the Yoast SEO plugin v27.5 - https:\/\/yoast.com\/product\/yoast-seo-wordpress\/ -->\n<title>R\u00fcckblick NWX23: Arbeitsmarkt im Banne von Fachkr\u00e4ftemangel, Generationenkonflikten und KI - Organisator<\/title>\n<meta name=\"description\" content=\"R\u00fcckblick NWX23 in Hamburg: Fachkr\u00e4ftemangel, Generationenkonflikte und K\u00fcnstliche Intelligenz treiben den Umbruch des Arbeitsmarktes voran.\" \/>\n<meta name=\"robots\" content=\"index, follow, max-snippet:-1, max-image-preview:large, max-video-preview:-1\" \/>\n<link rel=\"canonical\" href=\"https:\/\/www.organisator.ch\/en\/human-resources\/2023-06-15\/rueckblick-nwx23-arbeitsmarkt-im-banne-von-fachkraeftemangel-generationenkonflikten-und-ki\/\" \/>\n<meta property=\"og:locale\" content=\"en_US\" \/>\n<meta property=\"og:type\" content=\"article\" \/>\n<meta property=\"og:title\" content=\"R\u00fcckblick NWX23: Arbeitsmarkt im Banne von Fachkr\u00e4ftemangel, Generationenkonflikten und KI\" \/>\n<meta property=\"og:description\" content=\"R\u00fcckblick NWX23 in Hamburg: Fachkr\u00e4ftemangel, Generationenkonflikte und K\u00fcnstliche Intelligenz treiben den Umbruch des Arbeitsmarktes voran.\" \/>\n<meta property=\"og:url\" content=\"https:\/\/www.organisator.ch\/en\/human-resources\/2023-06-15\/rueckblick-nwx23-arbeitsmarkt-im-banne-von-fachkraeftemangel-generationenkonflikten-und-ki\/\" \/>\n<meta property=\"og:site_name\" content=\"Organisator\" \/>\n<meta property=\"article:publisher\" content=\"https:\/\/www.facebook.com\/OrganisatorFachmagazin\" \/>\n<meta property=\"article:published_time\" content=\"2023-06-15T09:01:44+00:00\" \/>\n<meta property=\"article:modified_time\" content=\"2023-06-28T07:53:45+00:00\" \/>\n<meta property=\"og:image\" content=\"https:\/\/www.organisator.ch\/wp-content\/uploads\/2023\/06\/Rueckblick-NWX23-Arbeitsmarkt-im-Banne-von-Fachkraeftemangel-Generationenkonflikten-und-KI-1_Organisator.jpg\" \/>\n\t<meta property=\"og:image:width\" content=\"680\" \/>\n\t<meta property=\"og:image:height\" content=\"453\" \/>\n\t<meta property=\"og:image:type\" content=\"image\/jpeg\" \/>\n<meta name=\"author\" content=\"thomas.berner\" \/>\n<meta name=\"twitter:card\" content=\"summary_large_image\" \/>\n<meta name=\"twitter:title\" content=\"R\u00fcckblick #NWX23: Arbeitsmarkt im Banne von #Fachkr\u00e4ftemangel, #Generationenkonflikten und KI\" \/>\n<meta name=\"twitter:description\" content=\"R\u00fcckblick #NWX23 in Hamburg: #Fachkr\u00e4ftemangel, #Generationenkonflikte und K\u00fcnstliche Intelligenz treiben den Umbruch des #Arbeitsmarktes voran.\" \/>\n<meta name=\"twitter:image\" content=\"https:\/\/www.organisator.ch\/wp-content\/uploads\/2023\/06\/Rueckblick-NWX23-Arbeitsmarkt-im-Banne-von-Fachkraeftemangel-Generationenkonflikten-und-KI-1_Organisator.jpg\" \/>\n<script type=\"application\/ld+json\" class=\"yoast-schema-graph\">{\"@context\":\"https:\\\/\\\/schema.org\",\"@graph\":[{\"@type\":\"Article\",\"@id\":\"https:\\\/\\\/www.organisator.ch\\\/human-resources\\\/2023-06-15\\\/rueckblick-nwx23-arbeitsmarkt-im-banne-von-fachkraeftemangel-generationenkonflikten-und-ki\\\/#article\",\"isPartOf\":{\"@id\":\"https:\\\/\\\/www.organisator.ch\\\/human-resources\\\/2023-06-15\\\/rueckblick-nwx23-arbeitsmarkt-im-banne-von-fachkraeftemangel-generationenkonflikten-und-ki\\\/\"},\"author\":{\"name\":\"thomas.berner\",\"@id\":\"https:\\\/\\\/www.organisator.ch\\\/#\\\/schema\\\/person\\\/6f650f90b2842cd4c0cc334b4e36f67e\"},\"headline\":\"R\u00fcckblick NWX23: Arbeitsmarkt im Banne von Fachkr\u00e4ftemangel, Generationenkonflikten und KI\",\"datePublished\":\"2023-06-15T09:01:44+00:00\",\"dateModified\":\"2023-06-28T07:53:45+00:00\",\"mainEntityOfPage\":{\"@id\":\"https:\\\/\\\/www.organisator.ch\\\/human-resources\\\/2023-06-15\\\/rueckblick-nwx23-arbeitsmarkt-im-banne-von-fachkraeftemangel-generationenkonflikten-und-ki\\\/\"},\"wordCount\":1007,\"publisher\":{\"@id\":\"https:\\\/\\\/www.organisator.ch\\\/#organization\"},\"image\":{\"@id\":\"https:\\\/\\\/www.organisator.ch\\\/human-resources\\\/2023-06-15\\\/rueckblick-nwx23-arbeitsmarkt-im-banne-von-fachkraeftemangel-generationenkonflikten-und-ki\\\/#primaryimage\"},\"thumbnailUrl\":\"https:\\\/\\\/www.organisator.ch\\\/wp-content\\\/uploads\\\/2023\\\/06\\\/Rueckblick-NWX23-Arbeitsmarkt-im-Banne-von-Fachkraeftemangel-Generationenkonflikten-und-KI-1_Organisator.jpg\",\"keywords\":[\"Fachkongress\\\/Fachmesse\",\"HRM\",\"Karriere\",\"Management und Unternehmensf\u00fchrung\"],\"articleSection\":[\"HUMAN RESOURCES\"],\"inLanguage\":\"en-US\"},{\"@type\":\"WebPage\",\"@id\":\"https:\\\/\\\/www.organisator.ch\\\/human-resources\\\/2023-06-15\\\/rueckblick-nwx23-arbeitsmarkt-im-banne-von-fachkraeftemangel-generationenkonflikten-und-ki\\\/\",\"url\":\"https:\\\/\\\/www.organisator.ch\\\/human-resources\\\/2023-06-15\\\/rueckblick-nwx23-arbeitsmarkt-im-banne-von-fachkraeftemangel-generationenkonflikten-und-ki\\\/\",\"name\":\"R\u00fcckblick NWX23: Arbeitsmarkt im Banne von Fachkr\u00e4ftemangel, Generationenkonflikten und KI - Organisator\",\"isPartOf\":{\"@id\":\"https:\\\/\\\/www.organisator.ch\\\/#website\"},\"primaryImageOfPage\":{\"@id\":\"https:\\\/\\\/www.organisator.ch\\\/human-resources\\\/2023-06-15\\\/rueckblick-nwx23-arbeitsmarkt-im-banne-von-fachkraeftemangel-generationenkonflikten-und-ki\\\/#primaryimage\"},\"image\":{\"@id\":\"https:\\\/\\\/www.organisator.ch\\\/human-resources\\\/2023-06-15\\\/rueckblick-nwx23-arbeitsmarkt-im-banne-von-fachkraeftemangel-generationenkonflikten-und-ki\\\/#primaryimage\"},\"thumbnailUrl\":\"https:\\\/\\\/www.organisator.ch\\\/wp-content\\\/uploads\\\/2023\\\/06\\\/Rueckblick-NWX23-Arbeitsmarkt-im-Banne-von-Fachkraeftemangel-Generationenkonflikten-und-KI-1_Organisator.jpg\",\"datePublished\":\"2023-06-15T09:01:44+00:00\",\"dateModified\":\"2023-06-28T07:53:45+00:00\",\"description\":\"R\u00fcckblick NWX23 in Hamburg: Fachkr\u00e4ftemangel, Generationenkonflikte und K\u00fcnstliche Intelligenz treiben den Umbruch des Arbeitsmarktes voran.\",\"breadcrumb\":{\"@id\":\"https:\\\/\\\/www.organisator.ch\\\/human-resources\\\/2023-06-15\\\/rueckblick-nwx23-arbeitsmarkt-im-banne-von-fachkraeftemangel-generationenkonflikten-und-ki\\\/#breadcrumb\"},\"inLanguage\":\"en-US\",\"potentialAction\":[{\"@type\":\"ReadAction\",\"target\":[\"https:\\\/\\\/www.organisator.ch\\\/human-resources\\\/2023-06-15\\\/rueckblick-nwx23-arbeitsmarkt-im-banne-von-fachkraeftemangel-generationenkonflikten-und-ki\\\/\"]}]},{\"@type\":\"ImageObject\",\"inLanguage\":\"en-US\",\"@id\":\"https:\\\/\\\/www.organisator.ch\\\/human-resources\\\/2023-06-15\\\/rueckblick-nwx23-arbeitsmarkt-im-banne-von-fachkraeftemangel-generationenkonflikten-und-ki\\\/#primaryimage\",\"url\":\"https:\\\/\\\/www.organisator.ch\\\/wp-content\\\/uploads\\\/2023\\\/06\\\/Rueckblick-NWX23-Arbeitsmarkt-im-Banne-von-Fachkraeftemangel-Generationenkonflikten-und-KI-1_Organisator.jpg\",\"contentUrl\":\"https:\\\/\\\/www.organisator.ch\\\/wp-content\\\/uploads\\\/2023\\\/06\\\/Rueckblick-NWX23-Arbeitsmarkt-im-Banne-von-Fachkraeftemangel-Generationenkonflikten-und-KI-1_Organisator.jpg\",\"width\":680,\"height\":453,\"caption\":\"Einen \\\"Container\\\" voller Herausforderungen der Arbeitswelt: Die NWX23 in Hamburg. (Bild: Nils Hasenau)\"},{\"@type\":\"BreadcrumbList\",\"@id\":\"https:\\\/\\\/www.organisator.ch\\\/human-resources\\\/2023-06-15\\\/rueckblick-nwx23-arbeitsmarkt-im-banne-von-fachkraeftemangel-generationenkonflikten-und-ki\\\/#breadcrumb\",\"itemListElement\":[{\"@type\":\"ListItem\",\"position\":1,\"name\":\"Home\",\"item\":\"https:\\\/\\\/www.organisator.ch\\\/\"},{\"@type\":\"ListItem\",\"position\":2,\"name\":\"R\u00fcckblick NWX23: Arbeitsmarkt im Banne von Fachkr\u00e4ftemangel, Generationenkonflikten und KI\"}]},{\"@type\":\"WebSite\",\"@id\":\"https:\\\/\\\/www.organisator.ch\\\/#website\",\"url\":\"https:\\\/\\\/www.organisator.ch\\\/\",\"name\":\"Organisator\",\"description\":\"Kompetent. Praxisnah. Der ORGANISATOR bereitet in 10 Ausgaben pro Jahr die wesentlichen Themen f\u00fcr F\u00fchrungskr\u00e4fte von KMU auf.\",\"publisher\":{\"@id\":\"https:\\\/\\\/www.organisator.ch\\\/#organization\"},\"potentialAction\":[{\"@type\":\"SearchAction\",\"target\":{\"@type\":\"EntryPoint\",\"urlTemplate\":\"https:\\\/\\\/www.organisator.ch\\\/?s={search_term_string}\"},\"query-input\":{\"@type\":\"PropertyValueSpecification\",\"valueRequired\":true,\"valueName\":\"search_term_string\"}}],\"inLanguage\":\"en-US\"},{\"@type\":\"Organization\",\"@id\":\"https:\\\/\\\/www.organisator.ch\\\/#organization\",\"name\":\"Organisator\",\"url\":\"https:\\\/\\\/www.organisator.ch\\\/\",\"logo\":{\"@type\":\"ImageObject\",\"inLanguage\":\"en-US\",\"@id\":\"https:\\\/\\\/www.organisator.ch\\\/#\\\/schema\\\/logo\\\/image\\\/\",\"url\":\"https:\\\/\\\/www.organisator.ch\\\/wp-content\\\/uploads\\\/2022\\\/01\\\/Logo_Organisator_Website.png\",\"contentUrl\":\"https:\\\/\\\/www.organisator.ch\\\/wp-content\\\/uploads\\\/2022\\\/01\\\/Logo_Organisator_Website.png\",\"width\":800,\"height\":77,\"caption\":\"Organisator\"},\"image\":{\"@id\":\"https:\\\/\\\/www.organisator.ch\\\/#\\\/schema\\\/logo\\\/image\\\/\"},\"sameAs\":[\"https:\\\/\\\/www.facebook.com\\\/OrganisatorFachmagazin\",\"https:\\\/\\\/www.linkedin.com\\\/showcase\\\/organisator-das-magazin-fr-kmu\",\"https:\\\/\\\/www.xing.com\\\/news\\\/pages\\\/organisator-ch-695\",\"https:\\\/\\\/www.youtube.com\\\/channel\\\/UCGP2Sq0iWaZwT3BdIAQFYpw\"]},{\"@type\":\"Person\",\"@id\":\"https:\\\/\\\/www.organisator.ch\\\/#\\\/schema\\\/person\\\/6f650f90b2842cd4c0cc334b4e36f67e\",\"name\":\"thomas.berner\",\"image\":{\"@type\":\"ImageObject\",\"inLanguage\":\"en-US\",\"@id\":\"https:\\\/\\\/secure.gravatar.com\\\/avatar\\\/ac5001d2a36cb6c6cd3e50789007ffca834b477b74a2144564522e944eabff61?s=96&d=mm&r=g\",\"url\":\"https:\\\/\\\/secure.gravatar.com\\\/avatar\\\/ac5001d2a36cb6c6cd3e50789007ffca834b477b74a2144564522e944eabff61?s=96&d=mm&r=g\",\"contentUrl\":\"https:\\\/\\\/secure.gravatar.com\\\/avatar\\\/ac5001d2a36cb6c6cd3e50789007ffca834b477b74a2144564522e944eabff61?s=96&d=mm&r=g\",\"caption\":\"thomas.berner\"},\"url\":\"https:\\\/\\\/www.organisator.ch\\\/en\\\/author\\\/thomas-berner\\\/\"}]}<\/script>\n<!-- \/ Yoast SEO plugin. -->","yoast_head_json":{"title":"Review NWX23: Labor market under the spell of skills shortages, generational conflicts and AI - Organizer.","description":"Review NWX23 in Hamburg: Skills shortages, generational conflicts and artificial intelligence are driving the upheaval in the labor market.","robots":{"index":"index","follow":"follow","max-snippet":"max-snippet:-1","max-image-preview":"max-image-preview:large","max-video-preview":"max-video-preview:-1"},"canonical":"https:\/\/www.organisator.ch\/en\/human-resources\/2023-06-15\/rueckblick-nwx23-arbeitsmarkt-im-banne-von-fachkraeftemangel-generationenkonflikten-und-ki\/","og_locale":"en_US","og_type":"article","og_title":"R\u00fcckblick NWX23: Arbeitsmarkt im Banne von Fachkr\u00e4ftemangel, Generationenkonflikten und KI","og_description":"R\u00fcckblick NWX23 in Hamburg: Fachkr\u00e4ftemangel, Generationenkonflikte und K\u00fcnstliche Intelligenz treiben den Umbruch des Arbeitsmarktes voran.","og_url":"https:\/\/www.organisator.ch\/en\/human-resources\/2023-06-15\/rueckblick-nwx23-arbeitsmarkt-im-banne-von-fachkraeftemangel-generationenkonflikten-und-ki\/","og_site_name":"Organisator","article_publisher":"https:\/\/www.facebook.com\/OrganisatorFachmagazin","article_published_time":"2023-06-15T09:01:44+00:00","article_modified_time":"2023-06-28T07:53:45+00:00","og_image":[{"width":680,"height":453,"url":"https:\/\/www.organisator.ch\/wp-content\/uploads\/2023\/06\/Rueckblick-NWX23-Arbeitsmarkt-im-Banne-von-Fachkraeftemangel-Generationenkonflikten-und-KI-1_Organisator.jpg","type":"image\/jpeg"}],"author":"thomas.berner","twitter_card":"summary_large_image","twitter_title":"R\u00fcckblick #NWX23: Arbeitsmarkt im Banne von #Fachkr\u00e4ftemangel, #Generationenkonflikten und KI","twitter_description":"R\u00fcckblick #NWX23 in Hamburg: #Fachkr\u00e4ftemangel, #Generationenkonflikte und K\u00fcnstliche Intelligenz treiben den Umbruch des #Arbeitsmarktes voran.","twitter_image":"https:\/\/www.organisator.ch\/wp-content\/uploads\/2023\/06\/Rueckblick-NWX23-Arbeitsmarkt-im-Banne-von-Fachkraeftemangel-Generationenkonflikten-und-KI-1_Organisator.jpg","schema":{"@context":"https:\/\/schema.org","@graph":[{"@type":"Article","@id":"https:\/\/www.organisator.ch\/human-resources\/2023-06-15\/rueckblick-nwx23-arbeitsmarkt-im-banne-von-fachkraeftemangel-generationenkonflikten-und-ki\/#article","isPartOf":{"@id":"https:\/\/www.organisator.ch\/human-resources\/2023-06-15\/rueckblick-nwx23-arbeitsmarkt-im-banne-von-fachkraeftemangel-generationenkonflikten-und-ki\/"},"author":{"name":"thomas.berner","@id":"https:\/\/www.organisator.ch\/#\/schema\/person\/6f650f90b2842cd4c0cc334b4e36f67e"},"headline":"R\u00fcckblick NWX23: Arbeitsmarkt im Banne von Fachkr\u00e4ftemangel, Generationenkonflikten und KI","datePublished":"2023-06-15T09:01:44+00:00","dateModified":"2023-06-28T07:53:45+00:00","mainEntityOfPage":{"@id":"https:\/\/www.organisator.ch\/human-resources\/2023-06-15\/rueckblick-nwx23-arbeitsmarkt-im-banne-von-fachkraeftemangel-generationenkonflikten-und-ki\/"},"wordCount":1007,"publisher":{"@id":"https:\/\/www.organisator.ch\/#organization"},"image":{"@id":"https:\/\/www.organisator.ch\/human-resources\/2023-06-15\/rueckblick-nwx23-arbeitsmarkt-im-banne-von-fachkraeftemangel-generationenkonflikten-und-ki\/#primaryimage"},"thumbnailUrl":"https:\/\/www.organisator.ch\/wp-content\/uploads\/2023\/06\/Rueckblick-NWX23-Arbeitsmarkt-im-Banne-von-Fachkraeftemangel-Generationenkonflikten-und-KI-1_Organisator.jpg","keywords":["Fachkongress\/Fachmesse","HRM","Karriere","Management und Unternehmensf\u00fchrung"],"articleSection":["HUMAN RESOURCES"],"inLanguage":"en-US"},{"@type":"WebPage","@id":"https:\/\/www.organisator.ch\/human-resources\/2023-06-15\/rueckblick-nwx23-arbeitsmarkt-im-banne-von-fachkraeftemangel-generationenkonflikten-und-ki\/","url":"https:\/\/www.organisator.ch\/human-resources\/2023-06-15\/rueckblick-nwx23-arbeitsmarkt-im-banne-von-fachkraeftemangel-generationenkonflikten-und-ki\/","name":"Review NWX23: Labor market under the spell of skills shortages, generational conflicts and AI - Organizer.","isPartOf":{"@id":"https:\/\/www.organisator.ch\/#website"},"primaryImageOfPage":{"@id":"https:\/\/www.organisator.ch\/human-resources\/2023-06-15\/rueckblick-nwx23-arbeitsmarkt-im-banne-von-fachkraeftemangel-generationenkonflikten-und-ki\/#primaryimage"},"image":{"@id":"https:\/\/www.organisator.ch\/human-resources\/2023-06-15\/rueckblick-nwx23-arbeitsmarkt-im-banne-von-fachkraeftemangel-generationenkonflikten-und-ki\/#primaryimage"},"thumbnailUrl":"https:\/\/www.organisator.ch\/wp-content\/uploads\/2023\/06\/Rueckblick-NWX23-Arbeitsmarkt-im-Banne-von-Fachkraeftemangel-Generationenkonflikten-und-KI-1_Organisator.jpg","datePublished":"2023-06-15T09:01:44+00:00","dateModified":"2023-06-28T07:53:45+00:00","description":"Review NWX23 in Hamburg: Skills shortages, generational conflicts and artificial intelligence are driving the upheaval in the labor market.","breadcrumb":{"@id":"https:\/\/www.organisator.ch\/human-resources\/2023-06-15\/rueckblick-nwx23-arbeitsmarkt-im-banne-von-fachkraeftemangel-generationenkonflikten-und-ki\/#breadcrumb"},"inLanguage":"en-US","potentialAction":[{"@type":"ReadAction","target":["https:\/\/www.organisator.ch\/human-resources\/2023-06-15\/rueckblick-nwx23-arbeitsmarkt-im-banne-von-fachkraeftemangel-generationenkonflikten-und-ki\/"]}]},{"@type":"ImageObject","inLanguage":"en-US","@id":"https:\/\/www.organisator.ch\/human-resources\/2023-06-15\/rueckblick-nwx23-arbeitsmarkt-im-banne-von-fachkraeftemangel-generationenkonflikten-und-ki\/#primaryimage","url":"https:\/\/www.organisator.ch\/wp-content\/uploads\/2023\/06\/Rueckblick-NWX23-Arbeitsmarkt-im-Banne-von-Fachkraeftemangel-Generationenkonflikten-und-KI-1_Organisator.jpg","contentUrl":"https:\/\/www.organisator.ch\/wp-content\/uploads\/2023\/06\/Rueckblick-NWX23-Arbeitsmarkt-im-Banne-von-Fachkraeftemangel-Generationenkonflikten-und-KI-1_Organisator.jpg","width":680,"height":453,"caption":"Einen \"Container\" voller Herausforderungen der Arbeitswelt: Die NWX23 in Hamburg. (Bild: Nils Hasenau)"},{"@type":"BreadcrumbList","@id":"https:\/\/www.organisator.ch\/human-resources\/2023-06-15\/rueckblick-nwx23-arbeitsmarkt-im-banne-von-fachkraeftemangel-generationenkonflikten-und-ki\/#breadcrumb","itemListElement":[{"@type":"ListItem","position":1,"name":"Home","item":"https:\/\/www.organisator.ch\/"},{"@type":"ListItem","position":2,"name":"R\u00fcckblick NWX23: Arbeitsmarkt im Banne von Fachkr\u00e4ftemangel, Generationenkonflikten und KI"}]},{"@type":"WebSite","@id":"https:\/\/www.organisator.ch\/#website","url":"https:\/\/www.organisator.ch\/","name":"Organizer","description":"Competent. Practical. In 10 issues per year, ORGANISATOR presents the essential topics for managers of SMEs.","publisher":{"@id":"https:\/\/www.organisator.ch\/#organization"},"potentialAction":[{"@type":"SearchAction","target":{"@type":"EntryPoint","urlTemplate":"https:\/\/www.organisator.ch\/?s={search_term_string}"},"query-input":{"@type":"PropertyValueSpecification","valueRequired":true,"valueName":"search_term_string"}}],"inLanguage":"en-US"},{"@type":"Organization","@id":"https:\/\/www.organisator.ch\/#organization","name":"Organizer","url":"https:\/\/www.organisator.ch\/","logo":{"@type":"ImageObject","inLanguage":"en-US","@id":"https:\/\/www.organisator.ch\/#\/schema\/logo\/image\/","url":"https:\/\/www.organisator.ch\/wp-content\/uploads\/2022\/01\/Logo_Organisator_Website.png","contentUrl":"https:\/\/www.organisator.ch\/wp-content\/uploads\/2022\/01\/Logo_Organisator_Website.png","width":800,"height":77,"caption":"Organisator"},"image":{"@id":"https:\/\/www.organisator.ch\/#\/schema\/logo\/image\/"},"sameAs":["https:\/\/www.facebook.com\/OrganisatorFachmagazin","https:\/\/www.linkedin.com\/showcase\/organisator-das-magazin-fr-kmu","https:\/\/www.xing.com\/news\/pages\/organisator-ch-695","https:\/\/www.youtube.com\/channel\/UCGP2Sq0iWaZwT3BdIAQFYpw"]},{"@type":"Person","@id":"https:\/\/www.organisator.ch\/#\/schema\/person\/6f650f90b2842cd4c0cc334b4e36f67e","name":"thomas.berner","image":{"@type":"ImageObject","inLanguage":"en-US","@id":"https:\/\/secure.gravatar.com\/avatar\/ac5001d2a36cb6c6cd3e50789007ffca834b477b74a2144564522e944eabff61?s=96&d=mm&r=g","url":"https:\/\/secure.gravatar.com\/avatar\/ac5001d2a36cb6c6cd3e50789007ffca834b477b74a2144564522e944eabff61?s=96&d=mm&r=g","contentUrl":"https:\/\/secure.gravatar.com\/avatar\/ac5001d2a36cb6c6cd3e50789007ffca834b477b74a2144564522e944eabff61?s=96&d=mm&r=g","caption":"thomas.berner"},"url":"https:\/\/www.organisator.ch\/en\/author\/thomas-berner\/"}]}},"_links":{"self":[{"href":"https:\/\/www.organisator.ch\/en\/wp-json\/wp\/v2\/posts\/20718","targetHints":{"allow":["GET"]}}],"collection":[{"href":"https:\/\/www.organisator.ch\/en\/wp-json\/wp\/v2\/posts"}],"about":[{"href":"https:\/\/www.organisator.ch\/en\/wp-json\/wp\/v2\/types\/post"}],"author":[{"embeddable":true,"href":"https:\/\/www.organisator.ch\/en\/wp-json\/wp\/v2\/users\/4"}],"replies":[{"embeddable":true,"href":"https:\/\/www.organisator.ch\/en\/wp-json\/wp\/v2\/comments?post=20718"}],"version-history":[{"count":1,"href":"https:\/\/www.organisator.ch\/en\/wp-json\/wp\/v2\/posts\/20718\/revisions"}],"predecessor-version":[{"id":20723,"href":"https:\/\/www.organisator.ch\/en\/wp-json\/wp\/v2\/posts\/20718\/revisions\/20723"}],"wp:featuredmedia":[{"embeddable":true,"href":"https:\/\/www.organisator.ch\/en\/wp-json\/wp\/v2\/media\/20720"}],"wp:attachment":[{"href":"https:\/\/www.organisator.ch\/en\/wp-json\/wp\/v2\/media?parent=20718"}],"wp:term":[{"taxonomy":"category","embeddable":true,"href":"https:\/\/www.organisator.ch\/en\/wp-json\/wp\/v2\/categories?post=20718"},{"taxonomy":"post_tag","embeddable":true,"href":"https:\/\/www.organisator.ch\/en\/wp-json\/wp\/v2\/tags?post=20718"}],"curies":[{"name":"wp","href":"https:\/\/api.w.org\/{rel}","templated":true}]}}