{"id":20738,"date":"2023-06-16T07:33:48","date_gmt":"2023-06-16T05:33:48","guid":{"rendered":"https:\/\/www.organisator.ch\/?p=20738"},"modified":"2023-06-16T07:33:48","modified_gmt":"2023-06-16T05:33:48","slug":"swissboardforum-erneuert-vorstand","status":"publish","type":"post","link":"https:\/\/www.organisator.ch\/en\/management\/2023-06-16\/swissboardforum-erneuert-vorstand\/","title":{"rendered":"SwissBoardForum renews board of directors"},"content":{"rendered":"<figure id=\"attachment_20739\" aria-describedby=\"caption-attachment-20739\" style=\"width: 680px\" class=\"wp-caption alignnone\"><img loading=\"lazy\" decoding=\"async\" class=\"size-full wp-image-20739\" src=\"https:\/\/www.organisator.ch\/wp-content\/uploads\/2023\/06\/SwissBoardForum-erneuert-Vorstand_Organisator.jpg\" alt=\"\" width=\"680\" height=\"327\" srcset=\"https:\/\/www.organisator.ch\/wp-content\/uploads\/2023\/06\/SwissBoardForum-erneuert-Vorstand_Organisator.jpg 680w, https:\/\/www.organisator.ch\/wp-content\/uploads\/2023\/06\/SwissBoardForum-erneuert-Vorstand_Organisator-18x9.jpg 18w, https:\/\/www.organisator.ch\/wp-content\/uploads\/2023\/06\/SwissBoardForum-erneuert-Vorstand_Organisator-375x180.jpg 375w\" sizes=\"auto, (max-width: 680px) 100vw, 680px\" \/><figcaption id=\"caption-attachment-20739\" class=\"wp-caption-text\">Newly elected to the Board of SwissBoardForum: Ralph P. Siegl and Mich\u00e8le Sutter R\u00fcdisser. (Image: www.swissboardforum.ch)<\/figcaption><\/figure>\n<p>Ralph P. Siegl was elected as the new President of SwissBoardForum at the 2023 Association Meeting. As a political scientist and economist, partner of the company Experts for Leaders AG, multiple member of the Board of Directors and CEO as well as delegate of the Board of Directors of Hochdorf Swiss Nutrition AG, he brings an extremely broad and profound experience to continue the SwissBoardForum as a Swiss-wide platform for the practical exchange among members of the Board of Directors, it says in a statement to the media.<\/p>\n<h3>15-year era ends<\/h3>\n<p>Ralph P. Siegl replaces Silvan Felder, who after many years on the Board (since 2008, President since 2017) did not stand for another term of office. Silvan Felder, founder and owner of Verwaltungsrat Management AG in Lucerne, has played a decisive role in shaping the positive development of SwissBoardForum over the past 15 years and, together with the respective board team, has made important decisions. He and his company will continue to be associated with SwissBoardForum as associate partners.<\/p>\n<h3>Continuity and a castling in the Executive Board<\/h3>\n<p>With Dr. Stephan Hostettler, Managing Partner of HCM International AG in Zurich and board member since 2009, another personality was not available for a further term of office. According to the statement, Stephan Hostettler had also decisively shaped the SwissBoardForum and enriched it in particular with his profound expertise on compensation topics. He and his company will also remain associated with SwissBoardForum as associate partners.<\/p>\n<p>Prof. Dr. oec. Mich\u00e8le Sutter R\u00fcdisser, an experienced and highly qualified person who is firmly anchored in board practice, has been recruited as a new member of the board. Mich\u00e8le Sutter R\u00fcdisser is a titular professor of Organizational Control and Corporate Governance at the University of St. Gallen and, among other things, Director of the Network for Innovative Corporate Governance (NICG) at the IFF-HSG Institute there. She is also active as an independent member of supervisory boards, banks and boards of directors.<\/p>\n<h3>Miscellaneous composition<\/h3>\n<p>At the same time, the following individuals from the corporate world were re-elected to the Board for a further term of office: Anne Bobillier, Gian-Luca Lardi, Karin Perraudin, Prof. Dr. Edgar Philippin, Rolf Schmid and Ralph P. Siegl. The Board of SwissBoardForum thus continues to be very diversely positioned and sees itself well equipped to continuously develop the platform for professional board activity.<\/p>\n<p>The SwissBoardForum was founded in 2007 as the Swiss Institute for Boards of Directors (sivg). As a Switzerland-wide platform for board of directors topics and corporate governance, it promotes professional board of directors and foundation board activities with a clear focus on SMEs and is economically and politically independent.<\/p>\n<p><a href=\"http:\/\/www.swissboardforum.ch\"><em>Source and further information<\/em><\/a><\/p>","protected":false},"excerpt":{"rendered":"<p>At the association meeting of SwissBoardForum on June 15, 2023 in Bern, Ralph P. Siegl was elected as the new president. Silvan Felder, who had held the office since 2017, and Dr. Stephan Hostettler did not stand for re-election after many years on the board and were duly bid farewell.<\/p>","protected":false},"author":4,"featured_media":20739,"comment_status":"closed","ping_status":"closed","sticky":false,"template":"","format":"standard","meta":{"_acf_changed":false,"_yoast_wpseo_focuskw":"SwissBoardForum","_yoast_wpseo_metadesc":"An der Vereinsversammlung des SwissBoardForum vom 15. Juni 2023 in Bern wurde mit Ralph P. Siegl ein neuer Pr\u00e4sident gew\u00e4hlt.","articlekey":"","footnotes":""},"categories":[28],"tags":[335,503,513],"class_list":["post-20738","post","type-post","status-publish","format-standard","has-post-thumbnail","hentry","category-management","tag-management-und-unternehmensfuehrung","tag-verbaende","tag-verwaltungsraete"],"acf":[],"yoast_head":"<!-- This site is optimized with the Yoast SEO plugin v27.5 - https:\/\/yoast.com\/product\/yoast-seo-wordpress\/ -->\n<title>SwissBoardForum erneuert Vorstand - Organisator<\/title>\n<meta name=\"description\" content=\"An der Vereinsversammlung des SwissBoardForum vom 15. Juni 2023 in Bern wurde mit Ralph P. Siegl ein neuer Pr\u00e4sident gew\u00e4hlt.\" \/>\n<meta name=\"robots\" content=\"index, follow, max-snippet:-1, max-image-preview:large, max-video-preview:-1\" \/>\n<link rel=\"canonical\" href=\"https:\/\/www.organisator.ch\/en\/management\/2023-06-16\/swissboardforum-erneuert-vorstand\/\" \/>\n<meta property=\"og:locale\" content=\"en_US\" \/>\n<meta property=\"og:type\" content=\"article\" \/>\n<meta property=\"og:title\" content=\"SwissBoardForum erneuert Vorstand\" \/>\n<meta property=\"og:description\" content=\"An der Vereinsversammlung des SwissBoardForum vom 15. Juni 2023 in Bern wurde mit Ralph P. Siegl ein neuer Pr\u00e4sident gew\u00e4hlt.\" \/>\n<meta property=\"og:url\" content=\"https:\/\/www.organisator.ch\/en\/management\/2023-06-16\/swissboardforum-erneuert-vorstand\/\" \/>\n<meta property=\"og:site_name\" content=\"Organisator\" \/>\n<meta property=\"article:publisher\" content=\"https:\/\/www.facebook.com\/OrganisatorFachmagazin\" \/>\n<meta property=\"article:published_time\" content=\"2023-06-16T05:33:48+00:00\" \/>\n<meta property=\"og:image\" content=\"https:\/\/www.organisator.ch\/wp-content\/uploads\/2023\/06\/SwissBoardForum-erneuert-Vorstand_Organisator.jpg\" \/>\n\t<meta property=\"og:image:width\" content=\"680\" \/>\n\t<meta property=\"og:image:height\" content=\"327\" \/>\n\t<meta property=\"og:image:type\" content=\"image\/jpeg\" \/>\n<meta name=\"author\" content=\"thomas.berner\" \/>\n<meta name=\"twitter:card\" content=\"summary_large_image\" \/>\n<meta name=\"twitter:title\" content=\"#SwissBoardForum erneuert Vorstand\" \/>\n<meta name=\"twitter:description\" content=\"An der Vereinsversammlung des #SwissBoardForum vom 15. Juni 2023 in Bern wurde mit Ralph P. Siegl ein neuer Pr\u00e4sident gew\u00e4hlt.\" \/>\n<meta name=\"twitter:image\" content=\"https:\/\/www.organisator.ch\/wp-content\/uploads\/2023\/06\/SwissBoardForum-erneuert-Vorstand_Organisator.jpg\" \/>\n<script type=\"application\/ld+json\" class=\"yoast-schema-graph\">{\"@context\":\"https:\\\/\\\/schema.org\",\"@graph\":[{\"@type\":\"Article\",\"@id\":\"https:\\\/\\\/www.organisator.ch\\\/management\\\/2023-06-16\\\/swissboardforum-erneuert-vorstand\\\/#article\",\"isPartOf\":{\"@id\":\"https:\\\/\\\/www.organisator.ch\\\/management\\\/2023-06-16\\\/swissboardforum-erneuert-vorstand\\\/\"},\"author\":{\"name\":\"thomas.berner\",\"@id\":\"https:\\\/\\\/www.organisator.ch\\\/#\\\/schema\\\/person\\\/6f650f90b2842cd4c0cc334b4e36f67e\"},\"headline\":\"SwissBoardForum erneuert Vorstand\",\"datePublished\":\"2023-06-16T05:33:48+00:00\",\"mainEntityOfPage\":{\"@id\":\"https:\\\/\\\/www.organisator.ch\\\/management\\\/2023-06-16\\\/swissboardforum-erneuert-vorstand\\\/\"},\"wordCount\":448,\"publisher\":{\"@id\":\"https:\\\/\\\/www.organisator.ch\\\/#organization\"},\"image\":{\"@id\":\"https:\\\/\\\/www.organisator.ch\\\/management\\\/2023-06-16\\\/swissboardforum-erneuert-vorstand\\\/#primaryimage\"},\"thumbnailUrl\":\"https:\\\/\\\/www.organisator.ch\\\/wp-content\\\/uploads\\\/2023\\\/06\\\/SwissBoardForum-erneuert-Vorstand_Organisator.jpg\",\"keywords\":[\"Management und Unternehmensf\u00fchrung\",\"Verb\u00e4nde\",\"Verwaltungsr\u00e4te\"],\"articleSection\":[\"MANAGEMENT\"],\"inLanguage\":\"en-US\"},{\"@type\":\"WebPage\",\"@id\":\"https:\\\/\\\/www.organisator.ch\\\/management\\\/2023-06-16\\\/swissboardforum-erneuert-vorstand\\\/\",\"url\":\"https:\\\/\\\/www.organisator.ch\\\/management\\\/2023-06-16\\\/swissboardforum-erneuert-vorstand\\\/\",\"name\":\"SwissBoardForum erneuert Vorstand - Organisator\",\"isPartOf\":{\"@id\":\"https:\\\/\\\/www.organisator.ch\\\/#website\"},\"primaryImageOfPage\":{\"@id\":\"https:\\\/\\\/www.organisator.ch\\\/management\\\/2023-06-16\\\/swissboardforum-erneuert-vorstand\\\/#primaryimage\"},\"image\":{\"@id\":\"https:\\\/\\\/www.organisator.ch\\\/management\\\/2023-06-16\\\/swissboardforum-erneuert-vorstand\\\/#primaryimage\"},\"thumbnailUrl\":\"https:\\\/\\\/www.organisator.ch\\\/wp-content\\\/uploads\\\/2023\\\/06\\\/SwissBoardForum-erneuert-Vorstand_Organisator.jpg\",\"datePublished\":\"2023-06-16T05:33:48+00:00\",\"description\":\"An der Vereinsversammlung des SwissBoardForum vom 15. Juni 2023 in Bern wurde mit Ralph P. Siegl ein neuer Pr\u00e4sident gew\u00e4hlt.\",\"breadcrumb\":{\"@id\":\"https:\\\/\\\/www.organisator.ch\\\/management\\\/2023-06-16\\\/swissboardforum-erneuert-vorstand\\\/#breadcrumb\"},\"inLanguage\":\"en-US\",\"potentialAction\":[{\"@type\":\"ReadAction\",\"target\":[\"https:\\\/\\\/www.organisator.ch\\\/management\\\/2023-06-16\\\/swissboardforum-erneuert-vorstand\\\/\"]}]},{\"@type\":\"ImageObject\",\"inLanguage\":\"en-US\",\"@id\":\"https:\\\/\\\/www.organisator.ch\\\/management\\\/2023-06-16\\\/swissboardforum-erneuert-vorstand\\\/#primaryimage\",\"url\":\"https:\\\/\\\/www.organisator.ch\\\/wp-content\\\/uploads\\\/2023\\\/06\\\/SwissBoardForum-erneuert-Vorstand_Organisator.jpg\",\"contentUrl\":\"https:\\\/\\\/www.organisator.ch\\\/wp-content\\\/uploads\\\/2023\\\/06\\\/SwissBoardForum-erneuert-Vorstand_Organisator.jpg\",\"width\":680,\"height\":327,\"caption\":\"Wurden neu in den Vorstand von SwissBoardForum gew\u00e4hlt: Ralph P. Siegl und Mich\u00e8le Sutter R\u00fcdisser. (Bild: www.swissboardforum.ch)\"},{\"@type\":\"BreadcrumbList\",\"@id\":\"https:\\\/\\\/www.organisator.ch\\\/management\\\/2023-06-16\\\/swissboardforum-erneuert-vorstand\\\/#breadcrumb\",\"itemListElement\":[{\"@type\":\"ListItem\",\"position\":1,\"name\":\"Home\",\"item\":\"https:\\\/\\\/www.organisator.ch\\\/\"},{\"@type\":\"ListItem\",\"position\":2,\"name\":\"SwissBoardForum erneuert Vorstand\"}]},{\"@type\":\"WebSite\",\"@id\":\"https:\\\/\\\/www.organisator.ch\\\/#website\",\"url\":\"https:\\\/\\\/www.organisator.ch\\\/\",\"name\":\"Organisator\",\"description\":\"Kompetent. Praxisnah. Der ORGANISATOR bereitet in 10 Ausgaben pro Jahr die wesentlichen Themen f\u00fcr F\u00fchrungskr\u00e4fte von KMU auf.\",\"publisher\":{\"@id\":\"https:\\\/\\\/www.organisator.ch\\\/#organization\"},\"potentialAction\":[{\"@type\":\"SearchAction\",\"target\":{\"@type\":\"EntryPoint\",\"urlTemplate\":\"https:\\\/\\\/www.organisator.ch\\\/?s={search_term_string}\"},\"query-input\":{\"@type\":\"PropertyValueSpecification\",\"valueRequired\":true,\"valueName\":\"search_term_string\"}}],\"inLanguage\":\"en-US\"},{\"@type\":\"Organization\",\"@id\":\"https:\\\/\\\/www.organisator.ch\\\/#organization\",\"name\":\"Organisator\",\"url\":\"https:\\\/\\\/www.organisator.ch\\\/\",\"logo\":{\"@type\":\"ImageObject\",\"inLanguage\":\"en-US\",\"@id\":\"https:\\\/\\\/www.organisator.ch\\\/#\\\/schema\\\/logo\\\/image\\\/\",\"url\":\"https:\\\/\\\/www.organisator.ch\\\/wp-content\\\/uploads\\\/2022\\\/01\\\/Logo_Organisator_Website.png\",\"contentUrl\":\"https:\\\/\\\/www.organisator.ch\\\/wp-content\\\/uploads\\\/2022\\\/01\\\/Logo_Organisator_Website.png\",\"width\":800,\"height\":77,\"caption\":\"Organisator\"},\"image\":{\"@id\":\"https:\\\/\\\/www.organisator.ch\\\/#\\\/schema\\\/logo\\\/image\\\/\"},\"sameAs\":[\"https:\\\/\\\/www.facebook.com\\\/OrganisatorFachmagazin\",\"https:\\\/\\\/www.linkedin.com\\\/showcase\\\/organisator-das-magazin-fr-kmu\",\"https:\\\/\\\/www.xing.com\\\/news\\\/pages\\\/organisator-ch-695\",\"https:\\\/\\\/www.youtube.com\\\/channel\\\/UCGP2Sq0iWaZwT3BdIAQFYpw\"]},{\"@type\":\"Person\",\"@id\":\"https:\\\/\\\/www.organisator.ch\\\/#\\\/schema\\\/person\\\/6f650f90b2842cd4c0cc334b4e36f67e\",\"name\":\"thomas.berner\",\"image\":{\"@type\":\"ImageObject\",\"inLanguage\":\"en-US\",\"@id\":\"https:\\\/\\\/secure.gravatar.com\\\/avatar\\\/ac5001d2a36cb6c6cd3e50789007ffca834b477b74a2144564522e944eabff61?s=96&d=mm&r=g\",\"url\":\"https:\\\/\\\/secure.gravatar.com\\\/avatar\\\/ac5001d2a36cb6c6cd3e50789007ffca834b477b74a2144564522e944eabff61?s=96&d=mm&r=g\",\"contentUrl\":\"https:\\\/\\\/secure.gravatar.com\\\/avatar\\\/ac5001d2a36cb6c6cd3e50789007ffca834b477b74a2144564522e944eabff61?s=96&d=mm&r=g\",\"caption\":\"thomas.berner\"},\"url\":\"https:\\\/\\\/www.organisator.ch\\\/en\\\/author\\\/thomas-berner\\\/\"}]}<\/script>\n<!-- \/ Yoast SEO plugin. -->","yoast_head_json":{"title":"SwissBoardForum renews board - Organizer","description":"At the association meeting of SwissBoardForum on June 15, 2023 in Bern, Ralph P. Siegl was elected as the new president.","robots":{"index":"index","follow":"follow","max-snippet":"max-snippet:-1","max-image-preview":"max-image-preview:large","max-video-preview":"max-video-preview:-1"},"canonical":"https:\/\/www.organisator.ch\/en\/management\/2023-06-16\/swissboardforum-erneuert-vorstand\/","og_locale":"en_US","og_type":"article","og_title":"SwissBoardForum erneuert Vorstand","og_description":"An der Vereinsversammlung des SwissBoardForum vom 15. Juni 2023 in Bern wurde mit Ralph P. Siegl ein neuer Pr\u00e4sident gew\u00e4hlt.","og_url":"https:\/\/www.organisator.ch\/en\/management\/2023-06-16\/swissboardforum-erneuert-vorstand\/","og_site_name":"Organisator","article_publisher":"https:\/\/www.facebook.com\/OrganisatorFachmagazin","article_published_time":"2023-06-16T05:33:48+00:00","og_image":[{"width":680,"height":327,"url":"https:\/\/www.organisator.ch\/wp-content\/uploads\/2023\/06\/SwissBoardForum-erneuert-Vorstand_Organisator.jpg","type":"image\/jpeg"}],"author":"thomas.berner","twitter_card":"summary_large_image","twitter_title":"#SwissBoardForum erneuert Vorstand","twitter_description":"An der Vereinsversammlung des #SwissBoardForum vom 15. Juni 2023 in Bern wurde mit Ralph P. Siegl ein neuer Pr\u00e4sident gew\u00e4hlt.","twitter_image":"https:\/\/www.organisator.ch\/wp-content\/uploads\/2023\/06\/SwissBoardForum-erneuert-Vorstand_Organisator.jpg","schema":{"@context":"https:\/\/schema.org","@graph":[{"@type":"Article","@id":"https:\/\/www.organisator.ch\/management\/2023-06-16\/swissboardforum-erneuert-vorstand\/#article","isPartOf":{"@id":"https:\/\/www.organisator.ch\/management\/2023-06-16\/swissboardforum-erneuert-vorstand\/"},"author":{"name":"thomas.berner","@id":"https:\/\/www.organisator.ch\/#\/schema\/person\/6f650f90b2842cd4c0cc334b4e36f67e"},"headline":"SwissBoardForum erneuert Vorstand","datePublished":"2023-06-16T05:33:48+00:00","mainEntityOfPage":{"@id":"https:\/\/www.organisator.ch\/management\/2023-06-16\/swissboardforum-erneuert-vorstand\/"},"wordCount":448,"publisher":{"@id":"https:\/\/www.organisator.ch\/#organization"},"image":{"@id":"https:\/\/www.organisator.ch\/management\/2023-06-16\/swissboardforum-erneuert-vorstand\/#primaryimage"},"thumbnailUrl":"https:\/\/www.organisator.ch\/wp-content\/uploads\/2023\/06\/SwissBoardForum-erneuert-Vorstand_Organisator.jpg","keywords":["Management und Unternehmensf\u00fchrung","Verb\u00e4nde","Verwaltungsr\u00e4te"],"articleSection":["MANAGEMENT"],"inLanguage":"en-US"},{"@type":"WebPage","@id":"https:\/\/www.organisator.ch\/management\/2023-06-16\/swissboardforum-erneuert-vorstand\/","url":"https:\/\/www.organisator.ch\/management\/2023-06-16\/swissboardforum-erneuert-vorstand\/","name":"SwissBoardForum renews board - Organizer","isPartOf":{"@id":"https:\/\/www.organisator.ch\/#website"},"primaryImageOfPage":{"@id":"https:\/\/www.organisator.ch\/management\/2023-06-16\/swissboardforum-erneuert-vorstand\/#primaryimage"},"image":{"@id":"https:\/\/www.organisator.ch\/management\/2023-06-16\/swissboardforum-erneuert-vorstand\/#primaryimage"},"thumbnailUrl":"https:\/\/www.organisator.ch\/wp-content\/uploads\/2023\/06\/SwissBoardForum-erneuert-Vorstand_Organisator.jpg","datePublished":"2023-06-16T05:33:48+00:00","description":"At the association meeting of SwissBoardForum on June 15, 2023 in Bern, Ralph P. Siegl was elected as the new president.","breadcrumb":{"@id":"https:\/\/www.organisator.ch\/management\/2023-06-16\/swissboardforum-erneuert-vorstand\/#breadcrumb"},"inLanguage":"en-US","potentialAction":[{"@type":"ReadAction","target":["https:\/\/www.organisator.ch\/management\/2023-06-16\/swissboardforum-erneuert-vorstand\/"]}]},{"@type":"ImageObject","inLanguage":"en-US","@id":"https:\/\/www.organisator.ch\/management\/2023-06-16\/swissboardforum-erneuert-vorstand\/#primaryimage","url":"https:\/\/www.organisator.ch\/wp-content\/uploads\/2023\/06\/SwissBoardForum-erneuert-Vorstand_Organisator.jpg","contentUrl":"https:\/\/www.organisator.ch\/wp-content\/uploads\/2023\/06\/SwissBoardForum-erneuert-Vorstand_Organisator.jpg","width":680,"height":327,"caption":"Wurden neu in den Vorstand von SwissBoardForum gew\u00e4hlt: Ralph P. Siegl und Mich\u00e8le Sutter R\u00fcdisser. (Bild: www.swissboardforum.ch)"},{"@type":"BreadcrumbList","@id":"https:\/\/www.organisator.ch\/management\/2023-06-16\/swissboardforum-erneuert-vorstand\/#breadcrumb","itemListElement":[{"@type":"ListItem","position":1,"name":"Home","item":"https:\/\/www.organisator.ch\/"},{"@type":"ListItem","position":2,"name":"SwissBoardForum erneuert Vorstand"}]},{"@type":"WebSite","@id":"https:\/\/www.organisator.ch\/#website","url":"https:\/\/www.organisator.ch\/","name":"Organizer","description":"Competent. Practical. In 10 issues per year, ORGANISATOR presents the essential topics for managers of SMEs.","publisher":{"@id":"https:\/\/www.organisator.ch\/#organization"},"potentialAction":[{"@type":"SearchAction","target":{"@type":"EntryPoint","urlTemplate":"https:\/\/www.organisator.ch\/?s={search_term_string}"},"query-input":{"@type":"PropertyValueSpecification","valueRequired":true,"valueName":"search_term_string"}}],"inLanguage":"en-US"},{"@type":"Organization","@id":"https:\/\/www.organisator.ch\/#organization","name":"Organizer","url":"https:\/\/www.organisator.ch\/","logo":{"@type":"ImageObject","inLanguage":"en-US","@id":"https:\/\/www.organisator.ch\/#\/schema\/logo\/image\/","url":"https:\/\/www.organisator.ch\/wp-content\/uploads\/2022\/01\/Logo_Organisator_Website.png","contentUrl":"https:\/\/www.organisator.ch\/wp-content\/uploads\/2022\/01\/Logo_Organisator_Website.png","width":800,"height":77,"caption":"Organisator"},"image":{"@id":"https:\/\/www.organisator.ch\/#\/schema\/logo\/image\/"},"sameAs":["https:\/\/www.facebook.com\/OrganisatorFachmagazin","https:\/\/www.linkedin.com\/showcase\/organisator-das-magazin-fr-kmu","https:\/\/www.xing.com\/news\/pages\/organisator-ch-695","https:\/\/www.youtube.com\/channel\/UCGP2Sq0iWaZwT3BdIAQFYpw"]},{"@type":"Person","@id":"https:\/\/www.organisator.ch\/#\/schema\/person\/6f650f90b2842cd4c0cc334b4e36f67e","name":"thomas.berner","image":{"@type":"ImageObject","inLanguage":"en-US","@id":"https:\/\/secure.gravatar.com\/avatar\/ac5001d2a36cb6c6cd3e50789007ffca834b477b74a2144564522e944eabff61?s=96&d=mm&r=g","url":"https:\/\/secure.gravatar.com\/avatar\/ac5001d2a36cb6c6cd3e50789007ffca834b477b74a2144564522e944eabff61?s=96&d=mm&r=g","contentUrl":"https:\/\/secure.gravatar.com\/avatar\/ac5001d2a36cb6c6cd3e50789007ffca834b477b74a2144564522e944eabff61?s=96&d=mm&r=g","caption":"thomas.berner"},"url":"https:\/\/www.organisator.ch\/en\/author\/thomas-berner\/"}]}},"_links":{"self":[{"href":"https:\/\/www.organisator.ch\/en\/wp-json\/wp\/v2\/posts\/20738","targetHints":{"allow":["GET"]}}],"collection":[{"href":"https:\/\/www.organisator.ch\/en\/wp-json\/wp\/v2\/posts"}],"about":[{"href":"https:\/\/www.organisator.ch\/en\/wp-json\/wp\/v2\/types\/post"}],"author":[{"embeddable":true,"href":"https:\/\/www.organisator.ch\/en\/wp-json\/wp\/v2\/users\/4"}],"replies":[{"embeddable":true,"href":"https:\/\/www.organisator.ch\/en\/wp-json\/wp\/v2\/comments?post=20738"}],"version-history":[{"count":1,"href":"https:\/\/www.organisator.ch\/en\/wp-json\/wp\/v2\/posts\/20738\/revisions"}],"predecessor-version":[{"id":20740,"href":"https:\/\/www.organisator.ch\/en\/wp-json\/wp\/v2\/posts\/20738\/revisions\/20740"}],"wp:featuredmedia":[{"embeddable":true,"href":"https:\/\/www.organisator.ch\/en\/wp-json\/wp\/v2\/media\/20739"}],"wp:attachment":[{"href":"https:\/\/www.organisator.ch\/en\/wp-json\/wp\/v2\/media?parent=20738"}],"wp:term":[{"taxonomy":"category","embeddable":true,"href":"https:\/\/www.organisator.ch\/en\/wp-json\/wp\/v2\/categories?post=20738"},{"taxonomy":"post_tag","embeddable":true,"href":"https:\/\/www.organisator.ch\/en\/wp-json\/wp\/v2\/tags?post=20738"}],"curies":[{"name":"wp","href":"https:\/\/api.w.org\/{rel}","templated":true}]}}