{"id":20746,"date":"2023-06-16T13:40:29","date_gmt":"2023-06-16T11:40:29","guid":{"rendered":"https:\/\/www.m-q.ch\/?p=18188"},"modified":"2024-11-15T13:49:02","modified_gmt":"2024-11-15T12:49:02","slug":"suva-praemien-sinken-weiter","status":"publish","type":"post","link":"https:\/\/www.organisator.ch\/en\/operational-excellence\/2023-06-16\/suva-praemien-sinken-weiter\/","title":{"rendered":"Suva premiums continue to fall"},"content":{"rendered":"<figure id=\"attachment_18189\" class=\"wp-caption alignnone\" style=\"width: 680px\" aria-describedby=\"caption-attachment-18189\"><img class=\"alignnone wp-image-18189 size-full\" src=\"https:\/\/www.m-q.ch\/wp-content\/uploads\/2023\/06\/Suva-Praemien-sinken-weiter_MQ.jpg\" alt=\"Suva annual result\" width=\"680\" height=\"454\" \/>\r\n<figcaption id=\"caption-attachment-18189\" class=\"wp-caption-text\">Gabriele Gendotti (left), President of the Suva Council, Felix Weber (center), Chief Executive Officer of Suva and Hubert Niggli (right), Head of the Department of Finance and Information Technology on Friday, June 16, 2023 at Suva's annual media conference. (SUVA\/KEYSTONE\/Christof Schuerpf)<\/figcaption>\r\n<\/figure>\r\n<p id=\"anchor-4451672C-DCB6-4728-A9E4-FD2EC09ECC3D\" class=\"h3 sch-h3\">Although Suva's current business figures are anything but pleasing, Suva premiums are nevertheless falling. This is positive news, which Suva's management was able to share with the public at the annual media conference. And flowers were also distributed internally: With the roll-out of digitalization in claims management, Suva has reached a strategic milestone, the insurance company announced. At the beginning of 2022, system-based rule and classification systems will take over the entire case management with a volume of over 490,000 claims. Daily allowance payments and reports of accidents and incapacity to work will be largely automated. However, if cases are more complex, specialists are still available to provide personal advice to companies and accident victims.<\/p>\r\n<h3 id=\"anchor-F4D20FE6-76A4-4283-9E86-390C076C8638\" class=\"h3 sch-h3\">More cases recorded in 2022<\/h3>\r\n<div>\r\n<p>In 2022, Suva registered over 490,000 accidents and occupational diseases. This represents a significant increase compared to the previous year (450 000) and, due to the slightly higher number of insured persons, a slightly higher level compared to the years before the start of the covid pandemic. The accident risk - newly registered accidents per 1,000 insured persons - is again following the long-term trend. While the accident risk in non-occupational accident insurance has remained virtually unchanged for many years, it has fallen by -12 percent in occupational accident insurance over the last ten years. Work in Suva-insured companies has thus become significantly safer, according to the findings.<\/p>\r\n<\/div>\r\n<h3 id=\"anchor-75CA1B4C-99CC-4F30-9EC0-03450F7B394C\" class=\"h3 sch-h3\">Suva premiums continue to fall thanks to good underwriting result<\/h3>\r\n<div>\r\n<p>Suva's assets are fully earmarked. They cover the obligations for around 80,000 current pensions as well as future medical expenses and daily allowances and other insurance benefits from accidents and occupational diseases that have already occurred. Thanks to the favorable development of pension figures, it was possible to release actuarial provisions, resulting in a positive actuarial result.<\/p>\r\n<p>The gratifying development of the accident risk and the good underwriting result allow Suva to reduce its average net premiums in occupational accident insurance by more than five percent once again. In non-occupational accident insurance, there was also a slight reduction of around one percent.<\/p>\r\n<\/div>\r\n<h3 id=\"anchor-44E2056E-F966-4949-A9EF-56AF714BDE82\" class=\"h3 sch-h3\">Difficult investment year leads to negative annual result<\/h3>\r\n<div>\r\n<p>In the eventful investment year 2022, Suva achieved a net performance of -8.1 percent. This investment loss could be largely compensated with the existing value fluctuation reserves, which were set aside as a precaution in previous years. Together with the positive underwriting result, this resulted in a negative overall operating result of CHF -152 million.<\/p>\r\n<\/div>\r\n<div>\r\n<p>At 151 percent, the solvency ratio remains in the upper half of the specified range of 100 to 180 percent. The Suva Council has therefore decided to continue the reimbursement of capital gains surpluses from previous years. In 2024, this will again mean a premium reduction in the amount of 20 percent of net premiums in both occupational and non-occupational accident insurance. This would correspond to a refund of around CHF 800 million to the insured, as Suva calculates.<\/p>\r\n<p><em>Source: <a href=\"http:\/\/www.suva.ch\/\">Suva<\/a><\/em><\/p>\r\n<\/div>\n<p class=\"syndicated-attribution\">This article originally appeared on m-q.ch - <a href=\"https:\/\/www.m-q.ch\/de\/suva-praemien-sinken-weiter\/\" target=\"_blank\">https:\/\/www.m-q.ch\/de\/suva-praemien-sinken-weiter\/<\/a><\/p>","protected":false},"excerpt":{"rendered":"<p>Despite the difficult investment year 2022 with a negative business result, Suva can again reduce premiums for 2024. The excess investment income generated in previous years is now paying off.<\/p>","protected":false},"author":8,"featured_media":0,"comment_status":"closed","ping_status":"closed","sticky":false,"template":"","format":"standard","meta":{"_acf_changed":false,"_yoast_wpseo_focuskw":"Suva Jahresergebnis","_yoast_wpseo_metadesc":"Suva 2023: Pr\u00e4mien sinken trotz negativem Jahresergebnis. Digitalisierung im Schadenmanagement als Meilenstein.","articlekey":"","footnotes":""},"categories":[582],"tags":[3820],"class_list":["post-20746","post","type-post","status-publish","format-standard","hentry","category-operational-excellence","tag-unfallversicherung"],"acf":[],"yoast_head":"<!-- This site is optimized with the Yoast SEO plugin v27.5 - https:\/\/yoast.com\/product\/yoast-seo-wordpress\/ -->\n<title>Suva-Pr\u00e4mien sinken weiter - Organisator<\/title>\n<meta name=\"description\" content=\"Suva 2023: Pr\u00e4mien sinken trotz negativem Jahresergebnis. Digitalisierung im Schadenmanagement als Meilenstein.\" \/>\n<meta name=\"robots\" content=\"index, follow, max-snippet:-1, max-image-preview:large, max-video-preview:-1\" \/>\n<link rel=\"canonical\" href=\"https:\/\/www.organisator.ch\/en\/operational-excellence\/2023-06-16\/suva-praemien-sinken-weiter\/\" \/>\n<meta property=\"og:locale\" content=\"en_US\" \/>\n<meta property=\"og:type\" content=\"article\" \/>\n<meta property=\"og:title\" content=\"Suva-Pr\u00e4mien sinken weiter - Organisator\" \/>\n<meta property=\"og:description\" content=\"Suva 2023: Pr\u00e4mien sinken trotz negativem Jahresergebnis. Digitalisierung im Schadenmanagement als Meilenstein.\" \/>\n<meta property=\"og:url\" content=\"https:\/\/www.organisator.ch\/en\/operational-excellence\/2023-06-16\/suva-praemien-sinken-weiter\/\" \/>\n<meta property=\"og:site_name\" content=\"Organisator\" \/>\n<meta property=\"article:publisher\" content=\"https:\/\/www.facebook.com\/OrganisatorFachmagazin\" \/>\n<meta property=\"article:published_time\" content=\"2023-06-16T11:40:29+00:00\" \/>\n<meta property=\"article:modified_time\" content=\"2024-11-15T12:49:02+00:00\" \/>\n<meta name=\"author\" content=\"galledia\" \/>\n<meta name=\"twitter:card\" content=\"summary_large_image\" \/>\n<meta name=\"twitter:creator\" content=\"@admin\" \/>\n<script type=\"application\/ld+json\" class=\"yoast-schema-graph\">{\"@context\":\"https:\\\/\\\/schema.org\",\"@graph\":[{\"@type\":\"Article\",\"@id\":\"https:\\\/\\\/www.organisator.ch\\\/operational-excellence\\\/2023-06-16\\\/suva-praemien-sinken-weiter\\\/#article\",\"isPartOf\":{\"@id\":\"https:\\\/\\\/www.organisator.ch\\\/operational-excellence\\\/2023-06-16\\\/suva-praemien-sinken-weiter\\\/\"},\"author\":{\"name\":\"galledia\",\"@id\":\"https:\\\/\\\/www.organisator.ch\\\/#\\\/schema\\\/person\\\/4e51799071cd2dd1232ac003643ef5f0\"},\"headline\":\"Suva-Pr\u00e4mien sinken weiter\",\"datePublished\":\"2023-06-16T11:40:29+00:00\",\"dateModified\":\"2024-11-15T12:49:02+00:00\",\"mainEntityOfPage\":{\"@id\":\"https:\\\/\\\/www.organisator.ch\\\/operational-excellence\\\/2023-06-16\\\/suva-praemien-sinken-weiter\\\/\"},\"wordCount\":483,\"publisher\":{\"@id\":\"https:\\\/\\\/www.organisator.ch\\\/#organization\"},\"image\":{\"@id\":\"https:\\\/\\\/www.organisator.ch\\\/operational-excellence\\\/2023-06-16\\\/suva-praemien-sinken-weiter\\\/#primaryimage\"},\"thumbnailUrl\":\"https:\\\/\\\/www.m-q.ch\\\/wp-content\\\/uploads\\\/2023\\\/06\\\/Suva-Praemien-sinken-weiter_MQ.jpg\",\"keywords\":[\"Unfallversicherung\"],\"articleSection\":[\"OPERATIONAL EXCELLENCE\"],\"inLanguage\":\"en-US\"},{\"@type\":\"WebPage\",\"@id\":\"https:\\\/\\\/www.organisator.ch\\\/operational-excellence\\\/2023-06-16\\\/suva-praemien-sinken-weiter\\\/\",\"url\":\"https:\\\/\\\/www.organisator.ch\\\/operational-excellence\\\/2023-06-16\\\/suva-praemien-sinken-weiter\\\/\",\"name\":\"Suva-Pr\u00e4mien sinken weiter - Organisator\",\"isPartOf\":{\"@id\":\"https:\\\/\\\/www.organisator.ch\\\/#website\"},\"primaryImageOfPage\":{\"@id\":\"https:\\\/\\\/www.organisator.ch\\\/operational-excellence\\\/2023-06-16\\\/suva-praemien-sinken-weiter\\\/#primaryimage\"},\"image\":{\"@id\":\"https:\\\/\\\/www.organisator.ch\\\/operational-excellence\\\/2023-06-16\\\/suva-praemien-sinken-weiter\\\/#primaryimage\"},\"thumbnailUrl\":\"https:\\\/\\\/www.m-q.ch\\\/wp-content\\\/uploads\\\/2023\\\/06\\\/Suva-Praemien-sinken-weiter_MQ.jpg\",\"datePublished\":\"2023-06-16T11:40:29+00:00\",\"dateModified\":\"2024-11-15T12:49:02+00:00\",\"description\":\"Suva 2023: Pr\u00e4mien sinken trotz negativem Jahresergebnis. Digitalisierung im Schadenmanagement als Meilenstein.\",\"breadcrumb\":{\"@id\":\"https:\\\/\\\/www.organisator.ch\\\/operational-excellence\\\/2023-06-16\\\/suva-praemien-sinken-weiter\\\/#breadcrumb\"},\"inLanguage\":\"en-US\",\"potentialAction\":[{\"@type\":\"ReadAction\",\"target\":[\"https:\\\/\\\/www.organisator.ch\\\/operational-excellence\\\/2023-06-16\\\/suva-praemien-sinken-weiter\\\/\"]}]},{\"@type\":\"ImageObject\",\"inLanguage\":\"en-US\",\"@id\":\"https:\\\/\\\/www.organisator.ch\\\/operational-excellence\\\/2023-06-16\\\/suva-praemien-sinken-weiter\\\/#primaryimage\",\"url\":\"https:\\\/\\\/www.m-q.ch\\\/wp-content\\\/uploads\\\/2023\\\/06\\\/Suva-Praemien-sinken-weiter_MQ.jpg\",\"contentUrl\":\"https:\\\/\\\/www.m-q.ch\\\/wp-content\\\/uploads\\\/2023\\\/06\\\/Suva-Praemien-sinken-weiter_MQ.jpg\"},{\"@type\":\"BreadcrumbList\",\"@id\":\"https:\\\/\\\/www.organisator.ch\\\/operational-excellence\\\/2023-06-16\\\/suva-praemien-sinken-weiter\\\/#breadcrumb\",\"itemListElement\":[{\"@type\":\"ListItem\",\"position\":1,\"name\":\"Home\",\"item\":\"https:\\\/\\\/www.organisator.ch\\\/\"},{\"@type\":\"ListItem\",\"position\":2,\"name\":\"Suva-Pr\u00e4mien sinken weiter\"}]},{\"@type\":\"WebSite\",\"@id\":\"https:\\\/\\\/www.organisator.ch\\\/#website\",\"url\":\"https:\\\/\\\/www.organisator.ch\\\/\",\"name\":\"Organisator\",\"description\":\"Kompetent. Praxisnah. Der ORGANISATOR bereitet in 10 Ausgaben pro Jahr die wesentlichen Themen f\u00fcr F\u00fchrungskr\u00e4fte von KMU auf.\",\"publisher\":{\"@id\":\"https:\\\/\\\/www.organisator.ch\\\/#organization\"},\"potentialAction\":[{\"@type\":\"SearchAction\",\"target\":{\"@type\":\"EntryPoint\",\"urlTemplate\":\"https:\\\/\\\/www.organisator.ch\\\/?s={search_term_string}\"},\"query-input\":{\"@type\":\"PropertyValueSpecification\",\"valueRequired\":true,\"valueName\":\"search_term_string\"}}],\"inLanguage\":\"en-US\"},{\"@type\":\"Organization\",\"@id\":\"https:\\\/\\\/www.organisator.ch\\\/#organization\",\"name\":\"Organisator\",\"url\":\"https:\\\/\\\/www.organisator.ch\\\/\",\"logo\":{\"@type\":\"ImageObject\",\"inLanguage\":\"en-US\",\"@id\":\"https:\\\/\\\/www.organisator.ch\\\/#\\\/schema\\\/logo\\\/image\\\/\",\"url\":\"https:\\\/\\\/www.organisator.ch\\\/wp-content\\\/uploads\\\/2022\\\/01\\\/Logo_Organisator_Website.png\",\"contentUrl\":\"https:\\\/\\\/www.organisator.ch\\\/wp-content\\\/uploads\\\/2022\\\/01\\\/Logo_Organisator_Website.png\",\"width\":800,\"height\":77,\"caption\":\"Organisator\"},\"image\":{\"@id\":\"https:\\\/\\\/www.organisator.ch\\\/#\\\/schema\\\/logo\\\/image\\\/\"},\"sameAs\":[\"https:\\\/\\\/www.facebook.com\\\/OrganisatorFachmagazin\",\"https:\\\/\\\/www.linkedin.com\\\/showcase\\\/organisator-das-magazin-fr-kmu\",\"https:\\\/\\\/www.xing.com\\\/news\\\/pages\\\/organisator-ch-695\",\"https:\\\/\\\/www.youtube.com\\\/channel\\\/UCGP2Sq0iWaZwT3BdIAQFYpw\"]},{\"@type\":\"Person\",\"@id\":\"https:\\\/\\\/www.organisator.ch\\\/#\\\/schema\\\/person\\\/4e51799071cd2dd1232ac003643ef5f0\",\"name\":\"galledia\",\"image\":{\"@type\":\"ImageObject\",\"inLanguage\":\"en-US\",\"@id\":\"https:\\\/\\\/secure.gravatar.com\\\/avatar\\\/78a7f90c01fc2bfc875782a0d4922b37cde2cf184ce347b91316d23cd7f69a36?s=96&d=mm&r=g\",\"url\":\"https:\\\/\\\/secure.gravatar.com\\\/avatar\\\/78a7f90c01fc2bfc875782a0d4922b37cde2cf184ce347b91316d23cd7f69a36?s=96&d=mm&r=g\",\"contentUrl\":\"https:\\\/\\\/secure.gravatar.com\\\/avatar\\\/78a7f90c01fc2bfc875782a0d4922b37cde2cf184ce347b91316d23cd7f69a36?s=96&d=mm&r=g\",\"caption\":\"galledia\"},\"sameAs\":[\"https:\\\/\\\/x.com\\\/admin\"],\"url\":\"https:\\\/\\\/www.organisator.ch\\\/en\\\/author\\\/galledia\\\/\"}]}<\/script>\n<!-- \/ Yoast SEO plugin. -->","yoast_head_json":{"title":"Suva premiums continue to fall - Organizer","description":"Suva 2023: Premiums fall despite negative annual result. Digitalization in claims management as a milestone.","robots":{"index":"index","follow":"follow","max-snippet":"max-snippet:-1","max-image-preview":"max-image-preview:large","max-video-preview":"max-video-preview:-1"},"canonical":"https:\/\/www.organisator.ch\/en\/operational-excellence\/2023-06-16\/suva-praemien-sinken-weiter\/","og_locale":"en_US","og_type":"article","og_title":"Suva-Pr\u00e4mien sinken weiter - Organisator","og_description":"Suva 2023: Pr\u00e4mien sinken trotz negativem Jahresergebnis. Digitalisierung im Schadenmanagement als Meilenstein.","og_url":"https:\/\/www.organisator.ch\/en\/operational-excellence\/2023-06-16\/suva-praemien-sinken-weiter\/","og_site_name":"Organisator","article_publisher":"https:\/\/www.facebook.com\/OrganisatorFachmagazin","article_published_time":"2023-06-16T11:40:29+00:00","article_modified_time":"2024-11-15T12:49:02+00:00","author":"galledia","twitter_card":"summary_large_image","twitter_creator":"@admin","schema":{"@context":"https:\/\/schema.org","@graph":[{"@type":"Article","@id":"https:\/\/www.organisator.ch\/operational-excellence\/2023-06-16\/suva-praemien-sinken-weiter\/#article","isPartOf":{"@id":"https:\/\/www.organisator.ch\/operational-excellence\/2023-06-16\/suva-praemien-sinken-weiter\/"},"author":{"name":"galledia","@id":"https:\/\/www.organisator.ch\/#\/schema\/person\/4e51799071cd2dd1232ac003643ef5f0"},"headline":"Suva-Pr\u00e4mien sinken weiter","datePublished":"2023-06-16T11:40:29+00:00","dateModified":"2024-11-15T12:49:02+00:00","mainEntityOfPage":{"@id":"https:\/\/www.organisator.ch\/operational-excellence\/2023-06-16\/suva-praemien-sinken-weiter\/"},"wordCount":483,"publisher":{"@id":"https:\/\/www.organisator.ch\/#organization"},"image":{"@id":"https:\/\/www.organisator.ch\/operational-excellence\/2023-06-16\/suva-praemien-sinken-weiter\/#primaryimage"},"thumbnailUrl":"https:\/\/www.m-q.ch\/wp-content\/uploads\/2023\/06\/Suva-Praemien-sinken-weiter_MQ.jpg","keywords":["Unfallversicherung"],"articleSection":["OPERATIONAL EXCELLENCE"],"inLanguage":"en-US"},{"@type":"WebPage","@id":"https:\/\/www.organisator.ch\/operational-excellence\/2023-06-16\/suva-praemien-sinken-weiter\/","url":"https:\/\/www.organisator.ch\/operational-excellence\/2023-06-16\/suva-praemien-sinken-weiter\/","name":"Suva premiums continue to fall - Organizer","isPartOf":{"@id":"https:\/\/www.organisator.ch\/#website"},"primaryImageOfPage":{"@id":"https:\/\/www.organisator.ch\/operational-excellence\/2023-06-16\/suva-praemien-sinken-weiter\/#primaryimage"},"image":{"@id":"https:\/\/www.organisator.ch\/operational-excellence\/2023-06-16\/suva-praemien-sinken-weiter\/#primaryimage"},"thumbnailUrl":"https:\/\/www.m-q.ch\/wp-content\/uploads\/2023\/06\/Suva-Praemien-sinken-weiter_MQ.jpg","datePublished":"2023-06-16T11:40:29+00:00","dateModified":"2024-11-15T12:49:02+00:00","description":"Suva 2023: Premiums fall despite negative annual result. Digitalization in claims management as a milestone.","breadcrumb":{"@id":"https:\/\/www.organisator.ch\/operational-excellence\/2023-06-16\/suva-praemien-sinken-weiter\/#breadcrumb"},"inLanguage":"en-US","potentialAction":[{"@type":"ReadAction","target":["https:\/\/www.organisator.ch\/operational-excellence\/2023-06-16\/suva-praemien-sinken-weiter\/"]}]},{"@type":"ImageObject","inLanguage":"en-US","@id":"https:\/\/www.organisator.ch\/operational-excellence\/2023-06-16\/suva-praemien-sinken-weiter\/#primaryimage","url":"https:\/\/www.m-q.ch\/wp-content\/uploads\/2023\/06\/Suva-Praemien-sinken-weiter_MQ.jpg","contentUrl":"https:\/\/www.m-q.ch\/wp-content\/uploads\/2023\/06\/Suva-Praemien-sinken-weiter_MQ.jpg"},{"@type":"BreadcrumbList","@id":"https:\/\/www.organisator.ch\/operational-excellence\/2023-06-16\/suva-praemien-sinken-weiter\/#breadcrumb","itemListElement":[{"@type":"ListItem","position":1,"name":"Home","item":"https:\/\/www.organisator.ch\/"},{"@type":"ListItem","position":2,"name":"Suva-Pr\u00e4mien sinken weiter"}]},{"@type":"WebSite","@id":"https:\/\/www.organisator.ch\/#website","url":"https:\/\/www.organisator.ch\/","name":"Organizer","description":"Competent. Practical. In 10 issues per year, ORGANISATOR presents the essential topics for managers of SMEs.","publisher":{"@id":"https:\/\/www.organisator.ch\/#organization"},"potentialAction":[{"@type":"SearchAction","target":{"@type":"EntryPoint","urlTemplate":"https:\/\/www.organisator.ch\/?s={search_term_string}"},"query-input":{"@type":"PropertyValueSpecification","valueRequired":true,"valueName":"search_term_string"}}],"inLanguage":"en-US"},{"@type":"Organization","@id":"https:\/\/www.organisator.ch\/#organization","name":"Organizer","url":"https:\/\/www.organisator.ch\/","logo":{"@type":"ImageObject","inLanguage":"en-US","@id":"https:\/\/www.organisator.ch\/#\/schema\/logo\/image\/","url":"https:\/\/www.organisator.ch\/wp-content\/uploads\/2022\/01\/Logo_Organisator_Website.png","contentUrl":"https:\/\/www.organisator.ch\/wp-content\/uploads\/2022\/01\/Logo_Organisator_Website.png","width":800,"height":77,"caption":"Organisator"},"image":{"@id":"https:\/\/www.organisator.ch\/#\/schema\/logo\/image\/"},"sameAs":["https:\/\/www.facebook.com\/OrganisatorFachmagazin","https:\/\/www.linkedin.com\/showcase\/organisator-das-magazin-fr-kmu","https:\/\/www.xing.com\/news\/pages\/organisator-ch-695","https:\/\/www.youtube.com\/channel\/UCGP2Sq0iWaZwT3BdIAQFYpw"]},{"@type":"Person","@id":"https:\/\/www.organisator.ch\/#\/schema\/person\/4e51799071cd2dd1232ac003643ef5f0","name":"galledia","image":{"@type":"ImageObject","inLanguage":"en-US","@id":"https:\/\/secure.gravatar.com\/avatar\/78a7f90c01fc2bfc875782a0d4922b37cde2cf184ce347b91316d23cd7f69a36?s=96&d=mm&r=g","url":"https:\/\/secure.gravatar.com\/avatar\/78a7f90c01fc2bfc875782a0d4922b37cde2cf184ce347b91316d23cd7f69a36?s=96&d=mm&r=g","contentUrl":"https:\/\/secure.gravatar.com\/avatar\/78a7f90c01fc2bfc875782a0d4922b37cde2cf184ce347b91316d23cd7f69a36?s=96&d=mm&r=g","caption":"galledia"},"sameAs":["https:\/\/x.com\/admin"],"url":"https:\/\/www.organisator.ch\/en\/author\/galledia\/"}]}},"_links":{"self":[{"href":"https:\/\/www.organisator.ch\/en\/wp-json\/wp\/v2\/posts\/20746","targetHints":{"allow":["GET"]}}],"collection":[{"href":"https:\/\/www.organisator.ch\/en\/wp-json\/wp\/v2\/posts"}],"about":[{"href":"https:\/\/www.organisator.ch\/en\/wp-json\/wp\/v2\/types\/post"}],"author":[{"embeddable":true,"href":"https:\/\/www.organisator.ch\/en\/wp-json\/wp\/v2\/users\/8"}],"replies":[{"embeddable":true,"href":"https:\/\/www.organisator.ch\/en\/wp-json\/wp\/v2\/comments?post=20746"}],"version-history":[{"count":4,"href":"https:\/\/www.organisator.ch\/en\/wp-json\/wp\/v2\/posts\/20746\/revisions"}],"predecessor-version":[{"id":33084,"href":"https:\/\/www.organisator.ch\/en\/wp-json\/wp\/v2\/posts\/20746\/revisions\/33084"}],"wp:attachment":[{"href":"https:\/\/www.organisator.ch\/en\/wp-json\/wp\/v2\/media?parent=20746"}],"wp:term":[{"taxonomy":"category","embeddable":true,"href":"https:\/\/www.organisator.ch\/en\/wp-json\/wp\/v2\/categories?post=20746"},{"taxonomy":"post_tag","embeddable":true,"href":"https:\/\/www.organisator.ch\/en\/wp-json\/wp\/v2\/tags?post=20746"}],"curies":[{"name":"wp","href":"https:\/\/api.w.org\/{rel}","templated":true}]}}