{"id":20755,"date":"2023-06-19T07:55:53","date_gmt":"2023-06-19T05:55:53","guid":{"rendered":"https:\/\/www.m-q.ch\/?p=18192"},"modified":"2024-11-15T13:47:04","modified_gmt":"2024-11-15T12:47:04","slug":"bechtle-schweiz-ag-erlangt-iso-27001-zertifizierung","status":"publish","type":"post","link":"https:\/\/www.organisator.ch\/en\/operational-excellence\/2023-06-19\/bechtle-schweiz-ag-erlangt-iso-27001-zertifizierung\/","title":{"rendered":"Bechtle Schweiz AG achieves ISO 27001 certification"},"content":{"rendered":"<figure id=\"attachment_18194\" class=\"wp-caption alignnone\" style=\"width: 680px\" aria-describedby=\"caption-attachment-18194\"><img class=\"alignnone wp-image-18194 size-full\" src=\"https:\/\/www.m-q.ch\/wp-content\/uploads\/2023\/06\/Bechtle-Schweiz-AG-erlangt-ISO-27001-Zertifizierung_MQ.jpg\" alt=\"Bechtle Switzerland ISO\" width=\"680\" height=\"512\" \/>\r\n<figcaption id=\"caption-attachment-18194\" class=\"wp-caption-text\">Managing Director Christian Speck is pleased with the ISO\/IEC 27001 certification his company has achieved. (Image: Bechtle Switzerland)<\/figcaption>\r\n<\/figure>\r\n<p>In May 2023, two external auditors reviewed the information security management system of Bechtle Schweiz AG according to the international standard ISO\/IEC 27001 and rated it as very good. The company, with over 600 employees at ten locations, is a leading IT service provider in Switzerland and, according to its own description, a partner of choice for consulting, IT infrastructure, cloud solutions, IT services, and software for SMEs, large companies, and the public sector. Its offering covers the entire IT lifecycle, from consulting to implementation and operation.<\/p>\r\n<h3>Responsible handling of confidential data<\/h3>\r\n<p>A central requirement of the ISO 27001 standard is the security of confidential information, which the auditors rated as very good at Bechtle Schweiz AG. The auditors thus confirm that Bechtle Schweiz AG ideally and strategically protects confidential data - especially that of customers and partners - from misuse, attacks, loss and disclosure, and keeps it safe. The certification is considered a supporting element for Bechtle's IT service management and thus also for the managed services provided by the company.<\/p>\r\n<h3><strong>Continuous investment in safety level<\/strong><\/h3>\r\n<p>Christian Speck, Managing Director of Bechtle Schweiz AG: \"As a trusted IT partner, we handle highly sensitive data on a daily basis and consider ourselves obligated to our customers to meet the highest security requirements. Data protection is our top priority, which is why we regularly work on optimizing our processes and invest in security. I am pleased that the auditors have recognized our commitment and provided documented proof of it with this certification.\"<\/p>\r\n<p><em><a href=\"http:\/\/www.bechtle.ch\/\">Source<\/a><\/em><\/p>\n<p class=\"syndicated-attribution\">This article originally appeared on m-q.ch - <a href=\"https:\/\/www.m-q.ch\/de\/bechtle-schweiz-ag-erlangt-iso-27001-zertifizierung\/\" target=\"_blank\">https:\/\/www.m-q.ch\/de\/bechtle-schweiz-ag-erlangt-iso-27001-zertifizierung\/<\/a><\/p>","protected":false},"excerpt":{"rendered":"<p>The IT service provider Bechtle Schweiz AG has newly achieved ISO\/IEC 27001 certification. One focus of the successful certification is on the services provided by Bechtle Schweiz AG.<\/p>","protected":false},"author":8,"featured_media":0,"comment_status":"closed","ping_status":"closed","sticky":false,"template":"","format":"standard","meta":{"_acf_changed":false,"_yoast_wpseo_focuskw":"Bechtle Schweiz ISO","_yoast_wpseo_metadesc":"Bechtle Schweiz erh\u00e4lt ISO\/IEC 27001-Zertifizierung f\u00fcr vorbildlichen Datenschutz und hohe Sicherheitsstandards.","articlekey":"","footnotes":""},"categories":[582],"tags":[],"class_list":["post-20755","post","type-post","status-publish","format-standard","hentry","category-operational-excellence"],"acf":[],"yoast_head":"<!-- This site is optimized with the Yoast SEO plugin v27.5 - https:\/\/yoast.com\/product\/yoast-seo-wordpress\/ -->\n<title>Bechtle Schweiz AG erlangt ISO 27001-Zertifizierung - Organisator<\/title>\n<meta name=\"description\" content=\"Bechtle Schweiz erh\u00e4lt ISO\/IEC 27001-Zertifizierung f\u00fcr vorbildlichen Datenschutz und hohe Sicherheitsstandards.\" \/>\n<meta name=\"robots\" content=\"index, follow, max-snippet:-1, max-image-preview:large, max-video-preview:-1\" \/>\n<link rel=\"canonical\" href=\"https:\/\/www.organisator.ch\/en\/operational-excellence\/2023-06-19\/bechtle-schweiz-ag-erlangt-iso-27001-zertifizierung\/\" \/>\n<meta property=\"og:locale\" content=\"en_US\" \/>\n<meta property=\"og:type\" content=\"article\" \/>\n<meta property=\"og:title\" content=\"Bechtle Schweiz AG erlangt ISO 27001-Zertifizierung - Organisator\" \/>\n<meta property=\"og:description\" content=\"Bechtle Schweiz erh\u00e4lt ISO\/IEC 27001-Zertifizierung f\u00fcr vorbildlichen Datenschutz und hohe Sicherheitsstandards.\" \/>\n<meta property=\"og:url\" content=\"https:\/\/www.organisator.ch\/en\/operational-excellence\/2023-06-19\/bechtle-schweiz-ag-erlangt-iso-27001-zertifizierung\/\" \/>\n<meta property=\"og:site_name\" content=\"Organisator\" \/>\n<meta property=\"article:publisher\" content=\"https:\/\/www.facebook.com\/OrganisatorFachmagazin\" \/>\n<meta property=\"article:published_time\" content=\"2023-06-19T05:55:53+00:00\" \/>\n<meta property=\"article:modified_time\" content=\"2024-11-15T12:47:04+00:00\" \/>\n<meta name=\"author\" content=\"galledia\" \/>\n<meta name=\"twitter:card\" content=\"summary_large_image\" \/>\n<meta name=\"twitter:creator\" content=\"@admin\" \/>\n<script type=\"application\/ld+json\" class=\"yoast-schema-graph\">{\"@context\":\"https:\\\/\\\/schema.org\",\"@graph\":[{\"@type\":\"Article\",\"@id\":\"https:\\\/\\\/www.organisator.ch\\\/operational-excellence\\\/2023-06-19\\\/bechtle-schweiz-ag-erlangt-iso-27001-zertifizierung\\\/#article\",\"isPartOf\":{\"@id\":\"https:\\\/\\\/www.organisator.ch\\\/operational-excellence\\\/2023-06-19\\\/bechtle-schweiz-ag-erlangt-iso-27001-zertifizierung\\\/\"},\"author\":{\"name\":\"galledia\",\"@id\":\"https:\\\/\\\/www.organisator.ch\\\/#\\\/schema\\\/person\\\/4e51799071cd2dd1232ac003643ef5f0\"},\"headline\":\"Bechtle Schweiz AG erlangt ISO 27001-Zertifizierung\",\"datePublished\":\"2023-06-19T05:55:53+00:00\",\"dateModified\":\"2024-11-15T12:47:04+00:00\",\"mainEntityOfPage\":{\"@id\":\"https:\\\/\\\/www.organisator.ch\\\/operational-excellence\\\/2023-06-19\\\/bechtle-schweiz-ag-erlangt-iso-27001-zertifizierung\\\/\"},\"wordCount\":273,\"publisher\":{\"@id\":\"https:\\\/\\\/www.organisator.ch\\\/#organization\"},\"image\":{\"@id\":\"https:\\\/\\\/www.organisator.ch\\\/operational-excellence\\\/2023-06-19\\\/bechtle-schweiz-ag-erlangt-iso-27001-zertifizierung\\\/#primaryimage\"},\"thumbnailUrl\":\"https:\\\/\\\/www.m-q.ch\\\/wp-content\\\/uploads\\\/2023\\\/06\\\/Bechtle-Schweiz-AG-erlangt-ISO-27001-Zertifizierung_MQ.jpg\",\"articleSection\":[\"OPERATIONAL EXCELLENCE\"],\"inLanguage\":\"en-US\"},{\"@type\":\"WebPage\",\"@id\":\"https:\\\/\\\/www.organisator.ch\\\/operational-excellence\\\/2023-06-19\\\/bechtle-schweiz-ag-erlangt-iso-27001-zertifizierung\\\/\",\"url\":\"https:\\\/\\\/www.organisator.ch\\\/operational-excellence\\\/2023-06-19\\\/bechtle-schweiz-ag-erlangt-iso-27001-zertifizierung\\\/\",\"name\":\"Bechtle Schweiz AG erlangt ISO 27001-Zertifizierung - Organisator\",\"isPartOf\":{\"@id\":\"https:\\\/\\\/www.organisator.ch\\\/#website\"},\"primaryImageOfPage\":{\"@id\":\"https:\\\/\\\/www.organisator.ch\\\/operational-excellence\\\/2023-06-19\\\/bechtle-schweiz-ag-erlangt-iso-27001-zertifizierung\\\/#primaryimage\"},\"image\":{\"@id\":\"https:\\\/\\\/www.organisator.ch\\\/operational-excellence\\\/2023-06-19\\\/bechtle-schweiz-ag-erlangt-iso-27001-zertifizierung\\\/#primaryimage\"},\"thumbnailUrl\":\"https:\\\/\\\/www.m-q.ch\\\/wp-content\\\/uploads\\\/2023\\\/06\\\/Bechtle-Schweiz-AG-erlangt-ISO-27001-Zertifizierung_MQ.jpg\",\"datePublished\":\"2023-06-19T05:55:53+00:00\",\"dateModified\":\"2024-11-15T12:47:04+00:00\",\"description\":\"Bechtle Schweiz erh\u00e4lt ISO\\\/IEC 27001-Zertifizierung f\u00fcr vorbildlichen Datenschutz und hohe Sicherheitsstandards.\",\"breadcrumb\":{\"@id\":\"https:\\\/\\\/www.organisator.ch\\\/operational-excellence\\\/2023-06-19\\\/bechtle-schweiz-ag-erlangt-iso-27001-zertifizierung\\\/#breadcrumb\"},\"inLanguage\":\"en-US\",\"potentialAction\":[{\"@type\":\"ReadAction\",\"target\":[\"https:\\\/\\\/www.organisator.ch\\\/operational-excellence\\\/2023-06-19\\\/bechtle-schweiz-ag-erlangt-iso-27001-zertifizierung\\\/\"]}]},{\"@type\":\"ImageObject\",\"inLanguage\":\"en-US\",\"@id\":\"https:\\\/\\\/www.organisator.ch\\\/operational-excellence\\\/2023-06-19\\\/bechtle-schweiz-ag-erlangt-iso-27001-zertifizierung\\\/#primaryimage\",\"url\":\"https:\\\/\\\/www.m-q.ch\\\/wp-content\\\/uploads\\\/2023\\\/06\\\/Bechtle-Schweiz-AG-erlangt-ISO-27001-Zertifizierung_MQ.jpg\",\"contentUrl\":\"https:\\\/\\\/www.m-q.ch\\\/wp-content\\\/uploads\\\/2023\\\/06\\\/Bechtle-Schweiz-AG-erlangt-ISO-27001-Zertifizierung_MQ.jpg\"},{\"@type\":\"BreadcrumbList\",\"@id\":\"https:\\\/\\\/www.organisator.ch\\\/operational-excellence\\\/2023-06-19\\\/bechtle-schweiz-ag-erlangt-iso-27001-zertifizierung\\\/#breadcrumb\",\"itemListElement\":[{\"@type\":\"ListItem\",\"position\":1,\"name\":\"Home\",\"item\":\"https:\\\/\\\/www.organisator.ch\\\/\"},{\"@type\":\"ListItem\",\"position\":2,\"name\":\"Bechtle Schweiz AG erlangt ISO 27001-Zertifizierung\"}]},{\"@type\":\"WebSite\",\"@id\":\"https:\\\/\\\/www.organisator.ch\\\/#website\",\"url\":\"https:\\\/\\\/www.organisator.ch\\\/\",\"name\":\"Organisator\",\"description\":\"Kompetent. Praxisnah. Der ORGANISATOR bereitet in 10 Ausgaben pro Jahr die wesentlichen Themen f\u00fcr F\u00fchrungskr\u00e4fte von KMU auf.\",\"publisher\":{\"@id\":\"https:\\\/\\\/www.organisator.ch\\\/#organization\"},\"potentialAction\":[{\"@type\":\"SearchAction\",\"target\":{\"@type\":\"EntryPoint\",\"urlTemplate\":\"https:\\\/\\\/www.organisator.ch\\\/?s={search_term_string}\"},\"query-input\":{\"@type\":\"PropertyValueSpecification\",\"valueRequired\":true,\"valueName\":\"search_term_string\"}}],\"inLanguage\":\"en-US\"},{\"@type\":\"Organization\",\"@id\":\"https:\\\/\\\/www.organisator.ch\\\/#organization\",\"name\":\"Organisator\",\"url\":\"https:\\\/\\\/www.organisator.ch\\\/\",\"logo\":{\"@type\":\"ImageObject\",\"inLanguage\":\"en-US\",\"@id\":\"https:\\\/\\\/www.organisator.ch\\\/#\\\/schema\\\/logo\\\/image\\\/\",\"url\":\"https:\\\/\\\/www.organisator.ch\\\/wp-content\\\/uploads\\\/2022\\\/01\\\/Logo_Organisator_Website.png\",\"contentUrl\":\"https:\\\/\\\/www.organisator.ch\\\/wp-content\\\/uploads\\\/2022\\\/01\\\/Logo_Organisator_Website.png\",\"width\":800,\"height\":77,\"caption\":\"Organisator\"},\"image\":{\"@id\":\"https:\\\/\\\/www.organisator.ch\\\/#\\\/schema\\\/logo\\\/image\\\/\"},\"sameAs\":[\"https:\\\/\\\/www.facebook.com\\\/OrganisatorFachmagazin\",\"https:\\\/\\\/www.linkedin.com\\\/showcase\\\/organisator-das-magazin-fr-kmu\",\"https:\\\/\\\/www.xing.com\\\/news\\\/pages\\\/organisator-ch-695\",\"https:\\\/\\\/www.youtube.com\\\/channel\\\/UCGP2Sq0iWaZwT3BdIAQFYpw\"]},{\"@type\":\"Person\",\"@id\":\"https:\\\/\\\/www.organisator.ch\\\/#\\\/schema\\\/person\\\/4e51799071cd2dd1232ac003643ef5f0\",\"name\":\"galledia\",\"image\":{\"@type\":\"ImageObject\",\"inLanguage\":\"en-US\",\"@id\":\"https:\\\/\\\/secure.gravatar.com\\\/avatar\\\/78a7f90c01fc2bfc875782a0d4922b37cde2cf184ce347b91316d23cd7f69a36?s=96&d=mm&r=g\",\"url\":\"https:\\\/\\\/secure.gravatar.com\\\/avatar\\\/78a7f90c01fc2bfc875782a0d4922b37cde2cf184ce347b91316d23cd7f69a36?s=96&d=mm&r=g\",\"contentUrl\":\"https:\\\/\\\/secure.gravatar.com\\\/avatar\\\/78a7f90c01fc2bfc875782a0d4922b37cde2cf184ce347b91316d23cd7f69a36?s=96&d=mm&r=g\",\"caption\":\"galledia\"},\"sameAs\":[\"https:\\\/\\\/x.com\\\/admin\"],\"url\":\"https:\\\/\\\/www.organisator.ch\\\/en\\\/author\\\/galledia\\\/\"}]}<\/script>\n<!-- \/ Yoast SEO plugin. -->","yoast_head_json":{"title":"Bechtle Schweiz AG achieves ISO 27001 certification - Organizer","description":"Bechtle Switzerland receives ISO\/IEC 27001 certification for exemplary data protection and high security standards.","robots":{"index":"index","follow":"follow","max-snippet":"max-snippet:-1","max-image-preview":"max-image-preview:large","max-video-preview":"max-video-preview:-1"},"canonical":"https:\/\/www.organisator.ch\/en\/operational-excellence\/2023-06-19\/bechtle-schweiz-ag-erlangt-iso-27001-zertifizierung\/","og_locale":"en_US","og_type":"article","og_title":"Bechtle Schweiz AG erlangt ISO 27001-Zertifizierung - Organisator","og_description":"Bechtle Schweiz erh\u00e4lt ISO\/IEC 27001-Zertifizierung f\u00fcr vorbildlichen Datenschutz und hohe Sicherheitsstandards.","og_url":"https:\/\/www.organisator.ch\/en\/operational-excellence\/2023-06-19\/bechtle-schweiz-ag-erlangt-iso-27001-zertifizierung\/","og_site_name":"Organisator","article_publisher":"https:\/\/www.facebook.com\/OrganisatorFachmagazin","article_published_time":"2023-06-19T05:55:53+00:00","article_modified_time":"2024-11-15T12:47:04+00:00","author":"galledia","twitter_card":"summary_large_image","twitter_creator":"@admin","schema":{"@context":"https:\/\/schema.org","@graph":[{"@type":"Article","@id":"https:\/\/www.organisator.ch\/operational-excellence\/2023-06-19\/bechtle-schweiz-ag-erlangt-iso-27001-zertifizierung\/#article","isPartOf":{"@id":"https:\/\/www.organisator.ch\/operational-excellence\/2023-06-19\/bechtle-schweiz-ag-erlangt-iso-27001-zertifizierung\/"},"author":{"name":"galledia","@id":"https:\/\/www.organisator.ch\/#\/schema\/person\/4e51799071cd2dd1232ac003643ef5f0"},"headline":"Bechtle Schweiz AG erlangt ISO 27001-Zertifizierung","datePublished":"2023-06-19T05:55:53+00:00","dateModified":"2024-11-15T12:47:04+00:00","mainEntityOfPage":{"@id":"https:\/\/www.organisator.ch\/operational-excellence\/2023-06-19\/bechtle-schweiz-ag-erlangt-iso-27001-zertifizierung\/"},"wordCount":273,"publisher":{"@id":"https:\/\/www.organisator.ch\/#organization"},"image":{"@id":"https:\/\/www.organisator.ch\/operational-excellence\/2023-06-19\/bechtle-schweiz-ag-erlangt-iso-27001-zertifizierung\/#primaryimage"},"thumbnailUrl":"https:\/\/www.m-q.ch\/wp-content\/uploads\/2023\/06\/Bechtle-Schweiz-AG-erlangt-ISO-27001-Zertifizierung_MQ.jpg","articleSection":["OPERATIONAL EXCELLENCE"],"inLanguage":"en-US"},{"@type":"WebPage","@id":"https:\/\/www.organisator.ch\/operational-excellence\/2023-06-19\/bechtle-schweiz-ag-erlangt-iso-27001-zertifizierung\/","url":"https:\/\/www.organisator.ch\/operational-excellence\/2023-06-19\/bechtle-schweiz-ag-erlangt-iso-27001-zertifizierung\/","name":"Bechtle Schweiz AG achieves ISO 27001 certification - Organizer","isPartOf":{"@id":"https:\/\/www.organisator.ch\/#website"},"primaryImageOfPage":{"@id":"https:\/\/www.organisator.ch\/operational-excellence\/2023-06-19\/bechtle-schweiz-ag-erlangt-iso-27001-zertifizierung\/#primaryimage"},"image":{"@id":"https:\/\/www.organisator.ch\/operational-excellence\/2023-06-19\/bechtle-schweiz-ag-erlangt-iso-27001-zertifizierung\/#primaryimage"},"thumbnailUrl":"https:\/\/www.m-q.ch\/wp-content\/uploads\/2023\/06\/Bechtle-Schweiz-AG-erlangt-ISO-27001-Zertifizierung_MQ.jpg","datePublished":"2023-06-19T05:55:53+00:00","dateModified":"2024-11-15T12:47:04+00:00","description":"Bechtle Switzerland receives ISO\/IEC 27001 certification for exemplary data protection and high security standards.","breadcrumb":{"@id":"https:\/\/www.organisator.ch\/operational-excellence\/2023-06-19\/bechtle-schweiz-ag-erlangt-iso-27001-zertifizierung\/#breadcrumb"},"inLanguage":"en-US","potentialAction":[{"@type":"ReadAction","target":["https:\/\/www.organisator.ch\/operational-excellence\/2023-06-19\/bechtle-schweiz-ag-erlangt-iso-27001-zertifizierung\/"]}]},{"@type":"ImageObject","inLanguage":"en-US","@id":"https:\/\/www.organisator.ch\/operational-excellence\/2023-06-19\/bechtle-schweiz-ag-erlangt-iso-27001-zertifizierung\/#primaryimage","url":"https:\/\/www.m-q.ch\/wp-content\/uploads\/2023\/06\/Bechtle-Schweiz-AG-erlangt-ISO-27001-Zertifizierung_MQ.jpg","contentUrl":"https:\/\/www.m-q.ch\/wp-content\/uploads\/2023\/06\/Bechtle-Schweiz-AG-erlangt-ISO-27001-Zertifizierung_MQ.jpg"},{"@type":"BreadcrumbList","@id":"https:\/\/www.organisator.ch\/operational-excellence\/2023-06-19\/bechtle-schweiz-ag-erlangt-iso-27001-zertifizierung\/#breadcrumb","itemListElement":[{"@type":"ListItem","position":1,"name":"Home","item":"https:\/\/www.organisator.ch\/"},{"@type":"ListItem","position":2,"name":"Bechtle Schweiz AG erlangt ISO 27001-Zertifizierung"}]},{"@type":"WebSite","@id":"https:\/\/www.organisator.ch\/#website","url":"https:\/\/www.organisator.ch\/","name":"Organizer","description":"Competent. Practical. In 10 issues per year, ORGANISATOR presents the essential topics for managers of SMEs.","publisher":{"@id":"https:\/\/www.organisator.ch\/#organization"},"potentialAction":[{"@type":"SearchAction","target":{"@type":"EntryPoint","urlTemplate":"https:\/\/www.organisator.ch\/?s={search_term_string}"},"query-input":{"@type":"PropertyValueSpecification","valueRequired":true,"valueName":"search_term_string"}}],"inLanguage":"en-US"},{"@type":"Organization","@id":"https:\/\/www.organisator.ch\/#organization","name":"Organizer","url":"https:\/\/www.organisator.ch\/","logo":{"@type":"ImageObject","inLanguage":"en-US","@id":"https:\/\/www.organisator.ch\/#\/schema\/logo\/image\/","url":"https:\/\/www.organisator.ch\/wp-content\/uploads\/2022\/01\/Logo_Organisator_Website.png","contentUrl":"https:\/\/www.organisator.ch\/wp-content\/uploads\/2022\/01\/Logo_Organisator_Website.png","width":800,"height":77,"caption":"Organisator"},"image":{"@id":"https:\/\/www.organisator.ch\/#\/schema\/logo\/image\/"},"sameAs":["https:\/\/www.facebook.com\/OrganisatorFachmagazin","https:\/\/www.linkedin.com\/showcase\/organisator-das-magazin-fr-kmu","https:\/\/www.xing.com\/news\/pages\/organisator-ch-695","https:\/\/www.youtube.com\/channel\/UCGP2Sq0iWaZwT3BdIAQFYpw"]},{"@type":"Person","@id":"https:\/\/www.organisator.ch\/#\/schema\/person\/4e51799071cd2dd1232ac003643ef5f0","name":"galledia","image":{"@type":"ImageObject","inLanguage":"en-US","@id":"https:\/\/secure.gravatar.com\/avatar\/78a7f90c01fc2bfc875782a0d4922b37cde2cf184ce347b91316d23cd7f69a36?s=96&d=mm&r=g","url":"https:\/\/secure.gravatar.com\/avatar\/78a7f90c01fc2bfc875782a0d4922b37cde2cf184ce347b91316d23cd7f69a36?s=96&d=mm&r=g","contentUrl":"https:\/\/secure.gravatar.com\/avatar\/78a7f90c01fc2bfc875782a0d4922b37cde2cf184ce347b91316d23cd7f69a36?s=96&d=mm&r=g","caption":"galledia"},"sameAs":["https:\/\/x.com\/admin"],"url":"https:\/\/www.organisator.ch\/en\/author\/galledia\/"}]}},"_links":{"self":[{"href":"https:\/\/www.organisator.ch\/en\/wp-json\/wp\/v2\/posts\/20755","targetHints":{"allow":["GET"]}}],"collection":[{"href":"https:\/\/www.organisator.ch\/en\/wp-json\/wp\/v2\/posts"}],"about":[{"href":"https:\/\/www.organisator.ch\/en\/wp-json\/wp\/v2\/types\/post"}],"author":[{"embeddable":true,"href":"https:\/\/www.organisator.ch\/en\/wp-json\/wp\/v2\/users\/8"}],"replies":[{"embeddable":true,"href":"https:\/\/www.organisator.ch\/en\/wp-json\/wp\/v2\/comments?post=20755"}],"version-history":[{"count":3,"href":"https:\/\/www.organisator.ch\/en\/wp-json\/wp\/v2\/posts\/20755\/revisions"}],"predecessor-version":[{"id":33083,"href":"https:\/\/www.organisator.ch\/en\/wp-json\/wp\/v2\/posts\/20755\/revisions\/33083"}],"wp:attachment":[{"href":"https:\/\/www.organisator.ch\/en\/wp-json\/wp\/v2\/media?parent=20755"}],"wp:term":[{"taxonomy":"category","embeddable":true,"href":"https:\/\/www.organisator.ch\/en\/wp-json\/wp\/v2\/categories?post=20755"},{"taxonomy":"post_tag","embeddable":true,"href":"https:\/\/www.organisator.ch\/en\/wp-json\/wp\/v2\/tags?post=20755"}],"curies":[{"name":"wp","href":"https:\/\/api.w.org\/{rel}","templated":true}]}}