{"id":20869,"date":"2023-06-28T01:17:34","date_gmt":"2023-06-27T23:17:34","guid":{"rendered":"https:\/\/www.organisator.ch\/?p=20869"},"modified":"2023-07-24T17:18:45","modified_gmt":"2023-07-24T15:18:45","slug":"haben-sie-zu-viele-entschuldigungen","status":"publish","type":"post","link":"https:\/\/www.organisator.ch\/en\/management\/2023-06-28\/haben-sie-zu-viele-entschuldigungen\/","title":{"rendered":"Do you have too many excuses?"},"content":{"rendered":"<figure id=\"attachment_20870\" aria-describedby=\"caption-attachment-20870\" style=\"width: 680px\" class=\"wp-caption alignnone\"><img loading=\"lazy\" decoding=\"async\" class=\"size-full wp-image-20870\" src=\"https:\/\/www.organisator.ch\/wp-content\/uploads\/2023\/06\/Haben-Sie-zu-viele-Entschuldigungen_Organisator.jpg\" alt=\"\" width=\"680\" height=\"510\" srcset=\"https:\/\/www.organisator.ch\/wp-content\/uploads\/2023\/06\/Haben-Sie-zu-viele-Entschuldigungen_Organisator.jpg 680w, https:\/\/www.organisator.ch\/wp-content\/uploads\/2023\/06\/Haben-Sie-zu-viele-Entschuldigungen_Organisator-16x12.jpg 16w, https:\/\/www.organisator.ch\/wp-content\/uploads\/2023\/06\/Haben-Sie-zu-viele-Entschuldigungen_Organisator-375x281.jpg 375w, https:\/\/www.organisator.ch\/wp-content\/uploads\/2023\/06\/Haben-Sie-zu-viele-Entschuldigungen_Organisator-467x350.jpg 467w\" sizes=\"auto, (max-width: 680px) 100vw, 680px\" \/><figcaption id=\"caption-attachment-20870\" class=\"wp-caption-text\">Results instead of excuses: A success impulse against frequent excuses. (Image: Pixabay.com)<\/figcaption><\/figure>\n<p>I hear too often even from top managers why they supposedly can't implement change. But we forget one thing: we are all incredibly powerful. In the vast majority of cases, we are not victims, but shapers of circumstances and our behavior.<\/p>\n<p>Of course there are different (also \"unfair\") starting positions in life. But from there on we have it in our hands - as long as we don't make excuses. We can almost always determine our decisions and actions - and in any case always our reaction. What does this have to do with leadership and team success? A lot! Because you can only move things forward with your team if people focus their energy on design instead of excuses. To do this, of course, we first have to recognize where excuses instead of creative will appear everywhere. Here are three typical areas of excuses that are preventing you and your team from greater success:<\/p>\n<h3><strong>Excuse No. 1: \"I can't because ...<\/strong><strong>\u201e<\/strong><\/h3>\n<p>You hear this statement in all sorts of variations. Typically, other people, other departments, tools, regulations and so on are to blame.<\/p>\n<p>I've seen it time and time again: those who achieve significantly more than average, even in difficult circumstances, ask themselves a different question: \"What can I do now from where I am, with what I have?\"<\/p>\n<p>Something is always possible. We talk ourselves into most of the barriers. And these apparent obstacles then become a habit.<\/p>\n<h3><strong>Excuse #2: \"That's not how it works here.\"<\/strong><\/h3>\n<p>This excuse is also widespread. Mostly, this statement comes unspoken. One makes it clear to oneself and to others that things have to run according to a very specific pattern. My question then is always, \"Really? Who is saying that? And why?\"<\/p>\n<p>Because all of these are simply determinations that can be changed again. A good helpful question for this is, \"What happens if I do it now?\" Many rules and habits are worth breaking or at least putting to the test if things are not going well otherwise.<\/p>\n<h3><strong>Excuse #3: \"I'm not like that!\"<\/strong><\/h3>\n<p>This is the classic that prevents us from moving forward the most: \"I'm just like this\" is nothing more than an excuse to myself that I don't have to do anything right now. This is usually a deeply ingrained habit.<\/p>\n<p>Because: Who determines what I am like? Others or me? Sure: You yourself determine how you are. No one else. This fact makes it unpleasant for many. Because now I have full responsibility for myself - with all the downsides.<\/p>\n<p>Important: I can change my beliefs about myself at any time if I want to. This is usually not easy - but always possible.<\/p>\n<p><strong>Conclusion: <\/strong>If you manage to expose these three typical excuses as such in yourself and your team, you can take a big step forward.<\/p>\n<p>&nbsp;<\/p>\n<p><i><strong>To the author:<\/strong><br \/>\n<\/i><em>Volkmar V\u00f6lzke is a success maximizer. Book author. Consultant. Coach. Speaker.\u00a0<a href=\"http:\/\/www.volkmarvoelzke.ch\/\">www.volkmarvoelzke.ch<\/a><\/em><\/p>","protected":false},"excerpt":{"rendered":"<p>People have different starting positions in life. But they have it in their own hands to get the best out of it and implement changes - if they didn't keep making excuses for it...<\/p>","protected":false},"author":4,"featured_media":20870,"comment_status":"closed","ping_status":"closed","sticky":false,"template":"","format":"standard","meta":{"_acf_changed":false,"_yoast_wpseo_focuskw":"Entschuldigungen","_yoast_wpseo_metadesc":"Menschen haben es selbst in der Hand, Ver\u00e4nderungen umzusetzen - wenn sie daf\u00fcr nicht immer wieder Entschuldigungen vorschieben w\u00fcrden...","articlekey":"","footnotes":""},"categories":[28],"tags":[177,335,429],"class_list":["post-20869","post","type-post","status-publish","format-standard","has-post-thumbnail","hentry","category-management","tag-erfolgs-impuls","tag-management-und-unternehmensfuehrung","tag-selbstmanagement"],"acf":[],"yoast_head":"<!-- This site is optimized with the Yoast SEO plugin v27.5 - https:\/\/yoast.com\/product\/yoast-seo-wordpress\/ -->\n<title>Haben Sie zu viele Entschuldigungen? - Organisator<\/title>\n<meta name=\"description\" content=\"Menschen haben es selbst in der Hand, Ver\u00e4nderungen umzusetzen - wenn sie daf\u00fcr nicht immer wieder Entschuldigungen vorschieben w\u00fcrden...\" \/>\n<meta name=\"robots\" content=\"index, follow, max-snippet:-1, max-image-preview:large, max-video-preview:-1\" \/>\n<link rel=\"canonical\" href=\"https:\/\/www.organisator.ch\/en\/management\/2023-06-28\/haben-sie-zu-viele-entschuldigungen\/\" \/>\n<meta property=\"og:locale\" content=\"en_US\" \/>\n<meta property=\"og:type\" content=\"article\" \/>\n<meta property=\"og:title\" content=\"Haben Sie zu viele Entschuldigungen?\" \/>\n<meta property=\"og:description\" content=\"Menschen haben es selbst in der Hand, Ver\u00e4nderungen umzusetzen - wenn sie daf\u00fcr nicht immer wieder Entschuldigungen vorschieben w\u00fcrden...\" \/>\n<meta property=\"og:url\" content=\"https:\/\/www.organisator.ch\/en\/management\/2023-06-28\/haben-sie-zu-viele-entschuldigungen\/\" \/>\n<meta property=\"og:site_name\" content=\"Organisator\" \/>\n<meta property=\"article:publisher\" content=\"https:\/\/www.facebook.com\/OrganisatorFachmagazin\" \/>\n<meta property=\"article:published_time\" content=\"2023-06-27T23:17:34+00:00\" \/>\n<meta property=\"article:modified_time\" content=\"2023-07-24T15:18:45+00:00\" \/>\n<meta property=\"og:image\" content=\"https:\/\/www.organisator.ch\/wp-content\/uploads\/2023\/06\/Haben-Sie-zu-viele-Entschuldigungen_Organisator.jpg\" \/>\n\t<meta property=\"og:image:width\" content=\"680\" \/>\n\t<meta property=\"og:image:height\" content=\"510\" \/>\n\t<meta property=\"og:image:type\" content=\"image\/jpeg\" \/>\n<meta name=\"author\" content=\"thomas.berner\" \/>\n<meta name=\"twitter:card\" content=\"summary_large_image\" \/>\n<meta name=\"twitter:title\" content=\"Haben Sie zu viele #Entschuldigungen?\" \/>\n<meta name=\"twitter:description\" content=\"#Menschen haben es selbst in der Hand, #Ver\u00e4nderungen umzusetzen - wenn sie daf\u00fcr nicht immer wieder #Entschuldigungen vorschieben w\u00fcrden...\" \/>\n<meta name=\"twitter:image\" content=\"https:\/\/www.organisator.ch\/wp-content\/uploads\/2023\/06\/Haben-Sie-zu-viele-Entschuldigungen_Organisator.jpg\" \/>\n<script type=\"application\/ld+json\" class=\"yoast-schema-graph\">{\"@context\":\"https:\\\/\\\/schema.org\",\"@graph\":[{\"@type\":\"Article\",\"@id\":\"https:\\\/\\\/www.organisator.ch\\\/management\\\/2023-06-28\\\/haben-sie-zu-viele-entschuldigungen\\\/#article\",\"isPartOf\":{\"@id\":\"https:\\\/\\\/www.organisator.ch\\\/management\\\/2023-06-28\\\/haben-sie-zu-viele-entschuldigungen\\\/\"},\"author\":{\"name\":\"thomas.berner\",\"@id\":\"https:\\\/\\\/www.organisator.ch\\\/#\\\/schema\\\/person\\\/6f650f90b2842cd4c0cc334b4e36f67e\"},\"headline\":\"Haben Sie zu viele Entschuldigungen?\",\"datePublished\":\"2023-06-27T23:17:34+00:00\",\"dateModified\":\"2023-07-24T15:18:45+00:00\",\"mainEntityOfPage\":{\"@id\":\"https:\\\/\\\/www.organisator.ch\\\/management\\\/2023-06-28\\\/haben-sie-zu-viele-entschuldigungen\\\/\"},\"wordCount\":503,\"publisher\":{\"@id\":\"https:\\\/\\\/www.organisator.ch\\\/#organization\"},\"image\":{\"@id\":\"https:\\\/\\\/www.organisator.ch\\\/management\\\/2023-06-28\\\/haben-sie-zu-viele-entschuldigungen\\\/#primaryimage\"},\"thumbnailUrl\":\"https:\\\/\\\/www.organisator.ch\\\/wp-content\\\/uploads\\\/2023\\\/06\\\/Haben-Sie-zu-viele-Entschuldigungen_Organisator.jpg\",\"keywords\":[\"Erfolgs-Impuls\",\"Management und Unternehmensf\u00fchrung\",\"Selbstmanagement\"],\"articleSection\":[\"MANAGEMENT\"],\"inLanguage\":\"en-US\"},{\"@type\":\"WebPage\",\"@id\":\"https:\\\/\\\/www.organisator.ch\\\/management\\\/2023-06-28\\\/haben-sie-zu-viele-entschuldigungen\\\/\",\"url\":\"https:\\\/\\\/www.organisator.ch\\\/management\\\/2023-06-28\\\/haben-sie-zu-viele-entschuldigungen\\\/\",\"name\":\"Haben Sie zu viele Entschuldigungen? - Organisator\",\"isPartOf\":{\"@id\":\"https:\\\/\\\/www.organisator.ch\\\/#website\"},\"primaryImageOfPage\":{\"@id\":\"https:\\\/\\\/www.organisator.ch\\\/management\\\/2023-06-28\\\/haben-sie-zu-viele-entschuldigungen\\\/#primaryimage\"},\"image\":{\"@id\":\"https:\\\/\\\/www.organisator.ch\\\/management\\\/2023-06-28\\\/haben-sie-zu-viele-entschuldigungen\\\/#primaryimage\"},\"thumbnailUrl\":\"https:\\\/\\\/www.organisator.ch\\\/wp-content\\\/uploads\\\/2023\\\/06\\\/Haben-Sie-zu-viele-Entschuldigungen_Organisator.jpg\",\"datePublished\":\"2023-06-27T23:17:34+00:00\",\"dateModified\":\"2023-07-24T15:18:45+00:00\",\"description\":\"Menschen haben es selbst in der Hand, Ver\u00e4nderungen umzusetzen - wenn sie daf\u00fcr nicht immer wieder Entschuldigungen vorschieben w\u00fcrden...\",\"breadcrumb\":{\"@id\":\"https:\\\/\\\/www.organisator.ch\\\/management\\\/2023-06-28\\\/haben-sie-zu-viele-entschuldigungen\\\/#breadcrumb\"},\"inLanguage\":\"en-US\",\"potentialAction\":[{\"@type\":\"ReadAction\",\"target\":[\"https:\\\/\\\/www.organisator.ch\\\/management\\\/2023-06-28\\\/haben-sie-zu-viele-entschuldigungen\\\/\"]}]},{\"@type\":\"ImageObject\",\"inLanguage\":\"en-US\",\"@id\":\"https:\\\/\\\/www.organisator.ch\\\/management\\\/2023-06-28\\\/haben-sie-zu-viele-entschuldigungen\\\/#primaryimage\",\"url\":\"https:\\\/\\\/www.organisator.ch\\\/wp-content\\\/uploads\\\/2023\\\/06\\\/Haben-Sie-zu-viele-Entschuldigungen_Organisator.jpg\",\"contentUrl\":\"https:\\\/\\\/www.organisator.ch\\\/wp-content\\\/uploads\\\/2023\\\/06\\\/Haben-Sie-zu-viele-Entschuldigungen_Organisator.jpg\",\"width\":680,\"height\":510,\"caption\":\"Resultate statt Entschuldigungen: Ein Erfolgs-Impuls gegen h\u00e4ufige Ausreden. (Bild: Pixabay.com)\"},{\"@type\":\"BreadcrumbList\",\"@id\":\"https:\\\/\\\/www.organisator.ch\\\/management\\\/2023-06-28\\\/haben-sie-zu-viele-entschuldigungen\\\/#breadcrumb\",\"itemListElement\":[{\"@type\":\"ListItem\",\"position\":1,\"name\":\"Home\",\"item\":\"https:\\\/\\\/www.organisator.ch\\\/\"},{\"@type\":\"ListItem\",\"position\":2,\"name\":\"Haben Sie zu viele Entschuldigungen?\"}]},{\"@type\":\"WebSite\",\"@id\":\"https:\\\/\\\/www.organisator.ch\\\/#website\",\"url\":\"https:\\\/\\\/www.organisator.ch\\\/\",\"name\":\"Organisator\",\"description\":\"Kompetent. Praxisnah. Der ORGANISATOR bereitet in 10 Ausgaben pro Jahr die wesentlichen Themen f\u00fcr F\u00fchrungskr\u00e4fte von KMU auf.\",\"publisher\":{\"@id\":\"https:\\\/\\\/www.organisator.ch\\\/#organization\"},\"potentialAction\":[{\"@type\":\"SearchAction\",\"target\":{\"@type\":\"EntryPoint\",\"urlTemplate\":\"https:\\\/\\\/www.organisator.ch\\\/?s={search_term_string}\"},\"query-input\":{\"@type\":\"PropertyValueSpecification\",\"valueRequired\":true,\"valueName\":\"search_term_string\"}}],\"inLanguage\":\"en-US\"},{\"@type\":\"Organization\",\"@id\":\"https:\\\/\\\/www.organisator.ch\\\/#organization\",\"name\":\"Organisator\",\"url\":\"https:\\\/\\\/www.organisator.ch\\\/\",\"logo\":{\"@type\":\"ImageObject\",\"inLanguage\":\"en-US\",\"@id\":\"https:\\\/\\\/www.organisator.ch\\\/#\\\/schema\\\/logo\\\/image\\\/\",\"url\":\"https:\\\/\\\/www.organisator.ch\\\/wp-content\\\/uploads\\\/2022\\\/01\\\/Logo_Organisator_Website.png\",\"contentUrl\":\"https:\\\/\\\/www.organisator.ch\\\/wp-content\\\/uploads\\\/2022\\\/01\\\/Logo_Organisator_Website.png\",\"width\":800,\"height\":77,\"caption\":\"Organisator\"},\"image\":{\"@id\":\"https:\\\/\\\/www.organisator.ch\\\/#\\\/schema\\\/logo\\\/image\\\/\"},\"sameAs\":[\"https:\\\/\\\/www.facebook.com\\\/OrganisatorFachmagazin\",\"https:\\\/\\\/www.linkedin.com\\\/showcase\\\/organisator-das-magazin-fr-kmu\",\"https:\\\/\\\/www.xing.com\\\/news\\\/pages\\\/organisator-ch-695\",\"https:\\\/\\\/www.youtube.com\\\/channel\\\/UCGP2Sq0iWaZwT3BdIAQFYpw\"]},{\"@type\":\"Person\",\"@id\":\"https:\\\/\\\/www.organisator.ch\\\/#\\\/schema\\\/person\\\/6f650f90b2842cd4c0cc334b4e36f67e\",\"name\":\"thomas.berner\",\"image\":{\"@type\":\"ImageObject\",\"inLanguage\":\"en-US\",\"@id\":\"https:\\\/\\\/secure.gravatar.com\\\/avatar\\\/ac5001d2a36cb6c6cd3e50789007ffca834b477b74a2144564522e944eabff61?s=96&d=mm&r=g\",\"url\":\"https:\\\/\\\/secure.gravatar.com\\\/avatar\\\/ac5001d2a36cb6c6cd3e50789007ffca834b477b74a2144564522e944eabff61?s=96&d=mm&r=g\",\"contentUrl\":\"https:\\\/\\\/secure.gravatar.com\\\/avatar\\\/ac5001d2a36cb6c6cd3e50789007ffca834b477b74a2144564522e944eabff61?s=96&d=mm&r=g\",\"caption\":\"thomas.berner\"},\"url\":\"https:\\\/\\\/www.organisator.ch\\\/en\\\/author\\\/thomas-berner\\\/\"}]}<\/script>\n<!-- \/ Yoast SEO plugin. -->","yoast_head_json":{"title":"Do you have too many excuses? - Organizer","description":"People have it in their own hands to implement changes - if they wouldn't always make excuses for it...","robots":{"index":"index","follow":"follow","max-snippet":"max-snippet:-1","max-image-preview":"max-image-preview:large","max-video-preview":"max-video-preview:-1"},"canonical":"https:\/\/www.organisator.ch\/en\/management\/2023-06-28\/haben-sie-zu-viele-entschuldigungen\/","og_locale":"en_US","og_type":"article","og_title":"Haben Sie zu viele Entschuldigungen?","og_description":"Menschen haben es selbst in der Hand, Ver\u00e4nderungen umzusetzen - wenn sie daf\u00fcr nicht immer wieder Entschuldigungen vorschieben w\u00fcrden...","og_url":"https:\/\/www.organisator.ch\/en\/management\/2023-06-28\/haben-sie-zu-viele-entschuldigungen\/","og_site_name":"Organisator","article_publisher":"https:\/\/www.facebook.com\/OrganisatorFachmagazin","article_published_time":"2023-06-27T23:17:34+00:00","article_modified_time":"2023-07-24T15:18:45+00:00","og_image":[{"width":680,"height":510,"url":"https:\/\/www.organisator.ch\/wp-content\/uploads\/2023\/06\/Haben-Sie-zu-viele-Entschuldigungen_Organisator.jpg","type":"image\/jpeg"}],"author":"thomas.berner","twitter_card":"summary_large_image","twitter_title":"Haben Sie zu viele #Entschuldigungen?","twitter_description":"#Menschen haben es selbst in der Hand, #Ver\u00e4nderungen umzusetzen - wenn sie daf\u00fcr nicht immer wieder #Entschuldigungen vorschieben w\u00fcrden...","twitter_image":"https:\/\/www.organisator.ch\/wp-content\/uploads\/2023\/06\/Haben-Sie-zu-viele-Entschuldigungen_Organisator.jpg","schema":{"@context":"https:\/\/schema.org","@graph":[{"@type":"Article","@id":"https:\/\/www.organisator.ch\/management\/2023-06-28\/haben-sie-zu-viele-entschuldigungen\/#article","isPartOf":{"@id":"https:\/\/www.organisator.ch\/management\/2023-06-28\/haben-sie-zu-viele-entschuldigungen\/"},"author":{"name":"thomas.berner","@id":"https:\/\/www.organisator.ch\/#\/schema\/person\/6f650f90b2842cd4c0cc334b4e36f67e"},"headline":"Haben Sie zu viele Entschuldigungen?","datePublished":"2023-06-27T23:17:34+00:00","dateModified":"2023-07-24T15:18:45+00:00","mainEntityOfPage":{"@id":"https:\/\/www.organisator.ch\/management\/2023-06-28\/haben-sie-zu-viele-entschuldigungen\/"},"wordCount":503,"publisher":{"@id":"https:\/\/www.organisator.ch\/#organization"},"image":{"@id":"https:\/\/www.organisator.ch\/management\/2023-06-28\/haben-sie-zu-viele-entschuldigungen\/#primaryimage"},"thumbnailUrl":"https:\/\/www.organisator.ch\/wp-content\/uploads\/2023\/06\/Haben-Sie-zu-viele-Entschuldigungen_Organisator.jpg","keywords":["Erfolgs-Impuls","Management und Unternehmensf\u00fchrung","Selbstmanagement"],"articleSection":["MANAGEMENT"],"inLanguage":"en-US"},{"@type":"WebPage","@id":"https:\/\/www.organisator.ch\/management\/2023-06-28\/haben-sie-zu-viele-entschuldigungen\/","url":"https:\/\/www.organisator.ch\/management\/2023-06-28\/haben-sie-zu-viele-entschuldigungen\/","name":"Do you have too many excuses? - Organizer","isPartOf":{"@id":"https:\/\/www.organisator.ch\/#website"},"primaryImageOfPage":{"@id":"https:\/\/www.organisator.ch\/management\/2023-06-28\/haben-sie-zu-viele-entschuldigungen\/#primaryimage"},"image":{"@id":"https:\/\/www.organisator.ch\/management\/2023-06-28\/haben-sie-zu-viele-entschuldigungen\/#primaryimage"},"thumbnailUrl":"https:\/\/www.organisator.ch\/wp-content\/uploads\/2023\/06\/Haben-Sie-zu-viele-Entschuldigungen_Organisator.jpg","datePublished":"2023-06-27T23:17:34+00:00","dateModified":"2023-07-24T15:18:45+00:00","description":"People have it in their own hands to implement changes - if they wouldn't always make excuses for it...","breadcrumb":{"@id":"https:\/\/www.organisator.ch\/management\/2023-06-28\/haben-sie-zu-viele-entschuldigungen\/#breadcrumb"},"inLanguage":"en-US","potentialAction":[{"@type":"ReadAction","target":["https:\/\/www.organisator.ch\/management\/2023-06-28\/haben-sie-zu-viele-entschuldigungen\/"]}]},{"@type":"ImageObject","inLanguage":"en-US","@id":"https:\/\/www.organisator.ch\/management\/2023-06-28\/haben-sie-zu-viele-entschuldigungen\/#primaryimage","url":"https:\/\/www.organisator.ch\/wp-content\/uploads\/2023\/06\/Haben-Sie-zu-viele-Entschuldigungen_Organisator.jpg","contentUrl":"https:\/\/www.organisator.ch\/wp-content\/uploads\/2023\/06\/Haben-Sie-zu-viele-Entschuldigungen_Organisator.jpg","width":680,"height":510,"caption":"Resultate statt Entschuldigungen: Ein Erfolgs-Impuls gegen h\u00e4ufige Ausreden. (Bild: Pixabay.com)"},{"@type":"BreadcrumbList","@id":"https:\/\/www.organisator.ch\/management\/2023-06-28\/haben-sie-zu-viele-entschuldigungen\/#breadcrumb","itemListElement":[{"@type":"ListItem","position":1,"name":"Home","item":"https:\/\/www.organisator.ch\/"},{"@type":"ListItem","position":2,"name":"Haben Sie zu viele Entschuldigungen?"}]},{"@type":"WebSite","@id":"https:\/\/www.organisator.ch\/#website","url":"https:\/\/www.organisator.ch\/","name":"Organizer","description":"Competent. Practical. In 10 issues per year, ORGANISATOR presents the essential topics for managers of SMEs.","publisher":{"@id":"https:\/\/www.organisator.ch\/#organization"},"potentialAction":[{"@type":"SearchAction","target":{"@type":"EntryPoint","urlTemplate":"https:\/\/www.organisator.ch\/?s={search_term_string}"},"query-input":{"@type":"PropertyValueSpecification","valueRequired":true,"valueName":"search_term_string"}}],"inLanguage":"en-US"},{"@type":"Organization","@id":"https:\/\/www.organisator.ch\/#organization","name":"Organizer","url":"https:\/\/www.organisator.ch\/","logo":{"@type":"ImageObject","inLanguage":"en-US","@id":"https:\/\/www.organisator.ch\/#\/schema\/logo\/image\/","url":"https:\/\/www.organisator.ch\/wp-content\/uploads\/2022\/01\/Logo_Organisator_Website.png","contentUrl":"https:\/\/www.organisator.ch\/wp-content\/uploads\/2022\/01\/Logo_Organisator_Website.png","width":800,"height":77,"caption":"Organisator"},"image":{"@id":"https:\/\/www.organisator.ch\/#\/schema\/logo\/image\/"},"sameAs":["https:\/\/www.facebook.com\/OrganisatorFachmagazin","https:\/\/www.linkedin.com\/showcase\/organisator-das-magazin-fr-kmu","https:\/\/www.xing.com\/news\/pages\/organisator-ch-695","https:\/\/www.youtube.com\/channel\/UCGP2Sq0iWaZwT3BdIAQFYpw"]},{"@type":"Person","@id":"https:\/\/www.organisator.ch\/#\/schema\/person\/6f650f90b2842cd4c0cc334b4e36f67e","name":"thomas.berner","image":{"@type":"ImageObject","inLanguage":"en-US","@id":"https:\/\/secure.gravatar.com\/avatar\/ac5001d2a36cb6c6cd3e50789007ffca834b477b74a2144564522e944eabff61?s=96&d=mm&r=g","url":"https:\/\/secure.gravatar.com\/avatar\/ac5001d2a36cb6c6cd3e50789007ffca834b477b74a2144564522e944eabff61?s=96&d=mm&r=g","contentUrl":"https:\/\/secure.gravatar.com\/avatar\/ac5001d2a36cb6c6cd3e50789007ffca834b477b74a2144564522e944eabff61?s=96&d=mm&r=g","caption":"thomas.berner"},"url":"https:\/\/www.organisator.ch\/en\/author\/thomas-berner\/"}]}},"_links":{"self":[{"href":"https:\/\/www.organisator.ch\/en\/wp-json\/wp\/v2\/posts\/20869","targetHints":{"allow":["GET"]}}],"collection":[{"href":"https:\/\/www.organisator.ch\/en\/wp-json\/wp\/v2\/posts"}],"about":[{"href":"https:\/\/www.organisator.ch\/en\/wp-json\/wp\/v2\/types\/post"}],"author":[{"embeddable":true,"href":"https:\/\/www.organisator.ch\/en\/wp-json\/wp\/v2\/users\/4"}],"replies":[{"embeddable":true,"href":"https:\/\/www.organisator.ch\/en\/wp-json\/wp\/v2\/comments?post=20869"}],"version-history":[{"count":1,"href":"https:\/\/www.organisator.ch\/en\/wp-json\/wp\/v2\/posts\/20869\/revisions"}],"predecessor-version":[{"id":20871,"href":"https:\/\/www.organisator.ch\/en\/wp-json\/wp\/v2\/posts\/20869\/revisions\/20871"}],"wp:featuredmedia":[{"embeddable":true,"href":"https:\/\/www.organisator.ch\/en\/wp-json\/wp\/v2\/media\/20870"}],"wp:attachment":[{"href":"https:\/\/www.organisator.ch\/en\/wp-json\/wp\/v2\/media?parent=20869"}],"wp:term":[{"taxonomy":"category","embeddable":true,"href":"https:\/\/www.organisator.ch\/en\/wp-json\/wp\/v2\/categories?post=20869"},{"taxonomy":"post_tag","embeddable":true,"href":"https:\/\/www.organisator.ch\/en\/wp-json\/wp\/v2\/tags?post=20869"}],"curies":[{"name":"wp","href":"https:\/\/api.w.org\/{rel}","templated":true}]}}