{"id":20897,"date":"2023-06-30T07:34:53","date_gmt":"2023-06-30T05:34:53","guid":{"rendered":"https:\/\/www.organisator.ch\/?p=20897"},"modified":"2023-07-04T13:42:56","modified_gmt":"2023-07-04T11:42:56","slug":"kmu-tag-2023-kmu-und-momentum-was-unternehmertum-ausmacht","status":"publish","type":"post","link":"https:\/\/www.organisator.ch\/en\/management\/2023-06-30\/kmu-tag-2023-kmu-und-momentum-was-unternehmertum-ausmacht\/","title":{"rendered":"SME Day 2023: SMEs and Momentum - what entrepreneurship is all about"},"content":{"rendered":"<figure id=\"attachment_20898\" aria-describedby=\"caption-attachment-20898\" style=\"width: 680px\" class=\"wp-caption alignnone\"><img loading=\"lazy\" decoding=\"async\" class=\"size-full wp-image-20898\" src=\"https:\/\/www.organisator.ch\/wp-content\/uploads\/2023\/06\/KMU-Tag-2023-KMU-und-Momentum---was-Unternehmertum-ausmacht_Organisator.jpg\" alt=\"\" width=\"680\" height=\"422\" srcset=\"\" sizes=\"auto, (max-width: 680px) 100vw, 680px\" data-srcset=\"\" \/><figcaption id=\"caption-attachment-20898\" class=\"wp-caption-text\">They will speak and discuss at the Swiss SME Day 2023: (above from left to right): Thomas Zurbuchen, Nicole B\u00fcttner, Tanja Zimmermann-Burgerstein, Til Zollinger, Tobias Wolf, Philomena Schwab, Bernhard Ehrenzeller, Katharina Lehmkuhl, Bernhard Heusler, Pascal Bieri, Claudio Minder, Arthur H. Honegger (moderator) and Melusine Bliesener. (Photo pd)<\/figcaption><\/figure>\n<p>Once a year, St.Gallen becomes the meeting place for Swiss SMEs - this year for the twentieth time. The Swiss SME Day 2023 will once again focus on the current challenges for small and medium-sized enterprises (SMEs).<\/p>\n<h3><strong>Artificial Intelligence, Leadership, Pitches, SME Talk and NASA<\/strong><\/h3>\n<p>After the introduction to this year's SME Day by host Tobias Wolf, Bernhard Ehrenzeller, Rector of the HSG, welcomes the participants - because the HSG is also celebrating an anniversary, it was founded 125 years ago. Afterwards, entrepreneur Nicole B\u00fcttner starts with her presentation on \"Artificial Intelligence (AI) in SMEs - a classification\", followed by Bernhard Heusler, former president of FC Basel and sought-after consultant, with \"The decisive momentum leadership\". After lunch, startup entrepreneurs (Philomena Schwab, Pascal Bieri, Melusine Bliesener, and Katharina Lehmkuhl) will inspire with their business models in the now well-established \"Inspiration Session\". The \"Duo Lapsus\" will be responsible for the interludes at this year's SME Day, followed immediately by the new format \"SME Talk\" with Claudio Minder, Tanja Zimmermann-Burgerstein and Til Zollinger. And last but not least, we will learn more about \"What can SMEs learn from NASA?\" from Thomas Zurbuchen, the long-time head of research at Nasa.<\/p>\n<h3><strong>Swiss SMEs exchange ideas<\/strong><\/h3>\n<p>The Swiss SME Day is a sought-after platform for the exchange of entrepreneurs and executives from Swiss SMEs. Patronage for the Swiss SME Day has been assumed by important institutions: The Swiss Trade Association (SGV), economiesuisse, the St.Gallen-Appenzell Chamber of Industry and Commerce, and the Cantonal Trade Association of St.Gallen. The event is supported by a number of co-sponsors and long-standing main sponsors to whom SME concerns are very important: Abacus, Helvetia, OBT, Raiffeisen and Swisscom, as well as numerous SMEs from the industrial and service sectors.<\/p>\n<p>The Swiss SME Day is organized by the Swiss Institute for SMEs and Entrepreneurship at the University of St.Gallen (KMU-HSG) and the agency alea iacta ag. Registration for the conference is now open via <a href=\"https:\/\/www.registration-kmu-tag.ch\/2023\">https:\/\/www.registration-kmu-tag.ch\/2023<\/a> possible.<\/p>\n<h3><strong>Swiss SME Day 2023 in brief<\/strong><\/h3>\n<table>\n<tbody>\n<tr>\n<td width=\"133\">Subject:<\/td>\n<td width=\"533\">SMEs and Momentum - what entrepreneurship is all about<\/td>\n<\/tr>\n<tr>\n<td width=\"133\">Date:<\/td>\n<td width=\"533\">Friday, October 27, 2023, 9:45 a.m. to 5 p.m. (workshops starting at 9 a.m.)<\/td>\n<\/tr>\n<tr>\n<td width=\"133\">Location:<\/td>\n<td width=\"533\">Olma Hall 9, St.Gallen<\/td>\n<\/tr>\n<tr>\n<td width=\"133\">Speaker(s):<\/td>\n<td width=\"533\">Tobias Wolf, Bernhard Ehrenzeller, Nicole B\u00fcttner, Bernhard Heusler, Thomas Zurbuchen, Claudio Minder, Tanja Zimmermann-Burgerstein, Til Zollinger, plus the startup personalities Philomena Schwab, Pascal Bieri, Melusine Bliesener and Katharina Lehmkuhl, as well as Arthur H. Honegger (moderator).<\/td>\n<\/tr>\n<tr>\n<td width=\"133\">Cost:<\/p>\n<p>&nbsp;<\/td>\n<td width=\"533\">CHF 450, CHF 400 for members of the Cantonal Trade Association St.Gallen and the Chamber of Commerce St.Gallen-Appenzell, CHF 350 for members of the F\u00f6rderVerein KMU-HSG<\/td>\n<\/tr>\n<\/tbody>\n<\/table>","protected":false},"excerpt":{"rendered":"<p>On October 27, 2023, the 20th Swiss SME Day will focus on the topic of \"SMEs and Momentum - what makes entrepreneurship tick\". The program will focus on inspiring and exciting speakers and will also feature new formats such as the \"SME Talk\". The event will be moderated by 10vor10 presenter Arthur H. Honegger.<\/p>","protected":false},"author":4,"featured_media":20898,"comment_status":"closed","ping_status":"closed","sticky":false,"template":"","format":"standard","meta":{"_acf_changed":false,"_yoast_wpseo_focuskw":"KMU-Tag 2023","_yoast_wpseo_metadesc":"Am 27. Oktober geht es am Schweizer KMU-Tag 2023 um das Thema \u00abKMU und Momentum \u2013 was Unternehmertum ausmacht\u00bb.","articlekey":"","footnotes":""},"categories":[28],"tags":[193,305,335],"class_list":["post-20897","post","type-post","status-publish","format-standard","has-post-thumbnail","hentry","category-management","tag-fachkongressfachmesse","tag-kmu-tag","tag-management-und-unternehmensfuehrung"],"acf":[],"yoast_head":"<!-- This site is optimized with the Yoast SEO plugin v27.5 - https:\/\/yoast.com\/product\/yoast-seo-wordpress\/ -->\n<title>KMU-Tag 2023: KMU und Momentum \u2013 was Unternehmertum ausmacht - Organisator<\/title>\n<meta name=\"description\" content=\"Am 27. Oktober geht es am Schweizer KMU-Tag 2023 um das Thema \u00abKMU und Momentum \u2013 was Unternehmertum ausmacht\u00bb.\" \/>\n<meta name=\"robots\" content=\"index, follow, max-snippet:-1, max-image-preview:large, max-video-preview:-1\" \/>\n<link rel=\"canonical\" href=\"https:\/\/www.organisator.ch\/en\/management\/2023-06-30\/kmu-tag-2023-kmu-und-momentum-was-unternehmertum-ausmacht\/\" \/>\n<meta property=\"og:locale\" content=\"en_US\" \/>\n<meta property=\"og:type\" content=\"article\" \/>\n<meta property=\"og:title\" content=\"KMU-Tag 2023: KMU und Momentum \u2013 was Unternehmertum ausmacht\" \/>\n<meta property=\"og:description\" content=\"Am 27. Oktober geht es am Schweizer KMU-Tag 2023 um das Thema \u00abKMU und Momentum \u2013 was Unternehmertum ausmacht\u00bb.\" \/>\n<meta property=\"og:url\" content=\"https:\/\/www.organisator.ch\/en\/management\/2023-06-30\/kmu-tag-2023-kmu-und-momentum-was-unternehmertum-ausmacht\/\" \/>\n<meta property=\"og:site_name\" content=\"Organisator\" \/>\n<meta property=\"article:publisher\" content=\"https:\/\/www.facebook.com\/OrganisatorFachmagazin\" \/>\n<meta property=\"article:published_time\" content=\"2023-06-30T05:34:53+00:00\" \/>\n<meta property=\"article:modified_time\" content=\"2023-07-04T11:42:56+00:00\" \/>\n<meta property=\"og:image\" content=\"https:\/\/www.organisator.ch\/wp-content\/uploads\/2023\/06\/KMU-Tag-2023-KMU-und-Momentum-\u2013-was-Unternehmertum-ausmacht_Organisator.jpg\" \/>\n\t<meta property=\"og:image:width\" content=\"680\" \/>\n\t<meta property=\"og:image:height\" content=\"422\" \/>\n\t<meta property=\"og:image:type\" content=\"image\/jpeg\" \/>\n<meta name=\"author\" content=\"thomas.berner\" \/>\n<meta name=\"twitter:card\" content=\"summary_large_image\" \/>\n<meta name=\"twitter:title\" content=\"#KMU-Tag 2023: KMU und Momentum \u2013 was #Unternehmertum ausmacht\" \/>\n<meta name=\"twitter:description\" content=\"Am 27. Oktober geht es am Schweizer #KMU-Tag 2023 um das Thema \u00abKMU und Momentum \u2013 was #Unternehmertum ausmacht\u00bb.\" \/>\n<meta name=\"twitter:image\" content=\"https:\/\/www.organisator.ch\/wp-content\/uploads\/2023\/06\/KMU-Tag-2023-KMU-und-Momentum-\u2013-was-Unternehmertum-ausmacht_Organisator.jpg\" \/>\n<script type=\"application\/ld+json\" class=\"yoast-schema-graph\">{\"@context\":\"https:\\\/\\\/schema.org\",\"@graph\":[{\"@type\":\"Article\",\"@id\":\"https:\\\/\\\/www.organisator.ch\\\/management\\\/2023-06-30\\\/kmu-tag-2023-kmu-und-momentum-was-unternehmertum-ausmacht\\\/#article\",\"isPartOf\":{\"@id\":\"https:\\\/\\\/www.organisator.ch\\\/management\\\/2023-06-30\\\/kmu-tag-2023-kmu-und-momentum-was-unternehmertum-ausmacht\\\/\"},\"author\":{\"name\":\"thomas.berner\",\"@id\":\"https:\\\/\\\/www.organisator.ch\\\/#\\\/schema\\\/person\\\/6f650f90b2842cd4c0cc334b4e36f67e\"},\"headline\":\"KMU-Tag 2023: KMU und Momentum \u2013 was Unternehmertum ausmacht\",\"datePublished\":\"2023-06-30T05:34:53+00:00\",\"dateModified\":\"2023-07-04T11:42:56+00:00\",\"mainEntityOfPage\":{\"@id\":\"https:\\\/\\\/www.organisator.ch\\\/management\\\/2023-06-30\\\/kmu-tag-2023-kmu-und-momentum-was-unternehmertum-ausmacht\\\/\"},\"wordCount\":471,\"publisher\":{\"@id\":\"https:\\\/\\\/www.organisator.ch\\\/#organization\"},\"image\":{\"@id\":\"https:\\\/\\\/www.organisator.ch\\\/management\\\/2023-06-30\\\/kmu-tag-2023-kmu-und-momentum-was-unternehmertum-ausmacht\\\/#primaryimage\"},\"thumbnailUrl\":\"https:\\\/\\\/www.organisator.ch\\\/wp-content\\\/uploads\\\/2023\\\/06\\\/KMU-Tag-2023-KMU-und-Momentum-\u2013-was-Unternehmertum-ausmacht_Organisator.jpg\",\"keywords\":[\"Fachkongress\\\/Fachmesse\",\"KMU-Tag\",\"Management und Unternehmensf\u00fchrung\"],\"articleSection\":[\"MANAGEMENT\"],\"inLanguage\":\"en-US\"},{\"@type\":\"WebPage\",\"@id\":\"https:\\\/\\\/www.organisator.ch\\\/management\\\/2023-06-30\\\/kmu-tag-2023-kmu-und-momentum-was-unternehmertum-ausmacht\\\/\",\"url\":\"https:\\\/\\\/www.organisator.ch\\\/management\\\/2023-06-30\\\/kmu-tag-2023-kmu-und-momentum-was-unternehmertum-ausmacht\\\/\",\"name\":\"KMU-Tag 2023: KMU und Momentum \u2013 was Unternehmertum ausmacht - Organisator\",\"isPartOf\":{\"@id\":\"https:\\\/\\\/www.organisator.ch\\\/#website\"},\"primaryImageOfPage\":{\"@id\":\"https:\\\/\\\/www.organisator.ch\\\/management\\\/2023-06-30\\\/kmu-tag-2023-kmu-und-momentum-was-unternehmertum-ausmacht\\\/#primaryimage\"},\"image\":{\"@id\":\"https:\\\/\\\/www.organisator.ch\\\/management\\\/2023-06-30\\\/kmu-tag-2023-kmu-und-momentum-was-unternehmertum-ausmacht\\\/#primaryimage\"},\"thumbnailUrl\":\"https:\\\/\\\/www.organisator.ch\\\/wp-content\\\/uploads\\\/2023\\\/06\\\/KMU-Tag-2023-KMU-und-Momentum-\u2013-was-Unternehmertum-ausmacht_Organisator.jpg\",\"datePublished\":\"2023-06-30T05:34:53+00:00\",\"dateModified\":\"2023-07-04T11:42:56+00:00\",\"description\":\"Am 27. Oktober geht es am Schweizer KMU-Tag 2023 um das Thema \u00abKMU und Momentum \u2013 was Unternehmertum ausmacht\u00bb.\",\"breadcrumb\":{\"@id\":\"https:\\\/\\\/www.organisator.ch\\\/management\\\/2023-06-30\\\/kmu-tag-2023-kmu-und-momentum-was-unternehmertum-ausmacht\\\/#breadcrumb\"},\"inLanguage\":\"en-US\",\"potentialAction\":[{\"@type\":\"ReadAction\",\"target\":[\"https:\\\/\\\/www.organisator.ch\\\/management\\\/2023-06-30\\\/kmu-tag-2023-kmu-und-momentum-was-unternehmertum-ausmacht\\\/\"]}]},{\"@type\":\"ImageObject\",\"inLanguage\":\"en-US\",\"@id\":\"https:\\\/\\\/www.organisator.ch\\\/management\\\/2023-06-30\\\/kmu-tag-2023-kmu-und-momentum-was-unternehmertum-ausmacht\\\/#primaryimage\",\"url\":\"https:\\\/\\\/www.organisator.ch\\\/wp-content\\\/uploads\\\/2023\\\/06\\\/KMU-Tag-2023-KMU-und-Momentum-\u2013-was-Unternehmertum-ausmacht_Organisator.jpg\",\"contentUrl\":\"https:\\\/\\\/www.organisator.ch\\\/wp-content\\\/uploads\\\/2023\\\/06\\\/KMU-Tag-2023-KMU-und-Momentum-\u2013-was-Unternehmertum-ausmacht_Organisator.jpg\",\"width\":680,\"height\":422,\"caption\":\"Sie referieren und diskutieren am Schweizer KMU-Tag 2023: (oben von links nach rechts): Thomas Zurbuchen, Nicole B\u00fcttner, Tanja Zimmermann-Burgerstein, Til Zollinger, Tobias Wolf, Philomena Schwab, Bernhard Ehrenzeller, Katharina Lehmkuhl, Bernhard Heusler, Pascal Bieri, Claudio Minder, Arthur H. Honegger (Moderation) und Melusine Bliesener. (Foto pd)\"},{\"@type\":\"BreadcrumbList\",\"@id\":\"https:\\\/\\\/www.organisator.ch\\\/management\\\/2023-06-30\\\/kmu-tag-2023-kmu-und-momentum-was-unternehmertum-ausmacht\\\/#breadcrumb\",\"itemListElement\":[{\"@type\":\"ListItem\",\"position\":1,\"name\":\"Home\",\"item\":\"https:\\\/\\\/www.organisator.ch\\\/\"},{\"@type\":\"ListItem\",\"position\":2,\"name\":\"KMU-Tag 2023: KMU und Momentum \u2013 was Unternehmertum ausmacht\"}]},{\"@type\":\"WebSite\",\"@id\":\"https:\\\/\\\/www.organisator.ch\\\/#website\",\"url\":\"https:\\\/\\\/www.organisator.ch\\\/\",\"name\":\"Organisator\",\"description\":\"Kompetent. Praxisnah. Der ORGANISATOR bereitet in 10 Ausgaben pro Jahr die wesentlichen Themen f\u00fcr F\u00fchrungskr\u00e4fte von KMU auf.\",\"publisher\":{\"@id\":\"https:\\\/\\\/www.organisator.ch\\\/#organization\"},\"potentialAction\":[{\"@type\":\"SearchAction\",\"target\":{\"@type\":\"EntryPoint\",\"urlTemplate\":\"https:\\\/\\\/www.organisator.ch\\\/?s={search_term_string}\"},\"query-input\":{\"@type\":\"PropertyValueSpecification\",\"valueRequired\":true,\"valueName\":\"search_term_string\"}}],\"inLanguage\":\"en-US\"},{\"@type\":\"Organization\",\"@id\":\"https:\\\/\\\/www.organisator.ch\\\/#organization\",\"name\":\"Organisator\",\"url\":\"https:\\\/\\\/www.organisator.ch\\\/\",\"logo\":{\"@type\":\"ImageObject\",\"inLanguage\":\"en-US\",\"@id\":\"https:\\\/\\\/www.organisator.ch\\\/#\\\/schema\\\/logo\\\/image\\\/\",\"url\":\"https:\\\/\\\/www.organisator.ch\\\/wp-content\\\/uploads\\\/2022\\\/01\\\/Logo_Organisator_Website.png\",\"contentUrl\":\"https:\\\/\\\/www.organisator.ch\\\/wp-content\\\/uploads\\\/2022\\\/01\\\/Logo_Organisator_Website.png\",\"width\":800,\"height\":77,\"caption\":\"Organisator\"},\"image\":{\"@id\":\"https:\\\/\\\/www.organisator.ch\\\/#\\\/schema\\\/logo\\\/image\\\/\"},\"sameAs\":[\"https:\\\/\\\/www.facebook.com\\\/OrganisatorFachmagazin\",\"https:\\\/\\\/www.linkedin.com\\\/showcase\\\/organisator-das-magazin-fr-kmu\",\"https:\\\/\\\/www.xing.com\\\/news\\\/pages\\\/organisator-ch-695\",\"https:\\\/\\\/www.youtube.com\\\/channel\\\/UCGP2Sq0iWaZwT3BdIAQFYpw\"]},{\"@type\":\"Person\",\"@id\":\"https:\\\/\\\/www.organisator.ch\\\/#\\\/schema\\\/person\\\/6f650f90b2842cd4c0cc334b4e36f67e\",\"name\":\"thomas.berner\",\"image\":{\"@type\":\"ImageObject\",\"inLanguage\":\"en-US\",\"@id\":\"https:\\\/\\\/secure.gravatar.com\\\/avatar\\\/ac5001d2a36cb6c6cd3e50789007ffca834b477b74a2144564522e944eabff61?s=96&d=mm&r=g\",\"url\":\"https:\\\/\\\/secure.gravatar.com\\\/avatar\\\/ac5001d2a36cb6c6cd3e50789007ffca834b477b74a2144564522e944eabff61?s=96&d=mm&r=g\",\"contentUrl\":\"https:\\\/\\\/secure.gravatar.com\\\/avatar\\\/ac5001d2a36cb6c6cd3e50789007ffca834b477b74a2144564522e944eabff61?s=96&d=mm&r=g\",\"caption\":\"thomas.berner\"},\"url\":\"https:\\\/\\\/www.organisator.ch\\\/en\\\/author\\\/thomas-berner\\\/\"}]}<\/script>\n<!-- \/ Yoast SEO plugin. -->","yoast_head_json":{"title":"SME Day 2023: SMEs and Momentum - what entrepreneurship is all about - Organizer","description":"On October 27, the theme of Swiss SME Day 2023 will be \"SMEs and Momentum - what makes entrepreneurship tick\".","robots":{"index":"index","follow":"follow","max-snippet":"max-snippet:-1","max-image-preview":"max-image-preview:large","max-video-preview":"max-video-preview:-1"},"canonical":"https:\/\/www.organisator.ch\/en\/management\/2023-06-30\/kmu-tag-2023-kmu-und-momentum-was-unternehmertum-ausmacht\/","og_locale":"en_US","og_type":"article","og_title":"KMU-Tag 2023: KMU und Momentum \u2013 was Unternehmertum ausmacht","og_description":"Am 27. Oktober geht es am Schweizer KMU-Tag 2023 um das Thema \u00abKMU und Momentum \u2013 was Unternehmertum ausmacht\u00bb.","og_url":"https:\/\/www.organisator.ch\/en\/management\/2023-06-30\/kmu-tag-2023-kmu-und-momentum-was-unternehmertum-ausmacht\/","og_site_name":"Organisator","article_publisher":"https:\/\/www.facebook.com\/OrganisatorFachmagazin","article_published_time":"2023-06-30T05:34:53+00:00","article_modified_time":"2023-07-04T11:42:56+00:00","og_image":[{"width":680,"height":422,"url":"https:\/\/www.organisator.ch\/wp-content\/uploads\/2023\/06\/KMU-Tag-2023-KMU-und-Momentum-\u2013-was-Unternehmertum-ausmacht_Organisator.jpg","type":"image\/jpeg"}],"author":"thomas.berner","twitter_card":"summary_large_image","twitter_title":"#KMU-Tag 2023: KMU und Momentum \u2013 was #Unternehmertum ausmacht","twitter_description":"Am 27. Oktober geht es am Schweizer #KMU-Tag 2023 um das Thema \u00abKMU und Momentum \u2013 was #Unternehmertum ausmacht\u00bb.","twitter_image":"https:\/\/www.organisator.ch\/wp-content\/uploads\/2023\/06\/KMU-Tag-2023-KMU-und-Momentum-\u2013-was-Unternehmertum-ausmacht_Organisator.jpg","schema":{"@context":"https:\/\/schema.org","@graph":[{"@type":"Article","@id":"https:\/\/www.organisator.ch\/management\/2023-06-30\/kmu-tag-2023-kmu-und-momentum-was-unternehmertum-ausmacht\/#article","isPartOf":{"@id":"https:\/\/www.organisator.ch\/management\/2023-06-30\/kmu-tag-2023-kmu-und-momentum-was-unternehmertum-ausmacht\/"},"author":{"name":"thomas.berner","@id":"https:\/\/www.organisator.ch\/#\/schema\/person\/6f650f90b2842cd4c0cc334b4e36f67e"},"headline":"KMU-Tag 2023: KMU und Momentum \u2013 was Unternehmertum ausmacht","datePublished":"2023-06-30T05:34:53+00:00","dateModified":"2023-07-04T11:42:56+00:00","mainEntityOfPage":{"@id":"https:\/\/www.organisator.ch\/management\/2023-06-30\/kmu-tag-2023-kmu-und-momentum-was-unternehmertum-ausmacht\/"},"wordCount":471,"publisher":{"@id":"https:\/\/www.organisator.ch\/#organization"},"image":{"@id":"https:\/\/www.organisator.ch\/management\/2023-06-30\/kmu-tag-2023-kmu-und-momentum-was-unternehmertum-ausmacht\/#primaryimage"},"thumbnailUrl":"https:\/\/www.organisator.ch\/wp-content\/uploads\/2023\/06\/KMU-Tag-2023-KMU-und-Momentum-\u2013-was-Unternehmertum-ausmacht_Organisator.jpg","keywords":["Fachkongress\/Fachmesse","KMU-Tag","Management und Unternehmensf\u00fchrung"],"articleSection":["MANAGEMENT"],"inLanguage":"en-US"},{"@type":"WebPage","@id":"https:\/\/www.organisator.ch\/management\/2023-06-30\/kmu-tag-2023-kmu-und-momentum-was-unternehmertum-ausmacht\/","url":"https:\/\/www.organisator.ch\/management\/2023-06-30\/kmu-tag-2023-kmu-und-momentum-was-unternehmertum-ausmacht\/","name":"SME Day 2023: SMEs and Momentum - what entrepreneurship is all about - Organizer","isPartOf":{"@id":"https:\/\/www.organisator.ch\/#website"},"primaryImageOfPage":{"@id":"https:\/\/www.organisator.ch\/management\/2023-06-30\/kmu-tag-2023-kmu-und-momentum-was-unternehmertum-ausmacht\/#primaryimage"},"image":{"@id":"https:\/\/www.organisator.ch\/management\/2023-06-30\/kmu-tag-2023-kmu-und-momentum-was-unternehmertum-ausmacht\/#primaryimage"},"thumbnailUrl":"https:\/\/www.organisator.ch\/wp-content\/uploads\/2023\/06\/KMU-Tag-2023-KMU-und-Momentum-\u2013-was-Unternehmertum-ausmacht_Organisator.jpg","datePublished":"2023-06-30T05:34:53+00:00","dateModified":"2023-07-04T11:42:56+00:00","description":"On October 27, the theme of Swiss SME Day 2023 will be \"SMEs and Momentum - what makes entrepreneurship tick\".","breadcrumb":{"@id":"https:\/\/www.organisator.ch\/management\/2023-06-30\/kmu-tag-2023-kmu-und-momentum-was-unternehmertum-ausmacht\/#breadcrumb"},"inLanguage":"en-US","potentialAction":[{"@type":"ReadAction","target":["https:\/\/www.organisator.ch\/management\/2023-06-30\/kmu-tag-2023-kmu-und-momentum-was-unternehmertum-ausmacht\/"]}]},{"@type":"ImageObject","inLanguage":"en-US","@id":"https:\/\/www.organisator.ch\/management\/2023-06-30\/kmu-tag-2023-kmu-und-momentum-was-unternehmertum-ausmacht\/#primaryimage","url":"https:\/\/www.organisator.ch\/wp-content\/uploads\/2023\/06\/KMU-Tag-2023-KMU-und-Momentum-\u2013-was-Unternehmertum-ausmacht_Organisator.jpg","contentUrl":"https:\/\/www.organisator.ch\/wp-content\/uploads\/2023\/06\/KMU-Tag-2023-KMU-und-Momentum-\u2013-was-Unternehmertum-ausmacht_Organisator.jpg","width":680,"height":422,"caption":"Sie referieren und diskutieren am Schweizer KMU-Tag 2023: (oben von links nach rechts): Thomas Zurbuchen, Nicole B\u00fcttner, Tanja Zimmermann-Burgerstein, Til Zollinger, Tobias Wolf, Philomena Schwab, Bernhard Ehrenzeller, Katharina Lehmkuhl, Bernhard Heusler, Pascal Bieri, Claudio Minder, Arthur H. Honegger (Moderation) und Melusine Bliesener. (Foto pd)"},{"@type":"BreadcrumbList","@id":"https:\/\/www.organisator.ch\/management\/2023-06-30\/kmu-tag-2023-kmu-und-momentum-was-unternehmertum-ausmacht\/#breadcrumb","itemListElement":[{"@type":"ListItem","position":1,"name":"Home","item":"https:\/\/www.organisator.ch\/"},{"@type":"ListItem","position":2,"name":"KMU-Tag 2023: KMU und Momentum \u2013 was Unternehmertum ausmacht"}]},{"@type":"WebSite","@id":"https:\/\/www.organisator.ch\/#website","url":"https:\/\/www.organisator.ch\/","name":"Organizer","description":"Competent. Practical. In 10 issues per year, ORGANISATOR presents the essential topics for managers of SMEs.","publisher":{"@id":"https:\/\/www.organisator.ch\/#organization"},"potentialAction":[{"@type":"SearchAction","target":{"@type":"EntryPoint","urlTemplate":"https:\/\/www.organisator.ch\/?s={search_term_string}"},"query-input":{"@type":"PropertyValueSpecification","valueRequired":true,"valueName":"search_term_string"}}],"inLanguage":"en-US"},{"@type":"Organization","@id":"https:\/\/www.organisator.ch\/#organization","name":"Organizer","url":"https:\/\/www.organisator.ch\/","logo":{"@type":"ImageObject","inLanguage":"en-US","@id":"https:\/\/www.organisator.ch\/#\/schema\/logo\/image\/","url":"https:\/\/www.organisator.ch\/wp-content\/uploads\/2022\/01\/Logo_Organisator_Website.png","contentUrl":"https:\/\/www.organisator.ch\/wp-content\/uploads\/2022\/01\/Logo_Organisator_Website.png","width":800,"height":77,"caption":"Organisator"},"image":{"@id":"https:\/\/www.organisator.ch\/#\/schema\/logo\/image\/"},"sameAs":["https:\/\/www.facebook.com\/OrganisatorFachmagazin","https:\/\/www.linkedin.com\/showcase\/organisator-das-magazin-fr-kmu","https:\/\/www.xing.com\/news\/pages\/organisator-ch-695","https:\/\/www.youtube.com\/channel\/UCGP2Sq0iWaZwT3BdIAQFYpw"]},{"@type":"Person","@id":"https:\/\/www.organisator.ch\/#\/schema\/person\/6f650f90b2842cd4c0cc334b4e36f67e","name":"thomas.berner","image":{"@type":"ImageObject","inLanguage":"en-US","@id":"https:\/\/secure.gravatar.com\/avatar\/ac5001d2a36cb6c6cd3e50789007ffca834b477b74a2144564522e944eabff61?s=96&d=mm&r=g","url":"https:\/\/secure.gravatar.com\/avatar\/ac5001d2a36cb6c6cd3e50789007ffca834b477b74a2144564522e944eabff61?s=96&d=mm&r=g","contentUrl":"https:\/\/secure.gravatar.com\/avatar\/ac5001d2a36cb6c6cd3e50789007ffca834b477b74a2144564522e944eabff61?s=96&d=mm&r=g","caption":"thomas.berner"},"url":"https:\/\/www.organisator.ch\/en\/author\/thomas-berner\/"}]}},"_links":{"self":[{"href":"https:\/\/www.organisator.ch\/en\/wp-json\/wp\/v2\/posts\/20897","targetHints":{"allow":["GET"]}}],"collection":[{"href":"https:\/\/www.organisator.ch\/en\/wp-json\/wp\/v2\/posts"}],"about":[{"href":"https:\/\/www.organisator.ch\/en\/wp-json\/wp\/v2\/types\/post"}],"author":[{"embeddable":true,"href":"https:\/\/www.organisator.ch\/en\/wp-json\/wp\/v2\/users\/4"}],"replies":[{"embeddable":true,"href":"https:\/\/www.organisator.ch\/en\/wp-json\/wp\/v2\/comments?post=20897"}],"version-history":[{"count":1,"href":"https:\/\/www.organisator.ch\/en\/wp-json\/wp\/v2\/posts\/20897\/revisions"}],"predecessor-version":[{"id":20899,"href":"https:\/\/www.organisator.ch\/en\/wp-json\/wp\/v2\/posts\/20897\/revisions\/20899"}],"wp:featuredmedia":[{"embeddable":true,"href":"https:\/\/www.organisator.ch\/en\/wp-json\/wp\/v2\/media\/20898"}],"wp:attachment":[{"href":"https:\/\/www.organisator.ch\/en\/wp-json\/wp\/v2\/media?parent=20897"}],"wp:term":[{"taxonomy":"category","embeddable":true,"href":"https:\/\/www.organisator.ch\/en\/wp-json\/wp\/v2\/categories?post=20897"},{"taxonomy":"post_tag","embeddable":true,"href":"https:\/\/www.organisator.ch\/en\/wp-json\/wp\/v2\/tags?post=20897"}],"curies":[{"name":"wp","href":"https:\/\/api.w.org\/{rel}","templated":true}]}}