{"id":2091,"date":"2019-04-03T18:55:30","date_gmt":"2019-04-03T16:55:30","guid":{"rendered":"https:\/\/www.umweltperspektiven.ch\/?p=2091"},"modified":"2022-02-09T11:10:53","modified_gmt":"2022-02-09T10:10:53","slug":"svut-unterstuetzt-umwelttechnik-messe","status":"publish","type":"post","link":"https:\/\/www.organisator.ch\/en\/sustainability\/2019-04-03\/svut-unterstuetzt-umwelttechnik-messe\/","title":{"rendered":"SVUT supports environmental technology fair"},"content":{"rendered":"<figure id=\"attachment_2092\" aria-describedby=\"caption-attachment-2092\" style=\"width: 680px\" class=\"wp-caption alignnone\"><img loading=\"lazy\" decoding=\"async\" class=\"size-medium wp-image-2092\" src=\"\/\/www.umweltperspektiven.ch\/wp-content\/uploads\/2019\/04\/SVUT-MUT-UP_Umwelt-Perspektiven.jpg\" alt=\"\" width=\"680\" height=\"453\" \/><figcaption id=\"caption-attachment-2092\" class=\"wp-caption-text\">The new environmental technology trade show will receive support at the SVUT association level in 2019. (Symbol image: unsplash)<\/figcaption><\/figure>\n<p>The SVUT supports all its members who participate in the <a href=\"\/\/www.mut-umwelttechnik.ch\/de-CH\/ueber-die-mut\/ausstellung.aspx\">MUT<\/a> would like to register as an exhibitor (by paying 500.- CHF of their exhibition costs to Messe Basel on their behalf, see also <a href=\"\/\/www.mut-umwelttechnik.ch\/de-CH\/ueber-die-mut\/ausstellung.aspx\">End of text<\/a>). The exhibition area in Hall 1 will be used to present products and service offerings and will be designed as an overall superstructure with system stands.<\/p>\n<p>The latest products and services on the main topics of operational environmental protection and environmental management, water and wastewater treatment, waste management, air pollution control, as well as energy and energy efficiency will meet a professional trade audience from industry, commerce and the public sector at this year's environmental trade fair.<\/p>\n<p><strong>SVUT in the co-organization<\/strong><\/p>\n<p>The lectures are realized and organized in close cooperation with the industry associations such as SVUT. Current topics from the industry will be covered on all 4 days. Self-contained modules of 2 to 3 hours duration and 4 to 6 presentations on the topics: Microplastics in wastewater, Separate collection - ensuring separation, Impact of climate change on infrastructure planning, New materials and materials - new environmental risks.<\/p>\n<p><strong>Swiss joint stands at international environmental trade fairs in partnership with SVUT<\/strong><\/p>\n<p>Swiss Pavilions are organized at international trade fairs worldwide to support the export activities of Swiss SMEs. Participation in the Swiss Pavilion allows your company to explore international markets without having to make major preparations for the trade fair.<\/p>\n<p>The Swiss joint stand attracts the attention of trade fair visitors worldwide with its traditional presentation and, thanks to good and continuous cooperation with the trade fair organizers, is always placed in an optimal location.<\/p>\n<p>Benefit from the Pavilion organizer's many years of experience in trade fair preparation and ensure a professional service and an efficient presence at international trade fairs by participating in the Swiss joint stand. The organizer takes over all administrative tasks from trade fair registration and hotel reservations to stand construction, stand design, transport administration or stand catering and thus offers you a ready-made infrastructure that facilitates the work of your employees and colleagues, who can only focus on the individual support of customers and potential buyers on site.<\/p>\n<p>The Swiss joint stand attracts the attention of trade fair visitors worldwide with its traditional presentation and, thanks to good and continuous cooperation with the trade fair organizers, is always placed in an optimal location.<\/p>\n<p>&nbsp;<\/p>\n<p><strong>Fair list 2019:<\/strong><\/p>\n<p><em>- IE expo, Shanghai (IFAT China) April 15 - 17, 2019<\/em><\/p>\n<p><em>- WaterCongress, Santiago May 15 - 17, 2019<\/em><\/p>\n<p><em>- WasteTech, Moscow June 4 - 6, 2019<\/em><\/p>\n<p><em>- ThaiWater, Pumps &amp; Valves tba<br \/>\n<\/em><\/p>\n<p><em>\u00a0 Asean Sustainable Energy, Bangkok June 5 - 8, 2019\u00a0\u00a0\u00a0\u00a0\u00a0\u00a0\u00a0\u00a0\u00a0\u00a0\u00a0<\/em><\/p>\n<p><em>- IFAT Africa, Johannesburg July 09 - 11, 2019<\/em><\/p>\n<p><em>- RWM, Birmingham September 11 - 12, 2019<\/em><\/p>\n<p><em>- MUT Environmental Technology Fair, Basel September 24 - 27, 2019<\/em><\/p>\n<p><em>- IFAT India, Mumbai October 16 - 18, 2019<\/em><\/p>\n<p><em>- WETEX, Dubai October 21 - 23, 2019<\/em><\/p>\n<p><em>- Eco Expo Asia, Hong Kong October 30 - November 2, 2019<\/em><\/p>\n<p><em>- WACEE, Accra November 6 - 8, 2019<\/em><\/p>\n<p><em>- Aquatech, Amsterdam November 5 - 8, 2019<\/em><\/p>\n<p><em>- Waste Expo Brasil, Sao Paulo November 12 - 14, 2019<\/em><\/p>\n<p><em>- World Future Energy Summit, Abu Dhabi January 13 - 18, 2020<\/em><\/p>\n<p><em>- Asiawater, Kuala Lumpur March 28 - 30, 2020<\/em><\/p>\n<p><em>- IFAT, Munich May 4 - 8, 2020<\/em><\/p>\n<p>&nbsp;<\/p>\n<p>As a SVUT member you benefit from a discount of up to 850.- CHF. You can find more information on the Internet at:<\/p>\n<p><a href=\"\/\/www.s-ge.com\/de\/swiss-pavilion\">www.s-ge.com\/de\/swiss-pavilion<\/a> or under <a href=\"\/\/www.swissenviro.ch\">www.swissenviro.ch<\/a><\/p>\n<p>&nbsp;<\/p>","protected":false},"excerpt":{"rendered":"<p>Der SVUT unterst\u00fctzt alle seine Mitglieder, welche sich an der MUT als Aussteller anmelden m\u00f6chten (indem er 500.- CHF ihrer Messekosten an die Messe Basel f\u00fcr sie \u00fcbernimmt, siehe auch Textende). Der Ausstellungsbereich in der Halle 1 dient der Pr\u00e4sentation von Produkten und Serviceangeboten und wird als Gesamt\u00fcberbauung mit Systemst\u00e4nden konzipiert. Neueste Produkte und Dienstleistungen [&hellip;]<\/p>\n","protected":false},"author":5,"featured_media":9597,"comment_status":"open","ping_status":"open","sticky":false,"template":"","format":"standard","meta":{"_acf_changed":false,"_yoast_wpseo_focuskw":"SVUT","_yoast_wpseo_metadesc":"SVUT ist offizieller Partner der Umwelttechnikmesse MUT, welche vom 24. bis 27. September 2019 parallel zur ILMAC in Basel ihre Tore \u00f6ffnen wird.","articlekey":"","footnotes":""},"categories":[580],"tags":[1692,2385,2443],"class_list":["post-2091","post","type-post","status-publish","format-standard","has-post-thumbnail","hentry","category-sustainability","tag-messefoerderung","tag-umwelttechnologie","tag-verein"],"acf":[],"yoast_head":"<!-- This site is optimized with the Yoast SEO plugin v27.5 - https:\/\/yoast.com\/product\/yoast-seo-wordpress\/ -->\n<title>SVUT unterst\u00fctzt Umwelttechnik-Messe - Organisator<\/title>\n<meta name=\"description\" content=\"SVUT ist offizieller Partner der Umwelttechnikmesse MUT, welche vom 24. bis 27. September 2019 parallel zur ILMAC in Basel ihre Tore \u00f6ffnen wird.\" \/>\n<meta name=\"robots\" content=\"index, follow, max-snippet:-1, max-image-preview:large, max-video-preview:-1\" \/>\n<link rel=\"canonical\" href=\"https:\/\/www.organisator.ch\/en\/sustainability\/2019-04-03\/svut-unterstuetzt-umwelttechnik-messe\/\" \/>\n<meta property=\"og:locale\" content=\"en_US\" \/>\n<meta property=\"og:type\" content=\"article\" \/>\n<meta property=\"og:title\" content=\"SVUT unterst\u00fctzt Umwelttechnik-Messe - Organisator\" \/>\n<meta property=\"og:description\" content=\"SVUT ist offizieller Partner der Umwelttechnikmesse MUT, welche vom 24. bis 27. September 2019 parallel zur ILMAC in Basel ihre Tore \u00f6ffnen wird.\" \/>\n<meta property=\"og:url\" content=\"https:\/\/www.organisator.ch\/en\/sustainability\/2019-04-03\/svut-unterstuetzt-umwelttechnik-messe\/\" \/>\n<meta property=\"og:site_name\" content=\"Organisator\" \/>\n<meta property=\"article:publisher\" content=\"https:\/\/www.facebook.com\/OrganisatorFachmagazin\" \/>\n<meta property=\"article:published_time\" content=\"2019-04-03T16:55:30+00:00\" \/>\n<meta property=\"article:modified_time\" content=\"2022-02-09T10:10:53+00:00\" \/>\n<meta property=\"og:image\" content=\"https:\/\/www.organisator.ch\/wp-content\/uploads\/2019\/04\/SVUT-MUT-UP_Umwelt-Perspektiven-scaled.jpg\" \/>\n\t<meta property=\"og:image:width\" content=\"2560\" \/>\n\t<meta property=\"og:image:height\" content=\"1707\" \/>\n\t<meta property=\"og:image:type\" content=\"image\/jpeg\" \/>\n<meta name=\"author\" content=\"michael.merz\" \/>\n<meta name=\"twitter:card\" content=\"summary_large_image\" \/>\n<script type=\"application\/ld+json\" class=\"yoast-schema-graph\">{\"@context\":\"https:\\\/\\\/schema.org\",\"@graph\":[{\"@type\":\"Article\",\"@id\":\"https:\\\/\\\/www.organisator.ch\\\/sustainability\\\/2019-04-03\\\/svut-unterstuetzt-umwelttechnik-messe\\\/#article\",\"isPartOf\":{\"@id\":\"https:\\\/\\\/www.organisator.ch\\\/sustainability\\\/2019-04-03\\\/svut-unterstuetzt-umwelttechnik-messe\\\/\"},\"author\":{\"name\":\"michael.merz\",\"@id\":\"https:\\\/\\\/www.organisator.ch\\\/#\\\/schema\\\/person\\\/134708ca9321c57b0362cceb7948ffbd\"},\"headline\":\"SVUT unterst\u00fctzt Umwelttechnik-Messe\",\"datePublished\":\"2019-04-03T16:55:30+00:00\",\"dateModified\":\"2022-02-09T10:10:53+00:00\",\"mainEntityOfPage\":{\"@id\":\"https:\\\/\\\/www.organisator.ch\\\/sustainability\\\/2019-04-03\\\/svut-unterstuetzt-umwelttechnik-messe\\\/\"},\"wordCount\":517,\"commentCount\":0,\"publisher\":{\"@id\":\"https:\\\/\\\/www.organisator.ch\\\/#organization\"},\"image\":{\"@id\":\"https:\\\/\\\/www.organisator.ch\\\/sustainability\\\/2019-04-03\\\/svut-unterstuetzt-umwelttechnik-messe\\\/#primaryimage\"},\"thumbnailUrl\":\"https:\\\/\\\/www.organisator.ch\\\/wp-content\\\/uploads\\\/2019\\\/04\\\/SVUT-MUT-UP_Umwelt-Perspektiven-scaled.jpg\",\"keywords\":[\"Messef\u00f6rderung\",\"Umwelttechnologie\",\"Verein\"],\"articleSection\":[\"SUSTAINABILITY\"],\"inLanguage\":\"en-US\"},{\"@type\":\"WebPage\",\"@id\":\"https:\\\/\\\/www.organisator.ch\\\/sustainability\\\/2019-04-03\\\/svut-unterstuetzt-umwelttechnik-messe\\\/\",\"url\":\"https:\\\/\\\/www.organisator.ch\\\/sustainability\\\/2019-04-03\\\/svut-unterstuetzt-umwelttechnik-messe\\\/\",\"name\":\"SVUT unterst\u00fctzt Umwelttechnik-Messe - Organisator\",\"isPartOf\":{\"@id\":\"https:\\\/\\\/www.organisator.ch\\\/#website\"},\"primaryImageOfPage\":{\"@id\":\"https:\\\/\\\/www.organisator.ch\\\/sustainability\\\/2019-04-03\\\/svut-unterstuetzt-umwelttechnik-messe\\\/#primaryimage\"},\"image\":{\"@id\":\"https:\\\/\\\/www.organisator.ch\\\/sustainability\\\/2019-04-03\\\/svut-unterstuetzt-umwelttechnik-messe\\\/#primaryimage\"},\"thumbnailUrl\":\"https:\\\/\\\/www.organisator.ch\\\/wp-content\\\/uploads\\\/2019\\\/04\\\/SVUT-MUT-UP_Umwelt-Perspektiven-scaled.jpg\",\"datePublished\":\"2019-04-03T16:55:30+00:00\",\"dateModified\":\"2022-02-09T10:10:53+00:00\",\"description\":\"SVUT ist offizieller Partner der Umwelttechnikmesse MUT, welche vom 24. bis 27. September 2019 parallel zur ILMAC in Basel ihre Tore \u00f6ffnen wird.\",\"breadcrumb\":{\"@id\":\"https:\\\/\\\/www.organisator.ch\\\/sustainability\\\/2019-04-03\\\/svut-unterstuetzt-umwelttechnik-messe\\\/#breadcrumb\"},\"inLanguage\":\"en-US\",\"potentialAction\":[{\"@type\":\"ReadAction\",\"target\":[\"https:\\\/\\\/www.organisator.ch\\\/sustainability\\\/2019-04-03\\\/svut-unterstuetzt-umwelttechnik-messe\\\/\"]}]},{\"@type\":\"ImageObject\",\"inLanguage\":\"en-US\",\"@id\":\"https:\\\/\\\/www.organisator.ch\\\/sustainability\\\/2019-04-03\\\/svut-unterstuetzt-umwelttechnik-messe\\\/#primaryimage\",\"url\":\"https:\\\/\\\/www.organisator.ch\\\/wp-content\\\/uploads\\\/2019\\\/04\\\/SVUT-MUT-UP_Umwelt-Perspektiven-scaled.jpg\",\"contentUrl\":\"https:\\\/\\\/www.organisator.ch\\\/wp-content\\\/uploads\\\/2019\\\/04\\\/SVUT-MUT-UP_Umwelt-Perspektiven-scaled.jpg\",\"width\":2560,\"height\":1707,\"caption\":\"Die neue Messe f\u00fcr Umwelttechnik erh\u00e4lt 2019 Unterst\u00fctzung auf Verbandsebene der SVUT. (Symbolbild: unsplash)\"},{\"@type\":\"BreadcrumbList\",\"@id\":\"https:\\\/\\\/www.organisator.ch\\\/sustainability\\\/2019-04-03\\\/svut-unterstuetzt-umwelttechnik-messe\\\/#breadcrumb\",\"itemListElement\":[{\"@type\":\"ListItem\",\"position\":1,\"name\":\"Home\",\"item\":\"https:\\\/\\\/www.organisator.ch\\\/\"},{\"@type\":\"ListItem\",\"position\":2,\"name\":\"SVUT unterst\u00fctzt Umwelttechnik-Messe\"}]},{\"@type\":\"WebSite\",\"@id\":\"https:\\\/\\\/www.organisator.ch\\\/#website\",\"url\":\"https:\\\/\\\/www.organisator.ch\\\/\",\"name\":\"Organisator\",\"description\":\"Kompetent. Praxisnah. Der ORGANISATOR bereitet in 10 Ausgaben pro Jahr die wesentlichen Themen f\u00fcr F\u00fchrungskr\u00e4fte von KMU auf.\",\"publisher\":{\"@id\":\"https:\\\/\\\/www.organisator.ch\\\/#organization\"},\"potentialAction\":[{\"@type\":\"SearchAction\",\"target\":{\"@type\":\"EntryPoint\",\"urlTemplate\":\"https:\\\/\\\/www.organisator.ch\\\/?s={search_term_string}\"},\"query-input\":{\"@type\":\"PropertyValueSpecification\",\"valueRequired\":true,\"valueName\":\"search_term_string\"}}],\"inLanguage\":\"en-US\"},{\"@type\":\"Organization\",\"@id\":\"https:\\\/\\\/www.organisator.ch\\\/#organization\",\"name\":\"Organisator\",\"url\":\"https:\\\/\\\/www.organisator.ch\\\/\",\"logo\":{\"@type\":\"ImageObject\",\"inLanguage\":\"en-US\",\"@id\":\"https:\\\/\\\/www.organisator.ch\\\/#\\\/schema\\\/logo\\\/image\\\/\",\"url\":\"https:\\\/\\\/www.organisator.ch\\\/wp-content\\\/uploads\\\/2022\\\/01\\\/Logo_Organisator_Website.png\",\"contentUrl\":\"https:\\\/\\\/www.organisator.ch\\\/wp-content\\\/uploads\\\/2022\\\/01\\\/Logo_Organisator_Website.png\",\"width\":800,\"height\":77,\"caption\":\"Organisator\"},\"image\":{\"@id\":\"https:\\\/\\\/www.organisator.ch\\\/#\\\/schema\\\/logo\\\/image\\\/\"},\"sameAs\":[\"https:\\\/\\\/www.facebook.com\\\/OrganisatorFachmagazin\",\"https:\\\/\\\/www.linkedin.com\\\/showcase\\\/organisator-das-magazin-fr-kmu\",\"https:\\\/\\\/www.xing.com\\\/news\\\/pages\\\/organisator-ch-695\",\"https:\\\/\\\/www.youtube.com\\\/channel\\\/UCGP2Sq0iWaZwT3BdIAQFYpw\"]},{\"@type\":\"Person\",\"@id\":\"https:\\\/\\\/www.organisator.ch\\\/#\\\/schema\\\/person\\\/134708ca9321c57b0362cceb7948ffbd\",\"name\":\"michael.merz\",\"image\":{\"@type\":\"ImageObject\",\"inLanguage\":\"en-US\",\"@id\":\"https:\\\/\\\/secure.gravatar.com\\\/avatar\\\/?s=96&d=mm&r=g\",\"url\":\"https:\\\/\\\/secure.gravatar.com\\\/avatar\\\/?s=96&d=mm&r=g\",\"contentUrl\":\"https:\\\/\\\/secure.gravatar.com\\\/avatar\\\/?s=96&d=mm&r=g\",\"caption\":\"michael.merz\"},\"url\":\"https:\\\/\\\/www.organisator.ch\\\/en\\\/author\\\/michael-merz\\\/\"}]}<\/script>\n<!-- \/ Yoast SEO plugin. -->","yoast_head_json":{"title":"SVUT supports environmental technology fair - organizer","description":"SVUT is an official partner of the environmental technology exhibition MUT, which will open its doors in Basel from September 24 to 27, 2019, parallel to ILMAC.","robots":{"index":"index","follow":"follow","max-snippet":"max-snippet:-1","max-image-preview":"max-image-preview:large","max-video-preview":"max-video-preview:-1"},"canonical":"https:\/\/www.organisator.ch\/en\/sustainability\/2019-04-03\/svut-unterstuetzt-umwelttechnik-messe\/","og_locale":"en_US","og_type":"article","og_title":"SVUT unterst\u00fctzt Umwelttechnik-Messe - Organisator","og_description":"SVUT ist offizieller Partner der Umwelttechnikmesse MUT, welche vom 24. bis 27. September 2019 parallel zur ILMAC in Basel ihre Tore \u00f6ffnen wird.","og_url":"https:\/\/www.organisator.ch\/en\/sustainability\/2019-04-03\/svut-unterstuetzt-umwelttechnik-messe\/","og_site_name":"Organisator","article_publisher":"https:\/\/www.facebook.com\/OrganisatorFachmagazin","article_published_time":"2019-04-03T16:55:30+00:00","article_modified_time":"2022-02-09T10:10:53+00:00","og_image":[{"width":2560,"height":1707,"url":"https:\/\/www.organisator.ch\/wp-content\/uploads\/2019\/04\/SVUT-MUT-UP_Umwelt-Perspektiven-scaled.jpg","type":"image\/jpeg"}],"author":"michael.merz","twitter_card":"summary_large_image","schema":{"@context":"https:\/\/schema.org","@graph":[{"@type":"Article","@id":"https:\/\/www.organisator.ch\/sustainability\/2019-04-03\/svut-unterstuetzt-umwelttechnik-messe\/#article","isPartOf":{"@id":"https:\/\/www.organisator.ch\/sustainability\/2019-04-03\/svut-unterstuetzt-umwelttechnik-messe\/"},"author":{"name":"michael.merz","@id":"https:\/\/www.organisator.ch\/#\/schema\/person\/134708ca9321c57b0362cceb7948ffbd"},"headline":"SVUT unterst\u00fctzt Umwelttechnik-Messe","datePublished":"2019-04-03T16:55:30+00:00","dateModified":"2022-02-09T10:10:53+00:00","mainEntityOfPage":{"@id":"https:\/\/www.organisator.ch\/sustainability\/2019-04-03\/svut-unterstuetzt-umwelttechnik-messe\/"},"wordCount":517,"commentCount":0,"publisher":{"@id":"https:\/\/www.organisator.ch\/#organization"},"image":{"@id":"https:\/\/www.organisator.ch\/sustainability\/2019-04-03\/svut-unterstuetzt-umwelttechnik-messe\/#primaryimage"},"thumbnailUrl":"https:\/\/www.organisator.ch\/wp-content\/uploads\/2019\/04\/SVUT-MUT-UP_Umwelt-Perspektiven-scaled.jpg","keywords":["Messef\u00f6rderung","Umwelttechnologie","Verein"],"articleSection":["SUSTAINABILITY"],"inLanguage":"en-US"},{"@type":"WebPage","@id":"https:\/\/www.organisator.ch\/sustainability\/2019-04-03\/svut-unterstuetzt-umwelttechnik-messe\/","url":"https:\/\/www.organisator.ch\/sustainability\/2019-04-03\/svut-unterstuetzt-umwelttechnik-messe\/","name":"SVUT supports environmental technology fair - organizer","isPartOf":{"@id":"https:\/\/www.organisator.ch\/#website"},"primaryImageOfPage":{"@id":"https:\/\/www.organisator.ch\/sustainability\/2019-04-03\/svut-unterstuetzt-umwelttechnik-messe\/#primaryimage"},"image":{"@id":"https:\/\/www.organisator.ch\/sustainability\/2019-04-03\/svut-unterstuetzt-umwelttechnik-messe\/#primaryimage"},"thumbnailUrl":"https:\/\/www.organisator.ch\/wp-content\/uploads\/2019\/04\/SVUT-MUT-UP_Umwelt-Perspektiven-scaled.jpg","datePublished":"2019-04-03T16:55:30+00:00","dateModified":"2022-02-09T10:10:53+00:00","description":"SVUT is an official partner of the environmental technology exhibition MUT, which will open its doors in Basel from September 24 to 27, 2019, parallel to ILMAC.","breadcrumb":{"@id":"https:\/\/www.organisator.ch\/sustainability\/2019-04-03\/svut-unterstuetzt-umwelttechnik-messe\/#breadcrumb"},"inLanguage":"en-US","potentialAction":[{"@type":"ReadAction","target":["https:\/\/www.organisator.ch\/sustainability\/2019-04-03\/svut-unterstuetzt-umwelttechnik-messe\/"]}]},{"@type":"ImageObject","inLanguage":"en-US","@id":"https:\/\/www.organisator.ch\/sustainability\/2019-04-03\/svut-unterstuetzt-umwelttechnik-messe\/#primaryimage","url":"https:\/\/www.organisator.ch\/wp-content\/uploads\/2019\/04\/SVUT-MUT-UP_Umwelt-Perspektiven-scaled.jpg","contentUrl":"https:\/\/www.organisator.ch\/wp-content\/uploads\/2019\/04\/SVUT-MUT-UP_Umwelt-Perspektiven-scaled.jpg","width":2560,"height":1707,"caption":"Die neue Messe f\u00fcr Umwelttechnik erh\u00e4lt 2019 Unterst\u00fctzung auf Verbandsebene der SVUT. (Symbolbild: unsplash)"},{"@type":"BreadcrumbList","@id":"https:\/\/www.organisator.ch\/sustainability\/2019-04-03\/svut-unterstuetzt-umwelttechnik-messe\/#breadcrumb","itemListElement":[{"@type":"ListItem","position":1,"name":"Home","item":"https:\/\/www.organisator.ch\/"},{"@type":"ListItem","position":2,"name":"SVUT unterst\u00fctzt Umwelttechnik-Messe"}]},{"@type":"WebSite","@id":"https:\/\/www.organisator.ch\/#website","url":"https:\/\/www.organisator.ch\/","name":"Organizer","description":"Competent. Practical. In 10 issues per year, ORGANISATOR presents the essential topics for managers of SMEs.","publisher":{"@id":"https:\/\/www.organisator.ch\/#organization"},"potentialAction":[{"@type":"SearchAction","target":{"@type":"EntryPoint","urlTemplate":"https:\/\/www.organisator.ch\/?s={search_term_string}"},"query-input":{"@type":"PropertyValueSpecification","valueRequired":true,"valueName":"search_term_string"}}],"inLanguage":"en-US"},{"@type":"Organization","@id":"https:\/\/www.organisator.ch\/#organization","name":"Organizer","url":"https:\/\/www.organisator.ch\/","logo":{"@type":"ImageObject","inLanguage":"en-US","@id":"https:\/\/www.organisator.ch\/#\/schema\/logo\/image\/","url":"https:\/\/www.organisator.ch\/wp-content\/uploads\/2022\/01\/Logo_Organisator_Website.png","contentUrl":"https:\/\/www.organisator.ch\/wp-content\/uploads\/2022\/01\/Logo_Organisator_Website.png","width":800,"height":77,"caption":"Organisator"},"image":{"@id":"https:\/\/www.organisator.ch\/#\/schema\/logo\/image\/"},"sameAs":["https:\/\/www.facebook.com\/OrganisatorFachmagazin","https:\/\/www.linkedin.com\/showcase\/organisator-das-magazin-fr-kmu","https:\/\/www.xing.com\/news\/pages\/organisator-ch-695","https:\/\/www.youtube.com\/channel\/UCGP2Sq0iWaZwT3BdIAQFYpw"]},{"@type":"Person","@id":"https:\/\/www.organisator.ch\/#\/schema\/person\/134708ca9321c57b0362cceb7948ffbd","name":"michael.merz","image":{"@type":"ImageObject","inLanguage":"en-US","@id":"https:\/\/secure.gravatar.com\/avatar\/?s=96&d=mm&r=g","url":"https:\/\/secure.gravatar.com\/avatar\/?s=96&d=mm&r=g","contentUrl":"https:\/\/secure.gravatar.com\/avatar\/?s=96&d=mm&r=g","caption":"michael.merz"},"url":"https:\/\/www.organisator.ch\/en\/author\/michael-merz\/"}]}},"_links":{"self":[{"href":"https:\/\/www.organisator.ch\/en\/wp-json\/wp\/v2\/posts\/2091","targetHints":{"allow":["GET"]}}],"collection":[{"href":"https:\/\/www.organisator.ch\/en\/wp-json\/wp\/v2\/posts"}],"about":[{"href":"https:\/\/www.organisator.ch\/en\/wp-json\/wp\/v2\/types\/post"}],"author":[{"embeddable":true,"href":"https:\/\/www.organisator.ch\/en\/wp-json\/wp\/v2\/users\/5"}],"replies":[{"embeddable":true,"href":"https:\/\/www.organisator.ch\/en\/wp-json\/wp\/v2\/comments?post=2091"}],"version-history":[{"count":1,"href":"https:\/\/www.organisator.ch\/en\/wp-json\/wp\/v2\/posts\/2091\/revisions"}],"predecessor-version":[{"id":11023,"href":"https:\/\/www.organisator.ch\/en\/wp-json\/wp\/v2\/posts\/2091\/revisions\/11023"}],"wp:featuredmedia":[{"embeddable":true,"href":"https:\/\/www.organisator.ch\/en\/wp-json\/wp\/v2\/media\/9597"}],"wp:attachment":[{"href":"https:\/\/www.organisator.ch\/en\/wp-json\/wp\/v2\/media?parent=2091"}],"wp:term":[{"taxonomy":"category","embeddable":true,"href":"https:\/\/www.organisator.ch\/en\/wp-json\/wp\/v2\/categories?post=2091"},{"taxonomy":"post_tag","embeddable":true,"href":"https:\/\/www.organisator.ch\/en\/wp-json\/wp\/v2\/tags?post=2091"}],"curies":[{"name":"wp","href":"https:\/\/api.w.org\/{rel}","templated":true}]}}