{"id":20969,"date":"2023-07-07T06:26:51","date_gmt":"2023-07-07T04:26:51","guid":{"rendered":"https:\/\/www.organisator.ch\/?p=20969"},"modified":"2023-07-06T16:45:30","modified_gmt":"2023-07-06T14:45:30","slug":"bike-to-work-challenge-97616-nehmen-das-velo-zur-arbeit","status":"publish","type":"post","link":"https:\/\/www.organisator.ch\/en\/human-resources\/fit_im_job\/2023-07-07\/bike-to-work-challenge-97616-nehmen-das-velo-zur-arbeit\/","title":{"rendered":"bike to work Challenge: 97,616 take the bike to work"},"content":{"rendered":"<figure id=\"attachment_20970\" aria-describedby=\"caption-attachment-20970\" style=\"width: 680px\" class=\"wp-caption alignnone\"><img loading=\"lazy\" decoding=\"async\" class=\"size-full wp-image-20970\" src=\"https:\/\/www.organisator.ch\/wp-content\/uploads\/2023\/07\/bike-to-work-Challenge-97616-nehmen-das-Velo-zur-Arbeit_Organisator.jpg\" alt=\"\" width=\"680\" height=\"454\" srcset=\"https:\/\/www.organisator.ch\/wp-content\/uploads\/2023\/07\/bike-to-work-Challenge-97616-nehmen-das-Velo-zur-Arbeit_Organisator.jpg 680w, https:\/\/www.organisator.ch\/wp-content\/uploads\/2023\/07\/bike-to-work-Challenge-97616-nehmen-das-Velo-zur-Arbeit_Organisator-18x12.jpg 18w, https:\/\/www.organisator.ch\/wp-content\/uploads\/2023\/07\/bike-to-work-Challenge-97616-nehmen-das-Velo-zur-Arbeit_Organisator-375x250.jpg 375w, https:\/\/www.organisator.ch\/wp-content\/uploads\/2023\/07\/bike-to-work-Challenge-97616-nehmen-das-Velo-zur-Arbeit_Organisator-524x350.jpg 524w\" sizes=\"auto, (max-width: 680px) 100vw, 680px\" \/><figcaption id=\"caption-attachment-20970\" class=\"wp-caption-text\">Cycling to work is becoming increasingly popular: almost 100,000 people took part in this year's bike to work challenge. (Symbol image; Pixabay.com)<\/figcaption><\/figure>\n<p>97,616 participants took part in the bike to work Challenge this year. This is 21 percent more than last year and represents a new record. The increasing popularity of the bicycle, the continuing e-bike boom and the growing awareness of climate-friendly mobility all contribute to this success. More and more people are recognizing the health benefits and fun that cycling brings. However, Mai Poffet, head of bike to work at Pro Velo Switzerland, also stresses the importance of an advanced bicycle infrastructure and expects the authorities to take this trend into account. The campaign spanned the months of May and June. On average, participants covered 290 kilometers on 22 days (previous year: 244 km and 19 days) by bicycle to work. These figures reflect the strong commitment and success of the campaign.<\/p>\n<p>The company Schindler Aufz\u00fcge and AS Aufz\u00fcge from Ebikon participated in the bike to work challenge this May and June with 157 employees. The bike commuters covered an impressive 59,980 kilometers. C\u00e9line Kreienb\u00fchl, Health Management Specialist: \"Participating in the bike to work Challenge gave us the opportunity to raise awareness for sustainable mobility and to offer our employees a healthy and environmentally friendly alternative to their daily commute. By promoting cycling, we were not only able to improve the physical fitness of our employees, but also strengthen cooperation and team spirit within the company. The successes we have achieved as a Schindler company in connection with the bike to work Challenge 2023 are remarkable. We will continue to participate in bike to work in the future to continue the positive impact on our workforce and the environment.\"<\/p>\n<blockquote>\n<h3><strong>bike to work Challenge 2023 in detail<\/strong><\/h3>\n<ul>\n<li>97,616 participants +21% (previous year: 80,556)<\/li>\n<li>3249 plants +15% (previous year: 2829)<\/li>\n<li>28,375,802 kilometers driven +28% (previous year: 22,184,698)<\/li>\n<li><strong>CO2 equivalence*: <\/strong>4086 tons +28% (previous year: 3194)<br \/>\n*Basis of calculation: 144g\/km CO2 emissions<\/li>\n<\/ul>\n<p><strong>Top 3 companies by number of teams <\/strong><\/p>\n<ul>\n<li>Migros Group 465 teams<\/li>\n<li>ETH Zurich 314 teams<\/li>\n<li>Island group 307 teams<\/li>\n<\/ul>\n<\/blockquote>\n<p><em><strong>Further evaluations and winners.inside<\/strong><\/em><br \/>\n<em><a href=\"https:\/\/pro-velo.us12.list-manage.com\/track\/click?u=5e1ce0f2058c644a1250e58ca&amp;id=ea2dfd7896&amp;e=0825f3e74f\">biketowork.ch\/en\/about\/challenge2023<\/a><\/em><\/p>","protected":false},"excerpt":{"rendered":"<p>Pro Velo Schweiz's cycling and health promotion campaign has had an exceptional record year. With a growth of 21%, 97,616 enthusiastic cyclists from 3249 companies took part in the Challenge. Together, they covered 28,375,802 kilometers by bike on their way to work. This enormous distance corresponds to a journey 708 times around the world.<\/p>","protected":false},"author":4,"featured_media":20970,"comment_status":"closed","ping_status":"closed","sticky":false,"template":"","format":"standard","meta":{"_acf_changed":false,"_yoast_wpseo_focuskw":"bike to work Challenge","_yoast_wpseo_metadesc":"97'616 begeisterte Velofahrerinnen und Velofahrer aus 3249 Betrieben haben sich an der bike to work Challenge beteiligt.","articlekey":"","footnotes":""},"categories":[25],"tags":[77,81,208,254,358],"class_list":["post-20969","post","type-post","status-publish","format-standard","has-post-thumbnail","hentry","category-fit_im_job","tag-betriebliches-gesundheitsmanagement","tag-bike-to-work","tag-fit-im-job","tag-hrm","tag-nachhaltige-wirtschaft"],"acf":[],"yoast_head":"<!-- This site is optimized with the Yoast SEO plugin v27.4 - https:\/\/yoast.com\/product\/yoast-seo-wordpress\/ -->\n<title>bike to work Challenge: 97&#039;616 nehmen das Velo zur Arbeit - Organisator<\/title>\n<meta name=\"description\" content=\"97&#039;616 begeisterte Velofahrerinnen und Velofahrer aus 3249 Betrieben haben sich an der bike to work Challenge beteiligt.\" \/>\n<meta name=\"robots\" content=\"index, follow, max-snippet:-1, max-image-preview:large, max-video-preview:-1\" \/>\n<link rel=\"canonical\" href=\"https:\/\/www.organisator.ch\/en\/human-resources\/fit_im_job\/2023-07-07\/bike-to-work-challenge-97616-nehmen-das-velo-zur-arbeit\/\" \/>\n<meta property=\"og:locale\" content=\"en_US\" \/>\n<meta property=\"og:type\" content=\"article\" \/>\n<meta property=\"og:title\" content=\"bike to work Challenge: 97&#039;616 nehmen das Velo zur Arbeit\" \/>\n<meta property=\"og:description\" content=\"97&#039;616 begeisterte Velofahrerinnen und Velofahrer aus 3249 Betrieben haben sich an der bike to work Challenge beteiligt.\" \/>\n<meta property=\"og:url\" content=\"https:\/\/www.organisator.ch\/en\/human-resources\/fit_im_job\/2023-07-07\/bike-to-work-challenge-97616-nehmen-das-velo-zur-arbeit\/\" \/>\n<meta property=\"og:site_name\" content=\"Organisator\" \/>\n<meta property=\"article:publisher\" content=\"https:\/\/www.facebook.com\/OrganisatorFachmagazin\" \/>\n<meta property=\"article:published_time\" content=\"2023-07-07T04:26:51+00:00\" \/>\n<meta property=\"og:image\" content=\"https:\/\/www.organisator.ch\/wp-content\/uploads\/2023\/07\/bike-to-work-Challenge-97616-nehmen-das-Velo-zur-Arbeit_Organisator.jpg\" \/>\n\t<meta property=\"og:image:width\" content=\"680\" \/>\n\t<meta property=\"og:image:height\" content=\"454\" \/>\n\t<meta property=\"og:image:type\" content=\"image\/jpeg\" \/>\n<meta name=\"author\" content=\"thomas.berner\" \/>\n<meta name=\"twitter:card\" content=\"summary_large_image\" \/>\n<meta name=\"twitter:title\" content=\"bike to work #Challenge: 97&#039;616 nehmen das #Velo zur Arbeit\" \/>\n<meta name=\"twitter:description\" content=\"97&#039;616 begeisterte #Velofahrerinnen und #Velofahrer aus 3249 Betrieben haben sich an der #biketowork Challenge beteiligt.\" \/>\n<meta name=\"twitter:image\" content=\"https:\/\/www.organisator.ch\/wp-content\/uploads\/2023\/07\/bike-to-work-Challenge-97616-nehmen-das-Velo-zur-Arbeit_Organisator.jpg\" \/>\n<script type=\"application\/ld+json\" class=\"yoast-schema-graph\">{\"@context\":\"https:\\\/\\\/schema.org\",\"@graph\":[{\"@type\":\"Article\",\"@id\":\"https:\\\/\\\/www.organisator.ch\\\/human-resources\\\/fit_im_job\\\/2023-07-07\\\/bike-to-work-challenge-97616-nehmen-das-velo-zur-arbeit\\\/#article\",\"isPartOf\":{\"@id\":\"https:\\\/\\\/www.organisator.ch\\\/human-resources\\\/fit_im_job\\\/2023-07-07\\\/bike-to-work-challenge-97616-nehmen-das-velo-zur-arbeit\\\/\"},\"author\":{\"name\":\"thomas.berner\",\"@id\":\"https:\\\/\\\/www.organisator.ch\\\/#\\\/schema\\\/person\\\/6f650f90b2842cd4c0cc334b4e36f67e\"},\"headline\":\"bike to work Challenge: 97&#8217;616 nehmen das Velo zur Arbeit\",\"datePublished\":\"2023-07-07T04:26:51+00:00\",\"mainEntityOfPage\":{\"@id\":\"https:\\\/\\\/www.organisator.ch\\\/human-resources\\\/fit_im_job\\\/2023-07-07\\\/bike-to-work-challenge-97616-nehmen-das-velo-zur-arbeit\\\/\"},\"wordCount\":360,\"publisher\":{\"@id\":\"https:\\\/\\\/www.organisator.ch\\\/#organization\"},\"image\":{\"@id\":\"https:\\\/\\\/www.organisator.ch\\\/human-resources\\\/fit_im_job\\\/2023-07-07\\\/bike-to-work-challenge-97616-nehmen-das-velo-zur-arbeit\\\/#primaryimage\"},\"thumbnailUrl\":\"https:\\\/\\\/www.organisator.ch\\\/wp-content\\\/uploads\\\/2023\\\/07\\\/bike-to-work-Challenge-97616-nehmen-das-Velo-zur-Arbeit_Organisator.jpg\",\"keywords\":[\"Betriebliches Gesundheitsmanagement\",\"Bike to Work\",\"Fit im Job\",\"HRM\",\"Nachhaltige Wirtschaft\"],\"articleSection\":[\"FIT IM JOB\"],\"inLanguage\":\"en-US\"},{\"@type\":\"WebPage\",\"@id\":\"https:\\\/\\\/www.organisator.ch\\\/human-resources\\\/fit_im_job\\\/2023-07-07\\\/bike-to-work-challenge-97616-nehmen-das-velo-zur-arbeit\\\/\",\"url\":\"https:\\\/\\\/www.organisator.ch\\\/human-resources\\\/fit_im_job\\\/2023-07-07\\\/bike-to-work-challenge-97616-nehmen-das-velo-zur-arbeit\\\/\",\"name\":\"bike to work Challenge: 97'616 nehmen das Velo zur Arbeit - Organisator\",\"isPartOf\":{\"@id\":\"https:\\\/\\\/www.organisator.ch\\\/#website\"},\"primaryImageOfPage\":{\"@id\":\"https:\\\/\\\/www.organisator.ch\\\/human-resources\\\/fit_im_job\\\/2023-07-07\\\/bike-to-work-challenge-97616-nehmen-das-velo-zur-arbeit\\\/#primaryimage\"},\"image\":{\"@id\":\"https:\\\/\\\/www.organisator.ch\\\/human-resources\\\/fit_im_job\\\/2023-07-07\\\/bike-to-work-challenge-97616-nehmen-das-velo-zur-arbeit\\\/#primaryimage\"},\"thumbnailUrl\":\"https:\\\/\\\/www.organisator.ch\\\/wp-content\\\/uploads\\\/2023\\\/07\\\/bike-to-work-Challenge-97616-nehmen-das-Velo-zur-Arbeit_Organisator.jpg\",\"datePublished\":\"2023-07-07T04:26:51+00:00\",\"description\":\"97'616 begeisterte Velofahrerinnen und Velofahrer aus 3249 Betrieben haben sich an der bike to work Challenge beteiligt.\",\"breadcrumb\":{\"@id\":\"https:\\\/\\\/www.organisator.ch\\\/human-resources\\\/fit_im_job\\\/2023-07-07\\\/bike-to-work-challenge-97616-nehmen-das-velo-zur-arbeit\\\/#breadcrumb\"},\"inLanguage\":\"en-US\",\"potentialAction\":[{\"@type\":\"ReadAction\",\"target\":[\"https:\\\/\\\/www.organisator.ch\\\/human-resources\\\/fit_im_job\\\/2023-07-07\\\/bike-to-work-challenge-97616-nehmen-das-velo-zur-arbeit\\\/\"]}]},{\"@type\":\"ImageObject\",\"inLanguage\":\"en-US\",\"@id\":\"https:\\\/\\\/www.organisator.ch\\\/human-resources\\\/fit_im_job\\\/2023-07-07\\\/bike-to-work-challenge-97616-nehmen-das-velo-zur-arbeit\\\/#primaryimage\",\"url\":\"https:\\\/\\\/www.organisator.ch\\\/wp-content\\\/uploads\\\/2023\\\/07\\\/bike-to-work-Challenge-97616-nehmen-das-Velo-zur-Arbeit_Organisator.jpg\",\"contentUrl\":\"https:\\\/\\\/www.organisator.ch\\\/wp-content\\\/uploads\\\/2023\\\/07\\\/bike-to-work-Challenge-97616-nehmen-das-Velo-zur-Arbeit_Organisator.jpg\",\"width\":680,\"height\":454,\"caption\":\"Mit dem Velo zur Arbeit wird immer beliebter: Fast 100'000 Personen nahmen an der diesj\u00e4hrigen bike to work Challenge teil. (Symbolbild; Pixabay.com)\"},{\"@type\":\"BreadcrumbList\",\"@id\":\"https:\\\/\\\/www.organisator.ch\\\/human-resources\\\/fit_im_job\\\/2023-07-07\\\/bike-to-work-challenge-97616-nehmen-das-velo-zur-arbeit\\\/#breadcrumb\",\"itemListElement\":[{\"@type\":\"ListItem\",\"position\":1,\"name\":\"Home\",\"item\":\"https:\\\/\\\/www.organisator.ch\\\/\"},{\"@type\":\"ListItem\",\"position\":2,\"name\":\"bike to work Challenge: 97&#8217;616 nehmen das Velo zur Arbeit\"}]},{\"@type\":\"WebSite\",\"@id\":\"https:\\\/\\\/www.organisator.ch\\\/#website\",\"url\":\"https:\\\/\\\/www.organisator.ch\\\/\",\"name\":\"Organisator\",\"description\":\"Kompetent. Praxisnah. Der ORGANISATOR bereitet in 10 Ausgaben pro Jahr die wesentlichen Themen f\u00fcr F\u00fchrungskr\u00e4fte von KMU auf.\",\"publisher\":{\"@id\":\"https:\\\/\\\/www.organisator.ch\\\/#organization\"},\"potentialAction\":[{\"@type\":\"SearchAction\",\"target\":{\"@type\":\"EntryPoint\",\"urlTemplate\":\"https:\\\/\\\/www.organisator.ch\\\/?s={search_term_string}\"},\"query-input\":{\"@type\":\"PropertyValueSpecification\",\"valueRequired\":true,\"valueName\":\"search_term_string\"}}],\"inLanguage\":\"en-US\"},{\"@type\":\"Organization\",\"@id\":\"https:\\\/\\\/www.organisator.ch\\\/#organization\",\"name\":\"Organisator\",\"url\":\"https:\\\/\\\/www.organisator.ch\\\/\",\"logo\":{\"@type\":\"ImageObject\",\"inLanguage\":\"en-US\",\"@id\":\"https:\\\/\\\/www.organisator.ch\\\/#\\\/schema\\\/logo\\\/image\\\/\",\"url\":\"https:\\\/\\\/www.organisator.ch\\\/wp-content\\\/uploads\\\/2022\\\/01\\\/Logo_Organisator_Website.png\",\"contentUrl\":\"https:\\\/\\\/www.organisator.ch\\\/wp-content\\\/uploads\\\/2022\\\/01\\\/Logo_Organisator_Website.png\",\"width\":800,\"height\":77,\"caption\":\"Organisator\"},\"image\":{\"@id\":\"https:\\\/\\\/www.organisator.ch\\\/#\\\/schema\\\/logo\\\/image\\\/\"},\"sameAs\":[\"https:\\\/\\\/www.facebook.com\\\/OrganisatorFachmagazin\",\"https:\\\/\\\/www.linkedin.com\\\/showcase\\\/organisator-das-magazin-fr-kmu\",\"https:\\\/\\\/www.xing.com\\\/news\\\/pages\\\/organisator-ch-695\",\"https:\\\/\\\/www.youtube.com\\\/channel\\\/UCGP2Sq0iWaZwT3BdIAQFYpw\"]},{\"@type\":\"Person\",\"@id\":\"https:\\\/\\\/www.organisator.ch\\\/#\\\/schema\\\/person\\\/6f650f90b2842cd4c0cc334b4e36f67e\",\"name\":\"thomas.berner\",\"image\":{\"@type\":\"ImageObject\",\"inLanguage\":\"en-US\",\"@id\":\"https:\\\/\\\/secure.gravatar.com\\\/avatar\\\/ac5001d2a36cb6c6cd3e50789007ffca834b477b74a2144564522e944eabff61?s=96&d=mm&r=g\",\"url\":\"https:\\\/\\\/secure.gravatar.com\\\/avatar\\\/ac5001d2a36cb6c6cd3e50789007ffca834b477b74a2144564522e944eabff61?s=96&d=mm&r=g\",\"contentUrl\":\"https:\\\/\\\/secure.gravatar.com\\\/avatar\\\/ac5001d2a36cb6c6cd3e50789007ffca834b477b74a2144564522e944eabff61?s=96&d=mm&r=g\",\"caption\":\"thomas.berner\"},\"url\":\"https:\\\/\\\/www.organisator.ch\\\/en\\\/author\\\/thomas-berner\\\/\"}]}<\/script>\n<!-- \/ Yoast SEO plugin. -->","yoast_head_json":{"title":"bike to work Challenge: 97'616 take the bike to work - Organizer","description":"97,616 enthusiastic cyclists from 3249 companies took part in the bike to work challenge.","robots":{"index":"index","follow":"follow","max-snippet":"max-snippet:-1","max-image-preview":"max-image-preview:large","max-video-preview":"max-video-preview:-1"},"canonical":"https:\/\/www.organisator.ch\/en\/human-resources\/fit_im_job\/2023-07-07\/bike-to-work-challenge-97616-nehmen-das-velo-zur-arbeit\/","og_locale":"en_US","og_type":"article","og_title":"bike to work Challenge: 97'616 nehmen das Velo zur Arbeit","og_description":"97'616 begeisterte Velofahrerinnen und Velofahrer aus 3249 Betrieben haben sich an der bike to work Challenge beteiligt.","og_url":"https:\/\/www.organisator.ch\/en\/human-resources\/fit_im_job\/2023-07-07\/bike-to-work-challenge-97616-nehmen-das-velo-zur-arbeit\/","og_site_name":"Organisator","article_publisher":"https:\/\/www.facebook.com\/OrganisatorFachmagazin","article_published_time":"2023-07-07T04:26:51+00:00","og_image":[{"width":680,"height":454,"url":"https:\/\/www.organisator.ch\/wp-content\/uploads\/2023\/07\/bike-to-work-Challenge-97616-nehmen-das-Velo-zur-Arbeit_Organisator.jpg","type":"image\/jpeg"}],"author":"thomas.berner","twitter_card":"summary_large_image","twitter_title":"bike to work #Challenge: 97'616 nehmen das #Velo zur Arbeit","twitter_description":"97'616 begeisterte #Velofahrerinnen und #Velofahrer aus 3249 Betrieben haben sich an der #biketowork Challenge beteiligt.","twitter_image":"https:\/\/www.organisator.ch\/wp-content\/uploads\/2023\/07\/bike-to-work-Challenge-97616-nehmen-das-Velo-zur-Arbeit_Organisator.jpg","schema":{"@context":"https:\/\/schema.org","@graph":[{"@type":"Article","@id":"https:\/\/www.organisator.ch\/human-resources\/fit_im_job\/2023-07-07\/bike-to-work-challenge-97616-nehmen-das-velo-zur-arbeit\/#article","isPartOf":{"@id":"https:\/\/www.organisator.ch\/human-resources\/fit_im_job\/2023-07-07\/bike-to-work-challenge-97616-nehmen-das-velo-zur-arbeit\/"},"author":{"name":"thomas.berner","@id":"https:\/\/www.organisator.ch\/#\/schema\/person\/6f650f90b2842cd4c0cc334b4e36f67e"},"headline":"bike to work Challenge: 97&#8217;616 nehmen das Velo zur Arbeit","datePublished":"2023-07-07T04:26:51+00:00","mainEntityOfPage":{"@id":"https:\/\/www.organisator.ch\/human-resources\/fit_im_job\/2023-07-07\/bike-to-work-challenge-97616-nehmen-das-velo-zur-arbeit\/"},"wordCount":360,"publisher":{"@id":"https:\/\/www.organisator.ch\/#organization"},"image":{"@id":"https:\/\/www.organisator.ch\/human-resources\/fit_im_job\/2023-07-07\/bike-to-work-challenge-97616-nehmen-das-velo-zur-arbeit\/#primaryimage"},"thumbnailUrl":"https:\/\/www.organisator.ch\/wp-content\/uploads\/2023\/07\/bike-to-work-Challenge-97616-nehmen-das-Velo-zur-Arbeit_Organisator.jpg","keywords":["Betriebliches Gesundheitsmanagement","Bike to Work","Fit im Job","HRM","Nachhaltige Wirtschaft"],"articleSection":["FIT IM JOB"],"inLanguage":"en-US"},{"@type":"WebPage","@id":"https:\/\/www.organisator.ch\/human-resources\/fit_im_job\/2023-07-07\/bike-to-work-challenge-97616-nehmen-das-velo-zur-arbeit\/","url":"https:\/\/www.organisator.ch\/human-resources\/fit_im_job\/2023-07-07\/bike-to-work-challenge-97616-nehmen-das-velo-zur-arbeit\/","name":"bike to work Challenge: 97'616 take the bike to work - Organizer","isPartOf":{"@id":"https:\/\/www.organisator.ch\/#website"},"primaryImageOfPage":{"@id":"https:\/\/www.organisator.ch\/human-resources\/fit_im_job\/2023-07-07\/bike-to-work-challenge-97616-nehmen-das-velo-zur-arbeit\/#primaryimage"},"image":{"@id":"https:\/\/www.organisator.ch\/human-resources\/fit_im_job\/2023-07-07\/bike-to-work-challenge-97616-nehmen-das-velo-zur-arbeit\/#primaryimage"},"thumbnailUrl":"https:\/\/www.organisator.ch\/wp-content\/uploads\/2023\/07\/bike-to-work-Challenge-97616-nehmen-das-Velo-zur-Arbeit_Organisator.jpg","datePublished":"2023-07-07T04:26:51+00:00","description":"97,616 enthusiastic cyclists from 3249 companies took part in the bike to work challenge.","breadcrumb":{"@id":"https:\/\/www.organisator.ch\/human-resources\/fit_im_job\/2023-07-07\/bike-to-work-challenge-97616-nehmen-das-velo-zur-arbeit\/#breadcrumb"},"inLanguage":"en-US","potentialAction":[{"@type":"ReadAction","target":["https:\/\/www.organisator.ch\/human-resources\/fit_im_job\/2023-07-07\/bike-to-work-challenge-97616-nehmen-das-velo-zur-arbeit\/"]}]},{"@type":"ImageObject","inLanguage":"en-US","@id":"https:\/\/www.organisator.ch\/human-resources\/fit_im_job\/2023-07-07\/bike-to-work-challenge-97616-nehmen-das-velo-zur-arbeit\/#primaryimage","url":"https:\/\/www.organisator.ch\/wp-content\/uploads\/2023\/07\/bike-to-work-Challenge-97616-nehmen-das-Velo-zur-Arbeit_Organisator.jpg","contentUrl":"https:\/\/www.organisator.ch\/wp-content\/uploads\/2023\/07\/bike-to-work-Challenge-97616-nehmen-das-Velo-zur-Arbeit_Organisator.jpg","width":680,"height":454,"caption":"Mit dem Velo zur Arbeit wird immer beliebter: Fast 100'000 Personen nahmen an der diesj\u00e4hrigen bike to work Challenge teil. (Symbolbild; Pixabay.com)"},{"@type":"BreadcrumbList","@id":"https:\/\/www.organisator.ch\/human-resources\/fit_im_job\/2023-07-07\/bike-to-work-challenge-97616-nehmen-das-velo-zur-arbeit\/#breadcrumb","itemListElement":[{"@type":"ListItem","position":1,"name":"Home","item":"https:\/\/www.organisator.ch\/"},{"@type":"ListItem","position":2,"name":"bike to work Challenge: 97&#8217;616 nehmen das Velo zur Arbeit"}]},{"@type":"WebSite","@id":"https:\/\/www.organisator.ch\/#website","url":"https:\/\/www.organisator.ch\/","name":"Organizer","description":"Competent. Practical. In 10 issues per year, ORGANISATOR presents the essential topics for managers of SMEs.","publisher":{"@id":"https:\/\/www.organisator.ch\/#organization"},"potentialAction":[{"@type":"SearchAction","target":{"@type":"EntryPoint","urlTemplate":"https:\/\/www.organisator.ch\/?s={search_term_string}"},"query-input":{"@type":"PropertyValueSpecification","valueRequired":true,"valueName":"search_term_string"}}],"inLanguage":"en-US"},{"@type":"Organization","@id":"https:\/\/www.organisator.ch\/#organization","name":"Organizer","url":"https:\/\/www.organisator.ch\/","logo":{"@type":"ImageObject","inLanguage":"en-US","@id":"https:\/\/www.organisator.ch\/#\/schema\/logo\/image\/","url":"https:\/\/www.organisator.ch\/wp-content\/uploads\/2022\/01\/Logo_Organisator_Website.png","contentUrl":"https:\/\/www.organisator.ch\/wp-content\/uploads\/2022\/01\/Logo_Organisator_Website.png","width":800,"height":77,"caption":"Organisator"},"image":{"@id":"https:\/\/www.organisator.ch\/#\/schema\/logo\/image\/"},"sameAs":["https:\/\/www.facebook.com\/OrganisatorFachmagazin","https:\/\/www.linkedin.com\/showcase\/organisator-das-magazin-fr-kmu","https:\/\/www.xing.com\/news\/pages\/organisator-ch-695","https:\/\/www.youtube.com\/channel\/UCGP2Sq0iWaZwT3BdIAQFYpw"]},{"@type":"Person","@id":"https:\/\/www.organisator.ch\/#\/schema\/person\/6f650f90b2842cd4c0cc334b4e36f67e","name":"thomas.berner","image":{"@type":"ImageObject","inLanguage":"en-US","@id":"https:\/\/secure.gravatar.com\/avatar\/ac5001d2a36cb6c6cd3e50789007ffca834b477b74a2144564522e944eabff61?s=96&d=mm&r=g","url":"https:\/\/secure.gravatar.com\/avatar\/ac5001d2a36cb6c6cd3e50789007ffca834b477b74a2144564522e944eabff61?s=96&d=mm&r=g","contentUrl":"https:\/\/secure.gravatar.com\/avatar\/ac5001d2a36cb6c6cd3e50789007ffca834b477b74a2144564522e944eabff61?s=96&d=mm&r=g","caption":"thomas.berner"},"url":"https:\/\/www.organisator.ch\/en\/author\/thomas-berner\/"}]}},"_links":{"self":[{"href":"https:\/\/www.organisator.ch\/en\/wp-json\/wp\/v2\/posts\/20969","targetHints":{"allow":["GET"]}}],"collection":[{"href":"https:\/\/www.organisator.ch\/en\/wp-json\/wp\/v2\/posts"}],"about":[{"href":"https:\/\/www.organisator.ch\/en\/wp-json\/wp\/v2\/types\/post"}],"author":[{"embeddable":true,"href":"https:\/\/www.organisator.ch\/en\/wp-json\/wp\/v2\/users\/4"}],"replies":[{"embeddable":true,"href":"https:\/\/www.organisator.ch\/en\/wp-json\/wp\/v2\/comments?post=20969"}],"version-history":[{"count":1,"href":"https:\/\/www.organisator.ch\/en\/wp-json\/wp\/v2\/posts\/20969\/revisions"}],"predecessor-version":[{"id":20971,"href":"https:\/\/www.organisator.ch\/en\/wp-json\/wp\/v2\/posts\/20969\/revisions\/20971"}],"wp:featuredmedia":[{"embeddable":true,"href":"https:\/\/www.organisator.ch\/en\/wp-json\/wp\/v2\/media\/20970"}],"wp:attachment":[{"href":"https:\/\/www.organisator.ch\/en\/wp-json\/wp\/v2\/media?parent=20969"}],"wp:term":[{"taxonomy":"category","embeddable":true,"href":"https:\/\/www.organisator.ch\/en\/wp-json\/wp\/v2\/categories?post=20969"},{"taxonomy":"post_tag","embeddable":true,"href":"https:\/\/www.organisator.ch\/en\/wp-json\/wp\/v2\/tags?post=20969"}],"curies":[{"name":"wp","href":"https:\/\/api.w.org\/{rel}","templated":true}]}}