{"id":210,"date":"2016-04-01T08:55:36","date_gmt":"2016-04-01T06:55:36","guid":{"rendered":"http:\/\/dev.organisator.ch\/?p=210"},"modified":"2016-04-01T08:55:36","modified_gmt":"2016-04-01T06:55:36","slug":"eight-tips-to-build-a-hybrid%e2%80%90cloud","status":"publish","type":"post","link":"https:\/\/www.organisator.ch\/en\/management\/it\/2016-04-01\/acht-tipps-zum-aufbau-einer-hybrid%e2%80%90cloud\/","title":{"rendered":"Eight tips for building a hybrid cloud"},"content":{"rendered":"<p><strong>1. analyze the current environment<\/strong><\/p>\n<p>The first step for a successful hybrid cloud implementation starts with an analysis of the current workloads. It is important to identify which tasks are adequate for the public cloud, private cloud and traditional IT. Mission-critical environments and most sensitive data are not good choices for the public cloud; regulatory requirements can fundamentally thwart this use. Seasonal, non-critical workloads and short-lived applications, on the other hand, are ideal for leveraging the scalability of a public cloud. Peaks and lulls in web traffic can be absorbed.<\/p>\n<p><strong>2. clearly define guidelines and rules<\/strong><\/p>\n<p>With rules and policies, companies can document for which applications and data a private or public cloud is suitable. Performance and regulatory requirements should be kept in mind, as well as mission-critical environments, geographic constraints and strategic core business applications.<\/p>\n<p><strong>3. think outside your own IT world<\/strong><\/p>\n<p>A hybrid cloud solution offers new capabilities and technologies. Now companies need to assess how this huge potential can best serve day-to-day business. This is an ideal opportunity to rethink business processes, make the IT organization more efficient and align it with the business objective. You should resist the temptation to transfer existing processes to a hybrid cloud solution. Better: think about how this new type of environment can be used to derive maximum benefit for the business.<\/p>\n<p><strong>4. the question of costs<\/strong><\/p>\n<p>Reducing costs and improving performance are likely and a crucial aspect of the hybrid cloud strategy. Cost savings must be considered in the short and long term, as well as total cost of ownership. The hybrid cloud offers many opportunities to save money. Any investment in hardware should be reconsidered to see if a public or hybrid cloud solution would be more cost effective. Companies therefore have the opportunity to shift from a capital-oriented to a flexible operating cost-oriented IT model.<\/p>\n<p><strong>5. assess resources realistically<\/strong><\/p>\n<p>Enterprises must not forget to consider the human resources required to implement, migrate and manage a hybrid cloud. Hybrid clouds are very complex and require expertise in transformation, compliance, storage, networking, virtualization and management. It is highly unlikely that an organization can cover all of this with existing resources. They will therefore need to rely on a trusted advisor or service provider that could be part of the chosen solution.<\/p>\n<p><strong>6. search for - and find - the right partner<\/strong><\/p>\n<p>An essential ingredient for a successful hybrid cloud solution is a trusted partner with proven experience in implementing hybrid clouds. Ideally, a partner who clearly understands the need and is able to guide the company through the process. It makes sense to ask for successful references from the same industry or similar hybrid cloud projects.<\/p>\n<p><strong>7. trust is good, control of the public cloud is better<\/strong><\/p>\n<p>Ultimately, it is a company's own responsibility to ensure that business processes and compliance requirements are met by the public cloud partner. In doing so, they need tools to manage and monitor their hybrid cloud environment in real time. To do this, they need to discuss the available options with the partner and test the management using non-critical environments. Encryption functions for data held in the public cloud are also relevant.<\/p>\n<p><strong>8. don't rush: step by step to the hybrid cloud<\/strong><\/p>\n<p>Solid implementation of a hybrid cloud solution is critical to ensure the trust of management, users and customers. If companies don't have any experience with private clouds, they should build them first and then select some applications and workloads to be considered for the hybrid cloud. This step could also be a good opportunity to compare two cloud providers. They can learn from this experience and gradually migrate additional workloads as they feel more comfortable and confident. The flexible nature of the hybrid cloud allows you to adjust processes as needed until you achieve the results that are satisfactory for your business.<\/p>\n<p><em>Source: <a href=\"http:\/\/www.actifio.com\/de\" target=\"_blank\" data-cke-saved-href=\"http:\/\/www.actifio.com\/de\" rel=\"noopener\">http:\/\/www.actifio.com\/de<\/a><\/em><\/p>\n<figure id=\"attachment_211\" aria-describedby=\"caption-attachment-211\" style=\"width: 394px\" class=\"wp-caption alignnone\"><img loading=\"lazy\" decoding=\"async\" class=\"size-full wp-image-211\" src=\"https:\/\/www.organisator.ch\/wp-content\/uploads\/2016\/12\/Acht-Tipps-zum-Aufbau-einer-Hybrid-Cloud-organisator.jpg\" alt=\"\" width=\"394\" height=\"405\" srcset=\"\" sizes=\"auto, (max-width: 394px) 100vw, 394px\" data-srcset=\"\" \/><figcaption id=\"caption-attachment-211\" class=\"wp-caption-text\">Ann Thueland, Director Marketing EMEA at Actifio<\/figcaption><\/figure>\n<blockquote><p>\"A hybrid cloud strategy combines the control of a private cloud with the flexibility of the public cloud. The benefits an organization can derive depend on the effort invested in designing, building, implementing and monitoring the hybrid cloud solution.\"<\/p><\/blockquote>","protected":false},"excerpt":{"rendered":"<p>1. Die aktuelle Umgebung analysieren Der erste Schritt f\u00fcr eine erfolgreiche Hybrid\u2010Cloud\u2010Implementierung beginnt mit einer Analyse der aktuellen Arbeitslasten. Es gilt zu identifizieren, welche Aufgaben f\u00fcr die \u00f6ffentliche Cloud, die private Cloud und die traditionelle IT ad\u00e4quat sind. Unternehmenskritische Umgebungen und die meisten vertraulichen Daten sind keine gute Wahl f\u00fcr die \u00f6ffentliche Cloud, regulatorische Anforderungen [&hellip;]<\/p>\n","protected":false},"author":1,"featured_media":211,"comment_status":"open","ping_status":"open","sticky":false,"template":"","format":"standard","meta":{"_acf_changed":false,"_yoast_wpseo_focuskw":"Hybrid\u2010Cloud","_yoast_wpseo_metadesc":"Laut IDC wollen 57 Prozent der Unternehmen in Deutschland innerhalb der n\u00e4chsten zwei Jahre hybride Cloud\u2010Umgebungen aufbauen.","articlekey":"","footnotes":""},"categories":[27],"tags":[102,286,288],"class_list":["post-210","post","type-post","status-publish","format-standard","has-post-thumbnail","hentry","category-it","tag-buero","tag-it","tag-it-business-software"],"acf":[],"yoast_head":"<!-- This site is optimized with the Yoast SEO plugin v27.5 - https:\/\/yoast.com\/product\/yoast-seo-wordpress\/ -->\n<title>Acht Tipps zum Aufbau einer Hybrid\u2010Cloud - Organisator<\/title>\n<meta name=\"description\" content=\"Laut IDC wollen 57 Prozent der Unternehmen in Deutschland innerhalb der n\u00e4chsten zwei Jahre hybride Cloud\u2010Umgebungen aufbauen.\" \/>\n<meta name=\"robots\" content=\"index, follow, max-snippet:-1, max-image-preview:large, max-video-preview:-1\" \/>\n<link rel=\"canonical\" href=\"https:\/\/www.organisator.ch\/en\/management\/it\/2016-04-01\/eight-tips-to-build-a-hybrid\u2010cloud\/\" \/>\n<meta property=\"og:locale\" content=\"en_US\" \/>\n<meta property=\"og:type\" content=\"article\" \/>\n<meta property=\"og:title\" content=\"Acht Tipps zum Aufbau einer Hybrid\u2010Cloud\" \/>\n<meta property=\"og:description\" content=\"Beim Thema Business\u2010Transformation spielt das Modell der Hybrid\u2010Cloud f\u00fcr Unternehmen eine immer gr\u00f6\u00dfere Rolle. Laut IDC wollen 57 Prozent der Unternehmen in Deutschland innerhalb der n\u00e4chsten zwei Jahre hybride Cloud\u2010Umgebungen aufbauen. Vor diesem Hintergrund gibt Actifio, spezialisiert auf die Virtualisierung von Datenkopien, acht Ratschl\u00e4ge f\u00fcr die Realisierung einer Hybrid\u2010Cloud.\" \/>\n<meta property=\"og:url\" content=\"https:\/\/www.organisator.ch\/en\/management\/it\/2016-04-01\/eight-tips-to-build-a-hybrid\u2010cloud\/\" \/>\n<meta property=\"og:site_name\" content=\"Organisator\" \/>\n<meta property=\"article:publisher\" content=\"https:\/\/www.facebook.com\/OrganisatorFachmagazin\" \/>\n<meta property=\"article:published_time\" content=\"2016-04-01T06:55:36+00:00\" \/>\n<meta name=\"author\" content=\"admin\" \/>\n<meta name=\"twitter:card\" content=\"summary_large_image\" \/>\n<meta name=\"twitter:image\" content=\"https:\/\/www.organisator.ch\/wp-content\/uploads\/2016\/12\/Acht-Tipps-zum-Aufbau-einer-Hybrid\u2010Cloud-organisator.jpg\" \/>\n<script type=\"application\/ld+json\" class=\"yoast-schema-graph\">{\"@context\":\"https:\\\/\\\/schema.org\",\"@graph\":[{\"@type\":\"Article\",\"@id\":\"https:\\\/\\\/www.organisator.ch\\\/management\\\/it\\\/2016-04-01\\\/acht-tipps-zum-aufbau-einer-hybrid%e2%80%90cloud\\\/#article\",\"isPartOf\":{\"@id\":\"https:\\\/\\\/www.organisator.ch\\\/management\\\/it\\\/2016-04-01\\\/acht-tipps-zum-aufbau-einer-hybrid%e2%80%90cloud\\\/\"},\"author\":{\"name\":\"admin\",\"@id\":\"https:\\\/\\\/www.organisator.ch\\\/#\\\/schema\\\/person\\\/aa2bace6c5c5aad60102004a50c4eb1c\"},\"headline\":\"Acht Tipps zum Aufbau einer Hybrid\u2010Cloud\",\"datePublished\":\"2016-04-01T06:55:36+00:00\",\"mainEntityOfPage\":{\"@id\":\"https:\\\/\\\/www.organisator.ch\\\/management\\\/it\\\/2016-04-01\\\/acht-tipps-zum-aufbau-einer-hybrid%e2%80%90cloud\\\/\"},\"wordCount\":759,\"commentCount\":0,\"publisher\":{\"@id\":\"https:\\\/\\\/www.organisator.ch\\\/#organization\"},\"image\":{\"@id\":\"https:\\\/\\\/www.organisator.ch\\\/management\\\/it\\\/2016-04-01\\\/acht-tipps-zum-aufbau-einer-hybrid%e2%80%90cloud\\\/#primaryimage\"},\"thumbnailUrl\":\"https:\\\/\\\/www.organisator.ch\\\/wp-content\\\/uploads\\\/2016\\\/12\\\/Acht-Tipps-zum-Aufbau-einer-Hybrid\u2010Cloud-organisator.jpg\",\"keywords\":[\"B\u00fcro\",\"IT\",\"IT &amp; Business Software\"],\"articleSection\":[\"IT\"],\"inLanguage\":\"en-US\"},{\"@type\":\"WebPage\",\"@id\":\"https:\\\/\\\/www.organisator.ch\\\/management\\\/it\\\/2016-04-01\\\/acht-tipps-zum-aufbau-einer-hybrid%e2%80%90cloud\\\/\",\"url\":\"https:\\\/\\\/www.organisator.ch\\\/management\\\/it\\\/2016-04-01\\\/acht-tipps-zum-aufbau-einer-hybrid%e2%80%90cloud\\\/\",\"name\":\"Acht Tipps zum Aufbau einer Hybrid\u2010Cloud - Organisator\",\"isPartOf\":{\"@id\":\"https:\\\/\\\/www.organisator.ch\\\/#website\"},\"primaryImageOfPage\":{\"@id\":\"https:\\\/\\\/www.organisator.ch\\\/management\\\/it\\\/2016-04-01\\\/acht-tipps-zum-aufbau-einer-hybrid%e2%80%90cloud\\\/#primaryimage\"},\"image\":{\"@id\":\"https:\\\/\\\/www.organisator.ch\\\/management\\\/it\\\/2016-04-01\\\/acht-tipps-zum-aufbau-einer-hybrid%e2%80%90cloud\\\/#primaryimage\"},\"thumbnailUrl\":\"https:\\\/\\\/www.organisator.ch\\\/wp-content\\\/uploads\\\/2016\\\/12\\\/Acht-Tipps-zum-Aufbau-einer-Hybrid\u2010Cloud-organisator.jpg\",\"datePublished\":\"2016-04-01T06:55:36+00:00\",\"description\":\"Laut IDC wollen 57 Prozent der Unternehmen in Deutschland innerhalb der n\u00e4chsten zwei Jahre hybride Cloud\u2010Umgebungen aufbauen.\",\"breadcrumb\":{\"@id\":\"https:\\\/\\\/www.organisator.ch\\\/management\\\/it\\\/2016-04-01\\\/acht-tipps-zum-aufbau-einer-hybrid%e2%80%90cloud\\\/#breadcrumb\"},\"inLanguage\":\"en-US\",\"potentialAction\":[{\"@type\":\"ReadAction\",\"target\":[\"https:\\\/\\\/www.organisator.ch\\\/management\\\/it\\\/2016-04-01\\\/acht-tipps-zum-aufbau-einer-hybrid%e2%80%90cloud\\\/\"]}]},{\"@type\":\"ImageObject\",\"inLanguage\":\"en-US\",\"@id\":\"https:\\\/\\\/www.organisator.ch\\\/management\\\/it\\\/2016-04-01\\\/acht-tipps-zum-aufbau-einer-hybrid%e2%80%90cloud\\\/#primaryimage\",\"url\":\"https:\\\/\\\/www.organisator.ch\\\/wp-content\\\/uploads\\\/2016\\\/12\\\/Acht-Tipps-zum-Aufbau-einer-Hybrid\u2010Cloud-organisator.jpg\",\"contentUrl\":\"https:\\\/\\\/www.organisator.ch\\\/wp-content\\\/uploads\\\/2016\\\/12\\\/Acht-Tipps-zum-Aufbau-einer-Hybrid\u2010Cloud-organisator.jpg\",\"width\":394,\"height\":405,\"caption\":\"Ann Thueland, Director Marketing EMEA bei Actifio\"},{\"@type\":\"BreadcrumbList\",\"@id\":\"https:\\\/\\\/www.organisator.ch\\\/management\\\/it\\\/2016-04-01\\\/acht-tipps-zum-aufbau-einer-hybrid%e2%80%90cloud\\\/#breadcrumb\",\"itemListElement\":[{\"@type\":\"ListItem\",\"position\":1,\"name\":\"Home\",\"item\":\"https:\\\/\\\/www.organisator.ch\\\/\"},{\"@type\":\"ListItem\",\"position\":2,\"name\":\"Acht Tipps zum Aufbau einer Hybrid\u2010Cloud\"}]},{\"@type\":\"WebSite\",\"@id\":\"https:\\\/\\\/www.organisator.ch\\\/#website\",\"url\":\"https:\\\/\\\/www.organisator.ch\\\/\",\"name\":\"Organisator\",\"description\":\"Kompetent. Praxisnah. Der ORGANISATOR bereitet in 10 Ausgaben pro Jahr die wesentlichen Themen f\u00fcr F\u00fchrungskr\u00e4fte von KMU auf.\",\"publisher\":{\"@id\":\"https:\\\/\\\/www.organisator.ch\\\/#organization\"},\"potentialAction\":[{\"@type\":\"SearchAction\",\"target\":{\"@type\":\"EntryPoint\",\"urlTemplate\":\"https:\\\/\\\/www.organisator.ch\\\/?s={search_term_string}\"},\"query-input\":{\"@type\":\"PropertyValueSpecification\",\"valueRequired\":true,\"valueName\":\"search_term_string\"}}],\"inLanguage\":\"en-US\"},{\"@type\":\"Organization\",\"@id\":\"https:\\\/\\\/www.organisator.ch\\\/#organization\",\"name\":\"Organisator\",\"url\":\"https:\\\/\\\/www.organisator.ch\\\/\",\"logo\":{\"@type\":\"ImageObject\",\"inLanguage\":\"en-US\",\"@id\":\"https:\\\/\\\/www.organisator.ch\\\/#\\\/schema\\\/logo\\\/image\\\/\",\"url\":\"https:\\\/\\\/www.organisator.ch\\\/wp-content\\\/uploads\\\/2022\\\/01\\\/Logo_Organisator_Website.png\",\"contentUrl\":\"https:\\\/\\\/www.organisator.ch\\\/wp-content\\\/uploads\\\/2022\\\/01\\\/Logo_Organisator_Website.png\",\"width\":800,\"height\":77,\"caption\":\"Organisator\"},\"image\":{\"@id\":\"https:\\\/\\\/www.organisator.ch\\\/#\\\/schema\\\/logo\\\/image\\\/\"},\"sameAs\":[\"https:\\\/\\\/www.facebook.com\\\/OrganisatorFachmagazin\",\"https:\\\/\\\/www.linkedin.com\\\/showcase\\\/organisator-das-magazin-fr-kmu\",\"https:\\\/\\\/www.xing.com\\\/news\\\/pages\\\/organisator-ch-695\",\"https:\\\/\\\/www.youtube.com\\\/channel\\\/UCGP2Sq0iWaZwT3BdIAQFYpw\"]},{\"@type\":\"Person\",\"@id\":\"https:\\\/\\\/www.organisator.ch\\\/#\\\/schema\\\/person\\\/aa2bace6c5c5aad60102004a50c4eb1c\",\"name\":\"admin\",\"image\":{\"@type\":\"ImageObject\",\"inLanguage\":\"en-US\",\"@id\":\"https:\\\/\\\/secure.gravatar.com\\\/avatar\\\/ae2f4d718e6c49043e314ce431e7e645d646302a24a5ef5a8bc8e3f5a032e319?s=96&d=mm&r=g\",\"url\":\"https:\\\/\\\/secure.gravatar.com\\\/avatar\\\/ae2f4d718e6c49043e314ce431e7e645d646302a24a5ef5a8bc8e3f5a032e319?s=96&d=mm&r=g\",\"contentUrl\":\"https:\\\/\\\/secure.gravatar.com\\\/avatar\\\/ae2f4d718e6c49043e314ce431e7e645d646302a24a5ef5a8bc8e3f5a032e319?s=96&d=mm&r=g\",\"caption\":\"admin\"},\"sameAs\":[\"https:\\\/\\\/www.organisator.ch\"],\"url\":\"https:\\\/\\\/www.organisator.ch\\\/en\\\/author\\\/admin\\\/\"}]}<\/script>\n<!-- \/ Yoast SEO plugin. -->","yoast_head_json":{"title":"Eight tips for building a hybrid cloud - Organizer","description":"According to IDC, 57 percent of companies in Germany intend to build hybrid cloud environments within the next two years.","robots":{"index":"index","follow":"follow","max-snippet":"max-snippet:-1","max-image-preview":"max-image-preview:large","max-video-preview":"max-video-preview:-1"},"canonical":"https:\/\/www.organisator.ch\/en\/management\/it\/2016-04-01\/eight-tips-to-build-a-hybrid\u2010cloud\/","og_locale":"en_US","og_type":"article","og_title":"Acht Tipps zum Aufbau einer Hybrid\u2010Cloud","og_description":"Beim Thema Business\u2010Transformation spielt das Modell der Hybrid\u2010Cloud f\u00fcr Unternehmen eine immer gr\u00f6\u00dfere Rolle. Laut IDC wollen 57 Prozent der Unternehmen in Deutschland innerhalb der n\u00e4chsten zwei Jahre hybride Cloud\u2010Umgebungen aufbauen. Vor diesem Hintergrund gibt Actifio, spezialisiert auf die Virtualisierung von Datenkopien, acht Ratschl\u00e4ge f\u00fcr die Realisierung einer Hybrid\u2010Cloud.","og_url":"https:\/\/www.organisator.ch\/en\/management\/it\/2016-04-01\/eight-tips-to-build-a-hybrid\u2010cloud\/","og_site_name":"Organisator","article_publisher":"https:\/\/www.facebook.com\/OrganisatorFachmagazin","article_published_time":"2016-04-01T06:55:36+00:00","author":"admin","twitter_card":"summary_large_image","twitter_image":"https:\/\/www.organisator.ch\/wp-content\/uploads\/2016\/12\/Acht-Tipps-zum-Aufbau-einer-Hybrid\u2010Cloud-organisator.jpg","schema":{"@context":"https:\/\/schema.org","@graph":[{"@type":"Article","@id":"https:\/\/www.organisator.ch\/management\/it\/2016-04-01\/acht-tipps-zum-aufbau-einer-hybrid%e2%80%90cloud\/#article","isPartOf":{"@id":"https:\/\/www.organisator.ch\/management\/it\/2016-04-01\/acht-tipps-zum-aufbau-einer-hybrid%e2%80%90cloud\/"},"author":{"name":"admin","@id":"https:\/\/www.organisator.ch\/#\/schema\/person\/aa2bace6c5c5aad60102004a50c4eb1c"},"headline":"Acht Tipps zum Aufbau einer Hybrid\u2010Cloud","datePublished":"2016-04-01T06:55:36+00:00","mainEntityOfPage":{"@id":"https:\/\/www.organisator.ch\/management\/it\/2016-04-01\/acht-tipps-zum-aufbau-einer-hybrid%e2%80%90cloud\/"},"wordCount":759,"commentCount":0,"publisher":{"@id":"https:\/\/www.organisator.ch\/#organization"},"image":{"@id":"https:\/\/www.organisator.ch\/management\/it\/2016-04-01\/acht-tipps-zum-aufbau-einer-hybrid%e2%80%90cloud\/#primaryimage"},"thumbnailUrl":"https:\/\/www.organisator.ch\/wp-content\/uploads\/2016\/12\/Acht-Tipps-zum-Aufbau-einer-Hybrid\u2010Cloud-organisator.jpg","keywords":["B\u00fcro","IT","IT &amp; Business Software"],"articleSection":["IT"],"inLanguage":"en-US"},{"@type":"WebPage","@id":"https:\/\/www.organisator.ch\/management\/it\/2016-04-01\/acht-tipps-zum-aufbau-einer-hybrid%e2%80%90cloud\/","url":"https:\/\/www.organisator.ch\/management\/it\/2016-04-01\/acht-tipps-zum-aufbau-einer-hybrid%e2%80%90cloud\/","name":"Eight tips for building a hybrid cloud - Organizer","isPartOf":{"@id":"https:\/\/www.organisator.ch\/#website"},"primaryImageOfPage":{"@id":"https:\/\/www.organisator.ch\/management\/it\/2016-04-01\/acht-tipps-zum-aufbau-einer-hybrid%e2%80%90cloud\/#primaryimage"},"image":{"@id":"https:\/\/www.organisator.ch\/management\/it\/2016-04-01\/acht-tipps-zum-aufbau-einer-hybrid%e2%80%90cloud\/#primaryimage"},"thumbnailUrl":"https:\/\/www.organisator.ch\/wp-content\/uploads\/2016\/12\/Acht-Tipps-zum-Aufbau-einer-Hybrid\u2010Cloud-organisator.jpg","datePublished":"2016-04-01T06:55:36+00:00","description":"According to IDC, 57 percent of companies in Germany intend to build hybrid cloud environments within the next two years.","breadcrumb":{"@id":"https:\/\/www.organisator.ch\/management\/it\/2016-04-01\/acht-tipps-zum-aufbau-einer-hybrid%e2%80%90cloud\/#breadcrumb"},"inLanguage":"en-US","potentialAction":[{"@type":"ReadAction","target":["https:\/\/www.organisator.ch\/management\/it\/2016-04-01\/acht-tipps-zum-aufbau-einer-hybrid%e2%80%90cloud\/"]}]},{"@type":"ImageObject","inLanguage":"en-US","@id":"https:\/\/www.organisator.ch\/management\/it\/2016-04-01\/acht-tipps-zum-aufbau-einer-hybrid%e2%80%90cloud\/#primaryimage","url":"https:\/\/www.organisator.ch\/wp-content\/uploads\/2016\/12\/Acht-Tipps-zum-Aufbau-einer-Hybrid\u2010Cloud-organisator.jpg","contentUrl":"https:\/\/www.organisator.ch\/wp-content\/uploads\/2016\/12\/Acht-Tipps-zum-Aufbau-einer-Hybrid\u2010Cloud-organisator.jpg","width":394,"height":405,"caption":"Ann Thueland, Director Marketing EMEA bei Actifio"},{"@type":"BreadcrumbList","@id":"https:\/\/www.organisator.ch\/management\/it\/2016-04-01\/acht-tipps-zum-aufbau-einer-hybrid%e2%80%90cloud\/#breadcrumb","itemListElement":[{"@type":"ListItem","position":1,"name":"Home","item":"https:\/\/www.organisator.ch\/"},{"@type":"ListItem","position":2,"name":"Acht Tipps zum Aufbau einer Hybrid\u2010Cloud"}]},{"@type":"WebSite","@id":"https:\/\/www.organisator.ch\/#website","url":"https:\/\/www.organisator.ch\/","name":"Organizer","description":"Competent. Practical. In 10 issues per year, ORGANISATOR presents the essential topics for managers of SMEs.","publisher":{"@id":"https:\/\/www.organisator.ch\/#organization"},"potentialAction":[{"@type":"SearchAction","target":{"@type":"EntryPoint","urlTemplate":"https:\/\/www.organisator.ch\/?s={search_term_string}"},"query-input":{"@type":"PropertyValueSpecification","valueRequired":true,"valueName":"search_term_string"}}],"inLanguage":"en-US"},{"@type":"Organization","@id":"https:\/\/www.organisator.ch\/#organization","name":"Organizer","url":"https:\/\/www.organisator.ch\/","logo":{"@type":"ImageObject","inLanguage":"en-US","@id":"https:\/\/www.organisator.ch\/#\/schema\/logo\/image\/","url":"https:\/\/www.organisator.ch\/wp-content\/uploads\/2022\/01\/Logo_Organisator_Website.png","contentUrl":"https:\/\/www.organisator.ch\/wp-content\/uploads\/2022\/01\/Logo_Organisator_Website.png","width":800,"height":77,"caption":"Organisator"},"image":{"@id":"https:\/\/www.organisator.ch\/#\/schema\/logo\/image\/"},"sameAs":["https:\/\/www.facebook.com\/OrganisatorFachmagazin","https:\/\/www.linkedin.com\/showcase\/organisator-das-magazin-fr-kmu","https:\/\/www.xing.com\/news\/pages\/organisator-ch-695","https:\/\/www.youtube.com\/channel\/UCGP2Sq0iWaZwT3BdIAQFYpw"]},{"@type":"Person","@id":"https:\/\/www.organisator.ch\/#\/schema\/person\/aa2bace6c5c5aad60102004a50c4eb1c","name":"admin","image":{"@type":"ImageObject","inLanguage":"en-US","@id":"https:\/\/secure.gravatar.com\/avatar\/ae2f4d718e6c49043e314ce431e7e645d646302a24a5ef5a8bc8e3f5a032e319?s=96&d=mm&r=g","url":"https:\/\/secure.gravatar.com\/avatar\/ae2f4d718e6c49043e314ce431e7e645d646302a24a5ef5a8bc8e3f5a032e319?s=96&d=mm&r=g","contentUrl":"https:\/\/secure.gravatar.com\/avatar\/ae2f4d718e6c49043e314ce431e7e645d646302a24a5ef5a8bc8e3f5a032e319?s=96&d=mm&r=g","caption":"admin"},"sameAs":["https:\/\/www.organisator.ch"],"url":"https:\/\/www.organisator.ch\/en\/author\/admin\/"}]}},"_links":{"self":[{"href":"https:\/\/www.organisator.ch\/en\/wp-json\/wp\/v2\/posts\/210","targetHints":{"allow":["GET"]}}],"collection":[{"href":"https:\/\/www.organisator.ch\/en\/wp-json\/wp\/v2\/posts"}],"about":[{"href":"https:\/\/www.organisator.ch\/en\/wp-json\/wp\/v2\/types\/post"}],"author":[{"embeddable":true,"href":"https:\/\/www.organisator.ch\/en\/wp-json\/wp\/v2\/users\/1"}],"replies":[{"embeddable":true,"href":"https:\/\/www.organisator.ch\/en\/wp-json\/wp\/v2\/comments?post=210"}],"version-history":[{"count":0,"href":"https:\/\/www.organisator.ch\/en\/wp-json\/wp\/v2\/posts\/210\/revisions"}],"wp:featuredmedia":[{"embeddable":true,"href":"https:\/\/www.organisator.ch\/en\/wp-json\/wp\/v2\/media\/211"}],"wp:attachment":[{"href":"https:\/\/www.organisator.ch\/en\/wp-json\/wp\/v2\/media?parent=210"}],"wp:term":[{"taxonomy":"category","embeddable":true,"href":"https:\/\/www.organisator.ch\/en\/wp-json\/wp\/v2\/categories?post=210"},{"taxonomy":"post_tag","embeddable":true,"href":"https:\/\/www.organisator.ch\/en\/wp-json\/wp\/v2\/tags?post=210"}],"curies":[{"name":"wp","href":"https:\/\/api.w.org\/{rel}","templated":true}]}}