{"id":2102,"date":"2019-04-23T16:32:35","date_gmt":"2019-04-23T14:32:35","guid":{"rendered":"https:\/\/www.umweltperspektiven.ch\/?p=2102"},"modified":"2019-04-23T16:32:35","modified_gmt":"2019-04-23T14:32:35","slug":"universitaet-bern-wird-durchfuehrungsort-von-weltbank-programm","status":"publish","type":"post","link":"https:\/\/www.organisator.ch\/en\/allgemein\/2019-04-23\/universitaet-bern-wird-durchfuehrungsort-von-weltbank-programm\/","title":{"rendered":"University of Bern becomes implementation site of World Bank program"},"content":{"rendered":"<div id=\"media_text\">\n<figure id=\"attachment_2105\" aria-describedby=\"caption-attachment-2105\" style=\"width: 680px\" class=\"wp-caption alignnone\"><img loading=\"lazy\" decoding=\"async\" class=\"size-medium wp-image-2105\" src=\"\/\/www.umweltperspektiven.ch\/wp-content\/uploads\/2019\/04\/Cyber-Risiken-Neue-Empfehlungen-des-Bundes-mq-management-u-qualitaet.jpg\" alt=\"\" width=\"680\" height=\"392\" srcset=\"https:\/\/www.organisator.ch\/wp-content\/uploads\/2019\/04\/Cyber-Risiken-Neue-Empfehlungen-des-Bundes-mq-management-u-qualitaet.jpg 1000w, https:\/\/www.organisator.ch\/wp-content\/uploads\/2019\/04\/Cyber-Risiken-Neue-Empfehlungen-des-Bundes-mq-management-u-qualitaet-680x392.jpg 680w, https:\/\/www.organisator.ch\/wp-content\/uploads\/2019\/04\/Cyber-Risiken-Neue-Empfehlungen-des-Bundes-mq-management-u-qualitaet-768x442.jpg 768w, https:\/\/www.organisator.ch\/wp-content\/uploads\/2019\/04\/Cyber-Risiken-Neue-Empfehlungen-des-Bundes-mq-management-u-qualitaet-18x10.jpg 18w, https:\/\/www.organisator.ch\/wp-content\/uploads\/2019\/04\/Cyber-Risiken-Neue-Empfehlungen-des-Bundes-mq-management-u-qualitaet-304x175.jpg 304w, https:\/\/www.organisator.ch\/wp-content\/uploads\/2019\/04\/Cyber-Risiken-Neue-Empfehlungen-des-Bundes-mq-management-u-qualitaet-608x350.jpg 608w, https:\/\/www.organisator.ch\/wp-content\/uploads\/2019\/04\/Cyber-Risiken-Neue-Empfehlungen-des-Bundes-mq-management-u-qualitaet-920x530.jpg 920w, https:\/\/www.organisator.ch\/wp-content\/uploads\/2019\/04\/Cyber-Risiken-Neue-Empfehlungen-des-Bundes-mq-management-u-qualitaet-300x173.jpg 300w\" sizes=\"auto, (max-width: 680px) 100vw, 680px\" \/><figcaption id=\"caption-attachment-2105\" class=\"wp-caption-text\">For the first time ever, the world's leading continuing education program in evaluation will be held in Switzerland this summer. (Symbol image depositphotos)<\/figcaption><\/figure>\n<p>The University of Bern is the only university in Switzerland to have offered a comprehensive continuing education program in evaluation for 15 years. And the efforts of the capital city university and its Center for University Continuing Education (ZUW) are now paying off: The University of Bern, together with the Center for Evaluation (CEval) in Saarbr\u00fccken, has been selected as the sponsor of the new edition of the International Program for Development Evaluation Training (IPDET) by the Independent Evaluation Group (IEG) of the World Bank. IPDET is the world's leading advanced training program for evaluation in development cooperation. Starting in summer 2018, internationally renowned experts will offer the courses of the IPDET program at the University of Bern.<\/p>\n<h2>Professional evaluations are becoming increasingly important<\/h2>\n<p>The importance of the IPDET program is constantly increasing. Among other things, because all countries are required to assess their contribution to achieving the goals set out in the UN 2030 Agenda for Sustainable Development. \"For the University of Bern, this mission therefore cannot be overstated - in addition to international visibility and networking, the university will gain reputation and recognition in the field of evaluation due to the uniqueness of the program,\" says program manager Stefanie Krapp.<\/p>\n<h2>University of Bern wins against more than 40 competitors<\/h2>\n<p>The University of Bern and CEval prevailed against more than 40 competitors in an intensive multi-stage selection process. Especially the vision convinced the IEG: According to the changing demands in the field of evaluation and contextual conditions in countries of the global south, the program will be successively developed and modernized. New topics in evaluation, new teaching and learning modalities (especially blended learning formats) and new forms of involvement of actors in the global South will be introduced.<\/p>\n<h2>Information about the training program<\/h2>\n<p>IPDET was based at Carleton University in Ottawa, Canada, from 1999 to 2016, during which time it established itself as the world's leading professional development program for evaluation in development cooperation, with a total of more than 3,500 participants from 125 countries. IPDET provides managers and practitioners with the tools to evaluate development strategies, programs and projects at the local, national, regional and global levels. The continuing education program is designed for development professionals who conduct, manage, or use evaluations. Participants may come from ministries or agencies in developing countries, development banks, the non-profit and foundation sectors, the United Nations system, and bilateral development agencies, universities, think tanks, and private sector consultancies specializing in development evaluation.<\/p>\n<p><em>Registration for the first course program, July 16-27, is still open until May 31, 2018 (for more information, visit\u00a0<a href=\"\/\/www.ipdet.unibe.ch\">www.ipdet.unibe.ch<\/a>).<\/em><\/p>\n<\/div>","protected":false},"excerpt":{"rendered":"<p>Als einzige Universit\u00e4t in der Schweiz bietet die Universit\u00e4t Bern seit 15 Jahren ein umfassendes Weiterbildungsangebot in Evaluation an. Und die Bestrebungen der Hauptstadtuni und ihrem Zentrum f\u00fcr universit\u00e4re Weiterbildung (ZUW) zahlen sich nun aus: Die Universit\u00e4t Bern wurde zusammen mit dem Centrum f\u00fcr Evaluation (CEval) in Saarbr\u00fccken als Tr\u00e4gerin der Neuauflage des Internationalen Programms [&hellip;]<\/p>\n","protected":false},"author":5,"featured_media":2105,"comment_status":"open","ping_status":"open","sticky":false,"template":"","format":"standard","meta":{"_acf_changed":false,"_yoast_wpseo_focuskw":"Universit\u00e4t Bern","_yoast_wpseo_metadesc":"Die Weltbank hat die Universit\u00e4t Bern als Tr\u00e4gerin des internationalen Programms f\u00fcr Entwicklungsevaluationstraining (IPDET) ausgew\u00e4hlt.","articlekey":"","footnotes":""},"categories":[1],"tags":[2406,518,2542],"class_list":["post-2102","post","type-post","status-publish","format-standard","has-post-thumbnail","hentry","category-allgemein","tag-universitaet-bern","tag-weiterbildung","tag-weltbank"],"acf":[],"yoast_head":"<!-- This site is optimized with the Yoast SEO plugin v27.5 - https:\/\/yoast.com\/product\/yoast-seo-wordpress\/ -->\n<title>Universit\u00e4t Bern wird Durchf\u00fchrungsort von Weltbank-Programm - Organisator<\/title>\n<meta name=\"description\" content=\"Die Weltbank hat die Universit\u00e4t Bern als Tr\u00e4gerin des internationalen Programms f\u00fcr Entwicklungsevaluationstraining (IPDET) ausgew\u00e4hlt.\" \/>\n<meta name=\"robots\" content=\"index, follow, max-snippet:-1, max-image-preview:large, max-video-preview:-1\" \/>\n<link rel=\"canonical\" href=\"https:\/\/www.organisator.ch\/en\/general\/2019-04-23\/universitaet-bern-wird-durchfuehrungsort-von-weltbank-programm\/\" \/>\n<meta property=\"og:locale\" content=\"en_US\" \/>\n<meta property=\"og:type\" content=\"article\" \/>\n<meta property=\"og:title\" content=\"Universit\u00e4t Bern wird Durchf\u00fchrungsort von Weltbank-Programm - Organisator\" \/>\n<meta property=\"og:description\" content=\"Die Weltbank hat die Universit\u00e4t Bern als Tr\u00e4gerin des internationalen Programms f\u00fcr Entwicklungsevaluationstraining (IPDET) ausgew\u00e4hlt.\" \/>\n<meta property=\"og:url\" content=\"https:\/\/www.organisator.ch\/en\/general\/2019-04-23\/universitaet-bern-wird-durchfuehrungsort-von-weltbank-programm\/\" \/>\n<meta property=\"og:site_name\" content=\"Organisator\" \/>\n<meta property=\"article:publisher\" content=\"https:\/\/www.facebook.com\/OrganisatorFachmagazin\" \/>\n<meta property=\"article:published_time\" content=\"2019-04-23T14:32:35+00:00\" \/>\n<meta property=\"og:image\" content=\"https:\/\/www.organisator.ch\/wp-content\/uploads\/2019\/04\/Cyber-Risiken-Neue-Empfehlungen-des-Bundes-mq-management-u-qualitaet.jpg\" \/>\n\t<meta property=\"og:image:width\" content=\"1000\" \/>\n\t<meta property=\"og:image:height\" content=\"576\" \/>\n\t<meta property=\"og:image:type\" content=\"image\/jpeg\" \/>\n<meta name=\"author\" content=\"michael.merz\" \/>\n<meta name=\"twitter:card\" content=\"summary_large_image\" \/>\n<script type=\"application\/ld+json\" class=\"yoast-schema-graph\">{\"@context\":\"https:\\\/\\\/schema.org\",\"@graph\":[{\"@type\":\"Article\",\"@id\":\"https:\\\/\\\/www.organisator.ch\\\/it\\\/generale\\\/2019-04-23\\\/universitaet-bern-wird-durchfuehrungsort-von-weltbank-programm\\\/#article\",\"isPartOf\":{\"@id\":\"https:\\\/\\\/www.organisator.ch\\\/it\\\/generale\\\/2019-04-23\\\/universitaet-bern-wird-durchfuehrungsort-von-weltbank-programm\\\/\"},\"author\":{\"name\":\"michael.merz\",\"@id\":\"https:\\\/\\\/www.organisator.ch\\\/#\\\/schema\\\/person\\\/134708ca9321c57b0362cceb7948ffbd\"},\"headline\":\"Universit\u00e4t Bern wird Durchf\u00fchrungsort von Weltbank-Programm\",\"datePublished\":\"2019-04-23T14:32:35+00:00\",\"mainEntityOfPage\":{\"@id\":\"https:\\\/\\\/www.organisator.ch\\\/it\\\/generale\\\/2019-04-23\\\/universitaet-bern-wird-durchfuehrungsort-von-weltbank-programm\\\/\"},\"wordCount\":460,\"commentCount\":0,\"publisher\":{\"@id\":\"https:\\\/\\\/www.organisator.ch\\\/#organization\"},\"image\":{\"@id\":\"https:\\\/\\\/www.organisator.ch\\\/it\\\/generale\\\/2019-04-23\\\/universitaet-bern-wird-durchfuehrungsort-von-weltbank-programm\\\/#primaryimage\"},\"thumbnailUrl\":\"https:\\\/\\\/www.organisator.ch\\\/wp-content\\\/uploads\\\/2019\\\/04\\\/Cyber-Risiken-Neue-Empfehlungen-des-Bundes-mq-management-u-qualitaet.jpg\",\"keywords\":[\"Universit\u00e4t Bern\",\"Weiterbildung\",\"Weltbank\"],\"articleSection\":[\"Allgemein\"],\"inLanguage\":\"en-US\"},{\"@type\":\"WebPage\",\"@id\":\"https:\\\/\\\/www.organisator.ch\\\/it\\\/generale\\\/2019-04-23\\\/universitaet-bern-wird-durchfuehrungsort-von-weltbank-programm\\\/\",\"url\":\"https:\\\/\\\/www.organisator.ch\\\/it\\\/generale\\\/2019-04-23\\\/universitaet-bern-wird-durchfuehrungsort-von-weltbank-programm\\\/\",\"name\":\"Universit\u00e4t Bern wird Durchf\u00fchrungsort von Weltbank-Programm - Organisator\",\"isPartOf\":{\"@id\":\"https:\\\/\\\/www.organisator.ch\\\/#website\"},\"primaryImageOfPage\":{\"@id\":\"https:\\\/\\\/www.organisator.ch\\\/it\\\/generale\\\/2019-04-23\\\/universitaet-bern-wird-durchfuehrungsort-von-weltbank-programm\\\/#primaryimage\"},\"image\":{\"@id\":\"https:\\\/\\\/www.organisator.ch\\\/it\\\/generale\\\/2019-04-23\\\/universitaet-bern-wird-durchfuehrungsort-von-weltbank-programm\\\/#primaryimage\"},\"thumbnailUrl\":\"https:\\\/\\\/www.organisator.ch\\\/wp-content\\\/uploads\\\/2019\\\/04\\\/Cyber-Risiken-Neue-Empfehlungen-des-Bundes-mq-management-u-qualitaet.jpg\",\"datePublished\":\"2019-04-23T14:32:35+00:00\",\"description\":\"Die Weltbank hat die Universit\u00e4t Bern als Tr\u00e4gerin des internationalen Programms f\u00fcr Entwicklungsevaluationstraining (IPDET) ausgew\u00e4hlt.\",\"breadcrumb\":{\"@id\":\"https:\\\/\\\/www.organisator.ch\\\/it\\\/generale\\\/2019-04-23\\\/universitaet-bern-wird-durchfuehrungsort-von-weltbank-programm\\\/#breadcrumb\"},\"inLanguage\":\"en-US\",\"potentialAction\":[{\"@type\":\"ReadAction\",\"target\":[\"https:\\\/\\\/www.organisator.ch\\\/it\\\/generale\\\/2019-04-23\\\/universitaet-bern-wird-durchfuehrungsort-von-weltbank-programm\\\/\"]}]},{\"@type\":\"ImageObject\",\"inLanguage\":\"en-US\",\"@id\":\"https:\\\/\\\/www.organisator.ch\\\/it\\\/generale\\\/2019-04-23\\\/universitaet-bern-wird-durchfuehrungsort-von-weltbank-programm\\\/#primaryimage\",\"url\":\"https:\\\/\\\/www.organisator.ch\\\/wp-content\\\/uploads\\\/2019\\\/04\\\/Cyber-Risiken-Neue-Empfehlungen-des-Bundes-mq-management-u-qualitaet.jpg\",\"contentUrl\":\"https:\\\/\\\/www.organisator.ch\\\/wp-content\\\/uploads\\\/2019\\\/04\\\/Cyber-Risiken-Neue-Empfehlungen-des-Bundes-mq-management-u-qualitaet.jpg\",\"width\":1000,\"height\":576,\"caption\":\"Zum ersten Mal \u00fcberhaupt findet diesen Sommer das weltweit f\u00fchrende Weiterbildungsprogramm f\u00fcr Evaluation in der Schweiz statt. (Symbolbild depositphotos)\"},{\"@type\":\"BreadcrumbList\",\"@id\":\"https:\\\/\\\/www.organisator.ch\\\/it\\\/generale\\\/2019-04-23\\\/universitaet-bern-wird-durchfuehrungsort-von-weltbank-programm\\\/#breadcrumb\",\"itemListElement\":[{\"@type\":\"ListItem\",\"position\":1,\"name\":\"Home\",\"item\":\"https:\\\/\\\/www.organisator.ch\\\/\"},{\"@type\":\"ListItem\",\"position\":2,\"name\":\"Universit\u00e4t Bern wird Durchf\u00fchrungsort von Weltbank-Programm\"}]},{\"@type\":\"WebSite\",\"@id\":\"https:\\\/\\\/www.organisator.ch\\\/#website\",\"url\":\"https:\\\/\\\/www.organisator.ch\\\/\",\"name\":\"Organisator\",\"description\":\"Kompetent. Praxisnah. Der ORGANISATOR bereitet in 10 Ausgaben pro Jahr die wesentlichen Themen f\u00fcr F\u00fchrungskr\u00e4fte von KMU auf.\",\"publisher\":{\"@id\":\"https:\\\/\\\/www.organisator.ch\\\/#organization\"},\"potentialAction\":[{\"@type\":\"SearchAction\",\"target\":{\"@type\":\"EntryPoint\",\"urlTemplate\":\"https:\\\/\\\/www.organisator.ch\\\/?s={search_term_string}\"},\"query-input\":{\"@type\":\"PropertyValueSpecification\",\"valueRequired\":true,\"valueName\":\"search_term_string\"}}],\"inLanguage\":\"en-US\"},{\"@type\":\"Organization\",\"@id\":\"https:\\\/\\\/www.organisator.ch\\\/#organization\",\"name\":\"Organisator\",\"url\":\"https:\\\/\\\/www.organisator.ch\\\/\",\"logo\":{\"@type\":\"ImageObject\",\"inLanguage\":\"en-US\",\"@id\":\"https:\\\/\\\/www.organisator.ch\\\/#\\\/schema\\\/logo\\\/image\\\/\",\"url\":\"https:\\\/\\\/www.organisator.ch\\\/wp-content\\\/uploads\\\/2022\\\/01\\\/Logo_Organisator_Website.png\",\"contentUrl\":\"https:\\\/\\\/www.organisator.ch\\\/wp-content\\\/uploads\\\/2022\\\/01\\\/Logo_Organisator_Website.png\",\"width\":800,\"height\":77,\"caption\":\"Organisator\"},\"image\":{\"@id\":\"https:\\\/\\\/www.organisator.ch\\\/#\\\/schema\\\/logo\\\/image\\\/\"},\"sameAs\":[\"https:\\\/\\\/www.facebook.com\\\/OrganisatorFachmagazin\",\"https:\\\/\\\/www.linkedin.com\\\/showcase\\\/organisator-das-magazin-fr-kmu\",\"https:\\\/\\\/www.xing.com\\\/news\\\/pages\\\/organisator-ch-695\",\"https:\\\/\\\/www.youtube.com\\\/channel\\\/UCGP2Sq0iWaZwT3BdIAQFYpw\"]},{\"@type\":\"Person\",\"@id\":\"https:\\\/\\\/www.organisator.ch\\\/#\\\/schema\\\/person\\\/134708ca9321c57b0362cceb7948ffbd\",\"name\":\"michael.merz\",\"image\":{\"@type\":\"ImageObject\",\"inLanguage\":\"en-US\",\"@id\":\"https:\\\/\\\/secure.gravatar.com\\\/avatar\\\/?s=96&d=mm&r=g\",\"url\":\"https:\\\/\\\/secure.gravatar.com\\\/avatar\\\/?s=96&d=mm&r=g\",\"contentUrl\":\"https:\\\/\\\/secure.gravatar.com\\\/avatar\\\/?s=96&d=mm&r=g\",\"caption\":\"michael.merz\"},\"url\":\"https:\\\/\\\/www.organisator.ch\\\/en\\\/author\\\/michael-merz\\\/\"}]}<\/script>\n<!-- \/ Yoast SEO plugin. -->","yoast_head_json":{"title":"University of Berne becomes venue of implementation of World Bank program - organizer","description":"The World Bank has selected the University of Bern as the sponsor of the International Program for Development Evaluation Training (IPDET).","robots":{"index":"index","follow":"follow","max-snippet":"max-snippet:-1","max-image-preview":"max-image-preview:large","max-video-preview":"max-video-preview:-1"},"canonical":"https:\/\/www.organisator.ch\/en\/general\/2019-04-23\/universitaet-bern-wird-durchfuehrungsort-von-weltbank-programm\/","og_locale":"en_US","og_type":"article","og_title":"Universit\u00e4t Bern wird Durchf\u00fchrungsort von Weltbank-Programm - Organisator","og_description":"Die Weltbank hat die Universit\u00e4t Bern als Tr\u00e4gerin des internationalen Programms f\u00fcr Entwicklungsevaluationstraining (IPDET) ausgew\u00e4hlt.","og_url":"https:\/\/www.organisator.ch\/en\/general\/2019-04-23\/universitaet-bern-wird-durchfuehrungsort-von-weltbank-programm\/","og_site_name":"Organisator","article_publisher":"https:\/\/www.facebook.com\/OrganisatorFachmagazin","article_published_time":"2019-04-23T14:32:35+00:00","og_image":[{"width":1000,"height":576,"url":"https:\/\/www.organisator.ch\/wp-content\/uploads\/2019\/04\/Cyber-Risiken-Neue-Empfehlungen-des-Bundes-mq-management-u-qualitaet.jpg","type":"image\/jpeg"}],"author":"michael.merz","twitter_card":"summary_large_image","schema":{"@context":"https:\/\/schema.org","@graph":[{"@type":"Article","@id":"https:\/\/www.organisator.ch\/it\/generale\/2019-04-23\/universitaet-bern-wird-durchfuehrungsort-von-weltbank-programm\/#article","isPartOf":{"@id":"https:\/\/www.organisator.ch\/it\/generale\/2019-04-23\/universitaet-bern-wird-durchfuehrungsort-von-weltbank-programm\/"},"author":{"name":"michael.merz","@id":"https:\/\/www.organisator.ch\/#\/schema\/person\/134708ca9321c57b0362cceb7948ffbd"},"headline":"Universit\u00e4t Bern wird Durchf\u00fchrungsort von Weltbank-Programm","datePublished":"2019-04-23T14:32:35+00:00","mainEntityOfPage":{"@id":"https:\/\/www.organisator.ch\/it\/generale\/2019-04-23\/universitaet-bern-wird-durchfuehrungsort-von-weltbank-programm\/"},"wordCount":460,"commentCount":0,"publisher":{"@id":"https:\/\/www.organisator.ch\/#organization"},"image":{"@id":"https:\/\/www.organisator.ch\/it\/generale\/2019-04-23\/universitaet-bern-wird-durchfuehrungsort-von-weltbank-programm\/#primaryimage"},"thumbnailUrl":"https:\/\/www.organisator.ch\/wp-content\/uploads\/2019\/04\/Cyber-Risiken-Neue-Empfehlungen-des-Bundes-mq-management-u-qualitaet.jpg","keywords":["Universit\u00e4t Bern","Weiterbildung","Weltbank"],"articleSection":["Allgemein"],"inLanguage":"en-US"},{"@type":"WebPage","@id":"https:\/\/www.organisator.ch\/it\/generale\/2019-04-23\/universitaet-bern-wird-durchfuehrungsort-von-weltbank-programm\/","url":"https:\/\/www.organisator.ch\/it\/generale\/2019-04-23\/universitaet-bern-wird-durchfuehrungsort-von-weltbank-programm\/","name":"University of Berne becomes venue of implementation of World Bank program - organizer","isPartOf":{"@id":"https:\/\/www.organisator.ch\/#website"},"primaryImageOfPage":{"@id":"https:\/\/www.organisator.ch\/it\/generale\/2019-04-23\/universitaet-bern-wird-durchfuehrungsort-von-weltbank-programm\/#primaryimage"},"image":{"@id":"https:\/\/www.organisator.ch\/it\/generale\/2019-04-23\/universitaet-bern-wird-durchfuehrungsort-von-weltbank-programm\/#primaryimage"},"thumbnailUrl":"https:\/\/www.organisator.ch\/wp-content\/uploads\/2019\/04\/Cyber-Risiken-Neue-Empfehlungen-des-Bundes-mq-management-u-qualitaet.jpg","datePublished":"2019-04-23T14:32:35+00:00","description":"The World Bank has selected the University of Bern as the sponsor of the International Program for Development Evaluation Training (IPDET).","breadcrumb":{"@id":"https:\/\/www.organisator.ch\/it\/generale\/2019-04-23\/universitaet-bern-wird-durchfuehrungsort-von-weltbank-programm\/#breadcrumb"},"inLanguage":"en-US","potentialAction":[{"@type":"ReadAction","target":["https:\/\/www.organisator.ch\/it\/generale\/2019-04-23\/universitaet-bern-wird-durchfuehrungsort-von-weltbank-programm\/"]}]},{"@type":"ImageObject","inLanguage":"en-US","@id":"https:\/\/www.organisator.ch\/it\/generale\/2019-04-23\/universitaet-bern-wird-durchfuehrungsort-von-weltbank-programm\/#primaryimage","url":"https:\/\/www.organisator.ch\/wp-content\/uploads\/2019\/04\/Cyber-Risiken-Neue-Empfehlungen-des-Bundes-mq-management-u-qualitaet.jpg","contentUrl":"https:\/\/www.organisator.ch\/wp-content\/uploads\/2019\/04\/Cyber-Risiken-Neue-Empfehlungen-des-Bundes-mq-management-u-qualitaet.jpg","width":1000,"height":576,"caption":"Zum ersten Mal \u00fcberhaupt findet diesen Sommer das weltweit f\u00fchrende Weiterbildungsprogramm f\u00fcr Evaluation in der Schweiz statt. (Symbolbild depositphotos)"},{"@type":"BreadcrumbList","@id":"https:\/\/www.organisator.ch\/it\/generale\/2019-04-23\/universitaet-bern-wird-durchfuehrungsort-von-weltbank-programm\/#breadcrumb","itemListElement":[{"@type":"ListItem","position":1,"name":"Home","item":"https:\/\/www.organisator.ch\/"},{"@type":"ListItem","position":2,"name":"Universit\u00e4t Bern wird Durchf\u00fchrungsort von Weltbank-Programm"}]},{"@type":"WebSite","@id":"https:\/\/www.organisator.ch\/#website","url":"https:\/\/www.organisator.ch\/","name":"Organizer","description":"Competent. Practical. In 10 issues per year, ORGANISATOR presents the essential topics for managers of SMEs.","publisher":{"@id":"https:\/\/www.organisator.ch\/#organization"},"potentialAction":[{"@type":"SearchAction","target":{"@type":"EntryPoint","urlTemplate":"https:\/\/www.organisator.ch\/?s={search_term_string}"},"query-input":{"@type":"PropertyValueSpecification","valueRequired":true,"valueName":"search_term_string"}}],"inLanguage":"en-US"},{"@type":"Organization","@id":"https:\/\/www.organisator.ch\/#organization","name":"Organizer","url":"https:\/\/www.organisator.ch\/","logo":{"@type":"ImageObject","inLanguage":"en-US","@id":"https:\/\/www.organisator.ch\/#\/schema\/logo\/image\/","url":"https:\/\/www.organisator.ch\/wp-content\/uploads\/2022\/01\/Logo_Organisator_Website.png","contentUrl":"https:\/\/www.organisator.ch\/wp-content\/uploads\/2022\/01\/Logo_Organisator_Website.png","width":800,"height":77,"caption":"Organisator"},"image":{"@id":"https:\/\/www.organisator.ch\/#\/schema\/logo\/image\/"},"sameAs":["https:\/\/www.facebook.com\/OrganisatorFachmagazin","https:\/\/www.linkedin.com\/showcase\/organisator-das-magazin-fr-kmu","https:\/\/www.xing.com\/news\/pages\/organisator-ch-695","https:\/\/www.youtube.com\/channel\/UCGP2Sq0iWaZwT3BdIAQFYpw"]},{"@type":"Person","@id":"https:\/\/www.organisator.ch\/#\/schema\/person\/134708ca9321c57b0362cceb7948ffbd","name":"michael.merz","image":{"@type":"ImageObject","inLanguage":"en-US","@id":"https:\/\/secure.gravatar.com\/avatar\/?s=96&d=mm&r=g","url":"https:\/\/secure.gravatar.com\/avatar\/?s=96&d=mm&r=g","contentUrl":"https:\/\/secure.gravatar.com\/avatar\/?s=96&d=mm&r=g","caption":"michael.merz"},"url":"https:\/\/www.organisator.ch\/en\/author\/michael-merz\/"}]}},"_links":{"self":[{"href":"https:\/\/www.organisator.ch\/en\/wp-json\/wp\/v2\/posts\/2102","targetHints":{"allow":["GET"]}}],"collection":[{"href":"https:\/\/www.organisator.ch\/en\/wp-json\/wp\/v2\/posts"}],"about":[{"href":"https:\/\/www.organisator.ch\/en\/wp-json\/wp\/v2\/types\/post"}],"author":[{"embeddable":true,"href":"https:\/\/www.organisator.ch\/en\/wp-json\/wp\/v2\/users\/5"}],"replies":[{"embeddable":true,"href":"https:\/\/www.organisator.ch\/en\/wp-json\/wp\/v2\/comments?post=2102"}],"version-history":[{"count":0,"href":"https:\/\/www.organisator.ch\/en\/wp-json\/wp\/v2\/posts\/2102\/revisions"}],"wp:featuredmedia":[{"embeddable":true,"href":"https:\/\/www.organisator.ch\/en\/wp-json\/wp\/v2\/media\/2105"}],"wp:attachment":[{"href":"https:\/\/www.organisator.ch\/en\/wp-json\/wp\/v2\/media?parent=2102"}],"wp:term":[{"taxonomy":"category","embeddable":true,"href":"https:\/\/www.organisator.ch\/en\/wp-json\/wp\/v2\/categories?post=2102"},{"taxonomy":"post_tag","embeddable":true,"href":"https:\/\/www.organisator.ch\/en\/wp-json\/wp\/v2\/tags?post=2102"}],"curies":[{"name":"wp","href":"https:\/\/api.w.org\/{rel}","templated":true}]}}