{"id":21095,"date":"2023-07-31T13:17:02","date_gmt":"2023-07-31T11:17:02","guid":{"rendered":"https:\/\/www.organisator.ch\/?p=21095"},"modified":"2023-07-28T15:40:04","modified_gmt":"2023-07-28T13:40:04","slug":"versorgungssicherheit-der-stoff-aus-dem-traeume-sind","status":"publish","type":"post","link":"https:\/\/www.organisator.ch\/en\/allgemein\/2023-07-31\/versorgungssicherheit-der-stoff-aus-dem-traeume-sind\/","title":{"rendered":"Security of supply ... The stuff that dreams are made of?"},"content":{"rendered":"<figure id=\"attachment_21096\" aria-describedby=\"caption-attachment-21096\" style=\"width: 680px\" class=\"wp-caption alignnone\"><img loading=\"lazy\" decoding=\"async\" class=\"size-full wp-image-21096\" src=\"https:\/\/www.organisator.ch\/wp-content\/uploads\/2023\/07\/Versorgungssicherheit-Der-Stoff-aus-dem-Traeume-sind_Organisator.jpg\" alt=\"\" width=\"680\" height=\"434\" srcset=\"https:\/\/www.organisator.ch\/wp-content\/uploads\/2023\/07\/Versorgungssicherheit-Der-Stoff-aus-dem-Traeume-sind_Organisator.jpg 680w, https:\/\/www.organisator.ch\/wp-content\/uploads\/2023\/07\/Versorgungssicherheit-Der-Stoff-aus-dem-Traeume-sind_Organisator-18x12.jpg 18w, https:\/\/www.organisator.ch\/wp-content\/uploads\/2023\/07\/Versorgungssicherheit-Der-Stoff-aus-dem-Traeume-sind_Organisator-375x239.jpg 375w, https:\/\/www.organisator.ch\/wp-content\/uploads\/2023\/07\/Versorgungssicherheit-Der-Stoff-aus-dem-Traeume-sind_Organisator-548x350.jpg 548w\" sizes=\"auto, (max-width: 680px) 100vw, 680px\" \/><figcaption id=\"caption-attachment-21096\" class=\"wp-caption-text\">The theme of this year's KMU SWISS Symposium in Brugg is \"Security of Supply ... The Stuff Dreams Are Made Of?\" (Image: KMU SWISS)<\/figcaption><\/figure>\n<p>The KMU SWISS Symposium will take place on Thursday, September 7, 2023 in the CAMPUSSAAL Kultur+Kongresse at Bahnhofstrasse 6 in Brugg-Windisch. Together with illustrious personalities from business and politics, 300 to 500 participants are expected. \"In addition to the informal atmosphere, the participants will appreciate the practical relevance of the presentations,\" says Armin Baumann, initiator of KMU SWISS. The symposium will also enable a number of exhibitors to present themselves during the networking breaks.<\/p>\n<h3>Focus on security of supply<\/h3>\n<p>The event addresses security of supply in the broadest sense, after the COVID years revealed problems in this regard. Aftershocks and bottlenecks are still noticeable. Nevertheless, a large majority is not aware of this. Empty warehouses, transportation failures, shortages of necessities such as energy, water, food, raw materials, etc. cripple an economy and can lead to massive conflicts. Whoever is in charge will probably win, unfortunately... Where will we be as Switzerland or Europe in the future? Should prosperity have caught up with us?<\/p>\n<h3><strong>Acting instead of reacting - what concerns everyone, only everyone can solve<\/strong><\/h3>\n<p>To date, every advanced civilization has ultimately failed because of its prosperity. Mahatma Gandhi once said: \"The earth has enough for everyone's needs, but not for everyone's greed. He hit the nail on the head with this. For everyone himself must behave accordingly in order to conserve resources. Politicians believe that they can get a grip on this with laws and regulations and thus achieve the opposite: the economy alone must bear the consequences with losses in competitiveness, which ultimately leads to the erosion of the middle class, which is responsible for 97% of the Swiss value added working in SMEs as self-employed and employees. This in turn causes tensions and conflicts, which provoke riots already by small incidents. Ergo, what concerns everyone can only be solved together, so the message of the event. Furthermore, tolerance towards one's fellow human beings should once again come to the fore.<\/p>\n<h3><strong>Well-known personalities on the podium<\/strong><\/h3>\n<p>The following entrepreneurial personalities should ensure lasting impressions:<\/p>\n<ul>\n<li>Doris Leuthard, former member of the Board of Directors and Member of the Administrative Board\/Foundation Council<\/li>\n<li>Dr. David W.F. Huang, Representative (Ambassador) of Taiwan<\/li>\n<li>Dr. Martin Keller, Chairman of the GL fenaco Cooperative<\/li>\n<li>Daniel Sch\u00f6ni, Owner schoeni.ch Holding AG<\/li>\n<li>J\u00fcrg Brand, CEO vonRoll infratec (holding) AG<\/li>\n<li>Stefan Winzenried, CEO JANZZ.technology<\/li>\n<\/ul>\n<p>Michael Sokoll, who has also presented the symposium in Brugg in the past, will be the moderator. Before the actual symposium, from 11:15 to 12:30, there will be two prologues, on the topics of \"Analyzing and winning customers with Cloud Contact Center\" and \"Darknet\".<\/p>\n<p><em>Further information as well as registration possibilities can be found at <\/em><a href=\"http:\/\/www.kmuswiss.ch\/symposium\"><em>www.kmuswiss.ch\/symposium<\/em><\/a><em>.<\/em><\/p>","protected":false},"excerpt":{"rendered":"<p>This is the theme of the KMU SWISS Symposium, which will be held in Brugg on September 7, 2023. Successful personalities from various fields and industries will speak about their experiences in a practical and timely manner. They will shed light on and discuss the topic from various perspectives on keywords such as industry, trade, information technology, innovation, communication, etc.<\/p>","protected":false},"author":4,"featured_media":0,"comment_status":"closed","ping_status":"closed","sticky":false,"template":"","format":"standard","meta":{"_acf_changed":false,"_yoast_wpseo_focuskw":"Versorgungssicherheit","_yoast_wpseo_metadesc":"\u00abVersorgungssicherheit \u2026 Der Stoff, aus dem Tr\u00e4ume sind?\u00bb So lautet das Thema am KMU SWISS Symposium vom 7. September 2023 in Brugg.","articlekey":"","footnotes":""},"categories":[1],"tags":[193,502,503,508],"class_list":["post-21095","post","type-post","status-publish","format-standard","hentry","category-allgemein","tag-fachkongressfachmesse","tag-veranstaltungen","tag-verbaende","tag-vermischtes"],"acf":[],"yoast_head":"<!-- This site is optimized with the Yoast SEO plugin v27.5 - https:\/\/yoast.com\/product\/yoast-seo-wordpress\/ -->\n<title>Versorgungssicherheit \u2026 Der Stoff, aus dem Tr\u00e4ume sind? - Organisator<\/title>\n<meta name=\"description\" content=\"\u00abVersorgungssicherheit \u2026 Der Stoff, aus dem Tr\u00e4ume sind?\u00bb So lautet das Thema am KMU SWISS Symposium vom 7. September 2023 in Brugg.\" \/>\n<meta name=\"robots\" content=\"index, follow, max-snippet:-1, max-image-preview:large, max-video-preview:-1\" \/>\n<link rel=\"canonical\" href=\"https:\/\/www.organisator.ch\/en\/general\/2023-07-31\/versorgungssicherheit-der-stoff-aus-dem-traeume-sind\/\" \/>\n<meta property=\"og:locale\" content=\"en_US\" \/>\n<meta property=\"og:type\" content=\"article\" \/>\n<meta property=\"og:title\" content=\"Versorgungssicherheit \u2026 Der Stoff, aus dem Tr\u00e4ume sind?\" \/>\n<meta property=\"og:description\" content=\"\u00abVersorgungssicherheit \u2026 Der Stoff, aus dem Tr\u00e4ume sind?\u00bb So lautet das Thema am KMU SWISS Symposium vom 7. September 2023 in Brugg.\" \/>\n<meta property=\"og:url\" content=\"https:\/\/www.organisator.ch\/en\/general\/2023-07-31\/versorgungssicherheit-der-stoff-aus-dem-traeume-sind\/\" \/>\n<meta property=\"og:site_name\" content=\"Organisator\" \/>\n<meta property=\"article:publisher\" content=\"https:\/\/www.facebook.com\/OrganisatorFachmagazin\" \/>\n<meta property=\"article:published_time\" content=\"2023-07-31T11:17:02+00:00\" \/>\n<meta property=\"og:image\" content=\"https:\/\/www.organisator.ch\/wp-content\/uploads\/2023\/07\/Versorgungssicherheit-Der-Stoff-aus-dem-Traeume-sind_Organisator.jpg\" \/>\n\t<meta property=\"og:image:width\" content=\"680\" \/>\n\t<meta property=\"og:image:height\" content=\"434\" \/>\n\t<meta property=\"og:image:type\" content=\"image\/jpeg\" \/>\n<meta name=\"author\" content=\"thomas.berner\" \/>\n<meta name=\"twitter:card\" content=\"summary_large_image\" \/>\n<meta name=\"twitter:title\" content=\"#Versorgungssicherheit \u2026 Der Stoff, aus dem Tr\u00e4ume sind?\" \/>\n<meta name=\"twitter:description\" content=\"\u00ab#Versorgungssicherheit \u2026 Der Stoff, aus dem Tr\u00e4ume sind?\u00bb So lautet das Thema am KMU SWISS #Symposium vom 7. September 2023 in Brugg.\" \/>\n<meta name=\"twitter:image\" content=\"https:\/\/www.organisator.ch\/wp-content\/uploads\/2023\/07\/Versorgungssicherheit-Der-Stoff-aus-dem-Traeume-sind_Organisator.jpg\" \/>\n<script type=\"application\/ld+json\" class=\"yoast-schema-graph\">{\"@context\":\"https:\\\/\\\/schema.org\",\"@graph\":[{\"@type\":\"Article\",\"@id\":\"https:\\\/\\\/www.organisator.ch\\\/allgemein\\\/2023-07-31\\\/versorgungssicherheit-der-stoff-aus-dem-traeume-sind\\\/#article\",\"isPartOf\":{\"@id\":\"https:\\\/\\\/www.organisator.ch\\\/allgemein\\\/2023-07-31\\\/versorgungssicherheit-der-stoff-aus-dem-traeume-sind\\\/\"},\"author\":{\"name\":\"thomas.berner\",\"@id\":\"https:\\\/\\\/www.organisator.ch\\\/#\\\/schema\\\/person\\\/6f650f90b2842cd4c0cc334b4e36f67e\"},\"headline\":\"Versorgungssicherheit \u2026 Der Stoff, aus dem Tr\u00e4ume sind?\",\"datePublished\":\"2023-07-31T11:17:02+00:00\",\"mainEntityOfPage\":{\"@id\":\"https:\\\/\\\/www.organisator.ch\\\/allgemein\\\/2023-07-31\\\/versorgungssicherheit-der-stoff-aus-dem-traeume-sind\\\/\"},\"wordCount\":475,\"publisher\":{\"@id\":\"https:\\\/\\\/www.organisator.ch\\\/#organization\"},\"image\":{\"@id\":\"https:\\\/\\\/www.organisator.ch\\\/allgemein\\\/2023-07-31\\\/versorgungssicherheit-der-stoff-aus-dem-traeume-sind\\\/#primaryimage\"},\"thumbnailUrl\":\"https:\\\/\\\/www.organisator.ch\\\/wp-content\\\/uploads\\\/2023\\\/07\\\/Versorgungssicherheit-Der-Stoff-aus-dem-Traeume-sind_Organisator.jpg\",\"keywords\":[\"Fachkongress\\\/Fachmesse\",\"Veranstaltungen\",\"Verb\u00e4nde\",\"Vermischtes\"],\"articleSection\":[\"Allgemein\"],\"inLanguage\":\"en-US\"},{\"@type\":\"WebPage\",\"@id\":\"https:\\\/\\\/www.organisator.ch\\\/allgemein\\\/2023-07-31\\\/versorgungssicherheit-der-stoff-aus-dem-traeume-sind\\\/\",\"url\":\"https:\\\/\\\/www.organisator.ch\\\/allgemein\\\/2023-07-31\\\/versorgungssicherheit-der-stoff-aus-dem-traeume-sind\\\/\",\"name\":\"Versorgungssicherheit \u2026 Der Stoff, aus dem Tr\u00e4ume sind? - Organisator\",\"isPartOf\":{\"@id\":\"https:\\\/\\\/www.organisator.ch\\\/#website\"},\"primaryImageOfPage\":{\"@id\":\"https:\\\/\\\/www.organisator.ch\\\/allgemein\\\/2023-07-31\\\/versorgungssicherheit-der-stoff-aus-dem-traeume-sind\\\/#primaryimage\"},\"image\":{\"@id\":\"https:\\\/\\\/www.organisator.ch\\\/allgemein\\\/2023-07-31\\\/versorgungssicherheit-der-stoff-aus-dem-traeume-sind\\\/#primaryimage\"},\"thumbnailUrl\":\"https:\\\/\\\/www.organisator.ch\\\/wp-content\\\/uploads\\\/2023\\\/07\\\/Versorgungssicherheit-Der-Stoff-aus-dem-Traeume-sind_Organisator.jpg\",\"datePublished\":\"2023-07-31T11:17:02+00:00\",\"description\":\"\u00abVersorgungssicherheit \u2026 Der Stoff, aus dem Tr\u00e4ume sind?\u00bb So lautet das Thema am KMU SWISS Symposium vom 7. September 2023 in Brugg.\",\"breadcrumb\":{\"@id\":\"https:\\\/\\\/www.organisator.ch\\\/allgemein\\\/2023-07-31\\\/versorgungssicherheit-der-stoff-aus-dem-traeume-sind\\\/#breadcrumb\"},\"inLanguage\":\"en-US\",\"potentialAction\":[{\"@type\":\"ReadAction\",\"target\":[\"https:\\\/\\\/www.organisator.ch\\\/allgemein\\\/2023-07-31\\\/versorgungssicherheit-der-stoff-aus-dem-traeume-sind\\\/\"]}]},{\"@type\":\"ImageObject\",\"inLanguage\":\"en-US\",\"@id\":\"https:\\\/\\\/www.organisator.ch\\\/allgemein\\\/2023-07-31\\\/versorgungssicherheit-der-stoff-aus-dem-traeume-sind\\\/#primaryimage\",\"url\":\"https:\\\/\\\/www.organisator.ch\\\/wp-content\\\/uploads\\\/2023\\\/07\\\/Versorgungssicherheit-Der-Stoff-aus-dem-Traeume-sind_Organisator.jpg\",\"contentUrl\":\"https:\\\/\\\/www.organisator.ch\\\/wp-content\\\/uploads\\\/2023\\\/07\\\/Versorgungssicherheit-Der-Stoff-aus-dem-Traeume-sind_Organisator.jpg\"},{\"@type\":\"BreadcrumbList\",\"@id\":\"https:\\\/\\\/www.organisator.ch\\\/allgemein\\\/2023-07-31\\\/versorgungssicherheit-der-stoff-aus-dem-traeume-sind\\\/#breadcrumb\",\"itemListElement\":[{\"@type\":\"ListItem\",\"position\":1,\"name\":\"Home\",\"item\":\"https:\\\/\\\/www.organisator.ch\\\/\"},{\"@type\":\"ListItem\",\"position\":2,\"name\":\"Versorgungssicherheit \u2026 Der Stoff, aus dem Tr\u00e4ume sind?\"}]},{\"@type\":\"WebSite\",\"@id\":\"https:\\\/\\\/www.organisator.ch\\\/#website\",\"url\":\"https:\\\/\\\/www.organisator.ch\\\/\",\"name\":\"Organisator\",\"description\":\"Kompetent. Praxisnah. Der ORGANISATOR bereitet in 10 Ausgaben pro Jahr die wesentlichen Themen f\u00fcr F\u00fchrungskr\u00e4fte von KMU auf.\",\"publisher\":{\"@id\":\"https:\\\/\\\/www.organisator.ch\\\/#organization\"},\"potentialAction\":[{\"@type\":\"SearchAction\",\"target\":{\"@type\":\"EntryPoint\",\"urlTemplate\":\"https:\\\/\\\/www.organisator.ch\\\/?s={search_term_string}\"},\"query-input\":{\"@type\":\"PropertyValueSpecification\",\"valueRequired\":true,\"valueName\":\"search_term_string\"}}],\"inLanguage\":\"en-US\"},{\"@type\":\"Organization\",\"@id\":\"https:\\\/\\\/www.organisator.ch\\\/#organization\",\"name\":\"Organisator\",\"url\":\"https:\\\/\\\/www.organisator.ch\\\/\",\"logo\":{\"@type\":\"ImageObject\",\"inLanguage\":\"en-US\",\"@id\":\"https:\\\/\\\/www.organisator.ch\\\/#\\\/schema\\\/logo\\\/image\\\/\",\"url\":\"https:\\\/\\\/www.organisator.ch\\\/wp-content\\\/uploads\\\/2022\\\/01\\\/Logo_Organisator_Website.png\",\"contentUrl\":\"https:\\\/\\\/www.organisator.ch\\\/wp-content\\\/uploads\\\/2022\\\/01\\\/Logo_Organisator_Website.png\",\"width\":800,\"height\":77,\"caption\":\"Organisator\"},\"image\":{\"@id\":\"https:\\\/\\\/www.organisator.ch\\\/#\\\/schema\\\/logo\\\/image\\\/\"},\"sameAs\":[\"https:\\\/\\\/www.facebook.com\\\/OrganisatorFachmagazin\",\"https:\\\/\\\/www.linkedin.com\\\/showcase\\\/organisator-das-magazin-fr-kmu\",\"https:\\\/\\\/www.xing.com\\\/news\\\/pages\\\/organisator-ch-695\",\"https:\\\/\\\/www.youtube.com\\\/channel\\\/UCGP2Sq0iWaZwT3BdIAQFYpw\"]},{\"@type\":\"Person\",\"@id\":\"https:\\\/\\\/www.organisator.ch\\\/#\\\/schema\\\/person\\\/6f650f90b2842cd4c0cc334b4e36f67e\",\"name\":\"thomas.berner\",\"image\":{\"@type\":\"ImageObject\",\"inLanguage\":\"en-US\",\"@id\":\"https:\\\/\\\/secure.gravatar.com\\\/avatar\\\/ac5001d2a36cb6c6cd3e50789007ffca834b477b74a2144564522e944eabff61?s=96&d=mm&r=g\",\"url\":\"https:\\\/\\\/secure.gravatar.com\\\/avatar\\\/ac5001d2a36cb6c6cd3e50789007ffca834b477b74a2144564522e944eabff61?s=96&d=mm&r=g\",\"contentUrl\":\"https:\\\/\\\/secure.gravatar.com\\\/avatar\\\/ac5001d2a36cb6c6cd3e50789007ffca834b477b74a2144564522e944eabff61?s=96&d=mm&r=g\",\"caption\":\"thomas.berner\"},\"url\":\"https:\\\/\\\/www.organisator.ch\\\/en\\\/author\\\/thomas-berner\\\/\"}]}<\/script>\n<!-- \/ Yoast SEO plugin. -->","yoast_head_json":{"title":"Security of supply ... The stuff of dreams? - Organizer","description":"\"Security of Supply ... The Stuff Dreams Are Made Of?\" This is the topic at the KMU SWISS Symposium on September 7, 2023 in Brugg.","robots":{"index":"index","follow":"follow","max-snippet":"max-snippet:-1","max-image-preview":"max-image-preview:large","max-video-preview":"max-video-preview:-1"},"canonical":"https:\/\/www.organisator.ch\/en\/general\/2023-07-31\/versorgungssicherheit-der-stoff-aus-dem-traeume-sind\/","og_locale":"en_US","og_type":"article","og_title":"Versorgungssicherheit \u2026 Der Stoff, aus dem Tr\u00e4ume sind?","og_description":"\u00abVersorgungssicherheit \u2026 Der Stoff, aus dem Tr\u00e4ume sind?\u00bb So lautet das Thema am KMU SWISS Symposium vom 7. September 2023 in Brugg.","og_url":"https:\/\/www.organisator.ch\/en\/general\/2023-07-31\/versorgungssicherheit-der-stoff-aus-dem-traeume-sind\/","og_site_name":"Organisator","article_publisher":"https:\/\/www.facebook.com\/OrganisatorFachmagazin","article_published_time":"2023-07-31T11:17:02+00:00","og_image":[{"width":680,"height":434,"url":"https:\/\/www.organisator.ch\/wp-content\/uploads\/2023\/07\/Versorgungssicherheit-Der-Stoff-aus-dem-Traeume-sind_Organisator.jpg","type":"image\/jpeg"}],"author":"thomas.berner","twitter_card":"summary_large_image","twitter_title":"#Versorgungssicherheit \u2026 Der Stoff, aus dem Tr\u00e4ume sind?","twitter_description":"\u00ab#Versorgungssicherheit \u2026 Der Stoff, aus dem Tr\u00e4ume sind?\u00bb So lautet das Thema am KMU SWISS #Symposium vom 7. September 2023 in Brugg.","twitter_image":"https:\/\/www.organisator.ch\/wp-content\/uploads\/2023\/07\/Versorgungssicherheit-Der-Stoff-aus-dem-Traeume-sind_Organisator.jpg","schema":{"@context":"https:\/\/schema.org","@graph":[{"@type":"Article","@id":"https:\/\/www.organisator.ch\/allgemein\/2023-07-31\/versorgungssicherheit-der-stoff-aus-dem-traeume-sind\/#article","isPartOf":{"@id":"https:\/\/www.organisator.ch\/allgemein\/2023-07-31\/versorgungssicherheit-der-stoff-aus-dem-traeume-sind\/"},"author":{"name":"thomas.berner","@id":"https:\/\/www.organisator.ch\/#\/schema\/person\/6f650f90b2842cd4c0cc334b4e36f67e"},"headline":"Versorgungssicherheit \u2026 Der Stoff, aus dem Tr\u00e4ume sind?","datePublished":"2023-07-31T11:17:02+00:00","mainEntityOfPage":{"@id":"https:\/\/www.organisator.ch\/allgemein\/2023-07-31\/versorgungssicherheit-der-stoff-aus-dem-traeume-sind\/"},"wordCount":475,"publisher":{"@id":"https:\/\/www.organisator.ch\/#organization"},"image":{"@id":"https:\/\/www.organisator.ch\/allgemein\/2023-07-31\/versorgungssicherheit-der-stoff-aus-dem-traeume-sind\/#primaryimage"},"thumbnailUrl":"https:\/\/www.organisator.ch\/wp-content\/uploads\/2023\/07\/Versorgungssicherheit-Der-Stoff-aus-dem-Traeume-sind_Organisator.jpg","keywords":["Fachkongress\/Fachmesse","Veranstaltungen","Verb\u00e4nde","Vermischtes"],"articleSection":["Allgemein"],"inLanguage":"en-US"},{"@type":"WebPage","@id":"https:\/\/www.organisator.ch\/allgemein\/2023-07-31\/versorgungssicherheit-der-stoff-aus-dem-traeume-sind\/","url":"https:\/\/www.organisator.ch\/allgemein\/2023-07-31\/versorgungssicherheit-der-stoff-aus-dem-traeume-sind\/","name":"Security of supply ... The stuff of dreams? - Organizer","isPartOf":{"@id":"https:\/\/www.organisator.ch\/#website"},"primaryImageOfPage":{"@id":"https:\/\/www.organisator.ch\/allgemein\/2023-07-31\/versorgungssicherheit-der-stoff-aus-dem-traeume-sind\/#primaryimage"},"image":{"@id":"https:\/\/www.organisator.ch\/allgemein\/2023-07-31\/versorgungssicherheit-der-stoff-aus-dem-traeume-sind\/#primaryimage"},"thumbnailUrl":"https:\/\/www.organisator.ch\/wp-content\/uploads\/2023\/07\/Versorgungssicherheit-Der-Stoff-aus-dem-Traeume-sind_Organisator.jpg","datePublished":"2023-07-31T11:17:02+00:00","description":"\"Security of Supply ... The Stuff Dreams Are Made Of?\" This is the topic at the KMU SWISS Symposium on September 7, 2023 in Brugg.","breadcrumb":{"@id":"https:\/\/www.organisator.ch\/allgemein\/2023-07-31\/versorgungssicherheit-der-stoff-aus-dem-traeume-sind\/#breadcrumb"},"inLanguage":"en-US","potentialAction":[{"@type":"ReadAction","target":["https:\/\/www.organisator.ch\/allgemein\/2023-07-31\/versorgungssicherheit-der-stoff-aus-dem-traeume-sind\/"]}]},{"@type":"ImageObject","inLanguage":"en-US","@id":"https:\/\/www.organisator.ch\/allgemein\/2023-07-31\/versorgungssicherheit-der-stoff-aus-dem-traeume-sind\/#primaryimage","url":"https:\/\/www.organisator.ch\/wp-content\/uploads\/2023\/07\/Versorgungssicherheit-Der-Stoff-aus-dem-Traeume-sind_Organisator.jpg","contentUrl":"https:\/\/www.organisator.ch\/wp-content\/uploads\/2023\/07\/Versorgungssicherheit-Der-Stoff-aus-dem-Traeume-sind_Organisator.jpg"},{"@type":"BreadcrumbList","@id":"https:\/\/www.organisator.ch\/allgemein\/2023-07-31\/versorgungssicherheit-der-stoff-aus-dem-traeume-sind\/#breadcrumb","itemListElement":[{"@type":"ListItem","position":1,"name":"Home","item":"https:\/\/www.organisator.ch\/"},{"@type":"ListItem","position":2,"name":"Versorgungssicherheit \u2026 Der Stoff, aus dem Tr\u00e4ume sind?"}]},{"@type":"WebSite","@id":"https:\/\/www.organisator.ch\/#website","url":"https:\/\/www.organisator.ch\/","name":"Organizer","description":"Competent. Practical. In 10 issues per year, ORGANISATOR presents the essential topics for managers of SMEs.","publisher":{"@id":"https:\/\/www.organisator.ch\/#organization"},"potentialAction":[{"@type":"SearchAction","target":{"@type":"EntryPoint","urlTemplate":"https:\/\/www.organisator.ch\/?s={search_term_string}"},"query-input":{"@type":"PropertyValueSpecification","valueRequired":true,"valueName":"search_term_string"}}],"inLanguage":"en-US"},{"@type":"Organization","@id":"https:\/\/www.organisator.ch\/#organization","name":"Organizer","url":"https:\/\/www.organisator.ch\/","logo":{"@type":"ImageObject","inLanguage":"en-US","@id":"https:\/\/www.organisator.ch\/#\/schema\/logo\/image\/","url":"https:\/\/www.organisator.ch\/wp-content\/uploads\/2022\/01\/Logo_Organisator_Website.png","contentUrl":"https:\/\/www.organisator.ch\/wp-content\/uploads\/2022\/01\/Logo_Organisator_Website.png","width":800,"height":77,"caption":"Organisator"},"image":{"@id":"https:\/\/www.organisator.ch\/#\/schema\/logo\/image\/"},"sameAs":["https:\/\/www.facebook.com\/OrganisatorFachmagazin","https:\/\/www.linkedin.com\/showcase\/organisator-das-magazin-fr-kmu","https:\/\/www.xing.com\/news\/pages\/organisator-ch-695","https:\/\/www.youtube.com\/channel\/UCGP2Sq0iWaZwT3BdIAQFYpw"]},{"@type":"Person","@id":"https:\/\/www.organisator.ch\/#\/schema\/person\/6f650f90b2842cd4c0cc334b4e36f67e","name":"thomas.berner","image":{"@type":"ImageObject","inLanguage":"en-US","@id":"https:\/\/secure.gravatar.com\/avatar\/ac5001d2a36cb6c6cd3e50789007ffca834b477b74a2144564522e944eabff61?s=96&d=mm&r=g","url":"https:\/\/secure.gravatar.com\/avatar\/ac5001d2a36cb6c6cd3e50789007ffca834b477b74a2144564522e944eabff61?s=96&d=mm&r=g","contentUrl":"https:\/\/secure.gravatar.com\/avatar\/ac5001d2a36cb6c6cd3e50789007ffca834b477b74a2144564522e944eabff61?s=96&d=mm&r=g","caption":"thomas.berner"},"url":"https:\/\/www.organisator.ch\/en\/author\/thomas-berner\/"}]}},"_links":{"self":[{"href":"https:\/\/www.organisator.ch\/en\/wp-json\/wp\/v2\/posts\/21095","targetHints":{"allow":["GET"]}}],"collection":[{"href":"https:\/\/www.organisator.ch\/en\/wp-json\/wp\/v2\/posts"}],"about":[{"href":"https:\/\/www.organisator.ch\/en\/wp-json\/wp\/v2\/types\/post"}],"author":[{"embeddable":true,"href":"https:\/\/www.organisator.ch\/en\/wp-json\/wp\/v2\/users\/4"}],"replies":[{"embeddable":true,"href":"https:\/\/www.organisator.ch\/en\/wp-json\/wp\/v2\/comments?post=21095"}],"version-history":[{"count":1,"href":"https:\/\/www.organisator.ch\/en\/wp-json\/wp\/v2\/posts\/21095\/revisions"}],"predecessor-version":[{"id":21097,"href":"https:\/\/www.organisator.ch\/en\/wp-json\/wp\/v2\/posts\/21095\/revisions\/21097"}],"wp:attachment":[{"href":"https:\/\/www.organisator.ch\/en\/wp-json\/wp\/v2\/media?parent=21095"}],"wp:term":[{"taxonomy":"category","embeddable":true,"href":"https:\/\/www.organisator.ch\/en\/wp-json\/wp\/v2\/categories?post=21095"},{"taxonomy":"post_tag","embeddable":true,"href":"https:\/\/www.organisator.ch\/en\/wp-json\/wp\/v2\/tags?post=21095"}],"curies":[{"name":"wp","href":"https:\/\/api.w.org\/{rel}","templated":true}]}}