{"id":2110,"date":"2019-04-24T15:25:05","date_gmt":"2019-04-24T13:25:05","guid":{"rendered":"https:\/\/www.umweltperspektiven.ch\/?p=2110"},"modified":"2022-02-09T11:10:07","modified_gmt":"2022-02-09T10:10:07","slug":"europa-verbraucht-zuviel-palmoel-und-baumwolle","status":"publish","type":"post","link":"https:\/\/www.organisator.ch\/en\/sustainability\/2019-04-24\/europa-verbraucht-zuviel-palmoel-und-baumwolle\/","title":{"rendered":"Europe consumes too much palm oil and cotton"},"content":{"rendered":"<figure id=\"attachment_2111\" aria-describedby=\"caption-attachment-2111\" style=\"width: 680px\" class=\"wp-caption alignnone\"><img loading=\"lazy\" decoding=\"async\" class=\"size-medium wp-image-2111\" src=\"\/\/www.umweltperspektiven.ch\/wp-content\/uploads\/2019\/04\/Europa-verbraucht-zuviel-Palm\u00f6l-und-Baumwolle-UP_Umwelt-Perspektiven.jpg\" alt=\"\" width=\"680\" height=\"510\" \/><figcaption id=\"caption-attachment-2111\" class=\"wp-caption-text\">Whether it's cosmetics, fuel or the future bioplastic straws, all of these goods now rely on palm oil, soy, ethanol and other raw materials. (Symbol image: unsplash)<\/figcaption><\/figure>\n<p>Whether cosmetics, fuel or even bioplastic straws - palm oil, soy, ethanol and other raw materials are used for all these goods. Austria consumes 935000 tons of vegetable raw materials (111 kg per capita) from arable farming every year for the production of non-food products alone. For comparison, the figure in Europe is 52 million tons or an average of 103 kg per capita. A recent study by Martin Bruckner, Stefan Giljum and Victor Maus from the Institute for Ecological Economics at the Vienna University of Economics and Business together with colleagues from the International Institute for Applied System Analysis (IIASA), Stockholm University and the University of Bonn investigated the origin of agricultural raw materials for products consumed in Europe.<\/p>\n<p>It became clear that Europe needs resources far beyond its borders. Around 65 percent of the plant-based raw materials required come from other continents - in many cases from tropical regions. In the food sector, Europe's demand for foreign raw materials is also tending to rise, but at 15 percent it is significantly lower.<\/p>\n<p><strong>Reducing consumption is effective environmental protection<\/strong><br \/>\nMost of the plant-based raw materials for Europe's use are sourced from Asia. After cotton (1.7 million hectares mainly from India, China and Pakistan), palm oil ranks second here: around 6.4 billion liters - harvested from an area of around 1.6 million hectares annually - are either brought to Europe unprocessed or already in the form of processed goods, mostly from Indonesia or Malaysia. Here it is used, for example, for biodiesel, cleaning agents, soaps, cosmetic products or candles. Asia also supplies rubber from around 1.3 million hectares of cultivated land and coconut oil from 0.7 million hectares. 1.2 million hectares of Asia's arable land is used for livestock to produce leather and wool for consumption in Europe. However, switching from palm oil to domestic rapeseed is not a global solution, says Martin Bruckner: \"We would need three times as much land in Europe for the same amount of oil, and the result would be increased greenhouse gas emissions and biodiversity loss. Only by greatly reducing our consumption can the ecosystems of our planet be effectively protected.\"<\/p>\n<p>Europe is importing corn-based ethanol from the USA, mainly for blending with gasoline.<\/p>\n<p><strong>Massive deforestation, global problem shifting<\/strong><br \/>\nThe massive expansion of oil palm plantations is causing increasing deforestation of natural tropical forests. Study author Martin Bruckner explains: \"Severe deforestation leads to a high release of greenhouse gases - we see that the clearing of Southeast Asian forests up to 2002 caused even more emissions than Chinese coal-fired power plants in the same period. In addition, alarming losses of biodiversity are becoming apparent.\"<\/p>\n<p>For Bruckner and his colleagues, the steps currently being taken by policymakers fall short of the mark: \"We see that some environmental policy measures tend to shift problems rather than solve them. For example, although the biofuel regulation led to reduced CO2 emissions in domestic transport on the one hand, it caused an unimagined level of global deforestation and thus the destruction of valuable ecosystems. The current directive banning single-use plastic raises similar fears. While this could reduce plastic in the world's oceans, the business model behind bioplastics is also very resource-intensive,\" says Bruckner.<\/p>\n<p><em>About the study<\/em><br \/>\n<em>For the calculation of the Footprint, the authors used on the one hand a global trade model, which maps product flows in physical units and allows to track agricultural products along international trade routes. On the other hand, a global economic model (EXIOBASE) was integrated in a complementary way to map industrial value chains. The study was carried out with the support of the German Federal Environmental Agency and is part of the 2 million Euro research program FINEPRINT (www.fineprint.global) of the Institute for Ecological Economics at WU Vienna, which investigates global commodity flows and the associated environmental impacts.<\/em><\/p>\n<p>Citation: Bruckner, M., H\u00e4yh\u00e4, T., Maus, V., Giljum, S., Fischer, G., Tramberend, S., B\u00f6rner, J., 2019. global land use driven by the EU non-food bioeconomy. Environmental Research Letters 14, 045011. <a href=\"\/\/iopscience.iop.org\/article\/10.1088\/1748-9326\/ab07f5\">https:\/\/iopscience.iop.org\/article\/10.1088\/1748-9326\/ab07f5<\/a><\/p>","protected":false},"excerpt":{"rendered":"<p>Egal ob Kosmetik, Treibstoff oder auch Bioplastik-Strohhalme \u2013 f\u00fcr alle diese G\u00fcter wird auf Palm\u00f6l, Soja, Ethanol und andere Rohstoffe zur\u00fcckgegriffen. 935000 Tonnen an pflanzlichen Rohstoffen (111 kg pro Kopf) aus dem Ackerbau konsumiert \u00d6sterreich j\u00e4hrlich alleine f\u00fcr die Produktion von Nicht-Ern\u00e4hrungsprodukten. Zum Vergleich: In Europa liegt der Wert bei 52 Millionen Tonnen oder durchschnittlich [&hellip;]<\/p>\n","protected":false},"author":5,"featured_media":9601,"comment_status":"open","ping_status":"open","sticky":false,"template":"","format":"standard","meta":{"_acf_changed":false,"_yoast_wpseo_focuskw":"Palm\u00f6l","_yoast_wpseo_metadesc":"Pflanzen\u00f6le \u2013 zum Beispiel Palm\u00f6l \u2013 f\u00fcr allem\u00f6glichen G\u00fcter wie zum Beispiel auch Bio-Plastik-Strohhalme sind in Europa besonders gefragt.","articlekey":"","footnotes":""},"categories":[580],"tags":[1399,312,1881],"class_list":["post-2110","post","type-post","status-publish","format-standard","has-post-thumbnail","hentry","category-sustainability","tag-import","tag-konsum","tag-palmoel"],"acf":[],"yoast_head":"<!-- This site is optimized with the Yoast SEO plugin v27.5 - https:\/\/yoast.com\/product\/yoast-seo-wordpress\/ -->\n<title>Europa verbraucht zuviel Palm\u00f6l und Baumwolle - Organisator<\/title>\n<meta name=\"description\" content=\"Pflanzen\u00f6le \u2013 zum Beispiel Palm\u00f6l \u2013 f\u00fcr allem\u00f6glichen G\u00fcter wie zum Beispiel auch Bio-Plastik-Strohhalme sind in Europa besonders gefragt.\" \/>\n<meta name=\"robots\" content=\"index, follow, max-snippet:-1, max-image-preview:large, max-video-preview:-1\" \/>\n<link rel=\"canonical\" href=\"https:\/\/www.organisator.ch\/en\/sustainability\/2019-04-24\/europa-verbraucht-zuviel-palmoel-und-baumwolle\/\" \/>\n<meta property=\"og:locale\" content=\"en_US\" \/>\n<meta property=\"og:type\" content=\"article\" \/>\n<meta property=\"og:title\" content=\"Europa verbraucht zuviel Palm\u00f6l und Baumwolle - Organisator\" \/>\n<meta property=\"og:description\" content=\"Pflanzen\u00f6le \u2013 zum Beispiel Palm\u00f6l \u2013 f\u00fcr allem\u00f6glichen G\u00fcter wie zum Beispiel auch Bio-Plastik-Strohhalme sind in Europa besonders gefragt.\" \/>\n<meta property=\"og:url\" content=\"https:\/\/www.organisator.ch\/en\/sustainability\/2019-04-24\/europa-verbraucht-zuviel-palmoel-und-baumwolle\/\" \/>\n<meta property=\"og:site_name\" content=\"Organisator\" \/>\n<meta property=\"article:publisher\" content=\"https:\/\/www.facebook.com\/OrganisatorFachmagazin\" \/>\n<meta property=\"article:published_time\" content=\"2019-04-24T13:25:05+00:00\" \/>\n<meta property=\"article:modified_time\" content=\"2022-02-09T10:10:07+00:00\" \/>\n<meta property=\"og:image\" content=\"https:\/\/www.organisator.ch\/wp-content\/uploads\/2019\/04\/Europa-verbraucht-zuviel-Palmoel-und-Baumwolle-UP_Umwelt-Perspektiven-scaled.jpg\" \/>\n\t<meta property=\"og:image:width\" content=\"2560\" \/>\n\t<meta property=\"og:image:height\" content=\"1920\" \/>\n\t<meta property=\"og:image:type\" content=\"image\/jpeg\" \/>\n<meta name=\"author\" content=\"michael.merz\" \/>\n<meta name=\"twitter:card\" content=\"summary_large_image\" \/>\n<script type=\"application\/ld+json\" class=\"yoast-schema-graph\">{\"@context\":\"https:\\\/\\\/schema.org\",\"@graph\":[{\"@type\":\"Article\",\"@id\":\"https:\\\/\\\/www.organisator.ch\\\/sustainability\\\/2019-04-24\\\/europa-verbraucht-zuviel-palmoel-und-baumwolle\\\/#article\",\"isPartOf\":{\"@id\":\"https:\\\/\\\/www.organisator.ch\\\/sustainability\\\/2019-04-24\\\/europa-verbraucht-zuviel-palmoel-und-baumwolle\\\/\"},\"author\":{\"name\":\"michael.merz\",\"@id\":\"https:\\\/\\\/www.organisator.ch\\\/#\\\/schema\\\/person\\\/134708ca9321c57b0362cceb7948ffbd\"},\"headline\":\"Europa verbraucht zuviel Palm\u00f6l und Baumwolle\",\"datePublished\":\"2019-04-24T13:25:05+00:00\",\"dateModified\":\"2022-02-09T10:10:07+00:00\",\"mainEntityOfPage\":{\"@id\":\"https:\\\/\\\/www.organisator.ch\\\/sustainability\\\/2019-04-24\\\/europa-verbraucht-zuviel-palmoel-und-baumwolle\\\/\"},\"wordCount\":683,\"commentCount\":0,\"publisher\":{\"@id\":\"https:\\\/\\\/www.organisator.ch\\\/#organization\"},\"image\":{\"@id\":\"https:\\\/\\\/www.organisator.ch\\\/sustainability\\\/2019-04-24\\\/europa-verbraucht-zuviel-palmoel-und-baumwolle\\\/#primaryimage\"},\"thumbnailUrl\":\"https:\\\/\\\/www.organisator.ch\\\/wp-content\\\/uploads\\\/2019\\\/04\\\/Europa-verbraucht-zuviel-Palmoel-und-Baumwolle-UP_Umwelt-Perspektiven-scaled.jpg\",\"keywords\":[\"Import\",\"Konsum\",\"Palm\u00f6l\"],\"articleSection\":[\"SUSTAINABILITY\"],\"inLanguage\":\"en-US\"},{\"@type\":\"WebPage\",\"@id\":\"https:\\\/\\\/www.organisator.ch\\\/sustainability\\\/2019-04-24\\\/europa-verbraucht-zuviel-palmoel-und-baumwolle\\\/\",\"url\":\"https:\\\/\\\/www.organisator.ch\\\/sustainability\\\/2019-04-24\\\/europa-verbraucht-zuviel-palmoel-und-baumwolle\\\/\",\"name\":\"Europa verbraucht zuviel Palm\u00f6l und Baumwolle - Organisator\",\"isPartOf\":{\"@id\":\"https:\\\/\\\/www.organisator.ch\\\/#website\"},\"primaryImageOfPage\":{\"@id\":\"https:\\\/\\\/www.organisator.ch\\\/sustainability\\\/2019-04-24\\\/europa-verbraucht-zuviel-palmoel-und-baumwolle\\\/#primaryimage\"},\"image\":{\"@id\":\"https:\\\/\\\/www.organisator.ch\\\/sustainability\\\/2019-04-24\\\/europa-verbraucht-zuviel-palmoel-und-baumwolle\\\/#primaryimage\"},\"thumbnailUrl\":\"https:\\\/\\\/www.organisator.ch\\\/wp-content\\\/uploads\\\/2019\\\/04\\\/Europa-verbraucht-zuviel-Palmoel-und-Baumwolle-UP_Umwelt-Perspektiven-scaled.jpg\",\"datePublished\":\"2019-04-24T13:25:05+00:00\",\"dateModified\":\"2022-02-09T10:10:07+00:00\",\"description\":\"Pflanzen\u00f6le \u2013 zum Beispiel Palm\u00f6l \u2013 f\u00fcr allem\u00f6glichen G\u00fcter wie zum Beispiel auch Bio-Plastik-Strohhalme sind in Europa besonders gefragt.\",\"breadcrumb\":{\"@id\":\"https:\\\/\\\/www.organisator.ch\\\/sustainability\\\/2019-04-24\\\/europa-verbraucht-zuviel-palmoel-und-baumwolle\\\/#breadcrumb\"},\"inLanguage\":\"en-US\",\"potentialAction\":[{\"@type\":\"ReadAction\",\"target\":[\"https:\\\/\\\/www.organisator.ch\\\/sustainability\\\/2019-04-24\\\/europa-verbraucht-zuviel-palmoel-und-baumwolle\\\/\"]}]},{\"@type\":\"ImageObject\",\"inLanguage\":\"en-US\",\"@id\":\"https:\\\/\\\/www.organisator.ch\\\/sustainability\\\/2019-04-24\\\/europa-verbraucht-zuviel-palmoel-und-baumwolle\\\/#primaryimage\",\"url\":\"https:\\\/\\\/www.organisator.ch\\\/wp-content\\\/uploads\\\/2019\\\/04\\\/Europa-verbraucht-zuviel-Palmoel-und-Baumwolle-UP_Umwelt-Perspektiven-scaled.jpg\",\"contentUrl\":\"https:\\\/\\\/www.organisator.ch\\\/wp-content\\\/uploads\\\/2019\\\/04\\\/Europa-verbraucht-zuviel-Palmoel-und-Baumwolle-UP_Umwelt-Perspektiven-scaled.jpg\",\"width\":2560,\"height\":1920,\"caption\":\"Egal ob Kosmetik, Treibstoff oder die k\u00fcnftigen Bioplastik-Strohhalme \u2013 f\u00fcr alle diese G\u00fcter wird heute auf Palm\u00f6l, Soja, Ethanol und andere Rohstoffe zur\u00fcckgegriffen. (Symbolbild: unsplash)\"},{\"@type\":\"BreadcrumbList\",\"@id\":\"https:\\\/\\\/www.organisator.ch\\\/sustainability\\\/2019-04-24\\\/europa-verbraucht-zuviel-palmoel-und-baumwolle\\\/#breadcrumb\",\"itemListElement\":[{\"@type\":\"ListItem\",\"position\":1,\"name\":\"Home\",\"item\":\"https:\\\/\\\/www.organisator.ch\\\/\"},{\"@type\":\"ListItem\",\"position\":2,\"name\":\"Europa verbraucht zuviel Palm\u00f6l und Baumwolle\"}]},{\"@type\":\"WebSite\",\"@id\":\"https:\\\/\\\/www.organisator.ch\\\/#website\",\"url\":\"https:\\\/\\\/www.organisator.ch\\\/\",\"name\":\"Organisator\",\"description\":\"Kompetent. Praxisnah. Der ORGANISATOR bereitet in 10 Ausgaben pro Jahr die wesentlichen Themen f\u00fcr F\u00fchrungskr\u00e4fte von KMU auf.\",\"publisher\":{\"@id\":\"https:\\\/\\\/www.organisator.ch\\\/#organization\"},\"potentialAction\":[{\"@type\":\"SearchAction\",\"target\":{\"@type\":\"EntryPoint\",\"urlTemplate\":\"https:\\\/\\\/www.organisator.ch\\\/?s={search_term_string}\"},\"query-input\":{\"@type\":\"PropertyValueSpecification\",\"valueRequired\":true,\"valueName\":\"search_term_string\"}}],\"inLanguage\":\"en-US\"},{\"@type\":\"Organization\",\"@id\":\"https:\\\/\\\/www.organisator.ch\\\/#organization\",\"name\":\"Organisator\",\"url\":\"https:\\\/\\\/www.organisator.ch\\\/\",\"logo\":{\"@type\":\"ImageObject\",\"inLanguage\":\"en-US\",\"@id\":\"https:\\\/\\\/www.organisator.ch\\\/#\\\/schema\\\/logo\\\/image\\\/\",\"url\":\"https:\\\/\\\/www.organisator.ch\\\/wp-content\\\/uploads\\\/2022\\\/01\\\/Logo_Organisator_Website.png\",\"contentUrl\":\"https:\\\/\\\/www.organisator.ch\\\/wp-content\\\/uploads\\\/2022\\\/01\\\/Logo_Organisator_Website.png\",\"width\":800,\"height\":77,\"caption\":\"Organisator\"},\"image\":{\"@id\":\"https:\\\/\\\/www.organisator.ch\\\/#\\\/schema\\\/logo\\\/image\\\/\"},\"sameAs\":[\"https:\\\/\\\/www.facebook.com\\\/OrganisatorFachmagazin\",\"https:\\\/\\\/www.linkedin.com\\\/showcase\\\/organisator-das-magazin-fr-kmu\",\"https:\\\/\\\/www.xing.com\\\/news\\\/pages\\\/organisator-ch-695\",\"https:\\\/\\\/www.youtube.com\\\/channel\\\/UCGP2Sq0iWaZwT3BdIAQFYpw\"]},{\"@type\":\"Person\",\"@id\":\"https:\\\/\\\/www.organisator.ch\\\/#\\\/schema\\\/person\\\/134708ca9321c57b0362cceb7948ffbd\",\"name\":\"michael.merz\",\"image\":{\"@type\":\"ImageObject\",\"inLanguage\":\"en-US\",\"@id\":\"https:\\\/\\\/secure.gravatar.com\\\/avatar\\\/?s=96&d=mm&r=g\",\"url\":\"https:\\\/\\\/secure.gravatar.com\\\/avatar\\\/?s=96&d=mm&r=g\",\"contentUrl\":\"https:\\\/\\\/secure.gravatar.com\\\/avatar\\\/?s=96&d=mm&r=g\",\"caption\":\"michael.merz\"},\"url\":\"https:\\\/\\\/www.organisator.ch\\\/en\\\/author\\\/michael-merz\\\/\"}]}<\/script>\n<!-- \/ Yoast SEO plugin. -->","yoast_head_json":{"title":"Europe consumes too much palm oil and cotton - Organizer","description":"Vegetable oils - palm oil, for example - for all kinds of goods, such as organic plastic straws, are in particularly high demand in Europe.","robots":{"index":"index","follow":"follow","max-snippet":"max-snippet:-1","max-image-preview":"max-image-preview:large","max-video-preview":"max-video-preview:-1"},"canonical":"https:\/\/www.organisator.ch\/en\/sustainability\/2019-04-24\/europa-verbraucht-zuviel-palmoel-und-baumwolle\/","og_locale":"en_US","og_type":"article","og_title":"Europa verbraucht zuviel Palm\u00f6l und Baumwolle - Organisator","og_description":"Pflanzen\u00f6le \u2013 zum Beispiel Palm\u00f6l \u2013 f\u00fcr allem\u00f6glichen G\u00fcter wie zum Beispiel auch Bio-Plastik-Strohhalme sind in Europa besonders gefragt.","og_url":"https:\/\/www.organisator.ch\/en\/sustainability\/2019-04-24\/europa-verbraucht-zuviel-palmoel-und-baumwolle\/","og_site_name":"Organisator","article_publisher":"https:\/\/www.facebook.com\/OrganisatorFachmagazin","article_published_time":"2019-04-24T13:25:05+00:00","article_modified_time":"2022-02-09T10:10:07+00:00","og_image":[{"width":2560,"height":1920,"url":"https:\/\/www.organisator.ch\/wp-content\/uploads\/2019\/04\/Europa-verbraucht-zuviel-Palmoel-und-Baumwolle-UP_Umwelt-Perspektiven-scaled.jpg","type":"image\/jpeg"}],"author":"michael.merz","twitter_card":"summary_large_image","schema":{"@context":"https:\/\/schema.org","@graph":[{"@type":"Article","@id":"https:\/\/www.organisator.ch\/sustainability\/2019-04-24\/europa-verbraucht-zuviel-palmoel-und-baumwolle\/#article","isPartOf":{"@id":"https:\/\/www.organisator.ch\/sustainability\/2019-04-24\/europa-verbraucht-zuviel-palmoel-und-baumwolle\/"},"author":{"name":"michael.merz","@id":"https:\/\/www.organisator.ch\/#\/schema\/person\/134708ca9321c57b0362cceb7948ffbd"},"headline":"Europa verbraucht zuviel Palm\u00f6l und Baumwolle","datePublished":"2019-04-24T13:25:05+00:00","dateModified":"2022-02-09T10:10:07+00:00","mainEntityOfPage":{"@id":"https:\/\/www.organisator.ch\/sustainability\/2019-04-24\/europa-verbraucht-zuviel-palmoel-und-baumwolle\/"},"wordCount":683,"commentCount":0,"publisher":{"@id":"https:\/\/www.organisator.ch\/#organization"},"image":{"@id":"https:\/\/www.organisator.ch\/sustainability\/2019-04-24\/europa-verbraucht-zuviel-palmoel-und-baumwolle\/#primaryimage"},"thumbnailUrl":"https:\/\/www.organisator.ch\/wp-content\/uploads\/2019\/04\/Europa-verbraucht-zuviel-Palmoel-und-Baumwolle-UP_Umwelt-Perspektiven-scaled.jpg","keywords":["Import","Konsum","Palm\u00f6l"],"articleSection":["SUSTAINABILITY"],"inLanguage":"en-US"},{"@type":"WebPage","@id":"https:\/\/www.organisator.ch\/sustainability\/2019-04-24\/europa-verbraucht-zuviel-palmoel-und-baumwolle\/","url":"https:\/\/www.organisator.ch\/sustainability\/2019-04-24\/europa-verbraucht-zuviel-palmoel-und-baumwolle\/","name":"Europe consumes too much palm oil and cotton - Organizer","isPartOf":{"@id":"https:\/\/www.organisator.ch\/#website"},"primaryImageOfPage":{"@id":"https:\/\/www.organisator.ch\/sustainability\/2019-04-24\/europa-verbraucht-zuviel-palmoel-und-baumwolle\/#primaryimage"},"image":{"@id":"https:\/\/www.organisator.ch\/sustainability\/2019-04-24\/europa-verbraucht-zuviel-palmoel-und-baumwolle\/#primaryimage"},"thumbnailUrl":"https:\/\/www.organisator.ch\/wp-content\/uploads\/2019\/04\/Europa-verbraucht-zuviel-Palmoel-und-Baumwolle-UP_Umwelt-Perspektiven-scaled.jpg","datePublished":"2019-04-24T13:25:05+00:00","dateModified":"2022-02-09T10:10:07+00:00","description":"Vegetable oils - palm oil, for example - for all kinds of goods, such as organic plastic straws, are in particularly high demand in Europe.","breadcrumb":{"@id":"https:\/\/www.organisator.ch\/sustainability\/2019-04-24\/europa-verbraucht-zuviel-palmoel-und-baumwolle\/#breadcrumb"},"inLanguage":"en-US","potentialAction":[{"@type":"ReadAction","target":["https:\/\/www.organisator.ch\/sustainability\/2019-04-24\/europa-verbraucht-zuviel-palmoel-und-baumwolle\/"]}]},{"@type":"ImageObject","inLanguage":"en-US","@id":"https:\/\/www.organisator.ch\/sustainability\/2019-04-24\/europa-verbraucht-zuviel-palmoel-und-baumwolle\/#primaryimage","url":"https:\/\/www.organisator.ch\/wp-content\/uploads\/2019\/04\/Europa-verbraucht-zuviel-Palmoel-und-Baumwolle-UP_Umwelt-Perspektiven-scaled.jpg","contentUrl":"https:\/\/www.organisator.ch\/wp-content\/uploads\/2019\/04\/Europa-verbraucht-zuviel-Palmoel-und-Baumwolle-UP_Umwelt-Perspektiven-scaled.jpg","width":2560,"height":1920,"caption":"Egal ob Kosmetik, Treibstoff oder die k\u00fcnftigen Bioplastik-Strohhalme \u2013 f\u00fcr alle diese G\u00fcter wird heute auf Palm\u00f6l, Soja, Ethanol und andere Rohstoffe zur\u00fcckgegriffen. (Symbolbild: unsplash)"},{"@type":"BreadcrumbList","@id":"https:\/\/www.organisator.ch\/sustainability\/2019-04-24\/europa-verbraucht-zuviel-palmoel-und-baumwolle\/#breadcrumb","itemListElement":[{"@type":"ListItem","position":1,"name":"Home","item":"https:\/\/www.organisator.ch\/"},{"@type":"ListItem","position":2,"name":"Europa verbraucht zuviel Palm\u00f6l und Baumwolle"}]},{"@type":"WebSite","@id":"https:\/\/www.organisator.ch\/#website","url":"https:\/\/www.organisator.ch\/","name":"Organizer","description":"Competent. Practical. In 10 issues per year, ORGANISATOR presents the essential topics for managers of SMEs.","publisher":{"@id":"https:\/\/www.organisator.ch\/#organization"},"potentialAction":[{"@type":"SearchAction","target":{"@type":"EntryPoint","urlTemplate":"https:\/\/www.organisator.ch\/?s={search_term_string}"},"query-input":{"@type":"PropertyValueSpecification","valueRequired":true,"valueName":"search_term_string"}}],"inLanguage":"en-US"},{"@type":"Organization","@id":"https:\/\/www.organisator.ch\/#organization","name":"Organizer","url":"https:\/\/www.organisator.ch\/","logo":{"@type":"ImageObject","inLanguage":"en-US","@id":"https:\/\/www.organisator.ch\/#\/schema\/logo\/image\/","url":"https:\/\/www.organisator.ch\/wp-content\/uploads\/2022\/01\/Logo_Organisator_Website.png","contentUrl":"https:\/\/www.organisator.ch\/wp-content\/uploads\/2022\/01\/Logo_Organisator_Website.png","width":800,"height":77,"caption":"Organisator"},"image":{"@id":"https:\/\/www.organisator.ch\/#\/schema\/logo\/image\/"},"sameAs":["https:\/\/www.facebook.com\/OrganisatorFachmagazin","https:\/\/www.linkedin.com\/showcase\/organisator-das-magazin-fr-kmu","https:\/\/www.xing.com\/news\/pages\/organisator-ch-695","https:\/\/www.youtube.com\/channel\/UCGP2Sq0iWaZwT3BdIAQFYpw"]},{"@type":"Person","@id":"https:\/\/www.organisator.ch\/#\/schema\/person\/134708ca9321c57b0362cceb7948ffbd","name":"michael.merz","image":{"@type":"ImageObject","inLanguage":"en-US","@id":"https:\/\/secure.gravatar.com\/avatar\/?s=96&d=mm&r=g","url":"https:\/\/secure.gravatar.com\/avatar\/?s=96&d=mm&r=g","contentUrl":"https:\/\/secure.gravatar.com\/avatar\/?s=96&d=mm&r=g","caption":"michael.merz"},"url":"https:\/\/www.organisator.ch\/en\/author\/michael-merz\/"}]}},"_links":{"self":[{"href":"https:\/\/www.organisator.ch\/en\/wp-json\/wp\/v2\/posts\/2110","targetHints":{"allow":["GET"]}}],"collection":[{"href":"https:\/\/www.organisator.ch\/en\/wp-json\/wp\/v2\/posts"}],"about":[{"href":"https:\/\/www.organisator.ch\/en\/wp-json\/wp\/v2\/types\/post"}],"author":[{"embeddable":true,"href":"https:\/\/www.organisator.ch\/en\/wp-json\/wp\/v2\/users\/5"}],"replies":[{"embeddable":true,"href":"https:\/\/www.organisator.ch\/en\/wp-json\/wp\/v2\/comments?post=2110"}],"version-history":[{"count":1,"href":"https:\/\/www.organisator.ch\/en\/wp-json\/wp\/v2\/posts\/2110\/revisions"}],"predecessor-version":[{"id":10906,"href":"https:\/\/www.organisator.ch\/en\/wp-json\/wp\/v2\/posts\/2110\/revisions\/10906"}],"wp:featuredmedia":[{"embeddable":true,"href":"https:\/\/www.organisator.ch\/en\/wp-json\/wp\/v2\/media\/9601"}],"wp:attachment":[{"href":"https:\/\/www.organisator.ch\/en\/wp-json\/wp\/v2\/media?parent=2110"}],"wp:term":[{"taxonomy":"category","embeddable":true,"href":"https:\/\/www.organisator.ch\/en\/wp-json\/wp\/v2\/categories?post=2110"},{"taxonomy":"post_tag","embeddable":true,"href":"https:\/\/www.organisator.ch\/en\/wp-json\/wp\/v2\/tags?post=2110"}],"curies":[{"name":"wp","href":"https:\/\/api.w.org\/{rel}","templated":true}]}}