{"id":21102,"date":"2023-08-03T08:00:52","date_gmt":"2023-08-03T06:00:52","guid":{"rendered":"https:\/\/www.organisator.ch\/?p=21102"},"modified":"2023-08-03T08:00:52","modified_gmt":"2023-08-03T06:00:52","slug":"gebrueder-weiss-liefert-auf-kroatischen-inseln-mit-elektro-dreiraedern","status":"publish","type":"post","link":"https:\/\/www.organisator.ch\/en\/sustainability\/2023-08-03\/gebrueder-weiss-liefert-auf-kroatischen-inseln-mit-elektro-dreiraedern\/","title":{"rendered":"Gebr\u00fcder Weiss delivers to Croatian islands with electric tricycles"},"content":{"rendered":"<figure id=\"attachment_21103\" aria-describedby=\"caption-attachment-21103\" style=\"width: 680px\" class=\"wp-caption alignnone\"><img loading=\"lazy\" decoding=\"async\" class=\"size-full wp-image-21103\" src=\"https:\/\/www.organisator.ch\/wp-content\/uploads\/2023\/08\/Gebrueder-Weiss-liefert-auf-kroatischen-Inseln-mit-Elektro-Dreiraedern_Organisator.jpg\" alt=\"\" width=\"680\" height=\"453\" srcset=\"https:\/\/www.organisator.ch\/wp-content\/uploads\/2023\/08\/Gebrueder-Weiss-liefert-auf-kroatischen-Inseln-mit-Elektro-Dreiraedern_Organisator.jpg 680w, https:\/\/www.organisator.ch\/wp-content\/uploads\/2023\/08\/Gebrueder-Weiss-liefert-auf-kroatischen-Inseln-mit-Elektro-Dreiraedern_Organisator-18x12.jpg 18w, https:\/\/www.organisator.ch\/wp-content\/uploads\/2023\/08\/Gebrueder-Weiss-liefert-auf-kroatischen-Inseln-mit-Elektro-Dreiraedern_Organisator-375x250.jpg 375w, https:\/\/www.organisator.ch\/wp-content\/uploads\/2023\/08\/Gebrueder-Weiss-liefert-auf-kroatischen-Inseln-mit-Elektro-Dreiraedern_Organisator-525x350.jpg 525w\" sizes=\"auto, (max-width: 680px) 100vw, 680px\" \/><figcaption id=\"caption-attachment-21103\" class=\"wp-caption-text\">On the Croatian islands of Rab and Lo\u0161inj, electric tricycles are in use for the last mile. (Image: Gebr\u00fcder Weiss)<\/figcaption><\/figure>\n<p>With its small towns and narrow streets, delivering goods on the Croatian islands is no easy undertaking. That's why Gebr\u00fcder Weiss is now offering its customers a particularly environmentally friendly transport solution: since this summer, the logistics provider has been delivering goods to private households and companies on the islands of Rab and Lo\u0161inj using electric tricycles. The maneuverable vehicles are equipped with a quiet, powerful electric motor and are ideal for deliveries in small towns, vacation and national parks - especially during the vacation season. \"It is important to preserve the authenticity and uniqueness of the islands. With delivery by our e-tricycles, we help the island oases retain their original charm. And our customers receive their goods ordered online in an environmentally friendly way,\" says Barbara Buja\u010di\u0107, Country Manager Croatia at Gebr\u00fcder Weiss. The vehicle can transport shipments with a total weight of up to 500 kilograms and cover 50 kilometers per day on one battery charge.<\/p>\n<h3><strong>Electric transporters in urban areas<\/strong><\/h3>\n<p>In addition to e-tricycles, Gebr\u00fcder Weiss in Croatia has recently started using electric transporters to deliver to end customers in Zagreb. Whether furniture, washing machines or refrigeration and fitness equipment - the logistics company delivers the goods to where the customers need them. The range of the vehicle is 170 kilometers on one battery charge, which enables up to 35 environmentally friendly deliveries per day. The e-vans are ideal for transport in urban traffic and reduce traffic noise thanks to their quiet electric motor. The vehicles' batteries are charged via the company's own photovoltaic system, which it recently commissioned at its main site near Zagreb. The system installed on the roof of the logistics facility has a total peak output of 500 kilowatts per year and saves around 107 tons of CO<sub>2 <\/sub>one.<\/p>\n<h3>On the way to climate neutrality<\/h3>\n<p>With these aforementioned measures in Croatia, Gebr\u00fcder Weiss is taking a further step on the path to the targeted climate neutrality by 2030. For several years, the company has been investing in alternative drive systems in heavy-duty transport and developing low-emission solutions for the last mile. For example, an electric truck is used for local transport in the greater Vienna area and end customers in Austria and Hungary are supplied with electric vehicles. In addition, one of the world's first hydrogen trucks has been in regular use in Switzerland since 2021. The acquisition of further hydrogen and electric trucks is planned in Germany in 2024.<\/p>\n<p><em><a href=\"http:\/\/www.gw-world.com\">Source and further information<\/a><\/em><\/p>","protected":false},"excerpt":{"rendered":"<p>The international logistics company Gebr\u00fcder Weiss is focusing on sustainable transport on the Croatian islands of Rab and Lo\u0161inj. End customers in the town are supplied nine with three-wheeled electric vans.<\/p>","protected":false},"author":4,"featured_media":21103,"comment_status":"closed","ping_status":"closed","sticky":false,"template":"","format":"standard","meta":{"_acf_changed":false,"_yoast_wpseo_focuskw":"Gebr\u00fcder Weiss","_yoast_wpseo_metadesc":"Das internationale Logistik-Unternehmen Gebr\u00fcder Weiss setzt auf nachhaltigen Transport auf den kroatischen Inseln Rab und Lo\u0161inj.","articlekey":"","footnotes":""},"categories":[580],"tags":[1006,3604,328,358],"class_list":["post-21102","post","type-post","status-publish","format-standard","has-post-thumbnail","hentry","category-sustainability","tag-e-mobilitaet","tag-klimaneutral","tag-logistik","tag-nachhaltige-wirtschaft"],"acf":[],"yoast_head":"<!-- This site is optimized with the Yoast SEO plugin v27.5 - https:\/\/yoast.com\/product\/yoast-seo-wordpress\/ -->\n<title>Gebr\u00fcder Weiss liefert auf kroatischen Inseln mit Elektro-Dreir\u00e4dern - Organisator<\/title>\n<meta name=\"description\" content=\"Das internationale Logistik-Unternehmen Gebr\u00fcder Weiss setzt auf nachhaltigen Transport auf den kroatischen Inseln Rab und Lo\u0161inj.\" \/>\n<meta name=\"robots\" content=\"index, follow, max-snippet:-1, max-image-preview:large, max-video-preview:-1\" \/>\n<link rel=\"canonical\" href=\"https:\/\/www.organisator.ch\/en\/sustainability\/2023-08-03\/gebrueder-weiss-liefert-auf-kroatischen-inseln-mit-elektro-dreiraedern\/\" \/>\n<meta property=\"og:locale\" content=\"en_US\" \/>\n<meta property=\"og:type\" content=\"article\" \/>\n<meta property=\"og:title\" content=\"Gebr\u00fcder Weiss liefert auf kroatischen Inseln mit Elektro-Dreir\u00e4dern\" \/>\n<meta property=\"og:description\" content=\"Das internationale Logistik-Unternehmen Gebr\u00fcder Weiss setzt auf nachhaltigen Transport auf den kroatischen Inseln Rab und Lo\u0161inj.\" \/>\n<meta property=\"og:url\" content=\"https:\/\/www.organisator.ch\/en\/sustainability\/2023-08-03\/gebrueder-weiss-liefert-auf-kroatischen-inseln-mit-elektro-dreiraedern\/\" \/>\n<meta property=\"og:site_name\" content=\"Organisator\" \/>\n<meta property=\"article:publisher\" content=\"https:\/\/www.facebook.com\/OrganisatorFachmagazin\" \/>\n<meta property=\"article:published_time\" content=\"2023-08-03T06:00:52+00:00\" \/>\n<meta property=\"og:image\" content=\"https:\/\/www.organisator.ch\/wp-content\/uploads\/2023\/08\/Gebrueder-Weiss-liefert-auf-kroatischen-Inseln-mit-Elektro-Dreiraedern_Organisator.jpg\" \/>\n\t<meta property=\"og:image:width\" content=\"680\" \/>\n\t<meta property=\"og:image:height\" content=\"453\" \/>\n\t<meta property=\"og:image:type\" content=\"image\/jpeg\" \/>\n<meta name=\"author\" content=\"thomas.berner\" \/>\n<meta name=\"twitter:card\" content=\"summary_large_image\" \/>\n<meta name=\"twitter:title\" content=\"Gebr\u00fcder Weiss liefert auf kroatischen Inseln mit #Elektro-Dreir\u00e4dern\" \/>\n<meta name=\"twitter:description\" content=\"Das internationale #Logistik-Unternehmen Gebr\u00fcder Weiss setzt auf nachhaltigen Transport auf den kroatischen Inseln #Rab und #Lo\u0161inj.\" \/>\n<meta name=\"twitter:image\" content=\"https:\/\/www.organisator.ch\/wp-content\/uploads\/2023\/08\/Gebrueder-Weiss-liefert-auf-kroatischen-Inseln-mit-Elektro-Dreiraedern_Organisator.jpg\" \/>\n<script type=\"application\/ld+json\" class=\"yoast-schema-graph\">{\"@context\":\"https:\\\/\\\/schema.org\",\"@graph\":[{\"@type\":\"Article\",\"@id\":\"https:\\\/\\\/www.organisator.ch\\\/sustainability\\\/2023-08-03\\\/gebrueder-weiss-liefert-auf-kroatischen-inseln-mit-elektro-dreiraedern\\\/#article\",\"isPartOf\":{\"@id\":\"https:\\\/\\\/www.organisator.ch\\\/sustainability\\\/2023-08-03\\\/gebrueder-weiss-liefert-auf-kroatischen-inseln-mit-elektro-dreiraedern\\\/\"},\"author\":{\"name\":\"thomas.berner\",\"@id\":\"https:\\\/\\\/www.organisator.ch\\\/#\\\/schema\\\/person\\\/6f650f90b2842cd4c0cc334b4e36f67e\"},\"headline\":\"Gebr\u00fcder Weiss liefert auf kroatischen Inseln mit Elektro-Dreir\u00e4dern\",\"datePublished\":\"2023-08-03T06:00:52+00:00\",\"mainEntityOfPage\":{\"@id\":\"https:\\\/\\\/www.organisator.ch\\\/sustainability\\\/2023-08-03\\\/gebrueder-weiss-liefert-auf-kroatischen-inseln-mit-elektro-dreiraedern\\\/\"},\"wordCount\":426,\"publisher\":{\"@id\":\"https:\\\/\\\/www.organisator.ch\\\/#organization\"},\"image\":{\"@id\":\"https:\\\/\\\/www.organisator.ch\\\/sustainability\\\/2023-08-03\\\/gebrueder-weiss-liefert-auf-kroatischen-inseln-mit-elektro-dreiraedern\\\/#primaryimage\"},\"thumbnailUrl\":\"https:\\\/\\\/www.organisator.ch\\\/wp-content\\\/uploads\\\/2023\\\/08\\\/Gebrueder-Weiss-liefert-auf-kroatischen-Inseln-mit-Elektro-Dreiraedern_Organisator.jpg\",\"keywords\":[\"E-Mobilit\u00e4t\",\"Klimaneutral\",\"Logistik\",\"Nachhaltige Wirtschaft\"],\"articleSection\":[\"SUSTAINABILITY\"],\"inLanguage\":\"en-US\"},{\"@type\":\"WebPage\",\"@id\":\"https:\\\/\\\/www.organisator.ch\\\/sustainability\\\/2023-08-03\\\/gebrueder-weiss-liefert-auf-kroatischen-inseln-mit-elektro-dreiraedern\\\/\",\"url\":\"https:\\\/\\\/www.organisator.ch\\\/sustainability\\\/2023-08-03\\\/gebrueder-weiss-liefert-auf-kroatischen-inseln-mit-elektro-dreiraedern\\\/\",\"name\":\"Gebr\u00fcder Weiss liefert auf kroatischen Inseln mit Elektro-Dreir\u00e4dern - Organisator\",\"isPartOf\":{\"@id\":\"https:\\\/\\\/www.organisator.ch\\\/#website\"},\"primaryImageOfPage\":{\"@id\":\"https:\\\/\\\/www.organisator.ch\\\/sustainability\\\/2023-08-03\\\/gebrueder-weiss-liefert-auf-kroatischen-inseln-mit-elektro-dreiraedern\\\/#primaryimage\"},\"image\":{\"@id\":\"https:\\\/\\\/www.organisator.ch\\\/sustainability\\\/2023-08-03\\\/gebrueder-weiss-liefert-auf-kroatischen-inseln-mit-elektro-dreiraedern\\\/#primaryimage\"},\"thumbnailUrl\":\"https:\\\/\\\/www.organisator.ch\\\/wp-content\\\/uploads\\\/2023\\\/08\\\/Gebrueder-Weiss-liefert-auf-kroatischen-Inseln-mit-Elektro-Dreiraedern_Organisator.jpg\",\"datePublished\":\"2023-08-03T06:00:52+00:00\",\"description\":\"Das internationale Logistik-Unternehmen Gebr\u00fcder Weiss setzt auf nachhaltigen Transport auf den kroatischen Inseln Rab und Lo\u0161inj.\",\"breadcrumb\":{\"@id\":\"https:\\\/\\\/www.organisator.ch\\\/sustainability\\\/2023-08-03\\\/gebrueder-weiss-liefert-auf-kroatischen-inseln-mit-elektro-dreiraedern\\\/#breadcrumb\"},\"inLanguage\":\"en-US\",\"potentialAction\":[{\"@type\":\"ReadAction\",\"target\":[\"https:\\\/\\\/www.organisator.ch\\\/sustainability\\\/2023-08-03\\\/gebrueder-weiss-liefert-auf-kroatischen-inseln-mit-elektro-dreiraedern\\\/\"]}]},{\"@type\":\"ImageObject\",\"inLanguage\":\"en-US\",\"@id\":\"https:\\\/\\\/www.organisator.ch\\\/sustainability\\\/2023-08-03\\\/gebrueder-weiss-liefert-auf-kroatischen-inseln-mit-elektro-dreiraedern\\\/#primaryimage\",\"url\":\"https:\\\/\\\/www.organisator.ch\\\/wp-content\\\/uploads\\\/2023\\\/08\\\/Gebrueder-Weiss-liefert-auf-kroatischen-Inseln-mit-Elektro-Dreiraedern_Organisator.jpg\",\"contentUrl\":\"https:\\\/\\\/www.organisator.ch\\\/wp-content\\\/uploads\\\/2023\\\/08\\\/Gebrueder-Weiss-liefert-auf-kroatischen-Inseln-mit-Elektro-Dreiraedern_Organisator.jpg\",\"width\":680,\"height\":453,\"caption\":\"Auf den kroatischen Inseln Rab und Lo\u0161inj stehen f\u00fcr die letzte Meile Elektro-Dreir\u00e4der im Einsatz. (Bild: Gebr\u00fcder Weiss)\"},{\"@type\":\"BreadcrumbList\",\"@id\":\"https:\\\/\\\/www.organisator.ch\\\/sustainability\\\/2023-08-03\\\/gebrueder-weiss-liefert-auf-kroatischen-inseln-mit-elektro-dreiraedern\\\/#breadcrumb\",\"itemListElement\":[{\"@type\":\"ListItem\",\"position\":1,\"name\":\"Home\",\"item\":\"https:\\\/\\\/www.organisator.ch\\\/\"},{\"@type\":\"ListItem\",\"position\":2,\"name\":\"Gebr\u00fcder Weiss liefert auf kroatischen Inseln mit Elektro-Dreir\u00e4dern\"}]},{\"@type\":\"WebSite\",\"@id\":\"https:\\\/\\\/www.organisator.ch\\\/#website\",\"url\":\"https:\\\/\\\/www.organisator.ch\\\/\",\"name\":\"Organisator\",\"description\":\"Kompetent. Praxisnah. Der ORGANISATOR bereitet in 10 Ausgaben pro Jahr die wesentlichen Themen f\u00fcr F\u00fchrungskr\u00e4fte von KMU auf.\",\"publisher\":{\"@id\":\"https:\\\/\\\/www.organisator.ch\\\/#organization\"},\"potentialAction\":[{\"@type\":\"SearchAction\",\"target\":{\"@type\":\"EntryPoint\",\"urlTemplate\":\"https:\\\/\\\/www.organisator.ch\\\/?s={search_term_string}\"},\"query-input\":{\"@type\":\"PropertyValueSpecification\",\"valueRequired\":true,\"valueName\":\"search_term_string\"}}],\"inLanguage\":\"en-US\"},{\"@type\":\"Organization\",\"@id\":\"https:\\\/\\\/www.organisator.ch\\\/#organization\",\"name\":\"Organisator\",\"url\":\"https:\\\/\\\/www.organisator.ch\\\/\",\"logo\":{\"@type\":\"ImageObject\",\"inLanguage\":\"en-US\",\"@id\":\"https:\\\/\\\/www.organisator.ch\\\/#\\\/schema\\\/logo\\\/image\\\/\",\"url\":\"https:\\\/\\\/www.organisator.ch\\\/wp-content\\\/uploads\\\/2022\\\/01\\\/Logo_Organisator_Website.png\",\"contentUrl\":\"https:\\\/\\\/www.organisator.ch\\\/wp-content\\\/uploads\\\/2022\\\/01\\\/Logo_Organisator_Website.png\",\"width\":800,\"height\":77,\"caption\":\"Organisator\"},\"image\":{\"@id\":\"https:\\\/\\\/www.organisator.ch\\\/#\\\/schema\\\/logo\\\/image\\\/\"},\"sameAs\":[\"https:\\\/\\\/www.facebook.com\\\/OrganisatorFachmagazin\",\"https:\\\/\\\/www.linkedin.com\\\/showcase\\\/organisator-das-magazin-fr-kmu\",\"https:\\\/\\\/www.xing.com\\\/news\\\/pages\\\/organisator-ch-695\",\"https:\\\/\\\/www.youtube.com\\\/channel\\\/UCGP2Sq0iWaZwT3BdIAQFYpw\"]},{\"@type\":\"Person\",\"@id\":\"https:\\\/\\\/www.organisator.ch\\\/#\\\/schema\\\/person\\\/6f650f90b2842cd4c0cc334b4e36f67e\",\"name\":\"thomas.berner\",\"image\":{\"@type\":\"ImageObject\",\"inLanguage\":\"en-US\",\"@id\":\"https:\\\/\\\/secure.gravatar.com\\\/avatar\\\/ac5001d2a36cb6c6cd3e50789007ffca834b477b74a2144564522e944eabff61?s=96&d=mm&r=g\",\"url\":\"https:\\\/\\\/secure.gravatar.com\\\/avatar\\\/ac5001d2a36cb6c6cd3e50789007ffca834b477b74a2144564522e944eabff61?s=96&d=mm&r=g\",\"contentUrl\":\"https:\\\/\\\/secure.gravatar.com\\\/avatar\\\/ac5001d2a36cb6c6cd3e50789007ffca834b477b74a2144564522e944eabff61?s=96&d=mm&r=g\",\"caption\":\"thomas.berner\"},\"url\":\"https:\\\/\\\/www.organisator.ch\\\/en\\\/author\\\/thomas-berner\\\/\"}]}<\/script>\n<!-- \/ Yoast SEO plugin. -->","yoast_head_json":{"title":"Gebr\u00fcder Weiss delivers to Croatian islands with electric tricycles - Organizer","description":"The international logistics company Gebr\u00fcder Weiss focuses on sustainable transport on the Croatian islands of Rab and Lo\u0161inj.","robots":{"index":"index","follow":"follow","max-snippet":"max-snippet:-1","max-image-preview":"max-image-preview:large","max-video-preview":"max-video-preview:-1"},"canonical":"https:\/\/www.organisator.ch\/en\/sustainability\/2023-08-03\/gebrueder-weiss-liefert-auf-kroatischen-inseln-mit-elektro-dreiraedern\/","og_locale":"en_US","og_type":"article","og_title":"Gebr\u00fcder Weiss liefert auf kroatischen Inseln mit Elektro-Dreir\u00e4dern","og_description":"Das internationale Logistik-Unternehmen Gebr\u00fcder Weiss setzt auf nachhaltigen Transport auf den kroatischen Inseln Rab und Lo\u0161inj.","og_url":"https:\/\/www.organisator.ch\/en\/sustainability\/2023-08-03\/gebrueder-weiss-liefert-auf-kroatischen-inseln-mit-elektro-dreiraedern\/","og_site_name":"Organisator","article_publisher":"https:\/\/www.facebook.com\/OrganisatorFachmagazin","article_published_time":"2023-08-03T06:00:52+00:00","og_image":[{"width":680,"height":453,"url":"https:\/\/www.organisator.ch\/wp-content\/uploads\/2023\/08\/Gebrueder-Weiss-liefert-auf-kroatischen-Inseln-mit-Elektro-Dreiraedern_Organisator.jpg","type":"image\/jpeg"}],"author":"thomas.berner","twitter_card":"summary_large_image","twitter_title":"Gebr\u00fcder Weiss liefert auf kroatischen Inseln mit #Elektro-Dreir\u00e4dern","twitter_description":"Das internationale #Logistik-Unternehmen Gebr\u00fcder Weiss setzt auf nachhaltigen Transport auf den kroatischen Inseln #Rab und #Lo\u0161inj.","twitter_image":"https:\/\/www.organisator.ch\/wp-content\/uploads\/2023\/08\/Gebrueder-Weiss-liefert-auf-kroatischen-Inseln-mit-Elektro-Dreiraedern_Organisator.jpg","schema":{"@context":"https:\/\/schema.org","@graph":[{"@type":"Article","@id":"https:\/\/www.organisator.ch\/sustainability\/2023-08-03\/gebrueder-weiss-liefert-auf-kroatischen-inseln-mit-elektro-dreiraedern\/#article","isPartOf":{"@id":"https:\/\/www.organisator.ch\/sustainability\/2023-08-03\/gebrueder-weiss-liefert-auf-kroatischen-inseln-mit-elektro-dreiraedern\/"},"author":{"name":"thomas.berner","@id":"https:\/\/www.organisator.ch\/#\/schema\/person\/6f650f90b2842cd4c0cc334b4e36f67e"},"headline":"Gebr\u00fcder Weiss liefert auf kroatischen Inseln mit Elektro-Dreir\u00e4dern","datePublished":"2023-08-03T06:00:52+00:00","mainEntityOfPage":{"@id":"https:\/\/www.organisator.ch\/sustainability\/2023-08-03\/gebrueder-weiss-liefert-auf-kroatischen-inseln-mit-elektro-dreiraedern\/"},"wordCount":426,"publisher":{"@id":"https:\/\/www.organisator.ch\/#organization"},"image":{"@id":"https:\/\/www.organisator.ch\/sustainability\/2023-08-03\/gebrueder-weiss-liefert-auf-kroatischen-inseln-mit-elektro-dreiraedern\/#primaryimage"},"thumbnailUrl":"https:\/\/www.organisator.ch\/wp-content\/uploads\/2023\/08\/Gebrueder-Weiss-liefert-auf-kroatischen-Inseln-mit-Elektro-Dreiraedern_Organisator.jpg","keywords":["E-Mobilit\u00e4t","Klimaneutral","Logistik","Nachhaltige Wirtschaft"],"articleSection":["SUSTAINABILITY"],"inLanguage":"en-US"},{"@type":"WebPage","@id":"https:\/\/www.organisator.ch\/sustainability\/2023-08-03\/gebrueder-weiss-liefert-auf-kroatischen-inseln-mit-elektro-dreiraedern\/","url":"https:\/\/www.organisator.ch\/sustainability\/2023-08-03\/gebrueder-weiss-liefert-auf-kroatischen-inseln-mit-elektro-dreiraedern\/","name":"Gebr\u00fcder Weiss delivers to Croatian islands with electric tricycles - Organizer","isPartOf":{"@id":"https:\/\/www.organisator.ch\/#website"},"primaryImageOfPage":{"@id":"https:\/\/www.organisator.ch\/sustainability\/2023-08-03\/gebrueder-weiss-liefert-auf-kroatischen-inseln-mit-elektro-dreiraedern\/#primaryimage"},"image":{"@id":"https:\/\/www.organisator.ch\/sustainability\/2023-08-03\/gebrueder-weiss-liefert-auf-kroatischen-inseln-mit-elektro-dreiraedern\/#primaryimage"},"thumbnailUrl":"https:\/\/www.organisator.ch\/wp-content\/uploads\/2023\/08\/Gebrueder-Weiss-liefert-auf-kroatischen-Inseln-mit-Elektro-Dreiraedern_Organisator.jpg","datePublished":"2023-08-03T06:00:52+00:00","description":"The international logistics company Gebr\u00fcder Weiss focuses on sustainable transport on the Croatian islands of Rab and Lo\u0161inj.","breadcrumb":{"@id":"https:\/\/www.organisator.ch\/sustainability\/2023-08-03\/gebrueder-weiss-liefert-auf-kroatischen-inseln-mit-elektro-dreiraedern\/#breadcrumb"},"inLanguage":"en-US","potentialAction":[{"@type":"ReadAction","target":["https:\/\/www.organisator.ch\/sustainability\/2023-08-03\/gebrueder-weiss-liefert-auf-kroatischen-inseln-mit-elektro-dreiraedern\/"]}]},{"@type":"ImageObject","inLanguage":"en-US","@id":"https:\/\/www.organisator.ch\/sustainability\/2023-08-03\/gebrueder-weiss-liefert-auf-kroatischen-inseln-mit-elektro-dreiraedern\/#primaryimage","url":"https:\/\/www.organisator.ch\/wp-content\/uploads\/2023\/08\/Gebrueder-Weiss-liefert-auf-kroatischen-Inseln-mit-Elektro-Dreiraedern_Organisator.jpg","contentUrl":"https:\/\/www.organisator.ch\/wp-content\/uploads\/2023\/08\/Gebrueder-Weiss-liefert-auf-kroatischen-Inseln-mit-Elektro-Dreiraedern_Organisator.jpg","width":680,"height":453,"caption":"Auf den kroatischen Inseln Rab und Lo\u0161inj stehen f\u00fcr die letzte Meile Elektro-Dreir\u00e4der im Einsatz. (Bild: Gebr\u00fcder Weiss)"},{"@type":"BreadcrumbList","@id":"https:\/\/www.organisator.ch\/sustainability\/2023-08-03\/gebrueder-weiss-liefert-auf-kroatischen-inseln-mit-elektro-dreiraedern\/#breadcrumb","itemListElement":[{"@type":"ListItem","position":1,"name":"Home","item":"https:\/\/www.organisator.ch\/"},{"@type":"ListItem","position":2,"name":"Gebr\u00fcder Weiss liefert auf kroatischen Inseln mit Elektro-Dreir\u00e4dern"}]},{"@type":"WebSite","@id":"https:\/\/www.organisator.ch\/#website","url":"https:\/\/www.organisator.ch\/","name":"Organizer","description":"Competent. Practical. In 10 issues per year, ORGANISATOR presents the essential topics for managers of SMEs.","publisher":{"@id":"https:\/\/www.organisator.ch\/#organization"},"potentialAction":[{"@type":"SearchAction","target":{"@type":"EntryPoint","urlTemplate":"https:\/\/www.organisator.ch\/?s={search_term_string}"},"query-input":{"@type":"PropertyValueSpecification","valueRequired":true,"valueName":"search_term_string"}}],"inLanguage":"en-US"},{"@type":"Organization","@id":"https:\/\/www.organisator.ch\/#organization","name":"Organizer","url":"https:\/\/www.organisator.ch\/","logo":{"@type":"ImageObject","inLanguage":"en-US","@id":"https:\/\/www.organisator.ch\/#\/schema\/logo\/image\/","url":"https:\/\/www.organisator.ch\/wp-content\/uploads\/2022\/01\/Logo_Organisator_Website.png","contentUrl":"https:\/\/www.organisator.ch\/wp-content\/uploads\/2022\/01\/Logo_Organisator_Website.png","width":800,"height":77,"caption":"Organisator"},"image":{"@id":"https:\/\/www.organisator.ch\/#\/schema\/logo\/image\/"},"sameAs":["https:\/\/www.facebook.com\/OrganisatorFachmagazin","https:\/\/www.linkedin.com\/showcase\/organisator-das-magazin-fr-kmu","https:\/\/www.xing.com\/news\/pages\/organisator-ch-695","https:\/\/www.youtube.com\/channel\/UCGP2Sq0iWaZwT3BdIAQFYpw"]},{"@type":"Person","@id":"https:\/\/www.organisator.ch\/#\/schema\/person\/6f650f90b2842cd4c0cc334b4e36f67e","name":"thomas.berner","image":{"@type":"ImageObject","inLanguage":"en-US","@id":"https:\/\/secure.gravatar.com\/avatar\/ac5001d2a36cb6c6cd3e50789007ffca834b477b74a2144564522e944eabff61?s=96&d=mm&r=g","url":"https:\/\/secure.gravatar.com\/avatar\/ac5001d2a36cb6c6cd3e50789007ffca834b477b74a2144564522e944eabff61?s=96&d=mm&r=g","contentUrl":"https:\/\/secure.gravatar.com\/avatar\/ac5001d2a36cb6c6cd3e50789007ffca834b477b74a2144564522e944eabff61?s=96&d=mm&r=g","caption":"thomas.berner"},"url":"https:\/\/www.organisator.ch\/en\/author\/thomas-berner\/"}]}},"_links":{"self":[{"href":"https:\/\/www.organisator.ch\/en\/wp-json\/wp\/v2\/posts\/21102","targetHints":{"allow":["GET"]}}],"collection":[{"href":"https:\/\/www.organisator.ch\/en\/wp-json\/wp\/v2\/posts"}],"about":[{"href":"https:\/\/www.organisator.ch\/en\/wp-json\/wp\/v2\/types\/post"}],"author":[{"embeddable":true,"href":"https:\/\/www.organisator.ch\/en\/wp-json\/wp\/v2\/users\/4"}],"replies":[{"embeddable":true,"href":"https:\/\/www.organisator.ch\/en\/wp-json\/wp\/v2\/comments?post=21102"}],"version-history":[{"count":3,"href":"https:\/\/www.organisator.ch\/en\/wp-json\/wp\/v2\/posts\/21102\/revisions"}],"predecessor-version":[{"id":21173,"href":"https:\/\/www.organisator.ch\/en\/wp-json\/wp\/v2\/posts\/21102\/revisions\/21173"}],"wp:featuredmedia":[{"embeddable":true,"href":"https:\/\/www.organisator.ch\/en\/wp-json\/wp\/v2\/media\/21103"}],"wp:attachment":[{"href":"https:\/\/www.organisator.ch\/en\/wp-json\/wp\/v2\/media?parent=21102"}],"wp:term":[{"taxonomy":"category","embeddable":true,"href":"https:\/\/www.organisator.ch\/en\/wp-json\/wp\/v2\/categories?post=21102"},{"taxonomy":"post_tag","embeddable":true,"href":"https:\/\/www.organisator.ch\/en\/wp-json\/wp\/v2\/tags?post=21102"}],"curies":[{"name":"wp","href":"https:\/\/api.w.org\/{rel}","templated":true}]}}