{"id":21136,"date":"2023-08-07T08:41:31","date_gmt":"2023-08-07T06:41:31","guid":{"rendered":"https:\/\/www.organisator.ch\/?p=21136"},"modified":"2023-08-07T08:41:31","modified_gmt":"2023-08-07T06:41:31","slug":"schweizer-auto-markt-startet-solide-ins-zweite-halbjahr","status":"publish","type":"post","link":"https:\/\/www.organisator.ch\/en\/allgemein\/2023-08-07\/schweizer-auto-markt-startet-solide-ins-zweite-halbjahr\/","title":{"rendered":"Swiss auto market gets off to a solid start in the second half of the year"},"content":{"rendered":"<figure id=\"attachment_21137\" aria-describedby=\"caption-attachment-21137\" style=\"width: 680px\" class=\"wp-caption alignnone\"><img loading=\"lazy\" decoding=\"async\" class=\"size-full wp-image-21137\" src=\"https:\/\/www.organisator.ch\/wp-content\/uploads\/2023\/08\/Schweizer-Auto-Markt-startet-solide-ins-zweite-Halbjahr_Organisator.jpg\" alt=\"\" width=\"680\" height=\"426\" srcset=\"https:\/\/www.organisator.ch\/wp-content\/uploads\/2023\/08\/Schweizer-Auto-Markt-startet-solide-ins-zweite-Halbjahr_Organisator.jpg 680w, https:\/\/www.organisator.ch\/wp-content\/uploads\/2023\/08\/Schweizer-Auto-Markt-startet-solide-ins-zweite-Halbjahr_Organisator-18x12.jpg 18w, https:\/\/www.organisator.ch\/wp-content\/uploads\/2023\/08\/Schweizer-Auto-Markt-startet-solide-ins-zweite-Halbjahr_Organisator-375x235.jpg 375w, https:\/\/www.organisator.ch\/wp-content\/uploads\/2023\/08\/Schweizer-Auto-Markt-startet-solide-ins-zweite-Halbjahr_Organisator-559x350.jpg 559w\" sizes=\"auto, (max-width: 680px) 100vw, 680px\" \/><figcaption id=\"caption-attachment-21137\" class=\"wp-caption-text\">More momentum again in the Swiss car market: the number of registrations increased again in July 2023. (Image: Unsplash.com)<\/figcaption><\/figure>\n<p>The year-on-year recovery trend in monthly new registrations has continued for the eleventh calendar month in a row. Since September 2022, the Swiss car market has seen an increase in new passenger cars every month compared to the respective figures a year earlier. Nevertheless, the current market level is no reason for too much euphoria, explains auto-schweiz media spokesman Christoph Wolnik: \"Despite the sustained recovery compared to 2022, we have to see how severely the availability of new vehicles was restricted last year. While the situation has improved, it is still tight if you look at the market data before 2020.\" This year, Wolnik added, the 300,000 new passenger car mark will remain a long way off, having been undershot only twice in the 2010s by a few thousand and a hundred enrollments, respectively.<\/p>\n<h3>Just under 30 percent plug-in vehicles in July<\/h3>\n<p>The market share of plug-in vehicles (electric cars and plug-in hybrids) that can be charged via the power grid continues to grow steadily and in July stood at a combined 29.2 percent. Of these, the 3,649 all-electric vehicles account for 19.6 percent, or around two-thirds, and their number increased by 81 percent year-on-year. Plug-in hybrids, which have an electric drive with an externally rechargeable battery in addition to a gasoline or diesel engine, also increased by 28 percent to 1,777 new registrations. Since the beginning of the year, electric cars have a market share of 18.8 (previous year: 16.0 %), plug-in hybrids 8.7 (previous year: 8.6 %) and hybrid drives without a charging option via the power grid 27.3 percent (previous year: 24.8 %). Taken together, alternative drive systems (electric, hybrid, gas and hydrogen engines) account for 54.9 percent of all new registrations this year, making them the majority of the market for the first time after seven months (previous year 49.5 %).<\/p>\n<p><em>Source: <a href=\"http:\/\/www.auto.swiss\">Car Switzerland<\/a><\/em><\/p>","protected":false},"excerpt":{"rendered":"<p>In July, 18,599 new passenger cars were put into circulation in Switzerland and the Principality of Liechtenstein. The level of new registrations is thus 18.7 percent higher than in the same month last year, which was characterized by severe supply restrictions due to the parts shortage at the time. At the same time, the shortfall of 6,919 registrations, or around 27 percent, on July 2019 shows that the market downturn triggered by the Covid pandemic has not yet been overcome. Thus, since the beginning of the year, 142,351 (+ 13.6 % compared to the previous year), a good 40,000 fewer new passenger cars have been registered than at the same time four years ago. <\/p>","protected":false},"author":4,"featured_media":21137,"comment_status":"closed","ping_status":"closed","sticky":false,"template":"","format":"standard","meta":{"_acf_changed":false,"_yoast_wpseo_focuskw":"Schweizer Auto-Markt","_yoast_wpseo_metadesc":"Der Schweizer Auto-Markt w\u00e4chst wieder: Im Juli gab es in der Schweiz und im F\u00fcrstentum Liechtenstein 18,7 Prozent mehr neue Personenwagen.","articlekey":"","footnotes":""},"categories":[1],"tags":[2944,340,452],"class_list":["post-21136","post","type-post","status-publish","format-standard","has-post-thumbnail","hentry","category-allgemein","tag-autobranche","tag-maerkte","tag-statistik"],"acf":[],"yoast_head":"<!-- This site is optimized with the Yoast SEO plugin v27.4 - https:\/\/yoast.com\/product\/yoast-seo-wordpress\/ -->\n<title>Schweizer Auto-Markt startet solide ins zweite Halbjahr - Organisator<\/title>\n<meta name=\"description\" content=\"Der Schweizer Auto-Markt w\u00e4chst wieder: Im Juli gab es in der Schweiz und im F\u00fcrstentum Liechtenstein 18,7 Prozent mehr neue Personenwagen.\" \/>\n<meta name=\"robots\" content=\"index, follow, max-snippet:-1, max-image-preview:large, max-video-preview:-1\" \/>\n<link rel=\"canonical\" href=\"https:\/\/www.organisator.ch\/en\/general\/2023-08-07\/schweizer-auto-markt-startet-solide-ins-zweite-halbjahr\/\" \/>\n<meta property=\"og:locale\" content=\"en_US\" \/>\n<meta property=\"og:type\" content=\"article\" \/>\n<meta property=\"og:title\" content=\"Schweizer Auto-Markt startet solide ins zweite Halbjahr\" \/>\n<meta property=\"og:description\" content=\"Der Schweizer Auto-Markt w\u00e4chst wieder: Im Juli gab es in der Schweiz und im F\u00fcrstentum Liechtenstein 18,7 Prozent mehr neue Personenwagen.\" \/>\n<meta property=\"og:url\" content=\"https:\/\/www.organisator.ch\/en\/general\/2023-08-07\/schweizer-auto-markt-startet-solide-ins-zweite-halbjahr\/\" \/>\n<meta property=\"og:site_name\" content=\"Organisator\" \/>\n<meta property=\"article:publisher\" content=\"https:\/\/www.facebook.com\/OrganisatorFachmagazin\" \/>\n<meta property=\"article:published_time\" content=\"2023-08-07T06:41:31+00:00\" \/>\n<meta property=\"og:image\" content=\"https:\/\/www.organisator.ch\/wp-content\/uploads\/2023\/08\/Schweizer-Auto-Markt-startet-solide-ins-zweite-Halbjahr_Organisator.jpg\" \/>\n\t<meta property=\"og:image:width\" content=\"680\" \/>\n\t<meta property=\"og:image:height\" content=\"426\" \/>\n\t<meta property=\"og:image:type\" content=\"image\/jpeg\" \/>\n<meta name=\"author\" content=\"thomas.berner\" \/>\n<meta name=\"twitter:card\" content=\"summary_large_image\" \/>\n<meta name=\"twitter:title\" content=\"Schweizer #Auto-Markt startet solide ins zweite Halbjahr\" \/>\n<meta name=\"twitter:description\" content=\"Der Schweizer #Auto-Markt w\u00e4chst wieder: Im Juli gab es in der Schweiz und im F\u00fcrstentum #Liechtenstein 18,7 Prozent mehr neue #Personenwagen.\" \/>\n<meta name=\"twitter:image\" content=\"https:\/\/www.organisator.ch\/wp-content\/uploads\/2023\/08\/Schweizer-Auto-Markt-startet-solide-ins-zweite-Halbjahr_Organisator.jpg\" \/>\n<script type=\"application\/ld+json\" class=\"yoast-schema-graph\">{\"@context\":\"https:\\\/\\\/schema.org\",\"@graph\":[{\"@type\":\"Article\",\"@id\":\"https:\\\/\\\/www.organisator.ch\\\/allgemein\\\/2023-08-07\\\/schweizer-auto-markt-startet-solide-ins-zweite-halbjahr\\\/#article\",\"isPartOf\":{\"@id\":\"https:\\\/\\\/www.organisator.ch\\\/allgemein\\\/2023-08-07\\\/schweizer-auto-markt-startet-solide-ins-zweite-halbjahr\\\/\"},\"author\":{\"name\":\"thomas.berner\",\"@id\":\"https:\\\/\\\/www.organisator.ch\\\/#\\\/schema\\\/person\\\/6f650f90b2842cd4c0cc334b4e36f67e\"},\"headline\":\"Schweizer Auto-Markt startet solide ins zweite Halbjahr\",\"datePublished\":\"2023-08-07T06:41:31+00:00\",\"mainEntityOfPage\":{\"@id\":\"https:\\\/\\\/www.organisator.ch\\\/allgemein\\\/2023-08-07\\\/schweizer-auto-markt-startet-solide-ins-zweite-halbjahr\\\/\"},\"wordCount\":282,\"publisher\":{\"@id\":\"https:\\\/\\\/www.organisator.ch\\\/#organization\"},\"image\":{\"@id\":\"https:\\\/\\\/www.organisator.ch\\\/allgemein\\\/2023-08-07\\\/schweizer-auto-markt-startet-solide-ins-zweite-halbjahr\\\/#primaryimage\"},\"thumbnailUrl\":\"https:\\\/\\\/www.organisator.ch\\\/wp-content\\\/uploads\\\/2023\\\/08\\\/Schweizer-Auto-Markt-startet-solide-ins-zweite-Halbjahr_Organisator.jpg\",\"keywords\":[\"Autobranche\",\"M\u00e4rkte\",\"Statistik\"],\"articleSection\":[\"Allgemein\"],\"inLanguage\":\"en-US\"},{\"@type\":\"WebPage\",\"@id\":\"https:\\\/\\\/www.organisator.ch\\\/allgemein\\\/2023-08-07\\\/schweizer-auto-markt-startet-solide-ins-zweite-halbjahr\\\/\",\"url\":\"https:\\\/\\\/www.organisator.ch\\\/allgemein\\\/2023-08-07\\\/schweizer-auto-markt-startet-solide-ins-zweite-halbjahr\\\/\",\"name\":\"Schweizer Auto-Markt startet solide ins zweite Halbjahr - Organisator\",\"isPartOf\":{\"@id\":\"https:\\\/\\\/www.organisator.ch\\\/#website\"},\"primaryImageOfPage\":{\"@id\":\"https:\\\/\\\/www.organisator.ch\\\/allgemein\\\/2023-08-07\\\/schweizer-auto-markt-startet-solide-ins-zweite-halbjahr\\\/#primaryimage\"},\"image\":{\"@id\":\"https:\\\/\\\/www.organisator.ch\\\/allgemein\\\/2023-08-07\\\/schweizer-auto-markt-startet-solide-ins-zweite-halbjahr\\\/#primaryimage\"},\"thumbnailUrl\":\"https:\\\/\\\/www.organisator.ch\\\/wp-content\\\/uploads\\\/2023\\\/08\\\/Schweizer-Auto-Markt-startet-solide-ins-zweite-Halbjahr_Organisator.jpg\",\"datePublished\":\"2023-08-07T06:41:31+00:00\",\"description\":\"Der Schweizer Auto-Markt w\u00e4chst wieder: Im Juli gab es in der Schweiz und im F\u00fcrstentum Liechtenstein 18,7 Prozent mehr neue Personenwagen.\",\"breadcrumb\":{\"@id\":\"https:\\\/\\\/www.organisator.ch\\\/allgemein\\\/2023-08-07\\\/schweizer-auto-markt-startet-solide-ins-zweite-halbjahr\\\/#breadcrumb\"},\"inLanguage\":\"en-US\",\"potentialAction\":[{\"@type\":\"ReadAction\",\"target\":[\"https:\\\/\\\/www.organisator.ch\\\/allgemein\\\/2023-08-07\\\/schweizer-auto-markt-startet-solide-ins-zweite-halbjahr\\\/\"]}]},{\"@type\":\"ImageObject\",\"inLanguage\":\"en-US\",\"@id\":\"https:\\\/\\\/www.organisator.ch\\\/allgemein\\\/2023-08-07\\\/schweizer-auto-markt-startet-solide-ins-zweite-halbjahr\\\/#primaryimage\",\"url\":\"https:\\\/\\\/www.organisator.ch\\\/wp-content\\\/uploads\\\/2023\\\/08\\\/Schweizer-Auto-Markt-startet-solide-ins-zweite-Halbjahr_Organisator.jpg\",\"contentUrl\":\"https:\\\/\\\/www.organisator.ch\\\/wp-content\\\/uploads\\\/2023\\\/08\\\/Schweizer-Auto-Markt-startet-solide-ins-zweite-Halbjahr_Organisator.jpg\",\"width\":680,\"height\":426,\"caption\":\"Wieder mehr Dynamik im Schweizer Auto-Markt: Die Zahl der Inverkehrssetzungen hat im Juli 2023 erneut zugenommen. (Bild: Unsplash.com)\"},{\"@type\":\"BreadcrumbList\",\"@id\":\"https:\\\/\\\/www.organisator.ch\\\/allgemein\\\/2023-08-07\\\/schweizer-auto-markt-startet-solide-ins-zweite-halbjahr\\\/#breadcrumb\",\"itemListElement\":[{\"@type\":\"ListItem\",\"position\":1,\"name\":\"Home\",\"item\":\"https:\\\/\\\/www.organisator.ch\\\/\"},{\"@type\":\"ListItem\",\"position\":2,\"name\":\"Schweizer Auto-Markt startet solide ins zweite Halbjahr\"}]},{\"@type\":\"WebSite\",\"@id\":\"https:\\\/\\\/www.organisator.ch\\\/#website\",\"url\":\"https:\\\/\\\/www.organisator.ch\\\/\",\"name\":\"Organisator\",\"description\":\"Kompetent. Praxisnah. Der ORGANISATOR bereitet in 10 Ausgaben pro Jahr die wesentlichen Themen f\u00fcr F\u00fchrungskr\u00e4fte von KMU auf.\",\"publisher\":{\"@id\":\"https:\\\/\\\/www.organisator.ch\\\/#organization\"},\"potentialAction\":[{\"@type\":\"SearchAction\",\"target\":{\"@type\":\"EntryPoint\",\"urlTemplate\":\"https:\\\/\\\/www.organisator.ch\\\/?s={search_term_string}\"},\"query-input\":{\"@type\":\"PropertyValueSpecification\",\"valueRequired\":true,\"valueName\":\"search_term_string\"}}],\"inLanguage\":\"en-US\"},{\"@type\":\"Organization\",\"@id\":\"https:\\\/\\\/www.organisator.ch\\\/#organization\",\"name\":\"Organisator\",\"url\":\"https:\\\/\\\/www.organisator.ch\\\/\",\"logo\":{\"@type\":\"ImageObject\",\"inLanguage\":\"en-US\",\"@id\":\"https:\\\/\\\/www.organisator.ch\\\/#\\\/schema\\\/logo\\\/image\\\/\",\"url\":\"https:\\\/\\\/www.organisator.ch\\\/wp-content\\\/uploads\\\/2022\\\/01\\\/Logo_Organisator_Website.png\",\"contentUrl\":\"https:\\\/\\\/www.organisator.ch\\\/wp-content\\\/uploads\\\/2022\\\/01\\\/Logo_Organisator_Website.png\",\"width\":800,\"height\":77,\"caption\":\"Organisator\"},\"image\":{\"@id\":\"https:\\\/\\\/www.organisator.ch\\\/#\\\/schema\\\/logo\\\/image\\\/\"},\"sameAs\":[\"https:\\\/\\\/www.facebook.com\\\/OrganisatorFachmagazin\",\"https:\\\/\\\/www.linkedin.com\\\/showcase\\\/organisator-das-magazin-fr-kmu\",\"https:\\\/\\\/www.xing.com\\\/news\\\/pages\\\/organisator-ch-695\",\"https:\\\/\\\/www.youtube.com\\\/channel\\\/UCGP2Sq0iWaZwT3BdIAQFYpw\"]},{\"@type\":\"Person\",\"@id\":\"https:\\\/\\\/www.organisator.ch\\\/#\\\/schema\\\/person\\\/6f650f90b2842cd4c0cc334b4e36f67e\",\"name\":\"thomas.berner\",\"image\":{\"@type\":\"ImageObject\",\"inLanguage\":\"en-US\",\"@id\":\"https:\\\/\\\/secure.gravatar.com\\\/avatar\\\/ac5001d2a36cb6c6cd3e50789007ffca834b477b74a2144564522e944eabff61?s=96&d=mm&r=g\",\"url\":\"https:\\\/\\\/secure.gravatar.com\\\/avatar\\\/ac5001d2a36cb6c6cd3e50789007ffca834b477b74a2144564522e944eabff61?s=96&d=mm&r=g\",\"contentUrl\":\"https:\\\/\\\/secure.gravatar.com\\\/avatar\\\/ac5001d2a36cb6c6cd3e50789007ffca834b477b74a2144564522e944eabff61?s=96&d=mm&r=g\",\"caption\":\"thomas.berner\"},\"url\":\"https:\\\/\\\/www.organisator.ch\\\/en\\\/author\\\/thomas-berner\\\/\"}]}<\/script>\n<!-- \/ Yoast SEO plugin. -->","yoast_head_json":{"title":"Swiss auto market gets off to a solid start in the second half of the year - Organizer","description":"The Swiss car market is growing again: In July, there were 18.7 percent more new passenger cars in Switzerland and the Principality of Liechtenstein.","robots":{"index":"index","follow":"follow","max-snippet":"max-snippet:-1","max-image-preview":"max-image-preview:large","max-video-preview":"max-video-preview:-1"},"canonical":"https:\/\/www.organisator.ch\/en\/general\/2023-08-07\/schweizer-auto-markt-startet-solide-ins-zweite-halbjahr\/","og_locale":"en_US","og_type":"article","og_title":"Schweizer Auto-Markt startet solide ins zweite Halbjahr","og_description":"Der Schweizer Auto-Markt w\u00e4chst wieder: Im Juli gab es in der Schweiz und im F\u00fcrstentum Liechtenstein 18,7 Prozent mehr neue Personenwagen.","og_url":"https:\/\/www.organisator.ch\/en\/general\/2023-08-07\/schweizer-auto-markt-startet-solide-ins-zweite-halbjahr\/","og_site_name":"Organisator","article_publisher":"https:\/\/www.facebook.com\/OrganisatorFachmagazin","article_published_time":"2023-08-07T06:41:31+00:00","og_image":[{"width":680,"height":426,"url":"https:\/\/www.organisator.ch\/wp-content\/uploads\/2023\/08\/Schweizer-Auto-Markt-startet-solide-ins-zweite-Halbjahr_Organisator.jpg","type":"image\/jpeg"}],"author":"thomas.berner","twitter_card":"summary_large_image","twitter_title":"Schweizer #Auto-Markt startet solide ins zweite Halbjahr","twitter_description":"Der Schweizer #Auto-Markt w\u00e4chst wieder: Im Juli gab es in der Schweiz und im F\u00fcrstentum #Liechtenstein 18,7 Prozent mehr neue #Personenwagen.","twitter_image":"https:\/\/www.organisator.ch\/wp-content\/uploads\/2023\/08\/Schweizer-Auto-Markt-startet-solide-ins-zweite-Halbjahr_Organisator.jpg","schema":{"@context":"https:\/\/schema.org","@graph":[{"@type":"Article","@id":"https:\/\/www.organisator.ch\/allgemein\/2023-08-07\/schweizer-auto-markt-startet-solide-ins-zweite-halbjahr\/#article","isPartOf":{"@id":"https:\/\/www.organisator.ch\/allgemein\/2023-08-07\/schweizer-auto-markt-startet-solide-ins-zweite-halbjahr\/"},"author":{"name":"thomas.berner","@id":"https:\/\/www.organisator.ch\/#\/schema\/person\/6f650f90b2842cd4c0cc334b4e36f67e"},"headline":"Schweizer Auto-Markt startet solide ins zweite Halbjahr","datePublished":"2023-08-07T06:41:31+00:00","mainEntityOfPage":{"@id":"https:\/\/www.organisator.ch\/allgemein\/2023-08-07\/schweizer-auto-markt-startet-solide-ins-zweite-halbjahr\/"},"wordCount":282,"publisher":{"@id":"https:\/\/www.organisator.ch\/#organization"},"image":{"@id":"https:\/\/www.organisator.ch\/allgemein\/2023-08-07\/schweizer-auto-markt-startet-solide-ins-zweite-halbjahr\/#primaryimage"},"thumbnailUrl":"https:\/\/www.organisator.ch\/wp-content\/uploads\/2023\/08\/Schweizer-Auto-Markt-startet-solide-ins-zweite-Halbjahr_Organisator.jpg","keywords":["Autobranche","M\u00e4rkte","Statistik"],"articleSection":["Allgemein"],"inLanguage":"en-US"},{"@type":"WebPage","@id":"https:\/\/www.organisator.ch\/allgemein\/2023-08-07\/schweizer-auto-markt-startet-solide-ins-zweite-halbjahr\/","url":"https:\/\/www.organisator.ch\/allgemein\/2023-08-07\/schweizer-auto-markt-startet-solide-ins-zweite-halbjahr\/","name":"Swiss auto market gets off to a solid start in the second half of the year - Organizer","isPartOf":{"@id":"https:\/\/www.organisator.ch\/#website"},"primaryImageOfPage":{"@id":"https:\/\/www.organisator.ch\/allgemein\/2023-08-07\/schweizer-auto-markt-startet-solide-ins-zweite-halbjahr\/#primaryimage"},"image":{"@id":"https:\/\/www.organisator.ch\/allgemein\/2023-08-07\/schweizer-auto-markt-startet-solide-ins-zweite-halbjahr\/#primaryimage"},"thumbnailUrl":"https:\/\/www.organisator.ch\/wp-content\/uploads\/2023\/08\/Schweizer-Auto-Markt-startet-solide-ins-zweite-Halbjahr_Organisator.jpg","datePublished":"2023-08-07T06:41:31+00:00","description":"The Swiss car market is growing again: In July, there were 18.7 percent more new passenger cars in Switzerland and the Principality of Liechtenstein.","breadcrumb":{"@id":"https:\/\/www.organisator.ch\/allgemein\/2023-08-07\/schweizer-auto-markt-startet-solide-ins-zweite-halbjahr\/#breadcrumb"},"inLanguage":"en-US","potentialAction":[{"@type":"ReadAction","target":["https:\/\/www.organisator.ch\/allgemein\/2023-08-07\/schweizer-auto-markt-startet-solide-ins-zweite-halbjahr\/"]}]},{"@type":"ImageObject","inLanguage":"en-US","@id":"https:\/\/www.organisator.ch\/allgemein\/2023-08-07\/schweizer-auto-markt-startet-solide-ins-zweite-halbjahr\/#primaryimage","url":"https:\/\/www.organisator.ch\/wp-content\/uploads\/2023\/08\/Schweizer-Auto-Markt-startet-solide-ins-zweite-Halbjahr_Organisator.jpg","contentUrl":"https:\/\/www.organisator.ch\/wp-content\/uploads\/2023\/08\/Schweizer-Auto-Markt-startet-solide-ins-zweite-Halbjahr_Organisator.jpg","width":680,"height":426,"caption":"Wieder mehr Dynamik im Schweizer Auto-Markt: Die Zahl der Inverkehrssetzungen hat im Juli 2023 erneut zugenommen. (Bild: Unsplash.com)"},{"@type":"BreadcrumbList","@id":"https:\/\/www.organisator.ch\/allgemein\/2023-08-07\/schweizer-auto-markt-startet-solide-ins-zweite-halbjahr\/#breadcrumb","itemListElement":[{"@type":"ListItem","position":1,"name":"Home","item":"https:\/\/www.organisator.ch\/"},{"@type":"ListItem","position":2,"name":"Schweizer Auto-Markt startet solide ins zweite Halbjahr"}]},{"@type":"WebSite","@id":"https:\/\/www.organisator.ch\/#website","url":"https:\/\/www.organisator.ch\/","name":"Organizer","description":"Competent. Practical. In 10 issues per year, ORGANISATOR presents the essential topics for managers of SMEs.","publisher":{"@id":"https:\/\/www.organisator.ch\/#organization"},"potentialAction":[{"@type":"SearchAction","target":{"@type":"EntryPoint","urlTemplate":"https:\/\/www.organisator.ch\/?s={search_term_string}"},"query-input":{"@type":"PropertyValueSpecification","valueRequired":true,"valueName":"search_term_string"}}],"inLanguage":"en-US"},{"@type":"Organization","@id":"https:\/\/www.organisator.ch\/#organization","name":"Organizer","url":"https:\/\/www.organisator.ch\/","logo":{"@type":"ImageObject","inLanguage":"en-US","@id":"https:\/\/www.organisator.ch\/#\/schema\/logo\/image\/","url":"https:\/\/www.organisator.ch\/wp-content\/uploads\/2022\/01\/Logo_Organisator_Website.png","contentUrl":"https:\/\/www.organisator.ch\/wp-content\/uploads\/2022\/01\/Logo_Organisator_Website.png","width":800,"height":77,"caption":"Organisator"},"image":{"@id":"https:\/\/www.organisator.ch\/#\/schema\/logo\/image\/"},"sameAs":["https:\/\/www.facebook.com\/OrganisatorFachmagazin","https:\/\/www.linkedin.com\/showcase\/organisator-das-magazin-fr-kmu","https:\/\/www.xing.com\/news\/pages\/organisator-ch-695","https:\/\/www.youtube.com\/channel\/UCGP2Sq0iWaZwT3BdIAQFYpw"]},{"@type":"Person","@id":"https:\/\/www.organisator.ch\/#\/schema\/person\/6f650f90b2842cd4c0cc334b4e36f67e","name":"thomas.berner","image":{"@type":"ImageObject","inLanguage":"en-US","@id":"https:\/\/secure.gravatar.com\/avatar\/ac5001d2a36cb6c6cd3e50789007ffca834b477b74a2144564522e944eabff61?s=96&d=mm&r=g","url":"https:\/\/secure.gravatar.com\/avatar\/ac5001d2a36cb6c6cd3e50789007ffca834b477b74a2144564522e944eabff61?s=96&d=mm&r=g","contentUrl":"https:\/\/secure.gravatar.com\/avatar\/ac5001d2a36cb6c6cd3e50789007ffca834b477b74a2144564522e944eabff61?s=96&d=mm&r=g","caption":"thomas.berner"},"url":"https:\/\/www.organisator.ch\/en\/author\/thomas-berner\/"}]}},"_links":{"self":[{"href":"https:\/\/www.organisator.ch\/en\/wp-json\/wp\/v2\/posts\/21136","targetHints":{"allow":["GET"]}}],"collection":[{"href":"https:\/\/www.organisator.ch\/en\/wp-json\/wp\/v2\/posts"}],"about":[{"href":"https:\/\/www.organisator.ch\/en\/wp-json\/wp\/v2\/types\/post"}],"author":[{"embeddable":true,"href":"https:\/\/www.organisator.ch\/en\/wp-json\/wp\/v2\/users\/4"}],"replies":[{"embeddable":true,"href":"https:\/\/www.organisator.ch\/en\/wp-json\/wp\/v2\/comments?post=21136"}],"version-history":[{"count":1,"href":"https:\/\/www.organisator.ch\/en\/wp-json\/wp\/v2\/posts\/21136\/revisions"}],"predecessor-version":[{"id":21138,"href":"https:\/\/www.organisator.ch\/en\/wp-json\/wp\/v2\/posts\/21136\/revisions\/21138"}],"wp:featuredmedia":[{"embeddable":true,"href":"https:\/\/www.organisator.ch\/en\/wp-json\/wp\/v2\/media\/21137"}],"wp:attachment":[{"href":"https:\/\/www.organisator.ch\/en\/wp-json\/wp\/v2\/media?parent=21136"}],"wp:term":[{"taxonomy":"category","embeddable":true,"href":"https:\/\/www.organisator.ch\/en\/wp-json\/wp\/v2\/categories?post=21136"},{"taxonomy":"post_tag","embeddable":true,"href":"https:\/\/www.organisator.ch\/en\/wp-json\/wp\/v2\/tags?post=21136"}],"curies":[{"name":"wp","href":"https:\/\/api.w.org\/{rel}","templated":true}]}}