{"id":21160,"date":"2023-08-08T08:21:55","date_gmt":"2023-08-08T06:21:55","guid":{"rendered":"https:\/\/www.m-q.ch\/?p=18385"},"modified":"2024-11-14T14:09:50","modified_gmt":"2024-11-14T13:09:50","slug":"the-boardroom-will-frauen-in-den-vr-holen-fuer-mehr-diversitaet-auf-der-fuehrungsebene","status":"publish","type":"post","link":"https:\/\/www.organisator.ch\/en\/operational-excellence\/2023-08-08\/the-boardroom-will-frauen-in-den-vr-holen-fuer-mehr-diversitaet-auf-der-fuehrungsebene\/","title":{"rendered":"The Boardroom wants to bring women into the BoD - for more diversity at the management level"},"content":{"rendered":"<figure id=\"attachment_18386\" class=\"wp-caption alignnone\" style=\"width: 680px\" aria-describedby=\"caption-attachment-18386\"><img class=\"alignnone wp-image-18386 size-full\" src=\"https:\/\/www.m-q.ch\/wp-content\/uploads\/2023\/08\/The-Boardroom-will-Frauen-in-den-VR-holen-%E2%80%93-fuer-mehr-Diversitaet-auf-der-Fuehrungsebene-1_MQ-.jpg\" alt=\"Women on boards of directors\" width=\"680\" height=\"525\" \/>\r\n<figcaption id=\"caption-attachment-18386\" class=\"wp-caption-text\">Being a board member is a challenge for life. (Image: Pixabay @ geralt; CCO Public Domain)<\/figcaption>\r\n<\/figure>\r\n<p>Why are there still fewer women on boards than men? Several factors come together here, as the founder of the management consultancy The Boardroom had to realize. It's not just the boards that are to blame, but it's not just the women either. The question of blame is a vexed issue anyway, because only with synergetic cooperation do the two groups converge!<\/p>\r\n<h3>Boardroom women on the way up - when the board becomes the goal<\/h3>\r\n<p>On a rainy May day in Zurich, nearly 20 women gather for a meeting to listen to successful businesswoman Mirjam Staub-Bisang (Blackrock Switzerland). She gives a lecture on investments, leadership challenges and diversity in business. All the listeners have one thing in common: they are professionally successful! Whether CEOs or HR managers, they have already found their way.<\/p>\r\n<p>But that's not the end of the story, because the dedicated businesswomen want the space on the board of directors, for more diversity. Career women have one more thing in common: They <a href=\"https:\/\/www.theboardroom.de\/\">belong to The Boardroom<\/a>, the club that wants to revolutionize the quota of women on Swiss boards of directors.<\/p>\r\n<p>Currently, only 30 percent of board seats are held by women, the rest by men. Diana Markaki, founder of The Boardroom, received her very first mandate at 36 and had only one female fellow member. She felt odd, alone, the great exception. Things didn't get any better after she moved to a Swiss company.<\/p>\r\n<figure id=\"attachment_18387\" class=\"wp-caption alignnone\" style=\"width: 820px\" aria-describedby=\"caption-attachment-18387\"><img class=\"size-full wp-image-18387\" src=\"https:\/\/www.m-q.ch\/wp-content\/uploads\/2023\/08\/The-Boardroom-will-Frauen-in-den-VR-holen-%E2%80%93-fuer-mehr-Diversitaet-auf-der-Fuehrungsebene-2_MQ-.jpg\" alt=\"\" width=\"820\" height=\"703\" \/>\r\n<figcaption id=\"caption-attachment-18387\" class=\"wp-caption-text\">Diana Markaki, founder of The Boardroom. (Image: zVg)<\/figcaption>\r\n<\/figure>\r\n<p>All of this led Markaki to feel a strong pressure to perform, which also brought insecurities. From the perspective of numerous other women, these feelings were a blessing. They eventually moved Markaki to create The Boardroom. The bootcamp where women (and men, too) can learn, <a href=\"https:\/\/www.kmu.admin.ch\/kmu\/de\/home\/praktisches-wissen\/kmu-gruenden\/firmengruendung\/auswahl-rechtsform\/aktiengesellschaft\/welche-aufgaben-hat-ein-verwaltungsrat.html\">to hold their own on the Board of Directors<\/a> or get there at all.<\/p>\r\n<p>With The Boardroom, an exclusive club, Markaki wants to change that and prepare women for leadership positions. The club's excellent network plays a major role in this and leads to advancing and living diversity within the framework of various event formats and trainings.<\/p>\r\n<h3>The right personalities are more important than gender<\/h3>\r\n<p>Although Diana Markaki thinks highly of women in leadership positions, gender is not the most important factor for her. It takes the right people for the position. Everywhere <a href=\"https:\/\/www.m-q.ch\/de\/schweizer-engineering-gruppe-geht-fachkraeftemangel-gemeinsam-an\/\">discussed about shortage of skilled workers<\/a>Many of these positions are often filled incorrectly.<\/p>\r\n<p>The more diverse people's experiences, the more the board benefits. Complex decisions often have to be made, which can be completely re-evaluated through different perspectives. The Boardroom is therefore not specifically aimed at female careerists, but also at those who have not yet thought outside the box. The goal is to tease out strengths and prepare women to assert themselves on boards. This works through networking, trial and error, and assertiveness, even with men!<\/p>\n<p class=\"syndicated-attribution\">This article originally appeared on m-q.ch - <a href=\"https:\/\/www.m-q.ch\/de\/the-boardroom-will-frauen-in-den-vr-holen-fuer-mehr-diversitaet-auf-der-fuehrungsebene\/\" target=\"_blank\">https:\/\/www.m-q.ch\/de\/the-boardroom-will-frauen-in-den-vr-holen-fuer-mehr-diversitaet-auf-der-fuehrungsebene\/<\/a><\/p>","protected":false},"excerpt":{"rendered":"<p>The topic of women's quotas is more present in the media than ever before. In theory, more attention is being paid to diversity, but in practice just 15 % of managers in Switzerland are female. Why are theory and practice so far apart?<\/p>","protected":false},"author":8,"featured_media":0,"comment_status":"closed","ping_status":"closed","sticky":false,"template":"","format":"standard","meta":{"_acf_changed":false,"_yoast_wpseo_focuskw":"Frauen in Verwaltungsr\u00e4ten","_yoast_wpseo_metadesc":"The Boardroom f\u00f6rdert Frauen in Schweizer Verwaltungsr\u00e4ten. Diversit\u00e4t und Networking f\u00fcr Karrierefrauen.","articlekey":"","footnotes":""},"categories":[582],"tags":[],"class_list":["post-21160","post","type-post","status-publish","format-standard","hentry","category-operational-excellence"],"acf":[],"yoast_head":"<!-- This site is optimized with the Yoast SEO plugin v27.5 - https:\/\/yoast.com\/product\/yoast-seo-wordpress\/ -->\n<title>The Boardroom will Frauen in den VR holen \u2013 f\u00fcr mehr Diversit\u00e4t auf der F\u00fchrungsebene - Organisator<\/title>\n<meta name=\"description\" content=\"The Boardroom f\u00f6rdert Frauen in Schweizer Verwaltungsr\u00e4ten. Diversit\u00e4t und Networking f\u00fcr Karrierefrauen.\" \/>\n<meta name=\"robots\" content=\"index, follow, max-snippet:-1, max-image-preview:large, max-video-preview:-1\" \/>\n<link rel=\"canonical\" href=\"https:\/\/www.organisator.ch\/en\/operational-excellence\/2023-08-08\/the-boardroom-will-frauen-in-den-vr-holen-fuer-mehr-diversitaet-auf-der-fuehrungsebene\/\" \/>\n<meta property=\"og:locale\" content=\"en_US\" \/>\n<meta property=\"og:type\" content=\"article\" \/>\n<meta property=\"og:title\" content=\"The Boardroom will Frauen in den VR holen \u2013 f\u00fcr mehr Diversit\u00e4t auf der F\u00fchrungsebene - Organisator\" \/>\n<meta property=\"og:description\" content=\"The Boardroom f\u00f6rdert Frauen in Schweizer Verwaltungsr\u00e4ten. Diversit\u00e4t und Networking f\u00fcr Karrierefrauen.\" \/>\n<meta property=\"og:url\" content=\"https:\/\/www.organisator.ch\/en\/operational-excellence\/2023-08-08\/the-boardroom-will-frauen-in-den-vr-holen-fuer-mehr-diversitaet-auf-der-fuehrungsebene\/\" \/>\n<meta property=\"og:site_name\" content=\"Organisator\" \/>\n<meta property=\"article:publisher\" content=\"https:\/\/www.facebook.com\/OrganisatorFachmagazin\" \/>\n<meta property=\"article:published_time\" content=\"2023-08-08T06:21:55+00:00\" \/>\n<meta property=\"article:modified_time\" content=\"2024-11-14T13:09:50+00:00\" \/>\n<meta name=\"author\" content=\"galledia\" \/>\n<meta name=\"twitter:card\" content=\"summary_large_image\" \/>\n<meta name=\"twitter:creator\" content=\"@admin\" \/>\n<script type=\"application\/ld+json\" class=\"yoast-schema-graph\">{\"@context\":\"https:\\\/\\\/schema.org\",\"@graph\":[{\"@type\":\"Article\",\"@id\":\"https:\\\/\\\/www.organisator.ch\\\/operational-excellence\\\/2023-08-08\\\/the-boardroom-will-frauen-in-den-vr-holen-fuer-mehr-diversitaet-auf-der-fuehrungsebene\\\/#article\",\"isPartOf\":{\"@id\":\"https:\\\/\\\/www.organisator.ch\\\/operational-excellence\\\/2023-08-08\\\/the-boardroom-will-frauen-in-den-vr-holen-fuer-mehr-diversitaet-auf-der-fuehrungsebene\\\/\"},\"author\":{\"name\":\"galledia\",\"@id\":\"https:\\\/\\\/www.organisator.ch\\\/#\\\/schema\\\/person\\\/4e51799071cd2dd1232ac003643ef5f0\"},\"headline\":\"The Boardroom will Frauen in den VR holen \u2013 f\u00fcr mehr Diversit\u00e4t auf der F\u00fchrungsebene\",\"datePublished\":\"2023-08-08T06:21:55+00:00\",\"dateModified\":\"2024-11-14T13:09:50+00:00\",\"mainEntityOfPage\":{\"@id\":\"https:\\\/\\\/www.organisator.ch\\\/operational-excellence\\\/2023-08-08\\\/the-boardroom-will-frauen-in-den-vr-holen-fuer-mehr-diversitaet-auf-der-fuehrungsebene\\\/\"},\"wordCount\":519,\"publisher\":{\"@id\":\"https:\\\/\\\/www.organisator.ch\\\/#organization\"},\"image\":{\"@id\":\"https:\\\/\\\/www.organisator.ch\\\/operational-excellence\\\/2023-08-08\\\/the-boardroom-will-frauen-in-den-vr-holen-fuer-mehr-diversitaet-auf-der-fuehrungsebene\\\/#primaryimage\"},\"thumbnailUrl\":\"https:\\\/\\\/www.m-q.ch\\\/wp-content\\\/uploads\\\/2023\\\/08\\\/The-Boardroom-will-Frauen-in-den-VR-holen-%E2%80%93-fuer-mehr-Diversitaet-auf-der-Fuehrungsebene-1_MQ-.jpg\",\"articleSection\":[\"OPERATIONAL EXCELLENCE\"],\"inLanguage\":\"en-US\"},{\"@type\":\"WebPage\",\"@id\":\"https:\\\/\\\/www.organisator.ch\\\/operational-excellence\\\/2023-08-08\\\/the-boardroom-will-frauen-in-den-vr-holen-fuer-mehr-diversitaet-auf-der-fuehrungsebene\\\/\",\"url\":\"https:\\\/\\\/www.organisator.ch\\\/operational-excellence\\\/2023-08-08\\\/the-boardroom-will-frauen-in-den-vr-holen-fuer-mehr-diversitaet-auf-der-fuehrungsebene\\\/\",\"name\":\"The Boardroom will Frauen in den VR holen \u2013 f\u00fcr mehr Diversit\u00e4t auf der F\u00fchrungsebene - Organisator\",\"isPartOf\":{\"@id\":\"https:\\\/\\\/www.organisator.ch\\\/#website\"},\"primaryImageOfPage\":{\"@id\":\"https:\\\/\\\/www.organisator.ch\\\/operational-excellence\\\/2023-08-08\\\/the-boardroom-will-frauen-in-den-vr-holen-fuer-mehr-diversitaet-auf-der-fuehrungsebene\\\/#primaryimage\"},\"image\":{\"@id\":\"https:\\\/\\\/www.organisator.ch\\\/operational-excellence\\\/2023-08-08\\\/the-boardroom-will-frauen-in-den-vr-holen-fuer-mehr-diversitaet-auf-der-fuehrungsebene\\\/#primaryimage\"},\"thumbnailUrl\":\"https:\\\/\\\/www.m-q.ch\\\/wp-content\\\/uploads\\\/2023\\\/08\\\/The-Boardroom-will-Frauen-in-den-VR-holen-%E2%80%93-fuer-mehr-Diversitaet-auf-der-Fuehrungsebene-1_MQ-.jpg\",\"datePublished\":\"2023-08-08T06:21:55+00:00\",\"dateModified\":\"2024-11-14T13:09:50+00:00\",\"description\":\"The Boardroom f\u00f6rdert Frauen in Schweizer Verwaltungsr\u00e4ten. Diversit\u00e4t und Networking f\u00fcr Karrierefrauen.\",\"breadcrumb\":{\"@id\":\"https:\\\/\\\/www.organisator.ch\\\/operational-excellence\\\/2023-08-08\\\/the-boardroom-will-frauen-in-den-vr-holen-fuer-mehr-diversitaet-auf-der-fuehrungsebene\\\/#breadcrumb\"},\"inLanguage\":\"en-US\",\"potentialAction\":[{\"@type\":\"ReadAction\",\"target\":[\"https:\\\/\\\/www.organisator.ch\\\/operational-excellence\\\/2023-08-08\\\/the-boardroom-will-frauen-in-den-vr-holen-fuer-mehr-diversitaet-auf-der-fuehrungsebene\\\/\"]}]},{\"@type\":\"ImageObject\",\"inLanguage\":\"en-US\",\"@id\":\"https:\\\/\\\/www.organisator.ch\\\/operational-excellence\\\/2023-08-08\\\/the-boardroom-will-frauen-in-den-vr-holen-fuer-mehr-diversitaet-auf-der-fuehrungsebene\\\/#primaryimage\",\"url\":\"https:\\\/\\\/www.m-q.ch\\\/wp-content\\\/uploads\\\/2023\\\/08\\\/The-Boardroom-will-Frauen-in-den-VR-holen-%E2%80%93-fuer-mehr-Diversitaet-auf-der-Fuehrungsebene-1_MQ-.jpg\",\"contentUrl\":\"https:\\\/\\\/www.m-q.ch\\\/wp-content\\\/uploads\\\/2023\\\/08\\\/The-Boardroom-will-Frauen-in-den-VR-holen-%E2%80%93-fuer-mehr-Diversitaet-auf-der-Fuehrungsebene-1_MQ-.jpg\"},{\"@type\":\"BreadcrumbList\",\"@id\":\"https:\\\/\\\/www.organisator.ch\\\/operational-excellence\\\/2023-08-08\\\/the-boardroom-will-frauen-in-den-vr-holen-fuer-mehr-diversitaet-auf-der-fuehrungsebene\\\/#breadcrumb\",\"itemListElement\":[{\"@type\":\"ListItem\",\"position\":1,\"name\":\"Home\",\"item\":\"https:\\\/\\\/www.organisator.ch\\\/\"},{\"@type\":\"ListItem\",\"position\":2,\"name\":\"The Boardroom will Frauen in den VR holen \u2013 f\u00fcr mehr Diversit\u00e4t auf der F\u00fchrungsebene\"}]},{\"@type\":\"WebSite\",\"@id\":\"https:\\\/\\\/www.organisator.ch\\\/#website\",\"url\":\"https:\\\/\\\/www.organisator.ch\\\/\",\"name\":\"Organisator\",\"description\":\"Kompetent. Praxisnah. Der ORGANISATOR bereitet in 10 Ausgaben pro Jahr die wesentlichen Themen f\u00fcr F\u00fchrungskr\u00e4fte von KMU auf.\",\"publisher\":{\"@id\":\"https:\\\/\\\/www.organisator.ch\\\/#organization\"},\"potentialAction\":[{\"@type\":\"SearchAction\",\"target\":{\"@type\":\"EntryPoint\",\"urlTemplate\":\"https:\\\/\\\/www.organisator.ch\\\/?s={search_term_string}\"},\"query-input\":{\"@type\":\"PropertyValueSpecification\",\"valueRequired\":true,\"valueName\":\"search_term_string\"}}],\"inLanguage\":\"en-US\"},{\"@type\":\"Organization\",\"@id\":\"https:\\\/\\\/www.organisator.ch\\\/#organization\",\"name\":\"Organisator\",\"url\":\"https:\\\/\\\/www.organisator.ch\\\/\",\"logo\":{\"@type\":\"ImageObject\",\"inLanguage\":\"en-US\",\"@id\":\"https:\\\/\\\/www.organisator.ch\\\/#\\\/schema\\\/logo\\\/image\\\/\",\"url\":\"https:\\\/\\\/www.organisator.ch\\\/wp-content\\\/uploads\\\/2022\\\/01\\\/Logo_Organisator_Website.png\",\"contentUrl\":\"https:\\\/\\\/www.organisator.ch\\\/wp-content\\\/uploads\\\/2022\\\/01\\\/Logo_Organisator_Website.png\",\"width\":800,\"height\":77,\"caption\":\"Organisator\"},\"image\":{\"@id\":\"https:\\\/\\\/www.organisator.ch\\\/#\\\/schema\\\/logo\\\/image\\\/\"},\"sameAs\":[\"https:\\\/\\\/www.facebook.com\\\/OrganisatorFachmagazin\",\"https:\\\/\\\/www.linkedin.com\\\/showcase\\\/organisator-das-magazin-fr-kmu\",\"https:\\\/\\\/www.xing.com\\\/news\\\/pages\\\/organisator-ch-695\",\"https:\\\/\\\/www.youtube.com\\\/channel\\\/UCGP2Sq0iWaZwT3BdIAQFYpw\"]},{\"@type\":\"Person\",\"@id\":\"https:\\\/\\\/www.organisator.ch\\\/#\\\/schema\\\/person\\\/4e51799071cd2dd1232ac003643ef5f0\",\"name\":\"galledia\",\"image\":{\"@type\":\"ImageObject\",\"inLanguage\":\"en-US\",\"@id\":\"https:\\\/\\\/secure.gravatar.com\\\/avatar\\\/78a7f90c01fc2bfc875782a0d4922b37cde2cf184ce347b91316d23cd7f69a36?s=96&d=mm&r=g\",\"url\":\"https:\\\/\\\/secure.gravatar.com\\\/avatar\\\/78a7f90c01fc2bfc875782a0d4922b37cde2cf184ce347b91316d23cd7f69a36?s=96&d=mm&r=g\",\"contentUrl\":\"https:\\\/\\\/secure.gravatar.com\\\/avatar\\\/78a7f90c01fc2bfc875782a0d4922b37cde2cf184ce347b91316d23cd7f69a36?s=96&d=mm&r=g\",\"caption\":\"galledia\"},\"sameAs\":[\"https:\\\/\\\/x.com\\\/admin\"],\"url\":\"https:\\\/\\\/www.organisator.ch\\\/en\\\/author\\\/galledia\\\/\"}]}<\/script>\n<!-- \/ Yoast SEO plugin. -->","yoast_head_json":{"title":"The Boardroom wants to get women on the BoD - for more diversity on the management level - Organizer","description":"The Boardroom promotes women on Swiss boards of directors. Diversity and networking for career women.","robots":{"index":"index","follow":"follow","max-snippet":"max-snippet:-1","max-image-preview":"max-image-preview:large","max-video-preview":"max-video-preview:-1"},"canonical":"https:\/\/www.organisator.ch\/en\/operational-excellence\/2023-08-08\/the-boardroom-will-frauen-in-den-vr-holen-fuer-mehr-diversitaet-auf-der-fuehrungsebene\/","og_locale":"en_US","og_type":"article","og_title":"The Boardroom will Frauen in den VR holen \u2013 f\u00fcr mehr Diversit\u00e4t auf der F\u00fchrungsebene - Organisator","og_description":"The Boardroom f\u00f6rdert Frauen in Schweizer Verwaltungsr\u00e4ten. Diversit\u00e4t und Networking f\u00fcr Karrierefrauen.","og_url":"https:\/\/www.organisator.ch\/en\/operational-excellence\/2023-08-08\/the-boardroom-will-frauen-in-den-vr-holen-fuer-mehr-diversitaet-auf-der-fuehrungsebene\/","og_site_name":"Organisator","article_publisher":"https:\/\/www.facebook.com\/OrganisatorFachmagazin","article_published_time":"2023-08-08T06:21:55+00:00","article_modified_time":"2024-11-14T13:09:50+00:00","author":"galledia","twitter_card":"summary_large_image","twitter_creator":"@admin","schema":{"@context":"https:\/\/schema.org","@graph":[{"@type":"Article","@id":"https:\/\/www.organisator.ch\/operational-excellence\/2023-08-08\/the-boardroom-will-frauen-in-den-vr-holen-fuer-mehr-diversitaet-auf-der-fuehrungsebene\/#article","isPartOf":{"@id":"https:\/\/www.organisator.ch\/operational-excellence\/2023-08-08\/the-boardroom-will-frauen-in-den-vr-holen-fuer-mehr-diversitaet-auf-der-fuehrungsebene\/"},"author":{"name":"galledia","@id":"https:\/\/www.organisator.ch\/#\/schema\/person\/4e51799071cd2dd1232ac003643ef5f0"},"headline":"The Boardroom will Frauen in den VR holen \u2013 f\u00fcr mehr Diversit\u00e4t auf der F\u00fchrungsebene","datePublished":"2023-08-08T06:21:55+00:00","dateModified":"2024-11-14T13:09:50+00:00","mainEntityOfPage":{"@id":"https:\/\/www.organisator.ch\/operational-excellence\/2023-08-08\/the-boardroom-will-frauen-in-den-vr-holen-fuer-mehr-diversitaet-auf-der-fuehrungsebene\/"},"wordCount":519,"publisher":{"@id":"https:\/\/www.organisator.ch\/#organization"},"image":{"@id":"https:\/\/www.organisator.ch\/operational-excellence\/2023-08-08\/the-boardroom-will-frauen-in-den-vr-holen-fuer-mehr-diversitaet-auf-der-fuehrungsebene\/#primaryimage"},"thumbnailUrl":"https:\/\/www.m-q.ch\/wp-content\/uploads\/2023\/08\/The-Boardroom-will-Frauen-in-den-VR-holen-%E2%80%93-fuer-mehr-Diversitaet-auf-der-Fuehrungsebene-1_MQ-.jpg","articleSection":["OPERATIONAL EXCELLENCE"],"inLanguage":"en-US"},{"@type":"WebPage","@id":"https:\/\/www.organisator.ch\/operational-excellence\/2023-08-08\/the-boardroom-will-frauen-in-den-vr-holen-fuer-mehr-diversitaet-auf-der-fuehrungsebene\/","url":"https:\/\/www.organisator.ch\/operational-excellence\/2023-08-08\/the-boardroom-will-frauen-in-den-vr-holen-fuer-mehr-diversitaet-auf-der-fuehrungsebene\/","name":"The Boardroom wants to get women on the BoD - for more diversity on the management level - Organizer","isPartOf":{"@id":"https:\/\/www.organisator.ch\/#website"},"primaryImageOfPage":{"@id":"https:\/\/www.organisator.ch\/operational-excellence\/2023-08-08\/the-boardroom-will-frauen-in-den-vr-holen-fuer-mehr-diversitaet-auf-der-fuehrungsebene\/#primaryimage"},"image":{"@id":"https:\/\/www.organisator.ch\/operational-excellence\/2023-08-08\/the-boardroom-will-frauen-in-den-vr-holen-fuer-mehr-diversitaet-auf-der-fuehrungsebene\/#primaryimage"},"thumbnailUrl":"https:\/\/www.m-q.ch\/wp-content\/uploads\/2023\/08\/The-Boardroom-will-Frauen-in-den-VR-holen-%E2%80%93-fuer-mehr-Diversitaet-auf-der-Fuehrungsebene-1_MQ-.jpg","datePublished":"2023-08-08T06:21:55+00:00","dateModified":"2024-11-14T13:09:50+00:00","description":"The Boardroom promotes women on Swiss boards of directors. Diversity and networking for career women.","breadcrumb":{"@id":"https:\/\/www.organisator.ch\/operational-excellence\/2023-08-08\/the-boardroom-will-frauen-in-den-vr-holen-fuer-mehr-diversitaet-auf-der-fuehrungsebene\/#breadcrumb"},"inLanguage":"en-US","potentialAction":[{"@type":"ReadAction","target":["https:\/\/www.organisator.ch\/operational-excellence\/2023-08-08\/the-boardroom-will-frauen-in-den-vr-holen-fuer-mehr-diversitaet-auf-der-fuehrungsebene\/"]}]},{"@type":"ImageObject","inLanguage":"en-US","@id":"https:\/\/www.organisator.ch\/operational-excellence\/2023-08-08\/the-boardroom-will-frauen-in-den-vr-holen-fuer-mehr-diversitaet-auf-der-fuehrungsebene\/#primaryimage","url":"https:\/\/www.m-q.ch\/wp-content\/uploads\/2023\/08\/The-Boardroom-will-Frauen-in-den-VR-holen-%E2%80%93-fuer-mehr-Diversitaet-auf-der-Fuehrungsebene-1_MQ-.jpg","contentUrl":"https:\/\/www.m-q.ch\/wp-content\/uploads\/2023\/08\/The-Boardroom-will-Frauen-in-den-VR-holen-%E2%80%93-fuer-mehr-Diversitaet-auf-der-Fuehrungsebene-1_MQ-.jpg"},{"@type":"BreadcrumbList","@id":"https:\/\/www.organisator.ch\/operational-excellence\/2023-08-08\/the-boardroom-will-frauen-in-den-vr-holen-fuer-mehr-diversitaet-auf-der-fuehrungsebene\/#breadcrumb","itemListElement":[{"@type":"ListItem","position":1,"name":"Home","item":"https:\/\/www.organisator.ch\/"},{"@type":"ListItem","position":2,"name":"The Boardroom will Frauen in den VR holen \u2013 f\u00fcr mehr Diversit\u00e4t auf der F\u00fchrungsebene"}]},{"@type":"WebSite","@id":"https:\/\/www.organisator.ch\/#website","url":"https:\/\/www.organisator.ch\/","name":"Organizer","description":"Competent. Practical. In 10 issues per year, ORGANISATOR presents the essential topics for managers of SMEs.","publisher":{"@id":"https:\/\/www.organisator.ch\/#organization"},"potentialAction":[{"@type":"SearchAction","target":{"@type":"EntryPoint","urlTemplate":"https:\/\/www.organisator.ch\/?s={search_term_string}"},"query-input":{"@type":"PropertyValueSpecification","valueRequired":true,"valueName":"search_term_string"}}],"inLanguage":"en-US"},{"@type":"Organization","@id":"https:\/\/www.organisator.ch\/#organization","name":"Organizer","url":"https:\/\/www.organisator.ch\/","logo":{"@type":"ImageObject","inLanguage":"en-US","@id":"https:\/\/www.organisator.ch\/#\/schema\/logo\/image\/","url":"https:\/\/www.organisator.ch\/wp-content\/uploads\/2022\/01\/Logo_Organisator_Website.png","contentUrl":"https:\/\/www.organisator.ch\/wp-content\/uploads\/2022\/01\/Logo_Organisator_Website.png","width":800,"height":77,"caption":"Organisator"},"image":{"@id":"https:\/\/www.organisator.ch\/#\/schema\/logo\/image\/"},"sameAs":["https:\/\/www.facebook.com\/OrganisatorFachmagazin","https:\/\/www.linkedin.com\/showcase\/organisator-das-magazin-fr-kmu","https:\/\/www.xing.com\/news\/pages\/organisator-ch-695","https:\/\/www.youtube.com\/channel\/UCGP2Sq0iWaZwT3BdIAQFYpw"]},{"@type":"Person","@id":"https:\/\/www.organisator.ch\/#\/schema\/person\/4e51799071cd2dd1232ac003643ef5f0","name":"galledia","image":{"@type":"ImageObject","inLanguage":"en-US","@id":"https:\/\/secure.gravatar.com\/avatar\/78a7f90c01fc2bfc875782a0d4922b37cde2cf184ce347b91316d23cd7f69a36?s=96&d=mm&r=g","url":"https:\/\/secure.gravatar.com\/avatar\/78a7f90c01fc2bfc875782a0d4922b37cde2cf184ce347b91316d23cd7f69a36?s=96&d=mm&r=g","contentUrl":"https:\/\/secure.gravatar.com\/avatar\/78a7f90c01fc2bfc875782a0d4922b37cde2cf184ce347b91316d23cd7f69a36?s=96&d=mm&r=g","caption":"galledia"},"sameAs":["https:\/\/x.com\/admin"],"url":"https:\/\/www.organisator.ch\/en\/author\/galledia\/"}]}},"_links":{"self":[{"href":"https:\/\/www.organisator.ch\/en\/wp-json\/wp\/v2\/posts\/21160","targetHints":{"allow":["GET"]}}],"collection":[{"href":"https:\/\/www.organisator.ch\/en\/wp-json\/wp\/v2\/posts"}],"about":[{"href":"https:\/\/www.organisator.ch\/en\/wp-json\/wp\/v2\/types\/post"}],"author":[{"embeddable":true,"href":"https:\/\/www.organisator.ch\/en\/wp-json\/wp\/v2\/users\/8"}],"replies":[{"embeddable":true,"href":"https:\/\/www.organisator.ch\/en\/wp-json\/wp\/v2\/comments?post=21160"}],"version-history":[{"count":4,"href":"https:\/\/www.organisator.ch\/en\/wp-json\/wp\/v2\/posts\/21160\/revisions"}],"predecessor-version":[{"id":32985,"href":"https:\/\/www.organisator.ch\/en\/wp-json\/wp\/v2\/posts\/21160\/revisions\/32985"}],"wp:attachment":[{"href":"https:\/\/www.organisator.ch\/en\/wp-json\/wp\/v2\/media?parent=21160"}],"wp:term":[{"taxonomy":"category","embeddable":true,"href":"https:\/\/www.organisator.ch\/en\/wp-json\/wp\/v2\/categories?post=21160"},{"taxonomy":"post_tag","embeddable":true,"href":"https:\/\/www.organisator.ch\/en\/wp-json\/wp\/v2\/tags?post=21160"}],"curies":[{"name":"wp","href":"https:\/\/api.w.org\/{rel}","templated":true}]}}