{"id":2119,"date":"2017-06-29T08:41:05","date_gmt":"2017-06-29T06:41:05","guid":{"rendered":"https:\/\/www.organisator.ch\/?p=2119"},"modified":"2017-06-29T08:41:05","modified_gmt":"2017-06-29T06:41:05","slug":"schweizer-erp-und-crm-spezialisten-gruenden-joint-venture","status":"publish","type":"post","link":"https:\/\/www.organisator.ch\/en\/management\/it\/2017-06-29\/schweizer-erp-und-crm-spezialisten-gruenden-joint-venture\/","title":{"rendered":"Swiss ERP and CRM specialists establish joint venture"},"content":{"rendered":"<figure id=\"attachment_2120\" aria-describedby=\"caption-attachment-2120\" style=\"width: 307px\" class=\"wp-caption alignnone\"><img loading=\"lazy\" decoding=\"async\" class=\"size-full wp-image-2120\" src=\"https:\/\/www.organisator.ch\/wp-content\/uploads\/2017\/06\/Schweizer-ERP-und-CRM-Spezialisten-gruenden-Joint-Venture_Organisator.jpg\" alt=\"\" width=\"307\" height=\"221\" srcset=\"https:\/\/www.organisator.ch\/wp-content\/uploads\/2017\/06\/Schweizer-ERP-und-CRM-Spezialisten-gruenden-Joint-Venture_Organisator.jpg 307w, https:\/\/www.organisator.ch\/wp-content\/uploads\/2017\/06\/Schweizer-ERP-und-CRM-Spezialisten-gruenden-Joint-Venture_Organisator-16x12.jpg 16w, https:\/\/www.organisator.ch\/wp-content\/uploads\/2017\/06\/Schweizer-ERP-und-CRM-Spezialisten-gruenden-Joint-Venture_Organisator-243x175.jpg 243w, https:\/\/www.organisator.ch\/wp-content\/uploads\/2017\/06\/Schweizer-ERP-und-CRM-Spezialisten-gruenden-Joint-Venture_Organisator-300x216.jpg 300w\" sizes=\"auto, (max-width: 307px) 100vw, 307px\" \/><figcaption id=\"caption-attachment-2120\" class=\"wp-caption-text\">Going to the start with the Ambit Group: From left to right: Thierry Walt (CEO Ambit AG), Mujinga Kambundji, Beat Sengstag (CEO WIKA Systems). (Photo: PD)<\/figcaption><\/figure>\n<p>Under the motto \"Together at the Start\", the two managing directors Beat Sengstag, WIKA System AG and Thierry Walt, Ambit AG and their management teams are ushering in a new era and becoming the 'Digital Business Enabler' for innovative medium-sized businesses that want to drive digitalization in their companies. The two entrepreneurs are inspired by the fastest Swiss woman, Mujinga Kambundji.<\/p>\n<p>The goal of the Ambit Group is to take a leading position in the Microsoft Dynamics 365 market with the new joint venture. With the merger, Ambit Group sees itself in a position to offer customers the optimal solution in the areas of CRM and ERP. \"Thanks to our expertise and specialists, we can offer holistic end-to-end process solutions from a single source,\" said Beat Sengstag and Thierry Walt, \"Ambit Group acts as an enabler for digital business transformations and aims to secure competitive advantages and long-term success for its customers.\"<\/p>\n<p><strong>Unique selling proposition thanks to expertise <\/strong><\/p>\n<p>Ambit Group employs 75 people at 7 locations in Switzerland, Germany, Austria and Singapore. According to the company, these are passionate Microsoft Dynamics 365 (Dynamics AX and Microsoft CRM) experts and have won the trust of national and international companies from a wide range of industries such as trade, machinery, process, finance, construction and services. Acting locally and implementing internationally is what Ambit Group calls its unique selling proposition, which its teams have been able to acquire over decades thanks to many international projects. In addition, the employees have already supported numerous multinational groups of companies in their holistic global orientation.<\/p>\n<p>The Ambit Group stands for a company that implements the optimal and appropriate solution for mapping business processes for its customers to give them an edge over the competition, according to the company's statement. Combined, the companies successfully implemented over 300 projects. The Ambit Group wants to continue this success with a focus on a holistic business approach, whose consulting approach increasingly starts at the strategic level and supports the digital transformation into the operational business, and create the basis for a sustainable and strategic business relationship within the framework of a coordinated support structure, it continues.<\/p>\n<p><em>More information: <a href=\"http:\/\/www.wika-systems.ch\">WIKA Systems<\/a>, <a href=\"http:\/\/www.ambit.ch\">Ambit<\/a><\/em><\/p>","protected":false},"excerpt":{"rendered":"<p>Unter dem Motto \u00abGemeinsam am Start\u00bb l\u00e4uten die beiden Gesch\u00e4ftsf\u00fchrer Beat Sengstag, WIKA System AG und Thierry Walt, Ambit AG mit ihren F\u00fchrungsteams eine neue \u00c4ra ein und werden zum \u201aDigital Business Enabler\u2018 f\u00fcr den innovativen Mittelstand, der die Digitalisierung im Unternehmen vorantreiben will. Inspirieren lassen sich die beiden Unternehmer\u00a0durch die schnellste Schweizerin Mujinga Kambundji. [&hellip;]<\/p>\n","protected":false},"author":4,"featured_media":2120,"comment_status":"open","ping_status":"open","sticky":false,"template":"","format":"standard","meta":{"_acf_changed":false,"_yoast_wpseo_focuskw":"Ambit Group","_yoast_wpseo_metadesc":"Die in Wetzikon ans\u00e4ssige WIKA Systems AG und die Winterthurer Ambit AG schliessen sich zusammen und gr\u00fcnden die Ambit Group AG.","articlekey":"","footnotes":""},"categories":[27],"tags":[288,492,508],"class_list":["post-2119","post","type-post","status-publish","format-standard","has-post-thumbnail","hentry","category-it","tag-it-business-software","tag-unternehmen","tag-vermischtes"],"acf":[],"yoast_head":"<!-- This site is optimized with the Yoast SEO plugin v27.4 - https:\/\/yoast.com\/product\/yoast-seo-wordpress\/ -->\n<title>Schweizer ERP und CRM Spezialisten gr\u00fcnden Joint Venture - Organisator<\/title>\n<meta name=\"description\" content=\"Die in Wetzikon ans\u00e4ssige WIKA Systems AG und die Winterthurer Ambit AG schliessen sich zusammen und gr\u00fcnden die Ambit Group AG.\" \/>\n<meta name=\"robots\" content=\"index, follow, max-snippet:-1, max-image-preview:large, max-video-preview:-1\" \/>\n<link rel=\"canonical\" href=\"https:\/\/www.organisator.ch\/en\/management\/it\/2017-06-29\/schweizer-erp-und-crm-spezialisten-gruenden-joint-venture\/\" \/>\n<meta property=\"og:locale\" content=\"en_US\" \/>\n<meta property=\"og:type\" content=\"article\" \/>\n<meta property=\"og:title\" content=\"Schweizer ERP und CRM Spezialisten gr\u00fcnden Joint Venture\" \/>\n<meta property=\"og:description\" content=\"Die in Wetzikon ans\u00e4ssige #WIKA Systems AG und die Winterthurer #Ambit AG schliessen sich zusammen und gr\u00fcnden die Ambit Group AG.\" \/>\n<meta property=\"og:url\" content=\"https:\/\/www.organisator.ch\/en\/management\/it\/2017-06-29\/schweizer-erp-und-crm-spezialisten-gruenden-joint-venture\/\" \/>\n<meta property=\"og:site_name\" content=\"Organisator\" \/>\n<meta property=\"article:publisher\" content=\"https:\/\/www.facebook.com\/OrganisatorFachmagazin\" \/>\n<meta property=\"article:published_time\" content=\"2017-06-29T06:41:05+00:00\" \/>\n<meta property=\"og:image\" content=\"https:\/\/www.organisator.ch\/wp-content\/uploads\/2017\/06\/Schweizer-ERP-und-CRM-Spezialisten-gruenden-Joint-Venture_Organisator.jpg\" \/>\n\t<meta property=\"og:image:width\" content=\"307\" \/>\n\t<meta property=\"og:image:height\" content=\"221\" \/>\n\t<meta property=\"og:image:type\" content=\"image\/jpeg\" \/>\n<meta name=\"author\" content=\"thomas.berner\" \/>\n<meta name=\"twitter:card\" content=\"summary_large_image\" \/>\n<meta name=\"twitter:title\" content=\"Schweizer #ERP und #CRM Spezialisten gr\u00fcnden Joint Venture\" \/>\n<meta name=\"twitter:description\" content=\"Die in Wetzikon ans\u00e4ssige #WIKA Systems AG und die Winterthurer #Ambit AG schliessen sich zusammen und gr\u00fcnden die Ambit Group AG.\" \/>\n<meta name=\"twitter:image\" content=\"https:\/\/www.organisator.ch\/wp-content\/uploads\/2017\/06\/Schweizer-ERP-und-CRM-Spezialisten-gruenden-Joint-Venture_Organisator.jpg\" \/>\n<script type=\"application\/ld+json\" class=\"yoast-schema-graph\">{\"@context\":\"https:\\\/\\\/schema.org\",\"@graph\":[{\"@type\":\"Article\",\"@id\":\"https:\\\/\\\/www.organisator.ch\\\/management\\\/it\\\/2017-06-29\\\/schweizer-erp-und-crm-spezialisten-gruenden-joint-venture\\\/#article\",\"isPartOf\":{\"@id\":\"https:\\\/\\\/www.organisator.ch\\\/management\\\/it\\\/2017-06-29\\\/schweizer-erp-und-crm-spezialisten-gruenden-joint-venture\\\/\"},\"author\":{\"name\":\"thomas.berner\",\"@id\":\"https:\\\/\\\/www.organisator.ch\\\/#\\\/schema\\\/person\\\/6f650f90b2842cd4c0cc334b4e36f67e\"},\"headline\":\"Schweizer ERP und CRM Spezialisten gr\u00fcnden Joint Venture\",\"datePublished\":\"2017-06-29T06:41:05+00:00\",\"mainEntityOfPage\":{\"@id\":\"https:\\\/\\\/www.organisator.ch\\\/management\\\/it\\\/2017-06-29\\\/schweizer-erp-und-crm-spezialisten-gruenden-joint-venture\\\/\"},\"wordCount\":404,\"commentCount\":1,\"publisher\":{\"@id\":\"https:\\\/\\\/www.organisator.ch\\\/#organization\"},\"image\":{\"@id\":\"https:\\\/\\\/www.organisator.ch\\\/management\\\/it\\\/2017-06-29\\\/schweizer-erp-und-crm-spezialisten-gruenden-joint-venture\\\/#primaryimage\"},\"thumbnailUrl\":\"https:\\\/\\\/www.organisator.ch\\\/wp-content\\\/uploads\\\/2017\\\/06\\\/Schweizer-ERP-und-CRM-Spezialisten-gruenden-Joint-Venture_Organisator.jpg\",\"keywords\":[\"IT &amp; Business Software\",\"Unternehmen\",\"Vermischtes\"],\"articleSection\":[\"IT\"],\"inLanguage\":\"en-US\"},{\"@type\":\"WebPage\",\"@id\":\"https:\\\/\\\/www.organisator.ch\\\/management\\\/it\\\/2017-06-29\\\/schweizer-erp-und-crm-spezialisten-gruenden-joint-venture\\\/\",\"url\":\"https:\\\/\\\/www.organisator.ch\\\/management\\\/it\\\/2017-06-29\\\/schweizer-erp-und-crm-spezialisten-gruenden-joint-venture\\\/\",\"name\":\"Schweizer ERP und CRM Spezialisten gr\u00fcnden Joint Venture - Organisator\",\"isPartOf\":{\"@id\":\"https:\\\/\\\/www.organisator.ch\\\/#website\"},\"primaryImageOfPage\":{\"@id\":\"https:\\\/\\\/www.organisator.ch\\\/management\\\/it\\\/2017-06-29\\\/schweizer-erp-und-crm-spezialisten-gruenden-joint-venture\\\/#primaryimage\"},\"image\":{\"@id\":\"https:\\\/\\\/www.organisator.ch\\\/management\\\/it\\\/2017-06-29\\\/schweizer-erp-und-crm-spezialisten-gruenden-joint-venture\\\/#primaryimage\"},\"thumbnailUrl\":\"https:\\\/\\\/www.organisator.ch\\\/wp-content\\\/uploads\\\/2017\\\/06\\\/Schweizer-ERP-und-CRM-Spezialisten-gruenden-Joint-Venture_Organisator.jpg\",\"datePublished\":\"2017-06-29T06:41:05+00:00\",\"description\":\"Die in Wetzikon ans\u00e4ssige WIKA Systems AG und die Winterthurer Ambit AG schliessen sich zusammen und gr\u00fcnden die Ambit Group AG.\",\"breadcrumb\":{\"@id\":\"https:\\\/\\\/www.organisator.ch\\\/management\\\/it\\\/2017-06-29\\\/schweizer-erp-und-crm-spezialisten-gruenden-joint-venture\\\/#breadcrumb\"},\"inLanguage\":\"en-US\",\"potentialAction\":[{\"@type\":\"ReadAction\",\"target\":[\"https:\\\/\\\/www.organisator.ch\\\/management\\\/it\\\/2017-06-29\\\/schweizer-erp-und-crm-spezialisten-gruenden-joint-venture\\\/\"]}]},{\"@type\":\"ImageObject\",\"inLanguage\":\"en-US\",\"@id\":\"https:\\\/\\\/www.organisator.ch\\\/management\\\/it\\\/2017-06-29\\\/schweizer-erp-und-crm-spezialisten-gruenden-joint-venture\\\/#primaryimage\",\"url\":\"https:\\\/\\\/www.organisator.ch\\\/wp-content\\\/uploads\\\/2017\\\/06\\\/Schweizer-ERP-und-CRM-Spezialisten-gruenden-Joint-Venture_Organisator.jpg\",\"contentUrl\":\"https:\\\/\\\/www.organisator.ch\\\/wp-content\\\/uploads\\\/2017\\\/06\\\/Schweizer-ERP-und-CRM-Spezialisten-gruenden-Joint-Venture_Organisator.jpg\",\"width\":307,\"height\":221,\"caption\":\"Von links nach rechts: Thierry Walt (CEO Ambit AG), Mujinga Kambundji, Beat Sengstag (CEO WIKA Systems). (Foto: PD)\"},{\"@type\":\"BreadcrumbList\",\"@id\":\"https:\\\/\\\/www.organisator.ch\\\/management\\\/it\\\/2017-06-29\\\/schweizer-erp-und-crm-spezialisten-gruenden-joint-venture\\\/#breadcrumb\",\"itemListElement\":[{\"@type\":\"ListItem\",\"position\":1,\"name\":\"Home\",\"item\":\"https:\\\/\\\/www.organisator.ch\\\/\"},{\"@type\":\"ListItem\",\"position\":2,\"name\":\"Schweizer ERP und CRM Spezialisten gr\u00fcnden Joint Venture\"}]},{\"@type\":\"WebSite\",\"@id\":\"https:\\\/\\\/www.organisator.ch\\\/#website\",\"url\":\"https:\\\/\\\/www.organisator.ch\\\/\",\"name\":\"Organisator\",\"description\":\"Kompetent. Praxisnah. Der ORGANISATOR bereitet in 10 Ausgaben pro Jahr die wesentlichen Themen f\u00fcr F\u00fchrungskr\u00e4fte von KMU auf.\",\"publisher\":{\"@id\":\"https:\\\/\\\/www.organisator.ch\\\/#organization\"},\"potentialAction\":[{\"@type\":\"SearchAction\",\"target\":{\"@type\":\"EntryPoint\",\"urlTemplate\":\"https:\\\/\\\/www.organisator.ch\\\/?s={search_term_string}\"},\"query-input\":{\"@type\":\"PropertyValueSpecification\",\"valueRequired\":true,\"valueName\":\"search_term_string\"}}],\"inLanguage\":\"en-US\"},{\"@type\":\"Organization\",\"@id\":\"https:\\\/\\\/www.organisator.ch\\\/#organization\",\"name\":\"Organisator\",\"url\":\"https:\\\/\\\/www.organisator.ch\\\/\",\"logo\":{\"@type\":\"ImageObject\",\"inLanguage\":\"en-US\",\"@id\":\"https:\\\/\\\/www.organisator.ch\\\/#\\\/schema\\\/logo\\\/image\\\/\",\"url\":\"https:\\\/\\\/www.organisator.ch\\\/wp-content\\\/uploads\\\/2022\\\/01\\\/Logo_Organisator_Website.png\",\"contentUrl\":\"https:\\\/\\\/www.organisator.ch\\\/wp-content\\\/uploads\\\/2022\\\/01\\\/Logo_Organisator_Website.png\",\"width\":800,\"height\":77,\"caption\":\"Organisator\"},\"image\":{\"@id\":\"https:\\\/\\\/www.organisator.ch\\\/#\\\/schema\\\/logo\\\/image\\\/\"},\"sameAs\":[\"https:\\\/\\\/www.facebook.com\\\/OrganisatorFachmagazin\",\"https:\\\/\\\/www.linkedin.com\\\/showcase\\\/organisator-das-magazin-fr-kmu\",\"https:\\\/\\\/www.xing.com\\\/news\\\/pages\\\/organisator-ch-695\",\"https:\\\/\\\/www.youtube.com\\\/channel\\\/UCGP2Sq0iWaZwT3BdIAQFYpw\"]},{\"@type\":\"Person\",\"@id\":\"https:\\\/\\\/www.organisator.ch\\\/#\\\/schema\\\/person\\\/6f650f90b2842cd4c0cc334b4e36f67e\",\"name\":\"thomas.berner\",\"image\":{\"@type\":\"ImageObject\",\"inLanguage\":\"en-US\",\"@id\":\"https:\\\/\\\/secure.gravatar.com\\\/avatar\\\/ac5001d2a36cb6c6cd3e50789007ffca834b477b74a2144564522e944eabff61?s=96&d=mm&r=g\",\"url\":\"https:\\\/\\\/secure.gravatar.com\\\/avatar\\\/ac5001d2a36cb6c6cd3e50789007ffca834b477b74a2144564522e944eabff61?s=96&d=mm&r=g\",\"contentUrl\":\"https:\\\/\\\/secure.gravatar.com\\\/avatar\\\/ac5001d2a36cb6c6cd3e50789007ffca834b477b74a2144564522e944eabff61?s=96&d=mm&r=g\",\"caption\":\"thomas.berner\"},\"url\":\"https:\\\/\\\/www.organisator.ch\\\/en\\\/author\\\/thomas-berner\\\/\"}]}<\/script>\n<!-- \/ Yoast SEO plugin. -->","yoast_head_json":{"title":"Swiss ERP and CRM specialists establish joint venture - Organizer","description":"Wetzikon-based WIKA Systems AG and Winterthur-based Ambit AG merge to form Ambit Group AG.","robots":{"index":"index","follow":"follow","max-snippet":"max-snippet:-1","max-image-preview":"max-image-preview:large","max-video-preview":"max-video-preview:-1"},"canonical":"https:\/\/www.organisator.ch\/en\/management\/it\/2017-06-29\/schweizer-erp-und-crm-spezialisten-gruenden-joint-venture\/","og_locale":"en_US","og_type":"article","og_title":"Schweizer ERP und CRM Spezialisten gr\u00fcnden Joint Venture","og_description":"Die in Wetzikon ans\u00e4ssige #WIKA Systems AG und die Winterthurer #Ambit AG schliessen sich zusammen und gr\u00fcnden die Ambit Group AG.","og_url":"https:\/\/www.organisator.ch\/en\/management\/it\/2017-06-29\/schweizer-erp-und-crm-spezialisten-gruenden-joint-venture\/","og_site_name":"Organisator","article_publisher":"https:\/\/www.facebook.com\/OrganisatorFachmagazin","article_published_time":"2017-06-29T06:41:05+00:00","og_image":[{"width":307,"height":221,"url":"https:\/\/www.organisator.ch\/wp-content\/uploads\/2017\/06\/Schweizer-ERP-und-CRM-Spezialisten-gruenden-Joint-Venture_Organisator.jpg","type":"image\/jpeg"}],"author":"thomas.berner","twitter_card":"summary_large_image","twitter_title":"Schweizer #ERP und #CRM Spezialisten gr\u00fcnden Joint Venture","twitter_description":"Die in Wetzikon ans\u00e4ssige #WIKA Systems AG und die Winterthurer #Ambit AG schliessen sich zusammen und gr\u00fcnden die Ambit Group AG.","twitter_image":"https:\/\/www.organisator.ch\/wp-content\/uploads\/2017\/06\/Schweizer-ERP-und-CRM-Spezialisten-gruenden-Joint-Venture_Organisator.jpg","schema":{"@context":"https:\/\/schema.org","@graph":[{"@type":"Article","@id":"https:\/\/www.organisator.ch\/management\/it\/2017-06-29\/schweizer-erp-und-crm-spezialisten-gruenden-joint-venture\/#article","isPartOf":{"@id":"https:\/\/www.organisator.ch\/management\/it\/2017-06-29\/schweizer-erp-und-crm-spezialisten-gruenden-joint-venture\/"},"author":{"name":"thomas.berner","@id":"https:\/\/www.organisator.ch\/#\/schema\/person\/6f650f90b2842cd4c0cc334b4e36f67e"},"headline":"Schweizer ERP und CRM Spezialisten gr\u00fcnden Joint Venture","datePublished":"2017-06-29T06:41:05+00:00","mainEntityOfPage":{"@id":"https:\/\/www.organisator.ch\/management\/it\/2017-06-29\/schweizer-erp-und-crm-spezialisten-gruenden-joint-venture\/"},"wordCount":404,"commentCount":1,"publisher":{"@id":"https:\/\/www.organisator.ch\/#organization"},"image":{"@id":"https:\/\/www.organisator.ch\/management\/it\/2017-06-29\/schweizer-erp-und-crm-spezialisten-gruenden-joint-venture\/#primaryimage"},"thumbnailUrl":"https:\/\/www.organisator.ch\/wp-content\/uploads\/2017\/06\/Schweizer-ERP-und-CRM-Spezialisten-gruenden-Joint-Venture_Organisator.jpg","keywords":["IT &amp; Business Software","Unternehmen","Vermischtes"],"articleSection":["IT"],"inLanguage":"en-US"},{"@type":"WebPage","@id":"https:\/\/www.organisator.ch\/management\/it\/2017-06-29\/schweizer-erp-und-crm-spezialisten-gruenden-joint-venture\/","url":"https:\/\/www.organisator.ch\/management\/it\/2017-06-29\/schweizer-erp-und-crm-spezialisten-gruenden-joint-venture\/","name":"Swiss ERP and CRM specialists establish joint venture - Organizer","isPartOf":{"@id":"https:\/\/www.organisator.ch\/#website"},"primaryImageOfPage":{"@id":"https:\/\/www.organisator.ch\/management\/it\/2017-06-29\/schweizer-erp-und-crm-spezialisten-gruenden-joint-venture\/#primaryimage"},"image":{"@id":"https:\/\/www.organisator.ch\/management\/it\/2017-06-29\/schweizer-erp-und-crm-spezialisten-gruenden-joint-venture\/#primaryimage"},"thumbnailUrl":"https:\/\/www.organisator.ch\/wp-content\/uploads\/2017\/06\/Schweizer-ERP-und-CRM-Spezialisten-gruenden-Joint-Venture_Organisator.jpg","datePublished":"2017-06-29T06:41:05+00:00","description":"Wetzikon-based WIKA Systems AG and Winterthur-based Ambit AG merge to form Ambit Group AG.","breadcrumb":{"@id":"https:\/\/www.organisator.ch\/management\/it\/2017-06-29\/schweizer-erp-und-crm-spezialisten-gruenden-joint-venture\/#breadcrumb"},"inLanguage":"en-US","potentialAction":[{"@type":"ReadAction","target":["https:\/\/www.organisator.ch\/management\/it\/2017-06-29\/schweizer-erp-und-crm-spezialisten-gruenden-joint-venture\/"]}]},{"@type":"ImageObject","inLanguage":"en-US","@id":"https:\/\/www.organisator.ch\/management\/it\/2017-06-29\/schweizer-erp-und-crm-spezialisten-gruenden-joint-venture\/#primaryimage","url":"https:\/\/www.organisator.ch\/wp-content\/uploads\/2017\/06\/Schweizer-ERP-und-CRM-Spezialisten-gruenden-Joint-Venture_Organisator.jpg","contentUrl":"https:\/\/www.organisator.ch\/wp-content\/uploads\/2017\/06\/Schweizer-ERP-und-CRM-Spezialisten-gruenden-Joint-Venture_Organisator.jpg","width":307,"height":221,"caption":"Von links nach rechts: Thierry Walt (CEO Ambit AG), Mujinga Kambundji, Beat Sengstag (CEO WIKA Systems). (Foto: PD)"},{"@type":"BreadcrumbList","@id":"https:\/\/www.organisator.ch\/management\/it\/2017-06-29\/schweizer-erp-und-crm-spezialisten-gruenden-joint-venture\/#breadcrumb","itemListElement":[{"@type":"ListItem","position":1,"name":"Home","item":"https:\/\/www.organisator.ch\/"},{"@type":"ListItem","position":2,"name":"Schweizer ERP und CRM Spezialisten gr\u00fcnden Joint Venture"}]},{"@type":"WebSite","@id":"https:\/\/www.organisator.ch\/#website","url":"https:\/\/www.organisator.ch\/","name":"Organizer","description":"Competent. Practical. In 10 issues per year, ORGANISATOR presents the essential topics for managers of SMEs.","publisher":{"@id":"https:\/\/www.organisator.ch\/#organization"},"potentialAction":[{"@type":"SearchAction","target":{"@type":"EntryPoint","urlTemplate":"https:\/\/www.organisator.ch\/?s={search_term_string}"},"query-input":{"@type":"PropertyValueSpecification","valueRequired":true,"valueName":"search_term_string"}}],"inLanguage":"en-US"},{"@type":"Organization","@id":"https:\/\/www.organisator.ch\/#organization","name":"Organizer","url":"https:\/\/www.organisator.ch\/","logo":{"@type":"ImageObject","inLanguage":"en-US","@id":"https:\/\/www.organisator.ch\/#\/schema\/logo\/image\/","url":"https:\/\/www.organisator.ch\/wp-content\/uploads\/2022\/01\/Logo_Organisator_Website.png","contentUrl":"https:\/\/www.organisator.ch\/wp-content\/uploads\/2022\/01\/Logo_Organisator_Website.png","width":800,"height":77,"caption":"Organisator"},"image":{"@id":"https:\/\/www.organisator.ch\/#\/schema\/logo\/image\/"},"sameAs":["https:\/\/www.facebook.com\/OrganisatorFachmagazin","https:\/\/www.linkedin.com\/showcase\/organisator-das-magazin-fr-kmu","https:\/\/www.xing.com\/news\/pages\/organisator-ch-695","https:\/\/www.youtube.com\/channel\/UCGP2Sq0iWaZwT3BdIAQFYpw"]},{"@type":"Person","@id":"https:\/\/www.organisator.ch\/#\/schema\/person\/6f650f90b2842cd4c0cc334b4e36f67e","name":"thomas.berner","image":{"@type":"ImageObject","inLanguage":"en-US","@id":"https:\/\/secure.gravatar.com\/avatar\/ac5001d2a36cb6c6cd3e50789007ffca834b477b74a2144564522e944eabff61?s=96&d=mm&r=g","url":"https:\/\/secure.gravatar.com\/avatar\/ac5001d2a36cb6c6cd3e50789007ffca834b477b74a2144564522e944eabff61?s=96&d=mm&r=g","contentUrl":"https:\/\/secure.gravatar.com\/avatar\/ac5001d2a36cb6c6cd3e50789007ffca834b477b74a2144564522e944eabff61?s=96&d=mm&r=g","caption":"thomas.berner"},"url":"https:\/\/www.organisator.ch\/en\/author\/thomas-berner\/"}]}},"_links":{"self":[{"href":"https:\/\/www.organisator.ch\/en\/wp-json\/wp\/v2\/posts\/2119","targetHints":{"allow":["GET"]}}],"collection":[{"href":"https:\/\/www.organisator.ch\/en\/wp-json\/wp\/v2\/posts"}],"about":[{"href":"https:\/\/www.organisator.ch\/en\/wp-json\/wp\/v2\/types\/post"}],"author":[{"embeddable":true,"href":"https:\/\/www.organisator.ch\/en\/wp-json\/wp\/v2\/users\/4"}],"replies":[{"embeddable":true,"href":"https:\/\/www.organisator.ch\/en\/wp-json\/wp\/v2\/comments?post=2119"}],"version-history":[{"count":0,"href":"https:\/\/www.organisator.ch\/en\/wp-json\/wp\/v2\/posts\/2119\/revisions"}],"wp:featuredmedia":[{"embeddable":true,"href":"https:\/\/www.organisator.ch\/en\/wp-json\/wp\/v2\/media\/2120"}],"wp:attachment":[{"href":"https:\/\/www.organisator.ch\/en\/wp-json\/wp\/v2\/media?parent=2119"}],"wp:term":[{"taxonomy":"category","embeddable":true,"href":"https:\/\/www.organisator.ch\/en\/wp-json\/wp\/v2\/categories?post=2119"},{"taxonomy":"post_tag","embeddable":true,"href":"https:\/\/www.organisator.ch\/en\/wp-json\/wp\/v2\/tags?post=2119"}],"curies":[{"name":"wp","href":"https:\/\/api.w.org\/{rel}","templated":true}]}}