{"id":21243,"date":"2023-08-21T19:50:57","date_gmt":"2023-08-21T17:50:57","guid":{"rendered":"https:\/\/www.organisator.ch\/de\/?p=21243"},"modified":"2023-08-10T11:53:38","modified_gmt":"2023-08-10T09:53:38","slug":"seile-aus-dem-emmental-und-fernost","status":"publish","type":"post","link":"https:\/\/www.organisator.ch\/en\/management\/2023-08-21\/seile-aus-dem-emmental-und-fernost\/","title":{"rendered":"Ropes from the Emmental and Far East"},"content":{"rendered":"<div class=\"swpm-post-not-logged-in-msg\">You need to be logged in to view this content. Please <a class=\"swpm-login-link\" href=\"https:\/\/www.organisator.ch\/login\/\">Log In<\/a>. Not a Member? <a href=\"https:\/\/www.organisator.ch\/shop\/\">Join Us<\/a><\/div>","protected":false},"excerpt":{"rendered":"<p>Jakob Rope Systems from Trubschachen has been producing fiber ropes and wire ropes since 1904. The fourth generation has now joined the family business. At the Swiss Economic Forum on June 8\/9, 2023, we spoke with CEO Peter Jakob, representative of the third generation, about current challenges.<\/p>","protected":false},"author":1,"featured_media":21241,"comment_status":"closed","ping_status":"closed","sticky":false,"template":"","format":"standard","meta":{"_acf_changed":false,"_yoast_wpseo_focuskw":"Emmental","_yoast_wpseo_metadesc":"Seit 1904 produziert das Familienunternehmen Jakob Rope Systems aus Trubschachen im Emmental Faserseile und Drahtseile.","articlekey":"54755","footnotes":""},"categories":[578,28],"tags":[207,335,492],"class_list":["post-21243","post","type-post","status-publish","format-standard","has-post-thumbnail","hentry","category-abo","category-management","tag-firmennachfolge","tag-management-und-unternehmensfuehrung","tag-unternehmen"],"acf":[],"yoast_head":"<!-- This site is optimized with the Yoast SEO plugin v27.5 - https:\/\/yoast.com\/product\/yoast-seo-wordpress\/ -->\n<title>Seile aus dem Emmental und Fernost - Organisator<\/title>\n<meta name=\"description\" content=\"Seit 1904 produziert das Familienunternehmen Jakob Rope Systems aus Trubschachen im Emmental Faserseile und Drahtseile.\" \/>\n<meta name=\"robots\" content=\"index, follow, max-snippet:-1, max-image-preview:large, max-video-preview:-1\" \/>\n<link rel=\"canonical\" href=\"https:\/\/www.organisator.ch\/en\/management\/2023-08-21\/seile-aus-dem-emmental-und-fernost\/\" \/>\n<meta property=\"og:locale\" content=\"en_US\" \/>\n<meta property=\"og:type\" content=\"article\" \/>\n<meta property=\"og:title\" content=\"Seile aus dem Emmental und Fernost - Organisator\" \/>\n<meta property=\"og:description\" content=\"Seit 1904 produziert das Familienunternehmen Jakob Rope Systems aus Trubschachen im Emmental Faserseile und Drahtseile.\" \/>\n<meta property=\"og:url\" content=\"https:\/\/www.organisator.ch\/en\/management\/2023-08-21\/seile-aus-dem-emmental-und-fernost\/\" \/>\n<meta property=\"og:site_name\" content=\"Organisator\" \/>\n<meta property=\"article:publisher\" content=\"https:\/\/www.facebook.com\/OrganisatorFachmagazin\" \/>\n<meta property=\"article:published_time\" content=\"2023-08-21T17:50:57+00:00\" \/>\n<meta property=\"og:image\" content=\"https:\/\/www.organisator.ch\/wp-content\/uploads\/2023\/08\/Management_Jakob_Bild_organisator_54760-scaled.jpg\" \/>\n\t<meta property=\"og:image:width\" content=\"1400\" \/>\n\t<meta property=\"og:image:height\" content=\"1327\" \/>\n\t<meta property=\"og:image:type\" content=\"image\/jpeg\" \/>\n<meta name=\"author\" content=\"admin\" \/>\n<meta name=\"twitter:card\" content=\"summary_large_image\" \/>\n<script type=\"application\/ld+json\" class=\"yoast-schema-graph\">{\"@context\":\"https:\\\/\\\/schema.org\",\"@graph\":[{\"@type\":\"Article\",\"@id\":\"https:\\\/\\\/www.organisator.ch\\\/management\\\/2023-08-21\\\/seile-aus-dem-emmental-und-fernost\\\/#article\",\"isPartOf\":{\"@id\":\"https:\\\/\\\/www.organisator.ch\\\/management\\\/2023-08-21\\\/seile-aus-dem-emmental-und-fernost\\\/\"},\"author\":{\"name\":\"admin\",\"@id\":\"https:\\\/\\\/www.organisator.ch\\\/#\\\/schema\\\/person\\\/aa2bace6c5c5aad60102004a50c4eb1c\"},\"headline\":\"Seile aus dem Emmental und Fernost\",\"datePublished\":\"2023-08-21T17:50:57+00:00\",\"mainEntityOfPage\":{\"@id\":\"https:\\\/\\\/www.organisator.ch\\\/management\\\/2023-08-21\\\/seile-aus-dem-emmental-und-fernost\\\/\"},\"wordCount\":1219,\"publisher\":{\"@id\":\"https:\\\/\\\/www.organisator.ch\\\/#organization\"},\"image\":{\"@id\":\"https:\\\/\\\/www.organisator.ch\\\/management\\\/2023-08-21\\\/seile-aus-dem-emmental-und-fernost\\\/#primaryimage\"},\"thumbnailUrl\":\"https:\\\/\\\/www.organisator.ch\\\/wp-content\\\/uploads\\\/2023\\\/08\\\/Management_Jakob_Bild_organisator_54760-scaled.jpg\",\"keywords\":[\"Firmennachfolge\",\"Management und Unternehmensf\u00fchrung\",\"Unternehmen\"],\"articleSection\":[\"ABO+\",\"MANAGEMENT\"],\"inLanguage\":\"en-US\"},{\"@type\":\"WebPage\",\"@id\":\"https:\\\/\\\/www.organisator.ch\\\/management\\\/2023-08-21\\\/seile-aus-dem-emmental-und-fernost\\\/\",\"url\":\"https:\\\/\\\/www.organisator.ch\\\/management\\\/2023-08-21\\\/seile-aus-dem-emmental-und-fernost\\\/\",\"name\":\"Seile aus dem Emmental und Fernost - Organisator\",\"isPartOf\":{\"@id\":\"https:\\\/\\\/www.organisator.ch\\\/#website\"},\"primaryImageOfPage\":{\"@id\":\"https:\\\/\\\/www.organisator.ch\\\/management\\\/2023-08-21\\\/seile-aus-dem-emmental-und-fernost\\\/#primaryimage\"},\"image\":{\"@id\":\"https:\\\/\\\/www.organisator.ch\\\/management\\\/2023-08-21\\\/seile-aus-dem-emmental-und-fernost\\\/#primaryimage\"},\"thumbnailUrl\":\"https:\\\/\\\/www.organisator.ch\\\/wp-content\\\/uploads\\\/2023\\\/08\\\/Management_Jakob_Bild_organisator_54760-scaled.jpg\",\"datePublished\":\"2023-08-21T17:50:57+00:00\",\"description\":\"Seit 1904 produziert das Familienunternehmen Jakob Rope Systems aus Trubschachen im Emmental Faserseile und Drahtseile.\",\"breadcrumb\":{\"@id\":\"https:\\\/\\\/www.organisator.ch\\\/management\\\/2023-08-21\\\/seile-aus-dem-emmental-und-fernost\\\/#breadcrumb\"},\"inLanguage\":\"en-US\",\"potentialAction\":[{\"@type\":\"ReadAction\",\"target\":[\"https:\\\/\\\/www.organisator.ch\\\/management\\\/2023-08-21\\\/seile-aus-dem-emmental-und-fernost\\\/\"]}]},{\"@type\":\"ImageObject\",\"inLanguage\":\"en-US\",\"@id\":\"https:\\\/\\\/www.organisator.ch\\\/management\\\/2023-08-21\\\/seile-aus-dem-emmental-und-fernost\\\/#primaryimage\",\"url\":\"https:\\\/\\\/www.organisator.ch\\\/wp-content\\\/uploads\\\/2023\\\/08\\\/Management_Jakob_Bild_organisator_54760-scaled.jpg\",\"contentUrl\":\"https:\\\/\\\/www.organisator.ch\\\/wp-content\\\/uploads\\\/2023\\\/08\\\/Management_Jakob_Bild_organisator_54760-scaled.jpg\",\"width\":1400,\"height\":1327,\"caption\":\"Peter Jakob anl\u00e4sslich des diesj\u00e4hrigen Swiss Economic Forum, das am 8. und 9. Juni in Interlaken stattfand. \u00a9 SEF 2023\"},{\"@type\":\"BreadcrumbList\",\"@id\":\"https:\\\/\\\/www.organisator.ch\\\/management\\\/2023-08-21\\\/seile-aus-dem-emmental-und-fernost\\\/#breadcrumb\",\"itemListElement\":[{\"@type\":\"ListItem\",\"position\":1,\"name\":\"Home\",\"item\":\"https:\\\/\\\/www.organisator.ch\\\/\"},{\"@type\":\"ListItem\",\"position\":2,\"name\":\"Seile aus dem Emmental und Fernost\"}]},{\"@type\":\"WebSite\",\"@id\":\"https:\\\/\\\/www.organisator.ch\\\/#website\",\"url\":\"https:\\\/\\\/www.organisator.ch\\\/\",\"name\":\"Organisator\",\"description\":\"Kompetent. Praxisnah. Der ORGANISATOR bereitet in 10 Ausgaben pro Jahr die wesentlichen Themen f\u00fcr F\u00fchrungskr\u00e4fte von KMU auf.\",\"publisher\":{\"@id\":\"https:\\\/\\\/www.organisator.ch\\\/#organization\"},\"potentialAction\":[{\"@type\":\"SearchAction\",\"target\":{\"@type\":\"EntryPoint\",\"urlTemplate\":\"https:\\\/\\\/www.organisator.ch\\\/?s={search_term_string}\"},\"query-input\":{\"@type\":\"PropertyValueSpecification\",\"valueRequired\":true,\"valueName\":\"search_term_string\"}}],\"inLanguage\":\"en-US\"},{\"@type\":\"Organization\",\"@id\":\"https:\\\/\\\/www.organisator.ch\\\/#organization\",\"name\":\"Organisator\",\"url\":\"https:\\\/\\\/www.organisator.ch\\\/\",\"logo\":{\"@type\":\"ImageObject\",\"inLanguage\":\"en-US\",\"@id\":\"https:\\\/\\\/www.organisator.ch\\\/#\\\/schema\\\/logo\\\/image\\\/\",\"url\":\"https:\\\/\\\/www.organisator.ch\\\/wp-content\\\/uploads\\\/2022\\\/01\\\/Logo_Organisator_Website.png\",\"contentUrl\":\"https:\\\/\\\/www.organisator.ch\\\/wp-content\\\/uploads\\\/2022\\\/01\\\/Logo_Organisator_Website.png\",\"width\":800,\"height\":77,\"caption\":\"Organisator\"},\"image\":{\"@id\":\"https:\\\/\\\/www.organisator.ch\\\/#\\\/schema\\\/logo\\\/image\\\/\"},\"sameAs\":[\"https:\\\/\\\/www.facebook.com\\\/OrganisatorFachmagazin\",\"https:\\\/\\\/www.linkedin.com\\\/showcase\\\/organisator-das-magazin-fr-kmu\",\"https:\\\/\\\/www.xing.com\\\/news\\\/pages\\\/organisator-ch-695\",\"https:\\\/\\\/www.youtube.com\\\/channel\\\/UCGP2Sq0iWaZwT3BdIAQFYpw\"]},{\"@type\":\"Person\",\"@id\":\"https:\\\/\\\/www.organisator.ch\\\/#\\\/schema\\\/person\\\/aa2bace6c5c5aad60102004a50c4eb1c\",\"name\":\"admin\",\"image\":{\"@type\":\"ImageObject\",\"inLanguage\":\"en-US\",\"@id\":\"https:\\\/\\\/secure.gravatar.com\\\/avatar\\\/ae2f4d718e6c49043e314ce431e7e645d646302a24a5ef5a8bc8e3f5a032e319?s=96&d=mm&r=g\",\"url\":\"https:\\\/\\\/secure.gravatar.com\\\/avatar\\\/ae2f4d718e6c49043e314ce431e7e645d646302a24a5ef5a8bc8e3f5a032e319?s=96&d=mm&r=g\",\"contentUrl\":\"https:\\\/\\\/secure.gravatar.com\\\/avatar\\\/ae2f4d718e6c49043e314ce431e7e645d646302a24a5ef5a8bc8e3f5a032e319?s=96&d=mm&r=g\",\"caption\":\"admin\"},\"sameAs\":[\"https:\\\/\\\/www.organisator.ch\"],\"url\":\"https:\\\/\\\/www.organisator.ch\\\/en\\\/author\\\/admin\\\/\"}]}<\/script>\n<!-- \/ Yoast SEO plugin. -->","yoast_head_json":{"title":"Ropes from the Emmental and Far East - Organizer","description":"Since 1904, the family-owned company Jakob Rope Systems from Trubschachen in the Emmental has been producing fiber ropes and wire ropes.","robots":{"index":"index","follow":"follow","max-snippet":"max-snippet:-1","max-image-preview":"max-image-preview:large","max-video-preview":"max-video-preview:-1"},"canonical":"https:\/\/www.organisator.ch\/en\/management\/2023-08-21\/seile-aus-dem-emmental-und-fernost\/","og_locale":"en_US","og_type":"article","og_title":"Seile aus dem Emmental und Fernost - Organisator","og_description":"Seit 1904 produziert das Familienunternehmen Jakob Rope Systems aus Trubschachen im Emmental Faserseile und Drahtseile.","og_url":"https:\/\/www.organisator.ch\/en\/management\/2023-08-21\/seile-aus-dem-emmental-und-fernost\/","og_site_name":"Organisator","article_publisher":"https:\/\/www.facebook.com\/OrganisatorFachmagazin","article_published_time":"2023-08-21T17:50:57+00:00","og_image":[{"width":1400,"height":1327,"url":"https:\/\/www.organisator.ch\/wp-content\/uploads\/2023\/08\/Management_Jakob_Bild_organisator_54760-scaled.jpg","type":"image\/jpeg"}],"author":"admin","twitter_card":"summary_large_image","schema":{"@context":"https:\/\/schema.org","@graph":[{"@type":"Article","@id":"https:\/\/www.organisator.ch\/management\/2023-08-21\/seile-aus-dem-emmental-und-fernost\/#article","isPartOf":{"@id":"https:\/\/www.organisator.ch\/management\/2023-08-21\/seile-aus-dem-emmental-und-fernost\/"},"author":{"name":"admin","@id":"https:\/\/www.organisator.ch\/#\/schema\/person\/aa2bace6c5c5aad60102004a50c4eb1c"},"headline":"Seile aus dem Emmental und Fernost","datePublished":"2023-08-21T17:50:57+00:00","mainEntityOfPage":{"@id":"https:\/\/www.organisator.ch\/management\/2023-08-21\/seile-aus-dem-emmental-und-fernost\/"},"wordCount":1219,"publisher":{"@id":"https:\/\/www.organisator.ch\/#organization"},"image":{"@id":"https:\/\/www.organisator.ch\/management\/2023-08-21\/seile-aus-dem-emmental-und-fernost\/#primaryimage"},"thumbnailUrl":"https:\/\/www.organisator.ch\/wp-content\/uploads\/2023\/08\/Management_Jakob_Bild_organisator_54760-scaled.jpg","keywords":["Firmennachfolge","Management und Unternehmensf\u00fchrung","Unternehmen"],"articleSection":["ABO+","MANAGEMENT"],"inLanguage":"en-US"},{"@type":"WebPage","@id":"https:\/\/www.organisator.ch\/management\/2023-08-21\/seile-aus-dem-emmental-und-fernost\/","url":"https:\/\/www.organisator.ch\/management\/2023-08-21\/seile-aus-dem-emmental-und-fernost\/","name":"Ropes from the Emmental and Far East - Organizer","isPartOf":{"@id":"https:\/\/www.organisator.ch\/#website"},"primaryImageOfPage":{"@id":"https:\/\/www.organisator.ch\/management\/2023-08-21\/seile-aus-dem-emmental-und-fernost\/#primaryimage"},"image":{"@id":"https:\/\/www.organisator.ch\/management\/2023-08-21\/seile-aus-dem-emmental-und-fernost\/#primaryimage"},"thumbnailUrl":"https:\/\/www.organisator.ch\/wp-content\/uploads\/2023\/08\/Management_Jakob_Bild_organisator_54760-scaled.jpg","datePublished":"2023-08-21T17:50:57+00:00","description":"Since 1904, the family-owned company Jakob Rope Systems from Trubschachen in the Emmental has been producing fiber ropes and wire ropes.","breadcrumb":{"@id":"https:\/\/www.organisator.ch\/management\/2023-08-21\/seile-aus-dem-emmental-und-fernost\/#breadcrumb"},"inLanguage":"en-US","potentialAction":[{"@type":"ReadAction","target":["https:\/\/www.organisator.ch\/management\/2023-08-21\/seile-aus-dem-emmental-und-fernost\/"]}]},{"@type":"ImageObject","inLanguage":"en-US","@id":"https:\/\/www.organisator.ch\/management\/2023-08-21\/seile-aus-dem-emmental-und-fernost\/#primaryimage","url":"https:\/\/www.organisator.ch\/wp-content\/uploads\/2023\/08\/Management_Jakob_Bild_organisator_54760-scaled.jpg","contentUrl":"https:\/\/www.organisator.ch\/wp-content\/uploads\/2023\/08\/Management_Jakob_Bild_organisator_54760-scaled.jpg","width":1400,"height":1327,"caption":"Peter Jakob anl\u00e4sslich des diesj\u00e4hrigen Swiss Economic Forum, das am 8. und 9. Juni in Interlaken stattfand. \u00a9 SEF 2023"},{"@type":"BreadcrumbList","@id":"https:\/\/www.organisator.ch\/management\/2023-08-21\/seile-aus-dem-emmental-und-fernost\/#breadcrumb","itemListElement":[{"@type":"ListItem","position":1,"name":"Home","item":"https:\/\/www.organisator.ch\/"},{"@type":"ListItem","position":2,"name":"Seile aus dem Emmental und Fernost"}]},{"@type":"WebSite","@id":"https:\/\/www.organisator.ch\/#website","url":"https:\/\/www.organisator.ch\/","name":"Organizer","description":"Competent. Practical. In 10 issues per year, ORGANISATOR presents the essential topics for managers of SMEs.","publisher":{"@id":"https:\/\/www.organisator.ch\/#organization"},"potentialAction":[{"@type":"SearchAction","target":{"@type":"EntryPoint","urlTemplate":"https:\/\/www.organisator.ch\/?s={search_term_string}"},"query-input":{"@type":"PropertyValueSpecification","valueRequired":true,"valueName":"search_term_string"}}],"inLanguage":"en-US"},{"@type":"Organization","@id":"https:\/\/www.organisator.ch\/#organization","name":"Organizer","url":"https:\/\/www.organisator.ch\/","logo":{"@type":"ImageObject","inLanguage":"en-US","@id":"https:\/\/www.organisator.ch\/#\/schema\/logo\/image\/","url":"https:\/\/www.organisator.ch\/wp-content\/uploads\/2022\/01\/Logo_Organisator_Website.png","contentUrl":"https:\/\/www.organisator.ch\/wp-content\/uploads\/2022\/01\/Logo_Organisator_Website.png","width":800,"height":77,"caption":"Organisator"},"image":{"@id":"https:\/\/www.organisator.ch\/#\/schema\/logo\/image\/"},"sameAs":["https:\/\/www.facebook.com\/OrganisatorFachmagazin","https:\/\/www.linkedin.com\/showcase\/organisator-das-magazin-fr-kmu","https:\/\/www.xing.com\/news\/pages\/organisator-ch-695","https:\/\/www.youtube.com\/channel\/UCGP2Sq0iWaZwT3BdIAQFYpw"]},{"@type":"Person","@id":"https:\/\/www.organisator.ch\/#\/schema\/person\/aa2bace6c5c5aad60102004a50c4eb1c","name":"admin","image":{"@type":"ImageObject","inLanguage":"en-US","@id":"https:\/\/secure.gravatar.com\/avatar\/ae2f4d718e6c49043e314ce431e7e645d646302a24a5ef5a8bc8e3f5a032e319?s=96&d=mm&r=g","url":"https:\/\/secure.gravatar.com\/avatar\/ae2f4d718e6c49043e314ce431e7e645d646302a24a5ef5a8bc8e3f5a032e319?s=96&d=mm&r=g","contentUrl":"https:\/\/secure.gravatar.com\/avatar\/ae2f4d718e6c49043e314ce431e7e645d646302a24a5ef5a8bc8e3f5a032e319?s=96&d=mm&r=g","caption":"admin"},"sameAs":["https:\/\/www.organisator.ch"],"url":"https:\/\/www.organisator.ch\/en\/author\/admin\/"}]}},"_links":{"self":[{"href":"https:\/\/www.organisator.ch\/en\/wp-json\/wp\/v2\/posts\/21243","targetHints":{"allow":["GET"]}}],"collection":[{"href":"https:\/\/www.organisator.ch\/en\/wp-json\/wp\/v2\/posts"}],"about":[{"href":"https:\/\/www.organisator.ch\/en\/wp-json\/wp\/v2\/types\/post"}],"author":[{"embeddable":true,"href":"https:\/\/www.organisator.ch\/en\/wp-json\/wp\/v2\/users\/1"}],"replies":[{"embeddable":true,"href":"https:\/\/www.organisator.ch\/en\/wp-json\/wp\/v2\/comments?post=21243"}],"version-history":[{"count":2,"href":"https:\/\/www.organisator.ch\/en\/wp-json\/wp\/v2\/posts\/21243\/revisions"}],"predecessor-version":[{"id":21282,"href":"https:\/\/www.organisator.ch\/en\/wp-json\/wp\/v2\/posts\/21243\/revisions\/21282"}],"wp:featuredmedia":[{"embeddable":true,"href":"https:\/\/www.organisator.ch\/en\/wp-json\/wp\/v2\/media\/21241"}],"wp:attachment":[{"href":"https:\/\/www.organisator.ch\/en\/wp-json\/wp\/v2\/media?parent=21243"}],"wp:term":[{"taxonomy":"category","embeddable":true,"href":"https:\/\/www.organisator.ch\/en\/wp-json\/wp\/v2\/categories?post=21243"},{"taxonomy":"post_tag","embeddable":true,"href":"https:\/\/www.organisator.ch\/en\/wp-json\/wp\/v2\/tags?post=21243"}],"curies":[{"name":"wp","href":"https:\/\/api.w.org\/{rel}","templated":true}]}}