{"id":21262,"date":"2023-08-21T18:43:14","date_gmt":"2023-08-21T16:43:14","guid":{"rendered":"https:\/\/www.organisator.ch\/de\/?p=21262"},"modified":"2023-08-10T10:48:14","modified_gmt":"2023-08-10T08:48:14","slug":"marken-mit-allen-sinnen-erleben","status":"publish","type":"post","link":"https:\/\/www.organisator.ch\/en\/marketing\/2023-08-21\/marken-mit-allen-sinnen-erleben\/","title":{"rendered":"Experience brands with all senses"},"content":{"rendered":"<div class=\"swpm-post-not-logged-in-msg\">You need to be logged in to view this content. Please <a class=\"swpm-login-link\" href=\"https:\/\/www.organisator.ch\/login\/\">Log In<\/a>. Not a Member? <a href=\"https:\/\/www.organisator.ch\/shop\/\">Join Us<\/a><\/div>","protected":false},"excerpt":{"rendered":"<p>With the advent of digitization, various new trade show formats, and the drive for innovation in the trade show and event industry, companies have the best prerequisites for optimally positioning and sharpening their brand. The introduction of new brands can also be successfully staged and established with convincing concepts.<\/p>","protected":false},"author":1,"featured_media":21260,"comment_status":"closed","ping_status":"closed","sticky":false,"template":"","format":"standard","meta":{"_acf_changed":false,"_yoast_wpseo_focuskw":"Marken","_yoast_wpseo_metadesc":"Neue Messeformate und Innovationen in der Messe- und Eventbranche bieten KMU beste Voraussetzungen, ihre Marken optimal zu positionieren","articlekey":"49125","footnotes":""},"categories":[578,29],"tags":[339,3866,347],"class_list":["post-21262","post","type-post","status-publish","format-standard","has-post-thumbnail","hentry","category-abo","category-marketing","tag-marketing","tag-messebau","tag-messen"],"acf":[],"yoast_head":"<!-- This site is optimized with the Yoast SEO plugin v27.5 - https:\/\/yoast.com\/product\/yoast-seo-wordpress\/ -->\n<title>Marken mit allen Sinnen erleben - Organisator<\/title>\n<meta name=\"description\" content=\"Neue Messeformate und Innovationen in der Messe- und Eventbranche bieten KMU beste Voraussetzungen, ihre Marken optimal zu positionieren\" \/>\n<meta name=\"robots\" content=\"index, follow, max-snippet:-1, max-image-preview:large, max-video-preview:-1\" \/>\n<link rel=\"canonical\" href=\"https:\/\/www.organisator.ch\/en\/marketing\/2023-08-21\/marken-mit-allen-sinnen-erleben\/\" \/>\n<meta property=\"og:locale\" content=\"en_US\" \/>\n<meta property=\"og:type\" content=\"article\" \/>\n<meta property=\"og:title\" content=\"Marken mit allen Sinnen erleben - Organisator\" \/>\n<meta property=\"og:description\" content=\"Neue Messeformate und Innovationen in der Messe- und Eventbranche bieten KMU beste Voraussetzungen, ihre Marken optimal zu positionieren\" \/>\n<meta property=\"og:url\" content=\"https:\/\/www.organisator.ch\/en\/marketing\/2023-08-21\/marken-mit-allen-sinnen-erleben\/\" \/>\n<meta property=\"og:site_name\" content=\"Organisator\" \/>\n<meta property=\"article:publisher\" content=\"https:\/\/www.facebook.com\/OrganisatorFachmagazin\" \/>\n<meta property=\"article:published_time\" content=\"2023-08-21T16:43:14+00:00\" \/>\n<meta property=\"og:image\" content=\"https:\/\/www.organisator.ch\/wp-content\/uploads\/2023\/08\/Marketing_Auftakt_Bild1_organisator_54584-scaled.jpg\" \/>\n\t<meta property=\"og:image:width\" content=\"1044\" \/>\n\t<meta property=\"og:image:height\" content=\"1400\" \/>\n\t<meta property=\"og:image:type\" content=\"image\/jpeg\" \/>\n<meta name=\"author\" content=\"admin\" \/>\n<meta name=\"twitter:card\" content=\"summary_large_image\" \/>\n<script type=\"application\/ld+json\" class=\"yoast-schema-graph\">{\"@context\":\"https:\\\/\\\/schema.org\",\"@graph\":[{\"@type\":\"Article\",\"@id\":\"https:\\\/\\\/www.organisator.ch\\\/marketing\\\/2023-08-21\\\/marken-mit-allen-sinnen-erleben\\\/#article\",\"isPartOf\":{\"@id\":\"https:\\\/\\\/www.organisator.ch\\\/marketing\\\/2023-08-21\\\/marken-mit-allen-sinnen-erleben\\\/\"},\"author\":{\"name\":\"admin\",\"@id\":\"https:\\\/\\\/www.organisator.ch\\\/#\\\/schema\\\/person\\\/aa2bace6c5c5aad60102004a50c4eb1c\"},\"headline\":\"Marken mit allen Sinnen erleben\",\"datePublished\":\"2023-08-21T16:43:14+00:00\",\"mainEntityOfPage\":{\"@id\":\"https:\\\/\\\/www.organisator.ch\\\/marketing\\\/2023-08-21\\\/marken-mit-allen-sinnen-erleben\\\/\"},\"wordCount\":1241,\"publisher\":{\"@id\":\"https:\\\/\\\/www.organisator.ch\\\/#organization\"},\"image\":{\"@id\":\"https:\\\/\\\/www.organisator.ch\\\/marketing\\\/2023-08-21\\\/marken-mit-allen-sinnen-erleben\\\/#primaryimage\"},\"thumbnailUrl\":\"https:\\\/\\\/www.organisator.ch\\\/wp-content\\\/uploads\\\/2023\\\/08\\\/Marketing_Auftakt_Bild1_organisator_54584-scaled.jpg\",\"keywords\":[\"Marketing\",\"Messebau\",\"Messen\"],\"articleSection\":[\"ABO+\",\"MARKETING\"],\"inLanguage\":\"en-US\"},{\"@type\":\"WebPage\",\"@id\":\"https:\\\/\\\/www.organisator.ch\\\/marketing\\\/2023-08-21\\\/marken-mit-allen-sinnen-erleben\\\/\",\"url\":\"https:\\\/\\\/www.organisator.ch\\\/marketing\\\/2023-08-21\\\/marken-mit-allen-sinnen-erleben\\\/\",\"name\":\"Marken mit allen Sinnen erleben - Organisator\",\"isPartOf\":{\"@id\":\"https:\\\/\\\/www.organisator.ch\\\/#website\"},\"primaryImageOfPage\":{\"@id\":\"https:\\\/\\\/www.organisator.ch\\\/marketing\\\/2023-08-21\\\/marken-mit-allen-sinnen-erleben\\\/#primaryimage\"},\"image\":{\"@id\":\"https:\\\/\\\/www.organisator.ch\\\/marketing\\\/2023-08-21\\\/marken-mit-allen-sinnen-erleben\\\/#primaryimage\"},\"thumbnailUrl\":\"https:\\\/\\\/www.organisator.ch\\\/wp-content\\\/uploads\\\/2023\\\/08\\\/Marketing_Auftakt_Bild1_organisator_54584-scaled.jpg\",\"datePublished\":\"2023-08-21T16:43:14+00:00\",\"description\":\"Neue Messeformate und Innovationen in der Messe- und Eventbranche bieten KMU beste Voraussetzungen, ihre Marken optimal zu positionieren\",\"breadcrumb\":{\"@id\":\"https:\\\/\\\/www.organisator.ch\\\/marketing\\\/2023-08-21\\\/marken-mit-allen-sinnen-erleben\\\/#breadcrumb\"},\"inLanguage\":\"en-US\",\"potentialAction\":[{\"@type\":\"ReadAction\",\"target\":[\"https:\\\/\\\/www.organisator.ch\\\/marketing\\\/2023-08-21\\\/marken-mit-allen-sinnen-erleben\\\/\"]}]},{\"@type\":\"ImageObject\",\"inLanguage\":\"en-US\",\"@id\":\"https:\\\/\\\/www.organisator.ch\\\/marketing\\\/2023-08-21\\\/marken-mit-allen-sinnen-erleben\\\/#primaryimage\",\"url\":\"https:\\\/\\\/www.organisator.ch\\\/wp-content\\\/uploads\\\/2023\\\/08\\\/Marketing_Auftakt_Bild1_organisator_54584-scaled.jpg\",\"contentUrl\":\"https:\\\/\\\/www.organisator.ch\\\/wp-content\\\/uploads\\\/2023\\\/08\\\/Marketing_Auftakt_Bild1_organisator_54584-scaled.jpg\",\"width\":1044,\"height\":1400,\"caption\":\"Mit interaktiven Messest\u00e4nden lassen sich messbare Resultate erzielen. Foto: Expoformer\"},{\"@type\":\"BreadcrumbList\",\"@id\":\"https:\\\/\\\/www.organisator.ch\\\/marketing\\\/2023-08-21\\\/marken-mit-allen-sinnen-erleben\\\/#breadcrumb\",\"itemListElement\":[{\"@type\":\"ListItem\",\"position\":1,\"name\":\"Home\",\"item\":\"https:\\\/\\\/www.organisator.ch\\\/\"},{\"@type\":\"ListItem\",\"position\":2,\"name\":\"Marken mit allen Sinnen erleben\"}]},{\"@type\":\"WebSite\",\"@id\":\"https:\\\/\\\/www.organisator.ch\\\/#website\",\"url\":\"https:\\\/\\\/www.organisator.ch\\\/\",\"name\":\"Organisator\",\"description\":\"Kompetent. Praxisnah. Der ORGANISATOR bereitet in 10 Ausgaben pro Jahr die wesentlichen Themen f\u00fcr F\u00fchrungskr\u00e4fte von KMU auf.\",\"publisher\":{\"@id\":\"https:\\\/\\\/www.organisator.ch\\\/#organization\"},\"potentialAction\":[{\"@type\":\"SearchAction\",\"target\":{\"@type\":\"EntryPoint\",\"urlTemplate\":\"https:\\\/\\\/www.organisator.ch\\\/?s={search_term_string}\"},\"query-input\":{\"@type\":\"PropertyValueSpecification\",\"valueRequired\":true,\"valueName\":\"search_term_string\"}}],\"inLanguage\":\"en-US\"},{\"@type\":\"Organization\",\"@id\":\"https:\\\/\\\/www.organisator.ch\\\/#organization\",\"name\":\"Organisator\",\"url\":\"https:\\\/\\\/www.organisator.ch\\\/\",\"logo\":{\"@type\":\"ImageObject\",\"inLanguage\":\"en-US\",\"@id\":\"https:\\\/\\\/www.organisator.ch\\\/#\\\/schema\\\/logo\\\/image\\\/\",\"url\":\"https:\\\/\\\/www.organisator.ch\\\/wp-content\\\/uploads\\\/2022\\\/01\\\/Logo_Organisator_Website.png\",\"contentUrl\":\"https:\\\/\\\/www.organisator.ch\\\/wp-content\\\/uploads\\\/2022\\\/01\\\/Logo_Organisator_Website.png\",\"width\":800,\"height\":77,\"caption\":\"Organisator\"},\"image\":{\"@id\":\"https:\\\/\\\/www.organisator.ch\\\/#\\\/schema\\\/logo\\\/image\\\/\"},\"sameAs\":[\"https:\\\/\\\/www.facebook.com\\\/OrganisatorFachmagazin\",\"https:\\\/\\\/www.linkedin.com\\\/showcase\\\/organisator-das-magazin-fr-kmu\",\"https:\\\/\\\/www.xing.com\\\/news\\\/pages\\\/organisator-ch-695\",\"https:\\\/\\\/www.youtube.com\\\/channel\\\/UCGP2Sq0iWaZwT3BdIAQFYpw\"]},{\"@type\":\"Person\",\"@id\":\"https:\\\/\\\/www.organisator.ch\\\/#\\\/schema\\\/person\\\/aa2bace6c5c5aad60102004a50c4eb1c\",\"name\":\"admin\",\"image\":{\"@type\":\"ImageObject\",\"inLanguage\":\"en-US\",\"@id\":\"https:\\\/\\\/secure.gravatar.com\\\/avatar\\\/ae2f4d718e6c49043e314ce431e7e645d646302a24a5ef5a8bc8e3f5a032e319?s=96&d=mm&r=g\",\"url\":\"https:\\\/\\\/secure.gravatar.com\\\/avatar\\\/ae2f4d718e6c49043e314ce431e7e645d646302a24a5ef5a8bc8e3f5a032e319?s=96&d=mm&r=g\",\"contentUrl\":\"https:\\\/\\\/secure.gravatar.com\\\/avatar\\\/ae2f4d718e6c49043e314ce431e7e645d646302a24a5ef5a8bc8e3f5a032e319?s=96&d=mm&r=g\",\"caption\":\"admin\"},\"sameAs\":[\"https:\\\/\\\/www.organisator.ch\"],\"url\":\"https:\\\/\\\/www.organisator.ch\\\/en\\\/author\\\/admin\\\/\"}]}<\/script>\n<!-- \/ Yoast SEO plugin. -->","yoast_head_json":{"title":"Experience brands with all senses - Organizer","description":"New trade fair formats and innovations in the trade fair and event industry offer SMEs the best conditions for optimally positioning their brands","robots":{"index":"index","follow":"follow","max-snippet":"max-snippet:-1","max-image-preview":"max-image-preview:large","max-video-preview":"max-video-preview:-1"},"canonical":"https:\/\/www.organisator.ch\/en\/marketing\/2023-08-21\/marken-mit-allen-sinnen-erleben\/","og_locale":"en_US","og_type":"article","og_title":"Marken mit allen Sinnen erleben - Organisator","og_description":"Neue Messeformate und Innovationen in der Messe- und Eventbranche bieten KMU beste Voraussetzungen, ihre Marken optimal zu positionieren","og_url":"https:\/\/www.organisator.ch\/en\/marketing\/2023-08-21\/marken-mit-allen-sinnen-erleben\/","og_site_name":"Organisator","article_publisher":"https:\/\/www.facebook.com\/OrganisatorFachmagazin","article_published_time":"2023-08-21T16:43:14+00:00","og_image":[{"width":1044,"height":1400,"url":"https:\/\/www.organisator.ch\/wp-content\/uploads\/2023\/08\/Marketing_Auftakt_Bild1_organisator_54584-scaled.jpg","type":"image\/jpeg"}],"author":"admin","twitter_card":"summary_large_image","schema":{"@context":"https:\/\/schema.org","@graph":[{"@type":"Article","@id":"https:\/\/www.organisator.ch\/marketing\/2023-08-21\/marken-mit-allen-sinnen-erleben\/#article","isPartOf":{"@id":"https:\/\/www.organisator.ch\/marketing\/2023-08-21\/marken-mit-allen-sinnen-erleben\/"},"author":{"name":"admin","@id":"https:\/\/www.organisator.ch\/#\/schema\/person\/aa2bace6c5c5aad60102004a50c4eb1c"},"headline":"Marken mit allen Sinnen erleben","datePublished":"2023-08-21T16:43:14+00:00","mainEntityOfPage":{"@id":"https:\/\/www.organisator.ch\/marketing\/2023-08-21\/marken-mit-allen-sinnen-erleben\/"},"wordCount":1241,"publisher":{"@id":"https:\/\/www.organisator.ch\/#organization"},"image":{"@id":"https:\/\/www.organisator.ch\/marketing\/2023-08-21\/marken-mit-allen-sinnen-erleben\/#primaryimage"},"thumbnailUrl":"https:\/\/www.organisator.ch\/wp-content\/uploads\/2023\/08\/Marketing_Auftakt_Bild1_organisator_54584-scaled.jpg","keywords":["Marketing","Messebau","Messen"],"articleSection":["ABO+","MARKETING"],"inLanguage":"en-US"},{"@type":"WebPage","@id":"https:\/\/www.organisator.ch\/marketing\/2023-08-21\/marken-mit-allen-sinnen-erleben\/","url":"https:\/\/www.organisator.ch\/marketing\/2023-08-21\/marken-mit-allen-sinnen-erleben\/","name":"Experience brands with all senses - Organizer","isPartOf":{"@id":"https:\/\/www.organisator.ch\/#website"},"primaryImageOfPage":{"@id":"https:\/\/www.organisator.ch\/marketing\/2023-08-21\/marken-mit-allen-sinnen-erleben\/#primaryimage"},"image":{"@id":"https:\/\/www.organisator.ch\/marketing\/2023-08-21\/marken-mit-allen-sinnen-erleben\/#primaryimage"},"thumbnailUrl":"https:\/\/www.organisator.ch\/wp-content\/uploads\/2023\/08\/Marketing_Auftakt_Bild1_organisator_54584-scaled.jpg","datePublished":"2023-08-21T16:43:14+00:00","description":"New trade fair formats and innovations in the trade fair and event industry offer SMEs the best conditions for optimally positioning their brands","breadcrumb":{"@id":"https:\/\/www.organisator.ch\/marketing\/2023-08-21\/marken-mit-allen-sinnen-erleben\/#breadcrumb"},"inLanguage":"en-US","potentialAction":[{"@type":"ReadAction","target":["https:\/\/www.organisator.ch\/marketing\/2023-08-21\/marken-mit-allen-sinnen-erleben\/"]}]},{"@type":"ImageObject","inLanguage":"en-US","@id":"https:\/\/www.organisator.ch\/marketing\/2023-08-21\/marken-mit-allen-sinnen-erleben\/#primaryimage","url":"https:\/\/www.organisator.ch\/wp-content\/uploads\/2023\/08\/Marketing_Auftakt_Bild1_organisator_54584-scaled.jpg","contentUrl":"https:\/\/www.organisator.ch\/wp-content\/uploads\/2023\/08\/Marketing_Auftakt_Bild1_organisator_54584-scaled.jpg","width":1044,"height":1400,"caption":"Mit interaktiven Messest\u00e4nden lassen sich messbare Resultate erzielen. Foto: Expoformer"},{"@type":"BreadcrumbList","@id":"https:\/\/www.organisator.ch\/marketing\/2023-08-21\/marken-mit-allen-sinnen-erleben\/#breadcrumb","itemListElement":[{"@type":"ListItem","position":1,"name":"Home","item":"https:\/\/www.organisator.ch\/"},{"@type":"ListItem","position":2,"name":"Marken mit allen Sinnen erleben"}]},{"@type":"WebSite","@id":"https:\/\/www.organisator.ch\/#website","url":"https:\/\/www.organisator.ch\/","name":"Organizer","description":"Competent. Practical. In 10 issues per year, ORGANISATOR presents the essential topics for managers of SMEs.","publisher":{"@id":"https:\/\/www.organisator.ch\/#organization"},"potentialAction":[{"@type":"SearchAction","target":{"@type":"EntryPoint","urlTemplate":"https:\/\/www.organisator.ch\/?s={search_term_string}"},"query-input":{"@type":"PropertyValueSpecification","valueRequired":true,"valueName":"search_term_string"}}],"inLanguage":"en-US"},{"@type":"Organization","@id":"https:\/\/www.organisator.ch\/#organization","name":"Organizer","url":"https:\/\/www.organisator.ch\/","logo":{"@type":"ImageObject","inLanguage":"en-US","@id":"https:\/\/www.organisator.ch\/#\/schema\/logo\/image\/","url":"https:\/\/www.organisator.ch\/wp-content\/uploads\/2022\/01\/Logo_Organisator_Website.png","contentUrl":"https:\/\/www.organisator.ch\/wp-content\/uploads\/2022\/01\/Logo_Organisator_Website.png","width":800,"height":77,"caption":"Organisator"},"image":{"@id":"https:\/\/www.organisator.ch\/#\/schema\/logo\/image\/"},"sameAs":["https:\/\/www.facebook.com\/OrganisatorFachmagazin","https:\/\/www.linkedin.com\/showcase\/organisator-das-magazin-fr-kmu","https:\/\/www.xing.com\/news\/pages\/organisator-ch-695","https:\/\/www.youtube.com\/channel\/UCGP2Sq0iWaZwT3BdIAQFYpw"]},{"@type":"Person","@id":"https:\/\/www.organisator.ch\/#\/schema\/person\/aa2bace6c5c5aad60102004a50c4eb1c","name":"admin","image":{"@type":"ImageObject","inLanguage":"en-US","@id":"https:\/\/secure.gravatar.com\/avatar\/ae2f4d718e6c49043e314ce431e7e645d646302a24a5ef5a8bc8e3f5a032e319?s=96&d=mm&r=g","url":"https:\/\/secure.gravatar.com\/avatar\/ae2f4d718e6c49043e314ce431e7e645d646302a24a5ef5a8bc8e3f5a032e319?s=96&d=mm&r=g","contentUrl":"https:\/\/secure.gravatar.com\/avatar\/ae2f4d718e6c49043e314ce431e7e645d646302a24a5ef5a8bc8e3f5a032e319?s=96&d=mm&r=g","caption":"admin"},"sameAs":["https:\/\/www.organisator.ch"],"url":"https:\/\/www.organisator.ch\/en\/author\/admin\/"}]}},"_links":{"self":[{"href":"https:\/\/www.organisator.ch\/en\/wp-json\/wp\/v2\/posts\/21262","targetHints":{"allow":["GET"]}}],"collection":[{"href":"https:\/\/www.organisator.ch\/en\/wp-json\/wp\/v2\/posts"}],"about":[{"href":"https:\/\/www.organisator.ch\/en\/wp-json\/wp\/v2\/types\/post"}],"author":[{"embeddable":true,"href":"https:\/\/www.organisator.ch\/en\/wp-json\/wp\/v2\/users\/1"}],"replies":[{"embeddable":true,"href":"https:\/\/www.organisator.ch\/en\/wp-json\/wp\/v2\/comments?post=21262"}],"version-history":[{"count":2,"href":"https:\/\/www.organisator.ch\/en\/wp-json\/wp\/v2\/posts\/21262\/revisions"}],"predecessor-version":[{"id":21267,"href":"https:\/\/www.organisator.ch\/en\/wp-json\/wp\/v2\/posts\/21262\/revisions\/21267"}],"wp:featuredmedia":[{"embeddable":true,"href":"https:\/\/www.organisator.ch\/en\/wp-json\/wp\/v2\/media\/21260"}],"wp:attachment":[{"href":"https:\/\/www.organisator.ch\/en\/wp-json\/wp\/v2\/media?parent=21262"}],"wp:term":[{"taxonomy":"category","embeddable":true,"href":"https:\/\/www.organisator.ch\/en\/wp-json\/wp\/v2\/categories?post=21262"},{"taxonomy":"post_tag","embeddable":true,"href":"https:\/\/www.organisator.ch\/en\/wp-json\/wp\/v2\/tags?post=21262"}],"curies":[{"name":"wp","href":"https:\/\/api.w.org\/{rel}","templated":true}]}}