{"id":214,"date":"2016-04-01T08:57:39","date_gmt":"2016-04-01T06:57:39","guid":{"rendered":"http:\/\/dev.organisator.ch\/?p=214"},"modified":"2016-04-01T08:57:39","modified_gmt":"2016-04-01T06:57:39","slug":"update-for-innovations-and-consequences-of-digitization","status":"publish","type":"post","link":"https:\/\/www.organisator.ch\/en\/management\/it\/2016-04-01\/update-fuer-innovationen-und-konsequenzen-der-digitalisierung\/","title":{"rendered":"Update for innovations and consequences of digitalization"},"content":{"rendered":"<figure id=\"attachment_215\" aria-describedby=\"caption-attachment-215\" style=\"width: 680px\" class=\"wp-caption alignnone\"><img loading=\"lazy\" decoding=\"async\" class=\"size-medium wp-image-215\" src=\"https:\/\/organisator.ch\/wp-content\/uploads\/2016\/12\/Update-f\u00fcr-Innovationen-und-Konsequenzen-der-Digitalisierung-organisator.jpg\" alt=\"\" width=\"680\" height=\"965\" \/><figcaption id=\"caption-attachment-215\" class=\"wp-caption-text\">Digital Economic Forum 2016<\/figcaption><\/figure>\n<p>With Erik Qualman, DEF presents a digital thought leader who has written his way into the international bestseller lists as the author of \"Socialnomics\" and was voted the second most popular author in the world with \"Digital Leader\" in 2012. With his latest work, \"What Happens in Las Vegas Stays on YouTube,\" Qualman declares the privacy of individuals and businesses to be at ultimate risk and urges them to take the lead in digital reputation for themselves and acquire the relevant know-how without delay.<\/p>\n<p>The DEF in Zurich will also focus on the entire potential of digital technologies, from the creation of new business models, the digitization of processes and the new user imperatives. Managers are challenged to keep the orientation in a disruptive process, which again and again requires new thinking, new rules, new partners and increased own change. In addition to attractive and highly topical speakers (Erik Qualman, Gerd Leonhard, Julius van de Laar, Ali Mahlodji, Andreas Krebs, Kamales Lardi, Pascal Kaufmann, Andreas Staub and Carsten Maschmeyer), international companies will present megatrends in half-hour interactive business tracks and highlight topics such as design and innovation, digital payment, health care, fintech and digital transformation.<\/p>\n<p><a href=\"http:\/\/www.digitaleconomicforum.ch\" target=\"_blank\" data-cke-saved-href=\"http:\/\/www.digitaleconomicforum.ch\" rel=\"noopener\">http:\/\/www.digitaleconomicforum.ch<\/a><\/p>","protected":false},"excerpt":{"rendered":"<p>Mit Erik Qualman pr\u00e4sentiert das DEF einen digitalen Thought-Leader, der sich als Autor von \u201eSocialnomics\u201c international in die Bestsellerlisten geschrieben hat und mit \u201eDigital Leader\u201c 2012 zum zweitbeliebtesten Autor der Welt gew\u00e4hlt wurde. Mit seinem neuesten Werk \u201eWhat Happens in Las Vegas Stays on YouTube\u201c erkl\u00e4rt Qualman die Privatsph\u00e4re von Privatpersonen und Unternehmen f\u00fcr ultimativ [&hellip;]<\/p>\n","protected":false},"author":1,"featured_media":215,"comment_status":"open","ping_status":"open","sticky":false,"template":"","format":"standard","meta":{"_acf_changed":false,"_yoast_wpseo_focuskw":"Digitalisierung","_yoast_wpseo_metadesc":"Das Update f\u00fcr Innovationen und Konsequenzen der Digitalisierung ist das Digital Economic Forum (DEF) am 26. und 27. April 2016 im Park Hyatt in Z\u00fcrich.","articlekey":"","footnotes":""},"categories":[27],"tags":[193,286,288],"class_list":["post-214","post","type-post","status-publish","format-standard","has-post-thumbnail","hentry","category-it","tag-fachkongressfachmesse","tag-it","tag-it-business-software"],"acf":[],"yoast_head":"<!-- This site is optimized with the Yoast SEO plugin v27.4 - https:\/\/yoast.com\/product\/yoast-seo-wordpress\/ -->\n<title>Update f\u00fcr Innovationen und Konsequenzen der Digitalisierung - Organisator<\/title>\n<meta name=\"description\" content=\"Das Update f\u00fcr Innovationen und Konsequenzen der Digitalisierung ist das Digital Economic Forum (DEF) am 26. und 27. April 2016 im Park Hyatt in Z\u00fcrich.\" \/>\n<meta name=\"robots\" content=\"index, follow, max-snippet:-1, max-image-preview:large, max-video-preview:-1\" \/>\n<link rel=\"canonical\" href=\"https:\/\/www.organisator.ch\/en\/management\/it\/2016-04-01\/update-for-innovations-and-consequences-of-digitization\/\" \/>\n<meta property=\"og:locale\" content=\"en_US\" \/>\n<meta property=\"og:type\" content=\"article\" \/>\n<meta property=\"og:title\" content=\"Update f\u00fcr Innovationen und Konsequenzen der Digitalisierung\" \/>\n<meta property=\"og:description\" content=\"Die 4. industrielle Revolution, digitale Transformation, disruptive Economy und die positiven wie negativen Auswirkungen auf Wirtschaft, Arbeitspl\u00e4tze und Gesellschaft sind in aller Munde. Das massgebliche Update f\u00fcr Innovationen und Konsequenzen der Digitalisierung ist das Digital Economic Forum (DEF) am 26. und 27. April 2016 im Park Hyatt in Z\u00fcrich. Es pr\u00e4sentiert einflussreiche Thought-Leaders, wie Erik Qualman, Gerd Leonhard oder Julius van de Laar sowie Unternehmer, Start-ups, CEOs, Forscher und Berater aus der digitalen und analogen Welt.\" \/>\n<meta property=\"og:url\" content=\"https:\/\/www.organisator.ch\/en\/management\/it\/2016-04-01\/update-for-innovations-and-consequences-of-digitization\/\" \/>\n<meta property=\"og:site_name\" content=\"Organisator\" \/>\n<meta property=\"article:publisher\" content=\"https:\/\/www.facebook.com\/OrganisatorFachmagazin\" \/>\n<meta property=\"article:published_time\" content=\"2016-04-01T06:57:39+00:00\" \/>\n<meta name=\"author\" content=\"admin\" \/>\n<meta name=\"twitter:card\" content=\"summary_large_image\" \/>\n<meta name=\"twitter:image\" content=\"https:\/\/www.organisator.ch\/wp-content\/uploads\/2016\/12\/Update-fuer-Innovationen-und-Konsequenzen-der-Digitalisierung-organisator.jpg\" \/>\n<script type=\"application\/ld+json\" class=\"yoast-schema-graph\">{\"@context\":\"https:\\\/\\\/schema.org\",\"@graph\":[{\"@type\":\"Article\",\"@id\":\"https:\\\/\\\/www.organisator.ch\\\/management\\\/it\\\/2016-04-01\\\/update-fuer-innovationen-und-konsequenzen-der-digitalisierung\\\/#article\",\"isPartOf\":{\"@id\":\"https:\\\/\\\/www.organisator.ch\\\/management\\\/it\\\/2016-04-01\\\/update-fuer-innovationen-und-konsequenzen-der-digitalisierung\\\/\"},\"author\":{\"name\":\"admin\",\"@id\":\"https:\\\/\\\/www.organisator.ch\\\/#\\\/schema\\\/person\\\/aa2bace6c5c5aad60102004a50c4eb1c\"},\"headline\":\"Update f\u00fcr Innovationen und Konsequenzen der Digitalisierung\",\"datePublished\":\"2016-04-01T06:57:39+00:00\",\"mainEntityOfPage\":{\"@id\":\"https:\\\/\\\/www.organisator.ch\\\/management\\\/it\\\/2016-04-01\\\/update-fuer-innovationen-und-konsequenzen-der-digitalisierung\\\/\"},\"wordCount\":219,\"commentCount\":0,\"publisher\":{\"@id\":\"https:\\\/\\\/www.organisator.ch\\\/#organization\"},\"image\":{\"@id\":\"https:\\\/\\\/www.organisator.ch\\\/management\\\/it\\\/2016-04-01\\\/update-fuer-innovationen-und-konsequenzen-der-digitalisierung\\\/#primaryimage\"},\"thumbnailUrl\":\"https:\\\/\\\/www.organisator.ch\\\/wp-content\\\/uploads\\\/2016\\\/12\\\/Update-fuer-Innovationen-und-Konsequenzen-der-Digitalisierung-organisator.jpg\",\"keywords\":[\"Fachkongress\\\/Fachmesse\",\"IT\",\"IT &amp; Business Software\"],\"articleSection\":[\"IT\"],\"inLanguage\":\"en-US\"},{\"@type\":\"WebPage\",\"@id\":\"https:\\\/\\\/www.organisator.ch\\\/management\\\/it\\\/2016-04-01\\\/update-fuer-innovationen-und-konsequenzen-der-digitalisierung\\\/\",\"url\":\"https:\\\/\\\/www.organisator.ch\\\/management\\\/it\\\/2016-04-01\\\/update-fuer-innovationen-und-konsequenzen-der-digitalisierung\\\/\",\"name\":\"Update f\u00fcr Innovationen und Konsequenzen der Digitalisierung - Organisator\",\"isPartOf\":{\"@id\":\"https:\\\/\\\/www.organisator.ch\\\/#website\"},\"primaryImageOfPage\":{\"@id\":\"https:\\\/\\\/www.organisator.ch\\\/management\\\/it\\\/2016-04-01\\\/update-fuer-innovationen-und-konsequenzen-der-digitalisierung\\\/#primaryimage\"},\"image\":{\"@id\":\"https:\\\/\\\/www.organisator.ch\\\/management\\\/it\\\/2016-04-01\\\/update-fuer-innovationen-und-konsequenzen-der-digitalisierung\\\/#primaryimage\"},\"thumbnailUrl\":\"https:\\\/\\\/www.organisator.ch\\\/wp-content\\\/uploads\\\/2016\\\/12\\\/Update-fuer-Innovationen-und-Konsequenzen-der-Digitalisierung-organisator.jpg\",\"datePublished\":\"2016-04-01T06:57:39+00:00\",\"description\":\"Das Update f\u00fcr Innovationen und Konsequenzen der Digitalisierung ist das Digital Economic Forum (DEF) am 26. und 27. April 2016 im Park Hyatt in Z\u00fcrich.\",\"breadcrumb\":{\"@id\":\"https:\\\/\\\/www.organisator.ch\\\/management\\\/it\\\/2016-04-01\\\/update-fuer-innovationen-und-konsequenzen-der-digitalisierung\\\/#breadcrumb\"},\"inLanguage\":\"en-US\",\"potentialAction\":[{\"@type\":\"ReadAction\",\"target\":[\"https:\\\/\\\/www.organisator.ch\\\/management\\\/it\\\/2016-04-01\\\/update-fuer-innovationen-und-konsequenzen-der-digitalisierung\\\/\"]}]},{\"@type\":\"ImageObject\",\"inLanguage\":\"en-US\",\"@id\":\"https:\\\/\\\/www.organisator.ch\\\/management\\\/it\\\/2016-04-01\\\/update-fuer-innovationen-und-konsequenzen-der-digitalisierung\\\/#primaryimage\",\"url\":\"https:\\\/\\\/www.organisator.ch\\\/wp-content\\\/uploads\\\/2016\\\/12\\\/Update-fuer-Innovationen-und-Konsequenzen-der-Digitalisierung-organisator.jpg\",\"contentUrl\":\"https:\\\/\\\/www.organisator.ch\\\/wp-content\\\/uploads\\\/2016\\\/12\\\/Update-fuer-Innovationen-und-Konsequenzen-der-Digitalisierung-organisator.jpg\",\"width\":1748,\"height\":2480,\"caption\":\"Digital Economic Forum 2016\"},{\"@type\":\"BreadcrumbList\",\"@id\":\"https:\\\/\\\/www.organisator.ch\\\/management\\\/it\\\/2016-04-01\\\/update-fuer-innovationen-und-konsequenzen-der-digitalisierung\\\/#breadcrumb\",\"itemListElement\":[{\"@type\":\"ListItem\",\"position\":1,\"name\":\"Home\",\"item\":\"https:\\\/\\\/www.organisator.ch\\\/\"},{\"@type\":\"ListItem\",\"position\":2,\"name\":\"Update f\u00fcr Innovationen und Konsequenzen der Digitalisierung\"}]},{\"@type\":\"WebSite\",\"@id\":\"https:\\\/\\\/www.organisator.ch\\\/#website\",\"url\":\"https:\\\/\\\/www.organisator.ch\\\/\",\"name\":\"Organisator\",\"description\":\"Kompetent. Praxisnah. Der ORGANISATOR bereitet in 10 Ausgaben pro Jahr die wesentlichen Themen f\u00fcr F\u00fchrungskr\u00e4fte von KMU auf.\",\"publisher\":{\"@id\":\"https:\\\/\\\/www.organisator.ch\\\/#organization\"},\"potentialAction\":[{\"@type\":\"SearchAction\",\"target\":{\"@type\":\"EntryPoint\",\"urlTemplate\":\"https:\\\/\\\/www.organisator.ch\\\/?s={search_term_string}\"},\"query-input\":{\"@type\":\"PropertyValueSpecification\",\"valueRequired\":true,\"valueName\":\"search_term_string\"}}],\"inLanguage\":\"en-US\"},{\"@type\":\"Organization\",\"@id\":\"https:\\\/\\\/www.organisator.ch\\\/#organization\",\"name\":\"Organisator\",\"url\":\"https:\\\/\\\/www.organisator.ch\\\/\",\"logo\":{\"@type\":\"ImageObject\",\"inLanguage\":\"en-US\",\"@id\":\"https:\\\/\\\/www.organisator.ch\\\/#\\\/schema\\\/logo\\\/image\\\/\",\"url\":\"https:\\\/\\\/www.organisator.ch\\\/wp-content\\\/uploads\\\/2022\\\/01\\\/Logo_Organisator_Website.png\",\"contentUrl\":\"https:\\\/\\\/www.organisator.ch\\\/wp-content\\\/uploads\\\/2022\\\/01\\\/Logo_Organisator_Website.png\",\"width\":800,\"height\":77,\"caption\":\"Organisator\"},\"image\":{\"@id\":\"https:\\\/\\\/www.organisator.ch\\\/#\\\/schema\\\/logo\\\/image\\\/\"},\"sameAs\":[\"https:\\\/\\\/www.facebook.com\\\/OrganisatorFachmagazin\",\"https:\\\/\\\/www.linkedin.com\\\/showcase\\\/organisator-das-magazin-fr-kmu\",\"https:\\\/\\\/www.xing.com\\\/news\\\/pages\\\/organisator-ch-695\",\"https:\\\/\\\/www.youtube.com\\\/channel\\\/UCGP2Sq0iWaZwT3BdIAQFYpw\"]},{\"@type\":\"Person\",\"@id\":\"https:\\\/\\\/www.organisator.ch\\\/#\\\/schema\\\/person\\\/aa2bace6c5c5aad60102004a50c4eb1c\",\"name\":\"admin\",\"image\":{\"@type\":\"ImageObject\",\"inLanguage\":\"en-US\",\"@id\":\"https:\\\/\\\/secure.gravatar.com\\\/avatar\\\/ae2f4d718e6c49043e314ce431e7e645d646302a24a5ef5a8bc8e3f5a032e319?s=96&d=mm&r=g\",\"url\":\"https:\\\/\\\/secure.gravatar.com\\\/avatar\\\/ae2f4d718e6c49043e314ce431e7e645d646302a24a5ef5a8bc8e3f5a032e319?s=96&d=mm&r=g\",\"contentUrl\":\"https:\\\/\\\/secure.gravatar.com\\\/avatar\\\/ae2f4d718e6c49043e314ce431e7e645d646302a24a5ef5a8bc8e3f5a032e319?s=96&d=mm&r=g\",\"caption\":\"admin\"},\"sameAs\":[\"https:\\\/\\\/www.organisator.ch\"],\"url\":\"https:\\\/\\\/www.organisator.ch\\\/en\\\/author\\\/admin\\\/\"}]}<\/script>\n<!-- \/ Yoast SEO plugin. -->","yoast_head_json":{"title":"Update for innovations and consequences of digitalization - organizer","description":"The update for innovations and consequences of digitalization is the Digital Economic Forum (DEF) on April 26 and 27, 2016 at the Park Hyatt in Zurich.","robots":{"index":"index","follow":"follow","max-snippet":"max-snippet:-1","max-image-preview":"max-image-preview:large","max-video-preview":"max-video-preview:-1"},"canonical":"https:\/\/www.organisator.ch\/en\/management\/it\/2016-04-01\/update-for-innovations-and-consequences-of-digitization\/","og_locale":"en_US","og_type":"article","og_title":"Update f\u00fcr Innovationen und Konsequenzen der Digitalisierung","og_description":"Die 4. industrielle Revolution, digitale Transformation, disruptive Economy und die positiven wie negativen Auswirkungen auf Wirtschaft, Arbeitspl\u00e4tze und Gesellschaft sind in aller Munde. Das massgebliche Update f\u00fcr Innovationen und Konsequenzen der Digitalisierung ist das Digital Economic Forum (DEF) am 26. und 27. April 2016 im Park Hyatt in Z\u00fcrich. Es pr\u00e4sentiert einflussreiche Thought-Leaders, wie Erik Qualman, Gerd Leonhard oder Julius van de Laar sowie Unternehmer, Start-ups, CEOs, Forscher und Berater aus der digitalen und analogen Welt.","og_url":"https:\/\/www.organisator.ch\/en\/management\/it\/2016-04-01\/update-for-innovations-and-consequences-of-digitization\/","og_site_name":"Organisator","article_publisher":"https:\/\/www.facebook.com\/OrganisatorFachmagazin","article_published_time":"2016-04-01T06:57:39+00:00","author":"admin","twitter_card":"summary_large_image","twitter_image":"https:\/\/www.organisator.ch\/wp-content\/uploads\/2016\/12\/Update-fuer-Innovationen-und-Konsequenzen-der-Digitalisierung-organisator.jpg","schema":{"@context":"https:\/\/schema.org","@graph":[{"@type":"Article","@id":"https:\/\/www.organisator.ch\/management\/it\/2016-04-01\/update-fuer-innovationen-und-konsequenzen-der-digitalisierung\/#article","isPartOf":{"@id":"https:\/\/www.organisator.ch\/management\/it\/2016-04-01\/update-fuer-innovationen-und-konsequenzen-der-digitalisierung\/"},"author":{"name":"admin","@id":"https:\/\/www.organisator.ch\/#\/schema\/person\/aa2bace6c5c5aad60102004a50c4eb1c"},"headline":"Update f\u00fcr Innovationen und Konsequenzen der Digitalisierung","datePublished":"2016-04-01T06:57:39+00:00","mainEntityOfPage":{"@id":"https:\/\/www.organisator.ch\/management\/it\/2016-04-01\/update-fuer-innovationen-und-konsequenzen-der-digitalisierung\/"},"wordCount":219,"commentCount":0,"publisher":{"@id":"https:\/\/www.organisator.ch\/#organization"},"image":{"@id":"https:\/\/www.organisator.ch\/management\/it\/2016-04-01\/update-fuer-innovationen-und-konsequenzen-der-digitalisierung\/#primaryimage"},"thumbnailUrl":"https:\/\/www.organisator.ch\/wp-content\/uploads\/2016\/12\/Update-fuer-Innovationen-und-Konsequenzen-der-Digitalisierung-organisator.jpg","keywords":["Fachkongress\/Fachmesse","IT","IT &amp; Business Software"],"articleSection":["IT"],"inLanguage":"en-US"},{"@type":"WebPage","@id":"https:\/\/www.organisator.ch\/management\/it\/2016-04-01\/update-fuer-innovationen-und-konsequenzen-der-digitalisierung\/","url":"https:\/\/www.organisator.ch\/management\/it\/2016-04-01\/update-fuer-innovationen-und-konsequenzen-der-digitalisierung\/","name":"Update for innovations and consequences of digitalization - organizer","isPartOf":{"@id":"https:\/\/www.organisator.ch\/#website"},"primaryImageOfPage":{"@id":"https:\/\/www.organisator.ch\/management\/it\/2016-04-01\/update-fuer-innovationen-und-konsequenzen-der-digitalisierung\/#primaryimage"},"image":{"@id":"https:\/\/www.organisator.ch\/management\/it\/2016-04-01\/update-fuer-innovationen-und-konsequenzen-der-digitalisierung\/#primaryimage"},"thumbnailUrl":"https:\/\/www.organisator.ch\/wp-content\/uploads\/2016\/12\/Update-fuer-Innovationen-und-Konsequenzen-der-Digitalisierung-organisator.jpg","datePublished":"2016-04-01T06:57:39+00:00","description":"The update for innovations and consequences of digitalization is the Digital Economic Forum (DEF) on April 26 and 27, 2016 at the Park Hyatt in Zurich.","breadcrumb":{"@id":"https:\/\/www.organisator.ch\/management\/it\/2016-04-01\/update-fuer-innovationen-und-konsequenzen-der-digitalisierung\/#breadcrumb"},"inLanguage":"en-US","potentialAction":[{"@type":"ReadAction","target":["https:\/\/www.organisator.ch\/management\/it\/2016-04-01\/update-fuer-innovationen-und-konsequenzen-der-digitalisierung\/"]}]},{"@type":"ImageObject","inLanguage":"en-US","@id":"https:\/\/www.organisator.ch\/management\/it\/2016-04-01\/update-fuer-innovationen-und-konsequenzen-der-digitalisierung\/#primaryimage","url":"https:\/\/www.organisator.ch\/wp-content\/uploads\/2016\/12\/Update-fuer-Innovationen-und-Konsequenzen-der-Digitalisierung-organisator.jpg","contentUrl":"https:\/\/www.organisator.ch\/wp-content\/uploads\/2016\/12\/Update-fuer-Innovationen-und-Konsequenzen-der-Digitalisierung-organisator.jpg","width":1748,"height":2480,"caption":"Digital Economic Forum 2016"},{"@type":"BreadcrumbList","@id":"https:\/\/www.organisator.ch\/management\/it\/2016-04-01\/update-fuer-innovationen-und-konsequenzen-der-digitalisierung\/#breadcrumb","itemListElement":[{"@type":"ListItem","position":1,"name":"Home","item":"https:\/\/www.organisator.ch\/"},{"@type":"ListItem","position":2,"name":"Update f\u00fcr Innovationen und Konsequenzen der Digitalisierung"}]},{"@type":"WebSite","@id":"https:\/\/www.organisator.ch\/#website","url":"https:\/\/www.organisator.ch\/","name":"Organizer","description":"Competent. Practical. In 10 issues per year, ORGANISATOR presents the essential topics for managers of SMEs.","publisher":{"@id":"https:\/\/www.organisator.ch\/#organization"},"potentialAction":[{"@type":"SearchAction","target":{"@type":"EntryPoint","urlTemplate":"https:\/\/www.organisator.ch\/?s={search_term_string}"},"query-input":{"@type":"PropertyValueSpecification","valueRequired":true,"valueName":"search_term_string"}}],"inLanguage":"en-US"},{"@type":"Organization","@id":"https:\/\/www.organisator.ch\/#organization","name":"Organizer","url":"https:\/\/www.organisator.ch\/","logo":{"@type":"ImageObject","inLanguage":"en-US","@id":"https:\/\/www.organisator.ch\/#\/schema\/logo\/image\/","url":"https:\/\/www.organisator.ch\/wp-content\/uploads\/2022\/01\/Logo_Organisator_Website.png","contentUrl":"https:\/\/www.organisator.ch\/wp-content\/uploads\/2022\/01\/Logo_Organisator_Website.png","width":800,"height":77,"caption":"Organisator"},"image":{"@id":"https:\/\/www.organisator.ch\/#\/schema\/logo\/image\/"},"sameAs":["https:\/\/www.facebook.com\/OrganisatorFachmagazin","https:\/\/www.linkedin.com\/showcase\/organisator-das-magazin-fr-kmu","https:\/\/www.xing.com\/news\/pages\/organisator-ch-695","https:\/\/www.youtube.com\/channel\/UCGP2Sq0iWaZwT3BdIAQFYpw"]},{"@type":"Person","@id":"https:\/\/www.organisator.ch\/#\/schema\/person\/aa2bace6c5c5aad60102004a50c4eb1c","name":"admin","image":{"@type":"ImageObject","inLanguage":"en-US","@id":"https:\/\/secure.gravatar.com\/avatar\/ae2f4d718e6c49043e314ce431e7e645d646302a24a5ef5a8bc8e3f5a032e319?s=96&d=mm&r=g","url":"https:\/\/secure.gravatar.com\/avatar\/ae2f4d718e6c49043e314ce431e7e645d646302a24a5ef5a8bc8e3f5a032e319?s=96&d=mm&r=g","contentUrl":"https:\/\/secure.gravatar.com\/avatar\/ae2f4d718e6c49043e314ce431e7e645d646302a24a5ef5a8bc8e3f5a032e319?s=96&d=mm&r=g","caption":"admin"},"sameAs":["https:\/\/www.organisator.ch"],"url":"https:\/\/www.organisator.ch\/en\/author\/admin\/"}]}},"_links":{"self":[{"href":"https:\/\/www.organisator.ch\/en\/wp-json\/wp\/v2\/posts\/214","targetHints":{"allow":["GET"]}}],"collection":[{"href":"https:\/\/www.organisator.ch\/en\/wp-json\/wp\/v2\/posts"}],"about":[{"href":"https:\/\/www.organisator.ch\/en\/wp-json\/wp\/v2\/types\/post"}],"author":[{"embeddable":true,"href":"https:\/\/www.organisator.ch\/en\/wp-json\/wp\/v2\/users\/1"}],"replies":[{"embeddable":true,"href":"https:\/\/www.organisator.ch\/en\/wp-json\/wp\/v2\/comments?post=214"}],"version-history":[{"count":0,"href":"https:\/\/www.organisator.ch\/en\/wp-json\/wp\/v2\/posts\/214\/revisions"}],"wp:featuredmedia":[{"embeddable":true,"href":"https:\/\/www.organisator.ch\/en\/wp-json\/wp\/v2\/media\/215"}],"wp:attachment":[{"href":"https:\/\/www.organisator.ch\/en\/wp-json\/wp\/v2\/media?parent=214"}],"wp:term":[{"taxonomy":"category","embeddable":true,"href":"https:\/\/www.organisator.ch\/en\/wp-json\/wp\/v2\/categories?post=214"},{"taxonomy":"post_tag","embeddable":true,"href":"https:\/\/www.organisator.ch\/en\/wp-json\/wp\/v2\/tags?post=214"}],"curies":[{"name":"wp","href":"https:\/\/api.w.org\/{rel}","templated":true}]}}