{"id":21429,"date":"2023-08-22T13:39:59","date_gmt":"2023-08-22T11:39:59","guid":{"rendered":"https:\/\/www.organisator.ch\/?p=21429"},"modified":"2023-09-08T10:29:59","modified_gmt":"2023-09-08T08:29:59","slug":"berufsbildung-gen-z-will-gutes-arbeitsklima-sowie-wertschaetzung","status":"publish","type":"post","link":"https:\/\/www.organisator.ch\/en\/human-resources\/2023-08-22\/berufsbildung-gen-z-will-gutes-arbeitsklima-sowie-wertschaetzung\/","title":{"rendered":"Vocational training: Gen Z wants a good working atmosphere and appreciation"},"content":{"rendered":"<figure id=\"attachment_21430\" aria-describedby=\"caption-attachment-21430\" style=\"width: 680px\" class=\"wp-caption alignnone\"><img loading=\"lazy\" decoding=\"async\" class=\"size-full wp-image-21430\" src=\"https:\/\/www.organisator.ch\/wp-content\/uploads\/2023\/08\/Berufsbildung-Gen-Z-will-gutes-Arbeitsklima-sowie-Wertschaetzung_Organisator.jpg\" alt=\"\" width=\"680\" height=\"453\" srcset=\"https:\/\/www.organisator.ch\/wp-content\/uploads\/2023\/08\/Berufsbildung-Gen-Z-will-gutes-Arbeitsklima-sowie-Wertschaetzung_Organisator.jpg 680w, https:\/\/www.organisator.ch\/wp-content\/uploads\/2023\/08\/Berufsbildung-Gen-Z-will-gutes-Arbeitsklima-sowie-Wertschaetzung_Organisator-18x12.jpg 18w, https:\/\/www.organisator.ch\/wp-content\/uploads\/2023\/08\/Berufsbildung-Gen-Z-will-gutes-Arbeitsklima-sowie-Wertschaetzung_Organisator-375x250.jpg 375w, https:\/\/www.organisator.ch\/wp-content\/uploads\/2023\/08\/Berufsbildung-Gen-Z-will-gutes-Arbeitsklima-sowie-Wertschaetzung_Organisator-525x350.jpg 525w\" sizes=\"auto, (max-width: 680px) 100vw, 680px\" \/><figcaption id=\"caption-attachment-21430\" class=\"wp-caption-text\">SwissSkills 2022: Automatics in action. (Photo: SwissSkills\/Michael Zanghellini)<\/figcaption><\/figure>\n<p>As a result of demographic change and the shortage of skilled workers, competition for talented workers as well as motivated trainees has intensified dramatically. At the same time, the world of work is undergoing rapid change, which is also influencing Generation Z's expectations and needs of their employers. With the recently completed and Switzerland-wide representative study, SwissSkills aims to make an informative contribution to professional associations and employers. The search for qualified skilled workers and committed apprentices is increasingly one of the biggest challenges for the economy.<\/p>\n<h3><strong>The key findings - in three different areas<\/strong><\/h3>\n<p>The recruitment, development and retention of young talent were investigated. The findings of the study show that a good working atmosphere, the team, and colleagues are the most important reasons for both women (94%) and men (87%) when choosing an employer. Job search via traditional job advertisements ranks first for both genders (80%), followed by personal contacts (75%). Social media do not play a major role in the job search.<\/p>\n<p>In the development of young talent, by far the most important requirement for leaders is appreciation, as well as trust and respect (78% for women and 77% for men). Honesty and open communication are the second most important expectations of a manager for both women (65%) and men (61%).<\/p>\n<p>The three main reasons why young people leave a company are interpersonal; a poor working atmosphere (64%), lack of appreciation (62%) and dissatisfaction with the manager (41%) are hardly conducive to longer employee retention. Nevertheless, job security is an important need for both women (50%) and men (44%), even in times of low unemployment and increasing shortage of skilled workers.<\/p>\n<h3><strong>Representative for the whole of Switzerland and all industries<\/strong><\/h3>\n<p>The SwissSkills study was conducted in cooperation with Kitoko People. A total of 600 people between the ages of 17 and 27 throughout Switzerland were surveyed online. Of these, 460 were from German-speaking Switzerland, 100 from French-speaking Switzerland and 40 from Italian-speaking Switzerland. The survey sample covers a large part of the industries. The data was collected in the period from March 2023 to May 2023. The respondents were the SwissSkills Ambassadors and all participants of SwissSkills 2022, so the study is oriented towards the best professional talents in Switzerland.<\/p>\n<p><em>Source: <a href=\"http:\/\/www.swiss-skills.ch\">SwissSkills<\/a><\/em><\/p>","protected":false},"excerpt":{"rendered":"<p>SwissSkills has developed the representative study \"Gen Z's expectations of the world of work\". This examines the requirements and motives of the best professional talents and apprentices from all over Switzerland with regard to the world of work and their employers. The survey, which was conducted across all sectors in spring 2023, is now yielding interesting results. <\/p>","protected":false},"author":4,"featured_media":21430,"comment_status":"closed","ping_status":"closed","sticky":false,"template":"","format":"standard","meta":{"_acf_changed":false,"_yoast_wpseo_focuskw":"Arbeitsklima","_yoast_wpseo_metadesc":"Die Studie \u00abErwartungen der Gen Z an die Arbeitswelt\u00bb von SwissSkills zeigt: Arbeitsklima und Wertsch\u00e4tzung sind der Gen Z besonders wichtig.","articlekey":"","footnotes":""},"categories":[579],"tags":[73,254,459,2699],"class_list":["post-21429","post","type-post","status-publish","format-standard","has-post-thumbnail","hentry","category-human-resources","tag-berufsbildung","tag-hrm","tag-studie","tag-swissskills"],"acf":[],"yoast_head":"<!-- This site is optimized with the Yoast SEO plugin v27.5 - https:\/\/yoast.com\/product\/yoast-seo-wordpress\/ -->\n<title>Berufsbildung: Gen Z will gutes Arbeitsklima sowie Wertsch\u00e4tzung - Organisator<\/title>\n<meta name=\"description\" content=\"Die Studie \u00abErwartungen der Gen Z an die Arbeitswelt\u00bb von SwissSkills zeigt: Arbeitsklima und Wertsch\u00e4tzung sind der Gen Z besonders wichtig.\" \/>\n<meta name=\"robots\" content=\"index, follow, max-snippet:-1, max-image-preview:large, max-video-preview:-1\" \/>\n<link rel=\"canonical\" href=\"https:\/\/www.organisator.ch\/en\/human-resources\/2023-08-22\/berufsbildung-gen-z-will-gutes-arbeitsklima-sowie-wertschaetzung\/\" \/>\n<meta property=\"og:locale\" content=\"en_US\" \/>\n<meta property=\"og:type\" content=\"article\" \/>\n<meta property=\"og:title\" content=\"Berufsbildung: Gen Z will gutes Arbeitsklima sowie Wertsch\u00e4tzung\" \/>\n<meta property=\"og:description\" content=\"Die Studie \u00abErwartungen der Gen Z an die Arbeitswelt\u00bb von SwissSkills zeigt: Arbeitsklima und Wertsch\u00e4tzung sind der Gen Z besonders wichtig.\" \/>\n<meta property=\"og:url\" content=\"https:\/\/www.organisator.ch\/en\/human-resources\/2023-08-22\/berufsbildung-gen-z-will-gutes-arbeitsklima-sowie-wertschaetzung\/\" \/>\n<meta property=\"og:site_name\" content=\"Organisator\" \/>\n<meta property=\"article:publisher\" content=\"https:\/\/www.facebook.com\/OrganisatorFachmagazin\" \/>\n<meta property=\"article:published_time\" content=\"2023-08-22T11:39:59+00:00\" \/>\n<meta property=\"article:modified_time\" content=\"2023-09-08T08:29:59+00:00\" \/>\n<meta property=\"og:image\" content=\"https:\/\/www.organisator.ch\/wp-content\/uploads\/2023\/08\/Berufsbildung-Gen-Z-will-gutes-Arbeitsklima-sowie-Wertschaetzung_Organisator.jpg\" \/>\n\t<meta property=\"og:image:width\" content=\"680\" \/>\n\t<meta property=\"og:image:height\" content=\"453\" \/>\n\t<meta property=\"og:image:type\" content=\"image\/jpeg\" \/>\n<meta name=\"author\" content=\"thomas.berner\" \/>\n<meta name=\"twitter:card\" content=\"summary_large_image\" \/>\n<meta name=\"twitter:title\" content=\"#Berufsbildung: Gen Z will gutes #Arbeitsklima sowie #Wertsch\u00e4tzung\" \/>\n<meta name=\"twitter:description\" content=\"Die Studie \u00abErwartungen der Gen Z an die Arbeitswelt\u00bb von #SwissSkills zeigt: #Arbeitsklima und #Wertsch\u00e4tzung sind der Gen Z besonders wichtig.\" \/>\n<meta name=\"twitter:image\" content=\"https:\/\/www.organisator.ch\/wp-content\/uploads\/2023\/08\/Berufsbildung-Gen-Z-will-gutes-Arbeitsklima-sowie-Wertschaetzung_Organisator.jpg\" \/>\n<script type=\"application\/ld+json\" class=\"yoast-schema-graph\">{\"@context\":\"https:\\\/\\\/schema.org\",\"@graph\":[{\"@type\":\"Article\",\"@id\":\"https:\\\/\\\/www.organisator.ch\\\/human-resources\\\/2023-08-22\\\/berufsbildung-gen-z-will-gutes-arbeitsklima-sowie-wertschaetzung\\\/#article\",\"isPartOf\":{\"@id\":\"https:\\\/\\\/www.organisator.ch\\\/human-resources\\\/2023-08-22\\\/berufsbildung-gen-z-will-gutes-arbeitsklima-sowie-wertschaetzung\\\/\"},\"author\":{\"name\":\"thomas.berner\",\"@id\":\"https:\\\/\\\/www.organisator.ch\\\/#\\\/schema\\\/person\\\/6f650f90b2842cd4c0cc334b4e36f67e\"},\"headline\":\"Berufsbildung: Gen Z will gutes Arbeitsklima sowie Wertsch\u00e4tzung\",\"datePublished\":\"2023-08-22T11:39:59+00:00\",\"dateModified\":\"2023-09-08T08:29:59+00:00\",\"mainEntityOfPage\":{\"@id\":\"https:\\\/\\\/www.organisator.ch\\\/human-resources\\\/2023-08-22\\\/berufsbildung-gen-z-will-gutes-arbeitsklima-sowie-wertschaetzung\\\/\"},\"wordCount\":403,\"publisher\":{\"@id\":\"https:\\\/\\\/www.organisator.ch\\\/#organization\"},\"image\":{\"@id\":\"https:\\\/\\\/www.organisator.ch\\\/human-resources\\\/2023-08-22\\\/berufsbildung-gen-z-will-gutes-arbeitsklima-sowie-wertschaetzung\\\/#primaryimage\"},\"thumbnailUrl\":\"https:\\\/\\\/www.organisator.ch\\\/wp-content\\\/uploads\\\/2023\\\/08\\\/Berufsbildung-Gen-Z-will-gutes-Arbeitsklima-sowie-Wertschaetzung_Organisator.jpg\",\"keywords\":[\"Berufsbildung\",\"HRM\",\"Studie\",\"SwissSkills\"],\"articleSection\":[\"HUMAN RESOURCES\"],\"inLanguage\":\"en-US\"},{\"@type\":\"WebPage\",\"@id\":\"https:\\\/\\\/www.organisator.ch\\\/human-resources\\\/2023-08-22\\\/berufsbildung-gen-z-will-gutes-arbeitsklima-sowie-wertschaetzung\\\/\",\"url\":\"https:\\\/\\\/www.organisator.ch\\\/human-resources\\\/2023-08-22\\\/berufsbildung-gen-z-will-gutes-arbeitsklima-sowie-wertschaetzung\\\/\",\"name\":\"Berufsbildung: Gen Z will gutes Arbeitsklima sowie Wertsch\u00e4tzung - Organisator\",\"isPartOf\":{\"@id\":\"https:\\\/\\\/www.organisator.ch\\\/#website\"},\"primaryImageOfPage\":{\"@id\":\"https:\\\/\\\/www.organisator.ch\\\/human-resources\\\/2023-08-22\\\/berufsbildung-gen-z-will-gutes-arbeitsklima-sowie-wertschaetzung\\\/#primaryimage\"},\"image\":{\"@id\":\"https:\\\/\\\/www.organisator.ch\\\/human-resources\\\/2023-08-22\\\/berufsbildung-gen-z-will-gutes-arbeitsklima-sowie-wertschaetzung\\\/#primaryimage\"},\"thumbnailUrl\":\"https:\\\/\\\/www.organisator.ch\\\/wp-content\\\/uploads\\\/2023\\\/08\\\/Berufsbildung-Gen-Z-will-gutes-Arbeitsklima-sowie-Wertschaetzung_Organisator.jpg\",\"datePublished\":\"2023-08-22T11:39:59+00:00\",\"dateModified\":\"2023-09-08T08:29:59+00:00\",\"description\":\"Die Studie \u00abErwartungen der Gen Z an die Arbeitswelt\u00bb von SwissSkills zeigt: Arbeitsklima und Wertsch\u00e4tzung sind der Gen Z besonders wichtig.\",\"breadcrumb\":{\"@id\":\"https:\\\/\\\/www.organisator.ch\\\/human-resources\\\/2023-08-22\\\/berufsbildung-gen-z-will-gutes-arbeitsklima-sowie-wertschaetzung\\\/#breadcrumb\"},\"inLanguage\":\"en-US\",\"potentialAction\":[{\"@type\":\"ReadAction\",\"target\":[\"https:\\\/\\\/www.organisator.ch\\\/human-resources\\\/2023-08-22\\\/berufsbildung-gen-z-will-gutes-arbeitsklima-sowie-wertschaetzung\\\/\"]}]},{\"@type\":\"ImageObject\",\"inLanguage\":\"en-US\",\"@id\":\"https:\\\/\\\/www.organisator.ch\\\/human-resources\\\/2023-08-22\\\/berufsbildung-gen-z-will-gutes-arbeitsklima-sowie-wertschaetzung\\\/#primaryimage\",\"url\":\"https:\\\/\\\/www.organisator.ch\\\/wp-content\\\/uploads\\\/2023\\\/08\\\/Berufsbildung-Gen-Z-will-gutes-Arbeitsklima-sowie-Wertschaetzung_Organisator.jpg\",\"contentUrl\":\"https:\\\/\\\/www.organisator.ch\\\/wp-content\\\/uploads\\\/2023\\\/08\\\/Berufsbildung-Gen-Z-will-gutes-Arbeitsklima-sowie-Wertschaetzung_Organisator.jpg\",\"width\":680,\"height\":453,\"caption\":\"SwissSkills 2022: Automatiker im Einsatz. (Foto: SwissSkills\\\/Michael Zanghellini)\"},{\"@type\":\"BreadcrumbList\",\"@id\":\"https:\\\/\\\/www.organisator.ch\\\/human-resources\\\/2023-08-22\\\/berufsbildung-gen-z-will-gutes-arbeitsklima-sowie-wertschaetzung\\\/#breadcrumb\",\"itemListElement\":[{\"@type\":\"ListItem\",\"position\":1,\"name\":\"Home\",\"item\":\"https:\\\/\\\/www.organisator.ch\\\/\"},{\"@type\":\"ListItem\",\"position\":2,\"name\":\"Berufsbildung: Gen Z will gutes Arbeitsklima sowie Wertsch\u00e4tzung\"}]},{\"@type\":\"WebSite\",\"@id\":\"https:\\\/\\\/www.organisator.ch\\\/#website\",\"url\":\"https:\\\/\\\/www.organisator.ch\\\/\",\"name\":\"Organisator\",\"description\":\"Kompetent. Praxisnah. Der ORGANISATOR bereitet in 10 Ausgaben pro Jahr die wesentlichen Themen f\u00fcr F\u00fchrungskr\u00e4fte von KMU auf.\",\"publisher\":{\"@id\":\"https:\\\/\\\/www.organisator.ch\\\/#organization\"},\"potentialAction\":[{\"@type\":\"SearchAction\",\"target\":{\"@type\":\"EntryPoint\",\"urlTemplate\":\"https:\\\/\\\/www.organisator.ch\\\/?s={search_term_string}\"},\"query-input\":{\"@type\":\"PropertyValueSpecification\",\"valueRequired\":true,\"valueName\":\"search_term_string\"}}],\"inLanguage\":\"en-US\"},{\"@type\":\"Organization\",\"@id\":\"https:\\\/\\\/www.organisator.ch\\\/#organization\",\"name\":\"Organisator\",\"url\":\"https:\\\/\\\/www.organisator.ch\\\/\",\"logo\":{\"@type\":\"ImageObject\",\"inLanguage\":\"en-US\",\"@id\":\"https:\\\/\\\/www.organisator.ch\\\/#\\\/schema\\\/logo\\\/image\\\/\",\"url\":\"https:\\\/\\\/www.organisator.ch\\\/wp-content\\\/uploads\\\/2022\\\/01\\\/Logo_Organisator_Website.png\",\"contentUrl\":\"https:\\\/\\\/www.organisator.ch\\\/wp-content\\\/uploads\\\/2022\\\/01\\\/Logo_Organisator_Website.png\",\"width\":800,\"height\":77,\"caption\":\"Organisator\"},\"image\":{\"@id\":\"https:\\\/\\\/www.organisator.ch\\\/#\\\/schema\\\/logo\\\/image\\\/\"},\"sameAs\":[\"https:\\\/\\\/www.facebook.com\\\/OrganisatorFachmagazin\",\"https:\\\/\\\/www.linkedin.com\\\/showcase\\\/organisator-das-magazin-fr-kmu\",\"https:\\\/\\\/www.xing.com\\\/news\\\/pages\\\/organisator-ch-695\",\"https:\\\/\\\/www.youtube.com\\\/channel\\\/UCGP2Sq0iWaZwT3BdIAQFYpw\"]},{\"@type\":\"Person\",\"@id\":\"https:\\\/\\\/www.organisator.ch\\\/#\\\/schema\\\/person\\\/6f650f90b2842cd4c0cc334b4e36f67e\",\"name\":\"thomas.berner\",\"image\":{\"@type\":\"ImageObject\",\"inLanguage\":\"en-US\",\"@id\":\"https:\\\/\\\/secure.gravatar.com\\\/avatar\\\/ac5001d2a36cb6c6cd3e50789007ffca834b477b74a2144564522e944eabff61?s=96&d=mm&r=g\",\"url\":\"https:\\\/\\\/secure.gravatar.com\\\/avatar\\\/ac5001d2a36cb6c6cd3e50789007ffca834b477b74a2144564522e944eabff61?s=96&d=mm&r=g\",\"contentUrl\":\"https:\\\/\\\/secure.gravatar.com\\\/avatar\\\/ac5001d2a36cb6c6cd3e50789007ffca834b477b74a2144564522e944eabff61?s=96&d=mm&r=g\",\"caption\":\"thomas.berner\"},\"url\":\"https:\\\/\\\/www.organisator.ch\\\/en\\\/author\\\/thomas-berner\\\/\"}]}<\/script>\n<!-- \/ Yoast SEO plugin. -->","yoast_head_json":{"title":"Vocational training: Gen Z wants a good working atmosphere and appreciation - Organizer","description":"The study \"Gen Z's expectations of the working world\" by SwissSkills shows: Work climate and appreciation are particularly important to Gen Z.","robots":{"index":"index","follow":"follow","max-snippet":"max-snippet:-1","max-image-preview":"max-image-preview:large","max-video-preview":"max-video-preview:-1"},"canonical":"https:\/\/www.organisator.ch\/en\/human-resources\/2023-08-22\/berufsbildung-gen-z-will-gutes-arbeitsklima-sowie-wertschaetzung\/","og_locale":"en_US","og_type":"article","og_title":"Berufsbildung: Gen Z will gutes Arbeitsklima sowie Wertsch\u00e4tzung","og_description":"Die Studie \u00abErwartungen der Gen Z an die Arbeitswelt\u00bb von SwissSkills zeigt: Arbeitsklima und Wertsch\u00e4tzung sind der Gen Z besonders wichtig.","og_url":"https:\/\/www.organisator.ch\/en\/human-resources\/2023-08-22\/berufsbildung-gen-z-will-gutes-arbeitsklima-sowie-wertschaetzung\/","og_site_name":"Organisator","article_publisher":"https:\/\/www.facebook.com\/OrganisatorFachmagazin","article_published_time":"2023-08-22T11:39:59+00:00","article_modified_time":"2023-09-08T08:29:59+00:00","og_image":[{"width":680,"height":453,"url":"https:\/\/www.organisator.ch\/wp-content\/uploads\/2023\/08\/Berufsbildung-Gen-Z-will-gutes-Arbeitsklima-sowie-Wertschaetzung_Organisator.jpg","type":"image\/jpeg"}],"author":"thomas.berner","twitter_card":"summary_large_image","twitter_title":"#Berufsbildung: Gen Z will gutes #Arbeitsklima sowie #Wertsch\u00e4tzung","twitter_description":"Die Studie \u00abErwartungen der Gen Z an die Arbeitswelt\u00bb von #SwissSkills zeigt: #Arbeitsklima und #Wertsch\u00e4tzung sind der Gen Z besonders wichtig.","twitter_image":"https:\/\/www.organisator.ch\/wp-content\/uploads\/2023\/08\/Berufsbildung-Gen-Z-will-gutes-Arbeitsklima-sowie-Wertschaetzung_Organisator.jpg","schema":{"@context":"https:\/\/schema.org","@graph":[{"@type":"Article","@id":"https:\/\/www.organisator.ch\/human-resources\/2023-08-22\/berufsbildung-gen-z-will-gutes-arbeitsklima-sowie-wertschaetzung\/#article","isPartOf":{"@id":"https:\/\/www.organisator.ch\/human-resources\/2023-08-22\/berufsbildung-gen-z-will-gutes-arbeitsklima-sowie-wertschaetzung\/"},"author":{"name":"thomas.berner","@id":"https:\/\/www.organisator.ch\/#\/schema\/person\/6f650f90b2842cd4c0cc334b4e36f67e"},"headline":"Berufsbildung: Gen Z will gutes Arbeitsklima sowie Wertsch\u00e4tzung","datePublished":"2023-08-22T11:39:59+00:00","dateModified":"2023-09-08T08:29:59+00:00","mainEntityOfPage":{"@id":"https:\/\/www.organisator.ch\/human-resources\/2023-08-22\/berufsbildung-gen-z-will-gutes-arbeitsklima-sowie-wertschaetzung\/"},"wordCount":403,"publisher":{"@id":"https:\/\/www.organisator.ch\/#organization"},"image":{"@id":"https:\/\/www.organisator.ch\/human-resources\/2023-08-22\/berufsbildung-gen-z-will-gutes-arbeitsklima-sowie-wertschaetzung\/#primaryimage"},"thumbnailUrl":"https:\/\/www.organisator.ch\/wp-content\/uploads\/2023\/08\/Berufsbildung-Gen-Z-will-gutes-Arbeitsklima-sowie-Wertschaetzung_Organisator.jpg","keywords":["Berufsbildung","HRM","Studie","SwissSkills"],"articleSection":["HUMAN RESOURCES"],"inLanguage":"en-US"},{"@type":"WebPage","@id":"https:\/\/www.organisator.ch\/human-resources\/2023-08-22\/berufsbildung-gen-z-will-gutes-arbeitsklima-sowie-wertschaetzung\/","url":"https:\/\/www.organisator.ch\/human-resources\/2023-08-22\/berufsbildung-gen-z-will-gutes-arbeitsklima-sowie-wertschaetzung\/","name":"Vocational training: Gen Z wants a good working atmosphere and appreciation - Organizer","isPartOf":{"@id":"https:\/\/www.organisator.ch\/#website"},"primaryImageOfPage":{"@id":"https:\/\/www.organisator.ch\/human-resources\/2023-08-22\/berufsbildung-gen-z-will-gutes-arbeitsklima-sowie-wertschaetzung\/#primaryimage"},"image":{"@id":"https:\/\/www.organisator.ch\/human-resources\/2023-08-22\/berufsbildung-gen-z-will-gutes-arbeitsklima-sowie-wertschaetzung\/#primaryimage"},"thumbnailUrl":"https:\/\/www.organisator.ch\/wp-content\/uploads\/2023\/08\/Berufsbildung-Gen-Z-will-gutes-Arbeitsklima-sowie-Wertschaetzung_Organisator.jpg","datePublished":"2023-08-22T11:39:59+00:00","dateModified":"2023-09-08T08:29:59+00:00","description":"The study \"Gen Z's expectations of the working world\" by SwissSkills shows: Work climate and appreciation are particularly important to Gen Z.","breadcrumb":{"@id":"https:\/\/www.organisator.ch\/human-resources\/2023-08-22\/berufsbildung-gen-z-will-gutes-arbeitsklima-sowie-wertschaetzung\/#breadcrumb"},"inLanguage":"en-US","potentialAction":[{"@type":"ReadAction","target":["https:\/\/www.organisator.ch\/human-resources\/2023-08-22\/berufsbildung-gen-z-will-gutes-arbeitsklima-sowie-wertschaetzung\/"]}]},{"@type":"ImageObject","inLanguage":"en-US","@id":"https:\/\/www.organisator.ch\/human-resources\/2023-08-22\/berufsbildung-gen-z-will-gutes-arbeitsklima-sowie-wertschaetzung\/#primaryimage","url":"https:\/\/www.organisator.ch\/wp-content\/uploads\/2023\/08\/Berufsbildung-Gen-Z-will-gutes-Arbeitsklima-sowie-Wertschaetzung_Organisator.jpg","contentUrl":"https:\/\/www.organisator.ch\/wp-content\/uploads\/2023\/08\/Berufsbildung-Gen-Z-will-gutes-Arbeitsklima-sowie-Wertschaetzung_Organisator.jpg","width":680,"height":453,"caption":"SwissSkills 2022: Automatiker im Einsatz. (Foto: SwissSkills\/Michael Zanghellini)"},{"@type":"BreadcrumbList","@id":"https:\/\/www.organisator.ch\/human-resources\/2023-08-22\/berufsbildung-gen-z-will-gutes-arbeitsklima-sowie-wertschaetzung\/#breadcrumb","itemListElement":[{"@type":"ListItem","position":1,"name":"Home","item":"https:\/\/www.organisator.ch\/"},{"@type":"ListItem","position":2,"name":"Berufsbildung: Gen Z will gutes Arbeitsklima sowie Wertsch\u00e4tzung"}]},{"@type":"WebSite","@id":"https:\/\/www.organisator.ch\/#website","url":"https:\/\/www.organisator.ch\/","name":"Organizer","description":"Competent. Practical. In 10 issues per year, ORGANISATOR presents the essential topics for managers of SMEs.","publisher":{"@id":"https:\/\/www.organisator.ch\/#organization"},"potentialAction":[{"@type":"SearchAction","target":{"@type":"EntryPoint","urlTemplate":"https:\/\/www.organisator.ch\/?s={search_term_string}"},"query-input":{"@type":"PropertyValueSpecification","valueRequired":true,"valueName":"search_term_string"}}],"inLanguage":"en-US"},{"@type":"Organization","@id":"https:\/\/www.organisator.ch\/#organization","name":"Organizer","url":"https:\/\/www.organisator.ch\/","logo":{"@type":"ImageObject","inLanguage":"en-US","@id":"https:\/\/www.organisator.ch\/#\/schema\/logo\/image\/","url":"https:\/\/www.organisator.ch\/wp-content\/uploads\/2022\/01\/Logo_Organisator_Website.png","contentUrl":"https:\/\/www.organisator.ch\/wp-content\/uploads\/2022\/01\/Logo_Organisator_Website.png","width":800,"height":77,"caption":"Organisator"},"image":{"@id":"https:\/\/www.organisator.ch\/#\/schema\/logo\/image\/"},"sameAs":["https:\/\/www.facebook.com\/OrganisatorFachmagazin","https:\/\/www.linkedin.com\/showcase\/organisator-das-magazin-fr-kmu","https:\/\/www.xing.com\/news\/pages\/organisator-ch-695","https:\/\/www.youtube.com\/channel\/UCGP2Sq0iWaZwT3BdIAQFYpw"]},{"@type":"Person","@id":"https:\/\/www.organisator.ch\/#\/schema\/person\/6f650f90b2842cd4c0cc334b4e36f67e","name":"thomas.berner","image":{"@type":"ImageObject","inLanguage":"en-US","@id":"https:\/\/secure.gravatar.com\/avatar\/ac5001d2a36cb6c6cd3e50789007ffca834b477b74a2144564522e944eabff61?s=96&d=mm&r=g","url":"https:\/\/secure.gravatar.com\/avatar\/ac5001d2a36cb6c6cd3e50789007ffca834b477b74a2144564522e944eabff61?s=96&d=mm&r=g","contentUrl":"https:\/\/secure.gravatar.com\/avatar\/ac5001d2a36cb6c6cd3e50789007ffca834b477b74a2144564522e944eabff61?s=96&d=mm&r=g","caption":"thomas.berner"},"url":"https:\/\/www.organisator.ch\/en\/author\/thomas-berner\/"}]}},"_links":{"self":[{"href":"https:\/\/www.organisator.ch\/en\/wp-json\/wp\/v2\/posts\/21429","targetHints":{"allow":["GET"]}}],"collection":[{"href":"https:\/\/www.organisator.ch\/en\/wp-json\/wp\/v2\/posts"}],"about":[{"href":"https:\/\/www.organisator.ch\/en\/wp-json\/wp\/v2\/types\/post"}],"author":[{"embeddable":true,"href":"https:\/\/www.organisator.ch\/en\/wp-json\/wp\/v2\/users\/4"}],"replies":[{"embeddable":true,"href":"https:\/\/www.organisator.ch\/en\/wp-json\/wp\/v2\/comments?post=21429"}],"version-history":[{"count":1,"href":"https:\/\/www.organisator.ch\/en\/wp-json\/wp\/v2\/posts\/21429\/revisions"}],"predecessor-version":[{"id":21431,"href":"https:\/\/www.organisator.ch\/en\/wp-json\/wp\/v2\/posts\/21429\/revisions\/21431"}],"wp:featuredmedia":[{"embeddable":true,"href":"https:\/\/www.organisator.ch\/en\/wp-json\/wp\/v2\/media\/21430"}],"wp:attachment":[{"href":"https:\/\/www.organisator.ch\/en\/wp-json\/wp\/v2\/media?parent=21429"}],"wp:term":[{"taxonomy":"category","embeddable":true,"href":"https:\/\/www.organisator.ch\/en\/wp-json\/wp\/v2\/categories?post=21429"},{"taxonomy":"post_tag","embeddable":true,"href":"https:\/\/www.organisator.ch\/en\/wp-json\/wp\/v2\/tags?post=21429"}],"curies":[{"name":"wp","href":"https:\/\/api.w.org\/{rel}","templated":true}]}}