{"id":21445,"date":"2023-08-24T11:20:04","date_gmt":"2023-08-24T09:20:04","guid":{"rendered":"https:\/\/www.organisator.ch\/?p=21445"},"modified":"2023-08-24T11:20:04","modified_gmt":"2023-08-24T09:20:04","slug":"die-kmu-der-mem-branche-setzen-auf-ausbildung","status":"publish","type":"post","link":"https:\/\/www.organisator.ch\/en\/management\/2023-08-24\/die-kmu-der-mem-branche-setzen-auf-ausbildung\/","title":{"rendered":"SMEs in the MEM sector focus on training"},"content":{"rendered":"<figure id=\"attachment_21446\" aria-describedby=\"caption-attachment-21446\" style=\"width: 680px\" class=\"wp-caption alignnone\"><img loading=\"lazy\" decoding=\"async\" class=\"size-full wp-image-21446\" src=\"https:\/\/www.organisator.ch\/wp-content\/uploads\/2023\/08\/Die-KMU-der-MEM-Branche-setzen-auf-Ausbildung_Organisator.jpg\" alt=\"\" width=\"680\" height=\"672\" srcset=\"https:\/\/www.organisator.ch\/wp-content\/uploads\/2023\/08\/Die-KMU-der-MEM-Branche-setzen-auf-Ausbildung_Organisator.jpg 680w, https:\/\/www.organisator.ch\/wp-content\/uploads\/2023\/08\/Die-KMU-der-MEM-Branche-setzen-auf-Ausbildung_Organisator-12x12.jpg 12w, https:\/\/www.organisator.ch\/wp-content\/uploads\/2023\/08\/Die-KMU-der-MEM-Branche-setzen-auf-Ausbildung_Organisator-304x300.jpg 304w, https:\/\/www.organisator.ch\/wp-content\/uploads\/2023\/08\/Die-KMU-der-MEM-Branche-setzen-auf-Ausbildung_Organisator-354x350.jpg 354w\" sizes=\"auto, (max-width: 680px) 100vw, 680px\" \/><figcaption id=\"caption-attachment-21446\" class=\"wp-caption-text\">The biggest challenges currently facing MEM SMEs: The shortage of labor is being countered with training. (Source: BAK Economics, quarterly survey Swissmechanic)<\/figcaption><\/figure>\n<p>SMEs in the MEM sector are no longer optimistic in July 2023 for the first time this year: A slim majority of 54 percent consider the current business climate to be rather or very unfavorable. \"This means that the Swissmechanic SME-MEM business climate index slips slightly into the red for the first time this year,\" Swissmechanic director J\u00fcrg Marti notes. The 182 SMEs that participated in the latest quarterly survey report declining orders, sales and margins. Only the increase in personnel is continuing at a slower pace. The shortage of labor again emerged as the biggest challenge in the second quarter, ahead of the exchange rate, the lack of orders, energy prices and supply chain problems (see chart).<\/p>\n<h3>Weak exports, slowing monetary policy<\/h3>\n<p>A number of negative factors on both the demand and supply sides have led to the current low in sentiment. The most important aspects are the weak external economic environment, geopolitical uncertainty, still relatively high energy prices, the strong Swiss franc and monetary tightening, which is leading to higher interest rates and more restrictive lending, which is hampering investment.<\/p>\n<p>Because the most important trading partners Europe, the USA and China are themselves suffering from an economic slowdown, exports from the MEM sector fell in the second quarter of 2023 compared with the same quarter of the previous year for the first time in more than two years. This negative trend was confirmed in July.<\/p>\n<h3>Strongly committed to training<\/h3>\n<p>\"Even though our companies were able to stabilize production capacity utilization in the second quarter, the challenges facing the MEM sector are considerable,\" comments Swissmechanic Director J\u00fcrg Marti. The shortage of labor was mentioned most frequently in the survey, namely by 54 percent of the companies (see figure). Around three quarters of these companies were unable to fill their vacancies in the last three months. This shortage is most pronounced in the technical professions, especially among employees with the training profile \"Berufsbildung Sek. II\".<\/p>\n<p>Swissmechanic is countering this labor shortage with its strong commitment to basic education. The more than 1,200 member companies, which employ an average of 55 people, currently train around 6,000 apprentices. \"The regional anchoring of our 13 sections, which in turn operate 14 of their own training centers for inter-company courses, is one of the great strengths of our association,\" J\u00fcrg Marti emphasizes.<\/p>\n<h3>No recession expectations<\/h3>\n<p>On a positive note for SME-MEM, the realignment of energy supply, for example, is making rapid progress following the discontinuation of Russian raw material supplies. Global supply chains have also normalized and there are increasing signs that inflationary pressure is easing significantly.<\/p>\n<p>Even though the coming months are likely to remain challenging, BAK Economics therefore does not anticipate a recession in the MEM sector. BAK Economics expects the MEM economy to be merely subdued in the current year, as in the economy as a whole. Job creation in the MEM sector is likely to continue (at a slower pace). The outlook for next year is slightly better.<\/p>\n<p><em>Source: <a href=\"http:\/\/www.swissmechanic.ch\">Swissmechanic<\/a><\/em><\/p>","protected":false},"excerpt":{"rendered":"<p>Sentiment among SMEs in the mechanical, electrical and metal engineering (MEM) sector clouded over in the second quarter. According to the latest survey by Swissmechanic Switzerland, order intake, sales and margins are under pressure. The association of more than 1,200 companies is countering what remains the biggest challenge, the shortage of labor, with basic training that is strongly anchored in the region. <\/p>","protected":false},"author":4,"featured_media":21446,"comment_status":"closed","ping_status":"closed","sticky":false,"template":"","format":"standard","meta":{"_acf_changed":false,"_yoast_wpseo_focuskw":"Ausbildung","_yoast_wpseo_metadesc":"Der nach wie vor gr\u00f6ssten Herausforderung von MEM-KMU, dem Arbeitskr\u00e4ftemangel, begegnet der Verband Swissmechanic mit mehr Ausbildung.","articlekey":"","footnotes":""},"categories":[28],"tags":[62,2712,492,3897],"class_list":["post-21445","post","type-post","status-publish","format-standard","has-post-thumbnail","hentry","category-management","tag-aus-weiterbildung","tag-mem-branche","tag-unternehmen","tag-wirtschaftsbarometer"],"acf":[],"yoast_head":"<!-- This site is optimized with the Yoast SEO plugin v27.5 - https:\/\/yoast.com\/product\/yoast-seo-wordpress\/ -->\n<title>Die KMU der MEM-Branche setzen auf Ausbildung - Organisator<\/title>\n<meta name=\"description\" content=\"Der nach wie vor gr\u00f6ssten Herausforderung von MEM-KMU, dem Arbeitskr\u00e4ftemangel, begegnet der Verband Swissmechanic mit mehr Ausbildung.\" \/>\n<meta name=\"robots\" content=\"index, follow, max-snippet:-1, max-image-preview:large, max-video-preview:-1\" \/>\n<link rel=\"canonical\" href=\"https:\/\/www.organisator.ch\/en\/management\/2023-08-24\/die-kmu-der-mem-branche-setzen-auf-ausbildung\/\" \/>\n<meta property=\"og:locale\" content=\"en_US\" \/>\n<meta property=\"og:type\" content=\"article\" \/>\n<meta property=\"og:title\" content=\"Die KMU der MEM-Branche setzen auf Ausbildung\" \/>\n<meta property=\"og:description\" content=\"Der nach wie vor gr\u00f6ssten Herausforderung von MEM-KMU, dem Arbeitskr\u00e4ftemangel, begegnet der Verband Swissmechanic mit mehr Ausbildung.\" \/>\n<meta property=\"og:url\" content=\"https:\/\/www.organisator.ch\/en\/management\/2023-08-24\/die-kmu-der-mem-branche-setzen-auf-ausbildung\/\" \/>\n<meta property=\"og:site_name\" content=\"Organisator\" \/>\n<meta property=\"article:publisher\" content=\"https:\/\/www.facebook.com\/OrganisatorFachmagazin\" \/>\n<meta property=\"article:published_time\" content=\"2023-08-24T09:20:04+00:00\" \/>\n<meta property=\"og:image\" content=\"https:\/\/www.organisator.ch\/wp-content\/uploads\/2023\/08\/Die-KMU-der-MEM-Branche-setzen-auf-Ausbildung_Organisator.jpg\" \/>\n\t<meta property=\"og:image:width\" content=\"680\" \/>\n\t<meta property=\"og:image:height\" content=\"672\" \/>\n\t<meta property=\"og:image:type\" content=\"image\/jpeg\" \/>\n<meta name=\"author\" content=\"thomas.berner\" \/>\n<meta name=\"twitter:card\" content=\"summary_large_image\" \/>\n<meta name=\"twitter:title\" content=\"Die KMU der #MEM-Branche setzen auf #Ausbildung\" \/>\n<meta name=\"twitter:description\" content=\"Der nach wie vor gr\u00f6ssten Herausforderung von #MEM-KMU, dem #Arbeitskr\u00e4ftemangel, begegnet der Verband #Swissmechanic mit mehr Ausbildung.\" \/>\n<meta name=\"twitter:image\" content=\"https:\/\/www.organisator.ch\/wp-content\/uploads\/2023\/08\/Die-KMU-der-MEM-Branche-setzen-auf-Ausbildung_Organisator.jpg\" \/>\n<script type=\"application\/ld+json\" class=\"yoast-schema-graph\">{\"@context\":\"https:\\\/\\\/schema.org\",\"@graph\":[{\"@type\":\"Article\",\"@id\":\"https:\\\/\\\/www.organisator.ch\\\/management\\\/2023-08-24\\\/die-kmu-der-mem-branche-setzen-auf-ausbildung\\\/#article\",\"isPartOf\":{\"@id\":\"https:\\\/\\\/www.organisator.ch\\\/management\\\/2023-08-24\\\/die-kmu-der-mem-branche-setzen-auf-ausbildung\\\/\"},\"author\":{\"name\":\"thomas.berner\",\"@id\":\"https:\\\/\\\/www.organisator.ch\\\/#\\\/schema\\\/person\\\/6f650f90b2842cd4c0cc334b4e36f67e\"},\"headline\":\"Die KMU der MEM-Branche setzen auf Ausbildung\",\"datePublished\":\"2023-08-24T09:20:04+00:00\",\"mainEntityOfPage\":{\"@id\":\"https:\\\/\\\/www.organisator.ch\\\/management\\\/2023-08-24\\\/die-kmu-der-mem-branche-setzen-auf-ausbildung\\\/\"},\"wordCount\":496,\"publisher\":{\"@id\":\"https:\\\/\\\/www.organisator.ch\\\/#organization\"},\"image\":{\"@id\":\"https:\\\/\\\/www.organisator.ch\\\/management\\\/2023-08-24\\\/die-kmu-der-mem-branche-setzen-auf-ausbildung\\\/#primaryimage\"},\"thumbnailUrl\":\"https:\\\/\\\/www.organisator.ch\\\/wp-content\\\/uploads\\\/2023\\\/08\\\/Die-KMU-der-MEM-Branche-setzen-auf-Ausbildung_Organisator.jpg\",\"keywords\":[\"Aus-\\\/Weiterbildung\",\"MEM-Branche\",\"Unternehmen\",\"Wirtschaftsbarometer\"],\"articleSection\":[\"MANAGEMENT\"],\"inLanguage\":\"en-US\"},{\"@type\":\"WebPage\",\"@id\":\"https:\\\/\\\/www.organisator.ch\\\/management\\\/2023-08-24\\\/die-kmu-der-mem-branche-setzen-auf-ausbildung\\\/\",\"url\":\"https:\\\/\\\/www.organisator.ch\\\/management\\\/2023-08-24\\\/die-kmu-der-mem-branche-setzen-auf-ausbildung\\\/\",\"name\":\"Die KMU der MEM-Branche setzen auf Ausbildung - Organisator\",\"isPartOf\":{\"@id\":\"https:\\\/\\\/www.organisator.ch\\\/#website\"},\"primaryImageOfPage\":{\"@id\":\"https:\\\/\\\/www.organisator.ch\\\/management\\\/2023-08-24\\\/die-kmu-der-mem-branche-setzen-auf-ausbildung\\\/#primaryimage\"},\"image\":{\"@id\":\"https:\\\/\\\/www.organisator.ch\\\/management\\\/2023-08-24\\\/die-kmu-der-mem-branche-setzen-auf-ausbildung\\\/#primaryimage\"},\"thumbnailUrl\":\"https:\\\/\\\/www.organisator.ch\\\/wp-content\\\/uploads\\\/2023\\\/08\\\/Die-KMU-der-MEM-Branche-setzen-auf-Ausbildung_Organisator.jpg\",\"datePublished\":\"2023-08-24T09:20:04+00:00\",\"description\":\"Der nach wie vor gr\u00f6ssten Herausforderung von MEM-KMU, dem Arbeitskr\u00e4ftemangel, begegnet der Verband Swissmechanic mit mehr Ausbildung.\",\"breadcrumb\":{\"@id\":\"https:\\\/\\\/www.organisator.ch\\\/management\\\/2023-08-24\\\/die-kmu-der-mem-branche-setzen-auf-ausbildung\\\/#breadcrumb\"},\"inLanguage\":\"en-US\",\"potentialAction\":[{\"@type\":\"ReadAction\",\"target\":[\"https:\\\/\\\/www.organisator.ch\\\/management\\\/2023-08-24\\\/die-kmu-der-mem-branche-setzen-auf-ausbildung\\\/\"]}]},{\"@type\":\"ImageObject\",\"inLanguage\":\"en-US\",\"@id\":\"https:\\\/\\\/www.organisator.ch\\\/management\\\/2023-08-24\\\/die-kmu-der-mem-branche-setzen-auf-ausbildung\\\/#primaryimage\",\"url\":\"https:\\\/\\\/www.organisator.ch\\\/wp-content\\\/uploads\\\/2023\\\/08\\\/Die-KMU-der-MEM-Branche-setzen-auf-Ausbildung_Organisator.jpg\",\"contentUrl\":\"https:\\\/\\\/www.organisator.ch\\\/wp-content\\\/uploads\\\/2023\\\/08\\\/Die-KMU-der-MEM-Branche-setzen-auf-Ausbildung_Organisator.jpg\",\"width\":680,\"height\":672,\"caption\":\"Die derzeit gr\u00f6ssten Herausforderungen der MEM-KMU: Dem Mangel an Arbeitskr\u00e4ften wird mit Ausbildung begegnet. (Quelle: BAK Economics, Quartalsumfrage Swissmechanic)\"},{\"@type\":\"BreadcrumbList\",\"@id\":\"https:\\\/\\\/www.organisator.ch\\\/management\\\/2023-08-24\\\/die-kmu-der-mem-branche-setzen-auf-ausbildung\\\/#breadcrumb\",\"itemListElement\":[{\"@type\":\"ListItem\",\"position\":1,\"name\":\"Home\",\"item\":\"https:\\\/\\\/www.organisator.ch\\\/\"},{\"@type\":\"ListItem\",\"position\":2,\"name\":\"Die KMU der MEM-Branche setzen auf Ausbildung\"}]},{\"@type\":\"WebSite\",\"@id\":\"https:\\\/\\\/www.organisator.ch\\\/#website\",\"url\":\"https:\\\/\\\/www.organisator.ch\\\/\",\"name\":\"Organisator\",\"description\":\"Kompetent. Praxisnah. Der ORGANISATOR bereitet in 10 Ausgaben pro Jahr die wesentlichen Themen f\u00fcr F\u00fchrungskr\u00e4fte von KMU auf.\",\"publisher\":{\"@id\":\"https:\\\/\\\/www.organisator.ch\\\/#organization\"},\"potentialAction\":[{\"@type\":\"SearchAction\",\"target\":{\"@type\":\"EntryPoint\",\"urlTemplate\":\"https:\\\/\\\/www.organisator.ch\\\/?s={search_term_string}\"},\"query-input\":{\"@type\":\"PropertyValueSpecification\",\"valueRequired\":true,\"valueName\":\"search_term_string\"}}],\"inLanguage\":\"en-US\"},{\"@type\":\"Organization\",\"@id\":\"https:\\\/\\\/www.organisator.ch\\\/#organization\",\"name\":\"Organisator\",\"url\":\"https:\\\/\\\/www.organisator.ch\\\/\",\"logo\":{\"@type\":\"ImageObject\",\"inLanguage\":\"en-US\",\"@id\":\"https:\\\/\\\/www.organisator.ch\\\/#\\\/schema\\\/logo\\\/image\\\/\",\"url\":\"https:\\\/\\\/www.organisator.ch\\\/wp-content\\\/uploads\\\/2022\\\/01\\\/Logo_Organisator_Website.png\",\"contentUrl\":\"https:\\\/\\\/www.organisator.ch\\\/wp-content\\\/uploads\\\/2022\\\/01\\\/Logo_Organisator_Website.png\",\"width\":800,\"height\":77,\"caption\":\"Organisator\"},\"image\":{\"@id\":\"https:\\\/\\\/www.organisator.ch\\\/#\\\/schema\\\/logo\\\/image\\\/\"},\"sameAs\":[\"https:\\\/\\\/www.facebook.com\\\/OrganisatorFachmagazin\",\"https:\\\/\\\/www.linkedin.com\\\/showcase\\\/organisator-das-magazin-fr-kmu\",\"https:\\\/\\\/www.xing.com\\\/news\\\/pages\\\/organisator-ch-695\",\"https:\\\/\\\/www.youtube.com\\\/channel\\\/UCGP2Sq0iWaZwT3BdIAQFYpw\"]},{\"@type\":\"Person\",\"@id\":\"https:\\\/\\\/www.organisator.ch\\\/#\\\/schema\\\/person\\\/6f650f90b2842cd4c0cc334b4e36f67e\",\"name\":\"thomas.berner\",\"image\":{\"@type\":\"ImageObject\",\"inLanguage\":\"en-US\",\"@id\":\"https:\\\/\\\/secure.gravatar.com\\\/avatar\\\/ac5001d2a36cb6c6cd3e50789007ffca834b477b74a2144564522e944eabff61?s=96&d=mm&r=g\",\"url\":\"https:\\\/\\\/secure.gravatar.com\\\/avatar\\\/ac5001d2a36cb6c6cd3e50789007ffca834b477b74a2144564522e944eabff61?s=96&d=mm&r=g\",\"contentUrl\":\"https:\\\/\\\/secure.gravatar.com\\\/avatar\\\/ac5001d2a36cb6c6cd3e50789007ffca834b477b74a2144564522e944eabff61?s=96&d=mm&r=g\",\"caption\":\"thomas.berner\"},\"url\":\"https:\\\/\\\/www.organisator.ch\\\/en\\\/author\\\/thomas-berner\\\/\"}]}<\/script>\n<!-- \/ Yoast SEO plugin. -->","yoast_head_json":{"title":"SMEs in the MEM sector focus on training - organizer","description":"The Swissmechanic association is countering what remains the biggest challenge facing MEM SMEs, the shortage of labor, with more training.","robots":{"index":"index","follow":"follow","max-snippet":"max-snippet:-1","max-image-preview":"max-image-preview:large","max-video-preview":"max-video-preview:-1"},"canonical":"https:\/\/www.organisator.ch\/en\/management\/2023-08-24\/die-kmu-der-mem-branche-setzen-auf-ausbildung\/","og_locale":"en_US","og_type":"article","og_title":"Die KMU der MEM-Branche setzen auf Ausbildung","og_description":"Der nach wie vor gr\u00f6ssten Herausforderung von MEM-KMU, dem Arbeitskr\u00e4ftemangel, begegnet der Verband Swissmechanic mit mehr Ausbildung.","og_url":"https:\/\/www.organisator.ch\/en\/management\/2023-08-24\/die-kmu-der-mem-branche-setzen-auf-ausbildung\/","og_site_name":"Organisator","article_publisher":"https:\/\/www.facebook.com\/OrganisatorFachmagazin","article_published_time":"2023-08-24T09:20:04+00:00","og_image":[{"width":680,"height":672,"url":"https:\/\/www.organisator.ch\/wp-content\/uploads\/2023\/08\/Die-KMU-der-MEM-Branche-setzen-auf-Ausbildung_Organisator.jpg","type":"image\/jpeg"}],"author":"thomas.berner","twitter_card":"summary_large_image","twitter_title":"Die KMU der #MEM-Branche setzen auf #Ausbildung","twitter_description":"Der nach wie vor gr\u00f6ssten Herausforderung von #MEM-KMU, dem #Arbeitskr\u00e4ftemangel, begegnet der Verband #Swissmechanic mit mehr Ausbildung.","twitter_image":"https:\/\/www.organisator.ch\/wp-content\/uploads\/2023\/08\/Die-KMU-der-MEM-Branche-setzen-auf-Ausbildung_Organisator.jpg","schema":{"@context":"https:\/\/schema.org","@graph":[{"@type":"Article","@id":"https:\/\/www.organisator.ch\/management\/2023-08-24\/die-kmu-der-mem-branche-setzen-auf-ausbildung\/#article","isPartOf":{"@id":"https:\/\/www.organisator.ch\/management\/2023-08-24\/die-kmu-der-mem-branche-setzen-auf-ausbildung\/"},"author":{"name":"thomas.berner","@id":"https:\/\/www.organisator.ch\/#\/schema\/person\/6f650f90b2842cd4c0cc334b4e36f67e"},"headline":"Die KMU der MEM-Branche setzen auf Ausbildung","datePublished":"2023-08-24T09:20:04+00:00","mainEntityOfPage":{"@id":"https:\/\/www.organisator.ch\/management\/2023-08-24\/die-kmu-der-mem-branche-setzen-auf-ausbildung\/"},"wordCount":496,"publisher":{"@id":"https:\/\/www.organisator.ch\/#organization"},"image":{"@id":"https:\/\/www.organisator.ch\/management\/2023-08-24\/die-kmu-der-mem-branche-setzen-auf-ausbildung\/#primaryimage"},"thumbnailUrl":"https:\/\/www.organisator.ch\/wp-content\/uploads\/2023\/08\/Die-KMU-der-MEM-Branche-setzen-auf-Ausbildung_Organisator.jpg","keywords":["Aus-\/Weiterbildung","MEM-Branche","Unternehmen","Wirtschaftsbarometer"],"articleSection":["MANAGEMENT"],"inLanguage":"en-US"},{"@type":"WebPage","@id":"https:\/\/www.organisator.ch\/management\/2023-08-24\/die-kmu-der-mem-branche-setzen-auf-ausbildung\/","url":"https:\/\/www.organisator.ch\/management\/2023-08-24\/die-kmu-der-mem-branche-setzen-auf-ausbildung\/","name":"SMEs in the MEM sector focus on training - organizer","isPartOf":{"@id":"https:\/\/www.organisator.ch\/#website"},"primaryImageOfPage":{"@id":"https:\/\/www.organisator.ch\/management\/2023-08-24\/die-kmu-der-mem-branche-setzen-auf-ausbildung\/#primaryimage"},"image":{"@id":"https:\/\/www.organisator.ch\/management\/2023-08-24\/die-kmu-der-mem-branche-setzen-auf-ausbildung\/#primaryimage"},"thumbnailUrl":"https:\/\/www.organisator.ch\/wp-content\/uploads\/2023\/08\/Die-KMU-der-MEM-Branche-setzen-auf-Ausbildung_Organisator.jpg","datePublished":"2023-08-24T09:20:04+00:00","description":"The Swissmechanic association is countering what remains the biggest challenge facing MEM SMEs, the shortage of labor, with more training.","breadcrumb":{"@id":"https:\/\/www.organisator.ch\/management\/2023-08-24\/die-kmu-der-mem-branche-setzen-auf-ausbildung\/#breadcrumb"},"inLanguage":"en-US","potentialAction":[{"@type":"ReadAction","target":["https:\/\/www.organisator.ch\/management\/2023-08-24\/die-kmu-der-mem-branche-setzen-auf-ausbildung\/"]}]},{"@type":"ImageObject","inLanguage":"en-US","@id":"https:\/\/www.organisator.ch\/management\/2023-08-24\/die-kmu-der-mem-branche-setzen-auf-ausbildung\/#primaryimage","url":"https:\/\/www.organisator.ch\/wp-content\/uploads\/2023\/08\/Die-KMU-der-MEM-Branche-setzen-auf-Ausbildung_Organisator.jpg","contentUrl":"https:\/\/www.organisator.ch\/wp-content\/uploads\/2023\/08\/Die-KMU-der-MEM-Branche-setzen-auf-Ausbildung_Organisator.jpg","width":680,"height":672,"caption":"Die derzeit gr\u00f6ssten Herausforderungen der MEM-KMU: Dem Mangel an Arbeitskr\u00e4ften wird mit Ausbildung begegnet. (Quelle: BAK Economics, Quartalsumfrage Swissmechanic)"},{"@type":"BreadcrumbList","@id":"https:\/\/www.organisator.ch\/management\/2023-08-24\/die-kmu-der-mem-branche-setzen-auf-ausbildung\/#breadcrumb","itemListElement":[{"@type":"ListItem","position":1,"name":"Home","item":"https:\/\/www.organisator.ch\/"},{"@type":"ListItem","position":2,"name":"Die KMU der MEM-Branche setzen auf Ausbildung"}]},{"@type":"WebSite","@id":"https:\/\/www.organisator.ch\/#website","url":"https:\/\/www.organisator.ch\/","name":"Organizer","description":"Competent. Practical. In 10 issues per year, ORGANISATOR presents the essential topics for managers of SMEs.","publisher":{"@id":"https:\/\/www.organisator.ch\/#organization"},"potentialAction":[{"@type":"SearchAction","target":{"@type":"EntryPoint","urlTemplate":"https:\/\/www.organisator.ch\/?s={search_term_string}"},"query-input":{"@type":"PropertyValueSpecification","valueRequired":true,"valueName":"search_term_string"}}],"inLanguage":"en-US"},{"@type":"Organization","@id":"https:\/\/www.organisator.ch\/#organization","name":"Organizer","url":"https:\/\/www.organisator.ch\/","logo":{"@type":"ImageObject","inLanguage":"en-US","@id":"https:\/\/www.organisator.ch\/#\/schema\/logo\/image\/","url":"https:\/\/www.organisator.ch\/wp-content\/uploads\/2022\/01\/Logo_Organisator_Website.png","contentUrl":"https:\/\/www.organisator.ch\/wp-content\/uploads\/2022\/01\/Logo_Organisator_Website.png","width":800,"height":77,"caption":"Organisator"},"image":{"@id":"https:\/\/www.organisator.ch\/#\/schema\/logo\/image\/"},"sameAs":["https:\/\/www.facebook.com\/OrganisatorFachmagazin","https:\/\/www.linkedin.com\/showcase\/organisator-das-magazin-fr-kmu","https:\/\/www.xing.com\/news\/pages\/organisator-ch-695","https:\/\/www.youtube.com\/channel\/UCGP2Sq0iWaZwT3BdIAQFYpw"]},{"@type":"Person","@id":"https:\/\/www.organisator.ch\/#\/schema\/person\/6f650f90b2842cd4c0cc334b4e36f67e","name":"thomas.berner","image":{"@type":"ImageObject","inLanguage":"en-US","@id":"https:\/\/secure.gravatar.com\/avatar\/ac5001d2a36cb6c6cd3e50789007ffca834b477b74a2144564522e944eabff61?s=96&d=mm&r=g","url":"https:\/\/secure.gravatar.com\/avatar\/ac5001d2a36cb6c6cd3e50789007ffca834b477b74a2144564522e944eabff61?s=96&d=mm&r=g","contentUrl":"https:\/\/secure.gravatar.com\/avatar\/ac5001d2a36cb6c6cd3e50789007ffca834b477b74a2144564522e944eabff61?s=96&d=mm&r=g","caption":"thomas.berner"},"url":"https:\/\/www.organisator.ch\/en\/author\/thomas-berner\/"}]}},"_links":{"self":[{"href":"https:\/\/www.organisator.ch\/en\/wp-json\/wp\/v2\/posts\/21445","targetHints":{"allow":["GET"]}}],"collection":[{"href":"https:\/\/www.organisator.ch\/en\/wp-json\/wp\/v2\/posts"}],"about":[{"href":"https:\/\/www.organisator.ch\/en\/wp-json\/wp\/v2\/types\/post"}],"author":[{"embeddable":true,"href":"https:\/\/www.organisator.ch\/en\/wp-json\/wp\/v2\/users\/4"}],"replies":[{"embeddable":true,"href":"https:\/\/www.organisator.ch\/en\/wp-json\/wp\/v2\/comments?post=21445"}],"version-history":[{"count":1,"href":"https:\/\/www.organisator.ch\/en\/wp-json\/wp\/v2\/posts\/21445\/revisions"}],"predecessor-version":[{"id":21447,"href":"https:\/\/www.organisator.ch\/en\/wp-json\/wp\/v2\/posts\/21445\/revisions\/21447"}],"wp:featuredmedia":[{"embeddable":true,"href":"https:\/\/www.organisator.ch\/en\/wp-json\/wp\/v2\/media\/21446"}],"wp:attachment":[{"href":"https:\/\/www.organisator.ch\/en\/wp-json\/wp\/v2\/media?parent=21445"}],"wp:term":[{"taxonomy":"category","embeddable":true,"href":"https:\/\/www.organisator.ch\/en\/wp-json\/wp\/v2\/categories?post=21445"},{"taxonomy":"post_tag","embeddable":true,"href":"https:\/\/www.organisator.ch\/en\/wp-json\/wp\/v2\/tags?post=21445"}],"curies":[{"name":"wp","href":"https:\/\/api.w.org\/{rel}","templated":true}]}}