{"id":21448,"date":"2023-08-24T11:52:19","date_gmt":"2023-08-24T09:52:19","guid":{"rendered":"https:\/\/www.organisator.ch\/?p=21448"},"modified":"2023-08-24T11:52:19","modified_gmt":"2023-08-24T09:52:19","slug":"salaere-der-ict-2023-erneut-gestiegen","status":"publish","type":"post","link":"https:\/\/www.organisator.ch\/en\/management\/it\/2023-08-24\/salaere-der-ict-2023-erneut-gestiegen\/","title":{"rendered":"ICT 2023 salaries up again"},"content":{"rendered":"<figure id=\"attachment_21449\" aria-describedby=\"caption-attachment-21449\" style=\"width: 680px\" class=\"wp-caption alignnone\"><img loading=\"lazy\" decoding=\"async\" class=\"wp-image-21449 size-full\" src=\"https:\/\/www.organisator.ch\/wp-content\/uploads\/2023\/08\/Salaere-der-ICT-2023-erneut-gestiegen_Organisator.jpg\" alt=\"\" width=\"680\" height=\"394\" srcset=\"https:\/\/www.organisator.ch\/wp-content\/uploads\/2023\/08\/Salaere-der-ICT-2023-erneut-gestiegen_Organisator.jpg 680w, https:\/\/www.organisator.ch\/wp-content\/uploads\/2023\/08\/Salaere-der-ICT-2023-erneut-gestiegen_Organisator-18x10.jpg 18w, https:\/\/www.organisator.ch\/wp-content\/uploads\/2023\/08\/Salaere-der-ICT-2023-erneut-gestiegen_Organisator-375x217.jpg 375w, https:\/\/www.organisator.ch\/wp-content\/uploads\/2023\/08\/Salaere-der-ICT-2023-erneut-gestiegen_Organisator-604x350.jpg 604w\" sizes=\"auto, (max-width: 680px) 100vw, 680px\" \/><figcaption id=\"caption-attachment-21449\" class=\"wp-caption-text\">Curves point upward: ICT salaries continue to rise. (Graphic: Infogram \/ swissICT)<\/figcaption><\/figure>\n<p>The swissICT association connects ICT providers, users and professionals in Switzerland with its 2500 members. The comprehensive study \"Salaries in ICT\" has been one of swissICT's core services since 1981. The 2023 edition has just been published. It shows that salaries in 2022 and 2023, excluding the inflation rate on the cut-off dates (May 1), have increased. This is 1.8 percent across all professions and skill levels. This presumably also reflects the recruitment of talent, which is sometimes desperately sought after - but not at any price, as is also evident from the study. A more differentiated look reveals a large increase of 2 percent, particularly at the junior competence level. This is only surpassed by those in senior and top management and goes up to a maximum increase of 4.8 percent. It can be assumed that salaries have increased since the previous year due to both inflation and the shortage of skilled workers.<\/p>\n<h3><strong>Working conditions<\/strong><\/h3>\n<p>For the first time, the salary survey also included six questions on employment conditions. Three of the six questions concerned home office arrangements and thus address the changes that have taken place in recent years. For example, employees are most often expected to be present in the office three or more days. However, 17.4 percent of the 293 companies said they do not have any requirements. However, if asked which companies pay financial compensation for home office days, the figure is just under 18 percent. When it comes to weekly target working hours, an average of 119 companies report that they have a 42-hour week. A small but still not insignificant number of companies have a 35-hour week.<\/p>\n<h3><strong>From traditional to agile organization<\/strong><\/h3>\n<p>For the first time since the survey of agile job descriptions, there has been a slight decline in the number of mentions of DevOps Engineer. The decline amounts to 10 percent from 2022 to 2023, but this does not detract from the apparent growth in the agile job descriptions, as the product manager has increased by 133 percent in return. On average, the agile jobs are therefore still up by 40 percent in terms of mentions. They can also look forward to slightly above-average growth of 3.6 percent in salaries.<\/p>\n<p>\"The forms of collaboration have changed,\" says Lukas Ruggli, HR business partner at Swiss Post. And when asked about the general salary issue in the IT industry, he says: \"We're in the same situation as everyone else: We are constantly looking for highly qualified IT specialists. Everyone faces more or less the same challenges. But I'm glad that companies are nevertheless remaining realistic and not paying excessive wages just to attract the right people. It is important to continue paying fair and appropriate wages in the future. But it wouldn't be good to suddenly get into a wage spiral that then can't be controlled and costs go through the roof as a result.\"<\/p>\n<p><em>Source: <a href=\"https:\/\/www.swissict.ch\/\">swissICT<\/a><\/em><\/p>","protected":false},"excerpt":{"rendered":"<p>The ICT Salary Survey 2023 is based on 38,597 ICT salary nominations from 293 companies - a record participation, as reported by the association SwissICT. For the first time, questions about working conditions were also included in the Employment Conditions Report. The salary increases underscore the changes in the market. <\/p>","protected":false},"author":4,"featured_media":21449,"comment_status":"closed","ping_status":"closed","sticky":false,"template":"","format":"standard","meta":{"_acf_changed":false,"_yoast_wpseo_focuskw":"Sal\u00e4re der ICT","_yoast_wpseo_metadesc":"Die ICT-Sal\u00e4rstudie 2023 verzeichnet erneut h\u00f6here Sal\u00e4re der ICT. Der Report basiert auf 38\u2019597 ICT-Sal\u00e4rnennungen von 293 Unternehmen.","articlekey":"","footnotes":""},"categories":[27],"tags":[286,329,335,459],"class_list":["post-21448","post","type-post","status-publish","format-standard","has-post-thumbnail","hentry","category-it","tag-it","tag-loehne","tag-management-und-unternehmensfuehrung","tag-studie"],"acf":[],"yoast_head":"<!-- This site is optimized with the Yoast SEO plugin v27.5 - https:\/\/yoast.com\/product\/yoast-seo-wordpress\/ -->\n<title>Sal\u00e4re der ICT 2023 erneut gestiegen - Organisator<\/title>\n<meta name=\"description\" content=\"Die ICT-Sal\u00e4rstudie 2023 verzeichnet erneut h\u00f6here Sal\u00e4re der ICT. Der Report basiert auf 38\u2019597 ICT-Sal\u00e4rnennungen von 293 Unternehmen.\" \/>\n<meta name=\"robots\" content=\"index, follow, max-snippet:-1, max-image-preview:large, max-video-preview:-1\" \/>\n<link rel=\"canonical\" href=\"https:\/\/www.organisator.ch\/en\/management\/it\/2023-08-24\/salaere-der-ict-2023-erneut-gestiegen\/\" \/>\n<meta property=\"og:locale\" content=\"en_US\" \/>\n<meta property=\"og:type\" content=\"article\" \/>\n<meta property=\"og:title\" content=\"Sal\u00e4re der ICT 2023 erneut gestiegen\" \/>\n<meta property=\"og:description\" content=\"Die ICT-Sal\u00e4rstudie 2023 verzeichnet erneut h\u00f6here Sal\u00e4re der ICT. Der Report basiert auf 38\u2019597 ICT-Sal\u00e4rnennungen von 293 Unternehmen.\" \/>\n<meta property=\"og:url\" content=\"https:\/\/www.organisator.ch\/en\/management\/it\/2023-08-24\/salaere-der-ict-2023-erneut-gestiegen\/\" \/>\n<meta property=\"og:site_name\" content=\"Organisator\" \/>\n<meta property=\"article:publisher\" content=\"https:\/\/www.facebook.com\/OrganisatorFachmagazin\" \/>\n<meta property=\"article:published_time\" content=\"2023-08-24T09:52:19+00:00\" \/>\n<meta property=\"og:image\" content=\"https:\/\/www.organisator.ch\/wp-content\/uploads\/2023\/08\/Salaere-der-ICT-2023-erneut-gestiegen_Organisator.jpg\" \/>\n\t<meta property=\"og:image:width\" content=\"680\" \/>\n\t<meta property=\"og:image:height\" content=\"394\" \/>\n\t<meta property=\"og:image:type\" content=\"image\/jpeg\" \/>\n<meta name=\"author\" content=\"thomas.berner\" \/>\n<meta name=\"twitter:card\" content=\"summary_large_image\" \/>\n<meta name=\"twitter:title\" content=\"#Sal\u00e4re der #ICT 2023 erneut gestiegen\" \/>\n<meta name=\"twitter:description\" content=\"Die #ICT-Sal\u00e4rstudie 2023 verzeichnet erneut h\u00f6here Sal\u00e4re der ICT. Der Report basiert auf 38\u2019597 #ICT-Sal\u00e4rnennungen von 293 Unternehmen.\" \/>\n<meta name=\"twitter:image\" content=\"https:\/\/www.organisator.ch\/wp-content\/uploads\/2023\/08\/Salaere-der-ICT-2023-erneut-gestiegen_Organisator.jpg\" \/>\n<script type=\"application\/ld+json\" class=\"yoast-schema-graph\">{\"@context\":\"https:\\\/\\\/schema.org\",\"@graph\":[{\"@type\":\"Article\",\"@id\":\"https:\\\/\\\/www.organisator.ch\\\/management\\\/it\\\/2023-08-24\\\/salaere-der-ict-2023-erneut-gestiegen\\\/#article\",\"isPartOf\":{\"@id\":\"https:\\\/\\\/www.organisator.ch\\\/management\\\/it\\\/2023-08-24\\\/salaere-der-ict-2023-erneut-gestiegen\\\/\"},\"author\":{\"name\":\"thomas.berner\",\"@id\":\"https:\\\/\\\/www.organisator.ch\\\/#\\\/schema\\\/person\\\/6f650f90b2842cd4c0cc334b4e36f67e\"},\"headline\":\"Sal\u00e4re der ICT 2023 erneut gestiegen\",\"datePublished\":\"2023-08-24T09:52:19+00:00\",\"mainEntityOfPage\":{\"@id\":\"https:\\\/\\\/www.organisator.ch\\\/management\\\/it\\\/2023-08-24\\\/salaere-der-ict-2023-erneut-gestiegen\\\/\"},\"wordCount\":497,\"publisher\":{\"@id\":\"https:\\\/\\\/www.organisator.ch\\\/#organization\"},\"image\":{\"@id\":\"https:\\\/\\\/www.organisator.ch\\\/management\\\/it\\\/2023-08-24\\\/salaere-der-ict-2023-erneut-gestiegen\\\/#primaryimage\"},\"thumbnailUrl\":\"https:\\\/\\\/www.organisator.ch\\\/wp-content\\\/uploads\\\/2023\\\/08\\\/Salaere-der-ICT-2023-erneut-gestiegen_Organisator.jpg\",\"keywords\":[\"IT\",\"L\u00f6hne\",\"Management und Unternehmensf\u00fchrung\",\"Studie\"],\"articleSection\":[\"IT\"],\"inLanguage\":\"en-US\"},{\"@type\":\"WebPage\",\"@id\":\"https:\\\/\\\/www.organisator.ch\\\/management\\\/it\\\/2023-08-24\\\/salaere-der-ict-2023-erneut-gestiegen\\\/\",\"url\":\"https:\\\/\\\/www.organisator.ch\\\/management\\\/it\\\/2023-08-24\\\/salaere-der-ict-2023-erneut-gestiegen\\\/\",\"name\":\"Sal\u00e4re der ICT 2023 erneut gestiegen - Organisator\",\"isPartOf\":{\"@id\":\"https:\\\/\\\/www.organisator.ch\\\/#website\"},\"primaryImageOfPage\":{\"@id\":\"https:\\\/\\\/www.organisator.ch\\\/management\\\/it\\\/2023-08-24\\\/salaere-der-ict-2023-erneut-gestiegen\\\/#primaryimage\"},\"image\":{\"@id\":\"https:\\\/\\\/www.organisator.ch\\\/management\\\/it\\\/2023-08-24\\\/salaere-der-ict-2023-erneut-gestiegen\\\/#primaryimage\"},\"thumbnailUrl\":\"https:\\\/\\\/www.organisator.ch\\\/wp-content\\\/uploads\\\/2023\\\/08\\\/Salaere-der-ICT-2023-erneut-gestiegen_Organisator.jpg\",\"datePublished\":\"2023-08-24T09:52:19+00:00\",\"description\":\"Die ICT-Sal\u00e4rstudie 2023 verzeichnet erneut h\u00f6here Sal\u00e4re der ICT. Der Report basiert auf 38\u2019597 ICT-Sal\u00e4rnennungen von 293 Unternehmen.\",\"breadcrumb\":{\"@id\":\"https:\\\/\\\/www.organisator.ch\\\/management\\\/it\\\/2023-08-24\\\/salaere-der-ict-2023-erneut-gestiegen\\\/#breadcrumb\"},\"inLanguage\":\"en-US\",\"potentialAction\":[{\"@type\":\"ReadAction\",\"target\":[\"https:\\\/\\\/www.organisator.ch\\\/management\\\/it\\\/2023-08-24\\\/salaere-der-ict-2023-erneut-gestiegen\\\/\"]}]},{\"@type\":\"ImageObject\",\"inLanguage\":\"en-US\",\"@id\":\"https:\\\/\\\/www.organisator.ch\\\/management\\\/it\\\/2023-08-24\\\/salaere-der-ict-2023-erneut-gestiegen\\\/#primaryimage\",\"url\":\"https:\\\/\\\/www.organisator.ch\\\/wp-content\\\/uploads\\\/2023\\\/08\\\/Salaere-der-ICT-2023-erneut-gestiegen_Organisator.jpg\",\"contentUrl\":\"https:\\\/\\\/www.organisator.ch\\\/wp-content\\\/uploads\\\/2023\\\/08\\\/Salaere-der-ICT-2023-erneut-gestiegen_Organisator.jpg\",\"width\":680,\"height\":394,\"caption\":\"Kurven zeigen nach oben: Die L\u00f6hne in der ICT sind weiter am Steigen. (Grafik: Infogram \\\/ swissICT)\"},{\"@type\":\"BreadcrumbList\",\"@id\":\"https:\\\/\\\/www.organisator.ch\\\/management\\\/it\\\/2023-08-24\\\/salaere-der-ict-2023-erneut-gestiegen\\\/#breadcrumb\",\"itemListElement\":[{\"@type\":\"ListItem\",\"position\":1,\"name\":\"Home\",\"item\":\"https:\\\/\\\/www.organisator.ch\\\/\"},{\"@type\":\"ListItem\",\"position\":2,\"name\":\"Sal\u00e4re der ICT 2023 erneut gestiegen\"}]},{\"@type\":\"WebSite\",\"@id\":\"https:\\\/\\\/www.organisator.ch\\\/#website\",\"url\":\"https:\\\/\\\/www.organisator.ch\\\/\",\"name\":\"Organisator\",\"description\":\"Kompetent. Praxisnah. Der ORGANISATOR bereitet in 10 Ausgaben pro Jahr die wesentlichen Themen f\u00fcr F\u00fchrungskr\u00e4fte von KMU auf.\",\"publisher\":{\"@id\":\"https:\\\/\\\/www.organisator.ch\\\/#organization\"},\"potentialAction\":[{\"@type\":\"SearchAction\",\"target\":{\"@type\":\"EntryPoint\",\"urlTemplate\":\"https:\\\/\\\/www.organisator.ch\\\/?s={search_term_string}\"},\"query-input\":{\"@type\":\"PropertyValueSpecification\",\"valueRequired\":true,\"valueName\":\"search_term_string\"}}],\"inLanguage\":\"en-US\"},{\"@type\":\"Organization\",\"@id\":\"https:\\\/\\\/www.organisator.ch\\\/#organization\",\"name\":\"Organisator\",\"url\":\"https:\\\/\\\/www.organisator.ch\\\/\",\"logo\":{\"@type\":\"ImageObject\",\"inLanguage\":\"en-US\",\"@id\":\"https:\\\/\\\/www.organisator.ch\\\/#\\\/schema\\\/logo\\\/image\\\/\",\"url\":\"https:\\\/\\\/www.organisator.ch\\\/wp-content\\\/uploads\\\/2022\\\/01\\\/Logo_Organisator_Website.png\",\"contentUrl\":\"https:\\\/\\\/www.organisator.ch\\\/wp-content\\\/uploads\\\/2022\\\/01\\\/Logo_Organisator_Website.png\",\"width\":800,\"height\":77,\"caption\":\"Organisator\"},\"image\":{\"@id\":\"https:\\\/\\\/www.organisator.ch\\\/#\\\/schema\\\/logo\\\/image\\\/\"},\"sameAs\":[\"https:\\\/\\\/www.facebook.com\\\/OrganisatorFachmagazin\",\"https:\\\/\\\/www.linkedin.com\\\/showcase\\\/organisator-das-magazin-fr-kmu\",\"https:\\\/\\\/www.xing.com\\\/news\\\/pages\\\/organisator-ch-695\",\"https:\\\/\\\/www.youtube.com\\\/channel\\\/UCGP2Sq0iWaZwT3BdIAQFYpw\"]},{\"@type\":\"Person\",\"@id\":\"https:\\\/\\\/www.organisator.ch\\\/#\\\/schema\\\/person\\\/6f650f90b2842cd4c0cc334b4e36f67e\",\"name\":\"thomas.berner\",\"image\":{\"@type\":\"ImageObject\",\"inLanguage\":\"en-US\",\"@id\":\"https:\\\/\\\/secure.gravatar.com\\\/avatar\\\/ac5001d2a36cb6c6cd3e50789007ffca834b477b74a2144564522e944eabff61?s=96&d=mm&r=g\",\"url\":\"https:\\\/\\\/secure.gravatar.com\\\/avatar\\\/ac5001d2a36cb6c6cd3e50789007ffca834b477b74a2144564522e944eabff61?s=96&d=mm&r=g\",\"contentUrl\":\"https:\\\/\\\/secure.gravatar.com\\\/avatar\\\/ac5001d2a36cb6c6cd3e50789007ffca834b477b74a2144564522e944eabff61?s=96&d=mm&r=g\",\"caption\":\"thomas.berner\"},\"url\":\"https:\\\/\\\/www.organisator.ch\\\/en\\\/author\\\/thomas-berner\\\/\"}]}<\/script>\n<!-- \/ Yoast SEO plugin. -->","yoast_head_json":{"title":"ICT 2023 salaries increased again - organizer","description":"The ICT Salary Survey 2023 once again records higher ICT salaries. The report is based on 38,597 ICT salary nominations from 293 companies.","robots":{"index":"index","follow":"follow","max-snippet":"max-snippet:-1","max-image-preview":"max-image-preview:large","max-video-preview":"max-video-preview:-1"},"canonical":"https:\/\/www.organisator.ch\/en\/management\/it\/2023-08-24\/salaere-der-ict-2023-erneut-gestiegen\/","og_locale":"en_US","og_type":"article","og_title":"Sal\u00e4re der ICT 2023 erneut gestiegen","og_description":"Die ICT-Sal\u00e4rstudie 2023 verzeichnet erneut h\u00f6here Sal\u00e4re der ICT. Der Report basiert auf 38\u2019597 ICT-Sal\u00e4rnennungen von 293 Unternehmen.","og_url":"https:\/\/www.organisator.ch\/en\/management\/it\/2023-08-24\/salaere-der-ict-2023-erneut-gestiegen\/","og_site_name":"Organisator","article_publisher":"https:\/\/www.facebook.com\/OrganisatorFachmagazin","article_published_time":"2023-08-24T09:52:19+00:00","og_image":[{"width":680,"height":394,"url":"https:\/\/www.organisator.ch\/wp-content\/uploads\/2023\/08\/Salaere-der-ICT-2023-erneut-gestiegen_Organisator.jpg","type":"image\/jpeg"}],"author":"thomas.berner","twitter_card":"summary_large_image","twitter_title":"#Sal\u00e4re der #ICT 2023 erneut gestiegen","twitter_description":"Die #ICT-Sal\u00e4rstudie 2023 verzeichnet erneut h\u00f6here Sal\u00e4re der ICT. Der Report basiert auf 38\u2019597 #ICT-Sal\u00e4rnennungen von 293 Unternehmen.","twitter_image":"https:\/\/www.organisator.ch\/wp-content\/uploads\/2023\/08\/Salaere-der-ICT-2023-erneut-gestiegen_Organisator.jpg","schema":{"@context":"https:\/\/schema.org","@graph":[{"@type":"Article","@id":"https:\/\/www.organisator.ch\/management\/it\/2023-08-24\/salaere-der-ict-2023-erneut-gestiegen\/#article","isPartOf":{"@id":"https:\/\/www.organisator.ch\/management\/it\/2023-08-24\/salaere-der-ict-2023-erneut-gestiegen\/"},"author":{"name":"thomas.berner","@id":"https:\/\/www.organisator.ch\/#\/schema\/person\/6f650f90b2842cd4c0cc334b4e36f67e"},"headline":"Sal\u00e4re der ICT 2023 erneut gestiegen","datePublished":"2023-08-24T09:52:19+00:00","mainEntityOfPage":{"@id":"https:\/\/www.organisator.ch\/management\/it\/2023-08-24\/salaere-der-ict-2023-erneut-gestiegen\/"},"wordCount":497,"publisher":{"@id":"https:\/\/www.organisator.ch\/#organization"},"image":{"@id":"https:\/\/www.organisator.ch\/management\/it\/2023-08-24\/salaere-der-ict-2023-erneut-gestiegen\/#primaryimage"},"thumbnailUrl":"https:\/\/www.organisator.ch\/wp-content\/uploads\/2023\/08\/Salaere-der-ICT-2023-erneut-gestiegen_Organisator.jpg","keywords":["IT","L\u00f6hne","Management und Unternehmensf\u00fchrung","Studie"],"articleSection":["IT"],"inLanguage":"en-US"},{"@type":"WebPage","@id":"https:\/\/www.organisator.ch\/management\/it\/2023-08-24\/salaere-der-ict-2023-erneut-gestiegen\/","url":"https:\/\/www.organisator.ch\/management\/it\/2023-08-24\/salaere-der-ict-2023-erneut-gestiegen\/","name":"ICT 2023 salaries increased again - organizer","isPartOf":{"@id":"https:\/\/www.organisator.ch\/#website"},"primaryImageOfPage":{"@id":"https:\/\/www.organisator.ch\/management\/it\/2023-08-24\/salaere-der-ict-2023-erneut-gestiegen\/#primaryimage"},"image":{"@id":"https:\/\/www.organisator.ch\/management\/it\/2023-08-24\/salaere-der-ict-2023-erneut-gestiegen\/#primaryimage"},"thumbnailUrl":"https:\/\/www.organisator.ch\/wp-content\/uploads\/2023\/08\/Salaere-der-ICT-2023-erneut-gestiegen_Organisator.jpg","datePublished":"2023-08-24T09:52:19+00:00","description":"The ICT Salary Survey 2023 once again records higher ICT salaries. The report is based on 38,597 ICT salary nominations from 293 companies.","breadcrumb":{"@id":"https:\/\/www.organisator.ch\/management\/it\/2023-08-24\/salaere-der-ict-2023-erneut-gestiegen\/#breadcrumb"},"inLanguage":"en-US","potentialAction":[{"@type":"ReadAction","target":["https:\/\/www.organisator.ch\/management\/it\/2023-08-24\/salaere-der-ict-2023-erneut-gestiegen\/"]}]},{"@type":"ImageObject","inLanguage":"en-US","@id":"https:\/\/www.organisator.ch\/management\/it\/2023-08-24\/salaere-der-ict-2023-erneut-gestiegen\/#primaryimage","url":"https:\/\/www.organisator.ch\/wp-content\/uploads\/2023\/08\/Salaere-der-ICT-2023-erneut-gestiegen_Organisator.jpg","contentUrl":"https:\/\/www.organisator.ch\/wp-content\/uploads\/2023\/08\/Salaere-der-ICT-2023-erneut-gestiegen_Organisator.jpg","width":680,"height":394,"caption":"Kurven zeigen nach oben: Die L\u00f6hne in der ICT sind weiter am Steigen. (Grafik: Infogram \/ swissICT)"},{"@type":"BreadcrumbList","@id":"https:\/\/www.organisator.ch\/management\/it\/2023-08-24\/salaere-der-ict-2023-erneut-gestiegen\/#breadcrumb","itemListElement":[{"@type":"ListItem","position":1,"name":"Home","item":"https:\/\/www.organisator.ch\/"},{"@type":"ListItem","position":2,"name":"Sal\u00e4re der ICT 2023 erneut gestiegen"}]},{"@type":"WebSite","@id":"https:\/\/www.organisator.ch\/#website","url":"https:\/\/www.organisator.ch\/","name":"Organizer","description":"Competent. Practical. In 10 issues per year, ORGANISATOR presents the essential topics for managers of SMEs.","publisher":{"@id":"https:\/\/www.organisator.ch\/#organization"},"potentialAction":[{"@type":"SearchAction","target":{"@type":"EntryPoint","urlTemplate":"https:\/\/www.organisator.ch\/?s={search_term_string}"},"query-input":{"@type":"PropertyValueSpecification","valueRequired":true,"valueName":"search_term_string"}}],"inLanguage":"en-US"},{"@type":"Organization","@id":"https:\/\/www.organisator.ch\/#organization","name":"Organizer","url":"https:\/\/www.organisator.ch\/","logo":{"@type":"ImageObject","inLanguage":"en-US","@id":"https:\/\/www.organisator.ch\/#\/schema\/logo\/image\/","url":"https:\/\/www.organisator.ch\/wp-content\/uploads\/2022\/01\/Logo_Organisator_Website.png","contentUrl":"https:\/\/www.organisator.ch\/wp-content\/uploads\/2022\/01\/Logo_Organisator_Website.png","width":800,"height":77,"caption":"Organisator"},"image":{"@id":"https:\/\/www.organisator.ch\/#\/schema\/logo\/image\/"},"sameAs":["https:\/\/www.facebook.com\/OrganisatorFachmagazin","https:\/\/www.linkedin.com\/showcase\/organisator-das-magazin-fr-kmu","https:\/\/www.xing.com\/news\/pages\/organisator-ch-695","https:\/\/www.youtube.com\/channel\/UCGP2Sq0iWaZwT3BdIAQFYpw"]},{"@type":"Person","@id":"https:\/\/www.organisator.ch\/#\/schema\/person\/6f650f90b2842cd4c0cc334b4e36f67e","name":"thomas.berner","image":{"@type":"ImageObject","inLanguage":"en-US","@id":"https:\/\/secure.gravatar.com\/avatar\/ac5001d2a36cb6c6cd3e50789007ffca834b477b74a2144564522e944eabff61?s=96&d=mm&r=g","url":"https:\/\/secure.gravatar.com\/avatar\/ac5001d2a36cb6c6cd3e50789007ffca834b477b74a2144564522e944eabff61?s=96&d=mm&r=g","contentUrl":"https:\/\/secure.gravatar.com\/avatar\/ac5001d2a36cb6c6cd3e50789007ffca834b477b74a2144564522e944eabff61?s=96&d=mm&r=g","caption":"thomas.berner"},"url":"https:\/\/www.organisator.ch\/en\/author\/thomas-berner\/"}]}},"_links":{"self":[{"href":"https:\/\/www.organisator.ch\/en\/wp-json\/wp\/v2\/posts\/21448","targetHints":{"allow":["GET"]}}],"collection":[{"href":"https:\/\/www.organisator.ch\/en\/wp-json\/wp\/v2\/posts"}],"about":[{"href":"https:\/\/www.organisator.ch\/en\/wp-json\/wp\/v2\/types\/post"}],"author":[{"embeddable":true,"href":"https:\/\/www.organisator.ch\/en\/wp-json\/wp\/v2\/users\/4"}],"replies":[{"embeddable":true,"href":"https:\/\/www.organisator.ch\/en\/wp-json\/wp\/v2\/comments?post=21448"}],"version-history":[{"count":1,"href":"https:\/\/www.organisator.ch\/en\/wp-json\/wp\/v2\/posts\/21448\/revisions"}],"predecessor-version":[{"id":21450,"href":"https:\/\/www.organisator.ch\/en\/wp-json\/wp\/v2\/posts\/21448\/revisions\/21450"}],"wp:featuredmedia":[{"embeddable":true,"href":"https:\/\/www.organisator.ch\/en\/wp-json\/wp\/v2\/media\/21449"}],"wp:attachment":[{"href":"https:\/\/www.organisator.ch\/en\/wp-json\/wp\/v2\/media?parent=21448"}],"wp:term":[{"taxonomy":"category","embeddable":true,"href":"https:\/\/www.organisator.ch\/en\/wp-json\/wp\/v2\/categories?post=21448"},{"taxonomy":"post_tag","embeddable":true,"href":"https:\/\/www.organisator.ch\/en\/wp-json\/wp\/v2\/tags?post=21448"}],"curies":[{"name":"wp","href":"https:\/\/api.w.org\/{rel}","templated":true}]}}