{"id":2146,"date":"2019-05-16T11:43:35","date_gmt":"2019-05-16T09:43:35","guid":{"rendered":"https:\/\/www.umweltperspektiven.ch\/?p=2146"},"modified":"2019-05-16T11:43:35","modified_gmt":"2019-05-16T09:43:35","slug":"ruelpsende-kuehe-und-kuenstliche-intelligenz-klimastiftung-spricht-foerdergelder","status":"publish","type":"post","link":"https:\/\/www.organisator.ch\/en\/allgemein\/2019-05-16\/ruelpsende-kuehe-und-kuenstliche-intelligenz-klimastiftung-spricht-foerdergelder\/","title":{"rendered":"Burping cows and artificial intelligence: Climate Foundation awards grants"},"content":{"rendered":"<figure id=\"attachment_2147\" aria-describedby=\"caption-attachment-2147\" style=\"width: 680px\" class=\"wp-caption alignnone\"><img loading=\"lazy\" decoding=\"async\" class=\"size-medium wp-image-2147\" src=\"\/\/www.umweltperspektiven.ch\/wp-content\/uploads\/2019\/05\/Auszeichnungen-Klimastiftung-Schweiz-UP_Umweltperspektiven.jpg\" alt=\"\" width=\"680\" height=\"383\" srcset=\"https:\/\/www.organisator.ch\/wp-content\/uploads\/2019\/05\/Auszeichnungen-Klimastiftung-Schweiz-UP_Umweltperspektiven.jpg 970w, https:\/\/www.organisator.ch\/wp-content\/uploads\/2019\/05\/Auszeichnungen-Klimastiftung-Schweiz-UP_Umweltperspektiven-680x383.jpg 680w, https:\/\/www.organisator.ch\/wp-content\/uploads\/2019\/05\/Auszeichnungen-Klimastiftung-Schweiz-UP_Umweltperspektiven-768x432.jpg 768w, https:\/\/www.organisator.ch\/wp-content\/uploads\/2019\/05\/Auszeichnungen-Klimastiftung-Schweiz-UP_Umweltperspektiven-18x10.jpg 18w, https:\/\/www.organisator.ch\/wp-content\/uploads\/2019\/05\/Auszeichnungen-Klimastiftung-Schweiz-UP_Umweltperspektiven-311x175.jpg 311w, https:\/\/www.organisator.ch\/wp-content\/uploads\/2019\/05\/Auszeichnungen-Klimastiftung-Schweiz-UP_Umweltperspektiven-622x350.jpg 622w, https:\/\/www.organisator.ch\/wp-content\/uploads\/2019\/05\/Auszeichnungen-Klimastiftung-Schweiz-UP_Umweltperspektiven-920x518.jpg 920w, https:\/\/www.organisator.ch\/wp-content\/uploads\/2019\/05\/Auszeichnungen-Klimastiftung-Schweiz-UP_Umweltperspektiven-300x169.jpg 300w\" sizes=\"auto, (max-width: 680px) 100vw, 680px\" \/><figcaption id=\"caption-attachment-2147\" class=\"wp-caption-text\">Since its establishment in 2008, the foundation has awarded grants totaling 20 million Swiss francs to more than 1,400 SMEs in Switzerland and the Principality of Liechtenstein. (Image: Climate Foundation Switzerland)<\/figcaption><\/figure>\n<p>The Swiss Climate Foundation writes in its latest communique about award-winning climate protection projects: Cows harm the climate about as much as all cars, trucks and airplanes combined. Methane produced in their stomachs is many times more harmful than CO2. Now, an SME in western Switzerland wants to ensure that cows emit less methane. A feed additive based on garlic and citrus fruits called MOOTRAL is said to reduce methane emissions by up to 38%.<\/p>\n<p>\"We are supporting MOOTRAL with a donation of 200,000 Swiss francs,\" says Vincent Eckert, managing director of the Swiss Climate Foundation. This will allow the SME to initially dispense the food supplement at a discounted rate. \"It is important that such measures are quickly implemented, because mankind must halve its emissions of climate gases in the next 12 years compared to 1990,\" says Eckert.<\/p>\n<p><strong>16 climate protection projects receive funding<\/strong><\/p>\n<p>In its spring award round, the Swiss Climate Foundation is supporting numerous other SMEs with funding. For example, Revopack in Vaud wants to halve the number of truck trips to dispose of bottles, cans and tins with a new recycling press. The compact press is installed directly at the return points and compresses bottles by half, cans and tins by as much as over 80%.<\/p>\n<p>Other funded SMEs are developing new types of wind turbines or using artificial intelligence to manage sewage systems more efficiently. Old acquaintances\" are also receiving new funding: With financial support from the Swiss Climate Foundation, Biel-based SME Joulia has already developed a shower tray that uses the heat from used water to preheat fresh water, thus saving a lot of heating energy.<\/p>\n<p>Meanwhile, a shower channel is also available, which is invisibly installed in the shower floor. Now, the SME wants to invest in a more cost-effective manufacturing process that will make heat recovery even more attractive. Once again, it is receiving support from the foundation.<\/p>\n<p>\"The range of projects submitted is huge,\" says a delighted Eckert. \"SMEs are tackling the fight against climate change from all possible angles. That's exactly what's needed if we want to prevent the worst consequences of climate change.\"<br \/>\nBanks, insurance companies and other service providers on board<\/p>\n<p>The Swiss Climate Foundation is financed by 27 large service companies from Switzerland and Liechtenstein. They donate their net rebate from the CO2 tax to the joint foundation, which uses it to promote climate protection projects by domestic SMEs. After a record year in 2018, the Swiss Climate Foundation plans to award even more funding this year. \"Thanks to our partner companies, we are well financed,\" says Eckert. \"With their commitment, we can continue to ensure that innovative ideas for climate protection become reality.\"<\/p>\n<p><strong><em>About the Swiss Climate Foundation<\/em><\/strong><\/p>\n<p><em>Protecting the climate. Strengthening SMEs. According to this motto, the Swiss Climate Foundation supports projects of small and medium-sized enterprises (SMEs) that contribute to climate protection. Since its establishment in 2008, the foundation has awarded grants totaling 20 million Swiss francs to over 1,400 SMEs in Switzerland and the Principality of Liechtenstein.<\/em><\/p>\n<p><em>The Swiss Climate Foundation was established as a non-profit, independent foundation. It is under federal supervision and is open to interested companies that want to strengthen climate protection through efficient and targeted use of the redistribution from the CO2 steering levy.<\/em><\/p>\n<p><em>Since January 2008, the CO2 Act has required a levy on fuels. Part of the levy flows back to the economy. Large service companies in particular receive more back than they have paid. The partner companies of the Swiss Climate Foundation use this \"net rebate\" for climate protection measures of Swiss and Liechtenstein SMEs.<\/em><\/p>\n<p><em>The partners of the Swiss Climate Foundation<\/em><\/p>\n<p><em>The Swiss and Liechtenstein service providers Allianz Suisse, Alternative Bank Switzerland, AXA, Bank J. Safra Sarasin, ECA, Geb\u00e4udeversicherung Bern, Geb\u00e4udeversicherung Kanton Z\u00fcrich, Glarner Kantonalbank, Julius B\u00e4r, LGT, Liechtensteinische Landesbank, Man Investments, NewRe, PartnerRe, Pictet &amp; Cie, PwC Switzerland, Raiffeisen Switzerland, RobecoSAM, Sanitas Krankenversicherung, SAP (Schweiz) AG, SCOR, Swiss Life, Swiss Re, Vaudoise Assurances, Vontobel, VP Bank and AXA XL are partners of the Swiss Climate Foundation.<\/em><\/p>\n<p>More information: <a href=\"\/\/www.klimastiftung.ch\">www.klimastiftung.ch<\/a><\/p>\n<p>&nbsp;<\/p>\n<p>&nbsp;<\/p>","protected":false},"excerpt":{"rendered":"<p>Die Klimastiftung Schweiz schreibt im j\u00fcngsten Communique \u00fcber pr\u00e4mierte Klimaschutz-Projekte: K\u00fche schaden dem Klima etwa gleich stark wie alle Autos, Lastwagen und Flugzeuge zusammen. Methan, das in ihren M\u00e4gen entsteht, ist um ein Vielfaches sch\u00e4dlicher als CO2. Nun will ein Westschweizer KMU daf\u00fcr sorgen, dass K\u00fche weniger Methan ausstossen. Ein Futtermittelzusatz auf Basis von Knoblauch [&hellip;]<\/p>\n","protected":false},"author":5,"featured_media":2147,"comment_status":"open","ping_status":"open","sticky":false,"template":"","format":"standard","meta":{"_acf_changed":false,"_yoast_wpseo_focuskw":"Klimastiftung","_yoast_wpseo_metadesc":"Die Klimastiftung Schweiz hat entschieden, welche Klimaschutz-Projekte von Schweizer und Liechtensteiner KMU sie diesen Fr\u00fchling f\u00f6rdert.","articlekey":"","footnotes":""},"categories":[1],"tags":[1210,1526],"class_list":["post-2146","post","type-post","status-publish","format-standard","has-post-thumbnail","hentry","category-allgemein","tag-foerdergelder","tag-klimastiftung-schweiz"],"acf":[],"yoast_head":"<!-- This site is optimized with the Yoast SEO plugin v27.5 - https:\/\/yoast.com\/product\/yoast-seo-wordpress\/ -->\n<title>R\u00fclpsende K\u00fche und k\u00fcnstliche Intelligenz: Klimastiftung spricht F\u00f6rdergelder - Organisator<\/title>\n<meta name=\"description\" content=\"Die Klimastiftung Schweiz hat entschieden, welche Klimaschutz-Projekte von Schweizer und Liechtensteiner KMU sie diesen Fr\u00fchling f\u00f6rdert.\" \/>\n<meta name=\"robots\" content=\"index, follow, max-snippet:-1, max-image-preview:large, max-video-preview:-1\" \/>\n<link rel=\"canonical\" href=\"https:\/\/www.organisator.ch\/en\/general\/2019-05-16\/ruelpsende-kuehe-und-kuenstliche-intelligenz-klimastiftung-spricht-foerdergelder\/\" \/>\n<meta property=\"og:locale\" content=\"en_US\" \/>\n<meta property=\"og:type\" content=\"article\" \/>\n<meta property=\"og:title\" content=\"R\u00fclpsende K\u00fche und k\u00fcnstliche Intelligenz: Klimastiftung spricht F\u00f6rdergelder - Organisator\" \/>\n<meta property=\"og:description\" content=\"Die Klimastiftung Schweiz hat entschieden, welche Klimaschutz-Projekte von Schweizer und Liechtensteiner KMU sie diesen Fr\u00fchling f\u00f6rdert.\" \/>\n<meta property=\"og:url\" content=\"https:\/\/www.organisator.ch\/en\/general\/2019-05-16\/ruelpsende-kuehe-und-kuenstliche-intelligenz-klimastiftung-spricht-foerdergelder\/\" \/>\n<meta property=\"og:site_name\" content=\"Organisator\" \/>\n<meta property=\"article:publisher\" content=\"https:\/\/www.facebook.com\/OrganisatorFachmagazin\" \/>\n<meta property=\"article:published_time\" content=\"2019-05-16T09:43:35+00:00\" \/>\n<meta property=\"og:image\" content=\"https:\/\/www.organisator.ch\/wp-content\/uploads\/2019\/05\/Auszeichnungen-Klimastiftung-Schweiz-UP_Umweltperspektiven.jpg\" \/>\n\t<meta property=\"og:image:width\" content=\"970\" \/>\n\t<meta property=\"og:image:height\" content=\"546\" \/>\n\t<meta property=\"og:image:type\" content=\"image\/jpeg\" \/>\n<meta name=\"author\" content=\"michael.merz\" \/>\n<meta name=\"twitter:card\" content=\"summary_large_image\" \/>\n<script type=\"application\/ld+json\" class=\"yoast-schema-graph\">{\"@context\":\"https:\\\/\\\/schema.org\",\"@graph\":[{\"@type\":\"Article\",\"@id\":\"https:\\\/\\\/www.organisator.ch\\\/de\\\/allgemein\\\/2019-05-16\\\/ruelpsende-kuehe-und-kuenstliche-intelligenz-klimastiftung-spricht-foerdergelder\\\/#article\",\"isPartOf\":{\"@id\":\"https:\\\/\\\/www.organisator.ch\\\/de\\\/allgemein\\\/2019-05-16\\\/ruelpsende-kuehe-und-kuenstliche-intelligenz-klimastiftung-spricht-foerdergelder\\\/\"},\"author\":{\"name\":\"michael.merz\",\"@id\":\"https:\\\/\\\/www.organisator.ch\\\/#\\\/schema\\\/person\\\/134708ca9321c57b0362cceb7948ffbd\"},\"headline\":\"R\u00fclpsende K\u00fche und k\u00fcnstliche Intelligenz: Klimastiftung spricht F\u00f6rdergelder\",\"datePublished\":\"2019-05-16T09:43:35+00:00\",\"mainEntityOfPage\":{\"@id\":\"https:\\\/\\\/www.organisator.ch\\\/de\\\/allgemein\\\/2019-05-16\\\/ruelpsende-kuehe-und-kuenstliche-intelligenz-klimastiftung-spricht-foerdergelder\\\/\"},\"wordCount\":699,\"commentCount\":0,\"publisher\":{\"@id\":\"https:\\\/\\\/www.organisator.ch\\\/#organization\"},\"image\":{\"@id\":\"https:\\\/\\\/www.organisator.ch\\\/de\\\/allgemein\\\/2019-05-16\\\/ruelpsende-kuehe-und-kuenstliche-intelligenz-klimastiftung-spricht-foerdergelder\\\/#primaryimage\"},\"thumbnailUrl\":\"https:\\\/\\\/www.organisator.ch\\\/wp-content\\\/uploads\\\/2019\\\/05\\\/Auszeichnungen-Klimastiftung-Schweiz-UP_Umweltperspektiven.jpg\",\"keywords\":[\"F\u00f6rdergelder\",\"Klimastiftung Schweiz\"],\"articleSection\":[\"Allgemein\"],\"inLanguage\":\"en-US\"},{\"@type\":\"WebPage\",\"@id\":\"https:\\\/\\\/www.organisator.ch\\\/de\\\/allgemein\\\/2019-05-16\\\/ruelpsende-kuehe-und-kuenstliche-intelligenz-klimastiftung-spricht-foerdergelder\\\/\",\"url\":\"https:\\\/\\\/www.organisator.ch\\\/de\\\/allgemein\\\/2019-05-16\\\/ruelpsende-kuehe-und-kuenstliche-intelligenz-klimastiftung-spricht-foerdergelder\\\/\",\"name\":\"R\u00fclpsende K\u00fche und k\u00fcnstliche Intelligenz: Klimastiftung spricht F\u00f6rdergelder - Organisator\",\"isPartOf\":{\"@id\":\"https:\\\/\\\/www.organisator.ch\\\/#website\"},\"primaryImageOfPage\":{\"@id\":\"https:\\\/\\\/www.organisator.ch\\\/de\\\/allgemein\\\/2019-05-16\\\/ruelpsende-kuehe-und-kuenstliche-intelligenz-klimastiftung-spricht-foerdergelder\\\/#primaryimage\"},\"image\":{\"@id\":\"https:\\\/\\\/www.organisator.ch\\\/de\\\/allgemein\\\/2019-05-16\\\/ruelpsende-kuehe-und-kuenstliche-intelligenz-klimastiftung-spricht-foerdergelder\\\/#primaryimage\"},\"thumbnailUrl\":\"https:\\\/\\\/www.organisator.ch\\\/wp-content\\\/uploads\\\/2019\\\/05\\\/Auszeichnungen-Klimastiftung-Schweiz-UP_Umweltperspektiven.jpg\",\"datePublished\":\"2019-05-16T09:43:35+00:00\",\"description\":\"Die Klimastiftung Schweiz hat entschieden, welche Klimaschutz-Projekte von Schweizer und Liechtensteiner KMU sie diesen Fr\u00fchling f\u00f6rdert.\",\"breadcrumb\":{\"@id\":\"https:\\\/\\\/www.organisator.ch\\\/de\\\/allgemein\\\/2019-05-16\\\/ruelpsende-kuehe-und-kuenstliche-intelligenz-klimastiftung-spricht-foerdergelder\\\/#breadcrumb\"},\"inLanguage\":\"en-US\",\"potentialAction\":[{\"@type\":\"ReadAction\",\"target\":[\"https:\\\/\\\/www.organisator.ch\\\/de\\\/allgemein\\\/2019-05-16\\\/ruelpsende-kuehe-und-kuenstliche-intelligenz-klimastiftung-spricht-foerdergelder\\\/\"]}]},{\"@type\":\"ImageObject\",\"inLanguage\":\"en-US\",\"@id\":\"https:\\\/\\\/www.organisator.ch\\\/de\\\/allgemein\\\/2019-05-16\\\/ruelpsende-kuehe-und-kuenstliche-intelligenz-klimastiftung-spricht-foerdergelder\\\/#primaryimage\",\"url\":\"https:\\\/\\\/www.organisator.ch\\\/wp-content\\\/uploads\\\/2019\\\/05\\\/Auszeichnungen-Klimastiftung-Schweiz-UP_Umweltperspektiven.jpg\",\"contentUrl\":\"https:\\\/\\\/www.organisator.ch\\\/wp-content\\\/uploads\\\/2019\\\/05\\\/Auszeichnungen-Klimastiftung-Schweiz-UP_Umweltperspektiven.jpg\",\"width\":970,\"height\":546,\"caption\":\"Die Stiftung hat seit ihrer Gr\u00fcndung 2008 F\u00f6rderungen in der H\u00f6he von 20 Millionen Franken f\u00fcr \u00fcber 1'400 KMU in der Schweiz und im F\u00fcrstentum Liechtenstein gesprochen. (Bild: Klimastiftung Schweiz)\"},{\"@type\":\"BreadcrumbList\",\"@id\":\"https:\\\/\\\/www.organisator.ch\\\/de\\\/allgemein\\\/2019-05-16\\\/ruelpsende-kuehe-und-kuenstliche-intelligenz-klimastiftung-spricht-foerdergelder\\\/#breadcrumb\",\"itemListElement\":[{\"@type\":\"ListItem\",\"position\":1,\"name\":\"Home\",\"item\":\"https:\\\/\\\/www.organisator.ch\\\/\"},{\"@type\":\"ListItem\",\"position\":2,\"name\":\"R\u00fclpsende K\u00fche und k\u00fcnstliche Intelligenz: Klimastiftung spricht F\u00f6rdergelder\"}]},{\"@type\":\"WebSite\",\"@id\":\"https:\\\/\\\/www.organisator.ch\\\/#website\",\"url\":\"https:\\\/\\\/www.organisator.ch\\\/\",\"name\":\"Organisator\",\"description\":\"Kompetent. Praxisnah. Der ORGANISATOR bereitet in 10 Ausgaben pro Jahr die wesentlichen Themen f\u00fcr F\u00fchrungskr\u00e4fte von KMU auf.\",\"publisher\":{\"@id\":\"https:\\\/\\\/www.organisator.ch\\\/#organization\"},\"potentialAction\":[{\"@type\":\"SearchAction\",\"target\":{\"@type\":\"EntryPoint\",\"urlTemplate\":\"https:\\\/\\\/www.organisator.ch\\\/?s={search_term_string}\"},\"query-input\":{\"@type\":\"PropertyValueSpecification\",\"valueRequired\":true,\"valueName\":\"search_term_string\"}}],\"inLanguage\":\"en-US\"},{\"@type\":\"Organization\",\"@id\":\"https:\\\/\\\/www.organisator.ch\\\/#organization\",\"name\":\"Organisator\",\"url\":\"https:\\\/\\\/www.organisator.ch\\\/\",\"logo\":{\"@type\":\"ImageObject\",\"inLanguage\":\"en-US\",\"@id\":\"https:\\\/\\\/www.organisator.ch\\\/#\\\/schema\\\/logo\\\/image\\\/\",\"url\":\"https:\\\/\\\/www.organisator.ch\\\/wp-content\\\/uploads\\\/2022\\\/01\\\/Logo_Organisator_Website.png\",\"contentUrl\":\"https:\\\/\\\/www.organisator.ch\\\/wp-content\\\/uploads\\\/2022\\\/01\\\/Logo_Organisator_Website.png\",\"width\":800,\"height\":77,\"caption\":\"Organisator\"},\"image\":{\"@id\":\"https:\\\/\\\/www.organisator.ch\\\/#\\\/schema\\\/logo\\\/image\\\/\"},\"sameAs\":[\"https:\\\/\\\/www.facebook.com\\\/OrganisatorFachmagazin\",\"https:\\\/\\\/www.linkedin.com\\\/showcase\\\/organisator-das-magazin-fr-kmu\",\"https:\\\/\\\/www.xing.com\\\/news\\\/pages\\\/organisator-ch-695\",\"https:\\\/\\\/www.youtube.com\\\/channel\\\/UCGP2Sq0iWaZwT3BdIAQFYpw\"]},{\"@type\":\"Person\",\"@id\":\"https:\\\/\\\/www.organisator.ch\\\/#\\\/schema\\\/person\\\/134708ca9321c57b0362cceb7948ffbd\",\"name\":\"michael.merz\",\"image\":{\"@type\":\"ImageObject\",\"inLanguage\":\"en-US\",\"@id\":\"https:\\\/\\\/secure.gravatar.com\\\/avatar\\\/?s=96&d=mm&r=g\",\"url\":\"https:\\\/\\\/secure.gravatar.com\\\/avatar\\\/?s=96&d=mm&r=g\",\"contentUrl\":\"https:\\\/\\\/secure.gravatar.com\\\/avatar\\\/?s=96&d=mm&r=g\",\"caption\":\"michael.merz\"},\"url\":\"https:\\\/\\\/www.organisator.ch\\\/en\\\/author\\\/michael-merz\\\/\"}]}<\/script>\n<!-- \/ Yoast SEO plugin. -->","yoast_head_json":{"title":"Burping cows and artificial intelligence: climate foundation awards grants - organizer","description":"The Swiss Climate Foundation has decided which climate protection projects of Swiss and Liechtenstein SMEs it will support this spring.","robots":{"index":"index","follow":"follow","max-snippet":"max-snippet:-1","max-image-preview":"max-image-preview:large","max-video-preview":"max-video-preview:-1"},"canonical":"https:\/\/www.organisator.ch\/en\/general\/2019-05-16\/ruelpsende-kuehe-und-kuenstliche-intelligenz-klimastiftung-spricht-foerdergelder\/","og_locale":"en_US","og_type":"article","og_title":"R\u00fclpsende K\u00fche und k\u00fcnstliche Intelligenz: Klimastiftung spricht F\u00f6rdergelder - Organisator","og_description":"Die Klimastiftung Schweiz hat entschieden, welche Klimaschutz-Projekte von Schweizer und Liechtensteiner KMU sie diesen Fr\u00fchling f\u00f6rdert.","og_url":"https:\/\/www.organisator.ch\/en\/general\/2019-05-16\/ruelpsende-kuehe-und-kuenstliche-intelligenz-klimastiftung-spricht-foerdergelder\/","og_site_name":"Organisator","article_publisher":"https:\/\/www.facebook.com\/OrganisatorFachmagazin","article_published_time":"2019-05-16T09:43:35+00:00","og_image":[{"width":970,"height":546,"url":"https:\/\/www.organisator.ch\/wp-content\/uploads\/2019\/05\/Auszeichnungen-Klimastiftung-Schweiz-UP_Umweltperspektiven.jpg","type":"image\/jpeg"}],"author":"michael.merz","twitter_card":"summary_large_image","schema":{"@context":"https:\/\/schema.org","@graph":[{"@type":"Article","@id":"https:\/\/www.organisator.ch\/de\/allgemein\/2019-05-16\/ruelpsende-kuehe-und-kuenstliche-intelligenz-klimastiftung-spricht-foerdergelder\/#article","isPartOf":{"@id":"https:\/\/www.organisator.ch\/de\/allgemein\/2019-05-16\/ruelpsende-kuehe-und-kuenstliche-intelligenz-klimastiftung-spricht-foerdergelder\/"},"author":{"name":"michael.merz","@id":"https:\/\/www.organisator.ch\/#\/schema\/person\/134708ca9321c57b0362cceb7948ffbd"},"headline":"R\u00fclpsende K\u00fche und k\u00fcnstliche Intelligenz: Klimastiftung spricht F\u00f6rdergelder","datePublished":"2019-05-16T09:43:35+00:00","mainEntityOfPage":{"@id":"https:\/\/www.organisator.ch\/de\/allgemein\/2019-05-16\/ruelpsende-kuehe-und-kuenstliche-intelligenz-klimastiftung-spricht-foerdergelder\/"},"wordCount":699,"commentCount":0,"publisher":{"@id":"https:\/\/www.organisator.ch\/#organization"},"image":{"@id":"https:\/\/www.organisator.ch\/de\/allgemein\/2019-05-16\/ruelpsende-kuehe-und-kuenstliche-intelligenz-klimastiftung-spricht-foerdergelder\/#primaryimage"},"thumbnailUrl":"https:\/\/www.organisator.ch\/wp-content\/uploads\/2019\/05\/Auszeichnungen-Klimastiftung-Schweiz-UP_Umweltperspektiven.jpg","keywords":["F\u00f6rdergelder","Klimastiftung Schweiz"],"articleSection":["Allgemein"],"inLanguage":"en-US"},{"@type":"WebPage","@id":"https:\/\/www.organisator.ch\/de\/allgemein\/2019-05-16\/ruelpsende-kuehe-und-kuenstliche-intelligenz-klimastiftung-spricht-foerdergelder\/","url":"https:\/\/www.organisator.ch\/de\/allgemein\/2019-05-16\/ruelpsende-kuehe-und-kuenstliche-intelligenz-klimastiftung-spricht-foerdergelder\/","name":"Burping cows and artificial intelligence: climate foundation awards grants - organizer","isPartOf":{"@id":"https:\/\/www.organisator.ch\/#website"},"primaryImageOfPage":{"@id":"https:\/\/www.organisator.ch\/de\/allgemein\/2019-05-16\/ruelpsende-kuehe-und-kuenstliche-intelligenz-klimastiftung-spricht-foerdergelder\/#primaryimage"},"image":{"@id":"https:\/\/www.organisator.ch\/de\/allgemein\/2019-05-16\/ruelpsende-kuehe-und-kuenstliche-intelligenz-klimastiftung-spricht-foerdergelder\/#primaryimage"},"thumbnailUrl":"https:\/\/www.organisator.ch\/wp-content\/uploads\/2019\/05\/Auszeichnungen-Klimastiftung-Schweiz-UP_Umweltperspektiven.jpg","datePublished":"2019-05-16T09:43:35+00:00","description":"The Swiss Climate Foundation has decided which climate protection projects of Swiss and Liechtenstein SMEs it will support this spring.","breadcrumb":{"@id":"https:\/\/www.organisator.ch\/de\/allgemein\/2019-05-16\/ruelpsende-kuehe-und-kuenstliche-intelligenz-klimastiftung-spricht-foerdergelder\/#breadcrumb"},"inLanguage":"en-US","potentialAction":[{"@type":"ReadAction","target":["https:\/\/www.organisator.ch\/de\/allgemein\/2019-05-16\/ruelpsende-kuehe-und-kuenstliche-intelligenz-klimastiftung-spricht-foerdergelder\/"]}]},{"@type":"ImageObject","inLanguage":"en-US","@id":"https:\/\/www.organisator.ch\/de\/allgemein\/2019-05-16\/ruelpsende-kuehe-und-kuenstliche-intelligenz-klimastiftung-spricht-foerdergelder\/#primaryimage","url":"https:\/\/www.organisator.ch\/wp-content\/uploads\/2019\/05\/Auszeichnungen-Klimastiftung-Schweiz-UP_Umweltperspektiven.jpg","contentUrl":"https:\/\/www.organisator.ch\/wp-content\/uploads\/2019\/05\/Auszeichnungen-Klimastiftung-Schweiz-UP_Umweltperspektiven.jpg","width":970,"height":546,"caption":"Die Stiftung hat seit ihrer Gr\u00fcndung 2008 F\u00f6rderungen in der H\u00f6he von 20 Millionen Franken f\u00fcr \u00fcber 1'400 KMU in der Schweiz und im F\u00fcrstentum Liechtenstein gesprochen. (Bild: Klimastiftung Schweiz)"},{"@type":"BreadcrumbList","@id":"https:\/\/www.organisator.ch\/de\/allgemein\/2019-05-16\/ruelpsende-kuehe-und-kuenstliche-intelligenz-klimastiftung-spricht-foerdergelder\/#breadcrumb","itemListElement":[{"@type":"ListItem","position":1,"name":"Home","item":"https:\/\/www.organisator.ch\/"},{"@type":"ListItem","position":2,"name":"R\u00fclpsende K\u00fche und k\u00fcnstliche Intelligenz: Klimastiftung spricht F\u00f6rdergelder"}]},{"@type":"WebSite","@id":"https:\/\/www.organisator.ch\/#website","url":"https:\/\/www.organisator.ch\/","name":"Organizer","description":"Competent. Practical. In 10 issues per year, ORGANISATOR presents the essential topics for managers of SMEs.","publisher":{"@id":"https:\/\/www.organisator.ch\/#organization"},"potentialAction":[{"@type":"SearchAction","target":{"@type":"EntryPoint","urlTemplate":"https:\/\/www.organisator.ch\/?s={search_term_string}"},"query-input":{"@type":"PropertyValueSpecification","valueRequired":true,"valueName":"search_term_string"}}],"inLanguage":"en-US"},{"@type":"Organization","@id":"https:\/\/www.organisator.ch\/#organization","name":"Organizer","url":"https:\/\/www.organisator.ch\/","logo":{"@type":"ImageObject","inLanguage":"en-US","@id":"https:\/\/www.organisator.ch\/#\/schema\/logo\/image\/","url":"https:\/\/www.organisator.ch\/wp-content\/uploads\/2022\/01\/Logo_Organisator_Website.png","contentUrl":"https:\/\/www.organisator.ch\/wp-content\/uploads\/2022\/01\/Logo_Organisator_Website.png","width":800,"height":77,"caption":"Organisator"},"image":{"@id":"https:\/\/www.organisator.ch\/#\/schema\/logo\/image\/"},"sameAs":["https:\/\/www.facebook.com\/OrganisatorFachmagazin","https:\/\/www.linkedin.com\/showcase\/organisator-das-magazin-fr-kmu","https:\/\/www.xing.com\/news\/pages\/organisator-ch-695","https:\/\/www.youtube.com\/channel\/UCGP2Sq0iWaZwT3BdIAQFYpw"]},{"@type":"Person","@id":"https:\/\/www.organisator.ch\/#\/schema\/person\/134708ca9321c57b0362cceb7948ffbd","name":"michael.merz","image":{"@type":"ImageObject","inLanguage":"en-US","@id":"https:\/\/secure.gravatar.com\/avatar\/?s=96&d=mm&r=g","url":"https:\/\/secure.gravatar.com\/avatar\/?s=96&d=mm&r=g","contentUrl":"https:\/\/secure.gravatar.com\/avatar\/?s=96&d=mm&r=g","caption":"michael.merz"},"url":"https:\/\/www.organisator.ch\/en\/author\/michael-merz\/"}]}},"_links":{"self":[{"href":"https:\/\/www.organisator.ch\/en\/wp-json\/wp\/v2\/posts\/2146","targetHints":{"allow":["GET"]}}],"collection":[{"href":"https:\/\/www.organisator.ch\/en\/wp-json\/wp\/v2\/posts"}],"about":[{"href":"https:\/\/www.organisator.ch\/en\/wp-json\/wp\/v2\/types\/post"}],"author":[{"embeddable":true,"href":"https:\/\/www.organisator.ch\/en\/wp-json\/wp\/v2\/users\/5"}],"replies":[{"embeddable":true,"href":"https:\/\/www.organisator.ch\/en\/wp-json\/wp\/v2\/comments?post=2146"}],"version-history":[{"count":0,"href":"https:\/\/www.organisator.ch\/en\/wp-json\/wp\/v2\/posts\/2146\/revisions"}],"wp:featuredmedia":[{"embeddable":true,"href":"https:\/\/www.organisator.ch\/en\/wp-json\/wp\/v2\/media\/2147"}],"wp:attachment":[{"href":"https:\/\/www.organisator.ch\/en\/wp-json\/wp\/v2\/media?parent=2146"}],"wp:term":[{"taxonomy":"category","embeddable":true,"href":"https:\/\/www.organisator.ch\/en\/wp-json\/wp\/v2\/categories?post=2146"},{"taxonomy":"post_tag","embeddable":true,"href":"https:\/\/www.organisator.ch\/en\/wp-json\/wp\/v2\/tags?post=2146"}],"curies":[{"name":"wp","href":"https:\/\/api.w.org\/{rel}","templated":true}]}}