{"id":21529,"date":"2023-08-31T08:20:08","date_gmt":"2023-08-31T06:20:08","guid":{"rendered":"https:\/\/www.m-q.ch\/?p=18453"},"modified":"2024-11-14T12:33:45","modified_gmt":"2024-11-14T11:33:45","slug":"sensibilisierungskampagne-zur-datensicherung-lanciert-2","status":"publish","type":"post","link":"https:\/\/www.organisator.ch\/en\/operational-excellence\/2023-08-31\/sensibilisierungskampagne-zur-datensicherung-lanciert-2\/","title":{"rendered":"Data protection awareness campaign launched"},"content":{"rendered":"<figure id=\"attachment_18454\" class=\"wp-caption alignnone\" style=\"width: 680px\" aria-describedby=\"caption-attachment-18454\"><img class=\"alignnone wp-image-18454 size-full\" src=\"https:\/\/www.m-q.ch\/wp-content\/uploads\/2023\/08\/Sensibilisierungskampagne-zur-Datensicherung-lanciert_MQ.jpg\" alt=\"Awareness campaign\" width=\"680\" height=\"232\" \/>\r\n<figcaption id=\"caption-attachment-18454\" class=\"wp-caption-text\">This is what the awareness campaign for more backups looks like. (Image: S-U-P-E-R.ch)<\/figcaption>\r\n<\/figure>\r\n<p>The summer vacations are over. Many photos remind of the beautiful experiences and new acquaintances. However, when photos, contacts or other important data are lost, many only realize how important data backups are. Unfortunately, this is too late. The awareness campaign S-U-P-E-R.ch therefore puts the current focus on the \"S\" like \"Backup.<\/p>\r\n<h3>With backups to more cyber security<\/h3>\r\n<p>Backups not only protect data from loss due to broken devices or theft, they are also an important backstop against cyberattacks and extortion attempts. Those who can fall back on their backed-up data are less vulnerable to blackmail by cybercriminals in the event of data encryption. Data backups are therefore an important step towards greater cyber security. Backups should also be kept separate from the network and secure so that attackers cannot additionally encrypt the backups. Data backups should be made regularly and integrated into everyday life. This applies to companies, organizations as well as private individuals. Interested parties can find out how to do this on the campaign website S-U-P-E-R.ch.<\/p>\r\n<h3>National data security awareness campaign<\/h3>\r\n<p>From September 1, the NCSC, the SKP and the cantonal and municipal police corps, with the support of iBarry and EBAS, are raising awareness among the Swiss population about the importance of data backups. On the communication media, a possible data loss is visualized with slowly disappearing text, combined with the request to make a backup in time. On the campaign website <a href=\"http:\/\/www.s-u-p-e-r.ch\/\">S-U-P-E-R.ch<\/a> learning videos convey the most important information. With the knowledge acquired and a little luck, you not only win more cybersecurity, but also a competition prize. The campaign lasts until September 30, 2023.\u00a0<\/p>\n<p class=\"syndicated-attribution\">This article originally appeared on m-q.ch - <a href=\"https:\/\/www.m-q.ch\/de\/sensibilisierungskampagne-zur-datensicherung-lanciert\/\" target=\"_blank\">https:\/\/www.m-q.ch\/de\/sensibilisierungskampagne-zur-datensicherung-lanciert\/<\/a><\/p>","protected":false},"excerpt":{"rendered":"<p>The National Cyber Security Center (NCSC), the Swiss Crime Prevention (SCP) and the cantonal and municipal police corps are launching a national awareness campaign in September on the importance of data backups. The campaign is supported by the internet security platform iBarry and \"eBanking - but secure!\" (EBAS).<\/p>","protected":false},"author":8,"featured_media":0,"comment_status":"closed","ping_status":"closed","sticky":false,"template":"","format":"standard","meta":{"_acf_changed":false,"_yoast_wpseo_focuskw":"Sensibilisierungskampagne","_yoast_wpseo_metadesc":"Sichern von Daten: Nationale Kampagne in der Schweiz f\u00f6rdert Backups f\u00fcr mehr Cybersicherheit und Schutz vor Datenverlust.","articlekey":"","footnotes":""},"categories":[582],"tags":[3914],"class_list":["post-21529","post","type-post","status-publish","format-standard","hentry","category-operational-excellence","tag-behoerden"],"acf":[],"yoast_head":"<!-- This site is optimized with the Yoast SEO plugin v27.5 - https:\/\/yoast.com\/product\/yoast-seo-wordpress\/ -->\n<title>Sensibilisierungskampagne zur Datensicherung lanciert - Organisator<\/title>\n<meta name=\"description\" content=\"Sichern von Daten: Nationale Kampagne in der Schweiz f\u00f6rdert Backups f\u00fcr mehr Cybersicherheit und Schutz vor Datenverlust.\" \/>\n<meta name=\"robots\" content=\"index, follow, max-snippet:-1, max-image-preview:large, max-video-preview:-1\" \/>\n<link rel=\"canonical\" href=\"https:\/\/www.organisator.ch\/en\/operational-excellence\/2023-08-31\/sensibilisierungskampagne-zur-datensicherung-lanciert-2\/\" \/>\n<meta property=\"og:locale\" content=\"en_US\" \/>\n<meta property=\"og:type\" content=\"article\" \/>\n<meta property=\"og:title\" content=\"Sensibilisierungskampagne zur Datensicherung lanciert - Organisator\" \/>\n<meta property=\"og:description\" content=\"Sichern von Daten: Nationale Kampagne in der Schweiz f\u00f6rdert Backups f\u00fcr mehr Cybersicherheit und Schutz vor Datenverlust.\" \/>\n<meta property=\"og:url\" content=\"https:\/\/www.organisator.ch\/en\/operational-excellence\/2023-08-31\/sensibilisierungskampagne-zur-datensicherung-lanciert-2\/\" \/>\n<meta property=\"og:site_name\" content=\"Organisator\" \/>\n<meta property=\"article:publisher\" content=\"https:\/\/www.facebook.com\/OrganisatorFachmagazin\" \/>\n<meta property=\"article:published_time\" content=\"2023-08-31T06:20:08+00:00\" \/>\n<meta property=\"article:modified_time\" content=\"2024-11-14T11:33:45+00:00\" \/>\n<meta name=\"author\" content=\"galledia\" \/>\n<meta name=\"twitter:card\" content=\"summary_large_image\" \/>\n<meta name=\"twitter:creator\" content=\"@admin\" \/>\n<script type=\"application\/ld+json\" class=\"yoast-schema-graph\">{\"@context\":\"https:\\\/\\\/schema.org\",\"@graph\":[{\"@type\":\"Article\",\"@id\":\"https:\\\/\\\/www.organisator.ch\\\/operational-excellence\\\/2023-08-31\\\/sensibilisierungskampagne-zur-datensicherung-lanciert-2\\\/#article\",\"isPartOf\":{\"@id\":\"https:\\\/\\\/www.organisator.ch\\\/operational-excellence\\\/2023-08-31\\\/sensibilisierungskampagne-zur-datensicherung-lanciert-2\\\/\"},\"author\":{\"name\":\"galledia\",\"@id\":\"https:\\\/\\\/www.organisator.ch\\\/#\\\/schema\\\/person\\\/4e51799071cd2dd1232ac003643ef5f0\"},\"headline\":\"Sensibilisierungskampagne zur Datensicherung lanciert\",\"datePublished\":\"2023-08-31T06:20:08+00:00\",\"dateModified\":\"2024-11-14T11:33:45+00:00\",\"mainEntityOfPage\":{\"@id\":\"https:\\\/\\\/www.organisator.ch\\\/operational-excellence\\\/2023-08-31\\\/sensibilisierungskampagne-zur-datensicherung-lanciert-2\\\/\"},\"wordCount\":276,\"publisher\":{\"@id\":\"https:\\\/\\\/www.organisator.ch\\\/#organization\"},\"image\":{\"@id\":\"https:\\\/\\\/www.organisator.ch\\\/operational-excellence\\\/2023-08-31\\\/sensibilisierungskampagne-zur-datensicherung-lanciert-2\\\/#primaryimage\"},\"thumbnailUrl\":\"https:\\\/\\\/www.m-q.ch\\\/wp-content\\\/uploads\\\/2023\\\/08\\\/Sensibilisierungskampagne-zur-Datensicherung-lanciert_MQ.jpg\",\"keywords\":[\"Beh\u00f6rden\"],\"articleSection\":[\"OPERATIONAL EXCELLENCE\"],\"inLanguage\":\"en-US\"},{\"@type\":\"WebPage\",\"@id\":\"https:\\\/\\\/www.organisator.ch\\\/operational-excellence\\\/2023-08-31\\\/sensibilisierungskampagne-zur-datensicherung-lanciert-2\\\/\",\"url\":\"https:\\\/\\\/www.organisator.ch\\\/operational-excellence\\\/2023-08-31\\\/sensibilisierungskampagne-zur-datensicherung-lanciert-2\\\/\",\"name\":\"Sensibilisierungskampagne zur Datensicherung lanciert - Organisator\",\"isPartOf\":{\"@id\":\"https:\\\/\\\/www.organisator.ch\\\/#website\"},\"primaryImageOfPage\":{\"@id\":\"https:\\\/\\\/www.organisator.ch\\\/operational-excellence\\\/2023-08-31\\\/sensibilisierungskampagne-zur-datensicherung-lanciert-2\\\/#primaryimage\"},\"image\":{\"@id\":\"https:\\\/\\\/www.organisator.ch\\\/operational-excellence\\\/2023-08-31\\\/sensibilisierungskampagne-zur-datensicherung-lanciert-2\\\/#primaryimage\"},\"thumbnailUrl\":\"https:\\\/\\\/www.m-q.ch\\\/wp-content\\\/uploads\\\/2023\\\/08\\\/Sensibilisierungskampagne-zur-Datensicherung-lanciert_MQ.jpg\",\"datePublished\":\"2023-08-31T06:20:08+00:00\",\"dateModified\":\"2024-11-14T11:33:45+00:00\",\"description\":\"Sichern von Daten: Nationale Kampagne in der Schweiz f\u00f6rdert Backups f\u00fcr mehr Cybersicherheit und Schutz vor Datenverlust.\",\"breadcrumb\":{\"@id\":\"https:\\\/\\\/www.organisator.ch\\\/operational-excellence\\\/2023-08-31\\\/sensibilisierungskampagne-zur-datensicherung-lanciert-2\\\/#breadcrumb\"},\"inLanguage\":\"en-US\",\"potentialAction\":[{\"@type\":\"ReadAction\",\"target\":[\"https:\\\/\\\/www.organisator.ch\\\/operational-excellence\\\/2023-08-31\\\/sensibilisierungskampagne-zur-datensicherung-lanciert-2\\\/\"]}]},{\"@type\":\"ImageObject\",\"inLanguage\":\"en-US\",\"@id\":\"https:\\\/\\\/www.organisator.ch\\\/operational-excellence\\\/2023-08-31\\\/sensibilisierungskampagne-zur-datensicherung-lanciert-2\\\/#primaryimage\",\"url\":\"https:\\\/\\\/www.m-q.ch\\\/wp-content\\\/uploads\\\/2023\\\/08\\\/Sensibilisierungskampagne-zur-Datensicherung-lanciert_MQ.jpg\",\"contentUrl\":\"https:\\\/\\\/www.m-q.ch\\\/wp-content\\\/uploads\\\/2023\\\/08\\\/Sensibilisierungskampagne-zur-Datensicherung-lanciert_MQ.jpg\"},{\"@type\":\"BreadcrumbList\",\"@id\":\"https:\\\/\\\/www.organisator.ch\\\/operational-excellence\\\/2023-08-31\\\/sensibilisierungskampagne-zur-datensicherung-lanciert-2\\\/#breadcrumb\",\"itemListElement\":[{\"@type\":\"ListItem\",\"position\":1,\"name\":\"Home\",\"item\":\"https:\\\/\\\/www.organisator.ch\\\/\"},{\"@type\":\"ListItem\",\"position\":2,\"name\":\"Sensibilisierungskampagne zur Datensicherung lanciert\"}]},{\"@type\":\"WebSite\",\"@id\":\"https:\\\/\\\/www.organisator.ch\\\/#website\",\"url\":\"https:\\\/\\\/www.organisator.ch\\\/\",\"name\":\"Organisator\",\"description\":\"Kompetent. Praxisnah. Der ORGANISATOR bereitet in 10 Ausgaben pro Jahr die wesentlichen Themen f\u00fcr F\u00fchrungskr\u00e4fte von KMU auf.\",\"publisher\":{\"@id\":\"https:\\\/\\\/www.organisator.ch\\\/#organization\"},\"potentialAction\":[{\"@type\":\"SearchAction\",\"target\":{\"@type\":\"EntryPoint\",\"urlTemplate\":\"https:\\\/\\\/www.organisator.ch\\\/?s={search_term_string}\"},\"query-input\":{\"@type\":\"PropertyValueSpecification\",\"valueRequired\":true,\"valueName\":\"search_term_string\"}}],\"inLanguage\":\"en-US\"},{\"@type\":\"Organization\",\"@id\":\"https:\\\/\\\/www.organisator.ch\\\/#organization\",\"name\":\"Organisator\",\"url\":\"https:\\\/\\\/www.organisator.ch\\\/\",\"logo\":{\"@type\":\"ImageObject\",\"inLanguage\":\"en-US\",\"@id\":\"https:\\\/\\\/www.organisator.ch\\\/#\\\/schema\\\/logo\\\/image\\\/\",\"url\":\"https:\\\/\\\/www.organisator.ch\\\/wp-content\\\/uploads\\\/2022\\\/01\\\/Logo_Organisator_Website.png\",\"contentUrl\":\"https:\\\/\\\/www.organisator.ch\\\/wp-content\\\/uploads\\\/2022\\\/01\\\/Logo_Organisator_Website.png\",\"width\":800,\"height\":77,\"caption\":\"Organisator\"},\"image\":{\"@id\":\"https:\\\/\\\/www.organisator.ch\\\/#\\\/schema\\\/logo\\\/image\\\/\"},\"sameAs\":[\"https:\\\/\\\/www.facebook.com\\\/OrganisatorFachmagazin\",\"https:\\\/\\\/www.linkedin.com\\\/showcase\\\/organisator-das-magazin-fr-kmu\",\"https:\\\/\\\/www.xing.com\\\/news\\\/pages\\\/organisator-ch-695\",\"https:\\\/\\\/www.youtube.com\\\/channel\\\/UCGP2Sq0iWaZwT3BdIAQFYpw\"]},{\"@type\":\"Person\",\"@id\":\"https:\\\/\\\/www.organisator.ch\\\/#\\\/schema\\\/person\\\/4e51799071cd2dd1232ac003643ef5f0\",\"name\":\"galledia\",\"image\":{\"@type\":\"ImageObject\",\"inLanguage\":\"en-US\",\"@id\":\"https:\\\/\\\/secure.gravatar.com\\\/avatar\\\/78a7f90c01fc2bfc875782a0d4922b37cde2cf184ce347b91316d23cd7f69a36?s=96&d=mm&r=g\",\"url\":\"https:\\\/\\\/secure.gravatar.com\\\/avatar\\\/78a7f90c01fc2bfc875782a0d4922b37cde2cf184ce347b91316d23cd7f69a36?s=96&d=mm&r=g\",\"contentUrl\":\"https:\\\/\\\/secure.gravatar.com\\\/avatar\\\/78a7f90c01fc2bfc875782a0d4922b37cde2cf184ce347b91316d23cd7f69a36?s=96&d=mm&r=g\",\"caption\":\"galledia\"},\"sameAs\":[\"https:\\\/\\\/x.com\\\/admin\"],\"url\":\"https:\\\/\\\/www.organisator.ch\\\/en\\\/author\\\/galledia\\\/\"}]}<\/script>\n<!-- \/ Yoast SEO plugin. -->","yoast_head_json":{"title":"Data protection awareness campaign launched - organizer","description":"Backing up data: National campaign in Switzerland promotes backups for greater cyber security and protection against data loss.","robots":{"index":"index","follow":"follow","max-snippet":"max-snippet:-1","max-image-preview":"max-image-preview:large","max-video-preview":"max-video-preview:-1"},"canonical":"https:\/\/www.organisator.ch\/en\/operational-excellence\/2023-08-31\/sensibilisierungskampagne-zur-datensicherung-lanciert-2\/","og_locale":"en_US","og_type":"article","og_title":"Sensibilisierungskampagne zur Datensicherung lanciert - Organisator","og_description":"Sichern von Daten: Nationale Kampagne in der Schweiz f\u00f6rdert Backups f\u00fcr mehr Cybersicherheit und Schutz vor Datenverlust.","og_url":"https:\/\/www.organisator.ch\/en\/operational-excellence\/2023-08-31\/sensibilisierungskampagne-zur-datensicherung-lanciert-2\/","og_site_name":"Organisator","article_publisher":"https:\/\/www.facebook.com\/OrganisatorFachmagazin","article_published_time":"2023-08-31T06:20:08+00:00","article_modified_time":"2024-11-14T11:33:45+00:00","author":"galledia","twitter_card":"summary_large_image","twitter_creator":"@admin","schema":{"@context":"https:\/\/schema.org","@graph":[{"@type":"Article","@id":"https:\/\/www.organisator.ch\/operational-excellence\/2023-08-31\/sensibilisierungskampagne-zur-datensicherung-lanciert-2\/#article","isPartOf":{"@id":"https:\/\/www.organisator.ch\/operational-excellence\/2023-08-31\/sensibilisierungskampagne-zur-datensicherung-lanciert-2\/"},"author":{"name":"galledia","@id":"https:\/\/www.organisator.ch\/#\/schema\/person\/4e51799071cd2dd1232ac003643ef5f0"},"headline":"Sensibilisierungskampagne zur Datensicherung lanciert","datePublished":"2023-08-31T06:20:08+00:00","dateModified":"2024-11-14T11:33:45+00:00","mainEntityOfPage":{"@id":"https:\/\/www.organisator.ch\/operational-excellence\/2023-08-31\/sensibilisierungskampagne-zur-datensicherung-lanciert-2\/"},"wordCount":276,"publisher":{"@id":"https:\/\/www.organisator.ch\/#organization"},"image":{"@id":"https:\/\/www.organisator.ch\/operational-excellence\/2023-08-31\/sensibilisierungskampagne-zur-datensicherung-lanciert-2\/#primaryimage"},"thumbnailUrl":"https:\/\/www.m-q.ch\/wp-content\/uploads\/2023\/08\/Sensibilisierungskampagne-zur-Datensicherung-lanciert_MQ.jpg","keywords":["Beh\u00f6rden"],"articleSection":["OPERATIONAL EXCELLENCE"],"inLanguage":"en-US"},{"@type":"WebPage","@id":"https:\/\/www.organisator.ch\/operational-excellence\/2023-08-31\/sensibilisierungskampagne-zur-datensicherung-lanciert-2\/","url":"https:\/\/www.organisator.ch\/operational-excellence\/2023-08-31\/sensibilisierungskampagne-zur-datensicherung-lanciert-2\/","name":"Data protection awareness campaign launched - organizer","isPartOf":{"@id":"https:\/\/www.organisator.ch\/#website"},"primaryImageOfPage":{"@id":"https:\/\/www.organisator.ch\/operational-excellence\/2023-08-31\/sensibilisierungskampagne-zur-datensicherung-lanciert-2\/#primaryimage"},"image":{"@id":"https:\/\/www.organisator.ch\/operational-excellence\/2023-08-31\/sensibilisierungskampagne-zur-datensicherung-lanciert-2\/#primaryimage"},"thumbnailUrl":"https:\/\/www.m-q.ch\/wp-content\/uploads\/2023\/08\/Sensibilisierungskampagne-zur-Datensicherung-lanciert_MQ.jpg","datePublished":"2023-08-31T06:20:08+00:00","dateModified":"2024-11-14T11:33:45+00:00","description":"Backing up data: National campaign in Switzerland promotes backups for greater cyber security and protection against data loss.","breadcrumb":{"@id":"https:\/\/www.organisator.ch\/operational-excellence\/2023-08-31\/sensibilisierungskampagne-zur-datensicherung-lanciert-2\/#breadcrumb"},"inLanguage":"en-US","potentialAction":[{"@type":"ReadAction","target":["https:\/\/www.organisator.ch\/operational-excellence\/2023-08-31\/sensibilisierungskampagne-zur-datensicherung-lanciert-2\/"]}]},{"@type":"ImageObject","inLanguage":"en-US","@id":"https:\/\/www.organisator.ch\/operational-excellence\/2023-08-31\/sensibilisierungskampagne-zur-datensicherung-lanciert-2\/#primaryimage","url":"https:\/\/www.m-q.ch\/wp-content\/uploads\/2023\/08\/Sensibilisierungskampagne-zur-Datensicherung-lanciert_MQ.jpg","contentUrl":"https:\/\/www.m-q.ch\/wp-content\/uploads\/2023\/08\/Sensibilisierungskampagne-zur-Datensicherung-lanciert_MQ.jpg"},{"@type":"BreadcrumbList","@id":"https:\/\/www.organisator.ch\/operational-excellence\/2023-08-31\/sensibilisierungskampagne-zur-datensicherung-lanciert-2\/#breadcrumb","itemListElement":[{"@type":"ListItem","position":1,"name":"Home","item":"https:\/\/www.organisator.ch\/"},{"@type":"ListItem","position":2,"name":"Sensibilisierungskampagne zur Datensicherung lanciert"}]},{"@type":"WebSite","@id":"https:\/\/www.organisator.ch\/#website","url":"https:\/\/www.organisator.ch\/","name":"Organizer","description":"Competent. Practical. In 10 issues per year, ORGANISATOR presents the essential topics for managers of SMEs.","publisher":{"@id":"https:\/\/www.organisator.ch\/#organization"},"potentialAction":[{"@type":"SearchAction","target":{"@type":"EntryPoint","urlTemplate":"https:\/\/www.organisator.ch\/?s={search_term_string}"},"query-input":{"@type":"PropertyValueSpecification","valueRequired":true,"valueName":"search_term_string"}}],"inLanguage":"en-US"},{"@type":"Organization","@id":"https:\/\/www.organisator.ch\/#organization","name":"Organizer","url":"https:\/\/www.organisator.ch\/","logo":{"@type":"ImageObject","inLanguage":"en-US","@id":"https:\/\/www.organisator.ch\/#\/schema\/logo\/image\/","url":"https:\/\/www.organisator.ch\/wp-content\/uploads\/2022\/01\/Logo_Organisator_Website.png","contentUrl":"https:\/\/www.organisator.ch\/wp-content\/uploads\/2022\/01\/Logo_Organisator_Website.png","width":800,"height":77,"caption":"Organisator"},"image":{"@id":"https:\/\/www.organisator.ch\/#\/schema\/logo\/image\/"},"sameAs":["https:\/\/www.facebook.com\/OrganisatorFachmagazin","https:\/\/www.linkedin.com\/showcase\/organisator-das-magazin-fr-kmu","https:\/\/www.xing.com\/news\/pages\/organisator-ch-695","https:\/\/www.youtube.com\/channel\/UCGP2Sq0iWaZwT3BdIAQFYpw"]},{"@type":"Person","@id":"https:\/\/www.organisator.ch\/#\/schema\/person\/4e51799071cd2dd1232ac003643ef5f0","name":"galledia","image":{"@type":"ImageObject","inLanguage":"en-US","@id":"https:\/\/secure.gravatar.com\/avatar\/78a7f90c01fc2bfc875782a0d4922b37cde2cf184ce347b91316d23cd7f69a36?s=96&d=mm&r=g","url":"https:\/\/secure.gravatar.com\/avatar\/78a7f90c01fc2bfc875782a0d4922b37cde2cf184ce347b91316d23cd7f69a36?s=96&d=mm&r=g","contentUrl":"https:\/\/secure.gravatar.com\/avatar\/78a7f90c01fc2bfc875782a0d4922b37cde2cf184ce347b91316d23cd7f69a36?s=96&d=mm&r=g","caption":"galledia"},"sameAs":["https:\/\/x.com\/admin"],"url":"https:\/\/www.organisator.ch\/en\/author\/galledia\/"}]}},"_links":{"self":[{"href":"https:\/\/www.organisator.ch\/en\/wp-json\/wp\/v2\/posts\/21529","targetHints":{"allow":["GET"]}}],"collection":[{"href":"https:\/\/www.organisator.ch\/en\/wp-json\/wp\/v2\/posts"}],"about":[{"href":"https:\/\/www.organisator.ch\/en\/wp-json\/wp\/v2\/types\/post"}],"author":[{"embeddable":true,"href":"https:\/\/www.organisator.ch\/en\/wp-json\/wp\/v2\/users\/8"}],"replies":[{"embeddable":true,"href":"https:\/\/www.organisator.ch\/en\/wp-json\/wp\/v2\/comments?post=21529"}],"version-history":[{"count":3,"href":"https:\/\/www.organisator.ch\/en\/wp-json\/wp\/v2\/posts\/21529\/revisions"}],"predecessor-version":[{"id":32925,"href":"https:\/\/www.organisator.ch\/en\/wp-json\/wp\/v2\/posts\/21529\/revisions\/32925"}],"wp:attachment":[{"href":"https:\/\/www.organisator.ch\/en\/wp-json\/wp\/v2\/media?parent=21529"}],"wp:term":[{"taxonomy":"category","embeddable":true,"href":"https:\/\/www.organisator.ch\/en\/wp-json\/wp\/v2\/categories?post=21529"},{"taxonomy":"post_tag","embeddable":true,"href":"https:\/\/www.organisator.ch\/en\/wp-json\/wp\/v2\/tags?post=21529"}],"curies":[{"name":"wp","href":"https:\/\/api.w.org\/{rel}","templated":true}]}}