{"id":21625,"date":"2023-09-07T12:05:11","date_gmt":"2023-09-07T10:05:11","guid":{"rendered":"https:\/\/www.m-q.ch\/?p=18476"},"modified":"2024-11-14T10:27:56","modified_gmt":"2024-11-14T09:27:56","slug":"wie-egos-die-digitalisierung-behindern","status":"publish","type":"post","link":"https:\/\/www.organisator.ch\/en\/operational-excellence\/2023-09-07\/wie-egos-die-digitalisierung-behindern\/","title":{"rendered":"How egos hinder digitization"},"content":{"rendered":"<figure id=\"attachment_18477\" class=\"wp-caption alignnone\" style=\"width: 680px\" aria-describedby=\"caption-attachment-18477\"><img class=\"alignnone wp-image-18477 size-full\" src=\"https:\/\/www.m-q.ch\/wp-content\/uploads\/2023\/09\/Wie-Egos-die-Digitalisierung-behindern_MQ.jpg\" alt=\"IT projects \" width=\"680\" height=\"415\" \/>\r\n<figcaption id=\"caption-attachment-18477\" class=\"wp-caption-text\">When egos get in the way: Many IT projects fail because of personal sensitivities. (Image: Depositphotos.com)<\/figcaption>\r\n<\/figure>\r\n<p>Today, no department in an administration and no department in a company can do without IT. The digitization of work processes, interfaces to customers, other departments or suppliers, and information and reporting tools are affecting every single workplace. On the other hand, there are the traditional hierarchies and supervisors who rarely have IT expertise, but who can look back on a long career. This combination causes many IT projects to fail. If external IT project managers are added to the mix, many projects get completely out of hand. \"Those who have the expertise are external, and those who are in charge are outside the field. Both encounter employees who are not necessarily eager to embrace new technologies,\" says Oliver Meinecke, describing a common situation from his professional practice. Meinecke is an IT project manager and is considered an expert on efficiency in IT. His thesis: Many projects fail because of egos. Egos often hinder the digitization of entire divisions and agencies.<\/p>\r\n<h3>When egos get in the way<\/h3>\r\n<p>\"Hierarchical guidelines and authority based on the experiential knowledge of the analog world are no substitute for the expertise it takes to introduce new software or map complex processes digitally,\" Meinecke is convinced. \"To think is not to know. Technical processes cannot be changed by decree.\" According to the IT and digitization professional, it is not uncommon, especially in administration and at the management level, for a great deal of paper to be produced stating how the world should be: from security issues to functionalities to the meticulous project process from procurement to implementation. With the power of the function, these specifications are then enforced, often against the professional and technological expertise and without the participation of the subsequent users. \"So in the end, everyone has to live with the consequences, both those responsible for the project and those involved and later users.\"<\/p>\r\n<p>Many projects failed because of this. \"Rules and specifications are increasingly becoming dogmas. Changing them would mean a loss of face for one or the other. Many supervisors in public authorities and managers in companies are incapable of taking countermeasures, admitting mistakes or having specifications measured against reality or questioning them,\" Meinecke knows. Agile project management, creative solutions and spontaneous optimizations would thus become almost impossible. They simply fail due to ego.<\/p>\r\n<h3>Don't just digitize bad analog processes<\/h3>\r\n<p>The digital expert is convinced that a new culture is needed: away from unconditional rightness and toward the recognition of changes of opinion and direction. \"Consistency is often confused with stubbornness. Those who change their opinions all too often are seen as fickle. Thus, people are denied the opportunity to turn new insights and knowledge into successes. What is needed here is a flexible culture of error, insight and improvement,\" says Meinecke. Especially when external experts are hired to implement a project, it makes sense to use their competent view of the matter and their perspective from the outside. \"Consultants must be allowed to play to their advantages. Unrepentant egos in neuralgic management functions stand in the way.\"<\/p>\r\n<p>Digital transformation will not succeed if poor analog processes are simply digitized. It is necessary to rethink, to focus on the customer, the user and the technological processes, not on the career ladder of the decision-makers. Anything else costs time and money and produces exasperation, Meinecke said. \"Sometimes it will be necessary to put managers in their place or even replace them as part of IT projects - in the interest of the cause and the goal,\" concludes the IT expert. What is needed are creative problem solvers instead of hierarchically thinking checklist abhakers - even on the executive floors.<\/p>\r\n<p><em>Source: <a href=\"http:\/\/www,sowacon.de\/\">Sowacon Ltd.<\/a><\/em><\/p>\n<p class=\"syndicated-attribution\">This article originally appeared on m-q.ch - <a href=\"https:\/\/www.m-q.ch\/de\/wie-egos-die-digitalisierung-behindern\/\" target=\"_blank\">https:\/\/www.m-q.ch\/de\/wie-egos-die-digitalisierung-behindern\/<\/a><\/p>","protected":false},"excerpt":{"rendered":"<p>When digitization projects fail, the reason is often outdated organizational structures - or personal vanity. In the experience of one IT project manager, it's egos that get in the way of digitization, and there's a lack of reflectiveness and flexibility.<\/p>","protected":false},"author":8,"featured_media":0,"comment_status":"closed","ping_status":"closed","sticky":false,"template":"","format":"standard","meta":{"_acf_changed":false,"_yoast_wpseo_focuskw":"IT-Projekte","_yoast_wpseo_metadesc":"IT-Projekte scheitern an Egos: Expertenwissen und agile L\u00f6sungen gefragt. Oliver Meinecke \u00fcber den n\u00f6tigen Kulturwandel.","articlekey":"","footnotes":""},"categories":[582],"tags":[],"class_list":["post-21625","post","type-post","status-publish","format-standard","hentry","category-operational-excellence"],"acf":[],"yoast_head":"<!-- This site is optimized with the Yoast SEO plugin v27.5 - https:\/\/yoast.com\/product\/yoast-seo-wordpress\/ -->\n<title>Wie Egos die Digitalisierung behindern - Organisator<\/title>\n<meta name=\"description\" content=\"IT-Projekte scheitern an Egos: Expertenwissen und agile L\u00f6sungen gefragt. Oliver Meinecke \u00fcber den n\u00f6tigen Kulturwandel.\" \/>\n<meta name=\"robots\" content=\"index, follow, max-snippet:-1, max-image-preview:large, max-video-preview:-1\" \/>\n<link rel=\"canonical\" href=\"https:\/\/www.organisator.ch\/en\/operational-excellence\/2023-09-07\/wie-egos-die-digitalisierung-behindern\/\" \/>\n<meta property=\"og:locale\" content=\"en_US\" \/>\n<meta property=\"og:type\" content=\"article\" \/>\n<meta property=\"og:title\" content=\"Wie Egos die Digitalisierung behindern - Organisator\" \/>\n<meta property=\"og:description\" content=\"IT-Projekte scheitern an Egos: Expertenwissen und agile L\u00f6sungen gefragt. Oliver Meinecke \u00fcber den n\u00f6tigen Kulturwandel.\" \/>\n<meta property=\"og:url\" content=\"https:\/\/www.organisator.ch\/en\/operational-excellence\/2023-09-07\/wie-egos-die-digitalisierung-behindern\/\" \/>\n<meta property=\"og:site_name\" content=\"Organisator\" \/>\n<meta property=\"article:publisher\" content=\"https:\/\/www.facebook.com\/OrganisatorFachmagazin\" \/>\n<meta property=\"article:published_time\" content=\"2023-09-07T10:05:11+00:00\" \/>\n<meta property=\"article:modified_time\" content=\"2024-11-14T09:27:56+00:00\" \/>\n<meta name=\"author\" content=\"galledia\" \/>\n<meta name=\"twitter:card\" content=\"summary_large_image\" \/>\n<meta name=\"twitter:creator\" content=\"@admin\" \/>\n<script type=\"application\/ld+json\" class=\"yoast-schema-graph\">{\"@context\":\"https:\\\/\\\/schema.org\",\"@graph\":[{\"@type\":\"Article\",\"@id\":\"https:\\\/\\\/www.organisator.ch\\\/operational-excellence\\\/2023-09-07\\\/wie-egos-die-digitalisierung-behindern\\\/#article\",\"isPartOf\":{\"@id\":\"https:\\\/\\\/www.organisator.ch\\\/operational-excellence\\\/2023-09-07\\\/wie-egos-die-digitalisierung-behindern\\\/\"},\"author\":{\"name\":\"galledia\",\"@id\":\"https:\\\/\\\/www.organisator.ch\\\/#\\\/schema\\\/person\\\/4e51799071cd2dd1232ac003643ef5f0\"},\"headline\":\"Wie Egos die Digitalisierung behindern\",\"datePublished\":\"2023-09-07T10:05:11+00:00\",\"dateModified\":\"2024-11-14T09:27:56+00:00\",\"mainEntityOfPage\":{\"@id\":\"https:\\\/\\\/www.organisator.ch\\\/operational-excellence\\\/2023-09-07\\\/wie-egos-die-digitalisierung-behindern\\\/\"},\"wordCount\":602,\"publisher\":{\"@id\":\"https:\\\/\\\/www.organisator.ch\\\/#organization\"},\"image\":{\"@id\":\"https:\\\/\\\/www.organisator.ch\\\/operational-excellence\\\/2023-09-07\\\/wie-egos-die-digitalisierung-behindern\\\/#primaryimage\"},\"thumbnailUrl\":\"https:\\\/\\\/www.m-q.ch\\\/wp-content\\\/uploads\\\/2023\\\/09\\\/Wie-Egos-die-Digitalisierung-behindern_MQ.jpg\",\"articleSection\":[\"OPERATIONAL EXCELLENCE\"],\"inLanguage\":\"en-US\"},{\"@type\":\"WebPage\",\"@id\":\"https:\\\/\\\/www.organisator.ch\\\/operational-excellence\\\/2023-09-07\\\/wie-egos-die-digitalisierung-behindern\\\/\",\"url\":\"https:\\\/\\\/www.organisator.ch\\\/operational-excellence\\\/2023-09-07\\\/wie-egos-die-digitalisierung-behindern\\\/\",\"name\":\"Wie Egos die Digitalisierung behindern - Organisator\",\"isPartOf\":{\"@id\":\"https:\\\/\\\/www.organisator.ch\\\/#website\"},\"primaryImageOfPage\":{\"@id\":\"https:\\\/\\\/www.organisator.ch\\\/operational-excellence\\\/2023-09-07\\\/wie-egos-die-digitalisierung-behindern\\\/#primaryimage\"},\"image\":{\"@id\":\"https:\\\/\\\/www.organisator.ch\\\/operational-excellence\\\/2023-09-07\\\/wie-egos-die-digitalisierung-behindern\\\/#primaryimage\"},\"thumbnailUrl\":\"https:\\\/\\\/www.m-q.ch\\\/wp-content\\\/uploads\\\/2023\\\/09\\\/Wie-Egos-die-Digitalisierung-behindern_MQ.jpg\",\"datePublished\":\"2023-09-07T10:05:11+00:00\",\"dateModified\":\"2024-11-14T09:27:56+00:00\",\"description\":\"IT-Projekte scheitern an Egos: Expertenwissen und agile L\u00f6sungen gefragt. Oliver Meinecke \u00fcber den n\u00f6tigen Kulturwandel.\",\"breadcrumb\":{\"@id\":\"https:\\\/\\\/www.organisator.ch\\\/operational-excellence\\\/2023-09-07\\\/wie-egos-die-digitalisierung-behindern\\\/#breadcrumb\"},\"inLanguage\":\"en-US\",\"potentialAction\":[{\"@type\":\"ReadAction\",\"target\":[\"https:\\\/\\\/www.organisator.ch\\\/operational-excellence\\\/2023-09-07\\\/wie-egos-die-digitalisierung-behindern\\\/\"]}]},{\"@type\":\"ImageObject\",\"inLanguage\":\"en-US\",\"@id\":\"https:\\\/\\\/www.organisator.ch\\\/operational-excellence\\\/2023-09-07\\\/wie-egos-die-digitalisierung-behindern\\\/#primaryimage\",\"url\":\"https:\\\/\\\/www.m-q.ch\\\/wp-content\\\/uploads\\\/2023\\\/09\\\/Wie-Egos-die-Digitalisierung-behindern_MQ.jpg\",\"contentUrl\":\"https:\\\/\\\/www.m-q.ch\\\/wp-content\\\/uploads\\\/2023\\\/09\\\/Wie-Egos-die-Digitalisierung-behindern_MQ.jpg\"},{\"@type\":\"BreadcrumbList\",\"@id\":\"https:\\\/\\\/www.organisator.ch\\\/operational-excellence\\\/2023-09-07\\\/wie-egos-die-digitalisierung-behindern\\\/#breadcrumb\",\"itemListElement\":[{\"@type\":\"ListItem\",\"position\":1,\"name\":\"Home\",\"item\":\"https:\\\/\\\/www.organisator.ch\\\/\"},{\"@type\":\"ListItem\",\"position\":2,\"name\":\"Wie Egos die Digitalisierung behindern\"}]},{\"@type\":\"WebSite\",\"@id\":\"https:\\\/\\\/www.organisator.ch\\\/#website\",\"url\":\"https:\\\/\\\/www.organisator.ch\\\/\",\"name\":\"Organisator\",\"description\":\"Kompetent. Praxisnah. Der ORGANISATOR bereitet in 10 Ausgaben pro Jahr die wesentlichen Themen f\u00fcr F\u00fchrungskr\u00e4fte von KMU auf.\",\"publisher\":{\"@id\":\"https:\\\/\\\/www.organisator.ch\\\/#organization\"},\"potentialAction\":[{\"@type\":\"SearchAction\",\"target\":{\"@type\":\"EntryPoint\",\"urlTemplate\":\"https:\\\/\\\/www.organisator.ch\\\/?s={search_term_string}\"},\"query-input\":{\"@type\":\"PropertyValueSpecification\",\"valueRequired\":true,\"valueName\":\"search_term_string\"}}],\"inLanguage\":\"en-US\"},{\"@type\":\"Organization\",\"@id\":\"https:\\\/\\\/www.organisator.ch\\\/#organization\",\"name\":\"Organisator\",\"url\":\"https:\\\/\\\/www.organisator.ch\\\/\",\"logo\":{\"@type\":\"ImageObject\",\"inLanguage\":\"en-US\",\"@id\":\"https:\\\/\\\/www.organisator.ch\\\/#\\\/schema\\\/logo\\\/image\\\/\",\"url\":\"https:\\\/\\\/www.organisator.ch\\\/wp-content\\\/uploads\\\/2022\\\/01\\\/Logo_Organisator_Website.png\",\"contentUrl\":\"https:\\\/\\\/www.organisator.ch\\\/wp-content\\\/uploads\\\/2022\\\/01\\\/Logo_Organisator_Website.png\",\"width\":800,\"height\":77,\"caption\":\"Organisator\"},\"image\":{\"@id\":\"https:\\\/\\\/www.organisator.ch\\\/#\\\/schema\\\/logo\\\/image\\\/\"},\"sameAs\":[\"https:\\\/\\\/www.facebook.com\\\/OrganisatorFachmagazin\",\"https:\\\/\\\/www.linkedin.com\\\/showcase\\\/organisator-das-magazin-fr-kmu\",\"https:\\\/\\\/www.xing.com\\\/news\\\/pages\\\/organisator-ch-695\",\"https:\\\/\\\/www.youtube.com\\\/channel\\\/UCGP2Sq0iWaZwT3BdIAQFYpw\"]},{\"@type\":\"Person\",\"@id\":\"https:\\\/\\\/www.organisator.ch\\\/#\\\/schema\\\/person\\\/4e51799071cd2dd1232ac003643ef5f0\",\"name\":\"galledia\",\"image\":{\"@type\":\"ImageObject\",\"inLanguage\":\"en-US\",\"@id\":\"https:\\\/\\\/secure.gravatar.com\\\/avatar\\\/78a7f90c01fc2bfc875782a0d4922b37cde2cf184ce347b91316d23cd7f69a36?s=96&d=mm&r=g\",\"url\":\"https:\\\/\\\/secure.gravatar.com\\\/avatar\\\/78a7f90c01fc2bfc875782a0d4922b37cde2cf184ce347b91316d23cd7f69a36?s=96&d=mm&r=g\",\"contentUrl\":\"https:\\\/\\\/secure.gravatar.com\\\/avatar\\\/78a7f90c01fc2bfc875782a0d4922b37cde2cf184ce347b91316d23cd7f69a36?s=96&d=mm&r=g\",\"caption\":\"galledia\"},\"sameAs\":[\"https:\\\/\\\/x.com\\\/admin\"],\"url\":\"https:\\\/\\\/www.organisator.ch\\\/en\\\/author\\\/galledia\\\/\"}]}<\/script>\n<!-- \/ Yoast SEO plugin. -->","yoast_head_json":{"title":"How egos hinder digitization - Organizer","description":"IT projects fail due to egos: expert knowledge and agile solutions needed. Oliver Meinecke on the necessary cultural change.","robots":{"index":"index","follow":"follow","max-snippet":"max-snippet:-1","max-image-preview":"max-image-preview:large","max-video-preview":"max-video-preview:-1"},"canonical":"https:\/\/www.organisator.ch\/en\/operational-excellence\/2023-09-07\/wie-egos-die-digitalisierung-behindern\/","og_locale":"en_US","og_type":"article","og_title":"Wie Egos die Digitalisierung behindern - Organisator","og_description":"IT-Projekte scheitern an Egos: Expertenwissen und agile L\u00f6sungen gefragt. Oliver Meinecke \u00fcber den n\u00f6tigen Kulturwandel.","og_url":"https:\/\/www.organisator.ch\/en\/operational-excellence\/2023-09-07\/wie-egos-die-digitalisierung-behindern\/","og_site_name":"Organisator","article_publisher":"https:\/\/www.facebook.com\/OrganisatorFachmagazin","article_published_time":"2023-09-07T10:05:11+00:00","article_modified_time":"2024-11-14T09:27:56+00:00","author":"galledia","twitter_card":"summary_large_image","twitter_creator":"@admin","schema":{"@context":"https:\/\/schema.org","@graph":[{"@type":"Article","@id":"https:\/\/www.organisator.ch\/operational-excellence\/2023-09-07\/wie-egos-die-digitalisierung-behindern\/#article","isPartOf":{"@id":"https:\/\/www.organisator.ch\/operational-excellence\/2023-09-07\/wie-egos-die-digitalisierung-behindern\/"},"author":{"name":"galledia","@id":"https:\/\/www.organisator.ch\/#\/schema\/person\/4e51799071cd2dd1232ac003643ef5f0"},"headline":"Wie Egos die Digitalisierung behindern","datePublished":"2023-09-07T10:05:11+00:00","dateModified":"2024-11-14T09:27:56+00:00","mainEntityOfPage":{"@id":"https:\/\/www.organisator.ch\/operational-excellence\/2023-09-07\/wie-egos-die-digitalisierung-behindern\/"},"wordCount":602,"publisher":{"@id":"https:\/\/www.organisator.ch\/#organization"},"image":{"@id":"https:\/\/www.organisator.ch\/operational-excellence\/2023-09-07\/wie-egos-die-digitalisierung-behindern\/#primaryimage"},"thumbnailUrl":"https:\/\/www.m-q.ch\/wp-content\/uploads\/2023\/09\/Wie-Egos-die-Digitalisierung-behindern_MQ.jpg","articleSection":["OPERATIONAL EXCELLENCE"],"inLanguage":"en-US"},{"@type":"WebPage","@id":"https:\/\/www.organisator.ch\/operational-excellence\/2023-09-07\/wie-egos-die-digitalisierung-behindern\/","url":"https:\/\/www.organisator.ch\/operational-excellence\/2023-09-07\/wie-egos-die-digitalisierung-behindern\/","name":"How egos hinder digitization - Organizer","isPartOf":{"@id":"https:\/\/www.organisator.ch\/#website"},"primaryImageOfPage":{"@id":"https:\/\/www.organisator.ch\/operational-excellence\/2023-09-07\/wie-egos-die-digitalisierung-behindern\/#primaryimage"},"image":{"@id":"https:\/\/www.organisator.ch\/operational-excellence\/2023-09-07\/wie-egos-die-digitalisierung-behindern\/#primaryimage"},"thumbnailUrl":"https:\/\/www.m-q.ch\/wp-content\/uploads\/2023\/09\/Wie-Egos-die-Digitalisierung-behindern_MQ.jpg","datePublished":"2023-09-07T10:05:11+00:00","dateModified":"2024-11-14T09:27:56+00:00","description":"IT projects fail due to egos: expert knowledge and agile solutions needed. Oliver Meinecke on the necessary cultural change.","breadcrumb":{"@id":"https:\/\/www.organisator.ch\/operational-excellence\/2023-09-07\/wie-egos-die-digitalisierung-behindern\/#breadcrumb"},"inLanguage":"en-US","potentialAction":[{"@type":"ReadAction","target":["https:\/\/www.organisator.ch\/operational-excellence\/2023-09-07\/wie-egos-die-digitalisierung-behindern\/"]}]},{"@type":"ImageObject","inLanguage":"en-US","@id":"https:\/\/www.organisator.ch\/operational-excellence\/2023-09-07\/wie-egos-die-digitalisierung-behindern\/#primaryimage","url":"https:\/\/www.m-q.ch\/wp-content\/uploads\/2023\/09\/Wie-Egos-die-Digitalisierung-behindern_MQ.jpg","contentUrl":"https:\/\/www.m-q.ch\/wp-content\/uploads\/2023\/09\/Wie-Egos-die-Digitalisierung-behindern_MQ.jpg"},{"@type":"BreadcrumbList","@id":"https:\/\/www.organisator.ch\/operational-excellence\/2023-09-07\/wie-egos-die-digitalisierung-behindern\/#breadcrumb","itemListElement":[{"@type":"ListItem","position":1,"name":"Home","item":"https:\/\/www.organisator.ch\/"},{"@type":"ListItem","position":2,"name":"Wie Egos die Digitalisierung behindern"}]},{"@type":"WebSite","@id":"https:\/\/www.organisator.ch\/#website","url":"https:\/\/www.organisator.ch\/","name":"Organizer","description":"Competent. Practical. In 10 issues per year, ORGANISATOR presents the essential topics for managers of SMEs.","publisher":{"@id":"https:\/\/www.organisator.ch\/#organization"},"potentialAction":[{"@type":"SearchAction","target":{"@type":"EntryPoint","urlTemplate":"https:\/\/www.organisator.ch\/?s={search_term_string}"},"query-input":{"@type":"PropertyValueSpecification","valueRequired":true,"valueName":"search_term_string"}}],"inLanguage":"en-US"},{"@type":"Organization","@id":"https:\/\/www.organisator.ch\/#organization","name":"Organizer","url":"https:\/\/www.organisator.ch\/","logo":{"@type":"ImageObject","inLanguage":"en-US","@id":"https:\/\/www.organisator.ch\/#\/schema\/logo\/image\/","url":"https:\/\/www.organisator.ch\/wp-content\/uploads\/2022\/01\/Logo_Organisator_Website.png","contentUrl":"https:\/\/www.organisator.ch\/wp-content\/uploads\/2022\/01\/Logo_Organisator_Website.png","width":800,"height":77,"caption":"Organisator"},"image":{"@id":"https:\/\/www.organisator.ch\/#\/schema\/logo\/image\/"},"sameAs":["https:\/\/www.facebook.com\/OrganisatorFachmagazin","https:\/\/www.linkedin.com\/showcase\/organisator-das-magazin-fr-kmu","https:\/\/www.xing.com\/news\/pages\/organisator-ch-695","https:\/\/www.youtube.com\/channel\/UCGP2Sq0iWaZwT3BdIAQFYpw"]},{"@type":"Person","@id":"https:\/\/www.organisator.ch\/#\/schema\/person\/4e51799071cd2dd1232ac003643ef5f0","name":"galledia","image":{"@type":"ImageObject","inLanguage":"en-US","@id":"https:\/\/secure.gravatar.com\/avatar\/78a7f90c01fc2bfc875782a0d4922b37cde2cf184ce347b91316d23cd7f69a36?s=96&d=mm&r=g","url":"https:\/\/secure.gravatar.com\/avatar\/78a7f90c01fc2bfc875782a0d4922b37cde2cf184ce347b91316d23cd7f69a36?s=96&d=mm&r=g","contentUrl":"https:\/\/secure.gravatar.com\/avatar\/78a7f90c01fc2bfc875782a0d4922b37cde2cf184ce347b91316d23cd7f69a36?s=96&d=mm&r=g","caption":"galledia"},"sameAs":["https:\/\/x.com\/admin"],"url":"https:\/\/www.organisator.ch\/en\/author\/galledia\/"}]}},"_links":{"self":[{"href":"https:\/\/www.organisator.ch\/en\/wp-json\/wp\/v2\/posts\/21625","targetHints":{"allow":["GET"]}}],"collection":[{"href":"https:\/\/www.organisator.ch\/en\/wp-json\/wp\/v2\/posts"}],"about":[{"href":"https:\/\/www.organisator.ch\/en\/wp-json\/wp\/v2\/types\/post"}],"author":[{"embeddable":true,"href":"https:\/\/www.organisator.ch\/en\/wp-json\/wp\/v2\/users\/8"}],"replies":[{"embeddable":true,"href":"https:\/\/www.organisator.ch\/en\/wp-json\/wp\/v2\/comments?post=21625"}],"version-history":[{"count":3,"href":"https:\/\/www.organisator.ch\/en\/wp-json\/wp\/v2\/posts\/21625\/revisions"}],"predecessor-version":[{"id":32899,"href":"https:\/\/www.organisator.ch\/en\/wp-json\/wp\/v2\/posts\/21625\/revisions\/32899"}],"wp:attachment":[{"href":"https:\/\/www.organisator.ch\/en\/wp-json\/wp\/v2\/media?parent=21625"}],"wp:term":[{"taxonomy":"category","embeddable":true,"href":"https:\/\/www.organisator.ch\/en\/wp-json\/wp\/v2\/categories?post=21625"},{"taxonomy":"post_tag","embeddable":true,"href":"https:\/\/www.organisator.ch\/en\/wp-json\/wp\/v2\/tags?post=21625"}],"curies":[{"name":"wp","href":"https:\/\/api.w.org\/{rel}","templated":true}]}}