{"id":2167,"date":"2017-07-10T11:10:41","date_gmt":"2017-07-10T09:10:41","guid":{"rendered":"https:\/\/www.organisator.ch\/?p=2167"},"modified":"2017-07-10T11:10:41","modified_gmt":"2017-07-10T09:10:41","slug":"kof-studie-belegt-herr-und-frau-schweizer-arbeiten-weniger","status":"publish","type":"post","link":"https:\/\/www.organisator.ch\/en\/allgemein\/2017-07-10\/kof-studie-belegt-herr-und-frau-schweizer-arbeiten-weniger\/","title":{"rendered":"KOF study proves: Mr. and Mrs. Swiss work less"},"content":{"rendered":"<figure id=\"attachment_2168\" aria-describedby=\"caption-attachment-2168\" style=\"width: 680px\" class=\"wp-caption alignnone\"><img loading=\"lazy\" decoding=\"async\" class=\"size-medium wp-image-2168\" src=\"https:\/\/www.organisator.ch\/wp-content\/uploads\/2017\/07\/KOF-Studie-belegt-Herr-und-Frau-Schweizer-arbeiten-weniger-org-organisator.jpg\" alt=\"\" width=\"680\" height=\"454\" srcset=\"https:\/\/www.organisator.ch\/wp-content\/uploads\/2017\/07\/KOF-Studie-belegt-Herr-und-Frau-Schweizer-arbeiten-weniger-org-organisator.jpg 1000w, https:\/\/www.organisator.ch\/wp-content\/uploads\/2017\/07\/KOF-Studie-belegt-Herr-und-Frau-Schweizer-arbeiten-weniger-org-organisator-680x454.jpg 680w, https:\/\/www.organisator.ch\/wp-content\/uploads\/2017\/07\/KOF-Studie-belegt-Herr-und-Frau-Schweizer-arbeiten-weniger-org-organisator-768x513.jpg 768w, https:\/\/www.organisator.ch\/wp-content\/uploads\/2017\/07\/KOF-Studie-belegt-Herr-und-Frau-Schweizer-arbeiten-weniger-org-organisator-16x12.jpg 16w, https:\/\/www.organisator.ch\/wp-content\/uploads\/2017\/07\/KOF-Studie-belegt-Herr-und-Frau-Schweizer-arbeiten-weniger-org-organisator-262x175.jpg 262w, https:\/\/www.organisator.ch\/wp-content\/uploads\/2017\/07\/KOF-Studie-belegt-Herr-und-Frau-Schweizer-arbeiten-weniger-org-organisator-524x350.jpg 524w, https:\/\/www.organisator.ch\/wp-content\/uploads\/2017\/07\/KOF-Studie-belegt-Herr-und-Frau-Schweizer-arbeiten-weniger-org-organisator-920x615.jpg 920w, https:\/\/www.organisator.ch\/wp-content\/uploads\/2017\/07\/KOF-Studie-belegt-Herr-und-Frau-Schweizer-arbeiten-weniger-org-organisator-300x200.jpg 300w\" sizes=\"auto, (max-width: 680px) 100vw, 680px\" \/><figcaption id=\"caption-attachment-2168\" class=\"wp-caption-text\">Only 2 out of 3 men reached retirement age 60 years ago, KOF study on working hours shows. (Image \u00a9 iakovenko123)<\/figcaption><\/figure>\n<p>&nbsp;<\/p>\n<p>The KOF study by ETH Zurich's economic research unit shows a \"massive decline in working hours,\" according to study author Michael Siebenthaler: \"It documents the impressive increase in prosperity in our society,\" because the Swiss would like to see themselves as hardworking and industrious. But the clich\u00e9 is true the longer, the less.<\/p>\n<p>Currently, an employed person works an average of around 1562 hours per year. In 1950, by contrast, people were still working 2,400 hours (see chart). They were content with two weeks of vacation, while today we allow ourselves an average of 5.2 weeks. There were only 5 public holidays; today there are 9.5. In addition, the six-day week was common, with only one in seven employees enjoying a Saturday off.<\/p>\n<p>&nbsp;<\/p>\n<p><img loading=\"lazy\" decoding=\"async\" class=\"alignnone size-medium wp-image-2171\" src=\"https:\/\/www.organisator.ch\/wp-content\/uploads\/2017\/07\/KOF-Studie-belegt-Herr-und-Frau-Schweizer-arbeiten-weniger_org_organisator_Grafik.jpg\" alt=\"\" width=\"680\" height=\"548\" srcset=\"https:\/\/www.organisator.ch\/wp-content\/uploads\/2017\/07\/KOF-Studie-belegt-Herr-und-Frau-Schweizer-arbeiten-weniger_org_organisator_Grafik.jpg 1172w, https:\/\/www.organisator.ch\/wp-content\/uploads\/2017\/07\/KOF-Studie-belegt-Herr-und-Frau-Schweizer-arbeiten-weniger_org_organisator_Grafik-680x548.jpg 680w, https:\/\/www.organisator.ch\/wp-content\/uploads\/2017\/07\/KOF-Studie-belegt-Herr-und-Frau-Schweizer-arbeiten-weniger_org_organisator_Grafik-1024x826.jpg 1024w, https:\/\/www.organisator.ch\/wp-content\/uploads\/2017\/07\/KOF-Studie-belegt-Herr-und-Frau-Schweizer-arbeiten-weniger_org_organisator_Grafik-768x619.jpg 768w, https:\/\/www.organisator.ch\/wp-content\/uploads\/2017\/07\/KOF-Studie-belegt-Herr-und-Frau-Schweizer-arbeiten-weniger_org_organisator_Grafik-16x12.jpg 16w, https:\/\/www.organisator.ch\/wp-content\/uploads\/2017\/07\/KOF-Studie-belegt-Herr-und-Frau-Schweizer-arbeiten-weniger_org_organisator_Grafik-217x175.jpg 217w, https:\/\/www.organisator.ch\/wp-content\/uploads\/2017\/07\/KOF-Studie-belegt-Herr-und-Frau-Schweizer-arbeiten-weniger_org_organisator_Grafik-434x350.jpg 434w, https:\/\/www.organisator.ch\/wp-content\/uploads\/2017\/07\/KOF-Studie-belegt-Herr-und-Frau-Schweizer-arbeiten-weniger_org_organisator_Grafik-992x800.jpg 992w, https:\/\/www.organisator.ch\/wp-content\/uploads\/2017\/07\/KOF-Studie-belegt-Herr-und-Frau-Schweizer-arbeiten-weniger_org_organisator_Grafik-920x742.jpg 920w, https:\/\/www.organisator.ch\/wp-content\/uploads\/2017\/07\/KOF-Studie-belegt-Herr-und-Frau-Schweizer-arbeiten-weniger_org_organisator_Grafik-300x242.jpg 300w\" sizes=\"auto, (max-width: 680px) 100vw, 680px\" \/><\/p>\n<p>&nbsp;<\/p>\n<p><strong>Working time: then and now <\/strong><\/p>\n<p>In the 1950s, the standard working week was 49 hours, and in the hospitality industry 55 hours was the norm. Today, the weekly target is met after less than 42 hours. At the same time, fewer and fewer people are working full-time: among women, the figure is just 41%. Among men, too, this figure has fallen to 83%. What's more, statisticians also consider anyone who has half a day off per week to be fully employed.<\/p>\n<p><strong>National differences <\/strong><\/p>\n<p>How strictly do people work in Switzerland compared to other countries? KOF expert Siegenthaler came across some surprising findings in his study. In many places in the world, the number of hours worked is significantly higher: In the USA, it's 1770 hours per year. The South Koreans slave away for their prosperity for as many as 2213 hours - the last time Switzerland worked that many hours was in 1966.<\/p>\n<p>&nbsp;<\/p>\n<p><img loading=\"lazy\" decoding=\"async\" class=\"alignnone size-full wp-image-2172\" src=\"https:\/\/www.organisator.ch\/wp-content\/uploads\/2017\/07\/KOF-Studie-belegt-Herr-und-Frau-Schweizer-arbeiten-weniger-org-organisator_Grafik2.jpg\" alt=\"\" width=\"591\" height=\"944\" srcset=\"https:\/\/www.organisator.ch\/wp-content\/uploads\/2017\/07\/KOF-Studie-belegt-Herr-und-Frau-Schweizer-arbeiten-weniger-org-organisator_Grafik2.jpg 591w, https:\/\/www.organisator.ch\/wp-content\/uploads\/2017\/07\/KOF-Studie-belegt-Herr-und-Frau-Schweizer-arbeiten-weniger-org-organisator_Grafik2-8x12.jpg 8w, https:\/\/www.organisator.ch\/wp-content\/uploads\/2017\/07\/KOF-Studie-belegt-Herr-und-Frau-Schweizer-arbeiten-weniger-org-organisator_Grafik2-110x175.jpg 110w, https:\/\/www.organisator.ch\/wp-content\/uploads\/2017\/07\/KOF-Studie-belegt-Herr-und-Frau-Schweizer-arbeiten-weniger-org-organisator_Grafik2-219x350.jpg 219w, https:\/\/www.organisator.ch\/wp-content\/uploads\/2017\/07\/KOF-Studie-belegt-Herr-und-Frau-Schweizer-arbeiten-weniger-org-organisator_Grafik2-501x800.jpg 501w, https:\/\/www.organisator.ch\/wp-content\/uploads\/2017\/07\/KOF-Studie-belegt-Herr-und-Frau-Schweizer-arbeiten-weniger-org-organisator_Grafik2-300x479.jpg 300w\" sizes=\"auto, (max-width: 591px) 100vw, 591px\" \/><\/p>\n<p><strong>France has 35h week<\/strong><\/p>\n<p>Even compared to the French, who are not considered particularly diligent in this country, the lead of Swiss employees is only 90 hours per year - which corresponds to less than 30 minutes per working day. It is true that the French have a low statutory working time of only 35 hours. On the other hand, this standard is adhered to much more frequently: The part-time rate is only about half as high as in Switzerland, where it reaches 37%.<\/p>\n<p>\"We see the preference for more free time internationally - we are no exception in this respect,\" says Siegenthaler. So if people here hardly work longer hours than the French, the question arises: Couldn't Switzerland have introduced a 35-hour week just as well? Rudolf Minsch, chief economist of the Economiesuisse business association, answers in the negative, saying that one of Switzerland's main advantages is that a larger proportion of the population has a job.<\/p>\n<p>In France, on the other hand, the rigid rules have forced many people out of the labor market, especially the socially weaker ones. \"The example of France illustrates that rigid regulations are very harmful for the labor market,\" Minsch stressed in an NZZ text (\"Von wegen fleissige Schweizer,\" NZZAS, July 8, 2017). \"In our country, companies retain their flexibility - and yet employees benefit from decreasing working hours.\"<\/p>\n<p><a href=\"http:\/\/www.kof.ethz.ch\">www.kof.ethz.ch<\/a><\/p>","protected":false},"excerpt":{"rendered":"<p>&nbsp; Die KOF Studie der Konjunkturforschungsstelle der ETH Z\u00fcrich belegt einen &#8222;massiven R\u00fcckgang der Arbeitszeit&#8220;, so der Studienautor Michael Siebenthaler: &#8222;Sie dokumentiert den eindr\u00fccklichen Anstieg des Wohlstands in unserer Gesellschaft&#8220;, denn die Schweizer w\u00fcrden sich gerne als arbeitsam und fleissig sehen. Doch das Klischee stimme je l\u00e4nger, desto weniger. Zurzeit arbeitet eine erwerbst\u00e4tige Person im [&hellip;]<\/p>\n","protected":false},"author":5,"featured_media":2168,"comment_status":"open","ping_status":"open","sticky":false,"template":"","format":"standard","meta":{"_acf_changed":false,"_yoast_wpseo_focuskw":"KOF Studie","_yoast_wpseo_metadesc":"Eine aktuelle KOF Studie der ETZ Z\u00fcrich zeigt, dass seit 1950 die Arbeitsdauer in der Schweiz um einen Drittel gesunken ist.","articlekey":"","footnotes":""},"categories":[1],"tags":[57,424,459],"class_list":["post-2167","post","type-post","status-publish","format-standard","has-post-thumbnail","hentry","category-allgemein","tag-arbeitszeit","tag-schweiz","tag-studie"],"acf":[],"yoast_head":"<!-- This site is optimized with the Yoast SEO plugin v27.4 - https:\/\/yoast.com\/product\/yoast-seo-wordpress\/ -->\n<title>KOF Studie belegt: Herr und Frau Schweizer arbeiten weniger - Organisator<\/title>\n<meta name=\"description\" content=\"Eine aktuelle KOF Studie der ETZ Z\u00fcrich zeigt, dass seit 1950 die Arbeitsdauer in der Schweiz um einen Drittel gesunken ist.\" \/>\n<meta name=\"robots\" content=\"index, follow, max-snippet:-1, max-image-preview:large, max-video-preview:-1\" \/>\n<link rel=\"canonical\" href=\"https:\/\/www.organisator.ch\/en\/general\/2017-07-10\/kof-studie-belegt-herr-und-frau-schweizer-arbeiten-weniger\/\" \/>\n<meta property=\"og:locale\" content=\"en_US\" \/>\n<meta property=\"og:type\" content=\"article\" \/>\n<meta property=\"og:title\" content=\"KOF Studie belegt: Herr und Frau Schweizer arbeiten weniger - Organisator\" \/>\n<meta property=\"og:description\" content=\"Eine aktuelle KOF Studie der ETZ Z\u00fcrich zeigt, dass seit 1950 die Arbeitsdauer in der Schweiz um einen Drittel gesunken ist.\" \/>\n<meta property=\"og:url\" content=\"https:\/\/www.organisator.ch\/en\/general\/2017-07-10\/kof-studie-belegt-herr-und-frau-schweizer-arbeiten-weniger\/\" \/>\n<meta property=\"og:site_name\" content=\"Organisator\" \/>\n<meta property=\"article:publisher\" content=\"https:\/\/www.facebook.com\/OrganisatorFachmagazin\" \/>\n<meta property=\"article:published_time\" content=\"2017-07-10T09:10:41+00:00\" \/>\n<meta property=\"og:image\" content=\"https:\/\/www.organisator.ch\/wp-content\/uploads\/2017\/07\/KOF-Studie-belegt-Herr-und-Frau-Schweizer-arbeiten-weniger-org-organisator.jpg\" \/>\n\t<meta property=\"og:image:width\" content=\"1000\" \/>\n\t<meta property=\"og:image:height\" content=\"668\" \/>\n\t<meta property=\"og:image:type\" content=\"image\/jpeg\" \/>\n<meta name=\"author\" content=\"michael.merz\" \/>\n<meta name=\"twitter:card\" content=\"summary_large_image\" \/>\n<script type=\"application\/ld+json\" class=\"yoast-schema-graph\">{\"@context\":\"https:\\\/\\\/schema.org\",\"@graph\":[{\"@type\":\"Article\",\"@id\":\"https:\\\/\\\/www.organisator.ch\\\/fr\\\/general\\\/2017-07-10\\\/kof-etude-prouve-que-monsieur-et-madame-suisse-travaillent-moins\\\/#article\",\"isPartOf\":{\"@id\":\"https:\\\/\\\/www.organisator.ch\\\/fr\\\/general\\\/2017-07-10\\\/kof-etude-prouve-que-monsieur-et-madame-suisse-travaillent-moins\\\/\"},\"author\":{\"name\":\"michael.merz\",\"@id\":\"https:\\\/\\\/www.organisator.ch\\\/#\\\/schema\\\/person\\\/134708ca9321c57b0362cceb7948ffbd\"},\"headline\":\"KOF Studie belegt: Herr und Frau Schweizer arbeiten weniger\",\"datePublished\":\"2017-07-10T09:10:41+00:00\",\"mainEntityOfPage\":{\"@id\":\"https:\\\/\\\/www.organisator.ch\\\/fr\\\/general\\\/2017-07-10\\\/kof-etude-prouve-que-monsieur-et-madame-suisse-travaillent-moins\\\/\"},\"wordCount\":512,\"commentCount\":0,\"publisher\":{\"@id\":\"https:\\\/\\\/www.organisator.ch\\\/#organization\"},\"image\":{\"@id\":\"https:\\\/\\\/www.organisator.ch\\\/fr\\\/general\\\/2017-07-10\\\/kof-etude-prouve-que-monsieur-et-madame-suisse-travaillent-moins\\\/#primaryimage\"},\"thumbnailUrl\":\"https:\\\/\\\/www.organisator.ch\\\/wp-content\\\/uploads\\\/2017\\\/07\\\/KOF-Studie-belegt-Herr-und-Frau-Schweizer-arbeiten-weniger-org-organisator.jpg\",\"keywords\":[\"Arbeitszeit\",\"Schweiz\",\"Studie\"],\"articleSection\":[\"Allgemein\"],\"inLanguage\":\"en-US\"},{\"@type\":\"WebPage\",\"@id\":\"https:\\\/\\\/www.organisator.ch\\\/fr\\\/general\\\/2017-07-10\\\/kof-etude-prouve-que-monsieur-et-madame-suisse-travaillent-moins\\\/\",\"url\":\"https:\\\/\\\/www.organisator.ch\\\/fr\\\/general\\\/2017-07-10\\\/kof-etude-prouve-que-monsieur-et-madame-suisse-travaillent-moins\\\/\",\"name\":\"KOF Studie belegt: Herr und Frau Schweizer arbeiten weniger - Organisator\",\"isPartOf\":{\"@id\":\"https:\\\/\\\/www.organisator.ch\\\/#website\"},\"primaryImageOfPage\":{\"@id\":\"https:\\\/\\\/www.organisator.ch\\\/fr\\\/general\\\/2017-07-10\\\/kof-etude-prouve-que-monsieur-et-madame-suisse-travaillent-moins\\\/#primaryimage\"},\"image\":{\"@id\":\"https:\\\/\\\/www.organisator.ch\\\/fr\\\/general\\\/2017-07-10\\\/kof-etude-prouve-que-monsieur-et-madame-suisse-travaillent-moins\\\/#primaryimage\"},\"thumbnailUrl\":\"https:\\\/\\\/www.organisator.ch\\\/wp-content\\\/uploads\\\/2017\\\/07\\\/KOF-Studie-belegt-Herr-und-Frau-Schweizer-arbeiten-weniger-org-organisator.jpg\",\"datePublished\":\"2017-07-10T09:10:41+00:00\",\"description\":\"Eine aktuelle KOF Studie der ETZ Z\u00fcrich zeigt, dass seit 1950 die Arbeitsdauer in der Schweiz um einen Drittel gesunken ist.\",\"breadcrumb\":{\"@id\":\"https:\\\/\\\/www.organisator.ch\\\/fr\\\/general\\\/2017-07-10\\\/kof-etude-prouve-que-monsieur-et-madame-suisse-travaillent-moins\\\/#breadcrumb\"},\"inLanguage\":\"en-US\",\"potentialAction\":[{\"@type\":\"ReadAction\",\"target\":[\"https:\\\/\\\/www.organisator.ch\\\/fr\\\/general\\\/2017-07-10\\\/kof-etude-prouve-que-monsieur-et-madame-suisse-travaillent-moins\\\/\"]}]},{\"@type\":\"ImageObject\",\"inLanguage\":\"en-US\",\"@id\":\"https:\\\/\\\/www.organisator.ch\\\/fr\\\/general\\\/2017-07-10\\\/kof-etude-prouve-que-monsieur-et-madame-suisse-travaillent-moins\\\/#primaryimage\",\"url\":\"https:\\\/\\\/www.organisator.ch\\\/wp-content\\\/uploads\\\/2017\\\/07\\\/KOF-Studie-belegt-Herr-und-Frau-Schweizer-arbeiten-weniger-org-organisator.jpg\",\"contentUrl\":\"https:\\\/\\\/www.organisator.ch\\\/wp-content\\\/uploads\\\/2017\\\/07\\\/KOF-Studie-belegt-Herr-und-Frau-Schweizer-arbeiten-weniger-org-organisator.jpg\",\"width\":1000,\"height\":668,\"caption\":\"Vor 60 Jahren erreichten nur 2 von 3 M\u00e4nnern das Rentenalter, zeigt eine KOF Studie \u00fcber Arbeitszeit. (Bild \u00a9 iakovenko123)\"},{\"@type\":\"BreadcrumbList\",\"@id\":\"https:\\\/\\\/www.organisator.ch\\\/fr\\\/general\\\/2017-07-10\\\/kof-etude-prouve-que-monsieur-et-madame-suisse-travaillent-moins\\\/#breadcrumb\",\"itemListElement\":[{\"@type\":\"ListItem\",\"position\":1,\"name\":\"Home\",\"item\":\"https:\\\/\\\/www.organisator.ch\\\/\"},{\"@type\":\"ListItem\",\"position\":2,\"name\":\"KOF Studie belegt: Herr und Frau Schweizer arbeiten weniger\"}]},{\"@type\":\"WebSite\",\"@id\":\"https:\\\/\\\/www.organisator.ch\\\/#website\",\"url\":\"https:\\\/\\\/www.organisator.ch\\\/\",\"name\":\"Organisator\",\"description\":\"Kompetent. Praxisnah. Der ORGANISATOR bereitet in 10 Ausgaben pro Jahr die wesentlichen Themen f\u00fcr F\u00fchrungskr\u00e4fte von KMU auf.\",\"publisher\":{\"@id\":\"https:\\\/\\\/www.organisator.ch\\\/#organization\"},\"potentialAction\":[{\"@type\":\"SearchAction\",\"target\":{\"@type\":\"EntryPoint\",\"urlTemplate\":\"https:\\\/\\\/www.organisator.ch\\\/?s={search_term_string}\"},\"query-input\":{\"@type\":\"PropertyValueSpecification\",\"valueRequired\":true,\"valueName\":\"search_term_string\"}}],\"inLanguage\":\"en-US\"},{\"@type\":\"Organization\",\"@id\":\"https:\\\/\\\/www.organisator.ch\\\/#organization\",\"name\":\"Organisator\",\"url\":\"https:\\\/\\\/www.organisator.ch\\\/\",\"logo\":{\"@type\":\"ImageObject\",\"inLanguage\":\"en-US\",\"@id\":\"https:\\\/\\\/www.organisator.ch\\\/#\\\/schema\\\/logo\\\/image\\\/\",\"url\":\"https:\\\/\\\/www.organisator.ch\\\/wp-content\\\/uploads\\\/2022\\\/01\\\/Logo_Organisator_Website.png\",\"contentUrl\":\"https:\\\/\\\/www.organisator.ch\\\/wp-content\\\/uploads\\\/2022\\\/01\\\/Logo_Organisator_Website.png\",\"width\":800,\"height\":77,\"caption\":\"Organisator\"},\"image\":{\"@id\":\"https:\\\/\\\/www.organisator.ch\\\/#\\\/schema\\\/logo\\\/image\\\/\"},\"sameAs\":[\"https:\\\/\\\/www.facebook.com\\\/OrganisatorFachmagazin\",\"https:\\\/\\\/www.linkedin.com\\\/showcase\\\/organisator-das-magazin-fr-kmu\",\"https:\\\/\\\/www.xing.com\\\/news\\\/pages\\\/organisator-ch-695\",\"https:\\\/\\\/www.youtube.com\\\/channel\\\/UCGP2Sq0iWaZwT3BdIAQFYpw\"]},{\"@type\":\"Person\",\"@id\":\"https:\\\/\\\/www.organisator.ch\\\/#\\\/schema\\\/person\\\/134708ca9321c57b0362cceb7948ffbd\",\"name\":\"michael.merz\",\"image\":{\"@type\":\"ImageObject\",\"inLanguage\":\"en-US\",\"@id\":\"https:\\\/\\\/secure.gravatar.com\\\/avatar\\\/?s=96&d=mm&r=g\",\"url\":\"https:\\\/\\\/secure.gravatar.com\\\/avatar\\\/?s=96&d=mm&r=g\",\"contentUrl\":\"https:\\\/\\\/secure.gravatar.com\\\/avatar\\\/?s=96&d=mm&r=g\",\"caption\":\"michael.merz\"},\"url\":\"https:\\\/\\\/www.organisator.ch\\\/en\\\/author\\\/michael-merz\\\/\"}]}<\/script>\n<!-- \/ Yoast SEO plugin. -->","yoast_head_json":{"title":"KOF study proves: Mr. and Mrs. Swiss work less - Organizer","description":"A recent KOF study by ETZ Zurich shows that since 1950, working hours in Switzerland have fallen by one third.","robots":{"index":"index","follow":"follow","max-snippet":"max-snippet:-1","max-image-preview":"max-image-preview:large","max-video-preview":"max-video-preview:-1"},"canonical":"https:\/\/www.organisator.ch\/en\/general\/2017-07-10\/kof-studie-belegt-herr-und-frau-schweizer-arbeiten-weniger\/","og_locale":"en_US","og_type":"article","og_title":"KOF Studie belegt: Herr und Frau Schweizer arbeiten weniger - Organisator","og_description":"Eine aktuelle KOF Studie der ETZ Z\u00fcrich zeigt, dass seit 1950 die Arbeitsdauer in der Schweiz um einen Drittel gesunken ist.","og_url":"https:\/\/www.organisator.ch\/en\/general\/2017-07-10\/kof-studie-belegt-herr-und-frau-schweizer-arbeiten-weniger\/","og_site_name":"Organisator","article_publisher":"https:\/\/www.facebook.com\/OrganisatorFachmagazin","article_published_time":"2017-07-10T09:10:41+00:00","og_image":[{"width":1000,"height":668,"url":"https:\/\/www.organisator.ch\/wp-content\/uploads\/2017\/07\/KOF-Studie-belegt-Herr-und-Frau-Schweizer-arbeiten-weniger-org-organisator.jpg","type":"image\/jpeg"}],"author":"michael.merz","twitter_card":"summary_large_image","schema":{"@context":"https:\/\/schema.org","@graph":[{"@type":"Article","@id":"https:\/\/www.organisator.ch\/fr\/general\/2017-07-10\/kof-etude-prouve-que-monsieur-et-madame-suisse-travaillent-moins\/#article","isPartOf":{"@id":"https:\/\/www.organisator.ch\/fr\/general\/2017-07-10\/kof-etude-prouve-que-monsieur-et-madame-suisse-travaillent-moins\/"},"author":{"name":"michael.merz","@id":"https:\/\/www.organisator.ch\/#\/schema\/person\/134708ca9321c57b0362cceb7948ffbd"},"headline":"KOF Studie belegt: Herr und Frau Schweizer arbeiten weniger","datePublished":"2017-07-10T09:10:41+00:00","mainEntityOfPage":{"@id":"https:\/\/www.organisator.ch\/fr\/general\/2017-07-10\/kof-etude-prouve-que-monsieur-et-madame-suisse-travaillent-moins\/"},"wordCount":512,"commentCount":0,"publisher":{"@id":"https:\/\/www.organisator.ch\/#organization"},"image":{"@id":"https:\/\/www.organisator.ch\/fr\/general\/2017-07-10\/kof-etude-prouve-que-monsieur-et-madame-suisse-travaillent-moins\/#primaryimage"},"thumbnailUrl":"https:\/\/www.organisator.ch\/wp-content\/uploads\/2017\/07\/KOF-Studie-belegt-Herr-und-Frau-Schweizer-arbeiten-weniger-org-organisator.jpg","keywords":["Arbeitszeit","Schweiz","Studie"],"articleSection":["Allgemein"],"inLanguage":"en-US"},{"@type":"WebPage","@id":"https:\/\/www.organisator.ch\/fr\/general\/2017-07-10\/kof-etude-prouve-que-monsieur-et-madame-suisse-travaillent-moins\/","url":"https:\/\/www.organisator.ch\/fr\/general\/2017-07-10\/kof-etude-prouve-que-monsieur-et-madame-suisse-travaillent-moins\/","name":"KOF study proves: Mr. and Mrs. Swiss work less - Organizer","isPartOf":{"@id":"https:\/\/www.organisator.ch\/#website"},"primaryImageOfPage":{"@id":"https:\/\/www.organisator.ch\/fr\/general\/2017-07-10\/kof-etude-prouve-que-monsieur-et-madame-suisse-travaillent-moins\/#primaryimage"},"image":{"@id":"https:\/\/www.organisator.ch\/fr\/general\/2017-07-10\/kof-etude-prouve-que-monsieur-et-madame-suisse-travaillent-moins\/#primaryimage"},"thumbnailUrl":"https:\/\/www.organisator.ch\/wp-content\/uploads\/2017\/07\/KOF-Studie-belegt-Herr-und-Frau-Schweizer-arbeiten-weniger-org-organisator.jpg","datePublished":"2017-07-10T09:10:41+00:00","description":"A recent KOF study by ETZ Zurich shows that since 1950, working hours in Switzerland have fallen by one third.","breadcrumb":{"@id":"https:\/\/www.organisator.ch\/fr\/general\/2017-07-10\/kof-etude-prouve-que-monsieur-et-madame-suisse-travaillent-moins\/#breadcrumb"},"inLanguage":"en-US","potentialAction":[{"@type":"ReadAction","target":["https:\/\/www.organisator.ch\/fr\/general\/2017-07-10\/kof-etude-prouve-que-monsieur-et-madame-suisse-travaillent-moins\/"]}]},{"@type":"ImageObject","inLanguage":"en-US","@id":"https:\/\/www.organisator.ch\/fr\/general\/2017-07-10\/kof-etude-prouve-que-monsieur-et-madame-suisse-travaillent-moins\/#primaryimage","url":"https:\/\/www.organisator.ch\/wp-content\/uploads\/2017\/07\/KOF-Studie-belegt-Herr-und-Frau-Schweizer-arbeiten-weniger-org-organisator.jpg","contentUrl":"https:\/\/www.organisator.ch\/wp-content\/uploads\/2017\/07\/KOF-Studie-belegt-Herr-und-Frau-Schweizer-arbeiten-weniger-org-organisator.jpg","width":1000,"height":668,"caption":"Vor 60 Jahren erreichten nur 2 von 3 M\u00e4nnern das Rentenalter, zeigt eine KOF Studie \u00fcber Arbeitszeit. (Bild \u00a9 iakovenko123)"},{"@type":"BreadcrumbList","@id":"https:\/\/www.organisator.ch\/fr\/general\/2017-07-10\/kof-etude-prouve-que-monsieur-et-madame-suisse-travaillent-moins\/#breadcrumb","itemListElement":[{"@type":"ListItem","position":1,"name":"Home","item":"https:\/\/www.organisator.ch\/"},{"@type":"ListItem","position":2,"name":"KOF Studie belegt: Herr und Frau Schweizer arbeiten weniger"}]},{"@type":"WebSite","@id":"https:\/\/www.organisator.ch\/#website","url":"https:\/\/www.organisator.ch\/","name":"Organizer","description":"Competent. Practical. In 10 issues per year, ORGANISATOR presents the essential topics for managers of SMEs.","publisher":{"@id":"https:\/\/www.organisator.ch\/#organization"},"potentialAction":[{"@type":"SearchAction","target":{"@type":"EntryPoint","urlTemplate":"https:\/\/www.organisator.ch\/?s={search_term_string}"},"query-input":{"@type":"PropertyValueSpecification","valueRequired":true,"valueName":"search_term_string"}}],"inLanguage":"en-US"},{"@type":"Organization","@id":"https:\/\/www.organisator.ch\/#organization","name":"Organizer","url":"https:\/\/www.organisator.ch\/","logo":{"@type":"ImageObject","inLanguage":"en-US","@id":"https:\/\/www.organisator.ch\/#\/schema\/logo\/image\/","url":"https:\/\/www.organisator.ch\/wp-content\/uploads\/2022\/01\/Logo_Organisator_Website.png","contentUrl":"https:\/\/www.organisator.ch\/wp-content\/uploads\/2022\/01\/Logo_Organisator_Website.png","width":800,"height":77,"caption":"Organisator"},"image":{"@id":"https:\/\/www.organisator.ch\/#\/schema\/logo\/image\/"},"sameAs":["https:\/\/www.facebook.com\/OrganisatorFachmagazin","https:\/\/www.linkedin.com\/showcase\/organisator-das-magazin-fr-kmu","https:\/\/www.xing.com\/news\/pages\/organisator-ch-695","https:\/\/www.youtube.com\/channel\/UCGP2Sq0iWaZwT3BdIAQFYpw"]},{"@type":"Person","@id":"https:\/\/www.organisator.ch\/#\/schema\/person\/134708ca9321c57b0362cceb7948ffbd","name":"michael.merz","image":{"@type":"ImageObject","inLanguage":"en-US","@id":"https:\/\/secure.gravatar.com\/avatar\/?s=96&d=mm&r=g","url":"https:\/\/secure.gravatar.com\/avatar\/?s=96&d=mm&r=g","contentUrl":"https:\/\/secure.gravatar.com\/avatar\/?s=96&d=mm&r=g","caption":"michael.merz"},"url":"https:\/\/www.organisator.ch\/en\/author\/michael-merz\/"}]}},"_links":{"self":[{"href":"https:\/\/www.organisator.ch\/en\/wp-json\/wp\/v2\/posts\/2167","targetHints":{"allow":["GET"]}}],"collection":[{"href":"https:\/\/www.organisator.ch\/en\/wp-json\/wp\/v2\/posts"}],"about":[{"href":"https:\/\/www.organisator.ch\/en\/wp-json\/wp\/v2\/types\/post"}],"author":[{"embeddable":true,"href":"https:\/\/www.organisator.ch\/en\/wp-json\/wp\/v2\/users\/5"}],"replies":[{"embeddable":true,"href":"https:\/\/www.organisator.ch\/en\/wp-json\/wp\/v2\/comments?post=2167"}],"version-history":[{"count":0,"href":"https:\/\/www.organisator.ch\/en\/wp-json\/wp\/v2\/posts\/2167\/revisions"}],"wp:featuredmedia":[{"embeddable":true,"href":"https:\/\/www.organisator.ch\/en\/wp-json\/wp\/v2\/media\/2168"}],"wp:attachment":[{"href":"https:\/\/www.organisator.ch\/en\/wp-json\/wp\/v2\/media?parent=2167"}],"wp:term":[{"taxonomy":"category","embeddable":true,"href":"https:\/\/www.organisator.ch\/en\/wp-json\/wp\/v2\/categories?post=2167"},{"taxonomy":"post_tag","embeddable":true,"href":"https:\/\/www.organisator.ch\/en\/wp-json\/wp\/v2\/tags?post=2167"}],"curies":[{"name":"wp","href":"https:\/\/api.w.org\/{rel}","templated":true}]}}