{"id":21803,"date":"2023-09-20T11:01:03","date_gmt":"2023-09-20T09:01:03","guid":{"rendered":"https:\/\/www.organisator.ch\/?p=21803"},"modified":"2023-09-29T08:42:09","modified_gmt":"2023-09-29T06:42:09","slug":"cybersicherheit-nur-etwas-fuer-digitale-pioniere","status":"publish","type":"post","link":"https:\/\/www.organisator.ch\/en\/operational-excellence\/2023-09-20\/cybersicherheit-nur-etwas-fuer-digitale-pioniere\/","title":{"rendered":"Cybersecurity: Only something for \"digital pioneers\"?"},"content":{"rendered":"<figure id=\"attachment_21809\" aria-describedby=\"caption-attachment-21809\" style=\"width: 680px\" class=\"wp-caption alignnone\"><img loading=\"lazy\" decoding=\"async\" class=\"size-full wp-image-21809\" src=\"https:\/\/www.organisator.ch\/wp-content\/uploads\/2023\/09\/Cybersicherheit-Nur-etwas-fuer-digitale-Pioniere_Organisator.jpg\" alt=\"\" width=\"680\" height=\"533\" srcset=\"https:\/\/www.organisator.ch\/wp-content\/uploads\/2023\/09\/Cybersicherheit-Nur-etwas-fuer-digitale-Pioniere_Organisator.jpg 680w, https:\/\/www.organisator.ch\/wp-content\/uploads\/2023\/09\/Cybersicherheit-Nur-etwas-fuer-digitale-Pioniere_Organisator-15x12.jpg 15w, https:\/\/www.organisator.ch\/wp-content\/uploads\/2023\/09\/Cybersicherheit-Nur-etwas-fuer-digitale-Pioniere_Organisator-375x294.jpg 375w, https:\/\/www.organisator.ch\/wp-content\/uploads\/2023\/09\/Cybersicherheit-Nur-etwas-fuer-digitale-Pioniere_Organisator-447x350.jpg 447w\" sizes=\"auto, (max-width: 680px) 100vw, 680px\" \/><figcaption id=\"caption-attachment-21809\" class=\"wp-caption-text\">A new survey shows that despite growing threats, cybersecurity is a low priority for Swiss SMEs. (Image: Unsplash.com)<\/figcaption><\/figure>\n<p>8 out of 10 SMEs entrust their digital infrastructures to external IT service providers and also seek advice from them in the area of cyber security. However, there has been little progress in implementing measures to protect against cybercrime.<\/p>\n<h3><strong>\"<\/strong><strong>Digital pioneers\" are doing more for cybersecurity - but there are fewer and fewer of them<\/strong><\/h3>\n<p>The general level of information among respondents regarding cyber risks has improved slightly since the first survey in 2020. Slightly more than half (56 %) now feel rather or very well informed (2020: 47 %). The study results indicate that SMEs with well-informed executives are much more likely to implement measures to improve cybersecurity than respondents who consider themselves to be poorly informed.<\/p>\n<p>Respondents who see themselves as \"digital pioneers\" are also better informed across the board, implement more measures and attach greater importance to the issue of cyberrisk (see chart 1). What is thought-provoking in this respect is that significantly fewer SMEs surveyed see themselves as digital pioneers in 2023 (12 percent) than a year ago (2022: 21 percent).<\/p>\n<figure id=\"attachment_21807\" aria-describedby=\"caption-attachment-21807\" style=\"width: 680px\" class=\"wp-caption alignnone\"><img loading=\"lazy\" decoding=\"async\" class=\"size-full wp-image-21807\" src=\"https:\/\/www.organisator.ch\/wp-content\/uploads\/2023\/09\/Cybersicherheit-Nur-etwas-fuer-digitale-Pioniere-1_Organisator.png\" alt=\"\" width=\"680\" height=\"626\" srcset=\"https:\/\/www.organisator.ch\/wp-content\/uploads\/2023\/09\/Cybersicherheit-Nur-etwas-fuer-digitale-Pioniere-1_Organisator.png 680w, https:\/\/www.organisator.ch\/wp-content\/uploads\/2023\/09\/Cybersicherheit-Nur-etwas-fuer-digitale-Pioniere-1_Organisator-13x12.png 13w, https:\/\/www.organisator.ch\/wp-content\/uploads\/2023\/09\/Cybersicherheit-Nur-etwas-fuer-digitale-Pioniere-1_Organisator-326x300.png 326w, https:\/\/www.organisator.ch\/wp-content\/uploads\/2023\/09\/Cybersicherheit-Nur-etwas-fuer-digitale-Pioniere-1_Organisator-380x350.png 380w\" sizes=\"auto, (max-width: 680px) 100vw, 680px\" \/><figcaption id=\"caption-attachment-21807\" class=\"wp-caption-text\">Chart 1 (Source: gfs-z\u00fcrich)<\/figcaption><\/figure>\n<ul>\n<li>One in ten SMEs (11 %) had already been successfully attacked by cybercriminals in such a way that considerable effort was required to repair the damage. More than half (55 %) of respondents who had already been attacked complained of financial damage. Around one-eighth (13 %) said they had suffered loss of customer data or damage to their reputation.<\/li>\n<li>According to the respondents, cybercrime is a serious problem (mean value of 4.7 on the 5-point scale). They also recognize the measures against cyberattacks as important (4.5). The more open-minded SMEs are about technology, the higher the rating of both the dangers and the need for measures.<\/li>\n<li>At 3.9 and 4.5 (on a scale of 5), the degree of implementation of the various measures surveyed is practically unchanged compared with the last two years. Digital pioneers have implemented more measures than early followers, and the latter more than late followers.<\/li>\n<li>As already noted in previous years, organizational measures are still implemented significantly less than technical measures. The two organizational measures implemented least frequently are regular employee training (2.9 on a scale of 5) and the performance of a security audit (2.8).<\/li>\n<li>About half (52 %) of respondents think it is somewhat or very likely that they will increase their security measures against cybercrime in the next one to three years. Those better informed on the topic of cybersecurity plan to take more measures against cybercrime (3.6 on the 5-point scale) than those less informed (3.0).<\/li>\n<\/ul>\n<figure id=\"attachment_21808\" aria-describedby=\"caption-attachment-21808\" style=\"width: 680px\" class=\"wp-caption alignnone\"><img loading=\"lazy\" decoding=\"async\" class=\"size-full wp-image-21808\" src=\"https:\/\/www.organisator.ch\/wp-content\/uploads\/2023\/09\/Cybersicherheit-Nur-etwas-fuer-digitale-Pioniere-2_Organisator.png\" alt=\"\" width=\"680\" height=\"296\" srcset=\"https:\/\/www.organisator.ch\/wp-content\/uploads\/2023\/09\/Cybersicherheit-Nur-etwas-fuer-digitale-Pioniere-2_Organisator.png 680w, https:\/\/www.organisator.ch\/wp-content\/uploads\/2023\/09\/Cybersicherheit-Nur-etwas-fuer-digitale-Pioniere-2_Organisator-18x8.png 18w, https:\/\/www.organisator.ch\/wp-content\/uploads\/2023\/09\/Cybersicherheit-Nur-etwas-fuer-digitale-Pioniere-2_Organisator-375x163.png 375w\" sizes=\"auto, (max-width: 680px) 100vw, 680px\" \/><figcaption id=\"caption-attachment-21808\" class=\"wp-caption-text\">Chart 2 (Source: gfs-z\u00fcrich)<\/figcaption><\/figure>\n<p>Working with third-party partners in the areas of IT and cybersecurity is a matter of course for many SMEs. Thus, a total of 79 percent of the companies surveyed trust at least one external IT service provider and are very satisfied with it overall (91 percent). However, only half of the respondents can confirm that their IT service providers have a recognized security certification (see chart 2).<\/p>\n<h3><strong>The home office<\/strong><\/h3>\n<p>The number of workplaces that SME CEOs describe as homeoffice-ready has declined for the fourth time in a row. The use of digital communication channels such as Skype, Teams or WhatsApp is also lower in 2023 than it was in 2022.<\/p>\n<ul>\n<li>Since 2020, the number of home office-ready jobs has decreased year over year. The number of SMEs where some or all employees can work from home has decreased from 67 % (in 2020) to 56 % (in 2023).<\/li>\n<li>In those companies where home office exists, 42 % of employees work partly or mainly at home. Geneva and Zurich stand out - as in the previous studies - as being particularly home office-friendly.<\/li>\n<li>In 2023, after the end of all pandemic measures, almost three quarters of respondents 73 % expect the home office share to remain the same in the long term. It seems that home office use has become established at the current level in most SMEs.<\/li>\n<\/ul>\n<p>The results of the study on digitization and cybersecurity in SMEs make it clear that the more companies identify themselves as digital \"pioneers,\" the more often they implement technical and organizational measures to strengthen cybersecurity in their company. However, while in previous years around one-fifth of the SMEs surveyed always saw themselves as digital \"pioneers,\" in 2023 this figure is only around one-tenth.<\/p>\n<p><em>Sources\/Research Partners: <a href=\"https:\/\/www.mobiliar.ch\/\">Furniture,<\/a>\u00a0<a href=\"https:\/\/digitalswitzerland.com\/de\/\">digitalswitzerland<\/a>,\u00a0<a href=\"https:\/\/www.fhnw.ch\/de\/die-fhnw\/hochschulen\/hsw\">School of Business FHNW<\/a>,\u00a0<a href=\"https:\/\/www.satw.ch\/de\/\">Swiss Academy of Engineering Sciences SATW<\/a>,\u00a0<a href=\"https:\/\/www.digitalsecurityswitzerland.ch\/de\/\">Alliance Digital Security Switzerland ADSS<\/a>\u00a0and\u00a0<a href=\"https:\/\/gfs-zh.ch\/\">gfs-zurich<\/a>. <\/em><\/p>","protected":false},"excerpt":{"rendered":"<p>For the fourth time, a representative study was conducted on the impact of the Corona crisis on digitalization and cybersecurity in Swiss SMEs. The research partners were Die Mobiliar, digitalswitzerland, Hochschule f\u00fcr Wirtschaft FHNW, Schweizerische Akademie der Technischen Wissenschaften SATW, Allianz Digitale Sicherheit Schweiz ADSS and gfs-z\u00fcrich. For the study, 502 managing directors of SMEs with 4 to 49 employees in German-, French- and Italian-speaking Switzerland were surveyed by telephone from April 18 to June 13, 2023.<\/p>","protected":false},"author":58,"featured_media":21809,"comment_status":"closed","ping_status":"closed","sticky":false,"template":"","format":"standard","meta":{"_acf_changed":false,"_yoast_wpseo_focuskw":"Cybersicherheit","_yoast_wpseo_metadesc":"\u00abDigitale Pioniere\u00bb unternehmen mehr f\u00fcr die Cybersicherheit \u2013 es gibt aber immer weniger von ihnen. Dies zeigt eine neue Studie.","articlekey":"","footnotes":""},"categories":[582],"tags":[156,260,286,459,487],"class_list":["post-21803","post","type-post","status-publish","format-standard","has-post-thumbnail","hentry","category-operational-excellence","tag-digitalisierung","tag-ict-sicherheit","tag-it","tag-studie","tag-umfrage"],"acf":[],"yoast_head":"<!-- This site is optimized with the Yoast SEO plugin v27.4 - https:\/\/yoast.com\/product\/yoast-seo-wordpress\/ -->\n<title>Cybersicherheit: Nur etwas f\u00fcr &quot;digitale Pioniere&quot;? - Organisator<\/title>\n<meta name=\"description\" content=\"\u00abDigitale Pioniere\u00bb unternehmen mehr f\u00fcr die Cybersicherheit \u2013 es gibt aber immer weniger von ihnen. Dies zeigt eine neue Studie.\" \/>\n<meta name=\"robots\" content=\"index, follow, max-snippet:-1, max-image-preview:large, max-video-preview:-1\" \/>\n<link rel=\"canonical\" href=\"https:\/\/www.organisator.ch\/en\/operational-excellence\/2023-09-20\/cybersicherheit-nur-etwas-fuer-digitale-pioniere\/\" \/>\n<meta property=\"og:locale\" content=\"en_US\" \/>\n<meta property=\"og:type\" content=\"article\" \/>\n<meta property=\"og:title\" content=\"Cybersicherheit: Nur etwas f\u00fcr &quot;digitale Pioniere&quot;?\" \/>\n<meta property=\"og:description\" content=\"\u00abDigitale Pioniere\u00bb unternehmen mehr f\u00fcr die Cybersicherheit \u2013 es gibt aber immer weniger von ihnen. Dies zeigt eine neue Studie.\" \/>\n<meta property=\"og:url\" content=\"https:\/\/www.organisator.ch\/en\/operational-excellence\/2023-09-20\/cybersicherheit-nur-etwas-fuer-digitale-pioniere\/\" \/>\n<meta property=\"og:site_name\" content=\"Organisator\" \/>\n<meta property=\"article:publisher\" content=\"https:\/\/www.facebook.com\/OrganisatorFachmagazin\" \/>\n<meta property=\"article:published_time\" content=\"2023-09-20T09:01:03+00:00\" \/>\n<meta property=\"article:modified_time\" content=\"2023-09-29T06:42:09+00:00\" \/>\n<meta property=\"og:image\" content=\"https:\/\/www.organisator.ch\/wp-content\/uploads\/2023\/09\/Cybersicherheit-Nur-etwas-fuer-digitale-Pioniere_Organisator.jpg\" \/>\n\t<meta property=\"og:image:width\" content=\"680\" \/>\n\t<meta property=\"og:image:height\" content=\"533\" \/>\n\t<meta property=\"og:image:type\" content=\"image\/jpeg\" \/>\n<meta name=\"author\" content=\"Adelisa Kalajdzini\" \/>\n<meta name=\"twitter:card\" content=\"summary_large_image\" \/>\n<meta name=\"twitter:title\" content=\"#Cybersicherheit: Nur etwas f\u00fcr &quot;digitale Pioniere&quot;?\" \/>\n<meta name=\"twitter:description\" content=\"\u00abDigitale Pioniere\u00bb unternehmen mehr f\u00fcr die #Cybersicherheit \u2013 es gibt aber immer weniger von ihnen. Dies zeigt eine neue #Studie.\" \/>\n<meta name=\"twitter:image\" content=\"https:\/\/www.organisator.ch\/wp-content\/uploads\/2023\/09\/Cybersicherheit-Nur-etwas-fuer-digitale-Pioniere_Organisator.jpg\" \/>\n<script type=\"application\/ld+json\" class=\"yoast-schema-graph\">{\"@context\":\"https:\\\/\\\/schema.org\",\"@graph\":[{\"@type\":\"Article\",\"@id\":\"https:\\\/\\\/www.organisator.ch\\\/operational-excellence\\\/2023-09-20\\\/cybersicherheit-nur-etwas-fuer-digitale-pioniere\\\/#article\",\"isPartOf\":{\"@id\":\"https:\\\/\\\/www.organisator.ch\\\/operational-excellence\\\/2023-09-20\\\/cybersicherheit-nur-etwas-fuer-digitale-pioniere\\\/\"},\"author\":{\"name\":\"Adelisa Kalajdzini\",\"@id\":\"https:\\\/\\\/www.organisator.ch\\\/#\\\/schema\\\/person\\\/2e1314a2172123f874db408d8911d3f3\"},\"headline\":\"Cybersicherheit: Nur etwas f\u00fcr &#8222;digitale Pioniere&#8220;?\",\"datePublished\":\"2023-09-20T09:01:03+00:00\",\"dateModified\":\"2023-09-29T06:42:09+00:00\",\"mainEntityOfPage\":{\"@id\":\"https:\\\/\\\/www.organisator.ch\\\/operational-excellence\\\/2023-09-20\\\/cybersicherheit-nur-etwas-fuer-digitale-pioniere\\\/\"},\"wordCount\":740,\"publisher\":{\"@id\":\"https:\\\/\\\/www.organisator.ch\\\/#organization\"},\"image\":{\"@id\":\"https:\\\/\\\/www.organisator.ch\\\/operational-excellence\\\/2023-09-20\\\/cybersicherheit-nur-etwas-fuer-digitale-pioniere\\\/#primaryimage\"},\"thumbnailUrl\":\"https:\\\/\\\/www.organisator.ch\\\/wp-content\\\/uploads\\\/2023\\\/09\\\/Cybersicherheit-Nur-etwas-fuer-digitale-Pioniere_Organisator.jpg\",\"keywords\":[\"Digitalisierung\",\"ICT-Sicherheit\",\"IT\",\"Studie\",\"Umfrage\"],\"articleSection\":[\"OPERATIONAL EXCELLENCE\"],\"inLanguage\":\"en-US\"},{\"@type\":\"WebPage\",\"@id\":\"https:\\\/\\\/www.organisator.ch\\\/operational-excellence\\\/2023-09-20\\\/cybersicherheit-nur-etwas-fuer-digitale-pioniere\\\/\",\"url\":\"https:\\\/\\\/www.organisator.ch\\\/operational-excellence\\\/2023-09-20\\\/cybersicherheit-nur-etwas-fuer-digitale-pioniere\\\/\",\"name\":\"Cybersicherheit: Nur etwas f\u00fcr \\\"digitale Pioniere\\\"? - Organisator\",\"isPartOf\":{\"@id\":\"https:\\\/\\\/www.organisator.ch\\\/#website\"},\"primaryImageOfPage\":{\"@id\":\"https:\\\/\\\/www.organisator.ch\\\/operational-excellence\\\/2023-09-20\\\/cybersicherheit-nur-etwas-fuer-digitale-pioniere\\\/#primaryimage\"},\"image\":{\"@id\":\"https:\\\/\\\/www.organisator.ch\\\/operational-excellence\\\/2023-09-20\\\/cybersicherheit-nur-etwas-fuer-digitale-pioniere\\\/#primaryimage\"},\"thumbnailUrl\":\"https:\\\/\\\/www.organisator.ch\\\/wp-content\\\/uploads\\\/2023\\\/09\\\/Cybersicherheit-Nur-etwas-fuer-digitale-Pioniere_Organisator.jpg\",\"datePublished\":\"2023-09-20T09:01:03+00:00\",\"dateModified\":\"2023-09-29T06:42:09+00:00\",\"description\":\"\u00abDigitale Pioniere\u00bb unternehmen mehr f\u00fcr die Cybersicherheit \u2013 es gibt aber immer weniger von ihnen. Dies zeigt eine neue Studie.\",\"breadcrumb\":{\"@id\":\"https:\\\/\\\/www.organisator.ch\\\/operational-excellence\\\/2023-09-20\\\/cybersicherheit-nur-etwas-fuer-digitale-pioniere\\\/#breadcrumb\"},\"inLanguage\":\"en-US\",\"potentialAction\":[{\"@type\":\"ReadAction\",\"target\":[\"https:\\\/\\\/www.organisator.ch\\\/operational-excellence\\\/2023-09-20\\\/cybersicherheit-nur-etwas-fuer-digitale-pioniere\\\/\"]}]},{\"@type\":\"ImageObject\",\"inLanguage\":\"en-US\",\"@id\":\"https:\\\/\\\/www.organisator.ch\\\/operational-excellence\\\/2023-09-20\\\/cybersicherheit-nur-etwas-fuer-digitale-pioniere\\\/#primaryimage\",\"url\":\"https:\\\/\\\/www.organisator.ch\\\/wp-content\\\/uploads\\\/2023\\\/09\\\/Cybersicherheit-Nur-etwas-fuer-digitale-Pioniere_Organisator.jpg\",\"contentUrl\":\"https:\\\/\\\/www.organisator.ch\\\/wp-content\\\/uploads\\\/2023\\\/09\\\/Cybersicherheit-Nur-etwas-fuer-digitale-Pioniere_Organisator.jpg\",\"width\":680,\"height\":533,\"caption\":\"Eine neue Umfrage zeigt, dass trotz wachsender Bedrohungslage die Cybersicherheit in Schweizer KMU eine geringe Priorit\u00e4t hat. (Bild: Unsplash.com)\"},{\"@type\":\"BreadcrumbList\",\"@id\":\"https:\\\/\\\/www.organisator.ch\\\/operational-excellence\\\/2023-09-20\\\/cybersicherheit-nur-etwas-fuer-digitale-pioniere\\\/#breadcrumb\",\"itemListElement\":[{\"@type\":\"ListItem\",\"position\":1,\"name\":\"Home\",\"item\":\"https:\\\/\\\/www.organisator.ch\\\/\"},{\"@type\":\"ListItem\",\"position\":2,\"name\":\"Cybersicherheit: Nur etwas f\u00fcr &#8222;digitale Pioniere&#8220;?\"}]},{\"@type\":\"WebSite\",\"@id\":\"https:\\\/\\\/www.organisator.ch\\\/#website\",\"url\":\"https:\\\/\\\/www.organisator.ch\\\/\",\"name\":\"Organisator\",\"description\":\"Kompetent. Praxisnah. Der ORGANISATOR bereitet in 10 Ausgaben pro Jahr die wesentlichen Themen f\u00fcr F\u00fchrungskr\u00e4fte von KMU auf.\",\"publisher\":{\"@id\":\"https:\\\/\\\/www.organisator.ch\\\/#organization\"},\"potentialAction\":[{\"@type\":\"SearchAction\",\"target\":{\"@type\":\"EntryPoint\",\"urlTemplate\":\"https:\\\/\\\/www.organisator.ch\\\/?s={search_term_string}\"},\"query-input\":{\"@type\":\"PropertyValueSpecification\",\"valueRequired\":true,\"valueName\":\"search_term_string\"}}],\"inLanguage\":\"en-US\"},{\"@type\":\"Organization\",\"@id\":\"https:\\\/\\\/www.organisator.ch\\\/#organization\",\"name\":\"Organisator\",\"url\":\"https:\\\/\\\/www.organisator.ch\\\/\",\"logo\":{\"@type\":\"ImageObject\",\"inLanguage\":\"en-US\",\"@id\":\"https:\\\/\\\/www.organisator.ch\\\/#\\\/schema\\\/logo\\\/image\\\/\",\"url\":\"https:\\\/\\\/www.organisator.ch\\\/wp-content\\\/uploads\\\/2022\\\/01\\\/Logo_Organisator_Website.png\",\"contentUrl\":\"https:\\\/\\\/www.organisator.ch\\\/wp-content\\\/uploads\\\/2022\\\/01\\\/Logo_Organisator_Website.png\",\"width\":800,\"height\":77,\"caption\":\"Organisator\"},\"image\":{\"@id\":\"https:\\\/\\\/www.organisator.ch\\\/#\\\/schema\\\/logo\\\/image\\\/\"},\"sameAs\":[\"https:\\\/\\\/www.facebook.com\\\/OrganisatorFachmagazin\",\"https:\\\/\\\/www.linkedin.com\\\/showcase\\\/organisator-das-magazin-fr-kmu\",\"https:\\\/\\\/www.xing.com\\\/news\\\/pages\\\/organisator-ch-695\",\"https:\\\/\\\/www.youtube.com\\\/channel\\\/UCGP2Sq0iWaZwT3BdIAQFYpw\"]},{\"@type\":\"Person\",\"@id\":\"https:\\\/\\\/www.organisator.ch\\\/#\\\/schema\\\/person\\\/2e1314a2172123f874db408d8911d3f3\",\"name\":\"Adelisa Kalajdzini\",\"image\":{\"@type\":\"ImageObject\",\"inLanguage\":\"en-US\",\"@id\":\"https:\\\/\\\/secure.gravatar.com\\\/avatar\\\/09a397c22ac58cad6f160ee8306348599df9df58a8ede73696226897b9fa4b24?s=96&d=mm&r=g\",\"url\":\"https:\\\/\\\/secure.gravatar.com\\\/avatar\\\/09a397c22ac58cad6f160ee8306348599df9df58a8ede73696226897b9fa4b24?s=96&d=mm&r=g\",\"contentUrl\":\"https:\\\/\\\/secure.gravatar.com\\\/avatar\\\/09a397c22ac58cad6f160ee8306348599df9df58a8ede73696226897b9fa4b24?s=96&d=mm&r=g\",\"caption\":\"Adelisa Kalajdzini\"},\"url\":\"https:\\\/\\\/www.organisator.ch\\\/en\\\/author\\\/adelisa-kalajdzini\\\/\"}]}<\/script>\n<!-- \/ Yoast SEO plugin. -->","yoast_head_json":{"title":"Cybersecurity: only something for \"digital pioneers\"? - Organizer","description":"\"Digital pioneers\" are doing more for cybersecurity - but there are fewer and fewer of them. This is shown by a new study.","robots":{"index":"index","follow":"follow","max-snippet":"max-snippet:-1","max-image-preview":"max-image-preview:large","max-video-preview":"max-video-preview:-1"},"canonical":"https:\/\/www.organisator.ch\/en\/operational-excellence\/2023-09-20\/cybersicherheit-nur-etwas-fuer-digitale-pioniere\/","og_locale":"en_US","og_type":"article","og_title":"Cybersicherheit: Nur etwas f\u00fcr \"digitale Pioniere\"?","og_description":"\u00abDigitale Pioniere\u00bb unternehmen mehr f\u00fcr die Cybersicherheit \u2013 es gibt aber immer weniger von ihnen. Dies zeigt eine neue Studie.","og_url":"https:\/\/www.organisator.ch\/en\/operational-excellence\/2023-09-20\/cybersicherheit-nur-etwas-fuer-digitale-pioniere\/","og_site_name":"Organisator","article_publisher":"https:\/\/www.facebook.com\/OrganisatorFachmagazin","article_published_time":"2023-09-20T09:01:03+00:00","article_modified_time":"2023-09-29T06:42:09+00:00","og_image":[{"width":680,"height":533,"url":"https:\/\/www.organisator.ch\/wp-content\/uploads\/2023\/09\/Cybersicherheit-Nur-etwas-fuer-digitale-Pioniere_Organisator.jpg","type":"image\/jpeg"}],"author":"Adelisa Kalajdzini","twitter_card":"summary_large_image","twitter_title":"#Cybersicherheit: Nur etwas f\u00fcr \"digitale Pioniere\"?","twitter_description":"\u00abDigitale Pioniere\u00bb unternehmen mehr f\u00fcr die #Cybersicherheit \u2013 es gibt aber immer weniger von ihnen. Dies zeigt eine neue #Studie.","twitter_image":"https:\/\/www.organisator.ch\/wp-content\/uploads\/2023\/09\/Cybersicherheit-Nur-etwas-fuer-digitale-Pioniere_Organisator.jpg","schema":{"@context":"https:\/\/schema.org","@graph":[{"@type":"Article","@id":"https:\/\/www.organisator.ch\/operational-excellence\/2023-09-20\/cybersicherheit-nur-etwas-fuer-digitale-pioniere\/#article","isPartOf":{"@id":"https:\/\/www.organisator.ch\/operational-excellence\/2023-09-20\/cybersicherheit-nur-etwas-fuer-digitale-pioniere\/"},"author":{"name":"Adelisa Kalajdzini","@id":"https:\/\/www.organisator.ch\/#\/schema\/person\/2e1314a2172123f874db408d8911d3f3"},"headline":"Cybersicherheit: Nur etwas f\u00fcr &#8222;digitale Pioniere&#8220;?","datePublished":"2023-09-20T09:01:03+00:00","dateModified":"2023-09-29T06:42:09+00:00","mainEntityOfPage":{"@id":"https:\/\/www.organisator.ch\/operational-excellence\/2023-09-20\/cybersicherheit-nur-etwas-fuer-digitale-pioniere\/"},"wordCount":740,"publisher":{"@id":"https:\/\/www.organisator.ch\/#organization"},"image":{"@id":"https:\/\/www.organisator.ch\/operational-excellence\/2023-09-20\/cybersicherheit-nur-etwas-fuer-digitale-pioniere\/#primaryimage"},"thumbnailUrl":"https:\/\/www.organisator.ch\/wp-content\/uploads\/2023\/09\/Cybersicherheit-Nur-etwas-fuer-digitale-Pioniere_Organisator.jpg","keywords":["Digitalisierung","ICT-Sicherheit","IT","Studie","Umfrage"],"articleSection":["OPERATIONAL EXCELLENCE"],"inLanguage":"en-US"},{"@type":"WebPage","@id":"https:\/\/www.organisator.ch\/operational-excellence\/2023-09-20\/cybersicherheit-nur-etwas-fuer-digitale-pioniere\/","url":"https:\/\/www.organisator.ch\/operational-excellence\/2023-09-20\/cybersicherheit-nur-etwas-fuer-digitale-pioniere\/","name":"Cybersecurity: only something for \"digital pioneers\"? - Organizer","isPartOf":{"@id":"https:\/\/www.organisator.ch\/#website"},"primaryImageOfPage":{"@id":"https:\/\/www.organisator.ch\/operational-excellence\/2023-09-20\/cybersicherheit-nur-etwas-fuer-digitale-pioniere\/#primaryimage"},"image":{"@id":"https:\/\/www.organisator.ch\/operational-excellence\/2023-09-20\/cybersicherheit-nur-etwas-fuer-digitale-pioniere\/#primaryimage"},"thumbnailUrl":"https:\/\/www.organisator.ch\/wp-content\/uploads\/2023\/09\/Cybersicherheit-Nur-etwas-fuer-digitale-Pioniere_Organisator.jpg","datePublished":"2023-09-20T09:01:03+00:00","dateModified":"2023-09-29T06:42:09+00:00","description":"\"Digital pioneers\" are doing more for cybersecurity - but there are fewer and fewer of them. This is shown by a new study.","breadcrumb":{"@id":"https:\/\/www.organisator.ch\/operational-excellence\/2023-09-20\/cybersicherheit-nur-etwas-fuer-digitale-pioniere\/#breadcrumb"},"inLanguage":"en-US","potentialAction":[{"@type":"ReadAction","target":["https:\/\/www.organisator.ch\/operational-excellence\/2023-09-20\/cybersicherheit-nur-etwas-fuer-digitale-pioniere\/"]}]},{"@type":"ImageObject","inLanguage":"en-US","@id":"https:\/\/www.organisator.ch\/operational-excellence\/2023-09-20\/cybersicherheit-nur-etwas-fuer-digitale-pioniere\/#primaryimage","url":"https:\/\/www.organisator.ch\/wp-content\/uploads\/2023\/09\/Cybersicherheit-Nur-etwas-fuer-digitale-Pioniere_Organisator.jpg","contentUrl":"https:\/\/www.organisator.ch\/wp-content\/uploads\/2023\/09\/Cybersicherheit-Nur-etwas-fuer-digitale-Pioniere_Organisator.jpg","width":680,"height":533,"caption":"Eine neue Umfrage zeigt, dass trotz wachsender Bedrohungslage die Cybersicherheit in Schweizer KMU eine geringe Priorit\u00e4t hat. (Bild: Unsplash.com)"},{"@type":"BreadcrumbList","@id":"https:\/\/www.organisator.ch\/operational-excellence\/2023-09-20\/cybersicherheit-nur-etwas-fuer-digitale-pioniere\/#breadcrumb","itemListElement":[{"@type":"ListItem","position":1,"name":"Home","item":"https:\/\/www.organisator.ch\/"},{"@type":"ListItem","position":2,"name":"Cybersicherheit: Nur etwas f\u00fcr &#8222;digitale Pioniere&#8220;?"}]},{"@type":"WebSite","@id":"https:\/\/www.organisator.ch\/#website","url":"https:\/\/www.organisator.ch\/","name":"Organizer","description":"Competent. Practical. In 10 issues per year, ORGANISATOR presents the essential topics for managers of SMEs.","publisher":{"@id":"https:\/\/www.organisator.ch\/#organization"},"potentialAction":[{"@type":"SearchAction","target":{"@type":"EntryPoint","urlTemplate":"https:\/\/www.organisator.ch\/?s={search_term_string}"},"query-input":{"@type":"PropertyValueSpecification","valueRequired":true,"valueName":"search_term_string"}}],"inLanguage":"en-US"},{"@type":"Organization","@id":"https:\/\/www.organisator.ch\/#organization","name":"Organizer","url":"https:\/\/www.organisator.ch\/","logo":{"@type":"ImageObject","inLanguage":"en-US","@id":"https:\/\/www.organisator.ch\/#\/schema\/logo\/image\/","url":"https:\/\/www.organisator.ch\/wp-content\/uploads\/2022\/01\/Logo_Organisator_Website.png","contentUrl":"https:\/\/www.organisator.ch\/wp-content\/uploads\/2022\/01\/Logo_Organisator_Website.png","width":800,"height":77,"caption":"Organisator"},"image":{"@id":"https:\/\/www.organisator.ch\/#\/schema\/logo\/image\/"},"sameAs":["https:\/\/www.facebook.com\/OrganisatorFachmagazin","https:\/\/www.linkedin.com\/showcase\/organisator-das-magazin-fr-kmu","https:\/\/www.xing.com\/news\/pages\/organisator-ch-695","https:\/\/www.youtube.com\/channel\/UCGP2Sq0iWaZwT3BdIAQFYpw"]},{"@type":"Person","@id":"https:\/\/www.organisator.ch\/#\/schema\/person\/2e1314a2172123f874db408d8911d3f3","name":"Adelisa Kalajdzini","image":{"@type":"ImageObject","inLanguage":"en-US","@id":"https:\/\/secure.gravatar.com\/avatar\/09a397c22ac58cad6f160ee8306348599df9df58a8ede73696226897b9fa4b24?s=96&d=mm&r=g","url":"https:\/\/secure.gravatar.com\/avatar\/09a397c22ac58cad6f160ee8306348599df9df58a8ede73696226897b9fa4b24?s=96&d=mm&r=g","contentUrl":"https:\/\/secure.gravatar.com\/avatar\/09a397c22ac58cad6f160ee8306348599df9df58a8ede73696226897b9fa4b24?s=96&d=mm&r=g","caption":"Adelisa Kalajdzini"},"url":"https:\/\/www.organisator.ch\/en\/author\/adelisa-kalajdzini\/"}]}},"_links":{"self":[{"href":"https:\/\/www.organisator.ch\/en\/wp-json\/wp\/v2\/posts\/21803","targetHints":{"allow":["GET"]}}],"collection":[{"href":"https:\/\/www.organisator.ch\/en\/wp-json\/wp\/v2\/posts"}],"about":[{"href":"https:\/\/www.organisator.ch\/en\/wp-json\/wp\/v2\/types\/post"}],"author":[{"embeddable":true,"href":"https:\/\/www.organisator.ch\/en\/wp-json\/wp\/v2\/users\/58"}],"replies":[{"embeddable":true,"href":"https:\/\/www.organisator.ch\/en\/wp-json\/wp\/v2\/comments?post=21803"}],"version-history":[{"count":4,"href":"https:\/\/www.organisator.ch\/en\/wp-json\/wp\/v2\/posts\/21803\/revisions"}],"predecessor-version":[{"id":21810,"href":"https:\/\/www.organisator.ch\/en\/wp-json\/wp\/v2\/posts\/21803\/revisions\/21810"}],"wp:featuredmedia":[{"embeddable":true,"href":"https:\/\/www.organisator.ch\/en\/wp-json\/wp\/v2\/media\/21809"}],"wp:attachment":[{"href":"https:\/\/www.organisator.ch\/en\/wp-json\/wp\/v2\/media?parent=21803"}],"wp:term":[{"taxonomy":"category","embeddable":true,"href":"https:\/\/www.organisator.ch\/en\/wp-json\/wp\/v2\/categories?post=21803"},{"taxonomy":"post_tag","embeddable":true,"href":"https:\/\/www.organisator.ch\/en\/wp-json\/wp\/v2\/tags?post=21803"}],"curies":[{"name":"wp","href":"https:\/\/api.w.org\/{rel}","templated":true}]}}