{"id":21842,"date":"2023-09-22T06:19:24","date_gmt":"2023-09-22T04:19:24","guid":{"rendered":"https:\/\/www.organisator.ch\/?p=21842"},"modified":"2023-09-21T16:52:09","modified_gmt":"2023-09-21T14:52:09","slug":"trends-in-der-employee-experience-viele-wissen-nicht-wie-man-mit-der-fachabteilung-in-kontakt-tritt","status":"publish","type":"post","link":"https:\/\/www.organisator.ch\/en\/human-resources\/2023-09-22\/trends-in-der-employee-experience-viele-wissen-nicht-wie-man-mit-der-fachabteilung-in-kontakt-tritt\/","title":{"rendered":"Trends in Employee Experience: Many do not know how to get in touch with the specialist department"},"content":{"rendered":"<figure id=\"attachment_21852\" aria-describedby=\"caption-attachment-21852\" style=\"width: 680px\" class=\"wp-caption alignnone\"><img loading=\"lazy\" decoding=\"async\" class=\"size-full wp-image-21852\" src=\"https:\/\/www.organisator.ch\/wp-content\/uploads\/2023\/09\/Trends-in-der-Employee-Experience-Viele-wissen-nicht-wie-man-mit-der-Fachabteilung-in-Kontakt-tritt-1_Organisator.jpg\" alt=\"\" width=\"680\" height=\"509\" srcset=\"https:\/\/www.organisator.ch\/wp-content\/uploads\/2023\/09\/Trends-in-der-Employee-Experience-Viele-wissen-nicht-wie-man-mit-der-Fachabteilung-in-Kontakt-tritt-1_Organisator.jpg 680w, https:\/\/www.organisator.ch\/wp-content\/uploads\/2023\/09\/Trends-in-der-Employee-Experience-Viele-wissen-nicht-wie-man-mit-der-Fachabteilung-in-Kontakt-tritt-1_Organisator-16x12.jpg 16w, https:\/\/www.organisator.ch\/wp-content\/uploads\/2023\/09\/Trends-in-der-Employee-Experience-Viele-wissen-nicht-wie-man-mit-der-Fachabteilung-in-Kontakt-tritt-1_Organisator-375x281.jpg 375w, https:\/\/www.organisator.ch\/wp-content\/uploads\/2023\/09\/Trends-in-der-Employee-Experience-Viele-wissen-nicht-wie-man-mit-der-Fachabteilung-in-Kontakt-tritt-1_Organisator-468x350.jpg 468w\" sizes=\"auto, (max-width: 680px) 100vw, 680px\" \/><figcaption id=\"caption-attachment-21852\" class=\"wp-caption-text\">Perplexed at the screen? In some cases, companies are still struggling to make their workplaces as flexible and digital as hybrid working methods require. (Image: Pixabay.com)<\/figcaption><\/figure>\n<p>The increasing proportion of remote working has meant that companies will also have to fundamentally redesign their workplace technology in 2023 to enable hybrid working, increase employee productivity and reduce costs. However, in addition to meeting the needs of employees, they must also address labor market challenges such as employee turnover and staff shortages, as well as the looming economic downturn.<\/p>\n<h3>Often outdated software in use<\/h3>\n<p>Zendesk's survey shows that many companies are still struggling to even make their workplaces as flexible and digital as hybrid ways of working require. 84 % of EX professionals agree that improving support for employees who work remotely, hybrid or on-site is a top priority for their company. Over half (52 %) of employees report that the software related to their EX is outdated and not user-friendly. Nearly 30 % of respondents admit they don't even know how to contact their company's internal departments, such as HR, legal or IT. In the worst case scenario, the company loses good employees: 41 % of the EX experts surveyed see a negative employee experience as a reason for higher turnover in the past year. In the future, IT departments in the EX sector will in some cases even carry out a complete digital transformation so that all employees, suppliers and strategic partners have access to the information they need at any time and regardless of location. Productivity is of great importance in this case.<\/p>\n<figure id=\"attachment_21853\" aria-describedby=\"caption-attachment-21853\" style=\"width: 680px\" class=\"wp-caption alignnone\"><img loading=\"lazy\" decoding=\"async\" class=\"wp-image-21853 size-full\" src=\"https:\/\/www.organisator.ch\/wp-content\/uploads\/2023\/09\/Trends-in-der-Employee-Experience-Viele-wissen-nicht-wie-man-mit-der-Fachabteilung-in-Kontakt-tritt-2_Organisator.jpg\" alt=\"\" width=\"680\" height=\"422\" srcset=\"https:\/\/www.organisator.ch\/wp-content\/uploads\/2023\/09\/Trends-in-der-Employee-Experience-Viele-wissen-nicht-wie-man-mit-der-Fachabteilung-in-Kontakt-tritt-2_Organisator.jpg 680w, https:\/\/www.organisator.ch\/wp-content\/uploads\/2023\/09\/Trends-in-der-Employee-Experience-Viele-wissen-nicht-wie-man-mit-der-Fachabteilung-in-Kontakt-tritt-2_Organisator-18x12.jpg 18w, https:\/\/www.organisator.ch\/wp-content\/uploads\/2023\/09\/Trends-in-der-Employee-Experience-Viele-wissen-nicht-wie-man-mit-der-Fachabteilung-in-Kontakt-tritt-2_Organisator-375x233.jpg 375w, https:\/\/www.organisator.ch\/wp-content\/uploads\/2023\/09\/Trends-in-der-Employee-Experience-Viele-wissen-nicht-wie-man-mit-der-Fachabteilung-in-Kontakt-tritt-2_Organisator-564x350.jpg 564w\" sizes=\"auto, (max-width: 680px) 100vw, 680px\" \/><figcaption id=\"caption-attachment-21853\" class=\"wp-caption-text\">Tanja Hilpert, Vice President DACH at Zendesk. This company conducted a study on the so-called Employee Experience. (Image: Zendesk)<\/figcaption><\/figure>\n<p>Tanja Hilpert, Vice President DACH at Zendesk, comments, \"Concerns need to work across departments, more tools don't necessarily lead to a better experience.\" She continues, \"An integrated solution can help reconcile the needs of employees and the challenges of the business. Streamlining workflows through thoughtful workplace technologies and improving them through the use of AI applications isn't just a trend - for businesses, it's becoming a key to success.\"<\/p>\n<h3><strong>AI solutions improve the employee experience <\/strong><\/h3>\n<p>More and more companies are already testing the use of AI and getting better results. Last year, EX teams reported that they are increasingly impressed with the use of AI and chatbots for the employee experience. 68 % of EX professionals now believe the use of AI\/bots will deliver big cost savings in the coming years. 60 % believe bots have already done so in the past year. More than half of EX experts surveyed believe their company is lagging behind in using bots for EX, and 44 % confirm that their bots are not particularly advanced.<\/p>\n<p>The Zendesk Employee Experiences Trends 2023 shows that building modern digital solutions that enable hybrid and flexible working across locations, teams and functions will be a focus in the coming years.<\/p>\n<p><em>Source:<a href=\"https:\/\/www.zendesk.de\/lp\/brand?utm_source=google&amp;utm_medium=Search-Paid&amp;utm_network=g&amp;utm_campaign=SE_AW_EM_CH_DE_N_Sup_Brand_TM_Zeta_All_H&amp;matchtype=b&amp;utm_term=zendesk&amp;utm_content=619390672039&amp;theme=&amp;gad=1&amp;gclid=EAIaIQobChMIlPSt5de7gQMV3DoGAB20-wAXEAAYASAAEgJUgPD_BwE\"> www.zendesk.de<\/a><\/em><\/p>","protected":false},"excerpt":{"rendered":"<p>Hybrid working wasn't a given before the pandemic, but today it's the new way of working for many: according to Zendesk's Employee Experiences Trends 2023 study, more than half of respondents in Europe and the Middle East (57 %) and Asia Pacific (61 %) work hybrid or remotely. This brings new challenges for the Employee Experience (EX). <\/p>","protected":false},"author":58,"featured_media":21852,"comment_status":"closed","ping_status":"closed","sticky":false,"template":"","format":"standard","meta":{"_acf_changed":false,"_yoast_wpseo_focuskw":"Employee Experience","_yoast_wpseo_metadesc":"Hybride Arbeitsformen waren vor der Pandemie nicht selbstverst\u00e4ndlich, heute sind sie Teil einer ver\u00e4nderten Employee Experience.","articlekey":"","footnotes":""},"categories":[579],"tags":[51,3461,156,459],"class_list":["post-21842","post","type-post","status-publish","format-standard","has-post-thumbnail","hentry","category-human-resources","tag-arbeitsplatzgestaltung","tag-digital-employee-experience","tag-digitalisierung","tag-studie"],"acf":[],"yoast_head":"<!-- This site is optimized with the Yoast SEO plugin v27.4 - https:\/\/yoast.com\/product\/yoast-seo-wordpress\/ -->\n<title>Trends in der Employee Experience: Viele wissen nicht, wie man mit der Fachabteilung in Kontakt tritt - Organisator<\/title>\n<meta name=\"description\" content=\"Hybride Arbeitsformen waren vor der Pandemie nicht selbstverst\u00e4ndlich, heute sind sie Teil einer ver\u00e4nderten Employee Experience.\" \/>\n<meta name=\"robots\" content=\"index, follow, max-snippet:-1, max-image-preview:large, max-video-preview:-1\" \/>\n<link rel=\"canonical\" href=\"https:\/\/www.organisator.ch\/en\/human-resources\/2023-09-22\/trends-in-der-employee-experience-viele-wissen-nicht-wie-man-mit-der-fachabteilung-in-kontakt-tritt\/\" \/>\n<meta property=\"og:locale\" content=\"en_US\" \/>\n<meta property=\"og:type\" content=\"article\" \/>\n<meta property=\"og:title\" content=\"Trends in der Employee Experience: Viele wissen nicht, wie man mit der Fachabteilung in Kontakt tritt\" \/>\n<meta property=\"og:description\" content=\"Hybride Arbeitsformen waren vor der Pandemie nicht selbstverst\u00e4ndlich, heute sind sie Teil einer ver\u00e4nderten Employee Experience.\" \/>\n<meta property=\"og:url\" content=\"https:\/\/www.organisator.ch\/en\/human-resources\/2023-09-22\/trends-in-der-employee-experience-viele-wissen-nicht-wie-man-mit-der-fachabteilung-in-kontakt-tritt\/\" \/>\n<meta property=\"og:site_name\" content=\"Organisator\" \/>\n<meta property=\"article:publisher\" content=\"https:\/\/www.facebook.com\/OrganisatorFachmagazin\" \/>\n<meta property=\"article:published_time\" content=\"2023-09-22T04:19:24+00:00\" \/>\n<meta property=\"og:image\" content=\"https:\/\/www.organisator.ch\/wp-content\/uploads\/2023\/09\/Trends-in-der-Employee-Experience-Viele-wissen-nicht-wie-man-mit-der-Fachabteilung-in-Kontakt-tritt-1_Organisator.jpg\" \/>\n\t<meta property=\"og:image:width\" content=\"680\" \/>\n\t<meta property=\"og:image:height\" content=\"509\" \/>\n\t<meta property=\"og:image:type\" content=\"image\/jpeg\" \/>\n<meta name=\"author\" content=\"Adelisa Kalajdzini\" \/>\n<meta name=\"twitter:card\" content=\"summary_large_image\" \/>\n<meta name=\"twitter:title\" content=\"Trends in der #EmployeeExperience: Viele wissen nicht, wie man mit der #Fachabteilung in Kontakt tritt\" \/>\n<meta name=\"twitter:description\" content=\"Hybride Arbeitsformen waren vor der Pandemie nicht selbstverst\u00e4ndlich, heute sind sie Teil einer ver\u00e4nderten #EmployeeExperience.\" \/>\n<meta name=\"twitter:image\" content=\"https:\/\/www.organisator.ch\/wp-content\/uploads\/2023\/09\/Trends-in-der-Employee-Experience-Viele-wissen-nicht-wie-man-mit-der-Fachabteilung-in-Kontakt-tritt-1_Organisator.jpg\" \/>\n<script type=\"application\/ld+json\" class=\"yoast-schema-graph\">{\"@context\":\"https:\\\/\\\/schema.org\",\"@graph\":[{\"@type\":\"Article\",\"@id\":\"https:\\\/\\\/www.organisator.ch\\\/human-resources\\\/2023-09-22\\\/trends-in-der-employee-experience-viele-wissen-nicht-wie-man-mit-der-fachabteilung-in-kontakt-tritt\\\/#article\",\"isPartOf\":{\"@id\":\"https:\\\/\\\/www.organisator.ch\\\/human-resources\\\/2023-09-22\\\/trends-in-der-employee-experience-viele-wissen-nicht-wie-man-mit-der-fachabteilung-in-kontakt-tritt\\\/\"},\"author\":{\"name\":\"Adelisa Kalajdzini\",\"@id\":\"https:\\\/\\\/www.organisator.ch\\\/#\\\/schema\\\/person\\\/2e1314a2172123f874db408d8911d3f3\"},\"headline\":\"Trends in der Employee Experience: Viele wissen nicht, wie man mit der Fachabteilung in Kontakt tritt\",\"datePublished\":\"2023-09-22T04:19:24+00:00\",\"mainEntityOfPage\":{\"@id\":\"https:\\\/\\\/www.organisator.ch\\\/human-resources\\\/2023-09-22\\\/trends-in-der-employee-experience-viele-wissen-nicht-wie-man-mit-der-fachabteilung-in-kontakt-tritt\\\/\"},\"wordCount\":557,\"publisher\":{\"@id\":\"https:\\\/\\\/www.organisator.ch\\\/#organization\"},\"image\":{\"@id\":\"https:\\\/\\\/www.organisator.ch\\\/human-resources\\\/2023-09-22\\\/trends-in-der-employee-experience-viele-wissen-nicht-wie-man-mit-der-fachabteilung-in-kontakt-tritt\\\/#primaryimage\"},\"thumbnailUrl\":\"https:\\\/\\\/www.organisator.ch\\\/wp-content\\\/uploads\\\/2023\\\/09\\\/Trends-in-der-Employee-Experience-Viele-wissen-nicht-wie-man-mit-der-Fachabteilung-in-Kontakt-tritt-1_Organisator.jpg\",\"keywords\":[\"Arbeitsplatzgestaltung\",\"Digital Employee Experience\",\"Digitalisierung\",\"Studie\"],\"articleSection\":[\"HUMAN RESOURCES\"],\"inLanguage\":\"en-US\"},{\"@type\":\"WebPage\",\"@id\":\"https:\\\/\\\/www.organisator.ch\\\/human-resources\\\/2023-09-22\\\/trends-in-der-employee-experience-viele-wissen-nicht-wie-man-mit-der-fachabteilung-in-kontakt-tritt\\\/\",\"url\":\"https:\\\/\\\/www.organisator.ch\\\/human-resources\\\/2023-09-22\\\/trends-in-der-employee-experience-viele-wissen-nicht-wie-man-mit-der-fachabteilung-in-kontakt-tritt\\\/\",\"name\":\"Trends in der Employee Experience: Viele wissen nicht, wie man mit der Fachabteilung in Kontakt tritt - Organisator\",\"isPartOf\":{\"@id\":\"https:\\\/\\\/www.organisator.ch\\\/#website\"},\"primaryImageOfPage\":{\"@id\":\"https:\\\/\\\/www.organisator.ch\\\/human-resources\\\/2023-09-22\\\/trends-in-der-employee-experience-viele-wissen-nicht-wie-man-mit-der-fachabteilung-in-kontakt-tritt\\\/#primaryimage\"},\"image\":{\"@id\":\"https:\\\/\\\/www.organisator.ch\\\/human-resources\\\/2023-09-22\\\/trends-in-der-employee-experience-viele-wissen-nicht-wie-man-mit-der-fachabteilung-in-kontakt-tritt\\\/#primaryimage\"},\"thumbnailUrl\":\"https:\\\/\\\/www.organisator.ch\\\/wp-content\\\/uploads\\\/2023\\\/09\\\/Trends-in-der-Employee-Experience-Viele-wissen-nicht-wie-man-mit-der-Fachabteilung-in-Kontakt-tritt-1_Organisator.jpg\",\"datePublished\":\"2023-09-22T04:19:24+00:00\",\"description\":\"Hybride Arbeitsformen waren vor der Pandemie nicht selbstverst\u00e4ndlich, heute sind sie Teil einer ver\u00e4nderten Employee Experience.\",\"breadcrumb\":{\"@id\":\"https:\\\/\\\/www.organisator.ch\\\/human-resources\\\/2023-09-22\\\/trends-in-der-employee-experience-viele-wissen-nicht-wie-man-mit-der-fachabteilung-in-kontakt-tritt\\\/#breadcrumb\"},\"inLanguage\":\"en-US\",\"potentialAction\":[{\"@type\":\"ReadAction\",\"target\":[\"https:\\\/\\\/www.organisator.ch\\\/human-resources\\\/2023-09-22\\\/trends-in-der-employee-experience-viele-wissen-nicht-wie-man-mit-der-fachabteilung-in-kontakt-tritt\\\/\"]}]},{\"@type\":\"ImageObject\",\"inLanguage\":\"en-US\",\"@id\":\"https:\\\/\\\/www.organisator.ch\\\/human-resources\\\/2023-09-22\\\/trends-in-der-employee-experience-viele-wissen-nicht-wie-man-mit-der-fachabteilung-in-kontakt-tritt\\\/#primaryimage\",\"url\":\"https:\\\/\\\/www.organisator.ch\\\/wp-content\\\/uploads\\\/2023\\\/09\\\/Trends-in-der-Employee-Experience-Viele-wissen-nicht-wie-man-mit-der-Fachabteilung-in-Kontakt-tritt-1_Organisator.jpg\",\"contentUrl\":\"https:\\\/\\\/www.organisator.ch\\\/wp-content\\\/uploads\\\/2023\\\/09\\\/Trends-in-der-Employee-Experience-Viele-wissen-nicht-wie-man-mit-der-Fachabteilung-in-Kontakt-tritt-1_Organisator.jpg\",\"width\":680,\"height\":509,\"caption\":\"Ratlos am Bildschirm? Unternehmen haben zum Teil noch Schwierigkeiten, ihre Arbeitspl\u00e4tze \u00fcberhaupt so flexibel und digital zu gestalten, wie es die hybriden Arbeitsweisen erfordern. (Bild: Pixabay.com)\"},{\"@type\":\"BreadcrumbList\",\"@id\":\"https:\\\/\\\/www.organisator.ch\\\/human-resources\\\/2023-09-22\\\/trends-in-der-employee-experience-viele-wissen-nicht-wie-man-mit-der-fachabteilung-in-kontakt-tritt\\\/#breadcrumb\",\"itemListElement\":[{\"@type\":\"ListItem\",\"position\":1,\"name\":\"Home\",\"item\":\"https:\\\/\\\/www.organisator.ch\\\/\"},{\"@type\":\"ListItem\",\"position\":2,\"name\":\"Trends in der Employee Experience: Viele wissen nicht, wie man mit der Fachabteilung in Kontakt tritt\"}]},{\"@type\":\"WebSite\",\"@id\":\"https:\\\/\\\/www.organisator.ch\\\/#website\",\"url\":\"https:\\\/\\\/www.organisator.ch\\\/\",\"name\":\"Organisator\",\"description\":\"Kompetent. Praxisnah. Der ORGANISATOR bereitet in 10 Ausgaben pro Jahr die wesentlichen Themen f\u00fcr F\u00fchrungskr\u00e4fte von KMU auf.\",\"publisher\":{\"@id\":\"https:\\\/\\\/www.organisator.ch\\\/#organization\"},\"potentialAction\":[{\"@type\":\"SearchAction\",\"target\":{\"@type\":\"EntryPoint\",\"urlTemplate\":\"https:\\\/\\\/www.organisator.ch\\\/?s={search_term_string}\"},\"query-input\":{\"@type\":\"PropertyValueSpecification\",\"valueRequired\":true,\"valueName\":\"search_term_string\"}}],\"inLanguage\":\"en-US\"},{\"@type\":\"Organization\",\"@id\":\"https:\\\/\\\/www.organisator.ch\\\/#organization\",\"name\":\"Organisator\",\"url\":\"https:\\\/\\\/www.organisator.ch\\\/\",\"logo\":{\"@type\":\"ImageObject\",\"inLanguage\":\"en-US\",\"@id\":\"https:\\\/\\\/www.organisator.ch\\\/#\\\/schema\\\/logo\\\/image\\\/\",\"url\":\"https:\\\/\\\/www.organisator.ch\\\/wp-content\\\/uploads\\\/2022\\\/01\\\/Logo_Organisator_Website.png\",\"contentUrl\":\"https:\\\/\\\/www.organisator.ch\\\/wp-content\\\/uploads\\\/2022\\\/01\\\/Logo_Organisator_Website.png\",\"width\":800,\"height\":77,\"caption\":\"Organisator\"},\"image\":{\"@id\":\"https:\\\/\\\/www.organisator.ch\\\/#\\\/schema\\\/logo\\\/image\\\/\"},\"sameAs\":[\"https:\\\/\\\/www.facebook.com\\\/OrganisatorFachmagazin\",\"https:\\\/\\\/www.linkedin.com\\\/showcase\\\/organisator-das-magazin-fr-kmu\",\"https:\\\/\\\/www.xing.com\\\/news\\\/pages\\\/organisator-ch-695\",\"https:\\\/\\\/www.youtube.com\\\/channel\\\/UCGP2Sq0iWaZwT3BdIAQFYpw\"]},{\"@type\":\"Person\",\"@id\":\"https:\\\/\\\/www.organisator.ch\\\/#\\\/schema\\\/person\\\/2e1314a2172123f874db408d8911d3f3\",\"name\":\"Adelisa Kalajdzini\",\"image\":{\"@type\":\"ImageObject\",\"inLanguage\":\"en-US\",\"@id\":\"https:\\\/\\\/secure.gravatar.com\\\/avatar\\\/09a397c22ac58cad6f160ee8306348599df9df58a8ede73696226897b9fa4b24?s=96&d=mm&r=g\",\"url\":\"https:\\\/\\\/secure.gravatar.com\\\/avatar\\\/09a397c22ac58cad6f160ee8306348599df9df58a8ede73696226897b9fa4b24?s=96&d=mm&r=g\",\"contentUrl\":\"https:\\\/\\\/secure.gravatar.com\\\/avatar\\\/09a397c22ac58cad6f160ee8306348599df9df58a8ede73696226897b9fa4b24?s=96&d=mm&r=g\",\"caption\":\"Adelisa Kalajdzini\"},\"url\":\"https:\\\/\\\/www.organisator.ch\\\/en\\\/author\\\/adelisa-kalajdzini\\\/\"}]}<\/script>\n<!-- \/ Yoast SEO plugin. -->","yoast_head_json":{"title":"Trends in Employee Experience: Many don't know how to connect with the business department - Organizer","description":"Hybrid forms of work were not a given before the pandemic, but today they are part of a changed employee experience.","robots":{"index":"index","follow":"follow","max-snippet":"max-snippet:-1","max-image-preview":"max-image-preview:large","max-video-preview":"max-video-preview:-1"},"canonical":"https:\/\/www.organisator.ch\/en\/human-resources\/2023-09-22\/trends-in-der-employee-experience-viele-wissen-nicht-wie-man-mit-der-fachabteilung-in-kontakt-tritt\/","og_locale":"en_US","og_type":"article","og_title":"Trends in der Employee Experience: Viele wissen nicht, wie man mit der Fachabteilung in Kontakt tritt","og_description":"Hybride Arbeitsformen waren vor der Pandemie nicht selbstverst\u00e4ndlich, heute sind sie Teil einer ver\u00e4nderten Employee Experience.","og_url":"https:\/\/www.organisator.ch\/en\/human-resources\/2023-09-22\/trends-in-der-employee-experience-viele-wissen-nicht-wie-man-mit-der-fachabteilung-in-kontakt-tritt\/","og_site_name":"Organisator","article_publisher":"https:\/\/www.facebook.com\/OrganisatorFachmagazin","article_published_time":"2023-09-22T04:19:24+00:00","og_image":[{"width":680,"height":509,"url":"https:\/\/www.organisator.ch\/wp-content\/uploads\/2023\/09\/Trends-in-der-Employee-Experience-Viele-wissen-nicht-wie-man-mit-der-Fachabteilung-in-Kontakt-tritt-1_Organisator.jpg","type":"image\/jpeg"}],"author":"Adelisa Kalajdzini","twitter_card":"summary_large_image","twitter_title":"Trends in der #EmployeeExperience: Viele wissen nicht, wie man mit der #Fachabteilung in Kontakt tritt","twitter_description":"Hybride Arbeitsformen waren vor der Pandemie nicht selbstverst\u00e4ndlich, heute sind sie Teil einer ver\u00e4nderten #EmployeeExperience.","twitter_image":"https:\/\/www.organisator.ch\/wp-content\/uploads\/2023\/09\/Trends-in-der-Employee-Experience-Viele-wissen-nicht-wie-man-mit-der-Fachabteilung-in-Kontakt-tritt-1_Organisator.jpg","schema":{"@context":"https:\/\/schema.org","@graph":[{"@type":"Article","@id":"https:\/\/www.organisator.ch\/human-resources\/2023-09-22\/trends-in-der-employee-experience-viele-wissen-nicht-wie-man-mit-der-fachabteilung-in-kontakt-tritt\/#article","isPartOf":{"@id":"https:\/\/www.organisator.ch\/human-resources\/2023-09-22\/trends-in-der-employee-experience-viele-wissen-nicht-wie-man-mit-der-fachabteilung-in-kontakt-tritt\/"},"author":{"name":"Adelisa Kalajdzini","@id":"https:\/\/www.organisator.ch\/#\/schema\/person\/2e1314a2172123f874db408d8911d3f3"},"headline":"Trends in der Employee Experience: Viele wissen nicht, wie man mit der Fachabteilung in Kontakt tritt","datePublished":"2023-09-22T04:19:24+00:00","mainEntityOfPage":{"@id":"https:\/\/www.organisator.ch\/human-resources\/2023-09-22\/trends-in-der-employee-experience-viele-wissen-nicht-wie-man-mit-der-fachabteilung-in-kontakt-tritt\/"},"wordCount":557,"publisher":{"@id":"https:\/\/www.organisator.ch\/#organization"},"image":{"@id":"https:\/\/www.organisator.ch\/human-resources\/2023-09-22\/trends-in-der-employee-experience-viele-wissen-nicht-wie-man-mit-der-fachabteilung-in-kontakt-tritt\/#primaryimage"},"thumbnailUrl":"https:\/\/www.organisator.ch\/wp-content\/uploads\/2023\/09\/Trends-in-der-Employee-Experience-Viele-wissen-nicht-wie-man-mit-der-Fachabteilung-in-Kontakt-tritt-1_Organisator.jpg","keywords":["Arbeitsplatzgestaltung","Digital Employee Experience","Digitalisierung","Studie"],"articleSection":["HUMAN RESOURCES"],"inLanguage":"en-US"},{"@type":"WebPage","@id":"https:\/\/www.organisator.ch\/human-resources\/2023-09-22\/trends-in-der-employee-experience-viele-wissen-nicht-wie-man-mit-der-fachabteilung-in-kontakt-tritt\/","url":"https:\/\/www.organisator.ch\/human-resources\/2023-09-22\/trends-in-der-employee-experience-viele-wissen-nicht-wie-man-mit-der-fachabteilung-in-kontakt-tritt\/","name":"Trends in Employee Experience: Many don't know how to connect with the business department - Organizer","isPartOf":{"@id":"https:\/\/www.organisator.ch\/#website"},"primaryImageOfPage":{"@id":"https:\/\/www.organisator.ch\/human-resources\/2023-09-22\/trends-in-der-employee-experience-viele-wissen-nicht-wie-man-mit-der-fachabteilung-in-kontakt-tritt\/#primaryimage"},"image":{"@id":"https:\/\/www.organisator.ch\/human-resources\/2023-09-22\/trends-in-der-employee-experience-viele-wissen-nicht-wie-man-mit-der-fachabteilung-in-kontakt-tritt\/#primaryimage"},"thumbnailUrl":"https:\/\/www.organisator.ch\/wp-content\/uploads\/2023\/09\/Trends-in-der-Employee-Experience-Viele-wissen-nicht-wie-man-mit-der-Fachabteilung-in-Kontakt-tritt-1_Organisator.jpg","datePublished":"2023-09-22T04:19:24+00:00","description":"Hybrid forms of work were not a given before the pandemic, but today they are part of a changed employee experience.","breadcrumb":{"@id":"https:\/\/www.organisator.ch\/human-resources\/2023-09-22\/trends-in-der-employee-experience-viele-wissen-nicht-wie-man-mit-der-fachabteilung-in-kontakt-tritt\/#breadcrumb"},"inLanguage":"en-US","potentialAction":[{"@type":"ReadAction","target":["https:\/\/www.organisator.ch\/human-resources\/2023-09-22\/trends-in-der-employee-experience-viele-wissen-nicht-wie-man-mit-der-fachabteilung-in-kontakt-tritt\/"]}]},{"@type":"ImageObject","inLanguage":"en-US","@id":"https:\/\/www.organisator.ch\/human-resources\/2023-09-22\/trends-in-der-employee-experience-viele-wissen-nicht-wie-man-mit-der-fachabteilung-in-kontakt-tritt\/#primaryimage","url":"https:\/\/www.organisator.ch\/wp-content\/uploads\/2023\/09\/Trends-in-der-Employee-Experience-Viele-wissen-nicht-wie-man-mit-der-Fachabteilung-in-Kontakt-tritt-1_Organisator.jpg","contentUrl":"https:\/\/www.organisator.ch\/wp-content\/uploads\/2023\/09\/Trends-in-der-Employee-Experience-Viele-wissen-nicht-wie-man-mit-der-Fachabteilung-in-Kontakt-tritt-1_Organisator.jpg","width":680,"height":509,"caption":"Ratlos am Bildschirm? Unternehmen haben zum Teil noch Schwierigkeiten, ihre Arbeitspl\u00e4tze \u00fcberhaupt so flexibel und digital zu gestalten, wie es die hybriden Arbeitsweisen erfordern. (Bild: Pixabay.com)"},{"@type":"BreadcrumbList","@id":"https:\/\/www.organisator.ch\/human-resources\/2023-09-22\/trends-in-der-employee-experience-viele-wissen-nicht-wie-man-mit-der-fachabteilung-in-kontakt-tritt\/#breadcrumb","itemListElement":[{"@type":"ListItem","position":1,"name":"Home","item":"https:\/\/www.organisator.ch\/"},{"@type":"ListItem","position":2,"name":"Trends in der Employee Experience: Viele wissen nicht, wie man mit der Fachabteilung in Kontakt tritt"}]},{"@type":"WebSite","@id":"https:\/\/www.organisator.ch\/#website","url":"https:\/\/www.organisator.ch\/","name":"Organizer","description":"Competent. Practical. In 10 issues per year, ORGANISATOR presents the essential topics for managers of SMEs.","publisher":{"@id":"https:\/\/www.organisator.ch\/#organization"},"potentialAction":[{"@type":"SearchAction","target":{"@type":"EntryPoint","urlTemplate":"https:\/\/www.organisator.ch\/?s={search_term_string}"},"query-input":{"@type":"PropertyValueSpecification","valueRequired":true,"valueName":"search_term_string"}}],"inLanguage":"en-US"},{"@type":"Organization","@id":"https:\/\/www.organisator.ch\/#organization","name":"Organizer","url":"https:\/\/www.organisator.ch\/","logo":{"@type":"ImageObject","inLanguage":"en-US","@id":"https:\/\/www.organisator.ch\/#\/schema\/logo\/image\/","url":"https:\/\/www.organisator.ch\/wp-content\/uploads\/2022\/01\/Logo_Organisator_Website.png","contentUrl":"https:\/\/www.organisator.ch\/wp-content\/uploads\/2022\/01\/Logo_Organisator_Website.png","width":800,"height":77,"caption":"Organisator"},"image":{"@id":"https:\/\/www.organisator.ch\/#\/schema\/logo\/image\/"},"sameAs":["https:\/\/www.facebook.com\/OrganisatorFachmagazin","https:\/\/www.linkedin.com\/showcase\/organisator-das-magazin-fr-kmu","https:\/\/www.xing.com\/news\/pages\/organisator-ch-695","https:\/\/www.youtube.com\/channel\/UCGP2Sq0iWaZwT3BdIAQFYpw"]},{"@type":"Person","@id":"https:\/\/www.organisator.ch\/#\/schema\/person\/2e1314a2172123f874db408d8911d3f3","name":"Adelisa Kalajdzini","image":{"@type":"ImageObject","inLanguage":"en-US","@id":"https:\/\/secure.gravatar.com\/avatar\/09a397c22ac58cad6f160ee8306348599df9df58a8ede73696226897b9fa4b24?s=96&d=mm&r=g","url":"https:\/\/secure.gravatar.com\/avatar\/09a397c22ac58cad6f160ee8306348599df9df58a8ede73696226897b9fa4b24?s=96&d=mm&r=g","contentUrl":"https:\/\/secure.gravatar.com\/avatar\/09a397c22ac58cad6f160ee8306348599df9df58a8ede73696226897b9fa4b24?s=96&d=mm&r=g","caption":"Adelisa Kalajdzini"},"url":"https:\/\/www.organisator.ch\/en\/author\/adelisa-kalajdzini\/"}]}},"_links":{"self":[{"href":"https:\/\/www.organisator.ch\/en\/wp-json\/wp\/v2\/posts\/21842","targetHints":{"allow":["GET"]}}],"collection":[{"href":"https:\/\/www.organisator.ch\/en\/wp-json\/wp\/v2\/posts"}],"about":[{"href":"https:\/\/www.organisator.ch\/en\/wp-json\/wp\/v2\/types\/post"}],"author":[{"embeddable":true,"href":"https:\/\/www.organisator.ch\/en\/wp-json\/wp\/v2\/users\/58"}],"replies":[{"embeddable":true,"href":"https:\/\/www.organisator.ch\/en\/wp-json\/wp\/v2\/comments?post=21842"}],"version-history":[{"count":5,"href":"https:\/\/www.organisator.ch\/en\/wp-json\/wp\/v2\/posts\/21842\/revisions"}],"predecessor-version":[{"id":21861,"href":"https:\/\/www.organisator.ch\/en\/wp-json\/wp\/v2\/posts\/21842\/revisions\/21861"}],"wp:featuredmedia":[{"embeddable":true,"href":"https:\/\/www.organisator.ch\/en\/wp-json\/wp\/v2\/media\/21852"}],"wp:attachment":[{"href":"https:\/\/www.organisator.ch\/en\/wp-json\/wp\/v2\/media?parent=21842"}],"wp:term":[{"taxonomy":"category","embeddable":true,"href":"https:\/\/www.organisator.ch\/en\/wp-json\/wp\/v2\/categories?post=21842"},{"taxonomy":"post_tag","embeddable":true,"href":"https:\/\/www.organisator.ch\/en\/wp-json\/wp\/v2\/tags?post=21842"}],"curies":[{"name":"wp","href":"https:\/\/api.w.org\/{rel}","templated":true}]}}