{"id":21846,"date":"2023-09-22T05:43:21","date_gmt":"2023-09-22T03:43:21","guid":{"rendered":"https:\/\/www.organisator.ch\/?p=21846"},"modified":"2023-09-22T07:19:17","modified_gmt":"2023-09-22T05:19:17","slug":"apgsga-nico-mueller-wird-neuer-cfo","status":"publish","type":"post","link":"https:\/\/www.organisator.ch\/en\/management\/2023-09-22\/apgsga-nico-mueller-wird-neuer-cfo\/","title":{"rendered":"APG|SGA: Nico M\u00fcller becomes new CFO"},"content":{"rendered":"<figure id=\"attachment_21847\" aria-describedby=\"caption-attachment-21847\" style=\"width: 679px\" class=\"wp-caption alignnone\"><img loading=\"lazy\" decoding=\"async\" class=\"wp-image-21847 size-full\" src=\"https:\/\/www.organisator.ch\/wp-content\/uploads\/2023\/09\/APGSGA_Nico-Mueller_Bild1_ps-e1695307495235.jpg\" alt=\"\" width=\"679\" height=\"533\" srcset=\"https:\/\/www.organisator.ch\/wp-content\/uploads\/2023\/09\/APGSGA_Nico-Mueller_Bild1_ps-e1695307495235.jpg 679w, https:\/\/www.organisator.ch\/wp-content\/uploads\/2023\/09\/APGSGA_Nico-Mueller_Bild1_ps-e1695307495235-15x12.jpg 15w, https:\/\/www.organisator.ch\/wp-content\/uploads\/2023\/09\/APGSGA_Nico-Mueller_Bild1_ps-e1695307495235-375x294.jpg 375w, https:\/\/www.organisator.ch\/wp-content\/uploads\/2023\/09\/APGSGA_Nico-Mueller_Bild1_ps-e1695307495235-446x350.jpg 446w\" sizes=\"auto, (max-width: 679px) 100vw, 679px\" \/><figcaption id=\"caption-attachment-21847\" class=\"wp-caption-text\">Nico M\u00fcller is the new CFO of APG|SGA. (Image: www.apgsga.ch)<\/figcaption><\/figure>\n<p>Nico M\u00fcller has been employed by the Acino Group as Head of Group Finance since 2021. Previously, he worked for KPMG and the Daetwyler Group. He will take up his new position at APG|SGA on March 1, 2024. He succeeds Beat Hermann, who will leave APG|SGA at the end of March 2024.<\/p>\n<p>Nico M\u00fcller, 43, graduated from the University of Berne with a degree in business administration and economics (lic.rer.pol). He is a certified public accountant and successfully completed further training at the CFA Institute as a Chartered Financial Analyst.<\/p>\n<p>Markus Ehrle, CEO of APG|SGA, is convinced: \"With Nico M\u00fcller, we are pleased to have gained an implementation and results-oriented finance leader with many years of experience in internationally active, listed groups for APG|SGA and to continue our success story with him.\" Nico M\u00fcller also expresses his anticipation of the upcoming challenge and the opportunity to work with his new team. The new CFO will succeed Beat Hermann in March 2024 after a short joint familiarization phase.  The Board of Directors and Executive Board thank him sincerely and wish him all the best in his future endeavors.<\/p>\n<p><em>Source:<a href=\"https:\/\/www.apgsga.ch\/de\/\"> www.apgsga.ch<\/a><\/em><\/p>","protected":false},"excerpt":{"rendered":"<p>The Board of Directors of APG|SGA has appointed Nico M\u00fcller (43) as the new CFO of APG|SGA and member of the Executive Board. The proven financial expert brings with him many years of experience in finance in various management positions. <\/p>","protected":false},"author":58,"featured_media":21847,"comment_status":"closed","ping_status":"closed","sticky":false,"template":"","format":"standard","meta":{"_acf_changed":false,"_yoast_wpseo_focuskw":"Nico M\u00fcller","_yoast_wpseo_metadesc":"Der Verwaltungsrat der APG|SGA hat Nico M\u00fcller (43) zum neuen CFO der APG|SGA und Mitglied der Unternehmensleitung ernannt.","articlekey":"","footnotes":""},"categories":[28],"tags":[334,339,381,492],"class_list":["post-21846","post","type-post","status-publish","format-standard","has-post-thumbnail","hentry","category-management","tag-management","tag-marketing","tag-personalia","tag-unternehmen"],"acf":[],"yoast_head":"<!-- This site is optimized with the Yoast SEO plugin v27.5 - https:\/\/yoast.com\/product\/yoast-seo-wordpress\/ -->\n<title>APG|SGA: Nico M\u00fcller wird neuer CFO - Organisator<\/title>\n<meta name=\"description\" content=\"Der Verwaltungsrat der APG|SGA hat Nico M\u00fcller (43) zum neuen CFO der APG|SGA und Mitglied der Unternehmensleitung ernannt.\" \/>\n<meta name=\"robots\" content=\"index, follow, max-snippet:-1, max-image-preview:large, max-video-preview:-1\" \/>\n<link rel=\"canonical\" href=\"https:\/\/www.organisator.ch\/en\/management\/2023-09-22\/apgsga-nico-mueller-wird-neuer-cfo\/\" \/>\n<meta property=\"og:locale\" content=\"en_US\" \/>\n<meta property=\"og:type\" content=\"article\" \/>\n<meta property=\"og:title\" content=\"APG|SGA: Nico M\u00fcller wird neuer CFO\" \/>\n<meta property=\"og:description\" content=\"Der Verwaltungsrat der APG|SGA hat Nico M\u00fcller (43) zum neuen CFO der APG|SGA und Mitglied der Unternehmensleitung ernannt.\" \/>\n<meta property=\"og:url\" content=\"https:\/\/www.organisator.ch\/en\/management\/2023-09-22\/apgsga-nico-mueller-wird-neuer-cfo\/\" \/>\n<meta property=\"og:site_name\" content=\"Organisator\" \/>\n<meta property=\"article:publisher\" content=\"https:\/\/www.facebook.com\/OrganisatorFachmagazin\" \/>\n<meta property=\"article:published_time\" content=\"2023-09-22T03:43:21+00:00\" \/>\n<meta property=\"article:modified_time\" content=\"2023-09-22T05:19:17+00:00\" \/>\n<meta property=\"og:image\" content=\"https:\/\/www.organisator.ch\/wp-content\/uploads\/2023\/09\/APGSGA_Nico-Mueller_Bild1_ps-e1695307495235.jpg\" \/>\n\t<meta property=\"og:image:width\" content=\"679\" \/>\n\t<meta property=\"og:image:height\" content=\"533\" \/>\n\t<meta property=\"og:image:type\" content=\"image\/jpeg\" \/>\n<meta name=\"author\" content=\"Adelisa Kalajdzini\" \/>\n<meta name=\"twitter:card\" content=\"summary_large_image\" \/>\n<meta name=\"twitter:title\" content=\"#APG|SGA: Nico M\u00fcller wird neuer #CFO\" \/>\n<meta name=\"twitter:description\" content=\"Der Verwaltungsrat der #APG|SGA hat Nico M\u00fcller (43) zum neuen #CFO der APG|SGA und Mitglied der Unternehmensleitung ernannt.\" \/>\n<meta name=\"twitter:image\" content=\"https:\/\/www.organisator.ch\/wp-content\/uploads\/2023\/09\/APGSGA_Nico-Mueller_Bild1_ps-e1695307495235.jpg\" \/>\n<script type=\"application\/ld+json\" class=\"yoast-schema-graph\">{\"@context\":\"https:\\\/\\\/schema.org\",\"@graph\":[{\"@type\":\"Article\",\"@id\":\"https:\\\/\\\/www.organisator.ch\\\/management\\\/2023-09-22\\\/apgsga-nico-mueller-wird-neuer-cfo\\\/#article\",\"isPartOf\":{\"@id\":\"https:\\\/\\\/www.organisator.ch\\\/management\\\/2023-09-22\\\/apgsga-nico-mueller-wird-neuer-cfo\\\/\"},\"author\":{\"name\":\"Adelisa Kalajdzini\",\"@id\":\"https:\\\/\\\/www.organisator.ch\\\/#\\\/schema\\\/person\\\/2e1314a2172123f874db408d8911d3f3\"},\"headline\":\"APG|SGA: Nico M\u00fcller wird neuer CFO\",\"datePublished\":\"2023-09-22T03:43:21+00:00\",\"dateModified\":\"2023-09-22T05:19:17+00:00\",\"mainEntityOfPage\":{\"@id\":\"https:\\\/\\\/www.organisator.ch\\\/management\\\/2023-09-22\\\/apgsga-nico-mueller-wird-neuer-cfo\\\/\"},\"wordCount\":225,\"publisher\":{\"@id\":\"https:\\\/\\\/www.organisator.ch\\\/#organization\"},\"image\":{\"@id\":\"https:\\\/\\\/www.organisator.ch\\\/management\\\/2023-09-22\\\/apgsga-nico-mueller-wird-neuer-cfo\\\/#primaryimage\"},\"thumbnailUrl\":\"https:\\\/\\\/www.organisator.ch\\\/wp-content\\\/uploads\\\/2023\\\/09\\\/APGSGA_Nico-Mueller_Bild1_ps-e1695307495235.jpg\",\"keywords\":[\"Management\",\"Marketing\",\"Personalia\",\"Unternehmen\"],\"articleSection\":[\"MANAGEMENT\"],\"inLanguage\":\"en-US\"},{\"@type\":\"WebPage\",\"@id\":\"https:\\\/\\\/www.organisator.ch\\\/management\\\/2023-09-22\\\/apgsga-nico-mueller-wird-neuer-cfo\\\/\",\"url\":\"https:\\\/\\\/www.organisator.ch\\\/management\\\/2023-09-22\\\/apgsga-nico-mueller-wird-neuer-cfo\\\/\",\"name\":\"APG|SGA: Nico M\u00fcller wird neuer CFO - Organisator\",\"isPartOf\":{\"@id\":\"https:\\\/\\\/www.organisator.ch\\\/#website\"},\"primaryImageOfPage\":{\"@id\":\"https:\\\/\\\/www.organisator.ch\\\/management\\\/2023-09-22\\\/apgsga-nico-mueller-wird-neuer-cfo\\\/#primaryimage\"},\"image\":{\"@id\":\"https:\\\/\\\/www.organisator.ch\\\/management\\\/2023-09-22\\\/apgsga-nico-mueller-wird-neuer-cfo\\\/#primaryimage\"},\"thumbnailUrl\":\"https:\\\/\\\/www.organisator.ch\\\/wp-content\\\/uploads\\\/2023\\\/09\\\/APGSGA_Nico-Mueller_Bild1_ps-e1695307495235.jpg\",\"datePublished\":\"2023-09-22T03:43:21+00:00\",\"dateModified\":\"2023-09-22T05:19:17+00:00\",\"description\":\"Der Verwaltungsrat der APG|SGA hat Nico M\u00fcller (43) zum neuen CFO der APG|SGA und Mitglied der Unternehmensleitung ernannt.\",\"breadcrumb\":{\"@id\":\"https:\\\/\\\/www.organisator.ch\\\/management\\\/2023-09-22\\\/apgsga-nico-mueller-wird-neuer-cfo\\\/#breadcrumb\"},\"inLanguage\":\"en-US\",\"potentialAction\":[{\"@type\":\"ReadAction\",\"target\":[\"https:\\\/\\\/www.organisator.ch\\\/management\\\/2023-09-22\\\/apgsga-nico-mueller-wird-neuer-cfo\\\/\"]}]},{\"@type\":\"ImageObject\",\"inLanguage\":\"en-US\",\"@id\":\"https:\\\/\\\/www.organisator.ch\\\/management\\\/2023-09-22\\\/apgsga-nico-mueller-wird-neuer-cfo\\\/#primaryimage\",\"url\":\"https:\\\/\\\/www.organisator.ch\\\/wp-content\\\/uploads\\\/2023\\\/09\\\/APGSGA_Nico-Mueller_Bild1_ps-e1695307495235.jpg\",\"contentUrl\":\"https:\\\/\\\/www.organisator.ch\\\/wp-content\\\/uploads\\\/2023\\\/09\\\/APGSGA_Nico-Mueller_Bild1_ps-e1695307495235.jpg\",\"width\":679,\"height\":533,\"caption\":\"Nico M\u00fcller - Neue CFO der APG|SGA (Bild: www.apgsga.ch)\"},{\"@type\":\"BreadcrumbList\",\"@id\":\"https:\\\/\\\/www.organisator.ch\\\/management\\\/2023-09-22\\\/apgsga-nico-mueller-wird-neuer-cfo\\\/#breadcrumb\",\"itemListElement\":[{\"@type\":\"ListItem\",\"position\":1,\"name\":\"Home\",\"item\":\"https:\\\/\\\/www.organisator.ch\\\/\"},{\"@type\":\"ListItem\",\"position\":2,\"name\":\"APG|SGA: Nico M\u00fcller wird neuer CFO\"}]},{\"@type\":\"WebSite\",\"@id\":\"https:\\\/\\\/www.organisator.ch\\\/#website\",\"url\":\"https:\\\/\\\/www.organisator.ch\\\/\",\"name\":\"Organisator\",\"description\":\"Kompetent. Praxisnah. Der ORGANISATOR bereitet in 10 Ausgaben pro Jahr die wesentlichen Themen f\u00fcr F\u00fchrungskr\u00e4fte von KMU auf.\",\"publisher\":{\"@id\":\"https:\\\/\\\/www.organisator.ch\\\/#organization\"},\"potentialAction\":[{\"@type\":\"SearchAction\",\"target\":{\"@type\":\"EntryPoint\",\"urlTemplate\":\"https:\\\/\\\/www.organisator.ch\\\/?s={search_term_string}\"},\"query-input\":{\"@type\":\"PropertyValueSpecification\",\"valueRequired\":true,\"valueName\":\"search_term_string\"}}],\"inLanguage\":\"en-US\"},{\"@type\":\"Organization\",\"@id\":\"https:\\\/\\\/www.organisator.ch\\\/#organization\",\"name\":\"Organisator\",\"url\":\"https:\\\/\\\/www.organisator.ch\\\/\",\"logo\":{\"@type\":\"ImageObject\",\"inLanguage\":\"en-US\",\"@id\":\"https:\\\/\\\/www.organisator.ch\\\/#\\\/schema\\\/logo\\\/image\\\/\",\"url\":\"https:\\\/\\\/www.organisator.ch\\\/wp-content\\\/uploads\\\/2022\\\/01\\\/Logo_Organisator_Website.png\",\"contentUrl\":\"https:\\\/\\\/www.organisator.ch\\\/wp-content\\\/uploads\\\/2022\\\/01\\\/Logo_Organisator_Website.png\",\"width\":800,\"height\":77,\"caption\":\"Organisator\"},\"image\":{\"@id\":\"https:\\\/\\\/www.organisator.ch\\\/#\\\/schema\\\/logo\\\/image\\\/\"},\"sameAs\":[\"https:\\\/\\\/www.facebook.com\\\/OrganisatorFachmagazin\",\"https:\\\/\\\/www.linkedin.com\\\/showcase\\\/organisator-das-magazin-fr-kmu\",\"https:\\\/\\\/www.xing.com\\\/news\\\/pages\\\/organisator-ch-695\",\"https:\\\/\\\/www.youtube.com\\\/channel\\\/UCGP2Sq0iWaZwT3BdIAQFYpw\"]},{\"@type\":\"Person\",\"@id\":\"https:\\\/\\\/www.organisator.ch\\\/#\\\/schema\\\/person\\\/2e1314a2172123f874db408d8911d3f3\",\"name\":\"Adelisa Kalajdzini\",\"image\":{\"@type\":\"ImageObject\",\"inLanguage\":\"en-US\",\"@id\":\"https:\\\/\\\/secure.gravatar.com\\\/avatar\\\/09a397c22ac58cad6f160ee8306348599df9df58a8ede73696226897b9fa4b24?s=96&d=mm&r=g\",\"url\":\"https:\\\/\\\/secure.gravatar.com\\\/avatar\\\/09a397c22ac58cad6f160ee8306348599df9df58a8ede73696226897b9fa4b24?s=96&d=mm&r=g\",\"contentUrl\":\"https:\\\/\\\/secure.gravatar.com\\\/avatar\\\/09a397c22ac58cad6f160ee8306348599df9df58a8ede73696226897b9fa4b24?s=96&d=mm&r=g\",\"caption\":\"Adelisa Kalajdzini\"},\"url\":\"https:\\\/\\\/www.organisator.ch\\\/en\\\/author\\\/adelisa-kalajdzini\\\/\"}]}<\/script>\n<!-- \/ Yoast SEO plugin. -->","yoast_head_json":{"title":"APG|SGA: Nico M\u00fcller becomes new CFO - Organizer","description":"The Board of Directors of APG|SGA has appointed Nico M\u00fcller (43) as the new CFO of APG|SGA and member of the Executive Board.","robots":{"index":"index","follow":"follow","max-snippet":"max-snippet:-1","max-image-preview":"max-image-preview:large","max-video-preview":"max-video-preview:-1"},"canonical":"https:\/\/www.organisator.ch\/en\/management\/2023-09-22\/apgsga-nico-mueller-wird-neuer-cfo\/","og_locale":"en_US","og_type":"article","og_title":"APG|SGA: Nico M\u00fcller wird neuer CFO","og_description":"Der Verwaltungsrat der APG|SGA hat Nico M\u00fcller (43) zum neuen CFO der APG|SGA und Mitglied der Unternehmensleitung ernannt.","og_url":"https:\/\/www.organisator.ch\/en\/management\/2023-09-22\/apgsga-nico-mueller-wird-neuer-cfo\/","og_site_name":"Organisator","article_publisher":"https:\/\/www.facebook.com\/OrganisatorFachmagazin","article_published_time":"2023-09-22T03:43:21+00:00","article_modified_time":"2023-09-22T05:19:17+00:00","og_image":[{"width":679,"height":533,"url":"https:\/\/www.organisator.ch\/wp-content\/uploads\/2023\/09\/APGSGA_Nico-Mueller_Bild1_ps-e1695307495235.jpg","type":"image\/jpeg"}],"author":"Adelisa Kalajdzini","twitter_card":"summary_large_image","twitter_title":"#APG|SGA: Nico M\u00fcller wird neuer #CFO","twitter_description":"Der Verwaltungsrat der #APG|SGA hat Nico M\u00fcller (43) zum neuen #CFO der APG|SGA und Mitglied der Unternehmensleitung ernannt.","twitter_image":"https:\/\/www.organisator.ch\/wp-content\/uploads\/2023\/09\/APGSGA_Nico-Mueller_Bild1_ps-e1695307495235.jpg","schema":{"@context":"https:\/\/schema.org","@graph":[{"@type":"Article","@id":"https:\/\/www.organisator.ch\/management\/2023-09-22\/apgsga-nico-mueller-wird-neuer-cfo\/#article","isPartOf":{"@id":"https:\/\/www.organisator.ch\/management\/2023-09-22\/apgsga-nico-mueller-wird-neuer-cfo\/"},"author":{"name":"Adelisa Kalajdzini","@id":"https:\/\/www.organisator.ch\/#\/schema\/person\/2e1314a2172123f874db408d8911d3f3"},"headline":"APG|SGA: Nico M\u00fcller wird neuer CFO","datePublished":"2023-09-22T03:43:21+00:00","dateModified":"2023-09-22T05:19:17+00:00","mainEntityOfPage":{"@id":"https:\/\/www.organisator.ch\/management\/2023-09-22\/apgsga-nico-mueller-wird-neuer-cfo\/"},"wordCount":225,"publisher":{"@id":"https:\/\/www.organisator.ch\/#organization"},"image":{"@id":"https:\/\/www.organisator.ch\/management\/2023-09-22\/apgsga-nico-mueller-wird-neuer-cfo\/#primaryimage"},"thumbnailUrl":"https:\/\/www.organisator.ch\/wp-content\/uploads\/2023\/09\/APGSGA_Nico-Mueller_Bild1_ps-e1695307495235.jpg","keywords":["Management","Marketing","Personalia","Unternehmen"],"articleSection":["MANAGEMENT"],"inLanguage":"en-US"},{"@type":"WebPage","@id":"https:\/\/www.organisator.ch\/management\/2023-09-22\/apgsga-nico-mueller-wird-neuer-cfo\/","url":"https:\/\/www.organisator.ch\/management\/2023-09-22\/apgsga-nico-mueller-wird-neuer-cfo\/","name":"APG|SGA: Nico M\u00fcller becomes new CFO - Organizer","isPartOf":{"@id":"https:\/\/www.organisator.ch\/#website"},"primaryImageOfPage":{"@id":"https:\/\/www.organisator.ch\/management\/2023-09-22\/apgsga-nico-mueller-wird-neuer-cfo\/#primaryimage"},"image":{"@id":"https:\/\/www.organisator.ch\/management\/2023-09-22\/apgsga-nico-mueller-wird-neuer-cfo\/#primaryimage"},"thumbnailUrl":"https:\/\/www.organisator.ch\/wp-content\/uploads\/2023\/09\/APGSGA_Nico-Mueller_Bild1_ps-e1695307495235.jpg","datePublished":"2023-09-22T03:43:21+00:00","dateModified":"2023-09-22T05:19:17+00:00","description":"The Board of Directors of APG|SGA has appointed Nico M\u00fcller (43) as the new CFO of APG|SGA and member of the Executive Board.","breadcrumb":{"@id":"https:\/\/www.organisator.ch\/management\/2023-09-22\/apgsga-nico-mueller-wird-neuer-cfo\/#breadcrumb"},"inLanguage":"en-US","potentialAction":[{"@type":"ReadAction","target":["https:\/\/www.organisator.ch\/management\/2023-09-22\/apgsga-nico-mueller-wird-neuer-cfo\/"]}]},{"@type":"ImageObject","inLanguage":"en-US","@id":"https:\/\/www.organisator.ch\/management\/2023-09-22\/apgsga-nico-mueller-wird-neuer-cfo\/#primaryimage","url":"https:\/\/www.organisator.ch\/wp-content\/uploads\/2023\/09\/APGSGA_Nico-Mueller_Bild1_ps-e1695307495235.jpg","contentUrl":"https:\/\/www.organisator.ch\/wp-content\/uploads\/2023\/09\/APGSGA_Nico-Mueller_Bild1_ps-e1695307495235.jpg","width":679,"height":533,"caption":"Nico M\u00fcller - Neue CFO der APG|SGA (Bild: www.apgsga.ch)"},{"@type":"BreadcrumbList","@id":"https:\/\/www.organisator.ch\/management\/2023-09-22\/apgsga-nico-mueller-wird-neuer-cfo\/#breadcrumb","itemListElement":[{"@type":"ListItem","position":1,"name":"Home","item":"https:\/\/www.organisator.ch\/"},{"@type":"ListItem","position":2,"name":"APG|SGA: Nico M\u00fcller wird neuer CFO"}]},{"@type":"WebSite","@id":"https:\/\/www.organisator.ch\/#website","url":"https:\/\/www.organisator.ch\/","name":"Organizer","description":"Competent. Practical. In 10 issues per year, ORGANISATOR presents the essential topics for managers of SMEs.","publisher":{"@id":"https:\/\/www.organisator.ch\/#organization"},"potentialAction":[{"@type":"SearchAction","target":{"@type":"EntryPoint","urlTemplate":"https:\/\/www.organisator.ch\/?s={search_term_string}"},"query-input":{"@type":"PropertyValueSpecification","valueRequired":true,"valueName":"search_term_string"}}],"inLanguage":"en-US"},{"@type":"Organization","@id":"https:\/\/www.organisator.ch\/#organization","name":"Organizer","url":"https:\/\/www.organisator.ch\/","logo":{"@type":"ImageObject","inLanguage":"en-US","@id":"https:\/\/www.organisator.ch\/#\/schema\/logo\/image\/","url":"https:\/\/www.organisator.ch\/wp-content\/uploads\/2022\/01\/Logo_Organisator_Website.png","contentUrl":"https:\/\/www.organisator.ch\/wp-content\/uploads\/2022\/01\/Logo_Organisator_Website.png","width":800,"height":77,"caption":"Organisator"},"image":{"@id":"https:\/\/www.organisator.ch\/#\/schema\/logo\/image\/"},"sameAs":["https:\/\/www.facebook.com\/OrganisatorFachmagazin","https:\/\/www.linkedin.com\/showcase\/organisator-das-magazin-fr-kmu","https:\/\/www.xing.com\/news\/pages\/organisator-ch-695","https:\/\/www.youtube.com\/channel\/UCGP2Sq0iWaZwT3BdIAQFYpw"]},{"@type":"Person","@id":"https:\/\/www.organisator.ch\/#\/schema\/person\/2e1314a2172123f874db408d8911d3f3","name":"Adelisa Kalajdzini","image":{"@type":"ImageObject","inLanguage":"en-US","@id":"https:\/\/secure.gravatar.com\/avatar\/09a397c22ac58cad6f160ee8306348599df9df58a8ede73696226897b9fa4b24?s=96&d=mm&r=g","url":"https:\/\/secure.gravatar.com\/avatar\/09a397c22ac58cad6f160ee8306348599df9df58a8ede73696226897b9fa4b24?s=96&d=mm&r=g","contentUrl":"https:\/\/secure.gravatar.com\/avatar\/09a397c22ac58cad6f160ee8306348599df9df58a8ede73696226897b9fa4b24?s=96&d=mm&r=g","caption":"Adelisa Kalajdzini"},"url":"https:\/\/www.organisator.ch\/en\/author\/adelisa-kalajdzini\/"}]}},"_links":{"self":[{"href":"https:\/\/www.organisator.ch\/en\/wp-json\/wp\/v2\/posts\/21846","targetHints":{"allow":["GET"]}}],"collection":[{"href":"https:\/\/www.organisator.ch\/en\/wp-json\/wp\/v2\/posts"}],"about":[{"href":"https:\/\/www.organisator.ch\/en\/wp-json\/wp\/v2\/types\/post"}],"author":[{"embeddable":true,"href":"https:\/\/www.organisator.ch\/en\/wp-json\/wp\/v2\/users\/58"}],"replies":[{"embeddable":true,"href":"https:\/\/www.organisator.ch\/en\/wp-json\/wp\/v2\/comments?post=21846"}],"version-history":[{"count":4,"href":"https:\/\/www.organisator.ch\/en\/wp-json\/wp\/v2\/posts\/21846\/revisions"}],"predecessor-version":[{"id":21858,"href":"https:\/\/www.organisator.ch\/en\/wp-json\/wp\/v2\/posts\/21846\/revisions\/21858"}],"wp:featuredmedia":[{"embeddable":true,"href":"https:\/\/www.organisator.ch\/en\/wp-json\/wp\/v2\/media\/21847"}],"wp:attachment":[{"href":"https:\/\/www.organisator.ch\/en\/wp-json\/wp\/v2\/media?parent=21846"}],"wp:term":[{"taxonomy":"category","embeddable":true,"href":"https:\/\/www.organisator.ch\/en\/wp-json\/wp\/v2\/categories?post=21846"},{"taxonomy":"post_tag","embeddable":true,"href":"https:\/\/www.organisator.ch\/en\/wp-json\/wp\/v2\/tags?post=21846"}],"curies":[{"name":"wp","href":"https:\/\/api.w.org\/{rel}","templated":true}]}}