{"id":21955,"date":"2023-09-27T09:03:48","date_gmt":"2023-09-27T07:03:48","guid":{"rendered":"https:\/\/www.organisator.ch\/?p=21955"},"modified":"2023-09-27T09:03:48","modified_gmt":"2023-09-27T07:03:48","slug":"gelungene-ict-fachmesse-connect-2023-in-zuerich","status":"publish","type":"post","link":"https:\/\/www.organisator.ch\/en\/marketing\/2023-09-27\/gelungene-ict-fachmesse-connect-2023-in-zuerich\/","title":{"rendered":"Successful ICT trade fair CONNECT 2023 in Zurich"},"content":{"rendered":"<figure id=\"attachment_21957\" aria-describedby=\"caption-attachment-21957\" style=\"width: 680px\" class=\"wp-caption alignnone\"><img loading=\"lazy\" decoding=\"async\" class=\"size-full wp-image-21957\" src=\"https:\/\/www.organisator.ch\/wp-content\/uploads\/2023\/09\/CONNECT_Bild1_ps.jpg\" alt=\"\" width=\"680\" height=\"453\" srcset=\"https:\/\/www.organisator.ch\/wp-content\/uploads\/2023\/09\/CONNECT_Bild1_ps.jpg 680w, https:\/\/www.organisator.ch\/wp-content\/uploads\/2023\/09\/CONNECT_Bild1_ps-18x12.jpg 18w, https:\/\/www.organisator.ch\/wp-content\/uploads\/2023\/09\/CONNECT_Bild1_ps-375x250.jpg 375w, https:\/\/www.organisator.ch\/wp-content\/uploads\/2023\/09\/CONNECT_Bild1_ps-525x350.jpg 525w\" sizes=\"auto, (max-width: 680px) 100vw, 680px\" \/><figcaption id=\"caption-attachment-21957\" class=\"wp-caption-text\">View from the gallery of hall 550: Here visitors* see a part of CONNECT 2023 at a glance. (Image: www.competec.ch)<\/figcaption><\/figure>\n<p>All in all, the Competec Group was able to gather around 1500 participants over two days in Hall 550. Unlike in previous years, this year there was only one public day instead of two. This time, the first day was reserved for selected partners and key accounts as well as for Competec employees. \"The event was a complete success,\" comments Andrej Golob, CEO of Alltron and member of the Competec management.<\/p>\n<p>Many visitors and media representatives present were impressed by the size of the event. The new venue will also have contributed to this impression: The generously dimensioned Hall 550 was well received by the visitors, as reported by Competec. There was a lot of positive feedback from exhibitors, session speakers and star guests. CONNECT 2024, which is planned for the end of August next year, will again take place in Hall 550.<\/p>\n<figure id=\"attachment_21958\" aria-describedby=\"caption-attachment-21958\" style=\"width: 680px\" class=\"wp-caption alignnone\"><img loading=\"lazy\" decoding=\"async\" class=\"size-full wp-image-21958\" src=\"https:\/\/www.organisator.ch\/wp-content\/uploads\/2023\/09\/CONNECT_Bild2_ps.jpg\" alt=\"\" width=\"680\" height=\"453\" srcset=\"https:\/\/www.organisator.ch\/wp-content\/uploads\/2023\/09\/CONNECT_Bild2_ps.jpg 680w, https:\/\/www.organisator.ch\/wp-content\/uploads\/2023\/09\/CONNECT_Bild2_ps-18x12.jpg 18w, https:\/\/www.organisator.ch\/wp-content\/uploads\/2023\/09\/CONNECT_Bild2_ps-375x250.jpg 375w, https:\/\/www.organisator.ch\/wp-content\/uploads\/2023\/09\/CONNECT_Bild2_ps-525x350.jpg 525w\" sizes=\"auto, (max-width: 680px) 100vw, 680px\" \/><figcaption id=\"caption-attachment-21958\" class=\"wp-caption-text\">(Image: www.competec.ch)<\/figcaption><\/figure>\n<h3><strong>Well-attended \"SCORE!\" sessions<\/strong><\/h3>\n<p>Competec gathered a total of over ninety exhibiting technology companies at CONNECT 2023 in Hall 550 in Oerlikon. The exhibitor mix, comprehensively and carefully assembled according to customer needs, covered a wide range of solutions and products. The reusable \"CONNECT\" exhibition stands made of PEFC-certified Willisau wood elements were once again a highlight this year.<\/p>\n<p>Spectacle was also provided by the exhibitors themselves. Parallel to the exhibition, around 30 sessions were held in four lecture rooms. The ICT trade fair was presented by HP Inc, Microsoft, Samsung, Mitel Switzerland, APC by Schneider Electric, as well as Dell Technologies and Microsoft Surface, which made itself available as a catering sponsor. The session track on digitization in retail, which was designed and conducted by the team of the \"SCORE!\" conference for retail and e-commerce, was the best attended.<\/p>\n<h3><strong>CONNECT 2023: Evening program <\/strong><\/h3>\n<p>At 16:00 the fair ended. Prix Walo winner Phil Dankner and the Lucky W\u00fcthrich Band opened the evening with music. On stage, Andrej Golob, CEO of Alltron, and Marc Isler, CEO of Brack.ch, reflected on the show and discussed the challenges in light of the growing integration of artificial intelligence into the solutions on display and the simultaneously still important role of emotional intelligence and humanity in the ICT retail sector. At the end, both CEOs agreed that the focus should now be on the human aspects and opened the buffet for networking over a delicious dinner.<\/p>\n<p><em>Source: <a href=\"https:\/\/www.competec.ch\/2023\/09\/25\/connect-2023-ict-fachmesse-erfolgreich\/\">www.competec.ch<\/a><\/em><\/p>","protected":false},"excerpt":{"rendered":"<p>Organized by wholesaler Alltron and Brack.ch Business, the CONNECT ICT trade and B2B fair attracted around 1500 participants to its new location, Hall 550 in Zurich-Oerlikon.<\/p>","protected":false},"author":58,"featured_media":21958,"comment_status":"closed","ping_status":"closed","sticky":false,"template":"","format":"standard","meta":{"_acf_changed":false,"_yoast_wpseo_focuskw":"CONNECT 2023","_yoast_wpseo_metadesc":"Die ICT-Fachmesse CONNECT 2023 lockte an die 1500 Teilnehmende an den neuen Messestandort in die Halle 550 in Z\u00fcrich-Oerlikon.","articlekey":"","footnotes":""},"categories":[29],"tags":[156,193,286,339,502],"class_list":["post-21955","post","type-post","status-publish","format-standard","has-post-thumbnail","hentry","category-marketing","tag-digitalisierung","tag-fachkongressfachmesse","tag-it","tag-marketing","tag-veranstaltungen"],"acf":[],"yoast_head":"<!-- This site is optimized with the Yoast SEO plugin v27.5 - https:\/\/yoast.com\/product\/yoast-seo-wordpress\/ -->\n<title>Gelungene ICT-Fachmesse CONNECT 2023 in Z\u00fcrich - Organisator<\/title>\n<meta name=\"description\" content=\"Die ICT-Fachmesse CONNECT 2023 lockte an die 1500 Teilnehmende an den neuen Messestandort in die Halle 550 in Z\u00fcrich-Oerlikon.\" \/>\n<meta name=\"robots\" content=\"index, follow, max-snippet:-1, max-image-preview:large, max-video-preview:-1\" \/>\n<link rel=\"canonical\" href=\"https:\/\/www.organisator.ch\/en\/marketing\/2023-09-27\/gelungene-ict-fachmesse-connect-2023-in-zuerich\/\" \/>\n<meta property=\"og:locale\" content=\"en_US\" \/>\n<meta property=\"og:type\" content=\"article\" \/>\n<meta property=\"og:title\" content=\"Gelungene ICT-Fachmesse CONNECT 2023 in Z\u00fcrich\" \/>\n<meta property=\"og:description\" content=\"Die ICT-Fachmesse CONNECT 2023 lockte an die 1500 Teilnehmende an den neuen Messestandort in die Halle 550 in Z\u00fcrich-Oerlikon.\" \/>\n<meta property=\"og:url\" content=\"https:\/\/www.organisator.ch\/en\/marketing\/2023-09-27\/gelungene-ict-fachmesse-connect-2023-in-zuerich\/\" \/>\n<meta property=\"og:site_name\" content=\"Organisator\" \/>\n<meta property=\"article:publisher\" content=\"https:\/\/www.facebook.com\/OrganisatorFachmagazin\" \/>\n<meta property=\"article:published_time\" content=\"2023-09-27T07:03:48+00:00\" \/>\n<meta property=\"og:image\" content=\"https:\/\/www.organisator.ch\/wp-content\/uploads\/2023\/09\/CONNECT_Bild1_ps.jpg\" \/>\n\t<meta property=\"og:image:width\" content=\"680\" \/>\n\t<meta property=\"og:image:height\" content=\"453\" \/>\n\t<meta property=\"og:image:type\" content=\"image\/jpeg\" \/>\n<meta name=\"author\" content=\"Adelisa Kalajdzini\" \/>\n<meta name=\"twitter:card\" content=\"summary_large_image\" \/>\n<meta name=\"twitter:title\" content=\"Gelungene #ICT-Fachmesse #CONNECT 2023 in Z\u00fcrich\" \/>\n<meta name=\"twitter:description\" content=\"Die #ICT-Fachmesse #CONNECT 2023 lockte an die 1500 Teilnehmende an den neuen Messestandort in die Halle 550 in Z\u00fcrich-Oerlikon.\" \/>\n<meta name=\"twitter:image\" content=\"https:\/\/www.organisator.ch\/wp-content\/uploads\/2023\/09\/CONNECT_Bild1_ps.jpg\" \/>\n<script type=\"application\/ld+json\" class=\"yoast-schema-graph\">{\"@context\":\"https:\\\/\\\/schema.org\",\"@graph\":[{\"@type\":\"Article\",\"@id\":\"https:\\\/\\\/www.organisator.ch\\\/marketing\\\/2023-09-27\\\/gelungene-ict-fachmesse-connect-2023-in-zuerich\\\/#article\",\"isPartOf\":{\"@id\":\"https:\\\/\\\/www.organisator.ch\\\/marketing\\\/2023-09-27\\\/gelungene-ict-fachmesse-connect-2023-in-zuerich\\\/\"},\"author\":{\"name\":\"Adelisa Kalajdzini\",\"@id\":\"https:\\\/\\\/www.organisator.ch\\\/#\\\/schema\\\/person\\\/2e1314a2172123f874db408d8911d3f3\"},\"headline\":\"Gelungene ICT-Fachmesse CONNECT 2023 in Z\u00fcrich\",\"datePublished\":\"2023-09-27T07:03:48+00:00\",\"mainEntityOfPage\":{\"@id\":\"https:\\\/\\\/www.organisator.ch\\\/marketing\\\/2023-09-27\\\/gelungene-ict-fachmesse-connect-2023-in-zuerich\\\/\"},\"wordCount\":415,\"publisher\":{\"@id\":\"https:\\\/\\\/www.organisator.ch\\\/#organization\"},\"image\":{\"@id\":\"https:\\\/\\\/www.organisator.ch\\\/marketing\\\/2023-09-27\\\/gelungene-ict-fachmesse-connect-2023-in-zuerich\\\/#primaryimage\"},\"thumbnailUrl\":\"https:\\\/\\\/www.organisator.ch\\\/wp-content\\\/uploads\\\/2023\\\/09\\\/CONNECT_Bild2_ps.jpg\",\"keywords\":[\"Digitalisierung\",\"Fachkongress\\\/Fachmesse\",\"IT\",\"Marketing\",\"Veranstaltungen\"],\"articleSection\":[\"MARKETING\"],\"inLanguage\":\"en-US\"},{\"@type\":\"WebPage\",\"@id\":\"https:\\\/\\\/www.organisator.ch\\\/marketing\\\/2023-09-27\\\/gelungene-ict-fachmesse-connect-2023-in-zuerich\\\/\",\"url\":\"https:\\\/\\\/www.organisator.ch\\\/marketing\\\/2023-09-27\\\/gelungene-ict-fachmesse-connect-2023-in-zuerich\\\/\",\"name\":\"Gelungene ICT-Fachmesse CONNECT 2023 in Z\u00fcrich - Organisator\",\"isPartOf\":{\"@id\":\"https:\\\/\\\/www.organisator.ch\\\/#website\"},\"primaryImageOfPage\":{\"@id\":\"https:\\\/\\\/www.organisator.ch\\\/marketing\\\/2023-09-27\\\/gelungene-ict-fachmesse-connect-2023-in-zuerich\\\/#primaryimage\"},\"image\":{\"@id\":\"https:\\\/\\\/www.organisator.ch\\\/marketing\\\/2023-09-27\\\/gelungene-ict-fachmesse-connect-2023-in-zuerich\\\/#primaryimage\"},\"thumbnailUrl\":\"https:\\\/\\\/www.organisator.ch\\\/wp-content\\\/uploads\\\/2023\\\/09\\\/CONNECT_Bild2_ps.jpg\",\"datePublished\":\"2023-09-27T07:03:48+00:00\",\"description\":\"Die ICT-Fachmesse CONNECT 2023 lockte an die 1500 Teilnehmende an den neuen Messestandort in die Halle 550 in Z\u00fcrich-Oerlikon.\",\"breadcrumb\":{\"@id\":\"https:\\\/\\\/www.organisator.ch\\\/marketing\\\/2023-09-27\\\/gelungene-ict-fachmesse-connect-2023-in-zuerich\\\/#breadcrumb\"},\"inLanguage\":\"en-US\",\"potentialAction\":[{\"@type\":\"ReadAction\",\"target\":[\"https:\\\/\\\/www.organisator.ch\\\/marketing\\\/2023-09-27\\\/gelungene-ict-fachmesse-connect-2023-in-zuerich\\\/\"]}]},{\"@type\":\"ImageObject\",\"inLanguage\":\"en-US\",\"@id\":\"https:\\\/\\\/www.organisator.ch\\\/marketing\\\/2023-09-27\\\/gelungene-ict-fachmesse-connect-2023-in-zuerich\\\/#primaryimage\",\"url\":\"https:\\\/\\\/www.organisator.ch\\\/wp-content\\\/uploads\\\/2023\\\/09\\\/CONNECT_Bild2_ps.jpg\",\"contentUrl\":\"https:\\\/\\\/www.organisator.ch\\\/wp-content\\\/uploads\\\/2023\\\/09\\\/CONNECT_Bild2_ps.jpg\",\"width\":680,\"height\":453,\"caption\":\"(Bild: www.competec.ch)\"},{\"@type\":\"BreadcrumbList\",\"@id\":\"https:\\\/\\\/www.organisator.ch\\\/marketing\\\/2023-09-27\\\/gelungene-ict-fachmesse-connect-2023-in-zuerich\\\/#breadcrumb\",\"itemListElement\":[{\"@type\":\"ListItem\",\"position\":1,\"name\":\"Home\",\"item\":\"https:\\\/\\\/www.organisator.ch\\\/\"},{\"@type\":\"ListItem\",\"position\":2,\"name\":\"Gelungene ICT-Fachmesse CONNECT 2023 in Z\u00fcrich\"}]},{\"@type\":\"WebSite\",\"@id\":\"https:\\\/\\\/www.organisator.ch\\\/#website\",\"url\":\"https:\\\/\\\/www.organisator.ch\\\/\",\"name\":\"Organisator\",\"description\":\"Kompetent. Praxisnah. Der ORGANISATOR bereitet in 10 Ausgaben pro Jahr die wesentlichen Themen f\u00fcr F\u00fchrungskr\u00e4fte von KMU auf.\",\"publisher\":{\"@id\":\"https:\\\/\\\/www.organisator.ch\\\/#organization\"},\"potentialAction\":[{\"@type\":\"SearchAction\",\"target\":{\"@type\":\"EntryPoint\",\"urlTemplate\":\"https:\\\/\\\/www.organisator.ch\\\/?s={search_term_string}\"},\"query-input\":{\"@type\":\"PropertyValueSpecification\",\"valueRequired\":true,\"valueName\":\"search_term_string\"}}],\"inLanguage\":\"en-US\"},{\"@type\":\"Organization\",\"@id\":\"https:\\\/\\\/www.organisator.ch\\\/#organization\",\"name\":\"Organisator\",\"url\":\"https:\\\/\\\/www.organisator.ch\\\/\",\"logo\":{\"@type\":\"ImageObject\",\"inLanguage\":\"en-US\",\"@id\":\"https:\\\/\\\/www.organisator.ch\\\/#\\\/schema\\\/logo\\\/image\\\/\",\"url\":\"https:\\\/\\\/www.organisator.ch\\\/wp-content\\\/uploads\\\/2022\\\/01\\\/Logo_Organisator_Website.png\",\"contentUrl\":\"https:\\\/\\\/www.organisator.ch\\\/wp-content\\\/uploads\\\/2022\\\/01\\\/Logo_Organisator_Website.png\",\"width\":800,\"height\":77,\"caption\":\"Organisator\"},\"image\":{\"@id\":\"https:\\\/\\\/www.organisator.ch\\\/#\\\/schema\\\/logo\\\/image\\\/\"},\"sameAs\":[\"https:\\\/\\\/www.facebook.com\\\/OrganisatorFachmagazin\",\"https:\\\/\\\/www.linkedin.com\\\/showcase\\\/organisator-das-magazin-fr-kmu\",\"https:\\\/\\\/www.xing.com\\\/news\\\/pages\\\/organisator-ch-695\",\"https:\\\/\\\/www.youtube.com\\\/channel\\\/UCGP2Sq0iWaZwT3BdIAQFYpw\"]},{\"@type\":\"Person\",\"@id\":\"https:\\\/\\\/www.organisator.ch\\\/#\\\/schema\\\/person\\\/2e1314a2172123f874db408d8911d3f3\",\"name\":\"Adelisa Kalajdzini\",\"image\":{\"@type\":\"ImageObject\",\"inLanguage\":\"en-US\",\"@id\":\"https:\\\/\\\/secure.gravatar.com\\\/avatar\\\/09a397c22ac58cad6f160ee8306348599df9df58a8ede73696226897b9fa4b24?s=96&d=mm&r=g\",\"url\":\"https:\\\/\\\/secure.gravatar.com\\\/avatar\\\/09a397c22ac58cad6f160ee8306348599df9df58a8ede73696226897b9fa4b24?s=96&d=mm&r=g\",\"contentUrl\":\"https:\\\/\\\/secure.gravatar.com\\\/avatar\\\/09a397c22ac58cad6f160ee8306348599df9df58a8ede73696226897b9fa4b24?s=96&d=mm&r=g\",\"caption\":\"Adelisa Kalajdzini\"},\"url\":\"https:\\\/\\\/www.organisator.ch\\\/en\\\/author\\\/adelisa-kalajdzini\\\/\"}]}<\/script>\n<!-- \/ Yoast SEO plugin. -->","yoast_head_json":{"title":"Successful ICT trade fair CONNECT 2023 in Zurich - organizer","description":"The ICT trade fair CONNECT 2023 attracted around 1500 participants to the new trade fair location in Hall 550 in Zurich-Oerlikon.","robots":{"index":"index","follow":"follow","max-snippet":"max-snippet:-1","max-image-preview":"max-image-preview:large","max-video-preview":"max-video-preview:-1"},"canonical":"https:\/\/www.organisator.ch\/en\/marketing\/2023-09-27\/gelungene-ict-fachmesse-connect-2023-in-zuerich\/","og_locale":"en_US","og_type":"article","og_title":"Gelungene ICT-Fachmesse CONNECT 2023 in Z\u00fcrich","og_description":"Die ICT-Fachmesse CONNECT 2023 lockte an die 1500 Teilnehmende an den neuen Messestandort in die Halle 550 in Z\u00fcrich-Oerlikon.","og_url":"https:\/\/www.organisator.ch\/en\/marketing\/2023-09-27\/gelungene-ict-fachmesse-connect-2023-in-zuerich\/","og_site_name":"Organisator","article_publisher":"https:\/\/www.facebook.com\/OrganisatorFachmagazin","article_published_time":"2023-09-27T07:03:48+00:00","og_image":[{"width":680,"height":453,"url":"https:\/\/www.organisator.ch\/wp-content\/uploads\/2023\/09\/CONNECT_Bild1_ps.jpg","type":"image\/jpeg"}],"author":"Adelisa Kalajdzini","twitter_card":"summary_large_image","twitter_title":"Gelungene #ICT-Fachmesse #CONNECT 2023 in Z\u00fcrich","twitter_description":"Die #ICT-Fachmesse #CONNECT 2023 lockte an die 1500 Teilnehmende an den neuen Messestandort in die Halle 550 in Z\u00fcrich-Oerlikon.","twitter_image":"https:\/\/www.organisator.ch\/wp-content\/uploads\/2023\/09\/CONNECT_Bild1_ps.jpg","schema":{"@context":"https:\/\/schema.org","@graph":[{"@type":"Article","@id":"https:\/\/www.organisator.ch\/marketing\/2023-09-27\/gelungene-ict-fachmesse-connect-2023-in-zuerich\/#article","isPartOf":{"@id":"https:\/\/www.organisator.ch\/marketing\/2023-09-27\/gelungene-ict-fachmesse-connect-2023-in-zuerich\/"},"author":{"name":"Adelisa Kalajdzini","@id":"https:\/\/www.organisator.ch\/#\/schema\/person\/2e1314a2172123f874db408d8911d3f3"},"headline":"Gelungene ICT-Fachmesse CONNECT 2023 in Z\u00fcrich","datePublished":"2023-09-27T07:03:48+00:00","mainEntityOfPage":{"@id":"https:\/\/www.organisator.ch\/marketing\/2023-09-27\/gelungene-ict-fachmesse-connect-2023-in-zuerich\/"},"wordCount":415,"publisher":{"@id":"https:\/\/www.organisator.ch\/#organization"},"image":{"@id":"https:\/\/www.organisator.ch\/marketing\/2023-09-27\/gelungene-ict-fachmesse-connect-2023-in-zuerich\/#primaryimage"},"thumbnailUrl":"https:\/\/www.organisator.ch\/wp-content\/uploads\/2023\/09\/CONNECT_Bild2_ps.jpg","keywords":["Digitalisierung","Fachkongress\/Fachmesse","IT","Marketing","Veranstaltungen"],"articleSection":["MARKETING"],"inLanguage":"en-US"},{"@type":"WebPage","@id":"https:\/\/www.organisator.ch\/marketing\/2023-09-27\/gelungene-ict-fachmesse-connect-2023-in-zuerich\/","url":"https:\/\/www.organisator.ch\/marketing\/2023-09-27\/gelungene-ict-fachmesse-connect-2023-in-zuerich\/","name":"Successful ICT trade fair CONNECT 2023 in Zurich - organizer","isPartOf":{"@id":"https:\/\/www.organisator.ch\/#website"},"primaryImageOfPage":{"@id":"https:\/\/www.organisator.ch\/marketing\/2023-09-27\/gelungene-ict-fachmesse-connect-2023-in-zuerich\/#primaryimage"},"image":{"@id":"https:\/\/www.organisator.ch\/marketing\/2023-09-27\/gelungene-ict-fachmesse-connect-2023-in-zuerich\/#primaryimage"},"thumbnailUrl":"https:\/\/www.organisator.ch\/wp-content\/uploads\/2023\/09\/CONNECT_Bild2_ps.jpg","datePublished":"2023-09-27T07:03:48+00:00","description":"The ICT trade fair CONNECT 2023 attracted around 1500 participants to the new trade fair location in Hall 550 in Zurich-Oerlikon.","breadcrumb":{"@id":"https:\/\/www.organisator.ch\/marketing\/2023-09-27\/gelungene-ict-fachmesse-connect-2023-in-zuerich\/#breadcrumb"},"inLanguage":"en-US","potentialAction":[{"@type":"ReadAction","target":["https:\/\/www.organisator.ch\/marketing\/2023-09-27\/gelungene-ict-fachmesse-connect-2023-in-zuerich\/"]}]},{"@type":"ImageObject","inLanguage":"en-US","@id":"https:\/\/www.organisator.ch\/marketing\/2023-09-27\/gelungene-ict-fachmesse-connect-2023-in-zuerich\/#primaryimage","url":"https:\/\/www.organisator.ch\/wp-content\/uploads\/2023\/09\/CONNECT_Bild2_ps.jpg","contentUrl":"https:\/\/www.organisator.ch\/wp-content\/uploads\/2023\/09\/CONNECT_Bild2_ps.jpg","width":680,"height":453,"caption":"(Bild: www.competec.ch)"},{"@type":"BreadcrumbList","@id":"https:\/\/www.organisator.ch\/marketing\/2023-09-27\/gelungene-ict-fachmesse-connect-2023-in-zuerich\/#breadcrumb","itemListElement":[{"@type":"ListItem","position":1,"name":"Home","item":"https:\/\/www.organisator.ch\/"},{"@type":"ListItem","position":2,"name":"Gelungene ICT-Fachmesse CONNECT 2023 in Z\u00fcrich"}]},{"@type":"WebSite","@id":"https:\/\/www.organisator.ch\/#website","url":"https:\/\/www.organisator.ch\/","name":"Organizer","description":"Competent. Practical. In 10 issues per year, ORGANISATOR presents the essential topics for managers of SMEs.","publisher":{"@id":"https:\/\/www.organisator.ch\/#organization"},"potentialAction":[{"@type":"SearchAction","target":{"@type":"EntryPoint","urlTemplate":"https:\/\/www.organisator.ch\/?s={search_term_string}"},"query-input":{"@type":"PropertyValueSpecification","valueRequired":true,"valueName":"search_term_string"}}],"inLanguage":"en-US"},{"@type":"Organization","@id":"https:\/\/www.organisator.ch\/#organization","name":"Organizer","url":"https:\/\/www.organisator.ch\/","logo":{"@type":"ImageObject","inLanguage":"en-US","@id":"https:\/\/www.organisator.ch\/#\/schema\/logo\/image\/","url":"https:\/\/www.organisator.ch\/wp-content\/uploads\/2022\/01\/Logo_Organisator_Website.png","contentUrl":"https:\/\/www.organisator.ch\/wp-content\/uploads\/2022\/01\/Logo_Organisator_Website.png","width":800,"height":77,"caption":"Organisator"},"image":{"@id":"https:\/\/www.organisator.ch\/#\/schema\/logo\/image\/"},"sameAs":["https:\/\/www.facebook.com\/OrganisatorFachmagazin","https:\/\/www.linkedin.com\/showcase\/organisator-das-magazin-fr-kmu","https:\/\/www.xing.com\/news\/pages\/organisator-ch-695","https:\/\/www.youtube.com\/channel\/UCGP2Sq0iWaZwT3BdIAQFYpw"]},{"@type":"Person","@id":"https:\/\/www.organisator.ch\/#\/schema\/person\/2e1314a2172123f874db408d8911d3f3","name":"Adelisa Kalajdzini","image":{"@type":"ImageObject","inLanguage":"en-US","@id":"https:\/\/secure.gravatar.com\/avatar\/09a397c22ac58cad6f160ee8306348599df9df58a8ede73696226897b9fa4b24?s=96&d=mm&r=g","url":"https:\/\/secure.gravatar.com\/avatar\/09a397c22ac58cad6f160ee8306348599df9df58a8ede73696226897b9fa4b24?s=96&d=mm&r=g","contentUrl":"https:\/\/secure.gravatar.com\/avatar\/09a397c22ac58cad6f160ee8306348599df9df58a8ede73696226897b9fa4b24?s=96&d=mm&r=g","caption":"Adelisa Kalajdzini"},"url":"https:\/\/www.organisator.ch\/en\/author\/adelisa-kalajdzini\/"}]}},"_links":{"self":[{"href":"https:\/\/www.organisator.ch\/en\/wp-json\/wp\/v2\/posts\/21955","targetHints":{"allow":["GET"]}}],"collection":[{"href":"https:\/\/www.organisator.ch\/en\/wp-json\/wp\/v2\/posts"}],"about":[{"href":"https:\/\/www.organisator.ch\/en\/wp-json\/wp\/v2\/types\/post"}],"author":[{"embeddable":true,"href":"https:\/\/www.organisator.ch\/en\/wp-json\/wp\/v2\/users\/58"}],"replies":[{"embeddable":true,"href":"https:\/\/www.organisator.ch\/en\/wp-json\/wp\/v2\/comments?post=21955"}],"version-history":[{"count":4,"href":"https:\/\/www.organisator.ch\/en\/wp-json\/wp\/v2\/posts\/21955\/revisions"}],"predecessor-version":[{"id":21966,"href":"https:\/\/www.organisator.ch\/en\/wp-json\/wp\/v2\/posts\/21955\/revisions\/21966"}],"wp:featuredmedia":[{"embeddable":true,"href":"https:\/\/www.organisator.ch\/en\/wp-json\/wp\/v2\/media\/21958"}],"wp:attachment":[{"href":"https:\/\/www.organisator.ch\/en\/wp-json\/wp\/v2\/media?parent=21955"}],"wp:term":[{"taxonomy":"category","embeddable":true,"href":"https:\/\/www.organisator.ch\/en\/wp-json\/wp\/v2\/categories?post=21955"},{"taxonomy":"post_tag","embeddable":true,"href":"https:\/\/www.organisator.ch\/en\/wp-json\/wp\/v2\/tags?post=21955"}],"curies":[{"name":"wp","href":"https:\/\/api.w.org\/{rel}","templated":true}]}}