{"id":21960,"date":"2023-09-27T08:52:16","date_gmt":"2023-09-27T06:52:16","guid":{"rendered":"https:\/\/www.organisator.ch\/?p=21960"},"modified":"2023-09-27T08:52:16","modified_gmt":"2023-09-27T06:52:16","slug":"bank-cic-mirko-angelini-wird-neuer-cfo","status":"publish","type":"post","link":"https:\/\/www.organisator.ch\/en\/management\/2023-09-27\/bank-cic-mirko-angelini-wird-neuer-cfo\/","title":{"rendered":"Bank CIC: Mirko Angelini becomes new CFO"},"content":{"rendered":"<figure id=\"attachment_21961\" aria-describedby=\"caption-attachment-21961\" style=\"width: 680px\" class=\"wp-caption alignnone\"><img loading=\"lazy\" decoding=\"async\" class=\"wp-image-21961 size-full\" src=\"https:\/\/www.organisator.ch\/wp-content\/uploads\/2023\/09\/Mirko-Angelini_Bild1_ps-e1695797102133.jpg\" alt=\"\" width=\"680\" height=\"477\" srcset=\"https:\/\/www.organisator.ch\/wp-content\/uploads\/2023\/09\/Mirko-Angelini_Bild1_ps-e1695797102133.jpg 680w, https:\/\/www.organisator.ch\/wp-content\/uploads\/2023\/09\/Mirko-Angelini_Bild1_ps-e1695797102133-18x12.jpg 18w, https:\/\/www.organisator.ch\/wp-content\/uploads\/2023\/09\/Mirko-Angelini_Bild1_ps-e1695797102133-375x263.jpg 375w, https:\/\/www.organisator.ch\/wp-content\/uploads\/2023\/09\/Mirko-Angelini_Bild1_ps-e1695797102133-499x350.jpg 499w\" sizes=\"auto, (max-width: 680px) 100vw, 680px\" \/><figcaption id=\"caption-attachment-21961\" class=\"wp-caption-text\">Mirko Angelini - new Chief Financial Officer and member of the Executive Board. (Image: www.cic.ch)<\/figcaption><\/figure>\n<p>Mirko Angelini, a certified public accountant, has an impressive expertise of over 20 years in corporate governance, risk management, accounting, finance, internal control, compliance and internal audit, both on a national and international level. Prior to taking up his position at Bank CIC (Switzerland) Ltd, he held similar positions in a Swiss private bank. Earlier in his career, he worked for Price Waterhouse Coopers (PwC) in Switzerland and in England in the finance area.<\/p>\n<p>Mirko Angelini is an active member of EXPERTsuisse, the Institute of Internal Auditors Switzerland (IIA Switzerland) and the Swiss Risk Association (SRA). He also holds the Risk Management Certification CRMA, demonstrating his ongoing commitment to excellence in professional expertise. The appointment of Mirko Angelini follows the appointment of Yves Aeschlimann as Chief Risk Officer and member of the Executive Board as of August 1, 2023.<\/p>\n<p>The appointments have completed the Executive Board of Bank CIC (Switzerland) Ltd. The Executive Board now consists of five members (Livia Moretti CEO, David Fusi responsible for the front office, Matthias K\u00e4lin COO, Yves Aeschlimann CRO, Mirko Angelini CFO), all of whom have the necessary expertise for both the Swiss and international markets. This ensures a responsible and stable management as well as the continuous development of Bank CIC (Switzerland) Ltd.<\/p>\n<p><em>Source:<\/em> <a href=\"http:\/\/www.cic.ch\"><em>www.cic.ch<\/em><\/a><\/p>","protected":false},"excerpt":{"rendered":"<p>Mirko Angelini will become Chief Financial Officer and member of the Executive Board of Bank CIC (Switzerland) Ltd. as of October 1, 2023. This appointment has been approved by FINMA. In this role, he will be responsible in particular for Finance, Controlling, Markets, Bank Relations, Lending and Tax Services.<\/p>","protected":false},"author":58,"featured_media":21961,"comment_status":"closed","ping_status":"closed","sticky":false,"template":"","format":"standard","meta":{"_acf_changed":false,"_yoast_wpseo_focuskw":"Mirko Angelini","_yoast_wpseo_metadesc":"Mirko Angelini wird per 1. Oktober 2023 Chief Financial Officer und Mitglied der Gesch\u00e4ftsleitung der Bank CIC (Schweiz) AG.","articlekey":"","footnotes":""},"categories":[28],"tags":[334,381,492],"class_list":["post-21960","post","type-post","status-publish","format-standard","has-post-thumbnail","hentry","category-management","tag-management","tag-personalia","tag-unternehmen"],"acf":[],"yoast_head":"<!-- This site is optimized with the Yoast SEO plugin v27.5 - https:\/\/yoast.com\/product\/yoast-seo-wordpress\/ -->\n<title>Bank CIC: Mirko Angelini wird neuer CFO - Organisator<\/title>\n<meta name=\"description\" content=\"Mirko Angelini wird per 1. Oktober 2023 Chief Financial Officer und Mitglied der Gesch\u00e4ftsleitung der Bank CIC (Schweiz) AG.\" \/>\n<meta name=\"robots\" content=\"index, follow, max-snippet:-1, max-image-preview:large, max-video-preview:-1\" \/>\n<link rel=\"canonical\" href=\"https:\/\/www.organisator.ch\/en\/management\/2023-09-27\/bank-cic-mirko-angelini-wird-neuer-cfo\/\" \/>\n<meta property=\"og:locale\" content=\"en_US\" \/>\n<meta property=\"og:type\" content=\"article\" \/>\n<meta property=\"og:title\" content=\"Bank CIC: Mirko Angelini wird neuer CFO\" \/>\n<meta property=\"og:description\" content=\"Mirko Angelini wird per 1. Oktober 2023 Chief Financial Officer und Mitglied der Gesch\u00e4ftsleitung der Bank CIC (Schweiz) AG.\" \/>\n<meta property=\"og:url\" content=\"https:\/\/www.organisator.ch\/en\/management\/2023-09-27\/bank-cic-mirko-angelini-wird-neuer-cfo\/\" \/>\n<meta property=\"og:site_name\" content=\"Organisator\" \/>\n<meta property=\"article:publisher\" content=\"https:\/\/www.facebook.com\/OrganisatorFachmagazin\" \/>\n<meta property=\"article:published_time\" content=\"2023-09-27T06:52:16+00:00\" \/>\n<meta property=\"og:image\" content=\"https:\/\/www.organisator.ch\/wp-content\/uploads\/2023\/09\/Mirko-Angelini_Bild1_ps-e1695797102133.jpg\" \/>\n\t<meta property=\"og:image:width\" content=\"680\" \/>\n\t<meta property=\"og:image:height\" content=\"477\" \/>\n\t<meta property=\"og:image:type\" content=\"image\/jpeg\" \/>\n<meta name=\"author\" content=\"Adelisa Kalajdzini\" \/>\n<meta name=\"twitter:card\" content=\"summary_large_image\" \/>\n<meta name=\"twitter:title\" content=\"Bank #CIC: Mirko #Angelini wird neuer CFO\" \/>\n<meta name=\"twitter:description\" content=\"Mirko #Angelini wird per 1. Oktober 2023 Chief Financial Officer und Mitglied der Gesch\u00e4ftsleitung der Bank #CIC (Schweiz) AG.\" \/>\n<meta name=\"twitter:image\" content=\"https:\/\/www.organisator.ch\/wp-content\/uploads\/2023\/09\/Mirko-Angelini_Bild1_ps-e1695797102133.jpg\" \/>\n<script type=\"application\/ld+json\" class=\"yoast-schema-graph\">{\"@context\":\"https:\\\/\\\/schema.org\",\"@graph\":[{\"@type\":\"Article\",\"@id\":\"https:\\\/\\\/www.organisator.ch\\\/management\\\/2023-09-27\\\/bank-cic-mirko-angelini-wird-neuer-cfo\\\/#article\",\"isPartOf\":{\"@id\":\"https:\\\/\\\/www.organisator.ch\\\/management\\\/2023-09-27\\\/bank-cic-mirko-angelini-wird-neuer-cfo\\\/\"},\"author\":{\"name\":\"Adelisa Kalajdzini\",\"@id\":\"https:\\\/\\\/www.organisator.ch\\\/#\\\/schema\\\/person\\\/2e1314a2172123f874db408d8911d3f3\"},\"headline\":\"Bank CIC: Mirko Angelini wird neuer CFO\",\"datePublished\":\"2023-09-27T06:52:16+00:00\",\"mainEntityOfPage\":{\"@id\":\"https:\\\/\\\/www.organisator.ch\\\/management\\\/2023-09-27\\\/bank-cic-mirko-angelini-wird-neuer-cfo\\\/\"},\"wordCount\":250,\"publisher\":{\"@id\":\"https:\\\/\\\/www.organisator.ch\\\/#organization\"},\"image\":{\"@id\":\"https:\\\/\\\/www.organisator.ch\\\/management\\\/2023-09-27\\\/bank-cic-mirko-angelini-wird-neuer-cfo\\\/#primaryimage\"},\"thumbnailUrl\":\"https:\\\/\\\/www.organisator.ch\\\/wp-content\\\/uploads\\\/2023\\\/09\\\/Mirko-Angelini_Bild1_ps-e1695797102133.jpg\",\"keywords\":[\"Management\",\"Personalia\",\"Unternehmen\"],\"articleSection\":[\"MANAGEMENT\"],\"inLanguage\":\"en-US\"},{\"@type\":\"WebPage\",\"@id\":\"https:\\\/\\\/www.organisator.ch\\\/management\\\/2023-09-27\\\/bank-cic-mirko-angelini-wird-neuer-cfo\\\/\",\"url\":\"https:\\\/\\\/www.organisator.ch\\\/management\\\/2023-09-27\\\/bank-cic-mirko-angelini-wird-neuer-cfo\\\/\",\"name\":\"Bank CIC: Mirko Angelini wird neuer CFO - Organisator\",\"isPartOf\":{\"@id\":\"https:\\\/\\\/www.organisator.ch\\\/#website\"},\"primaryImageOfPage\":{\"@id\":\"https:\\\/\\\/www.organisator.ch\\\/management\\\/2023-09-27\\\/bank-cic-mirko-angelini-wird-neuer-cfo\\\/#primaryimage\"},\"image\":{\"@id\":\"https:\\\/\\\/www.organisator.ch\\\/management\\\/2023-09-27\\\/bank-cic-mirko-angelini-wird-neuer-cfo\\\/#primaryimage\"},\"thumbnailUrl\":\"https:\\\/\\\/www.organisator.ch\\\/wp-content\\\/uploads\\\/2023\\\/09\\\/Mirko-Angelini_Bild1_ps-e1695797102133.jpg\",\"datePublished\":\"2023-09-27T06:52:16+00:00\",\"description\":\"Mirko Angelini wird per 1. Oktober 2023 Chief Financial Officer und Mitglied der Gesch\u00e4ftsleitung der Bank CIC (Schweiz) AG.\",\"breadcrumb\":{\"@id\":\"https:\\\/\\\/www.organisator.ch\\\/management\\\/2023-09-27\\\/bank-cic-mirko-angelini-wird-neuer-cfo\\\/#breadcrumb\"},\"inLanguage\":\"en-US\",\"potentialAction\":[{\"@type\":\"ReadAction\",\"target\":[\"https:\\\/\\\/www.organisator.ch\\\/management\\\/2023-09-27\\\/bank-cic-mirko-angelini-wird-neuer-cfo\\\/\"]}]},{\"@type\":\"ImageObject\",\"inLanguage\":\"en-US\",\"@id\":\"https:\\\/\\\/www.organisator.ch\\\/management\\\/2023-09-27\\\/bank-cic-mirko-angelini-wird-neuer-cfo\\\/#primaryimage\",\"url\":\"https:\\\/\\\/www.organisator.ch\\\/wp-content\\\/uploads\\\/2023\\\/09\\\/Mirko-Angelini_Bild1_ps-e1695797102133.jpg\",\"contentUrl\":\"https:\\\/\\\/www.organisator.ch\\\/wp-content\\\/uploads\\\/2023\\\/09\\\/Mirko-Angelini_Bild1_ps-e1695797102133.jpg\",\"width\":680,\"height\":477,\"caption\":\"Mirko Angelini - neuer Chief Financial Officer und Mitglied der Gesch\u00e4ftsleitung. (Bild: www.cic.ch)\"},{\"@type\":\"BreadcrumbList\",\"@id\":\"https:\\\/\\\/www.organisator.ch\\\/management\\\/2023-09-27\\\/bank-cic-mirko-angelini-wird-neuer-cfo\\\/#breadcrumb\",\"itemListElement\":[{\"@type\":\"ListItem\",\"position\":1,\"name\":\"Home\",\"item\":\"https:\\\/\\\/www.organisator.ch\\\/\"},{\"@type\":\"ListItem\",\"position\":2,\"name\":\"Bank CIC: Mirko Angelini wird neuer CFO\"}]},{\"@type\":\"WebSite\",\"@id\":\"https:\\\/\\\/www.organisator.ch\\\/#website\",\"url\":\"https:\\\/\\\/www.organisator.ch\\\/\",\"name\":\"Organisator\",\"description\":\"Kompetent. Praxisnah. Der ORGANISATOR bereitet in 10 Ausgaben pro Jahr die wesentlichen Themen f\u00fcr F\u00fchrungskr\u00e4fte von KMU auf.\",\"publisher\":{\"@id\":\"https:\\\/\\\/www.organisator.ch\\\/#organization\"},\"potentialAction\":[{\"@type\":\"SearchAction\",\"target\":{\"@type\":\"EntryPoint\",\"urlTemplate\":\"https:\\\/\\\/www.organisator.ch\\\/?s={search_term_string}\"},\"query-input\":{\"@type\":\"PropertyValueSpecification\",\"valueRequired\":true,\"valueName\":\"search_term_string\"}}],\"inLanguage\":\"en-US\"},{\"@type\":\"Organization\",\"@id\":\"https:\\\/\\\/www.organisator.ch\\\/#organization\",\"name\":\"Organisator\",\"url\":\"https:\\\/\\\/www.organisator.ch\\\/\",\"logo\":{\"@type\":\"ImageObject\",\"inLanguage\":\"en-US\",\"@id\":\"https:\\\/\\\/www.organisator.ch\\\/#\\\/schema\\\/logo\\\/image\\\/\",\"url\":\"https:\\\/\\\/www.organisator.ch\\\/wp-content\\\/uploads\\\/2022\\\/01\\\/Logo_Organisator_Website.png\",\"contentUrl\":\"https:\\\/\\\/www.organisator.ch\\\/wp-content\\\/uploads\\\/2022\\\/01\\\/Logo_Organisator_Website.png\",\"width\":800,\"height\":77,\"caption\":\"Organisator\"},\"image\":{\"@id\":\"https:\\\/\\\/www.organisator.ch\\\/#\\\/schema\\\/logo\\\/image\\\/\"},\"sameAs\":[\"https:\\\/\\\/www.facebook.com\\\/OrganisatorFachmagazin\",\"https:\\\/\\\/www.linkedin.com\\\/showcase\\\/organisator-das-magazin-fr-kmu\",\"https:\\\/\\\/www.xing.com\\\/news\\\/pages\\\/organisator-ch-695\",\"https:\\\/\\\/www.youtube.com\\\/channel\\\/UCGP2Sq0iWaZwT3BdIAQFYpw\"]},{\"@type\":\"Person\",\"@id\":\"https:\\\/\\\/www.organisator.ch\\\/#\\\/schema\\\/person\\\/2e1314a2172123f874db408d8911d3f3\",\"name\":\"Adelisa Kalajdzini\",\"image\":{\"@type\":\"ImageObject\",\"inLanguage\":\"en-US\",\"@id\":\"https:\\\/\\\/secure.gravatar.com\\\/avatar\\\/09a397c22ac58cad6f160ee8306348599df9df58a8ede73696226897b9fa4b24?s=96&d=mm&r=g\",\"url\":\"https:\\\/\\\/secure.gravatar.com\\\/avatar\\\/09a397c22ac58cad6f160ee8306348599df9df58a8ede73696226897b9fa4b24?s=96&d=mm&r=g\",\"contentUrl\":\"https:\\\/\\\/secure.gravatar.com\\\/avatar\\\/09a397c22ac58cad6f160ee8306348599df9df58a8ede73696226897b9fa4b24?s=96&d=mm&r=g\",\"caption\":\"Adelisa Kalajdzini\"},\"url\":\"https:\\\/\\\/www.organisator.ch\\\/en\\\/author\\\/adelisa-kalajdzini\\\/\"}]}<\/script>\n<!-- \/ Yoast SEO plugin. -->","yoast_head_json":{"title":"Bank CIC: Mirko Angelini becomes new CFO - Organizer","description":"Mirko Angelini will become Chief Financial Officer and member of the Executive Board of Bank CIC (Switzerland) Ltd. as of October 1, 2023.","robots":{"index":"index","follow":"follow","max-snippet":"max-snippet:-1","max-image-preview":"max-image-preview:large","max-video-preview":"max-video-preview:-1"},"canonical":"https:\/\/www.organisator.ch\/en\/management\/2023-09-27\/bank-cic-mirko-angelini-wird-neuer-cfo\/","og_locale":"en_US","og_type":"article","og_title":"Bank CIC: Mirko Angelini wird neuer CFO","og_description":"Mirko Angelini wird per 1. Oktober 2023 Chief Financial Officer und Mitglied der Gesch\u00e4ftsleitung der Bank CIC (Schweiz) AG.","og_url":"https:\/\/www.organisator.ch\/en\/management\/2023-09-27\/bank-cic-mirko-angelini-wird-neuer-cfo\/","og_site_name":"Organisator","article_publisher":"https:\/\/www.facebook.com\/OrganisatorFachmagazin","article_published_time":"2023-09-27T06:52:16+00:00","og_image":[{"width":680,"height":477,"url":"https:\/\/www.organisator.ch\/wp-content\/uploads\/2023\/09\/Mirko-Angelini_Bild1_ps-e1695797102133.jpg","type":"image\/jpeg"}],"author":"Adelisa Kalajdzini","twitter_card":"summary_large_image","twitter_title":"Bank #CIC: Mirko #Angelini wird neuer CFO","twitter_description":"Mirko #Angelini wird per 1. Oktober 2023 Chief Financial Officer und Mitglied der Gesch\u00e4ftsleitung der Bank #CIC (Schweiz) AG.","twitter_image":"https:\/\/www.organisator.ch\/wp-content\/uploads\/2023\/09\/Mirko-Angelini_Bild1_ps-e1695797102133.jpg","schema":{"@context":"https:\/\/schema.org","@graph":[{"@type":"Article","@id":"https:\/\/www.organisator.ch\/management\/2023-09-27\/bank-cic-mirko-angelini-wird-neuer-cfo\/#article","isPartOf":{"@id":"https:\/\/www.organisator.ch\/management\/2023-09-27\/bank-cic-mirko-angelini-wird-neuer-cfo\/"},"author":{"name":"Adelisa Kalajdzini","@id":"https:\/\/www.organisator.ch\/#\/schema\/person\/2e1314a2172123f874db408d8911d3f3"},"headline":"Bank CIC: Mirko Angelini wird neuer CFO","datePublished":"2023-09-27T06:52:16+00:00","mainEntityOfPage":{"@id":"https:\/\/www.organisator.ch\/management\/2023-09-27\/bank-cic-mirko-angelini-wird-neuer-cfo\/"},"wordCount":250,"publisher":{"@id":"https:\/\/www.organisator.ch\/#organization"},"image":{"@id":"https:\/\/www.organisator.ch\/management\/2023-09-27\/bank-cic-mirko-angelini-wird-neuer-cfo\/#primaryimage"},"thumbnailUrl":"https:\/\/www.organisator.ch\/wp-content\/uploads\/2023\/09\/Mirko-Angelini_Bild1_ps-e1695797102133.jpg","keywords":["Management","Personalia","Unternehmen"],"articleSection":["MANAGEMENT"],"inLanguage":"en-US"},{"@type":"WebPage","@id":"https:\/\/www.organisator.ch\/management\/2023-09-27\/bank-cic-mirko-angelini-wird-neuer-cfo\/","url":"https:\/\/www.organisator.ch\/management\/2023-09-27\/bank-cic-mirko-angelini-wird-neuer-cfo\/","name":"Bank CIC: Mirko Angelini becomes new CFO - Organizer","isPartOf":{"@id":"https:\/\/www.organisator.ch\/#website"},"primaryImageOfPage":{"@id":"https:\/\/www.organisator.ch\/management\/2023-09-27\/bank-cic-mirko-angelini-wird-neuer-cfo\/#primaryimage"},"image":{"@id":"https:\/\/www.organisator.ch\/management\/2023-09-27\/bank-cic-mirko-angelini-wird-neuer-cfo\/#primaryimage"},"thumbnailUrl":"https:\/\/www.organisator.ch\/wp-content\/uploads\/2023\/09\/Mirko-Angelini_Bild1_ps-e1695797102133.jpg","datePublished":"2023-09-27T06:52:16+00:00","description":"Mirko Angelini will become Chief Financial Officer and member of the Executive Board of Bank CIC (Switzerland) Ltd. as of October 1, 2023.","breadcrumb":{"@id":"https:\/\/www.organisator.ch\/management\/2023-09-27\/bank-cic-mirko-angelini-wird-neuer-cfo\/#breadcrumb"},"inLanguage":"en-US","potentialAction":[{"@type":"ReadAction","target":["https:\/\/www.organisator.ch\/management\/2023-09-27\/bank-cic-mirko-angelini-wird-neuer-cfo\/"]}]},{"@type":"ImageObject","inLanguage":"en-US","@id":"https:\/\/www.organisator.ch\/management\/2023-09-27\/bank-cic-mirko-angelini-wird-neuer-cfo\/#primaryimage","url":"https:\/\/www.organisator.ch\/wp-content\/uploads\/2023\/09\/Mirko-Angelini_Bild1_ps-e1695797102133.jpg","contentUrl":"https:\/\/www.organisator.ch\/wp-content\/uploads\/2023\/09\/Mirko-Angelini_Bild1_ps-e1695797102133.jpg","width":680,"height":477,"caption":"Mirko Angelini - neuer Chief Financial Officer und Mitglied der Gesch\u00e4ftsleitung. (Bild: www.cic.ch)"},{"@type":"BreadcrumbList","@id":"https:\/\/www.organisator.ch\/management\/2023-09-27\/bank-cic-mirko-angelini-wird-neuer-cfo\/#breadcrumb","itemListElement":[{"@type":"ListItem","position":1,"name":"Home","item":"https:\/\/www.organisator.ch\/"},{"@type":"ListItem","position":2,"name":"Bank CIC: Mirko Angelini wird neuer CFO"}]},{"@type":"WebSite","@id":"https:\/\/www.organisator.ch\/#website","url":"https:\/\/www.organisator.ch\/","name":"Organizer","description":"Competent. Practical. In 10 issues per year, ORGANISATOR presents the essential topics for managers of SMEs.","publisher":{"@id":"https:\/\/www.organisator.ch\/#organization"},"potentialAction":[{"@type":"SearchAction","target":{"@type":"EntryPoint","urlTemplate":"https:\/\/www.organisator.ch\/?s={search_term_string}"},"query-input":{"@type":"PropertyValueSpecification","valueRequired":true,"valueName":"search_term_string"}}],"inLanguage":"en-US"},{"@type":"Organization","@id":"https:\/\/www.organisator.ch\/#organization","name":"Organizer","url":"https:\/\/www.organisator.ch\/","logo":{"@type":"ImageObject","inLanguage":"en-US","@id":"https:\/\/www.organisator.ch\/#\/schema\/logo\/image\/","url":"https:\/\/www.organisator.ch\/wp-content\/uploads\/2022\/01\/Logo_Organisator_Website.png","contentUrl":"https:\/\/www.organisator.ch\/wp-content\/uploads\/2022\/01\/Logo_Organisator_Website.png","width":800,"height":77,"caption":"Organisator"},"image":{"@id":"https:\/\/www.organisator.ch\/#\/schema\/logo\/image\/"},"sameAs":["https:\/\/www.facebook.com\/OrganisatorFachmagazin","https:\/\/www.linkedin.com\/showcase\/organisator-das-magazin-fr-kmu","https:\/\/www.xing.com\/news\/pages\/organisator-ch-695","https:\/\/www.youtube.com\/channel\/UCGP2Sq0iWaZwT3BdIAQFYpw"]},{"@type":"Person","@id":"https:\/\/www.organisator.ch\/#\/schema\/person\/2e1314a2172123f874db408d8911d3f3","name":"Adelisa Kalajdzini","image":{"@type":"ImageObject","inLanguage":"en-US","@id":"https:\/\/secure.gravatar.com\/avatar\/09a397c22ac58cad6f160ee8306348599df9df58a8ede73696226897b9fa4b24?s=96&d=mm&r=g","url":"https:\/\/secure.gravatar.com\/avatar\/09a397c22ac58cad6f160ee8306348599df9df58a8ede73696226897b9fa4b24?s=96&d=mm&r=g","contentUrl":"https:\/\/secure.gravatar.com\/avatar\/09a397c22ac58cad6f160ee8306348599df9df58a8ede73696226897b9fa4b24?s=96&d=mm&r=g","caption":"Adelisa Kalajdzini"},"url":"https:\/\/www.organisator.ch\/en\/author\/adelisa-kalajdzini\/"}]}},"_links":{"self":[{"href":"https:\/\/www.organisator.ch\/en\/wp-json\/wp\/v2\/posts\/21960","targetHints":{"allow":["GET"]}}],"collection":[{"href":"https:\/\/www.organisator.ch\/en\/wp-json\/wp\/v2\/posts"}],"about":[{"href":"https:\/\/www.organisator.ch\/en\/wp-json\/wp\/v2\/types\/post"}],"author":[{"embeddable":true,"href":"https:\/\/www.organisator.ch\/en\/wp-json\/wp\/v2\/users\/58"}],"replies":[{"embeddable":true,"href":"https:\/\/www.organisator.ch\/en\/wp-json\/wp\/v2\/comments?post=21960"}],"version-history":[{"count":3,"href":"https:\/\/www.organisator.ch\/en\/wp-json\/wp\/v2\/posts\/21960\/revisions"}],"predecessor-version":[{"id":21964,"href":"https:\/\/www.organisator.ch\/en\/wp-json\/wp\/v2\/posts\/21960\/revisions\/21964"}],"wp:featuredmedia":[{"embeddable":true,"href":"https:\/\/www.organisator.ch\/en\/wp-json\/wp\/v2\/media\/21961"}],"wp:attachment":[{"href":"https:\/\/www.organisator.ch\/en\/wp-json\/wp\/v2\/media?parent=21960"}],"wp:term":[{"taxonomy":"category","embeddable":true,"href":"https:\/\/www.organisator.ch\/en\/wp-json\/wp\/v2\/categories?post=21960"},{"taxonomy":"post_tag","embeddable":true,"href":"https:\/\/www.organisator.ch\/en\/wp-json\/wp\/v2\/tags?post=21960"}],"curies":[{"name":"wp","href":"https:\/\/api.w.org\/{rel}","templated":true}]}}