{"id":22003,"date":"2023-09-28T11:28:08","date_gmt":"2023-09-28T09:28:08","guid":{"rendered":"https:\/\/www.organisator.ch\/?p=22003"},"modified":"2023-09-28T11:28:08","modified_gmt":"2023-09-28T09:28:08","slug":"fairtrade-sa-stephan-schad-ist-neuer-geschaeftsfuehrer","status":"publish","type":"post","link":"https:\/\/www.organisator.ch\/en\/management\/2023-09-28\/fairtrade-sa-stephan-schad-ist-neuer-geschaeftsfuehrer\/","title":{"rendered":"Fairtrade SA: Stephan Schad is the new managing director"},"content":{"rendered":"<figure id=\"attachment_22004\" aria-describedby=\"caption-attachment-22004\" style=\"width: 680px\" class=\"wp-caption alignnone\"><img loading=\"lazy\" decoding=\"async\" class=\"wp-image-22004 size-full\" src=\"https:\/\/www.organisator.ch\/wp-content\/uploads\/2023\/09\/Fairtrade-SA-_Bild1_ps-e1695893097352.jpg\" alt=\"\" width=\"680\" height=\"496\" srcset=\"https:\/\/www.organisator.ch\/wp-content\/uploads\/2023\/09\/Fairtrade-SA-_Bild1_ps-e1695893097352.jpg 680w, https:\/\/www.organisator.ch\/wp-content\/uploads\/2023\/09\/Fairtrade-SA-_Bild1_ps-e1695893097352-16x12.jpg 16w, https:\/\/www.organisator.ch\/wp-content\/uploads\/2023\/09\/Fairtrade-SA-_Bild1_ps-e1695893097352-375x274.jpg 375w, https:\/\/www.organisator.ch\/wp-content\/uploads\/2023\/09\/Fairtrade-SA-_Bild1_ps-e1695893097352-480x350.jpg 480w\" sizes=\"auto, (max-width: 680px) 100vw, 680px\" \/><figcaption id=\"caption-attachment-22004\" class=\"wp-caption-text\">The new managing director of Fairtrade SA in Rothenburg - Stephan Schad. (Image: www.fairtrade.ch)<\/figcaption><\/figure>\n<p>The Board of Directors of Fairtrade SA, which trades in food commodities such as nuts, dried fruit, sugar, cocoa or vanilla, has appointed Stephan Schad as its new Managing Director. Stephan Schad brings great expertise in sustainable trade and many years of leadership experience in purchasing, sales and supply chain management. Most recently, he was head of procurement, planning and logistics for Biotta AG. Stephan Schad, 56, will take over the post from Mike Mahler in mid-October 2023. Mahler decided to take on a new challenge in the summer - after 14 years with Fairtrade SA, nine of them as Managing Director.<\/p>\n<p>Patrick Lobsiger, Chairman of the Fairtrade Board of Directors, is delighted: \"With Stephan Schad, we are gaining a proven expert in international food commodity trading. We are convinced that, thanks to his strategic thinking and know-how, he will lead the company into a continued successful future.\"<\/p>\n<p><em>Source: <a href=\"https:\/\/www.fairtrade.ch\/\">www.fairtrade.ch\u00a0<\/a><\/em><\/p>","protected":false},"excerpt":{"rendered":"<p>The new Managing Director of Fairtrade SA in Rothenburg is Stephan Schad. The 56-year-old purchasing, sales and supply chain specialist will take over in mid-October 2023 from Mike Mahler, who has decided to take on a new challenge.<\/p>","protected":false},"author":58,"featured_media":22004,"comment_status":"closed","ping_status":"closed","sticky":false,"template":"","format":"standard","meta":{"_acf_changed":false,"_yoast_wpseo_focuskw":"Fairtrade SA","_yoast_wpseo_metadesc":"Der neue Gesch\u00e4ftsf\u00fchrer der Fairtrade SA in Rothenburg wird der 56-j\u00e4hrige Einkaufs-, Verkaufs- und Supply-Chain-Spezialist Stephan Schad.","articlekey":"","footnotes":""},"categories":[28],"tags":[334,339,381,492],"class_list":["post-22003","post","type-post","status-publish","format-standard","has-post-thumbnail","hentry","category-management","tag-management","tag-marketing","tag-personalia","tag-unternehmen"],"acf":[],"yoast_head":"<!-- This site is optimized with the Yoast SEO plugin v27.5 - https:\/\/yoast.com\/product\/yoast-seo-wordpress\/ -->\n<title>Fairtrade SA: Stephan Schad ist neuer Gesch\u00e4ftsf\u00fchrer - Organisator<\/title>\n<meta name=\"description\" content=\"Der neue Gesch\u00e4ftsf\u00fchrer der Fairtrade SA in Rothenburg wird der 56-j\u00e4hrige Einkaufs-, Verkaufs- und Supply-Chain-Spezialist Stephan Schad.\" \/>\n<meta name=\"robots\" content=\"index, follow, max-snippet:-1, max-image-preview:large, max-video-preview:-1\" \/>\n<link rel=\"canonical\" href=\"https:\/\/www.organisator.ch\/en\/management\/2023-09-28\/fairtrade-sa-stephan-schad-ist-neuer-geschaeftsfuehrer\/\" \/>\n<meta property=\"og:locale\" content=\"en_US\" \/>\n<meta property=\"og:type\" content=\"article\" \/>\n<meta property=\"og:title\" content=\"Fairtrade SA: Stephan Schad ist neuer Gesch\u00e4ftsf\u00fchrer\" \/>\n<meta property=\"og:description\" content=\"Der neue Gesch\u00e4ftsf\u00fchrer der Fairtrade SA in Rothenburg wird der 56-j\u00e4hrige Einkaufs-, Verkaufs- und Supply-Chain-Spezialist Stephan Schad.\" \/>\n<meta property=\"og:url\" content=\"https:\/\/www.organisator.ch\/en\/management\/2023-09-28\/fairtrade-sa-stephan-schad-ist-neuer-geschaeftsfuehrer\/\" \/>\n<meta property=\"og:site_name\" content=\"Organisator\" \/>\n<meta property=\"article:publisher\" content=\"https:\/\/www.facebook.com\/OrganisatorFachmagazin\" \/>\n<meta property=\"article:published_time\" content=\"2023-09-28T09:28:08+00:00\" \/>\n<meta property=\"og:image\" content=\"https:\/\/www.organisator.ch\/wp-content\/uploads\/2023\/09\/Fairtrade-SA-_Bild1_ps-e1695893097352.jpg\" \/>\n\t<meta property=\"og:image:width\" content=\"680\" \/>\n\t<meta property=\"og:image:height\" content=\"496\" \/>\n\t<meta property=\"og:image:type\" content=\"image\/jpeg\" \/>\n<meta name=\"author\" content=\"Adelisa Kalajdzini\" \/>\n<meta name=\"twitter:card\" content=\"summary_large_image\" \/>\n<meta name=\"twitter:title\" content=\"#Fairtrade SA: Stephan Schad ist neuer #Gesch\u00e4ftsf\u00fchrer\" \/>\n<meta name=\"twitter:description\" content=\"Der neue Gesch\u00e4ftsf\u00fchrer der #Fairtrade SA in Rothenburg wird der 56-j\u00e4hrige Einkaufs-, Verkaufs- und #Supply-Chain-Spezialist Stephan Schad.\" \/>\n<meta name=\"twitter:image\" content=\"https:\/\/www.organisator.ch\/wp-content\/uploads\/2023\/09\/Fairtrade-SA-_Bild1_ps-e1695893097352.jpg\" \/>\n<script type=\"application\/ld+json\" class=\"yoast-schema-graph\">{\"@context\":\"https:\\\/\\\/schema.org\",\"@graph\":[{\"@type\":\"Article\",\"@id\":\"https:\\\/\\\/www.organisator.ch\\\/management\\\/2023-09-28\\\/fairtrade-sa-stephan-schad-ist-neuer-geschaeftsfuehrer\\\/#article\",\"isPartOf\":{\"@id\":\"https:\\\/\\\/www.organisator.ch\\\/management\\\/2023-09-28\\\/fairtrade-sa-stephan-schad-ist-neuer-geschaeftsfuehrer\\\/\"},\"author\":{\"name\":\"Adelisa Kalajdzini\",\"@id\":\"https:\\\/\\\/www.organisator.ch\\\/#\\\/schema\\\/person\\\/2e1314a2172123f874db408d8911d3f3\"},\"headline\":\"Fairtrade SA: Stephan Schad ist neuer Gesch\u00e4ftsf\u00fchrer\",\"datePublished\":\"2023-09-28T09:28:08+00:00\",\"mainEntityOfPage\":{\"@id\":\"https:\\\/\\\/www.organisator.ch\\\/management\\\/2023-09-28\\\/fairtrade-sa-stephan-schad-ist-neuer-geschaeftsfuehrer\\\/\"},\"wordCount\":178,\"publisher\":{\"@id\":\"https:\\\/\\\/www.organisator.ch\\\/#organization\"},\"image\":{\"@id\":\"https:\\\/\\\/www.organisator.ch\\\/management\\\/2023-09-28\\\/fairtrade-sa-stephan-schad-ist-neuer-geschaeftsfuehrer\\\/#primaryimage\"},\"thumbnailUrl\":\"https:\\\/\\\/www.organisator.ch\\\/wp-content\\\/uploads\\\/2023\\\/09\\\/Fairtrade-SA-_Bild1_ps-e1695893097352.jpg\",\"keywords\":[\"Management\",\"Marketing\",\"Personalia\",\"Unternehmen\"],\"articleSection\":[\"MANAGEMENT\"],\"inLanguage\":\"en-US\"},{\"@type\":\"WebPage\",\"@id\":\"https:\\\/\\\/www.organisator.ch\\\/management\\\/2023-09-28\\\/fairtrade-sa-stephan-schad-ist-neuer-geschaeftsfuehrer\\\/\",\"url\":\"https:\\\/\\\/www.organisator.ch\\\/management\\\/2023-09-28\\\/fairtrade-sa-stephan-schad-ist-neuer-geschaeftsfuehrer\\\/\",\"name\":\"Fairtrade SA: Stephan Schad ist neuer Gesch\u00e4ftsf\u00fchrer - Organisator\",\"isPartOf\":{\"@id\":\"https:\\\/\\\/www.organisator.ch\\\/#website\"},\"primaryImageOfPage\":{\"@id\":\"https:\\\/\\\/www.organisator.ch\\\/management\\\/2023-09-28\\\/fairtrade-sa-stephan-schad-ist-neuer-geschaeftsfuehrer\\\/#primaryimage\"},\"image\":{\"@id\":\"https:\\\/\\\/www.organisator.ch\\\/management\\\/2023-09-28\\\/fairtrade-sa-stephan-schad-ist-neuer-geschaeftsfuehrer\\\/#primaryimage\"},\"thumbnailUrl\":\"https:\\\/\\\/www.organisator.ch\\\/wp-content\\\/uploads\\\/2023\\\/09\\\/Fairtrade-SA-_Bild1_ps-e1695893097352.jpg\",\"datePublished\":\"2023-09-28T09:28:08+00:00\",\"description\":\"Der neue Gesch\u00e4ftsf\u00fchrer der Fairtrade SA in Rothenburg wird der 56-j\u00e4hrige Einkaufs-, Verkaufs- und Supply-Chain-Spezialist Stephan Schad.\",\"breadcrumb\":{\"@id\":\"https:\\\/\\\/www.organisator.ch\\\/management\\\/2023-09-28\\\/fairtrade-sa-stephan-schad-ist-neuer-geschaeftsfuehrer\\\/#breadcrumb\"},\"inLanguage\":\"en-US\",\"potentialAction\":[{\"@type\":\"ReadAction\",\"target\":[\"https:\\\/\\\/www.organisator.ch\\\/management\\\/2023-09-28\\\/fairtrade-sa-stephan-schad-ist-neuer-geschaeftsfuehrer\\\/\"]}]},{\"@type\":\"ImageObject\",\"inLanguage\":\"en-US\",\"@id\":\"https:\\\/\\\/www.organisator.ch\\\/management\\\/2023-09-28\\\/fairtrade-sa-stephan-schad-ist-neuer-geschaeftsfuehrer\\\/#primaryimage\",\"url\":\"https:\\\/\\\/www.organisator.ch\\\/wp-content\\\/uploads\\\/2023\\\/09\\\/Fairtrade-SA-_Bild1_ps-e1695893097352.jpg\",\"contentUrl\":\"https:\\\/\\\/www.organisator.ch\\\/wp-content\\\/uploads\\\/2023\\\/09\\\/Fairtrade-SA-_Bild1_ps-e1695893097352.jpg\",\"width\":680,\"height\":496,\"caption\":\"Der neue Gesch\u00e4ftsf\u00fchrer der Fairtrade SA in Rothenburg - Stephan Schad. (Bild: www.fairtrade.ch)\"},{\"@type\":\"BreadcrumbList\",\"@id\":\"https:\\\/\\\/www.organisator.ch\\\/management\\\/2023-09-28\\\/fairtrade-sa-stephan-schad-ist-neuer-geschaeftsfuehrer\\\/#breadcrumb\",\"itemListElement\":[{\"@type\":\"ListItem\",\"position\":1,\"name\":\"Home\",\"item\":\"https:\\\/\\\/www.organisator.ch\\\/\"},{\"@type\":\"ListItem\",\"position\":2,\"name\":\"Fairtrade SA: Stephan Schad ist neuer Gesch\u00e4ftsf\u00fchrer\"}]},{\"@type\":\"WebSite\",\"@id\":\"https:\\\/\\\/www.organisator.ch\\\/#website\",\"url\":\"https:\\\/\\\/www.organisator.ch\\\/\",\"name\":\"Organisator\",\"description\":\"Kompetent. Praxisnah. Der ORGANISATOR bereitet in 10 Ausgaben pro Jahr die wesentlichen Themen f\u00fcr F\u00fchrungskr\u00e4fte von KMU auf.\",\"publisher\":{\"@id\":\"https:\\\/\\\/www.organisator.ch\\\/#organization\"},\"potentialAction\":[{\"@type\":\"SearchAction\",\"target\":{\"@type\":\"EntryPoint\",\"urlTemplate\":\"https:\\\/\\\/www.organisator.ch\\\/?s={search_term_string}\"},\"query-input\":{\"@type\":\"PropertyValueSpecification\",\"valueRequired\":true,\"valueName\":\"search_term_string\"}}],\"inLanguage\":\"en-US\"},{\"@type\":\"Organization\",\"@id\":\"https:\\\/\\\/www.organisator.ch\\\/#organization\",\"name\":\"Organisator\",\"url\":\"https:\\\/\\\/www.organisator.ch\\\/\",\"logo\":{\"@type\":\"ImageObject\",\"inLanguage\":\"en-US\",\"@id\":\"https:\\\/\\\/www.organisator.ch\\\/#\\\/schema\\\/logo\\\/image\\\/\",\"url\":\"https:\\\/\\\/www.organisator.ch\\\/wp-content\\\/uploads\\\/2022\\\/01\\\/Logo_Organisator_Website.png\",\"contentUrl\":\"https:\\\/\\\/www.organisator.ch\\\/wp-content\\\/uploads\\\/2022\\\/01\\\/Logo_Organisator_Website.png\",\"width\":800,\"height\":77,\"caption\":\"Organisator\"},\"image\":{\"@id\":\"https:\\\/\\\/www.organisator.ch\\\/#\\\/schema\\\/logo\\\/image\\\/\"},\"sameAs\":[\"https:\\\/\\\/www.facebook.com\\\/OrganisatorFachmagazin\",\"https:\\\/\\\/www.linkedin.com\\\/showcase\\\/organisator-das-magazin-fr-kmu\",\"https:\\\/\\\/www.xing.com\\\/news\\\/pages\\\/organisator-ch-695\",\"https:\\\/\\\/www.youtube.com\\\/channel\\\/UCGP2Sq0iWaZwT3BdIAQFYpw\"]},{\"@type\":\"Person\",\"@id\":\"https:\\\/\\\/www.organisator.ch\\\/#\\\/schema\\\/person\\\/2e1314a2172123f874db408d8911d3f3\",\"name\":\"Adelisa Kalajdzini\",\"image\":{\"@type\":\"ImageObject\",\"inLanguage\":\"en-US\",\"@id\":\"https:\\\/\\\/secure.gravatar.com\\\/avatar\\\/09a397c22ac58cad6f160ee8306348599df9df58a8ede73696226897b9fa4b24?s=96&d=mm&r=g\",\"url\":\"https:\\\/\\\/secure.gravatar.com\\\/avatar\\\/09a397c22ac58cad6f160ee8306348599df9df58a8ede73696226897b9fa4b24?s=96&d=mm&r=g\",\"contentUrl\":\"https:\\\/\\\/secure.gravatar.com\\\/avatar\\\/09a397c22ac58cad6f160ee8306348599df9df58a8ede73696226897b9fa4b24?s=96&d=mm&r=g\",\"caption\":\"Adelisa Kalajdzini\"},\"url\":\"https:\\\/\\\/www.organisator.ch\\\/en\\\/author\\\/adelisa-kalajdzini\\\/\"}]}<\/script>\n<!-- \/ Yoast SEO plugin. -->","yoast_head_json":{"title":"Fairtrade SA: Stephan Schad is new managing director - organizer","description":"The new managing director of Fairtrade SA in Rothenburg will be 56-year-old purchasing, sales and supply chain specialist Stephan Schad.","robots":{"index":"index","follow":"follow","max-snippet":"max-snippet:-1","max-image-preview":"max-image-preview:large","max-video-preview":"max-video-preview:-1"},"canonical":"https:\/\/www.organisator.ch\/en\/management\/2023-09-28\/fairtrade-sa-stephan-schad-ist-neuer-geschaeftsfuehrer\/","og_locale":"en_US","og_type":"article","og_title":"Fairtrade SA: Stephan Schad ist neuer Gesch\u00e4ftsf\u00fchrer","og_description":"Der neue Gesch\u00e4ftsf\u00fchrer der Fairtrade SA in Rothenburg wird der 56-j\u00e4hrige Einkaufs-, Verkaufs- und Supply-Chain-Spezialist Stephan Schad.","og_url":"https:\/\/www.organisator.ch\/en\/management\/2023-09-28\/fairtrade-sa-stephan-schad-ist-neuer-geschaeftsfuehrer\/","og_site_name":"Organisator","article_publisher":"https:\/\/www.facebook.com\/OrganisatorFachmagazin","article_published_time":"2023-09-28T09:28:08+00:00","og_image":[{"width":680,"height":496,"url":"https:\/\/www.organisator.ch\/wp-content\/uploads\/2023\/09\/Fairtrade-SA-_Bild1_ps-e1695893097352.jpg","type":"image\/jpeg"}],"author":"Adelisa Kalajdzini","twitter_card":"summary_large_image","twitter_title":"#Fairtrade SA: Stephan Schad ist neuer #Gesch\u00e4ftsf\u00fchrer","twitter_description":"Der neue Gesch\u00e4ftsf\u00fchrer der #Fairtrade SA in Rothenburg wird der 56-j\u00e4hrige Einkaufs-, Verkaufs- und #Supply-Chain-Spezialist Stephan Schad.","twitter_image":"https:\/\/www.organisator.ch\/wp-content\/uploads\/2023\/09\/Fairtrade-SA-_Bild1_ps-e1695893097352.jpg","schema":{"@context":"https:\/\/schema.org","@graph":[{"@type":"Article","@id":"https:\/\/www.organisator.ch\/management\/2023-09-28\/fairtrade-sa-stephan-schad-ist-neuer-geschaeftsfuehrer\/#article","isPartOf":{"@id":"https:\/\/www.organisator.ch\/management\/2023-09-28\/fairtrade-sa-stephan-schad-ist-neuer-geschaeftsfuehrer\/"},"author":{"name":"Adelisa Kalajdzini","@id":"https:\/\/www.organisator.ch\/#\/schema\/person\/2e1314a2172123f874db408d8911d3f3"},"headline":"Fairtrade SA: Stephan Schad ist neuer Gesch\u00e4ftsf\u00fchrer","datePublished":"2023-09-28T09:28:08+00:00","mainEntityOfPage":{"@id":"https:\/\/www.organisator.ch\/management\/2023-09-28\/fairtrade-sa-stephan-schad-ist-neuer-geschaeftsfuehrer\/"},"wordCount":178,"publisher":{"@id":"https:\/\/www.organisator.ch\/#organization"},"image":{"@id":"https:\/\/www.organisator.ch\/management\/2023-09-28\/fairtrade-sa-stephan-schad-ist-neuer-geschaeftsfuehrer\/#primaryimage"},"thumbnailUrl":"https:\/\/www.organisator.ch\/wp-content\/uploads\/2023\/09\/Fairtrade-SA-_Bild1_ps-e1695893097352.jpg","keywords":["Management","Marketing","Personalia","Unternehmen"],"articleSection":["MANAGEMENT"],"inLanguage":"en-US"},{"@type":"WebPage","@id":"https:\/\/www.organisator.ch\/management\/2023-09-28\/fairtrade-sa-stephan-schad-ist-neuer-geschaeftsfuehrer\/","url":"https:\/\/www.organisator.ch\/management\/2023-09-28\/fairtrade-sa-stephan-schad-ist-neuer-geschaeftsfuehrer\/","name":"Fairtrade SA: Stephan Schad is new managing director - organizer","isPartOf":{"@id":"https:\/\/www.organisator.ch\/#website"},"primaryImageOfPage":{"@id":"https:\/\/www.organisator.ch\/management\/2023-09-28\/fairtrade-sa-stephan-schad-ist-neuer-geschaeftsfuehrer\/#primaryimage"},"image":{"@id":"https:\/\/www.organisator.ch\/management\/2023-09-28\/fairtrade-sa-stephan-schad-ist-neuer-geschaeftsfuehrer\/#primaryimage"},"thumbnailUrl":"https:\/\/www.organisator.ch\/wp-content\/uploads\/2023\/09\/Fairtrade-SA-_Bild1_ps-e1695893097352.jpg","datePublished":"2023-09-28T09:28:08+00:00","description":"The new managing director of Fairtrade SA in Rothenburg will be 56-year-old purchasing, sales and supply chain specialist Stephan Schad.","breadcrumb":{"@id":"https:\/\/www.organisator.ch\/management\/2023-09-28\/fairtrade-sa-stephan-schad-ist-neuer-geschaeftsfuehrer\/#breadcrumb"},"inLanguage":"en-US","potentialAction":[{"@type":"ReadAction","target":["https:\/\/www.organisator.ch\/management\/2023-09-28\/fairtrade-sa-stephan-schad-ist-neuer-geschaeftsfuehrer\/"]}]},{"@type":"ImageObject","inLanguage":"en-US","@id":"https:\/\/www.organisator.ch\/management\/2023-09-28\/fairtrade-sa-stephan-schad-ist-neuer-geschaeftsfuehrer\/#primaryimage","url":"https:\/\/www.organisator.ch\/wp-content\/uploads\/2023\/09\/Fairtrade-SA-_Bild1_ps-e1695893097352.jpg","contentUrl":"https:\/\/www.organisator.ch\/wp-content\/uploads\/2023\/09\/Fairtrade-SA-_Bild1_ps-e1695893097352.jpg","width":680,"height":496,"caption":"Der neue Gesch\u00e4ftsf\u00fchrer der Fairtrade SA in Rothenburg - Stephan Schad. (Bild: www.fairtrade.ch)"},{"@type":"BreadcrumbList","@id":"https:\/\/www.organisator.ch\/management\/2023-09-28\/fairtrade-sa-stephan-schad-ist-neuer-geschaeftsfuehrer\/#breadcrumb","itemListElement":[{"@type":"ListItem","position":1,"name":"Home","item":"https:\/\/www.organisator.ch\/"},{"@type":"ListItem","position":2,"name":"Fairtrade SA: Stephan Schad ist neuer Gesch\u00e4ftsf\u00fchrer"}]},{"@type":"WebSite","@id":"https:\/\/www.organisator.ch\/#website","url":"https:\/\/www.organisator.ch\/","name":"Organizer","description":"Competent. Practical. In 10 issues per year, ORGANISATOR presents the essential topics for managers of SMEs.","publisher":{"@id":"https:\/\/www.organisator.ch\/#organization"},"potentialAction":[{"@type":"SearchAction","target":{"@type":"EntryPoint","urlTemplate":"https:\/\/www.organisator.ch\/?s={search_term_string}"},"query-input":{"@type":"PropertyValueSpecification","valueRequired":true,"valueName":"search_term_string"}}],"inLanguage":"en-US"},{"@type":"Organization","@id":"https:\/\/www.organisator.ch\/#organization","name":"Organizer","url":"https:\/\/www.organisator.ch\/","logo":{"@type":"ImageObject","inLanguage":"en-US","@id":"https:\/\/www.organisator.ch\/#\/schema\/logo\/image\/","url":"https:\/\/www.organisator.ch\/wp-content\/uploads\/2022\/01\/Logo_Organisator_Website.png","contentUrl":"https:\/\/www.organisator.ch\/wp-content\/uploads\/2022\/01\/Logo_Organisator_Website.png","width":800,"height":77,"caption":"Organisator"},"image":{"@id":"https:\/\/www.organisator.ch\/#\/schema\/logo\/image\/"},"sameAs":["https:\/\/www.facebook.com\/OrganisatorFachmagazin","https:\/\/www.linkedin.com\/showcase\/organisator-das-magazin-fr-kmu","https:\/\/www.xing.com\/news\/pages\/organisator-ch-695","https:\/\/www.youtube.com\/channel\/UCGP2Sq0iWaZwT3BdIAQFYpw"]},{"@type":"Person","@id":"https:\/\/www.organisator.ch\/#\/schema\/person\/2e1314a2172123f874db408d8911d3f3","name":"Adelisa Kalajdzini","image":{"@type":"ImageObject","inLanguage":"en-US","@id":"https:\/\/secure.gravatar.com\/avatar\/09a397c22ac58cad6f160ee8306348599df9df58a8ede73696226897b9fa4b24?s=96&d=mm&r=g","url":"https:\/\/secure.gravatar.com\/avatar\/09a397c22ac58cad6f160ee8306348599df9df58a8ede73696226897b9fa4b24?s=96&d=mm&r=g","contentUrl":"https:\/\/secure.gravatar.com\/avatar\/09a397c22ac58cad6f160ee8306348599df9df58a8ede73696226897b9fa4b24?s=96&d=mm&r=g","caption":"Adelisa Kalajdzini"},"url":"https:\/\/www.organisator.ch\/en\/author\/adelisa-kalajdzini\/"}]}},"_links":{"self":[{"href":"https:\/\/www.organisator.ch\/en\/wp-json\/wp\/v2\/posts\/22003","targetHints":{"allow":["GET"]}}],"collection":[{"href":"https:\/\/www.organisator.ch\/en\/wp-json\/wp\/v2\/posts"}],"about":[{"href":"https:\/\/www.organisator.ch\/en\/wp-json\/wp\/v2\/types\/post"}],"author":[{"embeddable":true,"href":"https:\/\/www.organisator.ch\/en\/wp-json\/wp\/v2\/users\/58"}],"replies":[{"embeddable":true,"href":"https:\/\/www.organisator.ch\/en\/wp-json\/wp\/v2\/comments?post=22003"}],"version-history":[{"count":3,"href":"https:\/\/www.organisator.ch\/en\/wp-json\/wp\/v2\/posts\/22003\/revisions"}],"predecessor-version":[{"id":22015,"href":"https:\/\/www.organisator.ch\/en\/wp-json\/wp\/v2\/posts\/22003\/revisions\/22015"}],"wp:featuredmedia":[{"embeddable":true,"href":"https:\/\/www.organisator.ch\/en\/wp-json\/wp\/v2\/media\/22004"}],"wp:attachment":[{"href":"https:\/\/www.organisator.ch\/en\/wp-json\/wp\/v2\/media?parent=22003"}],"wp:term":[{"taxonomy":"category","embeddable":true,"href":"https:\/\/www.organisator.ch\/en\/wp-json\/wp\/v2\/categories?post=22003"},{"taxonomy":"post_tag","embeddable":true,"href":"https:\/\/www.organisator.ch\/en\/wp-json\/wp\/v2\/tags?post=22003"}],"curies":[{"name":"wp","href":"https:\/\/api.w.org\/{rel}","templated":true}]}}