{"id":2202,"date":"2019-06-17T11:20:25","date_gmt":"2019-06-17T09:20:25","guid":{"rendered":"https:\/\/www.umweltperspektiven.ch\/?p=2202"},"modified":"2019-06-17T11:20:25","modified_gmt":"2019-06-17T09:20:25","slug":"erster-swiss-medical-spa-hospitality-think-tank","status":"publish","type":"post","link":"https:\/\/www.organisator.ch\/en\/allgemein\/2019-06-17\/erster-swiss-medical-spa-hospitality-think-tank\/","title":{"rendered":"First Swiss Medical Spa &amp; Hospitality Think Tank"},"content":{"rendered":"<figure id=\"attachment_2203\" aria-describedby=\"caption-attachment-2203\" style=\"width: 640px\" class=\"wp-caption alignnone\"><img loading=\"lazy\" decoding=\"async\" class=\"size-full wp-image-2203\" src=\"\/\/www.umweltperspektiven.ch\/wp-content\/uploads\/2019\/06\/Swiss-Medical-Spa-Hospitality-Think-Tank-UP_Umwelt-Perspektiven_neu.jpg\" alt=\"\" width=\"640\" height=\"400\" \/><figcaption id=\"caption-attachment-2203\" class=\"wp-caption-text\">The venue of the first Swiss Medical Spa Hospitality &amp; Think Tank: The EHL Swiss School of Tourism and Hospitality in Chur-Passugg. (Image: EHL Swiss School of Tourism and Hospitality)<\/figcaption><\/figure>\n<p>The first Swiss Medical Spa &amp; Hospitality Think Tank was all about reflecting on best practice examples and exploring future potential arising from the combination of new medical and spa trends in the hospitality industry. Self-care and well-being are increasingly in the spotlight today. This is increasing the demand for medical services in the hospitality and tourism sector.<\/p>\n<p><strong>High growth<\/strong><\/p>\n<p>According to the Global Wellness Institute, wellness tourism is expected to grow at an average annual rate of 7.5 percent through 2022. 58 percent of this global health spending is in the area of wellness - so it's a market that certainly deserves attention. Today's guests expect a balanced package - from preventive approaches in the interest of general health, such as nutrition and fitness, life coaching or stress management, to an environment that enables rapid recovery from a specific illness.<\/p>\n<p>\"Growth in the global medical spa market is being driven by rising numbers in aesthetic medicine and cosmetic treatment options, as well as growth in wellness trends in developed countries. Another driver is likely to be the increase in medical tourism in growth markets such as India, China and Brazil,\" said CV Wijeratne, Head of Spa &amp; Wellness Management Major at SSTH.<\/p>\n<p>Later in the session, several speakers demonstrated that a growing demand for hospitality expertise and talent is also being felt in traditional medical treatments. Dr. Peter Yesawich of Brown Legacy Group explained that behind the \"Mother Standard\u00ae\" as practiced at Cancer Treatment Centers of America\u00ae is a consistent focus on the hospitality experience, or patient experience. In keeping with this holistic approach, which seeks to optimize the guest experience at every touchpoint, Lisa Clarke of Destination Medical Center's economic development agency has renovated the infrastructure of the Mayo Clinic in Rochester, Minnesota. The clinic itself has an excellent reputation, but until now did not have hosts who could provide patients with a safe haven between treatments and an accessible, engaging environment to ease their physical and emotional stress.<\/p>\n<p>Other contributions at the think tank meeting came from renowned experts such as:<\/p>\n<ul>\n<li>Dr. Radesh Palikurthi, University of Memphis, \"Preferred Health and Wellness Tourism Destinations of American Consumers: A Trade-off Analysis of Key Decision Factors.\"<\/li>\n<li>Dr. Ali Poorani, University of Delaware, \"Hospitality Associates for Research &amp; Education: Marketing and Sensory Evaluation.\"<\/li>\n<li>Dr. Frederick J. De Micco, University of Delaware and CV Wijeratne, SSTH: Presentation of current research and expert panel \"Bridging Healthcare to Hospitality (H2H).\"<br \/>\nAs part of the expert panel, speakers discussed key drivers of change and opportunities in the health, spa and wellness, medical and hospitality sectors, as well as potential elements of a curriculum that is aligned accordingly.<\/li>\n<\/ul>\n<p>Michael Hartmann, Managing Director of SSTH, has developed the major option Spa and Wellness Management for the H\u00f4teli\u00e8re-Restauratrice\/H\u00f4telier-Restaurateur HF degree program. This focus not only teaches operational management skills, but also specifically strengthens soft skills. \"People are looking for experiences and want all their senses to be stimulated. They want us to build on their childhood memories. This is particularly relevant for health and wellness tourism, as guests have very specific expectations and needs. Medicine and hospitality therefore combine their competencies to provide patients and guests with an experience that is high quality in all respects.\" The affective, scientific approach of the SSTH teaching method ensures that students meet these expectations in practice: They practice self-reflection, gain independence, develop confidence, and hone empathy as well as professionalism before assuming their role as \"directors\" in this new hospitality landscape.<\/p>\n<p><strong>About the EHL Group<\/strong><\/p>\n<p><em>Headquartered in Lausanne, Switzerland, EHL Group comprises a portfolio of different business units specializing in education and innovation in international hospitality management:<\/em><\/p>\n<p><em>The <a href=\"\/\/www.ehl.edu\/\">EHL Ecole h\u00f4teli\u00e8re de Lausanne<\/a> has been the symbol of Swiss hospitality since its foundation in 1893. It has been a pioneer in its pioneering education for the hotel and hospitality sector to this day. The result is a unique global community of 25,000 hospitality executives and students from 120 countries.<\/em><\/p>\n<p><em>As a leading hospitality management university, EHL offers <a href=\"\/\/www.ehl.edu\/en\/study\">Study programs<\/a> for enthusiastic, talented and ambitious students - on their campuses in Lausanne and Passugg as well as online.<\/em><\/p>\n<p><em>The school ranks #1 in the QS and CEO world rankings, and its \"Berceau des Sens\" restaurant is the only training restaurant in the world with a Michelin star.<\/em><\/p>\n<p><em>The <a href=\"\/\/www.ssth.ch\/\">EHL Swiss School of Tourism and Hospitality (Chur-Passugg)<\/a> has been one of the leading hotel and hospitality management schools for hotel professionals for 50 years. In a recently renovated 19th-century spa hotel in Passugg, Grisons, it offers Swiss accredited training at both professional and university level to Swiss and international students from 20 countries.<\/em><\/p>\n<p><em><a href=\"\/\/www.ehladvisory.com\/\">EHL Advisory Services<\/a> is the largest Swiss hospitality consulting firm with expertise in the development of educational models, in quality assurance for learning centers, and in strategic and operational consulting for companies, especially in the implementation of a benchmark service culture for companies within and outside the hospitality industry. EHL Advisory Services has offices in Lausanne, Beijing, Shanghai as well as New Delhi and has undertaken mandates in more than 60 countries over the last 40 years.<\/em><\/p>\n<p><a href=\"\/\/www.ehl.edu\/\">www.ehl.edu<\/a><\/p>","protected":false},"excerpt":{"rendered":"<p>Am ersten Swiss Medical Spa &amp; Hospitality Think Tank ging es darum \u00fcber Best-Practice-Beispiele nachzudenken und Zukunftspotenziale auszuloten, die sich aus der Kombination neuer Medizin- und Spa-Trends in der Hospitality-Branche ergeben. Selbstpflege und Wohlbefinden r\u00fccken heute immer mehr in den Vordergrund. Dadurch steigt die Nachfrage nach medizinischen Dienstleistungen im Hospitality- und Tourismusbereich. Hohes Wachstum Laut [&hellip;]<\/p>\n","protected":false},"author":5,"featured_media":9616,"comment_status":"open","ping_status":"open","sticky":false,"template":"","format":"standard","meta":{"_acf_changed":false,"_yoast_wpseo_focuskw":"Swiss School of Tourism and Hospitality","_yoast_wpseo_metadesc":"Die EHL Swiss School of Tourism and Hospitality (SSTH) f\u00fchrte am 6. Juni 2019 den ersten Swiss Medical Spa & Hospitality Think Tank durch.","articlekey":"","footnotes":""},"categories":[1],"tags":[1352,1377,1676,1762,424],"class_list":["post-2202","post","type-post","status-publish","format-standard","has-post-thumbnail","hentry","category-allgemein","tag-health","tag-hospitality","tag-medical-spa","tag-nachhaltige-hotellerie","tag-schweiz"],"acf":[],"yoast_head":"<!-- This site is optimized with the Yoast SEO plugin v27.5 - https:\/\/yoast.com\/product\/yoast-seo-wordpress\/ -->\n<title>Erster Swiss Medical Spa &amp; Hospitality Think Tank - Organisator<\/title>\n<meta name=\"description\" content=\"Die EHL Swiss School of Tourism and Hospitality (SSTH) f\u00fchrte am 6. Juni 2019 den ersten Swiss Medical Spa &amp; Hospitality Think Tank durch.\" \/>\n<meta name=\"robots\" content=\"index, follow, max-snippet:-1, max-image-preview:large, max-video-preview:-1\" \/>\n<link rel=\"canonical\" href=\"https:\/\/www.organisator.ch\/en\/general\/2019-06-17\/erster-swiss-medical-spa-hospitality-think-tank\/\" \/>\n<meta property=\"og:locale\" content=\"en_US\" \/>\n<meta property=\"og:type\" content=\"article\" \/>\n<meta property=\"og:title\" content=\"Erster Swiss Medical Spa &amp; Hospitality Think Tank - Organisator\" \/>\n<meta property=\"og:description\" content=\"Die EHL Swiss School of Tourism and Hospitality (SSTH) f\u00fchrte am 6. Juni 2019 den ersten Swiss Medical Spa &amp; Hospitality Think Tank durch.\" \/>\n<meta property=\"og:url\" content=\"https:\/\/www.organisator.ch\/en\/general\/2019-06-17\/erster-swiss-medical-spa-hospitality-think-tank\/\" \/>\n<meta property=\"og:site_name\" content=\"Organisator\" \/>\n<meta property=\"article:publisher\" content=\"https:\/\/www.facebook.com\/OrganisatorFachmagazin\" \/>\n<meta property=\"article:published_time\" content=\"2019-06-17T09:20:25+00:00\" \/>\n<meta property=\"og:image\" content=\"https:\/\/www.organisator.ch\/wp-content\/uploads\/2019\/06\/Swiss-Medical-Spa-Hospitality-Think-Tank-UP_Umwelt-Perspektiven_neu.jpg\" \/>\n\t<meta property=\"og:image:width\" content=\"640\" \/>\n\t<meta property=\"og:image:height\" content=\"400\" \/>\n\t<meta property=\"og:image:type\" content=\"image\/jpeg\" \/>\n<meta name=\"author\" content=\"michael.merz\" \/>\n<meta name=\"twitter:card\" content=\"summary_large_image\" \/>\n<script type=\"application\/ld+json\" class=\"yoast-schema-graph\">{\"@context\":\"https:\\\/\\\/schema.org\",\"@graph\":[{\"@type\":\"Article\",\"@id\":\"https:\\\/\\\/www.organisator.ch\\\/en\\\/general\\\/2019-06-17\\\/erster-swiss-medical-spa-hospitality-think-tank\\\/#article\",\"isPartOf\":{\"@id\":\"https:\\\/\\\/www.organisator.ch\\\/en\\\/general\\\/2019-06-17\\\/erster-swiss-medical-spa-hospitality-think-tank\\\/\"},\"author\":{\"name\":\"michael.merz\",\"@id\":\"https:\\\/\\\/www.organisator.ch\\\/#\\\/schema\\\/person\\\/134708ca9321c57b0362cceb7948ffbd\"},\"headline\":\"Erster Swiss Medical Spa &#038; Hospitality Think Tank\",\"datePublished\":\"2019-06-17T09:20:25+00:00\",\"mainEntityOfPage\":{\"@id\":\"https:\\\/\\\/www.organisator.ch\\\/en\\\/general\\\/2019-06-17\\\/erster-swiss-medical-spa-hospitality-think-tank\\\/\"},\"wordCount\":879,\"commentCount\":0,\"publisher\":{\"@id\":\"https:\\\/\\\/www.organisator.ch\\\/#organization\"},\"image\":{\"@id\":\"https:\\\/\\\/www.organisator.ch\\\/en\\\/general\\\/2019-06-17\\\/erster-swiss-medical-spa-hospitality-think-tank\\\/#primaryimage\"},\"thumbnailUrl\":\"https:\\\/\\\/www.organisator.ch\\\/wp-content\\\/uploads\\\/2019\\\/06\\\/Swiss-Medical-Spa-Hospitality-Think-Tank-UP_Umwelt-Perspektiven_neu.jpg\",\"keywords\":[\"Health\",\"Hospitality\",\"Medical Spa\",\"Nachhaltige Hotellerie\",\"Schweiz\"],\"articleSection\":[\"Allgemein\"],\"inLanguage\":\"en-US\"},{\"@type\":\"WebPage\",\"@id\":\"https:\\\/\\\/www.organisator.ch\\\/en\\\/general\\\/2019-06-17\\\/erster-swiss-medical-spa-hospitality-think-tank\\\/\",\"url\":\"https:\\\/\\\/www.organisator.ch\\\/en\\\/general\\\/2019-06-17\\\/erster-swiss-medical-spa-hospitality-think-tank\\\/\",\"name\":\"Erster Swiss Medical Spa & Hospitality Think Tank - Organisator\",\"isPartOf\":{\"@id\":\"https:\\\/\\\/www.organisator.ch\\\/#website\"},\"primaryImageOfPage\":{\"@id\":\"https:\\\/\\\/www.organisator.ch\\\/en\\\/general\\\/2019-06-17\\\/erster-swiss-medical-spa-hospitality-think-tank\\\/#primaryimage\"},\"image\":{\"@id\":\"https:\\\/\\\/www.organisator.ch\\\/en\\\/general\\\/2019-06-17\\\/erster-swiss-medical-spa-hospitality-think-tank\\\/#primaryimage\"},\"thumbnailUrl\":\"https:\\\/\\\/www.organisator.ch\\\/wp-content\\\/uploads\\\/2019\\\/06\\\/Swiss-Medical-Spa-Hospitality-Think-Tank-UP_Umwelt-Perspektiven_neu.jpg\",\"datePublished\":\"2019-06-17T09:20:25+00:00\",\"description\":\"Die EHL Swiss School of Tourism and Hospitality (SSTH) f\u00fchrte am 6. Juni 2019 den ersten Swiss Medical Spa & Hospitality Think Tank durch.\",\"breadcrumb\":{\"@id\":\"https:\\\/\\\/www.organisator.ch\\\/en\\\/general\\\/2019-06-17\\\/erster-swiss-medical-spa-hospitality-think-tank\\\/#breadcrumb\"},\"inLanguage\":\"en-US\",\"potentialAction\":[{\"@type\":\"ReadAction\",\"target\":[\"https:\\\/\\\/www.organisator.ch\\\/en\\\/general\\\/2019-06-17\\\/erster-swiss-medical-spa-hospitality-think-tank\\\/\"]}]},{\"@type\":\"ImageObject\",\"inLanguage\":\"en-US\",\"@id\":\"https:\\\/\\\/www.organisator.ch\\\/en\\\/general\\\/2019-06-17\\\/erster-swiss-medical-spa-hospitality-think-tank\\\/#primaryimage\",\"url\":\"https:\\\/\\\/www.organisator.ch\\\/wp-content\\\/uploads\\\/2019\\\/06\\\/Swiss-Medical-Spa-Hospitality-Think-Tank-UP_Umwelt-Perspektiven_neu.jpg\",\"contentUrl\":\"https:\\\/\\\/www.organisator.ch\\\/wp-content\\\/uploads\\\/2019\\\/06\\\/Swiss-Medical-Spa-Hospitality-Think-Tank-UP_Umwelt-Perspektiven_neu.jpg\",\"width\":640,\"height\":400,\"caption\":\"Der Tagungsort des ersten Swiss Medical Spa Hospitality & Think Tanks: Die EHL Swiss School of Tourism and Hospitality in Chur-Passugg. (Bild: EHL Swiss School of Tourism and Hospitality)\"},{\"@type\":\"BreadcrumbList\",\"@id\":\"https:\\\/\\\/www.organisator.ch\\\/en\\\/general\\\/2019-06-17\\\/erster-swiss-medical-spa-hospitality-think-tank\\\/#breadcrumb\",\"itemListElement\":[{\"@type\":\"ListItem\",\"position\":1,\"name\":\"Home\",\"item\":\"https:\\\/\\\/www.organisator.ch\\\/\"},{\"@type\":\"ListItem\",\"position\":2,\"name\":\"Erster Swiss Medical Spa &#038; Hospitality Think Tank\"}]},{\"@type\":\"WebSite\",\"@id\":\"https:\\\/\\\/www.organisator.ch\\\/#website\",\"url\":\"https:\\\/\\\/www.organisator.ch\\\/\",\"name\":\"Organisator\",\"description\":\"Kompetent. Praxisnah. Der ORGANISATOR bereitet in 10 Ausgaben pro Jahr die wesentlichen Themen f\u00fcr F\u00fchrungskr\u00e4fte von KMU auf.\",\"publisher\":{\"@id\":\"https:\\\/\\\/www.organisator.ch\\\/#organization\"},\"potentialAction\":[{\"@type\":\"SearchAction\",\"target\":{\"@type\":\"EntryPoint\",\"urlTemplate\":\"https:\\\/\\\/www.organisator.ch\\\/?s={search_term_string}\"},\"query-input\":{\"@type\":\"PropertyValueSpecification\",\"valueRequired\":true,\"valueName\":\"search_term_string\"}}],\"inLanguage\":\"en-US\"},{\"@type\":\"Organization\",\"@id\":\"https:\\\/\\\/www.organisator.ch\\\/#organization\",\"name\":\"Organisator\",\"url\":\"https:\\\/\\\/www.organisator.ch\\\/\",\"logo\":{\"@type\":\"ImageObject\",\"inLanguage\":\"en-US\",\"@id\":\"https:\\\/\\\/www.organisator.ch\\\/#\\\/schema\\\/logo\\\/image\\\/\",\"url\":\"https:\\\/\\\/www.organisator.ch\\\/wp-content\\\/uploads\\\/2022\\\/01\\\/Logo_Organisator_Website.png\",\"contentUrl\":\"https:\\\/\\\/www.organisator.ch\\\/wp-content\\\/uploads\\\/2022\\\/01\\\/Logo_Organisator_Website.png\",\"width\":800,\"height\":77,\"caption\":\"Organisator\"},\"image\":{\"@id\":\"https:\\\/\\\/www.organisator.ch\\\/#\\\/schema\\\/logo\\\/image\\\/\"},\"sameAs\":[\"https:\\\/\\\/www.facebook.com\\\/OrganisatorFachmagazin\",\"https:\\\/\\\/www.linkedin.com\\\/showcase\\\/organisator-das-magazin-fr-kmu\",\"https:\\\/\\\/www.xing.com\\\/news\\\/pages\\\/organisator-ch-695\",\"https:\\\/\\\/www.youtube.com\\\/channel\\\/UCGP2Sq0iWaZwT3BdIAQFYpw\"]},{\"@type\":\"Person\",\"@id\":\"https:\\\/\\\/www.organisator.ch\\\/#\\\/schema\\\/person\\\/134708ca9321c57b0362cceb7948ffbd\",\"name\":\"michael.merz\",\"image\":{\"@type\":\"ImageObject\",\"inLanguage\":\"en-US\",\"@id\":\"https:\\\/\\\/secure.gravatar.com\\\/avatar\\\/?s=96&d=mm&r=g\",\"url\":\"https:\\\/\\\/secure.gravatar.com\\\/avatar\\\/?s=96&d=mm&r=g\",\"contentUrl\":\"https:\\\/\\\/secure.gravatar.com\\\/avatar\\\/?s=96&d=mm&r=g\",\"caption\":\"michael.merz\"},\"url\":\"https:\\\/\\\/www.organisator.ch\\\/en\\\/author\\\/michael-merz\\\/\"}]}<\/script>\n<!-- \/ Yoast SEO plugin. -->","yoast_head_json":{"title":"First Swiss Medical Spa &amp; Hospitality Think Tank - Organizer","description":"The EHL Swiss School of Tourism and Hospitality (SSTH) held the first Swiss Medical Spa &amp; Hospitality Think Tank on June 6, 2019.","robots":{"index":"index","follow":"follow","max-snippet":"max-snippet:-1","max-image-preview":"max-image-preview:large","max-video-preview":"max-video-preview:-1"},"canonical":"https:\/\/www.organisator.ch\/en\/general\/2019-06-17\/erster-swiss-medical-spa-hospitality-think-tank\/","og_locale":"en_US","og_type":"article","og_title":"Erster Swiss Medical Spa & Hospitality Think Tank - Organisator","og_description":"Die EHL Swiss School of Tourism and Hospitality (SSTH) f\u00fchrte am 6. Juni 2019 den ersten Swiss Medical Spa & Hospitality Think Tank durch.","og_url":"https:\/\/www.organisator.ch\/en\/general\/2019-06-17\/erster-swiss-medical-spa-hospitality-think-tank\/","og_site_name":"Organisator","article_publisher":"https:\/\/www.facebook.com\/OrganisatorFachmagazin","article_published_time":"2019-06-17T09:20:25+00:00","og_image":[{"width":640,"height":400,"url":"https:\/\/www.organisator.ch\/wp-content\/uploads\/2019\/06\/Swiss-Medical-Spa-Hospitality-Think-Tank-UP_Umwelt-Perspektiven_neu.jpg","type":"image\/jpeg"}],"author":"michael.merz","twitter_card":"summary_large_image","schema":{"@context":"https:\/\/schema.org","@graph":[{"@type":"Article","@id":"https:\/\/www.organisator.ch\/en\/general\/2019-06-17\/erster-swiss-medical-spa-hospitality-think-tank\/#article","isPartOf":{"@id":"https:\/\/www.organisator.ch\/en\/general\/2019-06-17\/erster-swiss-medical-spa-hospitality-think-tank\/"},"author":{"name":"michael.merz","@id":"https:\/\/www.organisator.ch\/#\/schema\/person\/134708ca9321c57b0362cceb7948ffbd"},"headline":"Erster Swiss Medical Spa &#038; Hospitality Think Tank","datePublished":"2019-06-17T09:20:25+00:00","mainEntityOfPage":{"@id":"https:\/\/www.organisator.ch\/en\/general\/2019-06-17\/erster-swiss-medical-spa-hospitality-think-tank\/"},"wordCount":879,"commentCount":0,"publisher":{"@id":"https:\/\/www.organisator.ch\/#organization"},"image":{"@id":"https:\/\/www.organisator.ch\/en\/general\/2019-06-17\/erster-swiss-medical-spa-hospitality-think-tank\/#primaryimage"},"thumbnailUrl":"https:\/\/www.organisator.ch\/wp-content\/uploads\/2019\/06\/Swiss-Medical-Spa-Hospitality-Think-Tank-UP_Umwelt-Perspektiven_neu.jpg","keywords":["Health","Hospitality","Medical Spa","Nachhaltige Hotellerie","Schweiz"],"articleSection":["Allgemein"],"inLanguage":"en-US"},{"@type":"WebPage","@id":"https:\/\/www.organisator.ch\/en\/general\/2019-06-17\/erster-swiss-medical-spa-hospitality-think-tank\/","url":"https:\/\/www.organisator.ch\/en\/general\/2019-06-17\/erster-swiss-medical-spa-hospitality-think-tank\/","name":"First Swiss Medical Spa &amp; Hospitality Think Tank - Organizer","isPartOf":{"@id":"https:\/\/www.organisator.ch\/#website"},"primaryImageOfPage":{"@id":"https:\/\/www.organisator.ch\/en\/general\/2019-06-17\/erster-swiss-medical-spa-hospitality-think-tank\/#primaryimage"},"image":{"@id":"https:\/\/www.organisator.ch\/en\/general\/2019-06-17\/erster-swiss-medical-spa-hospitality-think-tank\/#primaryimage"},"thumbnailUrl":"https:\/\/www.organisator.ch\/wp-content\/uploads\/2019\/06\/Swiss-Medical-Spa-Hospitality-Think-Tank-UP_Umwelt-Perspektiven_neu.jpg","datePublished":"2019-06-17T09:20:25+00:00","description":"The EHL Swiss School of Tourism and Hospitality (SSTH) held the first Swiss Medical Spa &amp; Hospitality Think Tank on June 6, 2019.","breadcrumb":{"@id":"https:\/\/www.organisator.ch\/en\/general\/2019-06-17\/erster-swiss-medical-spa-hospitality-think-tank\/#breadcrumb"},"inLanguage":"en-US","potentialAction":[{"@type":"ReadAction","target":["https:\/\/www.organisator.ch\/en\/general\/2019-06-17\/erster-swiss-medical-spa-hospitality-think-tank\/"]}]},{"@type":"ImageObject","inLanguage":"en-US","@id":"https:\/\/www.organisator.ch\/en\/general\/2019-06-17\/erster-swiss-medical-spa-hospitality-think-tank\/#primaryimage","url":"https:\/\/www.organisator.ch\/wp-content\/uploads\/2019\/06\/Swiss-Medical-Spa-Hospitality-Think-Tank-UP_Umwelt-Perspektiven_neu.jpg","contentUrl":"https:\/\/www.organisator.ch\/wp-content\/uploads\/2019\/06\/Swiss-Medical-Spa-Hospitality-Think-Tank-UP_Umwelt-Perspektiven_neu.jpg","width":640,"height":400,"caption":"Der Tagungsort des ersten Swiss Medical Spa Hospitality & Think Tanks: Die EHL Swiss School of Tourism and Hospitality in Chur-Passugg. (Bild: EHL Swiss School of Tourism and Hospitality)"},{"@type":"BreadcrumbList","@id":"https:\/\/www.organisator.ch\/en\/general\/2019-06-17\/erster-swiss-medical-spa-hospitality-think-tank\/#breadcrumb","itemListElement":[{"@type":"ListItem","position":1,"name":"Home","item":"https:\/\/www.organisator.ch\/"},{"@type":"ListItem","position":2,"name":"Erster Swiss Medical Spa &#038; Hospitality Think Tank"}]},{"@type":"WebSite","@id":"https:\/\/www.organisator.ch\/#website","url":"https:\/\/www.organisator.ch\/","name":"Organizer","description":"Competent. Practical. In 10 issues per year, ORGANISATOR presents the essential topics for managers of SMEs.","publisher":{"@id":"https:\/\/www.organisator.ch\/#organization"},"potentialAction":[{"@type":"SearchAction","target":{"@type":"EntryPoint","urlTemplate":"https:\/\/www.organisator.ch\/?s={search_term_string}"},"query-input":{"@type":"PropertyValueSpecification","valueRequired":true,"valueName":"search_term_string"}}],"inLanguage":"en-US"},{"@type":"Organization","@id":"https:\/\/www.organisator.ch\/#organization","name":"Organizer","url":"https:\/\/www.organisator.ch\/","logo":{"@type":"ImageObject","inLanguage":"en-US","@id":"https:\/\/www.organisator.ch\/#\/schema\/logo\/image\/","url":"https:\/\/www.organisator.ch\/wp-content\/uploads\/2022\/01\/Logo_Organisator_Website.png","contentUrl":"https:\/\/www.organisator.ch\/wp-content\/uploads\/2022\/01\/Logo_Organisator_Website.png","width":800,"height":77,"caption":"Organisator"},"image":{"@id":"https:\/\/www.organisator.ch\/#\/schema\/logo\/image\/"},"sameAs":["https:\/\/www.facebook.com\/OrganisatorFachmagazin","https:\/\/www.linkedin.com\/showcase\/organisator-das-magazin-fr-kmu","https:\/\/www.xing.com\/news\/pages\/organisator-ch-695","https:\/\/www.youtube.com\/channel\/UCGP2Sq0iWaZwT3BdIAQFYpw"]},{"@type":"Person","@id":"https:\/\/www.organisator.ch\/#\/schema\/person\/134708ca9321c57b0362cceb7948ffbd","name":"michael.merz","image":{"@type":"ImageObject","inLanguage":"en-US","@id":"https:\/\/secure.gravatar.com\/avatar\/?s=96&d=mm&r=g","url":"https:\/\/secure.gravatar.com\/avatar\/?s=96&d=mm&r=g","contentUrl":"https:\/\/secure.gravatar.com\/avatar\/?s=96&d=mm&r=g","caption":"michael.merz"},"url":"https:\/\/www.organisator.ch\/en\/author\/michael-merz\/"}]}},"_links":{"self":[{"href":"https:\/\/www.organisator.ch\/en\/wp-json\/wp\/v2\/posts\/2202","targetHints":{"allow":["GET"]}}],"collection":[{"href":"https:\/\/www.organisator.ch\/en\/wp-json\/wp\/v2\/posts"}],"about":[{"href":"https:\/\/www.organisator.ch\/en\/wp-json\/wp\/v2\/types\/post"}],"author":[{"embeddable":true,"href":"https:\/\/www.organisator.ch\/en\/wp-json\/wp\/v2\/users\/5"}],"replies":[{"embeddable":true,"href":"https:\/\/www.organisator.ch\/en\/wp-json\/wp\/v2\/comments?post=2202"}],"version-history":[{"count":0,"href":"https:\/\/www.organisator.ch\/en\/wp-json\/wp\/v2\/posts\/2202\/revisions"}],"wp:featuredmedia":[{"embeddable":true,"href":"https:\/\/www.organisator.ch\/en\/wp-json\/wp\/v2\/media\/9616"}],"wp:attachment":[{"href":"https:\/\/www.organisator.ch\/en\/wp-json\/wp\/v2\/media?parent=2202"}],"wp:term":[{"taxonomy":"category","embeddable":true,"href":"https:\/\/www.organisator.ch\/en\/wp-json\/wp\/v2\/categories?post=2202"},{"taxonomy":"post_tag","embeddable":true,"href":"https:\/\/www.organisator.ch\/en\/wp-json\/wp\/v2\/tags?post=2202"}],"curies":[{"name":"wp","href":"https:\/\/api.w.org\/{rel}","templated":true}]}}