{"id":22058,"date":"2023-09-29T16:16:16","date_gmt":"2023-09-29T14:16:16","guid":{"rendered":"https:\/\/www.organisator.ch\/?p=22058"},"modified":"2023-10-23T11:11:47","modified_gmt":"2023-10-23T09:11:47","slug":"die-verknuepfung-von-geschaeftsstrategie-und-personalbedarf","status":"publish","type":"post","link":"https:\/\/www.organisator.ch\/en\/human-resources\/2023-09-29\/die-verknuepfung-von-geschaeftsstrategie-und-personalbedarf\/","title":{"rendered":"The link between business strategy and personnel requirements"},"content":{"rendered":"<figure id=\"attachment_22059\" aria-describedby=\"caption-attachment-22059\" style=\"width: 680px\" class=\"wp-caption alignnone\"><img loading=\"lazy\" decoding=\"async\" class=\"size-full wp-image-22059\" src=\"https:\/\/www.organisator.ch\/wp-content\/uploads\/2023\/09\/Personaltag_Bild1_ps.jpg\" alt=\"\" width=\"680\" height=\"453\" srcset=\"https:\/\/www.organisator.ch\/wp-content\/uploads\/2023\/09\/Personaltag_Bild1_ps.jpg 680w, https:\/\/www.organisator.ch\/wp-content\/uploads\/2023\/09\/Personaltag_Bild1_ps-18x12.jpg 18w, https:\/\/www.organisator.ch\/wp-content\/uploads\/2023\/09\/Personaltag_Bild1_ps-375x250.jpg 375w, https:\/\/www.organisator.ch\/wp-content\/uploads\/2023\/09\/Personaltag_Bild1_ps-525x350.jpg 525w\" sizes=\"auto, (max-width: 680px) 100vw, 680px\" \/><figcaption id=\"caption-attachment-22059\" class=\"wp-caption-text\">19th East Switzerland Personnel Day. (Image: www.personaltag.ch)<\/figcaption><\/figure>\n<p>The hall in St.Gallen's Olma Hall 9.1 was filled almost to capacity. Proof enough that the topic of this year's East Switzerland HR Day aroused the interest of HR professionals: \"When staff is missing and work remains. Personnel development in focus\". Because when it comes to retaining existing employees and developing them, many companies still have some catching up to do. Sibylle Olbert-Bock from the OST University of Applied Sciences pointed this out in her introduction to the conference and referred to a recent study.<\/p>\n<figure id=\"attachment_22060\" aria-describedby=\"caption-attachment-22060\" style=\"width: 680px\" class=\"wp-caption alignnone\"><img loading=\"lazy\" decoding=\"async\" class=\"size-full wp-image-22060\" src=\"https:\/\/www.organisator.ch\/wp-content\/uploads\/2023\/09\/Personaltag_Bild2_ps.jpg\" alt=\"\" width=\"680\" height=\"453\" srcset=\"https:\/\/www.organisator.ch\/wp-content\/uploads\/2023\/09\/Personaltag_Bild2_ps.jpg 680w, https:\/\/www.organisator.ch\/wp-content\/uploads\/2023\/09\/Personaltag_Bild2_ps-18x12.jpg 18w, https:\/\/www.organisator.ch\/wp-content\/uploads\/2023\/09\/Personaltag_Bild2_ps-375x250.jpg 375w, https:\/\/www.organisator.ch\/wp-content\/uploads\/2023\/09\/Personaltag_Bild2_ps-525x350.jpg 525w\" sizes=\"auto, (max-width: 680px) 100vw, 680px\" \/><figcaption id=\"caption-attachment-22060\" class=\"wp-caption-text\">Dr. Kai Berendes - expert for strategic human resource management. (Image: www.personaltag.ch)<\/figcaption><\/figure>\n<p>In the first presentation, Kai Berendes, an expert in strategic HR management, noted that organizations do not sufficiently recognize the gap between staffing levels and staffing needs. Business dynamics, new business models, focus on new topics such as digitalization and sustainability, and HR dynamics are not keeping pace enough. It is therefore advisable to approach business strategy design and workforce planning as closely linked processes. This requires the consideration of different scenarios as well as the possible inclusion of data for better decision making.<\/p>\n<figure id=\"attachment_22061\" aria-describedby=\"caption-attachment-22061\" style=\"width: 680px\" class=\"wp-caption alignnone\"><img loading=\"lazy\" decoding=\"async\" class=\"size-full wp-image-22061\" src=\"https:\/\/www.organisator.ch\/wp-content\/uploads\/2023\/09\/Personaltag_Bild4_ps.jpg\" alt=\"\" width=\"680\" height=\"453\" srcset=\"https:\/\/www.organisator.ch\/wp-content\/uploads\/2023\/09\/Personaltag_Bild4_ps.jpg 680w, https:\/\/www.organisator.ch\/wp-content\/uploads\/2023\/09\/Personaltag_Bild4_ps-18x12.jpg 18w, https:\/\/www.organisator.ch\/wp-content\/uploads\/2023\/09\/Personaltag_Bild4_ps-375x250.jpg 375w, https:\/\/www.organisator.ch\/wp-content\/uploads\/2023\/09\/Personaltag_Bild4_ps-525x350.jpg 525w\" sizes=\"auto, (max-width: 680px) 100vw, 680px\" \/><figcaption id=\"caption-attachment-22061\" class=\"wp-caption-text\">Matthias M\u00f6lleney - Expert for HRM and Leadership, peopleXpert GmbH. (Image: www.personaltag.ch)<\/figcaption><\/figure>\n<p>Leadership expert Matthias M\u00f6lleney, however, had a different opinion on the subject.  He added that a new kind of leadership is needed. He advocated a \"next generation leadership\" that is based less on hierarchies and more on networks, and that focuses less on tasks and results and more on emotions and inspiration. Leadership must be less \"from the front\" and more \"from behind\". M\u00f6lleney therefore saw the guarantee of psychological security as well as respect, trust and appreciation as the strongest factors for team success.<\/p>\n<figure id=\"attachment_22062\" aria-describedby=\"caption-attachment-22062\" style=\"width: 680px\" class=\"wp-caption alignnone\"><img loading=\"lazy\" decoding=\"async\" class=\"size-full wp-image-22062\" src=\"https:\/\/www.organisator.ch\/wp-content\/uploads\/2023\/09\/Personaltag_Bild3_ps.jpg\" alt=\"\" width=\"680\" height=\"453\" srcset=\"https:\/\/www.organisator.ch\/wp-content\/uploads\/2023\/09\/Personaltag_Bild3_ps.jpg 680w, https:\/\/www.organisator.ch\/wp-content\/uploads\/2023\/09\/Personaltag_Bild3_ps-18x12.jpg 18w, https:\/\/www.organisator.ch\/wp-content\/uploads\/2023\/09\/Personaltag_Bild3_ps-375x250.jpg 375w, https:\/\/www.organisator.ch\/wp-content\/uploads\/2023\/09\/Personaltag_Bild3_ps-525x350.jpg 525w\" sizes=\"auto, (max-width: 680px) 100vw, 680px\" \/><figcaption id=\"caption-attachment-22062\" class=\"wp-caption-text\">Barbara Ehrbar-Sutter - Owner and Managing Director Breitenmoser Appenzeller Fleischspezialit\u00e4ten AG. (Image: www.personaltag.ch)<\/figcaption><\/figure>\n<figure id=\"attachment_22063\" aria-describedby=\"caption-attachment-22063\" style=\"width: 680px\" class=\"wp-caption alignnone\"><img loading=\"lazy\" decoding=\"async\" class=\"size-full wp-image-22063\" src=\"https:\/\/www.organisator.ch\/wp-content\/uploads\/2023\/09\/Personaltag_Bild5_ps.jpg\" alt=\"\" width=\"680\" height=\"453\" srcset=\"https:\/\/www.organisator.ch\/wp-content\/uploads\/2023\/09\/Personaltag_Bild5_ps.jpg 680w, https:\/\/www.organisator.ch\/wp-content\/uploads\/2023\/09\/Personaltag_Bild5_ps-18x12.jpg 18w, https:\/\/www.organisator.ch\/wp-content\/uploads\/2023\/09\/Personaltag_Bild5_ps-375x250.jpg 375w, https:\/\/www.organisator.ch\/wp-content\/uploads\/2023\/09\/Personaltag_Bild5_ps-525x350.jpg 525w\" sizes=\"auto, (max-width: 680px) 100vw, 680px\" \/><figcaption id=\"caption-attachment-22063\" class=\"wp-caption-text\">J\u00fcrg Pauli - Chief Transformation Officer, Galencia AG and Andre Langenegger - Owner IMC Institute for Management &amp; Coaching. (Image: www.personaltag.ch)<\/figcaption><\/figure>\n<p>Two examples showed how this can work in practice. Barbara Ehrbar-Sutter, owner and CEO of Breitenmoser Appenzeller Fleischspezialit\u00e4ten AG, emphasized \"You have to like people\" as her most important credo for a winning corporate culture. The healthcare and logistics group Galenica AG, on the other hand, is in the midst of a transformation process away from patriarchal leadership to servant leadership. Together with coach Andr\u00e9 Langenegger, Chief Transformation Officer J\u00fcrg Pauli reported on the first steps of this change, which requires a lot of tact and staying power.<\/p>\n<figure id=\"attachment_22064\" aria-describedby=\"caption-attachment-22064\" style=\"width: 680px\" class=\"wp-caption alignnone\"><img loading=\"lazy\" decoding=\"async\" class=\"size-full wp-image-22064\" src=\"https:\/\/www.organisator.ch\/wp-content\/uploads\/2023\/09\/Personaltag_Bild6_ps.jpg\" alt=\"\" width=\"680\" height=\"453\" srcset=\"https:\/\/www.organisator.ch\/wp-content\/uploads\/2023\/09\/Personaltag_Bild6_ps.jpg 680w, https:\/\/www.organisator.ch\/wp-content\/uploads\/2023\/09\/Personaltag_Bild6_ps-18x12.jpg 18w, https:\/\/www.organisator.ch\/wp-content\/uploads\/2023\/09\/Personaltag_Bild6_ps-375x250.jpg 375w, https:\/\/www.organisator.ch\/wp-content\/uploads\/2023\/09\/Personaltag_Bild6_ps-525x350.jpg 525w\" sizes=\"auto, (max-width: 680px) 100vw, 680px\" \/><figcaption id=\"caption-attachment-22064\" class=\"wp-caption-text\">Prof. Dr. Dr. Manfred Spitzer - brain researcher, neuroscientist and author. (Image: www.personaltag.ch)<\/figcaption><\/figure>\n<p>Finally, Prof. Dr. Dr. Manfred Spitzer, neuroscientist and author, explained that it is never too late to learn new things. Thanks to the \"neuroplasticity\" of our brain, it \"cannot not learn. The prerequisite, however, is that you train it throughout your life: The more that is already in it, the more it can absorb; \"if nothing is in it, nothing fits in it,\" said Spitzer, warning against placing too much emphasis on digitization and artificial intelligence in preschool education.<\/p>\n<p>Companies can effectively shape their HR policies by focusing on the needs of employees, actively listening to their concerns and promoting lifelong learning.<\/p>\n<p><em>Source: <a href=\"https:\/\/www.personaltag.ch\/\">www.personaltag.ch<\/a><\/em><\/p>","protected":false},"excerpt":{"rendered":"<p>At the 19th East Switzerland Personnel Day, which took place on September 28, 2023 in St.Gallen, the question \"How to shape personnel management in times of a shortage of skilled workers?\" was the most discussed question, as well as many others. The focus was on the shortage of specialists and workers, but this time less from a recruitment perspective. The Ostschweizer Personaltag is one of the most important human resources conferences in eastern Switzerland.<\/p>","protected":false},"author":58,"featured_media":22059,"comment_status":"closed","ping_status":"closed","sticky":false,"template":"","format":"standard","meta":{"_acf_changed":false,"_yoast_wpseo_focuskw":"Ostschweizer Personaltag","_yoast_wpseo_metadesc":"Der Ostschweizer Personaltag ist eine der bedeutendsten Personalfachtagungen in der Ostschweiz. Im Fokus: Das Thema Personalentwicklung","articlekey":"","footnotes":""},"categories":[579],"tags":[193,194,320,334,2777,496],"class_list":["post-22058","post","type-post","status-publish","format-standard","has-post-thumbnail","hentry","category-human-resources","tag-fachkongressfachmesse","tag-fachkraeftemangel","tag-leadership","tag-management","tag-personalmanagement","tag-unternehmensfuehrung"],"acf":[],"yoast_head":"<!-- This site is optimized with the Yoast SEO plugin v27.5 - https:\/\/yoast.com\/product\/yoast-seo-wordpress\/ -->\n<title>Die Verkn\u00fcpfung von Gesch\u00e4ftsstrategie und Personalbedarf - Organisator<\/title>\n<meta name=\"description\" content=\"Der Ostschweizer Personaltag ist eine der bedeutendsten Personalfachtagungen in der Ostschweiz. Im Fokus: Das Thema Personalentwicklung\" \/>\n<meta name=\"robots\" content=\"index, follow, max-snippet:-1, max-image-preview:large, max-video-preview:-1\" \/>\n<link rel=\"canonical\" href=\"https:\/\/www.organisator.ch\/en\/human-resources\/2023-09-29\/die-verknuepfung-von-geschaeftsstrategie-und-personalbedarf\/\" \/>\n<meta property=\"og:locale\" content=\"en_US\" \/>\n<meta property=\"og:type\" content=\"article\" \/>\n<meta property=\"og:title\" content=\"Die Verkn\u00fcpfung von Gesch\u00e4ftsstrategie und Personalbedarf\" \/>\n<meta property=\"og:description\" content=\"Der Ostschweizer Personaltag ist eine der bedeutendsten Personalfachtagungen in der Ostschweiz. Im Fokus: Das Thema Personalentwicklung\" \/>\n<meta property=\"og:url\" content=\"https:\/\/www.organisator.ch\/en\/human-resources\/2023-09-29\/die-verknuepfung-von-geschaeftsstrategie-und-personalbedarf\/\" \/>\n<meta property=\"og:site_name\" content=\"Organisator\" \/>\n<meta property=\"article:publisher\" content=\"https:\/\/www.facebook.com\/OrganisatorFachmagazin\" \/>\n<meta property=\"article:published_time\" content=\"2023-09-29T14:16:16+00:00\" \/>\n<meta property=\"article:modified_time\" content=\"2023-10-23T09:11:47+00:00\" \/>\n<meta property=\"og:image\" content=\"https:\/\/www.organisator.ch\/wp-content\/uploads\/2023\/09\/Personaltag_Bild1_ps.jpg\" \/>\n\t<meta property=\"og:image:width\" content=\"680\" \/>\n\t<meta property=\"og:image:height\" content=\"453\" \/>\n\t<meta property=\"og:image:type\" content=\"image\/jpeg\" \/>\n<meta name=\"author\" content=\"Adelisa Kalajdzini\" \/>\n<meta name=\"twitter:card\" content=\"summary_large_image\" \/>\n<meta name=\"twitter:title\" content=\"Die #Verkn\u00fcpfung von #Gesch\u00e4ftsstrategie und #Personalbedarf\" \/>\n<meta name=\"twitter:description\" content=\"Der Ostschweizer #Personaltag ist eine der bedeutendsten #Personalfachtagungen in der Ostschweiz. Im Fokus: Das Thema #Personalentwicklung\" \/>\n<meta name=\"twitter:image\" content=\"https:\/\/www.organisator.ch\/wp-content\/uploads\/2023\/09\/Personaltag_Bild1_ps.jpg\" \/>\n<script type=\"application\/ld+json\" class=\"yoast-schema-graph\">{\"@context\":\"https:\\\/\\\/schema.org\",\"@graph\":[{\"@type\":\"Article\",\"@id\":\"https:\\\/\\\/www.organisator.ch\\\/human-resources\\\/2023-09-29\\\/die-verknuepfung-von-geschaeftsstrategie-und-personalbedarf\\\/#article\",\"isPartOf\":{\"@id\":\"https:\\\/\\\/www.organisator.ch\\\/human-resources\\\/2023-09-29\\\/die-verknuepfung-von-geschaeftsstrategie-und-personalbedarf\\\/\"},\"author\":{\"name\":\"Adelisa Kalajdzini\",\"@id\":\"https:\\\/\\\/www.organisator.ch\\\/#\\\/schema\\\/person\\\/2e1314a2172123f874db408d8911d3f3\"},\"headline\":\"Die Verkn\u00fcpfung von Gesch\u00e4ftsstrategie und Personalbedarf\",\"datePublished\":\"2023-09-29T14:16:16+00:00\",\"dateModified\":\"2023-10-23T09:11:47+00:00\",\"mainEntityOfPage\":{\"@id\":\"https:\\\/\\\/www.organisator.ch\\\/human-resources\\\/2023-09-29\\\/die-verknuepfung-von-geschaeftsstrategie-und-personalbedarf\\\/\"},\"wordCount\":601,\"publisher\":{\"@id\":\"https:\\\/\\\/www.organisator.ch\\\/#organization\"},\"image\":{\"@id\":\"https:\\\/\\\/www.organisator.ch\\\/human-resources\\\/2023-09-29\\\/die-verknuepfung-von-geschaeftsstrategie-und-personalbedarf\\\/#primaryimage\"},\"thumbnailUrl\":\"https:\\\/\\\/www.organisator.ch\\\/wp-content\\\/uploads\\\/2023\\\/09\\\/Personaltag_Bild1_ps.jpg\",\"keywords\":[\"Fachkongress\\\/Fachmesse\",\"Fachkr\u00e4ftemangel\",\"Leadership\",\"Management\",\"Personalmanagement\",\"Unternehmensf\u00fchrung\"],\"articleSection\":[\"HUMAN RESOURCES\"],\"inLanguage\":\"en-US\"},{\"@type\":\"WebPage\",\"@id\":\"https:\\\/\\\/www.organisator.ch\\\/human-resources\\\/2023-09-29\\\/die-verknuepfung-von-geschaeftsstrategie-und-personalbedarf\\\/\",\"url\":\"https:\\\/\\\/www.organisator.ch\\\/human-resources\\\/2023-09-29\\\/die-verknuepfung-von-geschaeftsstrategie-und-personalbedarf\\\/\",\"name\":\"Die Verkn\u00fcpfung von Gesch\u00e4ftsstrategie und Personalbedarf - Organisator\",\"isPartOf\":{\"@id\":\"https:\\\/\\\/www.organisator.ch\\\/#website\"},\"primaryImageOfPage\":{\"@id\":\"https:\\\/\\\/www.organisator.ch\\\/human-resources\\\/2023-09-29\\\/die-verknuepfung-von-geschaeftsstrategie-und-personalbedarf\\\/#primaryimage\"},\"image\":{\"@id\":\"https:\\\/\\\/www.organisator.ch\\\/human-resources\\\/2023-09-29\\\/die-verknuepfung-von-geschaeftsstrategie-und-personalbedarf\\\/#primaryimage\"},\"thumbnailUrl\":\"https:\\\/\\\/www.organisator.ch\\\/wp-content\\\/uploads\\\/2023\\\/09\\\/Personaltag_Bild1_ps.jpg\",\"datePublished\":\"2023-09-29T14:16:16+00:00\",\"dateModified\":\"2023-10-23T09:11:47+00:00\",\"description\":\"Der Ostschweizer Personaltag ist eine der bedeutendsten Personalfachtagungen in der Ostschweiz. Im Fokus: Das Thema Personalentwicklung\",\"breadcrumb\":{\"@id\":\"https:\\\/\\\/www.organisator.ch\\\/human-resources\\\/2023-09-29\\\/die-verknuepfung-von-geschaeftsstrategie-und-personalbedarf\\\/#breadcrumb\"},\"inLanguage\":\"en-US\",\"potentialAction\":[{\"@type\":\"ReadAction\",\"target\":[\"https:\\\/\\\/www.organisator.ch\\\/human-resources\\\/2023-09-29\\\/die-verknuepfung-von-geschaeftsstrategie-und-personalbedarf\\\/\"]}]},{\"@type\":\"ImageObject\",\"inLanguage\":\"en-US\",\"@id\":\"https:\\\/\\\/www.organisator.ch\\\/human-resources\\\/2023-09-29\\\/die-verknuepfung-von-geschaeftsstrategie-und-personalbedarf\\\/#primaryimage\",\"url\":\"https:\\\/\\\/www.organisator.ch\\\/wp-content\\\/uploads\\\/2023\\\/09\\\/Personaltag_Bild1_ps.jpg\",\"contentUrl\":\"https:\\\/\\\/www.organisator.ch\\\/wp-content\\\/uploads\\\/2023\\\/09\\\/Personaltag_Bild1_ps.jpg\",\"width\":680,\"height\":453,\"caption\":\"19. Ostschweizer Personaltag. (Bild: www.personaltag.ch)\"},{\"@type\":\"BreadcrumbList\",\"@id\":\"https:\\\/\\\/www.organisator.ch\\\/human-resources\\\/2023-09-29\\\/die-verknuepfung-von-geschaeftsstrategie-und-personalbedarf\\\/#breadcrumb\",\"itemListElement\":[{\"@type\":\"ListItem\",\"position\":1,\"name\":\"Home\",\"item\":\"https:\\\/\\\/www.organisator.ch\\\/\"},{\"@type\":\"ListItem\",\"position\":2,\"name\":\"Die Verkn\u00fcpfung von Gesch\u00e4ftsstrategie und Personalbedarf\"}]},{\"@type\":\"WebSite\",\"@id\":\"https:\\\/\\\/www.organisator.ch\\\/#website\",\"url\":\"https:\\\/\\\/www.organisator.ch\\\/\",\"name\":\"Organisator\",\"description\":\"Kompetent. Praxisnah. Der ORGANISATOR bereitet in 10 Ausgaben pro Jahr die wesentlichen Themen f\u00fcr F\u00fchrungskr\u00e4fte von KMU auf.\",\"publisher\":{\"@id\":\"https:\\\/\\\/www.organisator.ch\\\/#organization\"},\"potentialAction\":[{\"@type\":\"SearchAction\",\"target\":{\"@type\":\"EntryPoint\",\"urlTemplate\":\"https:\\\/\\\/www.organisator.ch\\\/?s={search_term_string}\"},\"query-input\":{\"@type\":\"PropertyValueSpecification\",\"valueRequired\":true,\"valueName\":\"search_term_string\"}}],\"inLanguage\":\"en-US\"},{\"@type\":\"Organization\",\"@id\":\"https:\\\/\\\/www.organisator.ch\\\/#organization\",\"name\":\"Organisator\",\"url\":\"https:\\\/\\\/www.organisator.ch\\\/\",\"logo\":{\"@type\":\"ImageObject\",\"inLanguage\":\"en-US\",\"@id\":\"https:\\\/\\\/www.organisator.ch\\\/#\\\/schema\\\/logo\\\/image\\\/\",\"url\":\"https:\\\/\\\/www.organisator.ch\\\/wp-content\\\/uploads\\\/2022\\\/01\\\/Logo_Organisator_Website.png\",\"contentUrl\":\"https:\\\/\\\/www.organisator.ch\\\/wp-content\\\/uploads\\\/2022\\\/01\\\/Logo_Organisator_Website.png\",\"width\":800,\"height\":77,\"caption\":\"Organisator\"},\"image\":{\"@id\":\"https:\\\/\\\/www.organisator.ch\\\/#\\\/schema\\\/logo\\\/image\\\/\"},\"sameAs\":[\"https:\\\/\\\/www.facebook.com\\\/OrganisatorFachmagazin\",\"https:\\\/\\\/www.linkedin.com\\\/showcase\\\/organisator-das-magazin-fr-kmu\",\"https:\\\/\\\/www.xing.com\\\/news\\\/pages\\\/organisator-ch-695\",\"https:\\\/\\\/www.youtube.com\\\/channel\\\/UCGP2Sq0iWaZwT3BdIAQFYpw\"]},{\"@type\":\"Person\",\"@id\":\"https:\\\/\\\/www.organisator.ch\\\/#\\\/schema\\\/person\\\/2e1314a2172123f874db408d8911d3f3\",\"name\":\"Adelisa Kalajdzini\",\"image\":{\"@type\":\"ImageObject\",\"inLanguage\":\"en-US\",\"@id\":\"https:\\\/\\\/secure.gravatar.com\\\/avatar\\\/09a397c22ac58cad6f160ee8306348599df9df58a8ede73696226897b9fa4b24?s=96&d=mm&r=g\",\"url\":\"https:\\\/\\\/secure.gravatar.com\\\/avatar\\\/09a397c22ac58cad6f160ee8306348599df9df58a8ede73696226897b9fa4b24?s=96&d=mm&r=g\",\"contentUrl\":\"https:\\\/\\\/secure.gravatar.com\\\/avatar\\\/09a397c22ac58cad6f160ee8306348599df9df58a8ede73696226897b9fa4b24?s=96&d=mm&r=g\",\"caption\":\"Adelisa Kalajdzini\"},\"url\":\"https:\\\/\\\/www.organisator.ch\\\/en\\\/author\\\/adelisa-kalajdzini\\\/\"}]}<\/script>\n<!-- \/ Yoast SEO plugin. -->","yoast_head_json":{"title":"The link between business strategy and staffing needs - Organizer","description":"The Ostschweizer Personaltag is one of the most important HR conferences in Eastern Switzerland. In focus: The topic of personnel development","robots":{"index":"index","follow":"follow","max-snippet":"max-snippet:-1","max-image-preview":"max-image-preview:large","max-video-preview":"max-video-preview:-1"},"canonical":"https:\/\/www.organisator.ch\/en\/human-resources\/2023-09-29\/die-verknuepfung-von-geschaeftsstrategie-und-personalbedarf\/","og_locale":"en_US","og_type":"article","og_title":"Die Verkn\u00fcpfung von Gesch\u00e4ftsstrategie und Personalbedarf","og_description":"Der Ostschweizer Personaltag ist eine der bedeutendsten Personalfachtagungen in der Ostschweiz. Im Fokus: Das Thema Personalentwicklung","og_url":"https:\/\/www.organisator.ch\/en\/human-resources\/2023-09-29\/die-verknuepfung-von-geschaeftsstrategie-und-personalbedarf\/","og_site_name":"Organisator","article_publisher":"https:\/\/www.facebook.com\/OrganisatorFachmagazin","article_published_time":"2023-09-29T14:16:16+00:00","article_modified_time":"2023-10-23T09:11:47+00:00","og_image":[{"width":680,"height":453,"url":"https:\/\/www.organisator.ch\/wp-content\/uploads\/2023\/09\/Personaltag_Bild1_ps.jpg","type":"image\/jpeg"}],"author":"Adelisa Kalajdzini","twitter_card":"summary_large_image","twitter_title":"Die #Verkn\u00fcpfung von #Gesch\u00e4ftsstrategie und #Personalbedarf","twitter_description":"Der Ostschweizer #Personaltag ist eine der bedeutendsten #Personalfachtagungen in der Ostschweiz. Im Fokus: Das Thema #Personalentwicklung","twitter_image":"https:\/\/www.organisator.ch\/wp-content\/uploads\/2023\/09\/Personaltag_Bild1_ps.jpg","schema":{"@context":"https:\/\/schema.org","@graph":[{"@type":"Article","@id":"https:\/\/www.organisator.ch\/human-resources\/2023-09-29\/die-verknuepfung-von-geschaeftsstrategie-und-personalbedarf\/#article","isPartOf":{"@id":"https:\/\/www.organisator.ch\/human-resources\/2023-09-29\/die-verknuepfung-von-geschaeftsstrategie-und-personalbedarf\/"},"author":{"name":"Adelisa Kalajdzini","@id":"https:\/\/www.organisator.ch\/#\/schema\/person\/2e1314a2172123f874db408d8911d3f3"},"headline":"Die Verkn\u00fcpfung von Gesch\u00e4ftsstrategie und Personalbedarf","datePublished":"2023-09-29T14:16:16+00:00","dateModified":"2023-10-23T09:11:47+00:00","mainEntityOfPage":{"@id":"https:\/\/www.organisator.ch\/human-resources\/2023-09-29\/die-verknuepfung-von-geschaeftsstrategie-und-personalbedarf\/"},"wordCount":601,"publisher":{"@id":"https:\/\/www.organisator.ch\/#organization"},"image":{"@id":"https:\/\/www.organisator.ch\/human-resources\/2023-09-29\/die-verknuepfung-von-geschaeftsstrategie-und-personalbedarf\/#primaryimage"},"thumbnailUrl":"https:\/\/www.organisator.ch\/wp-content\/uploads\/2023\/09\/Personaltag_Bild1_ps.jpg","keywords":["Fachkongress\/Fachmesse","Fachkr\u00e4ftemangel","Leadership","Management","Personalmanagement","Unternehmensf\u00fchrung"],"articleSection":["HUMAN RESOURCES"],"inLanguage":"en-US"},{"@type":"WebPage","@id":"https:\/\/www.organisator.ch\/human-resources\/2023-09-29\/die-verknuepfung-von-geschaeftsstrategie-und-personalbedarf\/","url":"https:\/\/www.organisator.ch\/human-resources\/2023-09-29\/die-verknuepfung-von-geschaeftsstrategie-und-personalbedarf\/","name":"The link between business strategy and staffing needs - Organizer","isPartOf":{"@id":"https:\/\/www.organisator.ch\/#website"},"primaryImageOfPage":{"@id":"https:\/\/www.organisator.ch\/human-resources\/2023-09-29\/die-verknuepfung-von-geschaeftsstrategie-und-personalbedarf\/#primaryimage"},"image":{"@id":"https:\/\/www.organisator.ch\/human-resources\/2023-09-29\/die-verknuepfung-von-geschaeftsstrategie-und-personalbedarf\/#primaryimage"},"thumbnailUrl":"https:\/\/www.organisator.ch\/wp-content\/uploads\/2023\/09\/Personaltag_Bild1_ps.jpg","datePublished":"2023-09-29T14:16:16+00:00","dateModified":"2023-10-23T09:11:47+00:00","description":"The Ostschweizer Personaltag is one of the most important HR conferences in Eastern Switzerland. In focus: The topic of personnel development","breadcrumb":{"@id":"https:\/\/www.organisator.ch\/human-resources\/2023-09-29\/die-verknuepfung-von-geschaeftsstrategie-und-personalbedarf\/#breadcrumb"},"inLanguage":"en-US","potentialAction":[{"@type":"ReadAction","target":["https:\/\/www.organisator.ch\/human-resources\/2023-09-29\/die-verknuepfung-von-geschaeftsstrategie-und-personalbedarf\/"]}]},{"@type":"ImageObject","inLanguage":"en-US","@id":"https:\/\/www.organisator.ch\/human-resources\/2023-09-29\/die-verknuepfung-von-geschaeftsstrategie-und-personalbedarf\/#primaryimage","url":"https:\/\/www.organisator.ch\/wp-content\/uploads\/2023\/09\/Personaltag_Bild1_ps.jpg","contentUrl":"https:\/\/www.organisator.ch\/wp-content\/uploads\/2023\/09\/Personaltag_Bild1_ps.jpg","width":680,"height":453,"caption":"19. Ostschweizer Personaltag. (Bild: www.personaltag.ch)"},{"@type":"BreadcrumbList","@id":"https:\/\/www.organisator.ch\/human-resources\/2023-09-29\/die-verknuepfung-von-geschaeftsstrategie-und-personalbedarf\/#breadcrumb","itemListElement":[{"@type":"ListItem","position":1,"name":"Home","item":"https:\/\/www.organisator.ch\/"},{"@type":"ListItem","position":2,"name":"Die Verkn\u00fcpfung von Gesch\u00e4ftsstrategie und Personalbedarf"}]},{"@type":"WebSite","@id":"https:\/\/www.organisator.ch\/#website","url":"https:\/\/www.organisator.ch\/","name":"Organizer","description":"Competent. Practical. In 10 issues per year, ORGANISATOR presents the essential topics for managers of SMEs.","publisher":{"@id":"https:\/\/www.organisator.ch\/#organization"},"potentialAction":[{"@type":"SearchAction","target":{"@type":"EntryPoint","urlTemplate":"https:\/\/www.organisator.ch\/?s={search_term_string}"},"query-input":{"@type":"PropertyValueSpecification","valueRequired":true,"valueName":"search_term_string"}}],"inLanguage":"en-US"},{"@type":"Organization","@id":"https:\/\/www.organisator.ch\/#organization","name":"Organizer","url":"https:\/\/www.organisator.ch\/","logo":{"@type":"ImageObject","inLanguage":"en-US","@id":"https:\/\/www.organisator.ch\/#\/schema\/logo\/image\/","url":"https:\/\/www.organisator.ch\/wp-content\/uploads\/2022\/01\/Logo_Organisator_Website.png","contentUrl":"https:\/\/www.organisator.ch\/wp-content\/uploads\/2022\/01\/Logo_Organisator_Website.png","width":800,"height":77,"caption":"Organisator"},"image":{"@id":"https:\/\/www.organisator.ch\/#\/schema\/logo\/image\/"},"sameAs":["https:\/\/www.facebook.com\/OrganisatorFachmagazin","https:\/\/www.linkedin.com\/showcase\/organisator-das-magazin-fr-kmu","https:\/\/www.xing.com\/news\/pages\/organisator-ch-695","https:\/\/www.youtube.com\/channel\/UCGP2Sq0iWaZwT3BdIAQFYpw"]},{"@type":"Person","@id":"https:\/\/www.organisator.ch\/#\/schema\/person\/2e1314a2172123f874db408d8911d3f3","name":"Adelisa Kalajdzini","image":{"@type":"ImageObject","inLanguage":"en-US","@id":"https:\/\/secure.gravatar.com\/avatar\/09a397c22ac58cad6f160ee8306348599df9df58a8ede73696226897b9fa4b24?s=96&d=mm&r=g","url":"https:\/\/secure.gravatar.com\/avatar\/09a397c22ac58cad6f160ee8306348599df9df58a8ede73696226897b9fa4b24?s=96&d=mm&r=g","contentUrl":"https:\/\/secure.gravatar.com\/avatar\/09a397c22ac58cad6f160ee8306348599df9df58a8ede73696226897b9fa4b24?s=96&d=mm&r=g","caption":"Adelisa Kalajdzini"},"url":"https:\/\/www.organisator.ch\/en\/author\/adelisa-kalajdzini\/"}]}},"_links":{"self":[{"href":"https:\/\/www.organisator.ch\/en\/wp-json\/wp\/v2\/posts\/22058","targetHints":{"allow":["GET"]}}],"collection":[{"href":"https:\/\/www.organisator.ch\/en\/wp-json\/wp\/v2\/posts"}],"about":[{"href":"https:\/\/www.organisator.ch\/en\/wp-json\/wp\/v2\/types\/post"}],"author":[{"embeddable":true,"href":"https:\/\/www.organisator.ch\/en\/wp-json\/wp\/v2\/users\/58"}],"replies":[{"embeddable":true,"href":"https:\/\/www.organisator.ch\/en\/wp-json\/wp\/v2\/comments?post=22058"}],"version-history":[{"count":3,"href":"https:\/\/www.organisator.ch\/en\/wp-json\/wp\/v2\/posts\/22058\/revisions"}],"predecessor-version":[{"id":22067,"href":"https:\/\/www.organisator.ch\/en\/wp-json\/wp\/v2\/posts\/22058\/revisions\/22067"}],"wp:featuredmedia":[{"embeddable":true,"href":"https:\/\/www.organisator.ch\/en\/wp-json\/wp\/v2\/media\/22059"}],"wp:attachment":[{"href":"https:\/\/www.organisator.ch\/en\/wp-json\/wp\/v2\/media?parent=22058"}],"wp:term":[{"taxonomy":"category","embeddable":true,"href":"https:\/\/www.organisator.ch\/en\/wp-json\/wp\/v2\/categories?post=22058"},{"taxonomy":"post_tag","embeddable":true,"href":"https:\/\/www.organisator.ch\/en\/wp-json\/wp\/v2\/tags?post=22058"}],"curies":[{"name":"wp","href":"https:\/\/api.w.org\/{rel}","templated":true}]}}