{"id":2211,"date":"2017-07-19T16:43:21","date_gmt":"2017-07-19T14:43:21","guid":{"rendered":"https:\/\/www.organisator.ch\/?p=2211"},"modified":"2017-07-19T16:43:21","modified_gmt":"2017-07-19T14:43:21","slug":"human-capital-trends-fuer-eine-digitalisierte-schweiz","status":"publish","type":"post","link":"https:\/\/www.organisator.ch\/en\/human-resources\/hrm\/2017-07-19\/human-capital-trends-fuer-eine-digitalisierte-schweiz\/","title":{"rendered":"Human Capital Trends for a Digitized Switzerland"},"content":{"rendered":"<figure id=\"attachment_2212\" aria-describedby=\"caption-attachment-2212\" style=\"width: 640px\" class=\"wp-caption alignnone\"><img loading=\"lazy\" decoding=\"async\" class=\"size-full wp-image-2212\" src=\"https:\/\/www.organisator.ch\/wp-content\/uploads\/2017\/07\/Human-Capital-Trends-fuer-eine-digitalisierte-Schweiz-org-organisator.jpg\" alt=\"\" width=\"640\" height=\"419\" srcset=\"https:\/\/www.organisator.ch\/wp-content\/uploads\/2017\/07\/Human-Capital-Trends-fuer-eine-digitalisierte-Schweiz-org-organisator.jpg 640w, https:\/\/www.organisator.ch\/wp-content\/uploads\/2017\/07\/Human-Capital-Trends-fuer-eine-digitalisierte-Schweiz-org-organisator-16x10.jpg 16w, https:\/\/www.organisator.ch\/wp-content\/uploads\/2017\/07\/Human-Capital-Trends-fuer-eine-digitalisierte-Schweiz-org-organisator-267x175.jpg 267w, https:\/\/www.organisator.ch\/wp-content\/uploads\/2017\/07\/Human-Capital-Trends-fuer-eine-digitalisierte-Schweiz-org-organisator-535x350.jpg 535w, https:\/\/www.organisator.ch\/wp-content\/uploads\/2017\/07\/Human-Capital-Trends-fuer-eine-digitalisierte-Schweiz-org-organisator-300x196.jpg 300w\" sizes=\"auto, (max-width: 640px) 100vw, 640px\" \/><figcaption id=\"caption-attachment-2212\" class=\"wp-caption-text\">HR managers are multi-tasked; they need to help the business be digital, rather than just using digital tools. (Image: depositphotos_denismagil)<\/figcaption><\/figure>\n<p>Several issues regarding digitized technologies require a redefinition of the rules: Technology is advancing faster than ever before. Individuals are relatively quick to adapt to ever-changing innovations. Organizations, however, are usually slower. Many have industrial-age structures and employ practices that may be long outdated.<\/p>\n<p>Progress on issues of public concern, such as income inequality, unemployment, immigration, and trade, has been even slower.<\/p>\n<p>It is these gaps between technology, individuals, businesses, and public policy that provide a unique opportunity for HR to help leaders and organizations adapt new technologies, help employees become comfortable with new work and career models, and help the organization as a whole adapt to and drive positive changes in society, legislation, and public policy.<\/p>\n<p><strong>Top Trends 2017 for Switzerland<\/strong><\/p>\n<p>126 leading Swiss companies have rated the Human Capital Trends according to their importance for their organization. All 10 trends in the Human Capital Report relate to the position of HR, which therefore raises the serious question: How well can HR keep up?<\/p>\n<p><strong>1.) The organization of the future: Arriving now<\/strong><\/p>\n<p>Organizations are digitizing more and more, and as a result feel an increasing need to realign in order to be faster, adapt more quickly, learn quickly, and respond positively to the demand for dynamic work offerings. Leading companies are already on their way to leaving the planning phase behind and actively shaping this reorganization.<\/p>\n<p><strong>2) Talent acquisition: Enter the cognitive recruiter<\/strong><\/p>\n<p>Recruiting is becoming a digital experience as candidates now expect user-friendliness and mobile contact. Experienced talent seekers will welcome new technologies for talent acquisition to strengthen psychological and emotional connections with candidates and continuously build the company brand.<\/p>\n<p><strong>3.) Careers and learning: Real time, all the time<\/strong><\/p>\n<p>As companies shape the organization of the future, a continuous learning process is critical to their success. The new rules require an organization that promotes learning and development and offers knowledge that can be constantly accessed and is permanently available via various mobile platforms.<\/p>\n<p><strong>4.) Leadership disrupted: Pushing the boundaries<\/strong><\/p>\n<p>In 2015, corporate leadership was described as an \"enduring theme\" that never seems to lose its relevance. This year, we see a radical change: Today, companies not only need strong leaders like never before, but require a completely different kind of leadership - younger, more agile and digitally oriented.<\/p>\n<p><strong>5.) Performance management: Play a winning hand<\/strong><\/p>\n<p>Across industries and geographies, companies are re-evaluating every aspect of their performance management program - from goal setting and evaluation to incentive and bonus systems - and adapting their corporate strategy and continuous work change to reflect these changes.<\/p>\n<p><strong>6.) Digital HR: Platforms, people, and work<\/strong><\/p>\n<p>HR leaders are challenged to take a broader role in helping the business be digital, rather than just using digital tools. As digital management practices and an agile organizational approach move to the center of business considerations, HR is now focused on people, work and platforms.<\/p>\n<p><strong>7.) The employee experience: Culture, engagement, and beyond<\/strong><\/p>\n<p>Organizations today are developing a holistic focus on the overall employee experience, rather than just focusing on employee engagement and culture. A new marketplace of heart rate monitoring tools, wellness and fitness apps, and employee self-service tools are conducive to this.<\/p>\n<p><strong>8.) Diversity and inclusion: The reality gap<\/strong><\/p>\n<p>Fairness, equality and inclusion are now challenges for the CEO level, but continue to cause frustration. Education and training do not work well enough. The new rules focus on experiential learning, process change, data-driven tools, transparency, and accountability.<\/p>\n<p><strong>9.) People analytics: Recalculating the route<\/strong><\/p>\n<p>Analytics are no longer just about finding interesting information and bringing it to the attention of managers - they are now a business function, using data in increasingly targeted ways to understand every part of a business process, as well as integrating analytics data into real-time apps and the way we work.<\/p>\n<p><strong>10.) The future of work: The augmented workforce<\/strong><\/p>\n<p>Automation, cognitive IT and crowds are disruptive forces that are reshaping the workforce. In a world where work is becoming increasingly automated, companies need to experiment with cognitive tools, train employees to use them, and rethink the role of employees in general.<\/p>\n<p><em>You can find out more about the latest Deloitte Human Capital Trend Study at this <a href=\"https:\/\/www2.deloitte.com\/de\/de\/pages\/human-capital\/articles\/human-capital-trends-deutschland-2017.html\">Link <\/a><\/em><\/p>\n<p>&nbsp;<\/p>\n<p><iframe loading=\"lazy\" title=\"Global Human Capital Trend Study 2017 - New Rules of the Game in the Digital Age\" width=\"768\" height=\"432\" src=\"https:\/\/www.youtube.com\/embed\/vPy4l2X8TnI?feature=oembed\" frameborder=\"0\" allow=\"accelerometer; autoplay; clipboard-write; encrypted-media; gyroscope; picture-in-picture\" allowfullscreen><\/iframe><\/p>\n<p>&nbsp;<\/p>\n<p>&nbsp;<\/p>\n<p>&nbsp;<\/p>\n<p>&nbsp;<\/p>\n<p>&nbsp;<\/p>","protected":false},"excerpt":{"rendered":"<p>Etliche Themen bez\u00fcglich digitalisierte Technologien erfordern eine Neudefinition der Regeln: Die Technik schreitet so schnell voran wie nie zuvor. Einzelpersonen passen sich relativ schnell an immer neue Innovationen an. Organisationen sind jedoch meistens langsamer. Viele verf\u00fcgen \u00fcber Strukturen des Industriezeitalters und setzen Praktiken ein, die vielleicht seit langem \u00fcberholt sind. Noch langsamer kommen Themen von [&hellip;]<\/p>\n","protected":false},"author":5,"featured_media":2212,"comment_status":"open","ping_status":"open","sticky":false,"template":"","format":"standard","meta":{"_acf_changed":false,"_yoast_wpseo_focuskw":"digitalisierte","_yoast_wpseo_metadesc":"Digitalisierte Entwicklungen pr\u00e4gen Schweizer Betreibe zunehmend. Organisationen stehen einem sich radikal ver\u00e4ndernden Kontext gegen\u00fcber.","articlekey":"","footnotes":""},"categories":[26],"tags":[157,256],"class_list":["post-2211","post","type-post","status-publish","format-standard","has-post-thumbnail","hentry","category-hrm","tag-digitalitaet","tag-human-capital"],"acf":[],"yoast_head":"<!-- This site is optimized with the Yoast SEO plugin v27.5 - https:\/\/yoast.com\/product\/yoast-seo-wordpress\/ -->\n<title>Human Capital Trends f\u00fcr eine digitalisierte Schweiz - Organisator<\/title>\n<meta name=\"description\" content=\"Digitalisierte Entwicklungen pr\u00e4gen Schweizer Betreibe zunehmend. Organisationen stehen einem sich radikal ver\u00e4ndernden Kontext gegen\u00fcber.\" \/>\n<meta name=\"robots\" content=\"index, follow, max-snippet:-1, max-image-preview:large, max-video-preview:-1\" \/>\n<link rel=\"canonical\" href=\"https:\/\/www.organisator.ch\/en\/human-resources\/hrm\/2017-07-19\/human-capital-trends-fuer-eine-digitalisierte-schweiz\/\" \/>\n<meta property=\"og:locale\" content=\"en_US\" \/>\n<meta property=\"og:type\" content=\"article\" \/>\n<meta property=\"og:title\" content=\"Human Capital Trends f\u00fcr eine digitalisierte Schweiz - Organisator\" \/>\n<meta property=\"og:description\" content=\"Digitalisierte Entwicklungen pr\u00e4gen Schweizer Betreibe zunehmend. Organisationen stehen einem sich radikal ver\u00e4ndernden Kontext gegen\u00fcber.\" \/>\n<meta property=\"og:url\" content=\"https:\/\/www.organisator.ch\/en\/human-resources\/hrm\/2017-07-19\/human-capital-trends-fuer-eine-digitalisierte-schweiz\/\" \/>\n<meta property=\"og:site_name\" content=\"Organisator\" \/>\n<meta property=\"article:publisher\" content=\"https:\/\/www.facebook.com\/OrganisatorFachmagazin\" \/>\n<meta property=\"article:published_time\" content=\"2017-07-19T14:43:21+00:00\" \/>\n<meta property=\"og:image\" content=\"https:\/\/www.organisator.ch\/wp-content\/uploads\/2017\/07\/Human-Capital-Trends-fuer-eine-digitalisierte-Schweiz-org-organisator.jpg\" \/>\n\t<meta property=\"og:image:width\" content=\"640\" \/>\n\t<meta property=\"og:image:height\" content=\"419\" \/>\n\t<meta property=\"og:image:type\" content=\"image\/jpeg\" \/>\n<meta name=\"author\" content=\"michael.merz\" \/>\n<meta name=\"twitter:card\" content=\"summary_large_image\" \/>\n<script type=\"application\/ld+json\" class=\"yoast-schema-graph\">{\"@context\":\"https:\\\/\\\/schema.org\",\"@graph\":[{\"@type\":\"Article\",\"@id\":\"https:\\\/\\\/www.organisator.ch\\\/human-resources\\\/hrm\\\/2017-07-19\\\/human-capital-trends-fuer-eine-digitalisierte-schweiz\\\/#article\",\"isPartOf\":{\"@id\":\"https:\\\/\\\/www.organisator.ch\\\/human-resources\\\/hrm\\\/2017-07-19\\\/human-capital-trends-fuer-eine-digitalisierte-schweiz\\\/\"},\"author\":{\"name\":\"michael.merz\",\"@id\":\"https:\\\/\\\/www.organisator.ch\\\/#\\\/schema\\\/person\\\/134708ca9321c57b0362cceb7948ffbd\"},\"headline\":\"Human Capital Trends f\u00fcr eine digitalisierte Schweiz\",\"datePublished\":\"2017-07-19T14:43:21+00:00\",\"mainEntityOfPage\":{\"@id\":\"https:\\\/\\\/www.organisator.ch\\\/human-resources\\\/hrm\\\/2017-07-19\\\/human-capital-trends-fuer-eine-digitalisierte-schweiz\\\/\"},\"wordCount\":759,\"commentCount\":0,\"publisher\":{\"@id\":\"https:\\\/\\\/www.organisator.ch\\\/#organization\"},\"image\":{\"@id\":\"https:\\\/\\\/www.organisator.ch\\\/human-resources\\\/hrm\\\/2017-07-19\\\/human-capital-trends-fuer-eine-digitalisierte-schweiz\\\/#primaryimage\"},\"thumbnailUrl\":\"https:\\\/\\\/www.organisator.ch\\\/wp-content\\\/uploads\\\/2017\\\/07\\\/Human-Capital-Trends-fuer-eine-digitalisierte-Schweiz-org-organisator.jpg\",\"keywords\":[\"Digitalit\u00e4t\",\"Human Capital\"],\"articleSection\":[\"HRM\"],\"inLanguage\":\"en-US\"},{\"@type\":\"WebPage\",\"@id\":\"https:\\\/\\\/www.organisator.ch\\\/human-resources\\\/hrm\\\/2017-07-19\\\/human-capital-trends-fuer-eine-digitalisierte-schweiz\\\/\",\"url\":\"https:\\\/\\\/www.organisator.ch\\\/human-resources\\\/hrm\\\/2017-07-19\\\/human-capital-trends-fuer-eine-digitalisierte-schweiz\\\/\",\"name\":\"Human Capital Trends f\u00fcr eine digitalisierte Schweiz - Organisator\",\"isPartOf\":{\"@id\":\"https:\\\/\\\/www.organisator.ch\\\/#website\"},\"primaryImageOfPage\":{\"@id\":\"https:\\\/\\\/www.organisator.ch\\\/human-resources\\\/hrm\\\/2017-07-19\\\/human-capital-trends-fuer-eine-digitalisierte-schweiz\\\/#primaryimage\"},\"image\":{\"@id\":\"https:\\\/\\\/www.organisator.ch\\\/human-resources\\\/hrm\\\/2017-07-19\\\/human-capital-trends-fuer-eine-digitalisierte-schweiz\\\/#primaryimage\"},\"thumbnailUrl\":\"https:\\\/\\\/www.organisator.ch\\\/wp-content\\\/uploads\\\/2017\\\/07\\\/Human-Capital-Trends-fuer-eine-digitalisierte-Schweiz-org-organisator.jpg\",\"datePublished\":\"2017-07-19T14:43:21+00:00\",\"description\":\"Digitalisierte Entwicklungen pr\u00e4gen Schweizer Betreibe zunehmend. Organisationen stehen einem sich radikal ver\u00e4ndernden Kontext gegen\u00fcber.\",\"breadcrumb\":{\"@id\":\"https:\\\/\\\/www.organisator.ch\\\/human-resources\\\/hrm\\\/2017-07-19\\\/human-capital-trends-fuer-eine-digitalisierte-schweiz\\\/#breadcrumb\"},\"inLanguage\":\"en-US\",\"potentialAction\":[{\"@type\":\"ReadAction\",\"target\":[\"https:\\\/\\\/www.organisator.ch\\\/human-resources\\\/hrm\\\/2017-07-19\\\/human-capital-trends-fuer-eine-digitalisierte-schweiz\\\/\"]}]},{\"@type\":\"ImageObject\",\"inLanguage\":\"en-US\",\"@id\":\"https:\\\/\\\/www.organisator.ch\\\/human-resources\\\/hrm\\\/2017-07-19\\\/human-capital-trends-fuer-eine-digitalisierte-schweiz\\\/#primaryimage\",\"url\":\"https:\\\/\\\/www.organisator.ch\\\/wp-content\\\/uploads\\\/2017\\\/07\\\/Human-Capital-Trends-fuer-eine-digitalisierte-Schweiz-org-organisator.jpg\",\"contentUrl\":\"https:\\\/\\\/www.organisator.ch\\\/wp-content\\\/uploads\\\/2017\\\/07\\\/Human-Capital-Trends-fuer-eine-digitalisierte-Schweiz-org-organisator.jpg\",\"width\":640,\"height\":419,\"caption\":\"Personalleiter sind vielseitig gefordert, sie m\u00fcssen dem Unternehmen dabei helfen, digital zu sein, statt nur digitale Tools einzusetzen. (Bild: depositphotos_denismagil)\"},{\"@type\":\"BreadcrumbList\",\"@id\":\"https:\\\/\\\/www.organisator.ch\\\/human-resources\\\/hrm\\\/2017-07-19\\\/human-capital-trends-fuer-eine-digitalisierte-schweiz\\\/#breadcrumb\",\"itemListElement\":[{\"@type\":\"ListItem\",\"position\":1,\"name\":\"Home\",\"item\":\"https:\\\/\\\/www.organisator.ch\\\/\"},{\"@type\":\"ListItem\",\"position\":2,\"name\":\"Human Capital Trends f\u00fcr eine digitalisierte Schweiz\"}]},{\"@type\":\"WebSite\",\"@id\":\"https:\\\/\\\/www.organisator.ch\\\/#website\",\"url\":\"https:\\\/\\\/www.organisator.ch\\\/\",\"name\":\"Organisator\",\"description\":\"Kompetent. Praxisnah. Der ORGANISATOR bereitet in 10 Ausgaben pro Jahr die wesentlichen Themen f\u00fcr F\u00fchrungskr\u00e4fte von KMU auf.\",\"publisher\":{\"@id\":\"https:\\\/\\\/www.organisator.ch\\\/#organization\"},\"potentialAction\":[{\"@type\":\"SearchAction\",\"target\":{\"@type\":\"EntryPoint\",\"urlTemplate\":\"https:\\\/\\\/www.organisator.ch\\\/?s={search_term_string}\"},\"query-input\":{\"@type\":\"PropertyValueSpecification\",\"valueRequired\":true,\"valueName\":\"search_term_string\"}}],\"inLanguage\":\"en-US\"},{\"@type\":\"Organization\",\"@id\":\"https:\\\/\\\/www.organisator.ch\\\/#organization\",\"name\":\"Organisator\",\"url\":\"https:\\\/\\\/www.organisator.ch\\\/\",\"logo\":{\"@type\":\"ImageObject\",\"inLanguage\":\"en-US\",\"@id\":\"https:\\\/\\\/www.organisator.ch\\\/#\\\/schema\\\/logo\\\/image\\\/\",\"url\":\"https:\\\/\\\/www.organisator.ch\\\/wp-content\\\/uploads\\\/2022\\\/01\\\/Logo_Organisator_Website.png\",\"contentUrl\":\"https:\\\/\\\/www.organisator.ch\\\/wp-content\\\/uploads\\\/2022\\\/01\\\/Logo_Organisator_Website.png\",\"width\":800,\"height\":77,\"caption\":\"Organisator\"},\"image\":{\"@id\":\"https:\\\/\\\/www.organisator.ch\\\/#\\\/schema\\\/logo\\\/image\\\/\"},\"sameAs\":[\"https:\\\/\\\/www.facebook.com\\\/OrganisatorFachmagazin\",\"https:\\\/\\\/www.linkedin.com\\\/showcase\\\/organisator-das-magazin-fr-kmu\",\"https:\\\/\\\/www.xing.com\\\/news\\\/pages\\\/organisator-ch-695\",\"https:\\\/\\\/www.youtube.com\\\/channel\\\/UCGP2Sq0iWaZwT3BdIAQFYpw\"]},{\"@type\":\"Person\",\"@id\":\"https:\\\/\\\/www.organisator.ch\\\/#\\\/schema\\\/person\\\/134708ca9321c57b0362cceb7948ffbd\",\"name\":\"michael.merz\",\"image\":{\"@type\":\"ImageObject\",\"inLanguage\":\"en-US\",\"@id\":\"https:\\\/\\\/secure.gravatar.com\\\/avatar\\\/?s=96&d=mm&r=g\",\"url\":\"https:\\\/\\\/secure.gravatar.com\\\/avatar\\\/?s=96&d=mm&r=g\",\"contentUrl\":\"https:\\\/\\\/secure.gravatar.com\\\/avatar\\\/?s=96&d=mm&r=g\",\"caption\":\"michael.merz\"},\"url\":\"https:\\\/\\\/www.organisator.ch\\\/en\\\/author\\\/michael-merz\\\/\"}]}<\/script>\n<!-- \/ Yoast SEO plugin. -->","yoast_head_json":{"title":"Human Capital Trends for a digitalized Switzerland - Organizer","description":"Digital developments are increasingly shaping Swiss businesses. Organizations are facing a radically changing context.","robots":{"index":"index","follow":"follow","max-snippet":"max-snippet:-1","max-image-preview":"max-image-preview:large","max-video-preview":"max-video-preview:-1"},"canonical":"https:\/\/www.organisator.ch\/en\/human-resources\/hrm\/2017-07-19\/human-capital-trends-fuer-eine-digitalisierte-schweiz\/","og_locale":"en_US","og_type":"article","og_title":"Human Capital Trends f\u00fcr eine digitalisierte Schweiz - Organisator","og_description":"Digitalisierte Entwicklungen pr\u00e4gen Schweizer Betreibe zunehmend. Organisationen stehen einem sich radikal ver\u00e4ndernden Kontext gegen\u00fcber.","og_url":"https:\/\/www.organisator.ch\/en\/human-resources\/hrm\/2017-07-19\/human-capital-trends-fuer-eine-digitalisierte-schweiz\/","og_site_name":"Organisator","article_publisher":"https:\/\/www.facebook.com\/OrganisatorFachmagazin","article_published_time":"2017-07-19T14:43:21+00:00","og_image":[{"width":640,"height":419,"url":"https:\/\/www.organisator.ch\/wp-content\/uploads\/2017\/07\/Human-Capital-Trends-fuer-eine-digitalisierte-Schweiz-org-organisator.jpg","type":"image\/jpeg"}],"author":"michael.merz","twitter_card":"summary_large_image","schema":{"@context":"https:\/\/schema.org","@graph":[{"@type":"Article","@id":"https:\/\/www.organisator.ch\/human-resources\/hrm\/2017-07-19\/human-capital-trends-fuer-eine-digitalisierte-schweiz\/#article","isPartOf":{"@id":"https:\/\/www.organisator.ch\/human-resources\/hrm\/2017-07-19\/human-capital-trends-fuer-eine-digitalisierte-schweiz\/"},"author":{"name":"michael.merz","@id":"https:\/\/www.organisator.ch\/#\/schema\/person\/134708ca9321c57b0362cceb7948ffbd"},"headline":"Human Capital Trends f\u00fcr eine digitalisierte Schweiz","datePublished":"2017-07-19T14:43:21+00:00","mainEntityOfPage":{"@id":"https:\/\/www.organisator.ch\/human-resources\/hrm\/2017-07-19\/human-capital-trends-fuer-eine-digitalisierte-schweiz\/"},"wordCount":759,"commentCount":0,"publisher":{"@id":"https:\/\/www.organisator.ch\/#organization"},"image":{"@id":"https:\/\/www.organisator.ch\/human-resources\/hrm\/2017-07-19\/human-capital-trends-fuer-eine-digitalisierte-schweiz\/#primaryimage"},"thumbnailUrl":"https:\/\/www.organisator.ch\/wp-content\/uploads\/2017\/07\/Human-Capital-Trends-fuer-eine-digitalisierte-Schweiz-org-organisator.jpg","keywords":["Digitalit\u00e4t","Human Capital"],"articleSection":["HRM"],"inLanguage":"en-US"},{"@type":"WebPage","@id":"https:\/\/www.organisator.ch\/human-resources\/hrm\/2017-07-19\/human-capital-trends-fuer-eine-digitalisierte-schweiz\/","url":"https:\/\/www.organisator.ch\/human-resources\/hrm\/2017-07-19\/human-capital-trends-fuer-eine-digitalisierte-schweiz\/","name":"Human Capital Trends for a digitalized Switzerland - Organizer","isPartOf":{"@id":"https:\/\/www.organisator.ch\/#website"},"primaryImageOfPage":{"@id":"https:\/\/www.organisator.ch\/human-resources\/hrm\/2017-07-19\/human-capital-trends-fuer-eine-digitalisierte-schweiz\/#primaryimage"},"image":{"@id":"https:\/\/www.organisator.ch\/human-resources\/hrm\/2017-07-19\/human-capital-trends-fuer-eine-digitalisierte-schweiz\/#primaryimage"},"thumbnailUrl":"https:\/\/www.organisator.ch\/wp-content\/uploads\/2017\/07\/Human-Capital-Trends-fuer-eine-digitalisierte-Schweiz-org-organisator.jpg","datePublished":"2017-07-19T14:43:21+00:00","description":"Digital developments are increasingly shaping Swiss businesses. Organizations are facing a radically changing context.","breadcrumb":{"@id":"https:\/\/www.organisator.ch\/human-resources\/hrm\/2017-07-19\/human-capital-trends-fuer-eine-digitalisierte-schweiz\/#breadcrumb"},"inLanguage":"en-US","potentialAction":[{"@type":"ReadAction","target":["https:\/\/www.organisator.ch\/human-resources\/hrm\/2017-07-19\/human-capital-trends-fuer-eine-digitalisierte-schweiz\/"]}]},{"@type":"ImageObject","inLanguage":"en-US","@id":"https:\/\/www.organisator.ch\/human-resources\/hrm\/2017-07-19\/human-capital-trends-fuer-eine-digitalisierte-schweiz\/#primaryimage","url":"https:\/\/www.organisator.ch\/wp-content\/uploads\/2017\/07\/Human-Capital-Trends-fuer-eine-digitalisierte-Schweiz-org-organisator.jpg","contentUrl":"https:\/\/www.organisator.ch\/wp-content\/uploads\/2017\/07\/Human-Capital-Trends-fuer-eine-digitalisierte-Schweiz-org-organisator.jpg","width":640,"height":419,"caption":"Personalleiter sind vielseitig gefordert, sie m\u00fcssen dem Unternehmen dabei helfen, digital zu sein, statt nur digitale Tools einzusetzen. (Bild: depositphotos_denismagil)"},{"@type":"BreadcrumbList","@id":"https:\/\/www.organisator.ch\/human-resources\/hrm\/2017-07-19\/human-capital-trends-fuer-eine-digitalisierte-schweiz\/#breadcrumb","itemListElement":[{"@type":"ListItem","position":1,"name":"Home","item":"https:\/\/www.organisator.ch\/"},{"@type":"ListItem","position":2,"name":"Human Capital Trends f\u00fcr eine digitalisierte Schweiz"}]},{"@type":"WebSite","@id":"https:\/\/www.organisator.ch\/#website","url":"https:\/\/www.organisator.ch\/","name":"Organizer","description":"Competent. Practical. In 10 issues per year, ORGANISATOR presents the essential topics for managers of SMEs.","publisher":{"@id":"https:\/\/www.organisator.ch\/#organization"},"potentialAction":[{"@type":"SearchAction","target":{"@type":"EntryPoint","urlTemplate":"https:\/\/www.organisator.ch\/?s={search_term_string}"},"query-input":{"@type":"PropertyValueSpecification","valueRequired":true,"valueName":"search_term_string"}}],"inLanguage":"en-US"},{"@type":"Organization","@id":"https:\/\/www.organisator.ch\/#organization","name":"Organizer","url":"https:\/\/www.organisator.ch\/","logo":{"@type":"ImageObject","inLanguage":"en-US","@id":"https:\/\/www.organisator.ch\/#\/schema\/logo\/image\/","url":"https:\/\/www.organisator.ch\/wp-content\/uploads\/2022\/01\/Logo_Organisator_Website.png","contentUrl":"https:\/\/www.organisator.ch\/wp-content\/uploads\/2022\/01\/Logo_Organisator_Website.png","width":800,"height":77,"caption":"Organisator"},"image":{"@id":"https:\/\/www.organisator.ch\/#\/schema\/logo\/image\/"},"sameAs":["https:\/\/www.facebook.com\/OrganisatorFachmagazin","https:\/\/www.linkedin.com\/showcase\/organisator-das-magazin-fr-kmu","https:\/\/www.xing.com\/news\/pages\/organisator-ch-695","https:\/\/www.youtube.com\/channel\/UCGP2Sq0iWaZwT3BdIAQFYpw"]},{"@type":"Person","@id":"https:\/\/www.organisator.ch\/#\/schema\/person\/134708ca9321c57b0362cceb7948ffbd","name":"michael.merz","image":{"@type":"ImageObject","inLanguage":"en-US","@id":"https:\/\/secure.gravatar.com\/avatar\/?s=96&d=mm&r=g","url":"https:\/\/secure.gravatar.com\/avatar\/?s=96&d=mm&r=g","contentUrl":"https:\/\/secure.gravatar.com\/avatar\/?s=96&d=mm&r=g","caption":"michael.merz"},"url":"https:\/\/www.organisator.ch\/en\/author\/michael-merz\/"}]}},"_links":{"self":[{"href":"https:\/\/www.organisator.ch\/en\/wp-json\/wp\/v2\/posts\/2211","targetHints":{"allow":["GET"]}}],"collection":[{"href":"https:\/\/www.organisator.ch\/en\/wp-json\/wp\/v2\/posts"}],"about":[{"href":"https:\/\/www.organisator.ch\/en\/wp-json\/wp\/v2\/types\/post"}],"author":[{"embeddable":true,"href":"https:\/\/www.organisator.ch\/en\/wp-json\/wp\/v2\/users\/5"}],"replies":[{"embeddable":true,"href":"https:\/\/www.organisator.ch\/en\/wp-json\/wp\/v2\/comments?post=2211"}],"version-history":[{"count":0,"href":"https:\/\/www.organisator.ch\/en\/wp-json\/wp\/v2\/posts\/2211\/revisions"}],"wp:featuredmedia":[{"embeddable":true,"href":"https:\/\/www.organisator.ch\/en\/wp-json\/wp\/v2\/media\/2212"}],"wp:attachment":[{"href":"https:\/\/www.organisator.ch\/en\/wp-json\/wp\/v2\/media?parent=2211"}],"wp:term":[{"taxonomy":"category","embeddable":true,"href":"https:\/\/www.organisator.ch\/en\/wp-json\/wp\/v2\/categories?post=2211"},{"taxonomy":"post_tag","embeddable":true,"href":"https:\/\/www.organisator.ch\/en\/wp-json\/wp\/v2\/tags?post=2211"}],"curies":[{"name":"wp","href":"https:\/\/api.w.org\/{rel}","templated":true}]}}