{"id":22137,"date":"2023-10-04T16:59:33","date_gmt":"2023-10-04T14:59:33","guid":{"rendered":"https:\/\/www.m-q.ch\/?p=18635"},"modified":"2024-11-14T08:32:42","modified_gmt":"2024-11-14T07:32:42","slug":"martin-dudle-wird-ciso-von-inventx","status":"publish","type":"post","link":"https:\/\/www.organisator.ch\/en\/operational-excellence\/2023-10-04\/martin-dudle-wird-ciso-von-inventx\/","title":{"rendered":"Martin Dudle becomes CISO of Inventx"},"content":{"rendered":"<figure id=\"attachment_18636\" class=\"wp-caption alignnone\" style=\"width: 680px\" aria-describedby=\"caption-attachment-18636\"><img class=\"alignnone wp-image-18636 size-full\" src=\"https:\/\/www.m-q.ch\/wp-content\/uploads\/2023\/10\/MartinDudle_CISO_Inventx_Bild1_ps.jpg\" alt=\"Martin Dudle\" width=\"680\" height=\"663\" \/>\r\n<figcaption id=\"caption-attachment-18636\" class=\"wp-caption-text\">Martin Dudle - new Chief Information Security Officer (CISO) at Inventx. (Image: www.inventx.ch)<\/figcaption>\r\n<\/figure>\r\n<p>As an IT and digitalization partner for Swiss banks and insurance companies, one of Inventx's core competencies is to set the highest standards in terms of data protection, information security, compliance, and operational resilience, and to meet these standards for itself and its customers on a daily basis. The Chief Information Security Officer plays an important role here. He is responsible for setting up, implementing and continuously improving the information security management system (ISMS) in accordance with ISO 27001. His other tasks include risk management, advising on the implementation of regulatory requirements, business continuity management and chairing the security board, which is made up of representatives of the executive board and management.<\/p>\r\n<p>Martin Dudle has been recruited for this responsible position. Dudle, who holds a Master of Computer Science from the University of Zurich, was most recently Head of Security Detection Solutions at the cybersecurity specialist Infoguard. Prior to that, he managed and built up Information Security at Migros Genossenschaftsbund for more than eight years. The 53-year-old Swiss citizen started his career as a software developer and systems engineer. With his move into the security environment, he completed numerous certifications - such as Certified Information Systems Security Professional (CISSP), Certified Information Security Manager\u00ae (CISM) and Certified Cloud Security Professional (CCSP) - and gained extensive management experience.<\/p>\r\n<p>The new CISO has assumed responsibility for the Information Security Office in Corporate Services as of October 1, 2023 and reports to CFO Patrick Hagen. Martin Dudle succeeds Florian Scharf, who has accepted a new professional challenge outside Inventx. Commenting on his new role, he says: \"I am looking forward to the challenge of being responsible for the information security of such an established company as Inventx in a highly demanding industry.\"<\/p>\r\n<p><em>Source: <a href=\"https:\/\/www.inventx.ch\/\">www.inventx.ch<\/a><\/em><\/p>\n<p class=\"syndicated-attribution\">This article originally appeared on m-q.ch - <a href=\"https:\/\/www.m-q.ch\/de\/martin-dudle-wird-ciso-von-inventx\/\" target=\"_blank\">https:\/\/www.m-q.ch\/de\/martin-dudle-wird-ciso-von-inventx\/<\/a><\/p>","protected":false},"excerpt":{"rendered":"<p>Inventx AG, the digitalization and IT partner of leading Swiss banks and insurance companies, has appointed Martin Dudle as Chief Information Security Officer (CISO). The Information Security Office, which is part of Corporate Services, is responsible for the protection of information and data as well as risk management throughout the company. Dudle, who holds a Master of Computer Science degree from the University of Zurich, works with the Inventx Cyber Security Cluster to ensure that Inventx and its customers are protected against cyber attacks and other threats.<\/p>","protected":false},"author":58,"featured_media":0,"comment_status":"closed","ping_status":"closed","sticky":false,"template":"","format":"standard","meta":{"_acf_changed":false,"_yoast_wpseo_focuskw":"Martin Dudle","_yoast_wpseo_metadesc":"Martin Dudle ist neuer CISO bei Inventx, verantwortlich f\u00fcr Informationssicherheit und Compliance in anspruchsvoller Branche.","articlekey":"","footnotes":""},"categories":[582],"tags":[],"class_list":["post-22137","post","type-post","status-publish","format-standard","hentry","category-operational-excellence"],"acf":[],"yoast_head":"<!-- This site is optimized with the Yoast SEO plugin v27.5 - https:\/\/yoast.com\/product\/yoast-seo-wordpress\/ -->\n<title>Martin Dudle wird CISO von Inventx - Organisator<\/title>\n<meta name=\"description\" content=\"Martin Dudle ist neuer CISO bei Inventx, verantwortlich f\u00fcr Informationssicherheit und Compliance in anspruchsvoller Branche.\" \/>\n<meta name=\"robots\" content=\"index, follow, max-snippet:-1, max-image-preview:large, max-video-preview:-1\" \/>\n<link rel=\"canonical\" href=\"https:\/\/www.organisator.ch\/en\/operational-excellence\/2023-10-04\/martin-dudle-wird-ciso-von-inventx\/\" \/>\n<meta property=\"og:locale\" content=\"en_US\" \/>\n<meta property=\"og:type\" content=\"article\" \/>\n<meta property=\"og:title\" content=\"Martin Dudle wird CISO von Inventx - Organisator\" \/>\n<meta property=\"og:description\" content=\"Martin Dudle ist neuer CISO bei Inventx, verantwortlich f\u00fcr Informationssicherheit und Compliance in anspruchsvoller Branche.\" \/>\n<meta property=\"og:url\" content=\"https:\/\/www.organisator.ch\/en\/operational-excellence\/2023-10-04\/martin-dudle-wird-ciso-von-inventx\/\" \/>\n<meta property=\"og:site_name\" content=\"Organisator\" \/>\n<meta property=\"article:publisher\" content=\"https:\/\/www.facebook.com\/OrganisatorFachmagazin\" \/>\n<meta property=\"article:published_time\" content=\"2023-10-04T14:59:33+00:00\" \/>\n<meta property=\"article:modified_time\" content=\"2024-11-14T07:32:42+00:00\" \/>\n<meta property=\"og:image\" content=\"https:\/\/www.organisator.ch\/wp-content\/uploads\/2023\/01\/Schweizer-Startups-Tausende-von-Arbeitsplaetzen-geschaffen_Organisator.jpg\" \/>\n\t<meta property=\"og:image:width\" content=\"680\" \/>\n\t<meta property=\"og:image:height\" content=\"454\" \/>\n\t<meta property=\"og:image:type\" content=\"image\/jpeg\" \/>\n<meta name=\"author\" content=\"Adelisa Kalajdzini\" \/>\n<meta name=\"twitter:card\" content=\"summary_large_image\" \/>\n<script type=\"application\/ld+json\" class=\"yoast-schema-graph\">{\"@context\":\"https:\\\/\\\/schema.org\",\"@graph\":[{\"@type\":\"Article\",\"@id\":\"https:\\\/\\\/www.organisator.ch\\\/operational-excellence\\\/2023-10-04\\\/martin-dudle-wird-ciso-von-inventx\\\/#article\",\"isPartOf\":{\"@id\":\"https:\\\/\\\/www.organisator.ch\\\/operational-excellence\\\/2023-10-04\\\/martin-dudle-wird-ciso-von-inventx\\\/\"},\"author\":{\"name\":\"Adelisa Kalajdzini\",\"@id\":\"https:\\\/\\\/www.organisator.ch\\\/#\\\/schema\\\/person\\\/2e1314a2172123f874db408d8911d3f3\"},\"headline\":\"Martin Dudle wird CISO von Inventx\",\"datePublished\":\"2023-10-04T14:59:33+00:00\",\"dateModified\":\"2024-11-14T07:32:42+00:00\",\"mainEntityOfPage\":{\"@id\":\"https:\\\/\\\/www.organisator.ch\\\/operational-excellence\\\/2023-10-04\\\/martin-dudle-wird-ciso-von-inventx\\\/\"},\"wordCount\":307,\"publisher\":{\"@id\":\"https:\\\/\\\/www.organisator.ch\\\/#organization\"},\"image\":{\"@id\":\"https:\\\/\\\/www.organisator.ch\\\/operational-excellence\\\/2023-10-04\\\/martin-dudle-wird-ciso-von-inventx\\\/#primaryimage\"},\"thumbnailUrl\":\"https:\\\/\\\/www.m-q.ch\\\/wp-content\\\/uploads\\\/2023\\\/10\\\/MartinDudle_CISO_Inventx_Bild1_ps.jpg\",\"articleSection\":[\"OPERATIONAL EXCELLENCE\"],\"inLanguage\":\"en-US\"},{\"@type\":\"WebPage\",\"@id\":\"https:\\\/\\\/www.organisator.ch\\\/operational-excellence\\\/2023-10-04\\\/martin-dudle-wird-ciso-von-inventx\\\/\",\"url\":\"https:\\\/\\\/www.organisator.ch\\\/operational-excellence\\\/2023-10-04\\\/martin-dudle-wird-ciso-von-inventx\\\/\",\"name\":\"Martin Dudle wird CISO von Inventx - Organisator\",\"isPartOf\":{\"@id\":\"https:\\\/\\\/www.organisator.ch\\\/#website\"},\"primaryImageOfPage\":{\"@id\":\"https:\\\/\\\/www.organisator.ch\\\/operational-excellence\\\/2023-10-04\\\/martin-dudle-wird-ciso-von-inventx\\\/#primaryimage\"},\"image\":{\"@id\":\"https:\\\/\\\/www.organisator.ch\\\/operational-excellence\\\/2023-10-04\\\/martin-dudle-wird-ciso-von-inventx\\\/#primaryimage\"},\"thumbnailUrl\":\"https:\\\/\\\/www.m-q.ch\\\/wp-content\\\/uploads\\\/2023\\\/10\\\/MartinDudle_CISO_Inventx_Bild1_ps.jpg\",\"datePublished\":\"2023-10-04T14:59:33+00:00\",\"dateModified\":\"2024-11-14T07:32:42+00:00\",\"description\":\"Martin Dudle ist neuer CISO bei Inventx, verantwortlich f\u00fcr Informationssicherheit und Compliance in anspruchsvoller Branche.\",\"breadcrumb\":{\"@id\":\"https:\\\/\\\/www.organisator.ch\\\/operational-excellence\\\/2023-10-04\\\/martin-dudle-wird-ciso-von-inventx\\\/#breadcrumb\"},\"inLanguage\":\"en-US\",\"potentialAction\":[{\"@type\":\"ReadAction\",\"target\":[\"https:\\\/\\\/www.organisator.ch\\\/operational-excellence\\\/2023-10-04\\\/martin-dudle-wird-ciso-von-inventx\\\/\"]}]},{\"@type\":\"ImageObject\",\"inLanguage\":\"en-US\",\"@id\":\"https:\\\/\\\/www.organisator.ch\\\/operational-excellence\\\/2023-10-04\\\/martin-dudle-wird-ciso-von-inventx\\\/#primaryimage\",\"url\":\"https:\\\/\\\/www.m-q.ch\\\/wp-content\\\/uploads\\\/2023\\\/10\\\/MartinDudle_CISO_Inventx_Bild1_ps.jpg\",\"contentUrl\":\"https:\\\/\\\/www.m-q.ch\\\/wp-content\\\/uploads\\\/2023\\\/10\\\/MartinDudle_CISO_Inventx_Bild1_ps.jpg\"},{\"@type\":\"BreadcrumbList\",\"@id\":\"https:\\\/\\\/www.organisator.ch\\\/operational-excellence\\\/2023-10-04\\\/martin-dudle-wird-ciso-von-inventx\\\/#breadcrumb\",\"itemListElement\":[{\"@type\":\"ListItem\",\"position\":1,\"name\":\"Home\",\"item\":\"https:\\\/\\\/www.organisator.ch\\\/\"},{\"@type\":\"ListItem\",\"position\":2,\"name\":\"Martin Dudle wird CISO von Inventx\"}]},{\"@type\":\"WebSite\",\"@id\":\"https:\\\/\\\/www.organisator.ch\\\/#website\",\"url\":\"https:\\\/\\\/www.organisator.ch\\\/\",\"name\":\"Organisator\",\"description\":\"Kompetent. Praxisnah. Der ORGANISATOR bereitet in 10 Ausgaben pro Jahr die wesentlichen Themen f\u00fcr F\u00fchrungskr\u00e4fte von KMU auf.\",\"publisher\":{\"@id\":\"https:\\\/\\\/www.organisator.ch\\\/#organization\"},\"potentialAction\":[{\"@type\":\"SearchAction\",\"target\":{\"@type\":\"EntryPoint\",\"urlTemplate\":\"https:\\\/\\\/www.organisator.ch\\\/?s={search_term_string}\"},\"query-input\":{\"@type\":\"PropertyValueSpecification\",\"valueRequired\":true,\"valueName\":\"search_term_string\"}}],\"inLanguage\":\"en-US\"},{\"@type\":\"Organization\",\"@id\":\"https:\\\/\\\/www.organisator.ch\\\/#organization\",\"name\":\"Organisator\",\"url\":\"https:\\\/\\\/www.organisator.ch\\\/\",\"logo\":{\"@type\":\"ImageObject\",\"inLanguage\":\"en-US\",\"@id\":\"https:\\\/\\\/www.organisator.ch\\\/#\\\/schema\\\/logo\\\/image\\\/\",\"url\":\"https:\\\/\\\/www.organisator.ch\\\/wp-content\\\/uploads\\\/2022\\\/01\\\/Logo_Organisator_Website.png\",\"contentUrl\":\"https:\\\/\\\/www.organisator.ch\\\/wp-content\\\/uploads\\\/2022\\\/01\\\/Logo_Organisator_Website.png\",\"width\":800,\"height\":77,\"caption\":\"Organisator\"},\"image\":{\"@id\":\"https:\\\/\\\/www.organisator.ch\\\/#\\\/schema\\\/logo\\\/image\\\/\"},\"sameAs\":[\"https:\\\/\\\/www.facebook.com\\\/OrganisatorFachmagazin\",\"https:\\\/\\\/www.linkedin.com\\\/showcase\\\/organisator-das-magazin-fr-kmu\",\"https:\\\/\\\/www.xing.com\\\/news\\\/pages\\\/organisator-ch-695\",\"https:\\\/\\\/www.youtube.com\\\/channel\\\/UCGP2Sq0iWaZwT3BdIAQFYpw\"]},{\"@type\":\"Person\",\"@id\":\"https:\\\/\\\/www.organisator.ch\\\/#\\\/schema\\\/person\\\/2e1314a2172123f874db408d8911d3f3\",\"name\":\"Adelisa Kalajdzini\",\"image\":{\"@type\":\"ImageObject\",\"inLanguage\":\"en-US\",\"@id\":\"https:\\\/\\\/secure.gravatar.com\\\/avatar\\\/09a397c22ac58cad6f160ee8306348599df9df58a8ede73696226897b9fa4b24?s=96&d=mm&r=g\",\"url\":\"https:\\\/\\\/secure.gravatar.com\\\/avatar\\\/09a397c22ac58cad6f160ee8306348599df9df58a8ede73696226897b9fa4b24?s=96&d=mm&r=g\",\"contentUrl\":\"https:\\\/\\\/secure.gravatar.com\\\/avatar\\\/09a397c22ac58cad6f160ee8306348599df9df58a8ede73696226897b9fa4b24?s=96&d=mm&r=g\",\"caption\":\"Adelisa Kalajdzini\"},\"url\":\"https:\\\/\\\/www.organisator.ch\\\/en\\\/author\\\/adelisa-kalajdzini\\\/\"}]}<\/script>\n<!-- \/ Yoast SEO plugin. -->","yoast_head_json":{"title":"Martin Dudle becomes CISO of Inventx - Organizer","description":"Martin Dudle is the new CISO at Inventx, responsible for information security and compliance in a demanding industry.","robots":{"index":"index","follow":"follow","max-snippet":"max-snippet:-1","max-image-preview":"max-image-preview:large","max-video-preview":"max-video-preview:-1"},"canonical":"https:\/\/www.organisator.ch\/en\/operational-excellence\/2023-10-04\/martin-dudle-wird-ciso-von-inventx\/","og_locale":"en_US","og_type":"article","og_title":"Martin Dudle wird CISO von Inventx - Organisator","og_description":"Martin Dudle ist neuer CISO bei Inventx, verantwortlich f\u00fcr Informationssicherheit und Compliance in anspruchsvoller Branche.","og_url":"https:\/\/www.organisator.ch\/en\/operational-excellence\/2023-10-04\/martin-dudle-wird-ciso-von-inventx\/","og_site_name":"Organisator","article_publisher":"https:\/\/www.facebook.com\/OrganisatorFachmagazin","article_published_time":"2023-10-04T14:59:33+00:00","article_modified_time":"2024-11-14T07:32:42+00:00","og_image":[{"width":680,"height":454,"url":"https:\/\/www.organisator.ch\/wp-content\/uploads\/2023\/01\/Schweizer-Startups-Tausende-von-Arbeitsplaetzen-geschaffen_Organisator.jpg","type":"image\/jpeg"}],"author":"Adelisa Kalajdzini","twitter_card":"summary_large_image","schema":{"@context":"https:\/\/schema.org","@graph":[{"@type":"Article","@id":"https:\/\/www.organisator.ch\/operational-excellence\/2023-10-04\/martin-dudle-wird-ciso-von-inventx\/#article","isPartOf":{"@id":"https:\/\/www.organisator.ch\/operational-excellence\/2023-10-04\/martin-dudle-wird-ciso-von-inventx\/"},"author":{"name":"Adelisa Kalajdzini","@id":"https:\/\/www.organisator.ch\/#\/schema\/person\/2e1314a2172123f874db408d8911d3f3"},"headline":"Martin Dudle wird CISO von Inventx","datePublished":"2023-10-04T14:59:33+00:00","dateModified":"2024-11-14T07:32:42+00:00","mainEntityOfPage":{"@id":"https:\/\/www.organisator.ch\/operational-excellence\/2023-10-04\/martin-dudle-wird-ciso-von-inventx\/"},"wordCount":307,"publisher":{"@id":"https:\/\/www.organisator.ch\/#organization"},"image":{"@id":"https:\/\/www.organisator.ch\/operational-excellence\/2023-10-04\/martin-dudle-wird-ciso-von-inventx\/#primaryimage"},"thumbnailUrl":"https:\/\/www.m-q.ch\/wp-content\/uploads\/2023\/10\/MartinDudle_CISO_Inventx_Bild1_ps.jpg","articleSection":["OPERATIONAL EXCELLENCE"],"inLanguage":"en-US"},{"@type":"WebPage","@id":"https:\/\/www.organisator.ch\/operational-excellence\/2023-10-04\/martin-dudle-wird-ciso-von-inventx\/","url":"https:\/\/www.organisator.ch\/operational-excellence\/2023-10-04\/martin-dudle-wird-ciso-von-inventx\/","name":"Martin Dudle becomes CISO of Inventx - Organizer","isPartOf":{"@id":"https:\/\/www.organisator.ch\/#website"},"primaryImageOfPage":{"@id":"https:\/\/www.organisator.ch\/operational-excellence\/2023-10-04\/martin-dudle-wird-ciso-von-inventx\/#primaryimage"},"image":{"@id":"https:\/\/www.organisator.ch\/operational-excellence\/2023-10-04\/martin-dudle-wird-ciso-von-inventx\/#primaryimage"},"thumbnailUrl":"https:\/\/www.m-q.ch\/wp-content\/uploads\/2023\/10\/MartinDudle_CISO_Inventx_Bild1_ps.jpg","datePublished":"2023-10-04T14:59:33+00:00","dateModified":"2024-11-14T07:32:42+00:00","description":"Martin Dudle is the new CISO at Inventx, responsible for information security and compliance in a demanding industry.","breadcrumb":{"@id":"https:\/\/www.organisator.ch\/operational-excellence\/2023-10-04\/martin-dudle-wird-ciso-von-inventx\/#breadcrumb"},"inLanguage":"en-US","potentialAction":[{"@type":"ReadAction","target":["https:\/\/www.organisator.ch\/operational-excellence\/2023-10-04\/martin-dudle-wird-ciso-von-inventx\/"]}]},{"@type":"ImageObject","inLanguage":"en-US","@id":"https:\/\/www.organisator.ch\/operational-excellence\/2023-10-04\/martin-dudle-wird-ciso-von-inventx\/#primaryimage","url":"https:\/\/www.m-q.ch\/wp-content\/uploads\/2023\/10\/MartinDudle_CISO_Inventx_Bild1_ps.jpg","contentUrl":"https:\/\/www.m-q.ch\/wp-content\/uploads\/2023\/10\/MartinDudle_CISO_Inventx_Bild1_ps.jpg"},{"@type":"BreadcrumbList","@id":"https:\/\/www.organisator.ch\/operational-excellence\/2023-10-04\/martin-dudle-wird-ciso-von-inventx\/#breadcrumb","itemListElement":[{"@type":"ListItem","position":1,"name":"Home","item":"https:\/\/www.organisator.ch\/"},{"@type":"ListItem","position":2,"name":"Martin Dudle wird CISO von Inventx"}]},{"@type":"WebSite","@id":"https:\/\/www.organisator.ch\/#website","url":"https:\/\/www.organisator.ch\/","name":"Organizer","description":"Competent. Practical. In 10 issues per year, ORGANISATOR presents the essential topics for managers of SMEs.","publisher":{"@id":"https:\/\/www.organisator.ch\/#organization"},"potentialAction":[{"@type":"SearchAction","target":{"@type":"EntryPoint","urlTemplate":"https:\/\/www.organisator.ch\/?s={search_term_string}"},"query-input":{"@type":"PropertyValueSpecification","valueRequired":true,"valueName":"search_term_string"}}],"inLanguage":"en-US"},{"@type":"Organization","@id":"https:\/\/www.organisator.ch\/#organization","name":"Organizer","url":"https:\/\/www.organisator.ch\/","logo":{"@type":"ImageObject","inLanguage":"en-US","@id":"https:\/\/www.organisator.ch\/#\/schema\/logo\/image\/","url":"https:\/\/www.organisator.ch\/wp-content\/uploads\/2022\/01\/Logo_Organisator_Website.png","contentUrl":"https:\/\/www.organisator.ch\/wp-content\/uploads\/2022\/01\/Logo_Organisator_Website.png","width":800,"height":77,"caption":"Organisator"},"image":{"@id":"https:\/\/www.organisator.ch\/#\/schema\/logo\/image\/"},"sameAs":["https:\/\/www.facebook.com\/OrganisatorFachmagazin","https:\/\/www.linkedin.com\/showcase\/organisator-das-magazin-fr-kmu","https:\/\/www.xing.com\/news\/pages\/organisator-ch-695","https:\/\/www.youtube.com\/channel\/UCGP2Sq0iWaZwT3BdIAQFYpw"]},{"@type":"Person","@id":"https:\/\/www.organisator.ch\/#\/schema\/person\/2e1314a2172123f874db408d8911d3f3","name":"Adelisa Kalajdzini","image":{"@type":"ImageObject","inLanguage":"en-US","@id":"https:\/\/secure.gravatar.com\/avatar\/09a397c22ac58cad6f160ee8306348599df9df58a8ede73696226897b9fa4b24?s=96&d=mm&r=g","url":"https:\/\/secure.gravatar.com\/avatar\/09a397c22ac58cad6f160ee8306348599df9df58a8ede73696226897b9fa4b24?s=96&d=mm&r=g","contentUrl":"https:\/\/secure.gravatar.com\/avatar\/09a397c22ac58cad6f160ee8306348599df9df58a8ede73696226897b9fa4b24?s=96&d=mm&r=g","caption":"Adelisa Kalajdzini"},"url":"https:\/\/www.organisator.ch\/en\/author\/adelisa-kalajdzini\/"}]}},"_links":{"self":[{"href":"https:\/\/www.organisator.ch\/en\/wp-json\/wp\/v2\/posts\/22137","targetHints":{"allow":["GET"]}}],"collection":[{"href":"https:\/\/www.organisator.ch\/en\/wp-json\/wp\/v2\/posts"}],"about":[{"href":"https:\/\/www.organisator.ch\/en\/wp-json\/wp\/v2\/types\/post"}],"author":[{"embeddable":true,"href":"https:\/\/www.organisator.ch\/en\/wp-json\/wp\/v2\/users\/58"}],"replies":[{"embeddable":true,"href":"https:\/\/www.organisator.ch\/en\/wp-json\/wp\/v2\/comments?post=22137"}],"version-history":[{"count":3,"href":"https:\/\/www.organisator.ch\/en\/wp-json\/wp\/v2\/posts\/22137\/revisions"}],"predecessor-version":[{"id":32832,"href":"https:\/\/www.organisator.ch\/en\/wp-json\/wp\/v2\/posts\/22137\/revisions\/32832"}],"wp:attachment":[{"href":"https:\/\/www.organisator.ch\/en\/wp-json\/wp\/v2\/media?parent=22137"}],"wp:term":[{"taxonomy":"category","embeddable":true,"href":"https:\/\/www.organisator.ch\/en\/wp-json\/wp\/v2\/categories?post=22137"},{"taxonomy":"post_tag","embeddable":true,"href":"https:\/\/www.organisator.ch\/en\/wp-json\/wp\/v2\/tags?post=22137"}],"curies":[{"name":"wp","href":"https:\/\/api.w.org\/{rel}","templated":true}]}}