{"id":2215,"date":"2017-07-24T16:36:00","date_gmt":"2017-07-24T14:36:00","guid":{"rendered":"https:\/\/www.organisator.ch\/?p=2215"},"modified":"2017-07-24T16:36:00","modified_gmt":"2017-07-24T14:36:00","slug":"generation-silber-im-unternehmen","status":"publish","type":"post","link":"https:\/\/www.organisator.ch\/en\/management\/finanzen_recht\/2017-07-24\/generation-silber-im-unternehmen\/","title":{"rendered":"Generation Silver in the company"},"content":{"rendered":"<figure id=\"attachment_2216\" aria-describedby=\"caption-attachment-2216\" style=\"width: 640px\" class=\"wp-caption alignnone\"><img loading=\"lazy\" decoding=\"async\" class=\"size-full wp-image-2216\" src=\"https:\/\/www.organisator.ch\/wp-content\/uploads\/2017\/07\/Generation-Silber-im-Unternehmen-org-organisator.jpg\" alt=\"\" width=\"640\" height=\"427\" srcset=\"https:\/\/www.organisator.ch\/wp-content\/uploads\/2017\/07\/Generation-Silber-im-Unternehmen-org-organisator.jpg 640w, https:\/\/www.organisator.ch\/wp-content\/uploads\/2017\/07\/Generation-Silber-im-Unternehmen-org-organisator-16x12.jpg 16w, https:\/\/www.organisator.ch\/wp-content\/uploads\/2017\/07\/Generation-Silber-im-Unternehmen-org-organisator-262x175.jpg 262w, https:\/\/www.organisator.ch\/wp-content\/uploads\/2017\/07\/Generation-Silber-im-Unternehmen-org-organisator-525x350.jpg 525w, https:\/\/www.organisator.ch\/wp-content\/uploads\/2017\/07\/Generation-Silber-im-Unternehmen-org-organisator-300x200.jpg 300w\" sizes=\"auto, (max-width: 640px) 100vw, 640px\" \/><figcaption id=\"caption-attachment-2216\" class=\"wp-caption-text\">Rank, salary and management responsibility must not be understood in a linear fashion. The decisive factor for success is the corporate culture. (Image:depositphotos)<\/figcaption><\/figure>\n<p>It is possible that the silver generation will help to stop the shortage of qualified workers. Today, two major challenges are holding back the realization of longer working lives. First, older workers may not be able to balance productivity and labor costs.<\/p>\n<p>Rising wage trends, reinforced by the increase in non-wage labor costs in old age, cannot compensate for the productivity stagnation that sometimes occurs. If productivity and wage costs do not develop in step, older employees become less attractive for the company.<\/p>\n<p><strong>When know-how is a burden<\/strong><\/p>\n<p>Secondly, many years of company-specific knowledge can become a \"burden\" when looking for a job. This knowledge makes older employees attractive within the company and justifies a higher salary. Outside the company, on the other hand, the value of their knowledge is greatly reduced: anyone who is well networked within company X hardly offers company Y any added value.<\/p>\n<p>For older employees, this means that their market value is significantly reduced and discrepant with their previous salary and status when they look for a new job. If a company wants to utilize the potential of older workers, their qualities and needs must be taken into account. In this context, Generation Silver workers are by no means a homogeneous group, so successful models are usually flexible and tailored.<\/p>\n<p><strong>Rainbow career - take a step back<\/strong><\/p>\n<p>With flexible handling of wages and areas of responsibility, older employees can remain in the company even if they wish to reduce their area of responsibility or performance pressure or are no longer able to perform at their previous level (for example, for health reasons).<\/p>\n<p>In the rainbow career concept, the middle of working life is the zenith of the professional career. From the middle of working life onwards, there is a gradual reduction in requirements, salary and management responsibility. Thanks to flexibility, any discrepancy between salary, value added and position between the old and the new company can also be overcome in the case of a new job.<\/p>\n<p>The employee makes sacrifices with this concept. However, in a company with a rigid remuneration system, he would not be employed in the first place due to the discrepancy between remuneration and perceived quality.<\/p>\n<p>The rainbow career challenges not only the employee, but also the corporate culture if salary, rank and management responsibility are still conceived in a linear way (for example, remuneration according to seniority or personnel organization according to the up-or-out principle). Today, a step down in pay, rank or management responsibility is still often perceived as a demotion. Regular, systematic discussion of options can promote employees' openness to rainbow careers. At the same time, it also requires the entire company to be open to such solutions.<\/p>\n<p>Another possibility is to integrate (further) training into the remuneration system, for example instead of additional vacations, wage increases or bonuses. This meets a need of both the company and the older employee. A third possibility is a contractual agreement on the gross wage instead of the net wage.<\/p>\n<p>Due to the ancillary wage costs linked to age, the net wage decreases gradually, but the attractiveness of the employee of the silver generation for the company remains the same.<\/p>\n<p><em>You can find more information from the current UBS Outlook Switzerland at this <a href=\"https:\/\/snbchf.com\/2017\/07\/ubs-outlook-switzerland-generation-silver-labor-market\/\">Link<\/a><\/em><\/p>\n<p>&nbsp;<\/p>\n<p>&nbsp;<\/p>\n<p>&nbsp;<\/p>\n<p>&nbsp;<\/p>\n<p>&nbsp;<\/p>","protected":false},"excerpt":{"rendered":"<p>M\u00f6glicherweise gleicht die Generation Silber den Mangel an qualifizierten Arbeitnehmenden zu stoppen. Zwei bedeutende Herausforderungen hemmen heute die Realisierung eines l\u00e4ngeren Erwerbslebens. Erstens kann es bei \u00e4lteren Arbeitnehmenden dazu kommen, dass Produktivit\u00e4t und Lohnkosten sich nicht die Waage halten. Steigende Lohnverl\u00e4ufe, verst\u00e4rkt durch den Anstieg der Lohnnebenkosten im Alter, k\u00f6nnen die manchmal auftretende Produktivit\u00e4tsstagnation nicht [&hellip;]<\/p>\n","protected":false},"author":5,"featured_media":2216,"comment_status":"open","ping_status":"open","sticky":false,"template":"","format":"standard","meta":{"_acf_changed":false,"_yoast_wpseo_focuskw":"Generation Silber","_yoast_wpseo_metadesc":"Die Generation Silber w\u00e4chst in der Schweizer Bev\u00f6lkerung an. Zus\u00e4tzlich werden auch Kunden und Lieferanten im Durchschnitt \u00e4lter.","articlekey":"","footnotes":""},"categories":[24],"tags":[176,409,435],"class_list":["post-2215","post","type-post","status-publish","format-standard","has-post-thumbnail","hentry","category-finanzen_recht","tag-entloehnung","tag-regenbogenkarriere","tag-silber-generation"],"acf":[],"yoast_head":"<!-- This site is optimized with the Yoast SEO plugin v27.5 - https:\/\/yoast.com\/product\/yoast-seo-wordpress\/ -->\n<title>Generation Silber im Unternehmen - Organisator<\/title>\n<meta name=\"description\" content=\"Die Generation Silber w\u00e4chst in der Schweizer Bev\u00f6lkerung an. Zus\u00e4tzlich werden auch Kunden und Lieferanten im Durchschnitt \u00e4lter.\" \/>\n<meta name=\"robots\" content=\"index, follow, max-snippet:-1, max-image-preview:large, max-video-preview:-1\" \/>\n<link rel=\"canonical\" href=\"https:\/\/www.organisator.ch\/en\/management\/finanzen_recht\/2017-07-24\/generation-silber-im-unternehmen\/\" \/>\n<meta property=\"og:locale\" content=\"en_US\" \/>\n<meta property=\"og:type\" content=\"article\" \/>\n<meta property=\"og:title\" content=\"Generation Silber im Unternehmen - Organisator\" \/>\n<meta property=\"og:description\" content=\"Die Generation Silber w\u00e4chst in der Schweizer Bev\u00f6lkerung an. Zus\u00e4tzlich werden auch Kunden und Lieferanten im Durchschnitt \u00e4lter.\" \/>\n<meta property=\"og:url\" content=\"https:\/\/www.organisator.ch\/en\/management\/finanzen_recht\/2017-07-24\/generation-silber-im-unternehmen\/\" \/>\n<meta property=\"og:site_name\" content=\"Organisator\" \/>\n<meta property=\"article:publisher\" content=\"https:\/\/www.facebook.com\/OrganisatorFachmagazin\" \/>\n<meta property=\"article:published_time\" content=\"2017-07-24T14:36:00+00:00\" \/>\n<meta property=\"og:image\" content=\"https:\/\/www.organisator.ch\/wp-content\/uploads\/2017\/07\/Generation-Silber-im-Unternehmen-org-organisator.jpg\" \/>\n\t<meta property=\"og:image:width\" content=\"640\" \/>\n\t<meta property=\"og:image:height\" content=\"427\" \/>\n\t<meta property=\"og:image:type\" content=\"image\/jpeg\" \/>\n<meta name=\"author\" content=\"michael.merz\" \/>\n<meta name=\"twitter:card\" content=\"summary_large_image\" \/>\n<script type=\"application\/ld+json\" class=\"yoast-schema-graph\">{\"@context\":\"https:\\\/\\\/schema.org\",\"@graph\":[{\"@type\":\"Article\",\"@id\":\"https:\\\/\\\/www.organisator.ch\\\/management\\\/finanzen_recht\\\/2017-07-24\\\/generation-silber-im-unternehmen\\\/#article\",\"isPartOf\":{\"@id\":\"https:\\\/\\\/www.organisator.ch\\\/management\\\/finanzen_recht\\\/2017-07-24\\\/generation-silber-im-unternehmen\\\/\"},\"author\":{\"name\":\"michael.merz\",\"@id\":\"https:\\\/\\\/www.organisator.ch\\\/#\\\/schema\\\/person\\\/134708ca9321c57b0362cceb7948ffbd\"},\"headline\":\"Generation Silber im Unternehmen\",\"datePublished\":\"2017-07-24T14:36:00+00:00\",\"mainEntityOfPage\":{\"@id\":\"https:\\\/\\\/www.organisator.ch\\\/management\\\/finanzen_recht\\\/2017-07-24\\\/generation-silber-im-unternehmen\\\/\"},\"wordCount\":565,\"commentCount\":0,\"publisher\":{\"@id\":\"https:\\\/\\\/www.organisator.ch\\\/#organization\"},\"image\":{\"@id\":\"https:\\\/\\\/www.organisator.ch\\\/management\\\/finanzen_recht\\\/2017-07-24\\\/generation-silber-im-unternehmen\\\/#primaryimage\"},\"thumbnailUrl\":\"https:\\\/\\\/www.organisator.ch\\\/wp-content\\\/uploads\\\/2017\\\/07\\\/Generation-Silber-im-Unternehmen-org-organisator.jpg\",\"keywords\":[\"Entl\u00f6hnung\",\"Regenbogenkarriere\",\"Silber Generation\"],\"articleSection\":[\"FINANZEN\\\/RECHT\"],\"inLanguage\":\"en-US\"},{\"@type\":\"WebPage\",\"@id\":\"https:\\\/\\\/www.organisator.ch\\\/management\\\/finanzen_recht\\\/2017-07-24\\\/generation-silber-im-unternehmen\\\/\",\"url\":\"https:\\\/\\\/www.organisator.ch\\\/management\\\/finanzen_recht\\\/2017-07-24\\\/generation-silber-im-unternehmen\\\/\",\"name\":\"Generation Silber im Unternehmen - Organisator\",\"isPartOf\":{\"@id\":\"https:\\\/\\\/www.organisator.ch\\\/#website\"},\"primaryImageOfPage\":{\"@id\":\"https:\\\/\\\/www.organisator.ch\\\/management\\\/finanzen_recht\\\/2017-07-24\\\/generation-silber-im-unternehmen\\\/#primaryimage\"},\"image\":{\"@id\":\"https:\\\/\\\/www.organisator.ch\\\/management\\\/finanzen_recht\\\/2017-07-24\\\/generation-silber-im-unternehmen\\\/#primaryimage\"},\"thumbnailUrl\":\"https:\\\/\\\/www.organisator.ch\\\/wp-content\\\/uploads\\\/2017\\\/07\\\/Generation-Silber-im-Unternehmen-org-organisator.jpg\",\"datePublished\":\"2017-07-24T14:36:00+00:00\",\"description\":\"Die Generation Silber w\u00e4chst in der Schweizer Bev\u00f6lkerung an. Zus\u00e4tzlich werden auch Kunden und Lieferanten im Durchschnitt \u00e4lter.\",\"breadcrumb\":{\"@id\":\"https:\\\/\\\/www.organisator.ch\\\/management\\\/finanzen_recht\\\/2017-07-24\\\/generation-silber-im-unternehmen\\\/#breadcrumb\"},\"inLanguage\":\"en-US\",\"potentialAction\":[{\"@type\":\"ReadAction\",\"target\":[\"https:\\\/\\\/www.organisator.ch\\\/management\\\/finanzen_recht\\\/2017-07-24\\\/generation-silber-im-unternehmen\\\/\"]}]},{\"@type\":\"ImageObject\",\"inLanguage\":\"en-US\",\"@id\":\"https:\\\/\\\/www.organisator.ch\\\/management\\\/finanzen_recht\\\/2017-07-24\\\/generation-silber-im-unternehmen\\\/#primaryimage\",\"url\":\"https:\\\/\\\/www.organisator.ch\\\/wp-content\\\/uploads\\\/2017\\\/07\\\/Generation-Silber-im-Unternehmen-org-organisator.jpg\",\"contentUrl\":\"https:\\\/\\\/www.organisator.ch\\\/wp-content\\\/uploads\\\/2017\\\/07\\\/Generation-Silber-im-Unternehmen-org-organisator.jpg\",\"width\":640,\"height\":427,\"caption\":\"Rang, Lohn und F\u00fchrungsverantwortung d\u00fcrfen nicht linear verstanden werden. Ausschlaggebend f\u00fcr den Erfolg ist die Unternehmenskultur. (Bild:depositphotos)\"},{\"@type\":\"BreadcrumbList\",\"@id\":\"https:\\\/\\\/www.organisator.ch\\\/management\\\/finanzen_recht\\\/2017-07-24\\\/generation-silber-im-unternehmen\\\/#breadcrumb\",\"itemListElement\":[{\"@type\":\"ListItem\",\"position\":1,\"name\":\"Home\",\"item\":\"https:\\\/\\\/www.organisator.ch\\\/\"},{\"@type\":\"ListItem\",\"position\":2,\"name\":\"Generation Silber im Unternehmen\"}]},{\"@type\":\"WebSite\",\"@id\":\"https:\\\/\\\/www.organisator.ch\\\/#website\",\"url\":\"https:\\\/\\\/www.organisator.ch\\\/\",\"name\":\"Organisator\",\"description\":\"Kompetent. Praxisnah. Der ORGANISATOR bereitet in 10 Ausgaben pro Jahr die wesentlichen Themen f\u00fcr F\u00fchrungskr\u00e4fte von KMU auf.\",\"publisher\":{\"@id\":\"https:\\\/\\\/www.organisator.ch\\\/#organization\"},\"potentialAction\":[{\"@type\":\"SearchAction\",\"target\":{\"@type\":\"EntryPoint\",\"urlTemplate\":\"https:\\\/\\\/www.organisator.ch\\\/?s={search_term_string}\"},\"query-input\":{\"@type\":\"PropertyValueSpecification\",\"valueRequired\":true,\"valueName\":\"search_term_string\"}}],\"inLanguage\":\"en-US\"},{\"@type\":\"Organization\",\"@id\":\"https:\\\/\\\/www.organisator.ch\\\/#organization\",\"name\":\"Organisator\",\"url\":\"https:\\\/\\\/www.organisator.ch\\\/\",\"logo\":{\"@type\":\"ImageObject\",\"inLanguage\":\"en-US\",\"@id\":\"https:\\\/\\\/www.organisator.ch\\\/#\\\/schema\\\/logo\\\/image\\\/\",\"url\":\"https:\\\/\\\/www.organisator.ch\\\/wp-content\\\/uploads\\\/2022\\\/01\\\/Logo_Organisator_Website.png\",\"contentUrl\":\"https:\\\/\\\/www.organisator.ch\\\/wp-content\\\/uploads\\\/2022\\\/01\\\/Logo_Organisator_Website.png\",\"width\":800,\"height\":77,\"caption\":\"Organisator\"},\"image\":{\"@id\":\"https:\\\/\\\/www.organisator.ch\\\/#\\\/schema\\\/logo\\\/image\\\/\"},\"sameAs\":[\"https:\\\/\\\/www.facebook.com\\\/OrganisatorFachmagazin\",\"https:\\\/\\\/www.linkedin.com\\\/showcase\\\/organisator-das-magazin-fr-kmu\",\"https:\\\/\\\/www.xing.com\\\/news\\\/pages\\\/organisator-ch-695\",\"https:\\\/\\\/www.youtube.com\\\/channel\\\/UCGP2Sq0iWaZwT3BdIAQFYpw\"]},{\"@type\":\"Person\",\"@id\":\"https:\\\/\\\/www.organisator.ch\\\/#\\\/schema\\\/person\\\/134708ca9321c57b0362cceb7948ffbd\",\"name\":\"michael.merz\",\"image\":{\"@type\":\"ImageObject\",\"inLanguage\":\"en-US\",\"@id\":\"https:\\\/\\\/secure.gravatar.com\\\/avatar\\\/?s=96&d=mm&r=g\",\"url\":\"https:\\\/\\\/secure.gravatar.com\\\/avatar\\\/?s=96&d=mm&r=g\",\"contentUrl\":\"https:\\\/\\\/secure.gravatar.com\\\/avatar\\\/?s=96&d=mm&r=g\",\"caption\":\"michael.merz\"},\"url\":\"https:\\\/\\\/www.organisator.ch\\\/en\\\/author\\\/michael-merz\\\/\"}]}<\/script>\n<!-- \/ Yoast SEO plugin. -->","yoast_head_json":{"title":"Generation Silver in the company - organizer","description":"The silver generation is growing in the Swiss population. In addition, customers and suppliers are also getting older on average.","robots":{"index":"index","follow":"follow","max-snippet":"max-snippet:-1","max-image-preview":"max-image-preview:large","max-video-preview":"max-video-preview:-1"},"canonical":"https:\/\/www.organisator.ch\/en\/management\/finanzen_recht\/2017-07-24\/generation-silber-im-unternehmen\/","og_locale":"en_US","og_type":"article","og_title":"Generation Silber im Unternehmen - Organisator","og_description":"Die Generation Silber w\u00e4chst in der Schweizer Bev\u00f6lkerung an. Zus\u00e4tzlich werden auch Kunden und Lieferanten im Durchschnitt \u00e4lter.","og_url":"https:\/\/www.organisator.ch\/en\/management\/finanzen_recht\/2017-07-24\/generation-silber-im-unternehmen\/","og_site_name":"Organisator","article_publisher":"https:\/\/www.facebook.com\/OrganisatorFachmagazin","article_published_time":"2017-07-24T14:36:00+00:00","og_image":[{"width":640,"height":427,"url":"https:\/\/www.organisator.ch\/wp-content\/uploads\/2017\/07\/Generation-Silber-im-Unternehmen-org-organisator.jpg","type":"image\/jpeg"}],"author":"michael.merz","twitter_card":"summary_large_image","schema":{"@context":"https:\/\/schema.org","@graph":[{"@type":"Article","@id":"https:\/\/www.organisator.ch\/management\/finanzen_recht\/2017-07-24\/generation-silber-im-unternehmen\/#article","isPartOf":{"@id":"https:\/\/www.organisator.ch\/management\/finanzen_recht\/2017-07-24\/generation-silber-im-unternehmen\/"},"author":{"name":"michael.merz","@id":"https:\/\/www.organisator.ch\/#\/schema\/person\/134708ca9321c57b0362cceb7948ffbd"},"headline":"Generation Silber im Unternehmen","datePublished":"2017-07-24T14:36:00+00:00","mainEntityOfPage":{"@id":"https:\/\/www.organisator.ch\/management\/finanzen_recht\/2017-07-24\/generation-silber-im-unternehmen\/"},"wordCount":565,"commentCount":0,"publisher":{"@id":"https:\/\/www.organisator.ch\/#organization"},"image":{"@id":"https:\/\/www.organisator.ch\/management\/finanzen_recht\/2017-07-24\/generation-silber-im-unternehmen\/#primaryimage"},"thumbnailUrl":"https:\/\/www.organisator.ch\/wp-content\/uploads\/2017\/07\/Generation-Silber-im-Unternehmen-org-organisator.jpg","keywords":["Entl\u00f6hnung","Regenbogenkarriere","Silber Generation"],"articleSection":["FINANZEN\/RECHT"],"inLanguage":"en-US"},{"@type":"WebPage","@id":"https:\/\/www.organisator.ch\/management\/finanzen_recht\/2017-07-24\/generation-silber-im-unternehmen\/","url":"https:\/\/www.organisator.ch\/management\/finanzen_recht\/2017-07-24\/generation-silber-im-unternehmen\/","name":"Generation Silver in the company - organizer","isPartOf":{"@id":"https:\/\/www.organisator.ch\/#website"},"primaryImageOfPage":{"@id":"https:\/\/www.organisator.ch\/management\/finanzen_recht\/2017-07-24\/generation-silber-im-unternehmen\/#primaryimage"},"image":{"@id":"https:\/\/www.organisator.ch\/management\/finanzen_recht\/2017-07-24\/generation-silber-im-unternehmen\/#primaryimage"},"thumbnailUrl":"https:\/\/www.organisator.ch\/wp-content\/uploads\/2017\/07\/Generation-Silber-im-Unternehmen-org-organisator.jpg","datePublished":"2017-07-24T14:36:00+00:00","description":"The silver generation is growing in the Swiss population. In addition, customers and suppliers are also getting older on average.","breadcrumb":{"@id":"https:\/\/www.organisator.ch\/management\/finanzen_recht\/2017-07-24\/generation-silber-im-unternehmen\/#breadcrumb"},"inLanguage":"en-US","potentialAction":[{"@type":"ReadAction","target":["https:\/\/www.organisator.ch\/management\/finanzen_recht\/2017-07-24\/generation-silber-im-unternehmen\/"]}]},{"@type":"ImageObject","inLanguage":"en-US","@id":"https:\/\/www.organisator.ch\/management\/finanzen_recht\/2017-07-24\/generation-silber-im-unternehmen\/#primaryimage","url":"https:\/\/www.organisator.ch\/wp-content\/uploads\/2017\/07\/Generation-Silber-im-Unternehmen-org-organisator.jpg","contentUrl":"https:\/\/www.organisator.ch\/wp-content\/uploads\/2017\/07\/Generation-Silber-im-Unternehmen-org-organisator.jpg","width":640,"height":427,"caption":"Rang, Lohn und F\u00fchrungsverantwortung d\u00fcrfen nicht linear verstanden werden. Ausschlaggebend f\u00fcr den Erfolg ist die Unternehmenskultur. (Bild:depositphotos)"},{"@type":"BreadcrumbList","@id":"https:\/\/www.organisator.ch\/management\/finanzen_recht\/2017-07-24\/generation-silber-im-unternehmen\/#breadcrumb","itemListElement":[{"@type":"ListItem","position":1,"name":"Home","item":"https:\/\/www.organisator.ch\/"},{"@type":"ListItem","position":2,"name":"Generation Silber im Unternehmen"}]},{"@type":"WebSite","@id":"https:\/\/www.organisator.ch\/#website","url":"https:\/\/www.organisator.ch\/","name":"Organizer","description":"Competent. Practical. In 10 issues per year, ORGANISATOR presents the essential topics for managers of SMEs.","publisher":{"@id":"https:\/\/www.organisator.ch\/#organization"},"potentialAction":[{"@type":"SearchAction","target":{"@type":"EntryPoint","urlTemplate":"https:\/\/www.organisator.ch\/?s={search_term_string}"},"query-input":{"@type":"PropertyValueSpecification","valueRequired":true,"valueName":"search_term_string"}}],"inLanguage":"en-US"},{"@type":"Organization","@id":"https:\/\/www.organisator.ch\/#organization","name":"Organizer","url":"https:\/\/www.organisator.ch\/","logo":{"@type":"ImageObject","inLanguage":"en-US","@id":"https:\/\/www.organisator.ch\/#\/schema\/logo\/image\/","url":"https:\/\/www.organisator.ch\/wp-content\/uploads\/2022\/01\/Logo_Organisator_Website.png","contentUrl":"https:\/\/www.organisator.ch\/wp-content\/uploads\/2022\/01\/Logo_Organisator_Website.png","width":800,"height":77,"caption":"Organisator"},"image":{"@id":"https:\/\/www.organisator.ch\/#\/schema\/logo\/image\/"},"sameAs":["https:\/\/www.facebook.com\/OrganisatorFachmagazin","https:\/\/www.linkedin.com\/showcase\/organisator-das-magazin-fr-kmu","https:\/\/www.xing.com\/news\/pages\/organisator-ch-695","https:\/\/www.youtube.com\/channel\/UCGP2Sq0iWaZwT3BdIAQFYpw"]},{"@type":"Person","@id":"https:\/\/www.organisator.ch\/#\/schema\/person\/134708ca9321c57b0362cceb7948ffbd","name":"michael.merz","image":{"@type":"ImageObject","inLanguage":"en-US","@id":"https:\/\/secure.gravatar.com\/avatar\/?s=96&d=mm&r=g","url":"https:\/\/secure.gravatar.com\/avatar\/?s=96&d=mm&r=g","contentUrl":"https:\/\/secure.gravatar.com\/avatar\/?s=96&d=mm&r=g","caption":"michael.merz"},"url":"https:\/\/www.organisator.ch\/en\/author\/michael-merz\/"}]}},"_links":{"self":[{"href":"https:\/\/www.organisator.ch\/en\/wp-json\/wp\/v2\/posts\/2215","targetHints":{"allow":["GET"]}}],"collection":[{"href":"https:\/\/www.organisator.ch\/en\/wp-json\/wp\/v2\/posts"}],"about":[{"href":"https:\/\/www.organisator.ch\/en\/wp-json\/wp\/v2\/types\/post"}],"author":[{"embeddable":true,"href":"https:\/\/www.organisator.ch\/en\/wp-json\/wp\/v2\/users\/5"}],"replies":[{"embeddable":true,"href":"https:\/\/www.organisator.ch\/en\/wp-json\/wp\/v2\/comments?post=2215"}],"version-history":[{"count":0,"href":"https:\/\/www.organisator.ch\/en\/wp-json\/wp\/v2\/posts\/2215\/revisions"}],"wp:featuredmedia":[{"embeddable":true,"href":"https:\/\/www.organisator.ch\/en\/wp-json\/wp\/v2\/media\/2216"}],"wp:attachment":[{"href":"https:\/\/www.organisator.ch\/en\/wp-json\/wp\/v2\/media?parent=2215"}],"wp:term":[{"taxonomy":"category","embeddable":true,"href":"https:\/\/www.organisator.ch\/en\/wp-json\/wp\/v2\/categories?post=2215"},{"taxonomy":"post_tag","embeddable":true,"href":"https:\/\/www.organisator.ch\/en\/wp-json\/wp\/v2\/tags?post=2215"}],"curies":[{"name":"wp","href":"https:\/\/api.w.org\/{rel}","templated":true}]}}