{"id":2219,"date":"2019-06-20T12:05:21","date_gmt":"2019-06-20T10:05:21","guid":{"rendered":"https:\/\/www.umweltperspektiven.ch\/?p=2219"},"modified":"2022-02-09T11:10:06","modified_gmt":"2022-02-09T10:10:06","slug":"das-ppp-modell-ist-etabliert-nun-will-smart-city-die-staedte-voranbringen","status":"publish","type":"post","link":"https:\/\/www.organisator.ch\/en\/sustainability\/2019-06-20\/das-ppp-modell-ist-etabliert-nun-will-smart-city-die-staedte-voranbringen\/","title":{"rendered":"The PPP model is established; now Smart City wants to drive cities forward"},"content":{"rendered":"<p>&nbsp;<\/p>\n<figure id=\"attachment_2220\" aria-describedby=\"caption-attachment-2220\" style=\"width: 621px\" class=\"wp-caption alignnone\"><img loading=\"lazy\" decoding=\"async\" class=\"size-full wp-image-2220\" src=\"\/\/www.umweltperspektiven.ch\/wp-content\/uploads\/2019\/06\/PPP_Modell_Zueri_Velo_UP_Umwelt-Perspektiven.jpg\" alt=\"\" width=\"621\" height=\"435\" \/><figcaption id=\"caption-attachment-2220\" class=\"wp-caption-text\">In the city of Zurich, an automatic bike rental system is in operation on a PPP model. The Postbus subsidiary \"PubliBike\" is the private partner responsible for planning, setting up, operating and financing the more than 150 stations. \"Z\u00fcri Velo\" was launched on April 6, 2018; by summer 2019, its rental network should be fully operational with a total of 2,250 bicycles, half of which are e-bikes and half conventionally powered bicycles. (Image: PubliBike)<\/figcaption><\/figure>\n<p>Lorenz B\u00f6sch, President of the PPP Switzerland Association, emphasized at the General Assembly in Bern that the PPP model is now well established in Switzerland and is increasingly being considered for larger projects and tasks. The association's publications and events in recent years have made a significant contribution to this.<\/p>\n<p>Standardization of the PPP model has become firmly established in some areas. The association's efforts have helped to ensure that core elements of the PPP model have been incorporated and established as binding specifications by the federal government, the federal procurement conference and many other administrations.<\/p>\n<p>The knowledge gained with the support of many experts is publicly accessible. The association has thus largely achieved the goals it set itself and will cease its activities at the end of the month.<\/p>\n<p><strong>Smart City - means what exactly?<\/strong><\/p>\n<p>With a last public information event on the topic of \"Smart City\", the association PPP Switzerland, founded in 2006, ended its activities. The association had set itself the goal of anchoring the new model of public-private partnerships for the fulfillment of public tasks in Switzerland and promoting its standardization. The Smart City theme, which is also based on partnerships, aims to achieve ecological, economic and social sustainability, particularly in cities, and has many similarities with the association's previous efforts. According to current projections, Switzerland will have around ten million inhabitants in 2045 - the majority of them in large cities.<\/p>\n<p>Smart City is a collective term for holistic development concepts that aim to make cities more efficient, technologically advanced, greener and socially inclusive. These concepts include technical, economic and social innovations.<\/p>\n<p>According to Dr. Christian Geiger, President of the Smart City Hub Switzerland association, precautions are needed to maintain the quality of life and location in Switzerland. He is convinced that this is only possible in partnership between society, politics, administration and business.<\/p>\n<p><strong>New impetus for cities and more quality of life and location<\/strong><\/p>\n<p>Smart City Hub Switzerland was founded in summer 2018 by the cities of St. Gallen, Winterthur, Zug and Zurich together with SBB, Swisscom and Swiss Post. Other cities have become members in recent months, including Basel, Wil SG, Ittigen, Aarau, Lenzburg, Lucerne and Schaffhausen. Others are to follow, including cities from French-speaking Switzerland and Ticino. The association aims to promote the topic of smart cities throughout Switzerland with concrete projects. A central task of the Smart City Hub Switzerland is also to support its members in the implementation of public and private projects.<\/p>\n<p>Philippe Stadler Benz, interim head of the Smart City program at SBB, emphasized that SBB can make a significant contribution to a smart Switzerland with its networked mobility services, nationwide infrastructures and central, large-scale areas. Aware of this economic responsibility, it wants to support cantons, cities and municipalities as a strong partner on the path to the smart city.<\/p>\n<p>In spring 2019, the canton of Basel-Stadt and SBB opened the Smart City Lab Basel on the Wolf site, a few minutes by bike south of Basel's SBB train station. The Lab enables partners from business, science and government to develop and test innovative solutions for the city of tomorrow and for improving the quality of life and competitiveness of Switzerland as a whole. Until 2024, the Smart City Lab Basel offers around 160,000 m2 of space for smart city pilot projects and brings together ideas, knowledge and people to jointly address current and future challenges. The thematic focus is on the areas of mobility and logistics. Initial partners are working in the areas of city logistics, lighting control, energy, traffic counting and 3D data.<\/p>\n<p><strong>PPP model established, PPP Switzerland association ceases its activities<\/strong><\/p>\n<p><em>The knowledge developed by the PPP Association and its writings will be kept publicly available in the future by the Swiss Society for Administrative Sciences (<a href=\"\/\/www.sgvw.ch\">www.sgvw.ch<\/a>)<\/em><\/p>","protected":false},"excerpt":{"rendered":"<p>&nbsp; Lorenz B\u00f6sch, Pr\u00e4sident des Vereins PPP Schweiz betonte anl\u00e4sslich der General-Versammlung in Bern, dass das PPP-Modell heute in der Schweiz gut verankert sei und bei gr\u00f6sseren Vorhaben und Aufgaben immer h\u00e4ufiger in Erw\u00e4gung gezogen werde. Dazu h\u00e4tten die Publikationen und Veranstaltungen des Vereins in den vergangenen Jahren wesentlich beigetragen. Eine Standardisierung des PPP-Modells hat [&hellip;]<\/p>\n","protected":false},"author":5,"featured_media":9619,"comment_status":"open","ping_status":"open","sticky":false,"template":"","format":"standard","meta":{"_acf_changed":false,"_yoast_wpseo_focuskw":"PPP","_yoast_wpseo_metadesc":"Das PPP-Modell f\u00fcr \u00f6ffentlich-private Partnerschaften ist heute in der Schweiz etabliert und kommt vermehrt f\u00fcr Smart City Projekte zum Einsatz.","articlekey":"","footnotes":""},"categories":[580],"tags":[1604,424,2128,2443],"class_list":["post-2219","post","type-post","status-publish","format-standard","has-post-thumbnail","hentry","category-sustainability","tag-lebens-und-standortqualitaet","tag-schweiz","tag-smart-city","tag-verein"],"acf":[],"yoast_head":"<!-- This site is optimized with the Yoast SEO plugin v27.5 - https:\/\/yoast.com\/product\/yoast-seo-wordpress\/ -->\n<title>Das PPP-Modell ist etabliert; nun will Smart City die St\u00e4dte voranbringen - Organisator<\/title>\n<meta name=\"description\" content=\"Das PPP-Modell f\u00fcr \u00f6ffentlich-private Partnerschaften ist heute in der Schweiz etabliert und kommt vermehrt f\u00fcr Smart City Projekte zum Einsatz.\" \/>\n<meta name=\"robots\" content=\"index, follow, max-snippet:-1, max-image-preview:large, max-video-preview:-1\" \/>\n<link rel=\"canonical\" href=\"https:\/\/www.organisator.ch\/en\/sustainability\/2019-06-20\/das-ppp-modell-ist-etabliert-nun-will-smart-city-die-staedte-voranbringen\/\" \/>\n<meta property=\"og:locale\" content=\"en_US\" \/>\n<meta property=\"og:type\" content=\"article\" \/>\n<meta property=\"og:title\" content=\"Das PPP-Modell ist etabliert; nun will Smart City die St\u00e4dte voranbringen - Organisator\" \/>\n<meta property=\"og:description\" content=\"Das PPP-Modell f\u00fcr \u00f6ffentlich-private Partnerschaften ist heute in der Schweiz etabliert und kommt vermehrt f\u00fcr Smart City Projekte zum Einsatz.\" \/>\n<meta property=\"og:url\" content=\"https:\/\/www.organisator.ch\/en\/sustainability\/2019-06-20\/das-ppp-modell-ist-etabliert-nun-will-smart-city-die-staedte-voranbringen\/\" \/>\n<meta property=\"og:site_name\" content=\"Organisator\" \/>\n<meta property=\"article:publisher\" content=\"https:\/\/www.facebook.com\/OrganisatorFachmagazin\" \/>\n<meta property=\"article:published_time\" content=\"2019-06-20T10:05:21+00:00\" \/>\n<meta property=\"article:modified_time\" content=\"2022-02-09T10:10:06+00:00\" \/>\n<meta property=\"og:image\" content=\"https:\/\/www.organisator.ch\/wp-content\/uploads\/2019\/06\/PPP_Modell_Zueri_Velo_UP_Umwelt-Perspektiven.jpg\" \/>\n\t<meta property=\"og:image:width\" content=\"621\" \/>\n\t<meta property=\"og:image:height\" content=\"435\" \/>\n\t<meta property=\"og:image:type\" content=\"image\/jpeg\" \/>\n<meta name=\"author\" content=\"michael.merz\" \/>\n<meta name=\"twitter:card\" content=\"summary_large_image\" \/>\n<script type=\"application\/ld+json\" class=\"yoast-schema-graph\">{\"@context\":\"https:\\\/\\\/schema.org\",\"@graph\":[{\"@type\":\"Article\",\"@id\":\"https:\\\/\\\/www.organisator.ch\\\/sustainability\\\/2019-06-20\\\/das-ppp-modell-ist-etabliert-nun-will-smart-city-die-staedte-voranbringen\\\/#article\",\"isPartOf\":{\"@id\":\"https:\\\/\\\/www.organisator.ch\\\/sustainability\\\/2019-06-20\\\/das-ppp-modell-ist-etabliert-nun-will-smart-city-die-staedte-voranbringen\\\/\"},\"author\":{\"name\":\"michael.merz\",\"@id\":\"https:\\\/\\\/www.organisator.ch\\\/#\\\/schema\\\/person\\\/134708ca9321c57b0362cceb7948ffbd\"},\"headline\":\"Das PPP-Modell ist etabliert; nun will Smart City die St\u00e4dte voranbringen\",\"datePublished\":\"2019-06-20T10:05:21+00:00\",\"dateModified\":\"2022-02-09T10:10:06+00:00\",\"mainEntityOfPage\":{\"@id\":\"https:\\\/\\\/www.organisator.ch\\\/sustainability\\\/2019-06-20\\\/das-ppp-modell-ist-etabliert-nun-will-smart-city-die-staedte-voranbringen\\\/\"},\"wordCount\":733,\"commentCount\":0,\"publisher\":{\"@id\":\"https:\\\/\\\/www.organisator.ch\\\/#organization\"},\"image\":{\"@id\":\"https:\\\/\\\/www.organisator.ch\\\/sustainability\\\/2019-06-20\\\/das-ppp-modell-ist-etabliert-nun-will-smart-city-die-staedte-voranbringen\\\/#primaryimage\"},\"thumbnailUrl\":\"https:\\\/\\\/www.organisator.ch\\\/wp-content\\\/uploads\\\/2019\\\/06\\\/PPP_Modell_Zueri_Velo_UP_Umwelt-Perspektiven.jpg\",\"keywords\":[\"Lebens- und Standortqualit\u00e4t\",\"Schweiz\",\"Smart City\",\"Verein\"],\"articleSection\":[\"SUSTAINABILITY\"],\"inLanguage\":\"en-US\"},{\"@type\":\"WebPage\",\"@id\":\"https:\\\/\\\/www.organisator.ch\\\/sustainability\\\/2019-06-20\\\/das-ppp-modell-ist-etabliert-nun-will-smart-city-die-staedte-voranbringen\\\/\",\"url\":\"https:\\\/\\\/www.organisator.ch\\\/sustainability\\\/2019-06-20\\\/das-ppp-modell-ist-etabliert-nun-will-smart-city-die-staedte-voranbringen\\\/\",\"name\":\"Das PPP-Modell ist etabliert; nun will Smart City die St\u00e4dte voranbringen - Organisator\",\"isPartOf\":{\"@id\":\"https:\\\/\\\/www.organisator.ch\\\/#website\"},\"primaryImageOfPage\":{\"@id\":\"https:\\\/\\\/www.organisator.ch\\\/sustainability\\\/2019-06-20\\\/das-ppp-modell-ist-etabliert-nun-will-smart-city-die-staedte-voranbringen\\\/#primaryimage\"},\"image\":{\"@id\":\"https:\\\/\\\/www.organisator.ch\\\/sustainability\\\/2019-06-20\\\/das-ppp-modell-ist-etabliert-nun-will-smart-city-die-staedte-voranbringen\\\/#primaryimage\"},\"thumbnailUrl\":\"https:\\\/\\\/www.organisator.ch\\\/wp-content\\\/uploads\\\/2019\\\/06\\\/PPP_Modell_Zueri_Velo_UP_Umwelt-Perspektiven.jpg\",\"datePublished\":\"2019-06-20T10:05:21+00:00\",\"dateModified\":\"2022-02-09T10:10:06+00:00\",\"description\":\"Das PPP-Modell f\u00fcr \u00f6ffentlich-private Partnerschaften ist heute in der Schweiz etabliert und kommt vermehrt f\u00fcr Smart City Projekte zum Einsatz.\",\"breadcrumb\":{\"@id\":\"https:\\\/\\\/www.organisator.ch\\\/sustainability\\\/2019-06-20\\\/das-ppp-modell-ist-etabliert-nun-will-smart-city-die-staedte-voranbringen\\\/#breadcrumb\"},\"inLanguage\":\"en-US\",\"potentialAction\":[{\"@type\":\"ReadAction\",\"target\":[\"https:\\\/\\\/www.organisator.ch\\\/sustainability\\\/2019-06-20\\\/das-ppp-modell-ist-etabliert-nun-will-smart-city-die-staedte-voranbringen\\\/\"]}]},{\"@type\":\"ImageObject\",\"inLanguage\":\"en-US\",\"@id\":\"https:\\\/\\\/www.organisator.ch\\\/sustainability\\\/2019-06-20\\\/das-ppp-modell-ist-etabliert-nun-will-smart-city-die-staedte-voranbringen\\\/#primaryimage\",\"url\":\"https:\\\/\\\/www.organisator.ch\\\/wp-content\\\/uploads\\\/2019\\\/06\\\/PPP_Modell_Zueri_Velo_UP_Umwelt-Perspektiven.jpg\",\"contentUrl\":\"https:\\\/\\\/www.organisator.ch\\\/wp-content\\\/uploads\\\/2019\\\/06\\\/PPP_Modell_Zueri_Velo_UP_Umwelt-Perspektiven.jpg\",\"width\":621,\"height\":435,\"caption\":\"In der Stadt Z\u00fcrich ist ein automatisches Veloverleihsystem im PPP-Modell in Betrieb. Privater Partner und verantwortlich f\u00fcr Planung, Aufbau, Betrieb und Finanzierung der \u00fcber 150 Stationen ist die Postauto-Tochter \\\"PubliBike\\\". \u201cZ\u00fcri Velo\u201c ist am 6. April 2018 gestartet; bis im Sommer 2019 soll sein Verleihnetz mit insgesamt 2\u2018250 Fahrr\u00e4dern, je zur H\u00e4lfte aus E-Bikes und konventionell betriebenen Velos, komplett in Betrieb sein. (Bild: PubliBike)\"},{\"@type\":\"BreadcrumbList\",\"@id\":\"https:\\\/\\\/www.organisator.ch\\\/sustainability\\\/2019-06-20\\\/das-ppp-modell-ist-etabliert-nun-will-smart-city-die-staedte-voranbringen\\\/#breadcrumb\",\"itemListElement\":[{\"@type\":\"ListItem\",\"position\":1,\"name\":\"Home\",\"item\":\"https:\\\/\\\/www.organisator.ch\\\/\"},{\"@type\":\"ListItem\",\"position\":2,\"name\":\"Das PPP-Modell ist etabliert; nun will Smart City die St\u00e4dte voranbringen\"}]},{\"@type\":\"WebSite\",\"@id\":\"https:\\\/\\\/www.organisator.ch\\\/#website\",\"url\":\"https:\\\/\\\/www.organisator.ch\\\/\",\"name\":\"Organisator\",\"description\":\"Kompetent. Praxisnah. Der ORGANISATOR bereitet in 10 Ausgaben pro Jahr die wesentlichen Themen f\u00fcr F\u00fchrungskr\u00e4fte von KMU auf.\",\"publisher\":{\"@id\":\"https:\\\/\\\/www.organisator.ch\\\/#organization\"},\"potentialAction\":[{\"@type\":\"SearchAction\",\"target\":{\"@type\":\"EntryPoint\",\"urlTemplate\":\"https:\\\/\\\/www.organisator.ch\\\/?s={search_term_string}\"},\"query-input\":{\"@type\":\"PropertyValueSpecification\",\"valueRequired\":true,\"valueName\":\"search_term_string\"}}],\"inLanguage\":\"en-US\"},{\"@type\":\"Organization\",\"@id\":\"https:\\\/\\\/www.organisator.ch\\\/#organization\",\"name\":\"Organisator\",\"url\":\"https:\\\/\\\/www.organisator.ch\\\/\",\"logo\":{\"@type\":\"ImageObject\",\"inLanguage\":\"en-US\",\"@id\":\"https:\\\/\\\/www.organisator.ch\\\/#\\\/schema\\\/logo\\\/image\\\/\",\"url\":\"https:\\\/\\\/www.organisator.ch\\\/wp-content\\\/uploads\\\/2022\\\/01\\\/Logo_Organisator_Website.png\",\"contentUrl\":\"https:\\\/\\\/www.organisator.ch\\\/wp-content\\\/uploads\\\/2022\\\/01\\\/Logo_Organisator_Website.png\",\"width\":800,\"height\":77,\"caption\":\"Organisator\"},\"image\":{\"@id\":\"https:\\\/\\\/www.organisator.ch\\\/#\\\/schema\\\/logo\\\/image\\\/\"},\"sameAs\":[\"https:\\\/\\\/www.facebook.com\\\/OrganisatorFachmagazin\",\"https:\\\/\\\/www.linkedin.com\\\/showcase\\\/organisator-das-magazin-fr-kmu\",\"https:\\\/\\\/www.xing.com\\\/news\\\/pages\\\/organisator-ch-695\",\"https:\\\/\\\/www.youtube.com\\\/channel\\\/UCGP2Sq0iWaZwT3BdIAQFYpw\"]},{\"@type\":\"Person\",\"@id\":\"https:\\\/\\\/www.organisator.ch\\\/#\\\/schema\\\/person\\\/134708ca9321c57b0362cceb7948ffbd\",\"name\":\"michael.merz\",\"image\":{\"@type\":\"ImageObject\",\"inLanguage\":\"en-US\",\"@id\":\"https:\\\/\\\/secure.gravatar.com\\\/avatar\\\/?s=96&d=mm&r=g\",\"url\":\"https:\\\/\\\/secure.gravatar.com\\\/avatar\\\/?s=96&d=mm&r=g\",\"contentUrl\":\"https:\\\/\\\/secure.gravatar.com\\\/avatar\\\/?s=96&d=mm&r=g\",\"caption\":\"michael.merz\"},\"url\":\"https:\\\/\\\/www.organisator.ch\\\/en\\\/author\\\/michael-merz\\\/\"}]}<\/script>\n<!-- \/ Yoast SEO plugin. -->","yoast_head_json":{"title":"The PPP model is established; now Smart City wants to drive cities forward - organizer","description":"The PPP model for public-private partnerships is now established in Switzerland and is increasingly used for smart city projects.","robots":{"index":"index","follow":"follow","max-snippet":"max-snippet:-1","max-image-preview":"max-image-preview:large","max-video-preview":"max-video-preview:-1"},"canonical":"https:\/\/www.organisator.ch\/en\/sustainability\/2019-06-20\/das-ppp-modell-ist-etabliert-nun-will-smart-city-die-staedte-voranbringen\/","og_locale":"en_US","og_type":"article","og_title":"Das PPP-Modell ist etabliert; nun will Smart City die St\u00e4dte voranbringen - Organisator","og_description":"Das PPP-Modell f\u00fcr \u00f6ffentlich-private Partnerschaften ist heute in der Schweiz etabliert und kommt vermehrt f\u00fcr Smart City Projekte zum Einsatz.","og_url":"https:\/\/www.organisator.ch\/en\/sustainability\/2019-06-20\/das-ppp-modell-ist-etabliert-nun-will-smart-city-die-staedte-voranbringen\/","og_site_name":"Organisator","article_publisher":"https:\/\/www.facebook.com\/OrganisatorFachmagazin","article_published_time":"2019-06-20T10:05:21+00:00","article_modified_time":"2022-02-09T10:10:06+00:00","og_image":[{"width":621,"height":435,"url":"https:\/\/www.organisator.ch\/wp-content\/uploads\/2019\/06\/PPP_Modell_Zueri_Velo_UP_Umwelt-Perspektiven.jpg","type":"image\/jpeg"}],"author":"michael.merz","twitter_card":"summary_large_image","schema":{"@context":"https:\/\/schema.org","@graph":[{"@type":"Article","@id":"https:\/\/www.organisator.ch\/sustainability\/2019-06-20\/das-ppp-modell-ist-etabliert-nun-will-smart-city-die-staedte-voranbringen\/#article","isPartOf":{"@id":"https:\/\/www.organisator.ch\/sustainability\/2019-06-20\/das-ppp-modell-ist-etabliert-nun-will-smart-city-die-staedte-voranbringen\/"},"author":{"name":"michael.merz","@id":"https:\/\/www.organisator.ch\/#\/schema\/person\/134708ca9321c57b0362cceb7948ffbd"},"headline":"Das PPP-Modell ist etabliert; nun will Smart City die St\u00e4dte voranbringen","datePublished":"2019-06-20T10:05:21+00:00","dateModified":"2022-02-09T10:10:06+00:00","mainEntityOfPage":{"@id":"https:\/\/www.organisator.ch\/sustainability\/2019-06-20\/das-ppp-modell-ist-etabliert-nun-will-smart-city-die-staedte-voranbringen\/"},"wordCount":733,"commentCount":0,"publisher":{"@id":"https:\/\/www.organisator.ch\/#organization"},"image":{"@id":"https:\/\/www.organisator.ch\/sustainability\/2019-06-20\/das-ppp-modell-ist-etabliert-nun-will-smart-city-die-staedte-voranbringen\/#primaryimage"},"thumbnailUrl":"https:\/\/www.organisator.ch\/wp-content\/uploads\/2019\/06\/PPP_Modell_Zueri_Velo_UP_Umwelt-Perspektiven.jpg","keywords":["Lebens- und Standortqualit\u00e4t","Schweiz","Smart City","Verein"],"articleSection":["SUSTAINABILITY"],"inLanguage":"en-US"},{"@type":"WebPage","@id":"https:\/\/www.organisator.ch\/sustainability\/2019-06-20\/das-ppp-modell-ist-etabliert-nun-will-smart-city-die-staedte-voranbringen\/","url":"https:\/\/www.organisator.ch\/sustainability\/2019-06-20\/das-ppp-modell-ist-etabliert-nun-will-smart-city-die-staedte-voranbringen\/","name":"The PPP model is established; now Smart City wants to drive cities forward - organizer","isPartOf":{"@id":"https:\/\/www.organisator.ch\/#website"},"primaryImageOfPage":{"@id":"https:\/\/www.organisator.ch\/sustainability\/2019-06-20\/das-ppp-modell-ist-etabliert-nun-will-smart-city-die-staedte-voranbringen\/#primaryimage"},"image":{"@id":"https:\/\/www.organisator.ch\/sustainability\/2019-06-20\/das-ppp-modell-ist-etabliert-nun-will-smart-city-die-staedte-voranbringen\/#primaryimage"},"thumbnailUrl":"https:\/\/www.organisator.ch\/wp-content\/uploads\/2019\/06\/PPP_Modell_Zueri_Velo_UP_Umwelt-Perspektiven.jpg","datePublished":"2019-06-20T10:05:21+00:00","dateModified":"2022-02-09T10:10:06+00:00","description":"The PPP model for public-private partnerships is now established in Switzerland and is increasingly used for smart city projects.","breadcrumb":{"@id":"https:\/\/www.organisator.ch\/sustainability\/2019-06-20\/das-ppp-modell-ist-etabliert-nun-will-smart-city-die-staedte-voranbringen\/#breadcrumb"},"inLanguage":"en-US","potentialAction":[{"@type":"ReadAction","target":["https:\/\/www.organisator.ch\/sustainability\/2019-06-20\/das-ppp-modell-ist-etabliert-nun-will-smart-city-die-staedte-voranbringen\/"]}]},{"@type":"ImageObject","inLanguage":"en-US","@id":"https:\/\/www.organisator.ch\/sustainability\/2019-06-20\/das-ppp-modell-ist-etabliert-nun-will-smart-city-die-staedte-voranbringen\/#primaryimage","url":"https:\/\/www.organisator.ch\/wp-content\/uploads\/2019\/06\/PPP_Modell_Zueri_Velo_UP_Umwelt-Perspektiven.jpg","contentUrl":"https:\/\/www.organisator.ch\/wp-content\/uploads\/2019\/06\/PPP_Modell_Zueri_Velo_UP_Umwelt-Perspektiven.jpg","width":621,"height":435,"caption":"In der Stadt Z\u00fcrich ist ein automatisches Veloverleihsystem im PPP-Modell in Betrieb. Privater Partner und verantwortlich f\u00fcr Planung, Aufbau, Betrieb und Finanzierung der \u00fcber 150 Stationen ist die Postauto-Tochter \"PubliBike\". \u201cZ\u00fcri Velo\u201c ist am 6. April 2018 gestartet; bis im Sommer 2019 soll sein Verleihnetz mit insgesamt 2\u2018250 Fahrr\u00e4dern, je zur H\u00e4lfte aus E-Bikes und konventionell betriebenen Velos, komplett in Betrieb sein. (Bild: PubliBike)"},{"@type":"BreadcrumbList","@id":"https:\/\/www.organisator.ch\/sustainability\/2019-06-20\/das-ppp-modell-ist-etabliert-nun-will-smart-city-die-staedte-voranbringen\/#breadcrumb","itemListElement":[{"@type":"ListItem","position":1,"name":"Home","item":"https:\/\/www.organisator.ch\/"},{"@type":"ListItem","position":2,"name":"Das PPP-Modell ist etabliert; nun will Smart City die St\u00e4dte voranbringen"}]},{"@type":"WebSite","@id":"https:\/\/www.organisator.ch\/#website","url":"https:\/\/www.organisator.ch\/","name":"Organizer","description":"Competent. Practical. In 10 issues per year, ORGANISATOR presents the essential topics for managers of SMEs.","publisher":{"@id":"https:\/\/www.organisator.ch\/#organization"},"potentialAction":[{"@type":"SearchAction","target":{"@type":"EntryPoint","urlTemplate":"https:\/\/www.organisator.ch\/?s={search_term_string}"},"query-input":{"@type":"PropertyValueSpecification","valueRequired":true,"valueName":"search_term_string"}}],"inLanguage":"en-US"},{"@type":"Organization","@id":"https:\/\/www.organisator.ch\/#organization","name":"Organizer","url":"https:\/\/www.organisator.ch\/","logo":{"@type":"ImageObject","inLanguage":"en-US","@id":"https:\/\/www.organisator.ch\/#\/schema\/logo\/image\/","url":"https:\/\/www.organisator.ch\/wp-content\/uploads\/2022\/01\/Logo_Organisator_Website.png","contentUrl":"https:\/\/www.organisator.ch\/wp-content\/uploads\/2022\/01\/Logo_Organisator_Website.png","width":800,"height":77,"caption":"Organisator"},"image":{"@id":"https:\/\/www.organisator.ch\/#\/schema\/logo\/image\/"},"sameAs":["https:\/\/www.facebook.com\/OrganisatorFachmagazin","https:\/\/www.linkedin.com\/showcase\/organisator-das-magazin-fr-kmu","https:\/\/www.xing.com\/news\/pages\/organisator-ch-695","https:\/\/www.youtube.com\/channel\/UCGP2Sq0iWaZwT3BdIAQFYpw"]},{"@type":"Person","@id":"https:\/\/www.organisator.ch\/#\/schema\/person\/134708ca9321c57b0362cceb7948ffbd","name":"michael.merz","image":{"@type":"ImageObject","inLanguage":"en-US","@id":"https:\/\/secure.gravatar.com\/avatar\/?s=96&d=mm&r=g","url":"https:\/\/secure.gravatar.com\/avatar\/?s=96&d=mm&r=g","contentUrl":"https:\/\/secure.gravatar.com\/avatar\/?s=96&d=mm&r=g","caption":"michael.merz"},"url":"https:\/\/www.organisator.ch\/en\/author\/michael-merz\/"}]}},"_links":{"self":[{"href":"https:\/\/www.organisator.ch\/en\/wp-json\/wp\/v2\/posts\/2219","targetHints":{"allow":["GET"]}}],"collection":[{"href":"https:\/\/www.organisator.ch\/en\/wp-json\/wp\/v2\/posts"}],"about":[{"href":"https:\/\/www.organisator.ch\/en\/wp-json\/wp\/v2\/types\/post"}],"author":[{"embeddable":true,"href":"https:\/\/www.organisator.ch\/en\/wp-json\/wp\/v2\/users\/5"}],"replies":[{"embeddable":true,"href":"https:\/\/www.organisator.ch\/en\/wp-json\/wp\/v2\/comments?post=2219"}],"version-history":[{"count":1,"href":"https:\/\/www.organisator.ch\/en\/wp-json\/wp\/v2\/posts\/2219\/revisions"}],"predecessor-version":[{"id":10900,"href":"https:\/\/www.organisator.ch\/en\/wp-json\/wp\/v2\/posts\/2219\/revisions\/10900"}],"wp:featuredmedia":[{"embeddable":true,"href":"https:\/\/www.organisator.ch\/en\/wp-json\/wp\/v2\/media\/9619"}],"wp:attachment":[{"href":"https:\/\/www.organisator.ch\/en\/wp-json\/wp\/v2\/media?parent=2219"}],"wp:term":[{"taxonomy":"category","embeddable":true,"href":"https:\/\/www.organisator.ch\/en\/wp-json\/wp\/v2\/categories?post=2219"},{"taxonomy":"post_tag","embeddable":true,"href":"https:\/\/www.organisator.ch\/en\/wp-json\/wp\/v2\/tags?post=2219"}],"curies":[{"name":"wp","href":"https:\/\/api.w.org\/{rel}","templated":true}]}}