{"id":22218,"date":"2023-10-10T10:39:13","date_gmt":"2023-10-10T08:39:13","guid":{"rendered":"https:\/\/www.organisator.ch\/?p=22218"},"modified":"2023-10-10T11:41:10","modified_gmt":"2023-10-10T09:41:10","slug":"hwz-verleihung-des-nachhaltigkeitspreises","status":"publish","type":"post","link":"https:\/\/www.organisator.ch\/en\/sustainability\/2023-10-10\/hwz-verleihung-des-nachhaltigkeitspreises\/","title":{"rendered":"HWZ: Presentation of the Sustainability Award"},"content":{"rendered":"<figure id=\"attachment_22219\" aria-describedby=\"caption-attachment-22219\" style=\"width: 680px\" class=\"wp-caption alignnone\"><img loading=\"lazy\" decoding=\"async\" class=\"size-full wp-image-22219\" src=\"https:\/\/www.organisator.ch\/wp-content\/uploads\/2023\/10\/Nachhaltigkeitspreis-HWZ_Bild1_ps.jpg\" alt=\"\" width=\"680\" height=\"453\" srcset=\"https:\/\/www.organisator.ch\/wp-content\/uploads\/2023\/10\/Nachhaltigkeitspreis-HWZ_Bild1_ps.jpg 680w, https:\/\/www.organisator.ch\/wp-content\/uploads\/2023\/10\/Nachhaltigkeitspreis-HWZ_Bild1_ps-18x12.jpg 18w, https:\/\/www.organisator.ch\/wp-content\/uploads\/2023\/10\/Nachhaltigkeitspreis-HWZ_Bild1_ps-375x250.jpg 375w, https:\/\/www.organisator.ch\/wp-content\/uploads\/2023\/10\/Nachhaltigkeitspreis-HWZ_Bild1_ps-525x350.jpg 525w\" sizes=\"auto, (max-width: 680px) 100vw, 680px\" \/><figcaption id=\"caption-attachment-22219\" class=\"wp-caption-text\">From left to right: Andrea G\u00e4umann, Senior Consultant at BHP - Brugger und Partner AG and jury member of the Sustainability Award, Medina Seferovic, graduate of Bachelor Business Administration HWZ and award winner, and Prof. Matthias R\u00fcegg, Rector HWZ. (Image: Louis Rosenthal, www.fh-hwz.ch)<\/figcaption><\/figure>\n<p>Around a quarter of the greenhouse gases emitted in Switzerland and around 40% of the nationwide energy consumption are attributable to the building sector. At the same time, over one million buildings in Switzerland are in urgent need of renovation from an energy perspective. But renovation progress is slow: For Switzerland to achieve its climate targets, the renovation rate would have to be tripled.<\/p>\n<h3><strong>Challenges with condominiums<\/strong><\/h3>\n<p>Among others, homeowners are also responsible. The home ownership rate in Switzerland is around 36%, with around one third of homeowners living in condominiums. Medina Seferovic focused on this group in her bachelor thesis. This is because renovation projects are often particularly difficult for condominiums, as the necessary majority must be found in the condominium owners' meeting.<\/p>\n<h3><strong>Practical recommendations for action for a sustainable future<\/strong><\/h3>\n<p>In order to answer the question: Which approaches are suitable to increase the renovation speed of condominium owners?, Medina Seferovic interviewed several experts in a first step after an extensive literature research. Based on this, she identified several factors that should have a positive or negative impact on the likelihood of an energetic renovation. In a second step, she conducted a survey among condominium owners in order to test the hypotheses thus established.<\/p>\n<p>Some hypotheses were confirmed. For example, a lack of know-how or conflicting opinions between the generations in a condominium owners' association reduce the probability of an energy-related renovation. However, the study also provides surprising findings. The analysis of the survey shows, among other things, that neither the perceived benefit of the measures nor the personal attitude towards the environment have a significant influence on the probability of an energetic refurbishment.<\/p>\n<p>Finally, the author provides valuable and practice-oriented recommendations for condominium owners, condominium administrators and companies in the energy consulting and construction industry on how to increase the rate of renovation in condominiums.<\/p>\n<h3><strong>The awarding of the UBS Sustainability Prize <\/strong><\/h3>\n<p>For the fifth time in a row, the HWZ, in cooperation with UBS, is awarding the Sustainability Prize for outstanding bachelor theses. With this award, the jury particularly wants to acknowledge the relevance of the topic, the exemplary scientific approach of Ms. Seferovic as well as the high practical benefit of the thesis due to the given recommendations for action. The award was presented at the HWZ Bachelor's degree ceremony on Wednesday, October 4, 2023.<\/p>\n<p><em>Source: <a href=\"https:\/\/fh-hwz.ch\/?utm_term=hwz&amp;utm_campaign=(p_dach)(g_commitment)(o_conversions)(i_dach)(n_gsn)(t_brand)(f_std-gsn)&amp;utm_source=adwords&amp;utm_medium=ppc&amp;hsa_acc=7787536494&amp;hsa_cam=177794120&amp;hsa_grp=10650888320&amp;hsa_ad=358492847932&amp;hsa_src=g&amp;hsa_tgt=kwd-760397562&amp;hsa_kw=hwz&amp;hsa_mt=e&amp;hsa_net=adwords&amp;hsa_ver=3&amp;gad=1&amp;gclid=EAIaIQobChMIurLzw4HrgQMV-pRoCR1x7QQpEAAYASAAEgI7LfD_BwE\">www.fh-hwz.ch\u00a0<\/a><\/em><\/p>","protected":false},"excerpt":{"rendered":"<p>Many condominium properties are in urgent need of energy renovation, but renovation projects often meet with resistance at condominium owners' meetings. In view of climate change, however, it is crucial to increase the speed of renovation. The aspired acceleration of energy refurbishment of condominiums is the focus of Medina Seferovic's bachelor thesis. She is this year's winner of the UBS Sustainability Award for outstanding bachelor theses at the HWZ School of Business Zurich and with her work makes a valuable contribution to sustainability in the building sector. <\/p>","protected":false},"author":58,"featured_media":22219,"comment_status":"closed","ping_status":"closed","sticky":false,"template":"","format":"standard","meta":{"_acf_changed":false,"_yoast_wpseo_focuskw":"Nachhaltigkeitspreis","_yoast_wpseo_metadesc":"Medina Seferovic gewinnt dieses Jahr den UBS-Nachhaltigkeitspreis f\u00fcr herausragende Bachelorarbeiten der HWZ.","articlekey":"","footnotes":""},"categories":[580],"tags":[62,66,358],"class_list":["post-22218","post","type-post","status-publish","format-standard","has-post-thumbnail","hentry","category-sustainability","tag-aus-weiterbildung","tag-awards","tag-nachhaltige-wirtschaft"],"acf":[],"yoast_head":"<!-- This site is optimized with the Yoast SEO plugin v27.5 - https:\/\/yoast.com\/product\/yoast-seo-wordpress\/ -->\n<title>HWZ: Verleihung des Nachhaltigkeitspreises - Organisator<\/title>\n<meta name=\"description\" content=\"Medina Seferovic gewinnt dieses Jahr den UBS-Nachhaltigkeitspreis f\u00fcr herausragende Bachelorarbeiten der HWZ.\" \/>\n<meta name=\"robots\" content=\"index, follow, max-snippet:-1, max-image-preview:large, max-video-preview:-1\" \/>\n<link rel=\"canonical\" href=\"https:\/\/www.organisator.ch\/en\/sustainability\/2023-10-10\/hwz-verleihung-des-nachhaltigkeitspreises\/\" \/>\n<meta property=\"og:locale\" content=\"en_US\" \/>\n<meta property=\"og:type\" content=\"article\" \/>\n<meta property=\"og:title\" content=\"HWZ: Verleihung des Nachhaltigkeitspreises\" \/>\n<meta property=\"og:description\" content=\"Medina Seferovic gewinnt dieses Jahr den UBS-Nachhaltigkeitspreis f\u00fcr herausragende Bachelorarbeiten der HWZ.\" \/>\n<meta property=\"og:url\" content=\"https:\/\/www.organisator.ch\/en\/sustainability\/2023-10-10\/hwz-verleihung-des-nachhaltigkeitspreises\/\" \/>\n<meta property=\"og:site_name\" content=\"Organisator\" \/>\n<meta property=\"article:publisher\" content=\"https:\/\/www.facebook.com\/OrganisatorFachmagazin\" \/>\n<meta property=\"article:published_time\" content=\"2023-10-10T08:39:13+00:00\" \/>\n<meta property=\"article:modified_time\" content=\"2023-10-10T09:41:10+00:00\" \/>\n<meta property=\"og:image\" content=\"https:\/\/www.organisator.ch\/wp-content\/uploads\/2023\/10\/Nachhaltigkeitspreis-HWZ_Bild1_ps.jpg\" \/>\n\t<meta property=\"og:image:width\" content=\"680\" \/>\n\t<meta property=\"og:image:height\" content=\"453\" \/>\n\t<meta property=\"og:image:type\" content=\"image\/jpeg\" \/>\n<meta name=\"author\" content=\"Adelisa Kalajdzini\" \/>\n<meta name=\"twitter:card\" content=\"summary_large_image\" \/>\n<meta name=\"twitter:title\" content=\"HWZ: Verleihung des #Nachhaltigkeitspreises\" \/>\n<meta name=\"twitter:description\" content=\"Medina Seferovic gewinnt dieses Jahr den UBS-#Nachhaltigkeitspreis f\u00fcr herausragende #Bachelorarbeiten der HWZ.\" \/>\n<meta name=\"twitter:image\" content=\"https:\/\/www.organisator.ch\/wp-content\/uploads\/2023\/10\/Nachhaltigkeitspreis-HWZ_Bild1_ps.jpg\" \/>\n<script type=\"application\/ld+json\" class=\"yoast-schema-graph\">{\"@context\":\"https:\\\/\\\/schema.org\",\"@graph\":[{\"@type\":\"Article\",\"@id\":\"https:\\\/\\\/www.organisator.ch\\\/sustainability\\\/2023-10-10\\\/hwz-verleihung-des-nachhaltigkeitspreises\\\/#article\",\"isPartOf\":{\"@id\":\"https:\\\/\\\/www.organisator.ch\\\/sustainability\\\/2023-10-10\\\/hwz-verleihung-des-nachhaltigkeitspreises\\\/\"},\"author\":{\"name\":\"Adelisa Kalajdzini\",\"@id\":\"https:\\\/\\\/www.organisator.ch\\\/#\\\/schema\\\/person\\\/2e1314a2172123f874db408d8911d3f3\"},\"headline\":\"HWZ: Verleihung des Nachhaltigkeitspreises\",\"datePublished\":\"2023-10-10T08:39:13+00:00\",\"dateModified\":\"2023-10-10T09:41:10+00:00\",\"mainEntityOfPage\":{\"@id\":\"https:\\\/\\\/www.organisator.ch\\\/sustainability\\\/2023-10-10\\\/hwz-verleihung-des-nachhaltigkeitspreises\\\/\"},\"wordCount\":443,\"publisher\":{\"@id\":\"https:\\\/\\\/www.organisator.ch\\\/#organization\"},\"image\":{\"@id\":\"https:\\\/\\\/www.organisator.ch\\\/sustainability\\\/2023-10-10\\\/hwz-verleihung-des-nachhaltigkeitspreises\\\/#primaryimage\"},\"thumbnailUrl\":\"https:\\\/\\\/www.organisator.ch\\\/wp-content\\\/uploads\\\/2023\\\/10\\\/Nachhaltigkeitspreis-HWZ_Bild1_ps.jpg\",\"keywords\":[\"Aus-\\\/Weiterbildung\",\"Awards\",\"Nachhaltige Wirtschaft\"],\"articleSection\":[\"SUSTAINABILITY\"],\"inLanguage\":\"en-US\"},{\"@type\":\"WebPage\",\"@id\":\"https:\\\/\\\/www.organisator.ch\\\/sustainability\\\/2023-10-10\\\/hwz-verleihung-des-nachhaltigkeitspreises\\\/\",\"url\":\"https:\\\/\\\/www.organisator.ch\\\/sustainability\\\/2023-10-10\\\/hwz-verleihung-des-nachhaltigkeitspreises\\\/\",\"name\":\"HWZ: Verleihung des Nachhaltigkeitspreises - Organisator\",\"isPartOf\":{\"@id\":\"https:\\\/\\\/www.organisator.ch\\\/#website\"},\"primaryImageOfPage\":{\"@id\":\"https:\\\/\\\/www.organisator.ch\\\/sustainability\\\/2023-10-10\\\/hwz-verleihung-des-nachhaltigkeitspreises\\\/#primaryimage\"},\"image\":{\"@id\":\"https:\\\/\\\/www.organisator.ch\\\/sustainability\\\/2023-10-10\\\/hwz-verleihung-des-nachhaltigkeitspreises\\\/#primaryimage\"},\"thumbnailUrl\":\"https:\\\/\\\/www.organisator.ch\\\/wp-content\\\/uploads\\\/2023\\\/10\\\/Nachhaltigkeitspreis-HWZ_Bild1_ps.jpg\",\"datePublished\":\"2023-10-10T08:39:13+00:00\",\"dateModified\":\"2023-10-10T09:41:10+00:00\",\"description\":\"Medina Seferovic gewinnt dieses Jahr den UBS-Nachhaltigkeitspreis f\u00fcr herausragende Bachelorarbeiten der HWZ.\",\"breadcrumb\":{\"@id\":\"https:\\\/\\\/www.organisator.ch\\\/sustainability\\\/2023-10-10\\\/hwz-verleihung-des-nachhaltigkeitspreises\\\/#breadcrumb\"},\"inLanguage\":\"en-US\",\"potentialAction\":[{\"@type\":\"ReadAction\",\"target\":[\"https:\\\/\\\/www.organisator.ch\\\/sustainability\\\/2023-10-10\\\/hwz-verleihung-des-nachhaltigkeitspreises\\\/\"]}]},{\"@type\":\"ImageObject\",\"inLanguage\":\"en-US\",\"@id\":\"https:\\\/\\\/www.organisator.ch\\\/sustainability\\\/2023-10-10\\\/hwz-verleihung-des-nachhaltigkeitspreises\\\/#primaryimage\",\"url\":\"https:\\\/\\\/www.organisator.ch\\\/wp-content\\\/uploads\\\/2023\\\/10\\\/Nachhaltigkeitspreis-HWZ_Bild1_ps.jpg\",\"contentUrl\":\"https:\\\/\\\/www.organisator.ch\\\/wp-content\\\/uploads\\\/2023\\\/10\\\/Nachhaltigkeitspreis-HWZ_Bild1_ps.jpg\",\"width\":680,\"height\":453,\"caption\":\"v. l. n. r.: Andrea G\u00e4umann, Senior Beraterin bei der BHP \u2013 Brugger und Partner AG und Jurymitglied des Nachhaltigkeitspreises, Medina Seferovic, Absolventin Bachelor Betriebs\u00f6konomie HWZ und Preistr\u00e4gerin, und Prof. Matthias R\u00fcegg, Rektor HWZ. (Bild: Louis Rosenthal, www.fh-hwz.ch)\"},{\"@type\":\"BreadcrumbList\",\"@id\":\"https:\\\/\\\/www.organisator.ch\\\/sustainability\\\/2023-10-10\\\/hwz-verleihung-des-nachhaltigkeitspreises\\\/#breadcrumb\",\"itemListElement\":[{\"@type\":\"ListItem\",\"position\":1,\"name\":\"Home\",\"item\":\"https:\\\/\\\/www.organisator.ch\\\/\"},{\"@type\":\"ListItem\",\"position\":2,\"name\":\"HWZ: Verleihung des Nachhaltigkeitspreises\"}]},{\"@type\":\"WebSite\",\"@id\":\"https:\\\/\\\/www.organisator.ch\\\/#website\",\"url\":\"https:\\\/\\\/www.organisator.ch\\\/\",\"name\":\"Organisator\",\"description\":\"Kompetent. Praxisnah. Der ORGANISATOR bereitet in 10 Ausgaben pro Jahr die wesentlichen Themen f\u00fcr F\u00fchrungskr\u00e4fte von KMU auf.\",\"publisher\":{\"@id\":\"https:\\\/\\\/www.organisator.ch\\\/#organization\"},\"potentialAction\":[{\"@type\":\"SearchAction\",\"target\":{\"@type\":\"EntryPoint\",\"urlTemplate\":\"https:\\\/\\\/www.organisator.ch\\\/?s={search_term_string}\"},\"query-input\":{\"@type\":\"PropertyValueSpecification\",\"valueRequired\":true,\"valueName\":\"search_term_string\"}}],\"inLanguage\":\"en-US\"},{\"@type\":\"Organization\",\"@id\":\"https:\\\/\\\/www.organisator.ch\\\/#organization\",\"name\":\"Organisator\",\"url\":\"https:\\\/\\\/www.organisator.ch\\\/\",\"logo\":{\"@type\":\"ImageObject\",\"inLanguage\":\"en-US\",\"@id\":\"https:\\\/\\\/www.organisator.ch\\\/#\\\/schema\\\/logo\\\/image\\\/\",\"url\":\"https:\\\/\\\/www.organisator.ch\\\/wp-content\\\/uploads\\\/2022\\\/01\\\/Logo_Organisator_Website.png\",\"contentUrl\":\"https:\\\/\\\/www.organisator.ch\\\/wp-content\\\/uploads\\\/2022\\\/01\\\/Logo_Organisator_Website.png\",\"width\":800,\"height\":77,\"caption\":\"Organisator\"},\"image\":{\"@id\":\"https:\\\/\\\/www.organisator.ch\\\/#\\\/schema\\\/logo\\\/image\\\/\"},\"sameAs\":[\"https:\\\/\\\/www.facebook.com\\\/OrganisatorFachmagazin\",\"https:\\\/\\\/www.linkedin.com\\\/showcase\\\/organisator-das-magazin-fr-kmu\",\"https:\\\/\\\/www.xing.com\\\/news\\\/pages\\\/organisator-ch-695\",\"https:\\\/\\\/www.youtube.com\\\/channel\\\/UCGP2Sq0iWaZwT3BdIAQFYpw\"]},{\"@type\":\"Person\",\"@id\":\"https:\\\/\\\/www.organisator.ch\\\/#\\\/schema\\\/person\\\/2e1314a2172123f874db408d8911d3f3\",\"name\":\"Adelisa Kalajdzini\",\"image\":{\"@type\":\"ImageObject\",\"inLanguage\":\"en-US\",\"@id\":\"https:\\\/\\\/secure.gravatar.com\\\/avatar\\\/09a397c22ac58cad6f160ee8306348599df9df58a8ede73696226897b9fa4b24?s=96&d=mm&r=g\",\"url\":\"https:\\\/\\\/secure.gravatar.com\\\/avatar\\\/09a397c22ac58cad6f160ee8306348599df9df58a8ede73696226897b9fa4b24?s=96&d=mm&r=g\",\"contentUrl\":\"https:\\\/\\\/secure.gravatar.com\\\/avatar\\\/09a397c22ac58cad6f160ee8306348599df9df58a8ede73696226897b9fa4b24?s=96&d=mm&r=g\",\"caption\":\"Adelisa Kalajdzini\"},\"url\":\"https:\\\/\\\/www.organisator.ch\\\/en\\\/author\\\/adelisa-kalajdzini\\\/\"}]}<\/script>\n<!-- \/ Yoast SEO plugin. -->","yoast_head_json":{"title":"HWZ: Sustainability Award Ceremony - Organizer","description":"Medina Seferovic wins this year's UBS Sustainability Award for outstanding HWZ bachelor theses.","robots":{"index":"index","follow":"follow","max-snippet":"max-snippet:-1","max-image-preview":"max-image-preview:large","max-video-preview":"max-video-preview:-1"},"canonical":"https:\/\/www.organisator.ch\/en\/sustainability\/2023-10-10\/hwz-verleihung-des-nachhaltigkeitspreises\/","og_locale":"en_US","og_type":"article","og_title":"HWZ: Verleihung des Nachhaltigkeitspreises","og_description":"Medina Seferovic gewinnt dieses Jahr den UBS-Nachhaltigkeitspreis f\u00fcr herausragende Bachelorarbeiten der HWZ.","og_url":"https:\/\/www.organisator.ch\/en\/sustainability\/2023-10-10\/hwz-verleihung-des-nachhaltigkeitspreises\/","og_site_name":"Organisator","article_publisher":"https:\/\/www.facebook.com\/OrganisatorFachmagazin","article_published_time":"2023-10-10T08:39:13+00:00","article_modified_time":"2023-10-10T09:41:10+00:00","og_image":[{"width":680,"height":453,"url":"https:\/\/www.organisator.ch\/wp-content\/uploads\/2023\/10\/Nachhaltigkeitspreis-HWZ_Bild1_ps.jpg","type":"image\/jpeg"}],"author":"Adelisa Kalajdzini","twitter_card":"summary_large_image","twitter_title":"HWZ: Verleihung des #Nachhaltigkeitspreises","twitter_description":"Medina Seferovic gewinnt dieses Jahr den UBS-#Nachhaltigkeitspreis f\u00fcr herausragende #Bachelorarbeiten der HWZ.","twitter_image":"https:\/\/www.organisator.ch\/wp-content\/uploads\/2023\/10\/Nachhaltigkeitspreis-HWZ_Bild1_ps.jpg","schema":{"@context":"https:\/\/schema.org","@graph":[{"@type":"Article","@id":"https:\/\/www.organisator.ch\/sustainability\/2023-10-10\/hwz-verleihung-des-nachhaltigkeitspreises\/#article","isPartOf":{"@id":"https:\/\/www.organisator.ch\/sustainability\/2023-10-10\/hwz-verleihung-des-nachhaltigkeitspreises\/"},"author":{"name":"Adelisa Kalajdzini","@id":"https:\/\/www.organisator.ch\/#\/schema\/person\/2e1314a2172123f874db408d8911d3f3"},"headline":"HWZ: Verleihung des Nachhaltigkeitspreises","datePublished":"2023-10-10T08:39:13+00:00","dateModified":"2023-10-10T09:41:10+00:00","mainEntityOfPage":{"@id":"https:\/\/www.organisator.ch\/sustainability\/2023-10-10\/hwz-verleihung-des-nachhaltigkeitspreises\/"},"wordCount":443,"publisher":{"@id":"https:\/\/www.organisator.ch\/#organization"},"image":{"@id":"https:\/\/www.organisator.ch\/sustainability\/2023-10-10\/hwz-verleihung-des-nachhaltigkeitspreises\/#primaryimage"},"thumbnailUrl":"https:\/\/www.organisator.ch\/wp-content\/uploads\/2023\/10\/Nachhaltigkeitspreis-HWZ_Bild1_ps.jpg","keywords":["Aus-\/Weiterbildung","Awards","Nachhaltige Wirtschaft"],"articleSection":["SUSTAINABILITY"],"inLanguage":"en-US"},{"@type":"WebPage","@id":"https:\/\/www.organisator.ch\/sustainability\/2023-10-10\/hwz-verleihung-des-nachhaltigkeitspreises\/","url":"https:\/\/www.organisator.ch\/sustainability\/2023-10-10\/hwz-verleihung-des-nachhaltigkeitspreises\/","name":"HWZ: Sustainability Award Ceremony - Organizer","isPartOf":{"@id":"https:\/\/www.organisator.ch\/#website"},"primaryImageOfPage":{"@id":"https:\/\/www.organisator.ch\/sustainability\/2023-10-10\/hwz-verleihung-des-nachhaltigkeitspreises\/#primaryimage"},"image":{"@id":"https:\/\/www.organisator.ch\/sustainability\/2023-10-10\/hwz-verleihung-des-nachhaltigkeitspreises\/#primaryimage"},"thumbnailUrl":"https:\/\/www.organisator.ch\/wp-content\/uploads\/2023\/10\/Nachhaltigkeitspreis-HWZ_Bild1_ps.jpg","datePublished":"2023-10-10T08:39:13+00:00","dateModified":"2023-10-10T09:41:10+00:00","description":"Medina Seferovic wins this year's UBS Sustainability Award for outstanding HWZ bachelor theses.","breadcrumb":{"@id":"https:\/\/www.organisator.ch\/sustainability\/2023-10-10\/hwz-verleihung-des-nachhaltigkeitspreises\/#breadcrumb"},"inLanguage":"en-US","potentialAction":[{"@type":"ReadAction","target":["https:\/\/www.organisator.ch\/sustainability\/2023-10-10\/hwz-verleihung-des-nachhaltigkeitspreises\/"]}]},{"@type":"ImageObject","inLanguage":"en-US","@id":"https:\/\/www.organisator.ch\/sustainability\/2023-10-10\/hwz-verleihung-des-nachhaltigkeitspreises\/#primaryimage","url":"https:\/\/www.organisator.ch\/wp-content\/uploads\/2023\/10\/Nachhaltigkeitspreis-HWZ_Bild1_ps.jpg","contentUrl":"https:\/\/www.organisator.ch\/wp-content\/uploads\/2023\/10\/Nachhaltigkeitspreis-HWZ_Bild1_ps.jpg","width":680,"height":453,"caption":"v. l. n. r.: Andrea G\u00e4umann, Senior Beraterin bei der BHP \u2013 Brugger und Partner AG und Jurymitglied des Nachhaltigkeitspreises, Medina Seferovic, Absolventin Bachelor Betriebs\u00f6konomie HWZ und Preistr\u00e4gerin, und Prof. Matthias R\u00fcegg, Rektor HWZ. (Bild: Louis Rosenthal, www.fh-hwz.ch)"},{"@type":"BreadcrumbList","@id":"https:\/\/www.organisator.ch\/sustainability\/2023-10-10\/hwz-verleihung-des-nachhaltigkeitspreises\/#breadcrumb","itemListElement":[{"@type":"ListItem","position":1,"name":"Home","item":"https:\/\/www.organisator.ch\/"},{"@type":"ListItem","position":2,"name":"HWZ: Verleihung des Nachhaltigkeitspreises"}]},{"@type":"WebSite","@id":"https:\/\/www.organisator.ch\/#website","url":"https:\/\/www.organisator.ch\/","name":"Organizer","description":"Competent. Practical. In 10 issues per year, ORGANISATOR presents the essential topics for managers of SMEs.","publisher":{"@id":"https:\/\/www.organisator.ch\/#organization"},"potentialAction":[{"@type":"SearchAction","target":{"@type":"EntryPoint","urlTemplate":"https:\/\/www.organisator.ch\/?s={search_term_string}"},"query-input":{"@type":"PropertyValueSpecification","valueRequired":true,"valueName":"search_term_string"}}],"inLanguage":"en-US"},{"@type":"Organization","@id":"https:\/\/www.organisator.ch\/#organization","name":"Organizer","url":"https:\/\/www.organisator.ch\/","logo":{"@type":"ImageObject","inLanguage":"en-US","@id":"https:\/\/www.organisator.ch\/#\/schema\/logo\/image\/","url":"https:\/\/www.organisator.ch\/wp-content\/uploads\/2022\/01\/Logo_Organisator_Website.png","contentUrl":"https:\/\/www.organisator.ch\/wp-content\/uploads\/2022\/01\/Logo_Organisator_Website.png","width":800,"height":77,"caption":"Organisator"},"image":{"@id":"https:\/\/www.organisator.ch\/#\/schema\/logo\/image\/"},"sameAs":["https:\/\/www.facebook.com\/OrganisatorFachmagazin","https:\/\/www.linkedin.com\/showcase\/organisator-das-magazin-fr-kmu","https:\/\/www.xing.com\/news\/pages\/organisator-ch-695","https:\/\/www.youtube.com\/channel\/UCGP2Sq0iWaZwT3BdIAQFYpw"]},{"@type":"Person","@id":"https:\/\/www.organisator.ch\/#\/schema\/person\/2e1314a2172123f874db408d8911d3f3","name":"Adelisa Kalajdzini","image":{"@type":"ImageObject","inLanguage":"en-US","@id":"https:\/\/secure.gravatar.com\/avatar\/09a397c22ac58cad6f160ee8306348599df9df58a8ede73696226897b9fa4b24?s=96&d=mm&r=g","url":"https:\/\/secure.gravatar.com\/avatar\/09a397c22ac58cad6f160ee8306348599df9df58a8ede73696226897b9fa4b24?s=96&d=mm&r=g","contentUrl":"https:\/\/secure.gravatar.com\/avatar\/09a397c22ac58cad6f160ee8306348599df9df58a8ede73696226897b9fa4b24?s=96&d=mm&r=g","caption":"Adelisa Kalajdzini"},"url":"https:\/\/www.organisator.ch\/en\/author\/adelisa-kalajdzini\/"}]}},"_links":{"self":[{"href":"https:\/\/www.organisator.ch\/en\/wp-json\/wp\/v2\/posts\/22218","targetHints":{"allow":["GET"]}}],"collection":[{"href":"https:\/\/www.organisator.ch\/en\/wp-json\/wp\/v2\/posts"}],"about":[{"href":"https:\/\/www.organisator.ch\/en\/wp-json\/wp\/v2\/types\/post"}],"author":[{"embeddable":true,"href":"https:\/\/www.organisator.ch\/en\/wp-json\/wp\/v2\/users\/58"}],"replies":[{"embeddable":true,"href":"https:\/\/www.organisator.ch\/en\/wp-json\/wp\/v2\/comments?post=22218"}],"version-history":[{"count":12,"href":"https:\/\/www.organisator.ch\/en\/wp-json\/wp\/v2\/posts\/22218\/revisions"}],"predecessor-version":[{"id":22234,"href":"https:\/\/www.organisator.ch\/en\/wp-json\/wp\/v2\/posts\/22218\/revisions\/22234"}],"wp:featuredmedia":[{"embeddable":true,"href":"https:\/\/www.organisator.ch\/en\/wp-json\/wp\/v2\/media\/22219"}],"wp:attachment":[{"href":"https:\/\/www.organisator.ch\/en\/wp-json\/wp\/v2\/media?parent=22218"}],"wp:term":[{"taxonomy":"category","embeddable":true,"href":"https:\/\/www.organisator.ch\/en\/wp-json\/wp\/v2\/categories?post=22218"},{"taxonomy":"post_tag","embeddable":true,"href":"https:\/\/www.organisator.ch\/en\/wp-json\/wp\/v2\/tags?post=22218"}],"curies":[{"name":"wp","href":"https:\/\/api.w.org\/{rel}","templated":true}]}}