{"id":22337,"date":"2023-10-13T06:46:24","date_gmt":"2023-10-13T04:46:24","guid":{"rendered":"https:\/\/www.m-q.ch\/?p=18723"},"modified":"2024-11-13T14:34:56","modified_gmt":"2024-11-13T13:34:56","slug":"swiss-cyber-storm-conference-2023-die-rolle-der-menschen-im-fokus","status":"publish","type":"post","link":"https:\/\/www.organisator.ch\/en\/operational-excellence\/2023-10-13\/swiss-cyber-storm-conference-2023-die-rolle-der-menschen-im-fokus\/","title":{"rendered":"Swiss Cyber Storm Conference 2023: Focus on the role of people"},"content":{"rendered":"<figure id=\"attachment_18726\" class=\"wp-caption alignnone\" style=\"width: 680px\" aria-describedby=\"caption-attachment-18726\"><img class=\"alignnone wp-image-18726 size-full\" src=\"https:\/\/www.m-q.ch\/wp-content\/uploads\/2023\/10\/Swiss-Cyber-Storm_Bild2_ps.jpg\" alt=\"Swiss Cyber Storm\" width=\"680\" height=\"453\" \/>\r\n<figcaption id=\"caption-attachment-18726\" class=\"wp-caption-text\">This year's Swiss Cyber Storm conference theme, \"The Human Factor,\" underscores the central role of people in the fabric of IT security. (Image: www.swisscyberstorm.com)<\/figcaption>\r\n<\/figure>\r\n<p>On October 24, 2023, the 10th edition of Swiss Cyber Storm will take place at the Kursaal Bern. During this time, the event has established itself as the IT security conference in Switzerland. This year again, 24 national and international experts will be on stage to present the latest topics and trends in cybersecurity and discuss them with the audience.\u00a0<\/p>\r\n<p>This year's motto \"The Human Factor\" underscores the central role of people in the fabric of IT security. Are people the weakest link in the security chain, as is often claimed? Can user training improve enterprise security? How can companies create awareness of threats without everything coming to a standstill afterwards? Is increased security awareness desirable or rather sand in the gears? What would IT systems need to look like to be \"secure by default\"? These questions are the focus of the event.<\/p>\r\n<p>The discussion will\u00a0<strong>Eva Galperin <\/strong>open<strong>, <\/strong>Director of Cybersecurity at the Electronic Frontier Foundation (EFF), with the Opening Keynote. Galperin graduated from SFSU with degrees in political science and international relations. For several years, she has worked on the digital privacy and security needs of victims of domestic violence. She is also a co-founder of the Coalition Against Stalkerware.<\/p>\r\n<h3><strong>Some more speakers and talks on \"The Human Factor\":<\/strong><\/h3>\r\n<ul>\r\n\t<li>Christina Lekati, Senior Social Engineering Trainer &amp; Consultant, Cyber Risk: \"Social Engineering: Targeting Key Individuals, Profiling, and Weaponizing Psychology.\"<\/li>\r\n\t<li>Joseph Da Silva, CISO, RS Group: \"Teacher, Enforcer, Soothsayer, Scapegoat: the Life of the CISO.\"<\/li>\r\n\t<li>Christine Bejerasco, CISO, WithSecure: \"Secure-by-Design: How do You Design with a Security Mindset for the User?\"<\/li>\r\n<\/ul>\r\n<h3><strong>A selection of speakers and talks on other security topics:<\/strong><\/h3>\r\n<ul>\r\n\t<li>Stefan L\u00fcders, Computer Security Officer, European Organization for Particle Physics (CERN): \"Help! I Have Data Center Nightmares\"<\/li>\r\n\t<li>Alexandra Arni, Executive Director, Swiss FS-CSC Association: \"Cyber Resilience on the Swiss Financial Center - the Swiss FS-CSC\".<\/li>\r\n\t<li>Stefan Soesanto, Senior Researcher, CSS, ETH Zurich: \"Making Sense of Data Dumps and Data Leaks in Times of War and Peace\".<\/li>\r\n<\/ul>\r\n<p>The closing keynote, titled \"The Human OS: Can't Tech This,\" will be delivered by Yanya Viskovich, Senior Manager Security Consulting at Accenture.<\/p>\r\n<p>Speakers in the main program will include: Omer Akgul, Sheila A. Berta, Tim Blazytko, Edzo Botjes, Edwin Foudil, David Jacoby, Rapha\u00ebl Schaffo, Joe Slowik, Mauro Verderosa.<\/p>\r\n<p>Also besides the program, during the coffee breaks or the lunch break, the Swiss Cyber Storm 2023 offers ample opportunity for social exchange and discussion with the speakers.<\/p>\r\n<p><em>Source: <a href=\"https:\/\/www.swisscyberstorm.com\/\">www.swisscyberstorm.com<\/a><\/em><\/p>\n<p class=\"syndicated-attribution\">This article originally appeared on m-q.ch - <a href=\"https:\/\/www.m-q.ch\/de\/swiss-cyber-storm-conference-2023-die-rolle-der-menschen-im-fokus\/\" target=\"_blank\">https:\/\/www.m-q.ch\/de\/swiss-cyber-storm-conference-2023-die-rolle-der-menschen-im-fokus\/<\/a><\/p>","protected":false},"excerpt":{"rendered":"<p>On October 24, 2023, the anniversary edition of Swiss Cyber Storm, the Swiss conference for IT security, will take place in Bern. This year, too, a large number of national and<br \/>\ninternational experts on stage.<\/p>","protected":false},"author":58,"featured_media":0,"comment_status":"closed","ping_status":"closed","sticky":false,"template":"","format":"standard","meta":{"_acf_changed":false,"_yoast_wpseo_focuskw":"Swiss Cyber Storm","_yoast_wpseo_metadesc":"Swiss Cyber Storm 2024: Die IT-Security-Konferenz in Bern mit dem Fokus auf den Menschen in der Cybersicherheit.","articlekey":"","footnotes":""},"categories":[582],"tags":[],"class_list":["post-22337","post","type-post","status-publish","format-standard","hentry","category-operational-excellence"],"acf":[],"yoast_head":"<!-- This site is optimized with the Yoast SEO plugin v27.5 - https:\/\/yoast.com\/product\/yoast-seo-wordpress\/ -->\n<title>Swiss Cyber Storm Conference 2023: Die Rolle der Menschen im Fokus - Organisator<\/title>\n<meta name=\"description\" content=\"Swiss Cyber Storm 2024: Die IT-Security-Konferenz in Bern mit dem Fokus auf den Menschen in der Cybersicherheit.\" \/>\n<meta name=\"robots\" content=\"index, follow, max-snippet:-1, max-image-preview:large, max-video-preview:-1\" \/>\n<link rel=\"canonical\" href=\"https:\/\/www.organisator.ch\/en\/operational-excellence\/2023-10-13\/swiss-cyber-storm-conference-2023-die-rolle-der-menschen-im-fokus\/\" \/>\n<meta property=\"og:locale\" content=\"en_US\" \/>\n<meta property=\"og:type\" content=\"article\" \/>\n<meta property=\"og:title\" content=\"Swiss Cyber Storm Conference 2023: Die Rolle der Menschen im Fokus - Organisator\" \/>\n<meta property=\"og:description\" content=\"Swiss Cyber Storm 2024: Die IT-Security-Konferenz in Bern mit dem Fokus auf den Menschen in der Cybersicherheit.\" \/>\n<meta property=\"og:url\" content=\"https:\/\/www.organisator.ch\/en\/operational-excellence\/2023-10-13\/swiss-cyber-storm-conference-2023-die-rolle-der-menschen-im-fokus\/\" \/>\n<meta property=\"og:site_name\" content=\"Organisator\" \/>\n<meta property=\"article:publisher\" content=\"https:\/\/www.facebook.com\/OrganisatorFachmagazin\" \/>\n<meta property=\"article:published_time\" content=\"2023-10-13T04:46:24+00:00\" \/>\n<meta property=\"article:modified_time\" content=\"2024-11-13T13:34:56+00:00\" \/>\n<meta name=\"author\" content=\"Adelisa Kalajdzini\" \/>\n<meta name=\"twitter:card\" content=\"summary_large_image\" \/>\n<script type=\"application\/ld+json\" class=\"yoast-schema-graph\">{\"@context\":\"https:\\\/\\\/schema.org\",\"@graph\":[{\"@type\":\"Article\",\"@id\":\"https:\\\/\\\/www.organisator.ch\\\/operational-excellence\\\/2023-10-13\\\/swiss-cyber-storm-conference-2023-die-rolle-der-menschen-im-fokus\\\/#article\",\"isPartOf\":{\"@id\":\"https:\\\/\\\/www.organisator.ch\\\/operational-excellence\\\/2023-10-13\\\/swiss-cyber-storm-conference-2023-die-rolle-der-menschen-im-fokus\\\/\"},\"author\":{\"name\":\"Adelisa Kalajdzini\",\"@id\":\"https:\\\/\\\/www.organisator.ch\\\/#\\\/schema\\\/person\\\/2e1314a2172123f874db408d8911d3f3\"},\"headline\":\"Swiss Cyber Storm Conference 2023: Die Rolle der Menschen im Fokus\",\"datePublished\":\"2023-10-13T04:46:24+00:00\",\"dateModified\":\"2024-11-13T13:34:56+00:00\",\"mainEntityOfPage\":{\"@id\":\"https:\\\/\\\/www.organisator.ch\\\/operational-excellence\\\/2023-10-13\\\/swiss-cyber-storm-conference-2023-die-rolle-der-menschen-im-fokus\\\/\"},\"wordCount\":451,\"publisher\":{\"@id\":\"https:\\\/\\\/www.organisator.ch\\\/#organization\"},\"image\":{\"@id\":\"https:\\\/\\\/www.organisator.ch\\\/operational-excellence\\\/2023-10-13\\\/swiss-cyber-storm-conference-2023-die-rolle-der-menschen-im-fokus\\\/#primaryimage\"},\"thumbnailUrl\":\"https:\\\/\\\/www.m-q.ch\\\/wp-content\\\/uploads\\\/2023\\\/10\\\/Swiss-Cyber-Storm_Bild2_ps.jpg\",\"articleSection\":[\"OPERATIONAL EXCELLENCE\"],\"inLanguage\":\"en-US\"},{\"@type\":\"WebPage\",\"@id\":\"https:\\\/\\\/www.organisator.ch\\\/operational-excellence\\\/2023-10-13\\\/swiss-cyber-storm-conference-2023-die-rolle-der-menschen-im-fokus\\\/\",\"url\":\"https:\\\/\\\/www.organisator.ch\\\/operational-excellence\\\/2023-10-13\\\/swiss-cyber-storm-conference-2023-die-rolle-der-menschen-im-fokus\\\/\",\"name\":\"Swiss Cyber Storm Conference 2023: Die Rolle der Menschen im Fokus - Organisator\",\"isPartOf\":{\"@id\":\"https:\\\/\\\/www.organisator.ch\\\/#website\"},\"primaryImageOfPage\":{\"@id\":\"https:\\\/\\\/www.organisator.ch\\\/operational-excellence\\\/2023-10-13\\\/swiss-cyber-storm-conference-2023-die-rolle-der-menschen-im-fokus\\\/#primaryimage\"},\"image\":{\"@id\":\"https:\\\/\\\/www.organisator.ch\\\/operational-excellence\\\/2023-10-13\\\/swiss-cyber-storm-conference-2023-die-rolle-der-menschen-im-fokus\\\/#primaryimage\"},\"thumbnailUrl\":\"https:\\\/\\\/www.m-q.ch\\\/wp-content\\\/uploads\\\/2023\\\/10\\\/Swiss-Cyber-Storm_Bild2_ps.jpg\",\"datePublished\":\"2023-10-13T04:46:24+00:00\",\"dateModified\":\"2024-11-13T13:34:56+00:00\",\"description\":\"Swiss Cyber Storm 2024: Die IT-Security-Konferenz in Bern mit dem Fokus auf den Menschen in der Cybersicherheit.\",\"breadcrumb\":{\"@id\":\"https:\\\/\\\/www.organisator.ch\\\/operational-excellence\\\/2023-10-13\\\/swiss-cyber-storm-conference-2023-die-rolle-der-menschen-im-fokus\\\/#breadcrumb\"},\"inLanguage\":\"en-US\",\"potentialAction\":[{\"@type\":\"ReadAction\",\"target\":[\"https:\\\/\\\/www.organisator.ch\\\/operational-excellence\\\/2023-10-13\\\/swiss-cyber-storm-conference-2023-die-rolle-der-menschen-im-fokus\\\/\"]}]},{\"@type\":\"ImageObject\",\"inLanguage\":\"en-US\",\"@id\":\"https:\\\/\\\/www.organisator.ch\\\/operational-excellence\\\/2023-10-13\\\/swiss-cyber-storm-conference-2023-die-rolle-der-menschen-im-fokus\\\/#primaryimage\",\"url\":\"https:\\\/\\\/www.m-q.ch\\\/wp-content\\\/uploads\\\/2023\\\/10\\\/Swiss-Cyber-Storm_Bild2_ps.jpg\",\"contentUrl\":\"https:\\\/\\\/www.m-q.ch\\\/wp-content\\\/uploads\\\/2023\\\/10\\\/Swiss-Cyber-Storm_Bild2_ps.jpg\"},{\"@type\":\"BreadcrumbList\",\"@id\":\"https:\\\/\\\/www.organisator.ch\\\/operational-excellence\\\/2023-10-13\\\/swiss-cyber-storm-conference-2023-die-rolle-der-menschen-im-fokus\\\/#breadcrumb\",\"itemListElement\":[{\"@type\":\"ListItem\",\"position\":1,\"name\":\"Home\",\"item\":\"https:\\\/\\\/www.organisator.ch\\\/\"},{\"@type\":\"ListItem\",\"position\":2,\"name\":\"Swiss Cyber Storm Conference 2023: Die Rolle der Menschen im Fokus\"}]},{\"@type\":\"WebSite\",\"@id\":\"https:\\\/\\\/www.organisator.ch\\\/#website\",\"url\":\"https:\\\/\\\/www.organisator.ch\\\/\",\"name\":\"Organisator\",\"description\":\"Kompetent. Praxisnah. Der ORGANISATOR bereitet in 10 Ausgaben pro Jahr die wesentlichen Themen f\u00fcr F\u00fchrungskr\u00e4fte von KMU auf.\",\"publisher\":{\"@id\":\"https:\\\/\\\/www.organisator.ch\\\/#organization\"},\"potentialAction\":[{\"@type\":\"SearchAction\",\"target\":{\"@type\":\"EntryPoint\",\"urlTemplate\":\"https:\\\/\\\/www.organisator.ch\\\/?s={search_term_string}\"},\"query-input\":{\"@type\":\"PropertyValueSpecification\",\"valueRequired\":true,\"valueName\":\"search_term_string\"}}],\"inLanguage\":\"en-US\"},{\"@type\":\"Organization\",\"@id\":\"https:\\\/\\\/www.organisator.ch\\\/#organization\",\"name\":\"Organisator\",\"url\":\"https:\\\/\\\/www.organisator.ch\\\/\",\"logo\":{\"@type\":\"ImageObject\",\"inLanguage\":\"en-US\",\"@id\":\"https:\\\/\\\/www.organisator.ch\\\/#\\\/schema\\\/logo\\\/image\\\/\",\"url\":\"https:\\\/\\\/www.organisator.ch\\\/wp-content\\\/uploads\\\/2022\\\/01\\\/Logo_Organisator_Website.png\",\"contentUrl\":\"https:\\\/\\\/www.organisator.ch\\\/wp-content\\\/uploads\\\/2022\\\/01\\\/Logo_Organisator_Website.png\",\"width\":800,\"height\":77,\"caption\":\"Organisator\"},\"image\":{\"@id\":\"https:\\\/\\\/www.organisator.ch\\\/#\\\/schema\\\/logo\\\/image\\\/\"},\"sameAs\":[\"https:\\\/\\\/www.facebook.com\\\/OrganisatorFachmagazin\",\"https:\\\/\\\/www.linkedin.com\\\/showcase\\\/organisator-das-magazin-fr-kmu\",\"https:\\\/\\\/www.xing.com\\\/news\\\/pages\\\/organisator-ch-695\",\"https:\\\/\\\/www.youtube.com\\\/channel\\\/UCGP2Sq0iWaZwT3BdIAQFYpw\"]},{\"@type\":\"Person\",\"@id\":\"https:\\\/\\\/www.organisator.ch\\\/#\\\/schema\\\/person\\\/2e1314a2172123f874db408d8911d3f3\",\"name\":\"Adelisa Kalajdzini\",\"image\":{\"@type\":\"ImageObject\",\"inLanguage\":\"en-US\",\"@id\":\"https:\\\/\\\/secure.gravatar.com\\\/avatar\\\/09a397c22ac58cad6f160ee8306348599df9df58a8ede73696226897b9fa4b24?s=96&d=mm&r=g\",\"url\":\"https:\\\/\\\/secure.gravatar.com\\\/avatar\\\/09a397c22ac58cad6f160ee8306348599df9df58a8ede73696226897b9fa4b24?s=96&d=mm&r=g\",\"contentUrl\":\"https:\\\/\\\/secure.gravatar.com\\\/avatar\\\/09a397c22ac58cad6f160ee8306348599df9df58a8ede73696226897b9fa4b24?s=96&d=mm&r=g\",\"caption\":\"Adelisa Kalajdzini\"},\"url\":\"https:\\\/\\\/www.organisator.ch\\\/en\\\/author\\\/adelisa-kalajdzini\\\/\"}]}<\/script>\n<!-- \/ Yoast SEO plugin. -->","yoast_head_json":{"title":"Swiss Cyber Storm Conference 2023: Focus on the role of people - Organizer","description":"Swiss Cyber Storm 2024: The IT security conference in Bern with a focus on people in cyber security.","robots":{"index":"index","follow":"follow","max-snippet":"max-snippet:-1","max-image-preview":"max-image-preview:large","max-video-preview":"max-video-preview:-1"},"canonical":"https:\/\/www.organisator.ch\/en\/operational-excellence\/2023-10-13\/swiss-cyber-storm-conference-2023-die-rolle-der-menschen-im-fokus\/","og_locale":"en_US","og_type":"article","og_title":"Swiss Cyber Storm Conference 2023: Die Rolle der Menschen im Fokus - Organisator","og_description":"Swiss Cyber Storm 2024: Die IT-Security-Konferenz in Bern mit dem Fokus auf den Menschen in der Cybersicherheit.","og_url":"https:\/\/www.organisator.ch\/en\/operational-excellence\/2023-10-13\/swiss-cyber-storm-conference-2023-die-rolle-der-menschen-im-fokus\/","og_site_name":"Organisator","article_publisher":"https:\/\/www.facebook.com\/OrganisatorFachmagazin","article_published_time":"2023-10-13T04:46:24+00:00","article_modified_time":"2024-11-13T13:34:56+00:00","author":"Adelisa Kalajdzini","twitter_card":"summary_large_image","schema":{"@context":"https:\/\/schema.org","@graph":[{"@type":"Article","@id":"https:\/\/www.organisator.ch\/operational-excellence\/2023-10-13\/swiss-cyber-storm-conference-2023-die-rolle-der-menschen-im-fokus\/#article","isPartOf":{"@id":"https:\/\/www.organisator.ch\/operational-excellence\/2023-10-13\/swiss-cyber-storm-conference-2023-die-rolle-der-menschen-im-fokus\/"},"author":{"name":"Adelisa Kalajdzini","@id":"https:\/\/www.organisator.ch\/#\/schema\/person\/2e1314a2172123f874db408d8911d3f3"},"headline":"Swiss Cyber Storm Conference 2023: Die Rolle der Menschen im Fokus","datePublished":"2023-10-13T04:46:24+00:00","dateModified":"2024-11-13T13:34:56+00:00","mainEntityOfPage":{"@id":"https:\/\/www.organisator.ch\/operational-excellence\/2023-10-13\/swiss-cyber-storm-conference-2023-die-rolle-der-menschen-im-fokus\/"},"wordCount":451,"publisher":{"@id":"https:\/\/www.organisator.ch\/#organization"},"image":{"@id":"https:\/\/www.organisator.ch\/operational-excellence\/2023-10-13\/swiss-cyber-storm-conference-2023-die-rolle-der-menschen-im-fokus\/#primaryimage"},"thumbnailUrl":"https:\/\/www.m-q.ch\/wp-content\/uploads\/2023\/10\/Swiss-Cyber-Storm_Bild2_ps.jpg","articleSection":["OPERATIONAL EXCELLENCE"],"inLanguage":"en-US"},{"@type":"WebPage","@id":"https:\/\/www.organisator.ch\/operational-excellence\/2023-10-13\/swiss-cyber-storm-conference-2023-die-rolle-der-menschen-im-fokus\/","url":"https:\/\/www.organisator.ch\/operational-excellence\/2023-10-13\/swiss-cyber-storm-conference-2023-die-rolle-der-menschen-im-fokus\/","name":"Swiss Cyber Storm Conference 2023: Focus on the role of people - Organizer","isPartOf":{"@id":"https:\/\/www.organisator.ch\/#website"},"primaryImageOfPage":{"@id":"https:\/\/www.organisator.ch\/operational-excellence\/2023-10-13\/swiss-cyber-storm-conference-2023-die-rolle-der-menschen-im-fokus\/#primaryimage"},"image":{"@id":"https:\/\/www.organisator.ch\/operational-excellence\/2023-10-13\/swiss-cyber-storm-conference-2023-die-rolle-der-menschen-im-fokus\/#primaryimage"},"thumbnailUrl":"https:\/\/www.m-q.ch\/wp-content\/uploads\/2023\/10\/Swiss-Cyber-Storm_Bild2_ps.jpg","datePublished":"2023-10-13T04:46:24+00:00","dateModified":"2024-11-13T13:34:56+00:00","description":"Swiss Cyber Storm 2024: The IT security conference in Bern with a focus on people in cyber security.","breadcrumb":{"@id":"https:\/\/www.organisator.ch\/operational-excellence\/2023-10-13\/swiss-cyber-storm-conference-2023-die-rolle-der-menschen-im-fokus\/#breadcrumb"},"inLanguage":"en-US","potentialAction":[{"@type":"ReadAction","target":["https:\/\/www.organisator.ch\/operational-excellence\/2023-10-13\/swiss-cyber-storm-conference-2023-die-rolle-der-menschen-im-fokus\/"]}]},{"@type":"ImageObject","inLanguage":"en-US","@id":"https:\/\/www.organisator.ch\/operational-excellence\/2023-10-13\/swiss-cyber-storm-conference-2023-die-rolle-der-menschen-im-fokus\/#primaryimage","url":"https:\/\/www.m-q.ch\/wp-content\/uploads\/2023\/10\/Swiss-Cyber-Storm_Bild2_ps.jpg","contentUrl":"https:\/\/www.m-q.ch\/wp-content\/uploads\/2023\/10\/Swiss-Cyber-Storm_Bild2_ps.jpg"},{"@type":"BreadcrumbList","@id":"https:\/\/www.organisator.ch\/operational-excellence\/2023-10-13\/swiss-cyber-storm-conference-2023-die-rolle-der-menschen-im-fokus\/#breadcrumb","itemListElement":[{"@type":"ListItem","position":1,"name":"Home","item":"https:\/\/www.organisator.ch\/"},{"@type":"ListItem","position":2,"name":"Swiss Cyber Storm Conference 2023: Die Rolle der Menschen im Fokus"}]},{"@type":"WebSite","@id":"https:\/\/www.organisator.ch\/#website","url":"https:\/\/www.organisator.ch\/","name":"Organizer","description":"Competent. Practical. In 10 issues per year, ORGANISATOR presents the essential topics for managers of SMEs.","publisher":{"@id":"https:\/\/www.organisator.ch\/#organization"},"potentialAction":[{"@type":"SearchAction","target":{"@type":"EntryPoint","urlTemplate":"https:\/\/www.organisator.ch\/?s={search_term_string}"},"query-input":{"@type":"PropertyValueSpecification","valueRequired":true,"valueName":"search_term_string"}}],"inLanguage":"en-US"},{"@type":"Organization","@id":"https:\/\/www.organisator.ch\/#organization","name":"Organizer","url":"https:\/\/www.organisator.ch\/","logo":{"@type":"ImageObject","inLanguage":"en-US","@id":"https:\/\/www.organisator.ch\/#\/schema\/logo\/image\/","url":"https:\/\/www.organisator.ch\/wp-content\/uploads\/2022\/01\/Logo_Organisator_Website.png","contentUrl":"https:\/\/www.organisator.ch\/wp-content\/uploads\/2022\/01\/Logo_Organisator_Website.png","width":800,"height":77,"caption":"Organisator"},"image":{"@id":"https:\/\/www.organisator.ch\/#\/schema\/logo\/image\/"},"sameAs":["https:\/\/www.facebook.com\/OrganisatorFachmagazin","https:\/\/www.linkedin.com\/showcase\/organisator-das-magazin-fr-kmu","https:\/\/www.xing.com\/news\/pages\/organisator-ch-695","https:\/\/www.youtube.com\/channel\/UCGP2Sq0iWaZwT3BdIAQFYpw"]},{"@type":"Person","@id":"https:\/\/www.organisator.ch\/#\/schema\/person\/2e1314a2172123f874db408d8911d3f3","name":"Adelisa Kalajdzini","image":{"@type":"ImageObject","inLanguage":"en-US","@id":"https:\/\/secure.gravatar.com\/avatar\/09a397c22ac58cad6f160ee8306348599df9df58a8ede73696226897b9fa4b24?s=96&d=mm&r=g","url":"https:\/\/secure.gravatar.com\/avatar\/09a397c22ac58cad6f160ee8306348599df9df58a8ede73696226897b9fa4b24?s=96&d=mm&r=g","contentUrl":"https:\/\/secure.gravatar.com\/avatar\/09a397c22ac58cad6f160ee8306348599df9df58a8ede73696226897b9fa4b24?s=96&d=mm&r=g","caption":"Adelisa Kalajdzini"},"url":"https:\/\/www.organisator.ch\/en\/author\/adelisa-kalajdzini\/"}]}},"_links":{"self":[{"href":"https:\/\/www.organisator.ch\/en\/wp-json\/wp\/v2\/posts\/22337","targetHints":{"allow":["GET"]}}],"collection":[{"href":"https:\/\/www.organisator.ch\/en\/wp-json\/wp\/v2\/posts"}],"about":[{"href":"https:\/\/www.organisator.ch\/en\/wp-json\/wp\/v2\/types\/post"}],"author":[{"embeddable":true,"href":"https:\/\/www.organisator.ch\/en\/wp-json\/wp\/v2\/users\/58"}],"replies":[{"embeddable":true,"href":"https:\/\/www.organisator.ch\/en\/wp-json\/wp\/v2\/comments?post=22337"}],"version-history":[{"count":4,"href":"https:\/\/www.organisator.ch\/en\/wp-json\/wp\/v2\/posts\/22337\/revisions"}],"predecessor-version":[{"id":32795,"href":"https:\/\/www.organisator.ch\/en\/wp-json\/wp\/v2\/posts\/22337\/revisions\/32795"}],"wp:attachment":[{"href":"https:\/\/www.organisator.ch\/en\/wp-json\/wp\/v2\/media?parent=22337"}],"wp:term":[{"taxonomy":"category","embeddable":true,"href":"https:\/\/www.organisator.ch\/en\/wp-json\/wp\/v2\/categories?post=22337"},{"taxonomy":"post_tag","embeddable":true,"href":"https:\/\/www.organisator.ch\/en\/wp-json\/wp\/v2\/tags?post=22337"}],"curies":[{"name":"wp","href":"https:\/\/api.w.org\/{rel}","templated":true}]}}